{"id":226293,"date":"2026-03-15T13:59:18","date_gmt":"2026-03-15T12:59:18","guid":{"rendered":"https:\/\/radioljubuski.ba\/?p=226293"},"modified":"2026-03-15T13:59:32","modified_gmt":"2026-03-15T12:59:32","slug":"rutinska-pobjeda-izvidaca-protiv-slobode","status":"publish","type":"post","link":"https:\/\/radioljubuski.ba\/index.php\/2026\/03\/15\/rutinska-pobjeda-izvidaca-protiv-slobode\/","title":{"rendered":"Rutinska pobjeda Izvi\u0111a\u010da protiv Slobode"},"content":{"rendered":"\n<p>Rukometa\u0161i Izvi\u0111a\u010d Agrama odigrali su rutinsku utakmicu i gotovo s pola snage savladali mladu mom\u010dad Slobode iz Tuzle rezultatom&nbsp;<strong>37:28<\/strong>.<\/p>\n\n\n\n<p>Stru\u010dni sto\u017eer \u201eSkauta\u201c, na \u010delu s&nbsp;<strong>Ivanom D\u017eoli\u0107em i Milanom Toli\u0107em<\/strong>, u ovoj je utakmici \u201cispremije\u0161ao karte\u201d te pru\u017eio priliku mla\u0111im snagama da budu nositelji igre, dok su im podr\u0161ku davali iskusniji suigra\u010di koji su odradili svojevrsni ja\u010di trening.<\/p>\n\n\n\n<p>Priliku su dobili vratar&nbsp;<strong>Marko \u010culjak<\/strong>, lijevo krilo&nbsp;<strong>Maro Boras<\/strong>, borbeni&nbsp;<strong>Milan Dedi\u0107<\/strong>&nbsp;te povratnik na poziciji desnog beka&nbsp;<strong>Edvin D\u017eelilovi\u0107<\/strong>. U rosteru su bili i&nbsp;<strong>Patrik Dodig<\/strong>&nbsp;te&nbsp;<strong>Kristijan Kati\u0107<\/strong>.<\/p>\n\n\n\n<h2 class=\"wp-block-heading\">Rano vodstvo Skauta<\/h2>\n\n\n\n<p>Ve\u0107 prvih deset minuta utakmice pokazalo je kako \u0107e se susret razvijati. \u201eSkauti\u201c su u tom razdoblju postigli&nbsp;<strong>\u0161est<\/strong>, a gosti tek&nbsp;<strong>jedan pogodak<\/strong>.<\/p>\n\n\n\n<p>Ne\u0161to ve\u0107i otpor Tuzlaci su pru\u017eili u nastavku prvog poluvremena kada su uspijevali dr\u017eati zaostatak na \u010detiri do pet pogodaka. Izvi\u0111a\u010d u&nbsp;<strong>20. minuti<\/strong>&nbsp;odlazi na \u0161est pogodaka prednosti, a u&nbsp;<strong>26. minuti<\/strong>&nbsp;prednost raste na sedam golova (<strong>16:9<\/strong>). Na odmor se oti\u0161lo s rezultatom&nbsp;<strong>18:13<\/strong>.<\/p>\n\n\n\n<h2 class=\"wp-block-heading\">Odgovor gostiju pa nova serija Izvi\u0111a\u010da<\/h2>\n\n\n\n<p>U drugom poluvremenu gosti su nakratko zaprijetili. U&nbsp;<strong>38. minuti<\/strong>&nbsp;pribli\u017eili su se na samo tri pogotka zaostatka (<strong>22:19<\/strong>), \u0161to je bio signal \u201eSkautima\u201c da dodatno podignu razinu igre.<\/p>\n\n\n\n<p>U razdoblju od&nbsp;<strong>40. do 49. minute<\/strong>&nbsp;Izvi\u0111a\u010d posti\u017ee&nbsp;<strong>8<\/strong>, a prima samo&nbsp;<strong>2 pogotka<\/strong>, \u010dime razlika raste na devet golova. Do kraja susreta doma\u0107i su mirno priveli utakmicu kraju.<\/p>\n\n\n\n<p>Kona\u010dni rezultat glasio je&nbsp;<strong>37:28<\/strong>. Ovom pobjedom Izvi\u0111a\u010d je stigao do&nbsp;<strong>11. uzastopne pobjede<\/strong>&nbsp;i u\u010dvrstio vode\u0107u poziciju na ljestvici Premijer lige BiH.<\/p>\n\n\n\n<h2 class=\"wp-block-heading\">Strijelci Izvi\u0111a\u010da<\/h2>\n\n\n\n<ul class=\"wp-block-list\">\n<li><strong>Kerim Semi\u0107 \u2013 5<\/strong><\/li>\n\n\n\n<li><strong>Mihael Bebek \u2013 5<\/strong><\/li>\n\n\n\n<li>Kristijan Kati\u0107 \u2013 4<\/li>\n\n\n\n<li>Mile Lasi\u0107 \u2013 4<\/li>\n\n\n\n<li>Maro Boras \u2013 4<\/li>\n\n\n\n<li>Amer \u0160ahinovi\u0107 \u2013 4<\/li>\n\n\n\n<li>Zvonimir Lukenda \u2013 2<\/li>\n\n\n\n<li>Milan Dedi\u0107 \u2013 2<\/li>\n\n\n\n<li>Edvin D\u017eelilovi\u0107 \u2013 2<\/li>\n\n\n\n<li>Luka Bubalo \u2013 2<\/li>\n\n\n\n<li>Danije Stijovi\u0107 \u2013 2<\/li>\n<\/ul>\n\n\n\n<h2 class=\"wp-block-heading\">\ud83c\udfc6 MVP utakmice<\/h2>\n\n\n\n<p><strong>Marko \u010culjak<\/strong><\/p>\n\n\n\n<p>16 obrana (2 obranjena sedmerca)<\/p>\n\n\n\n<h2 class=\"wp-block-heading\">Najbolji kod Slobode<\/h2>\n\n\n\n<ul class=\"wp-block-list\">\n<li><strong>Armin Buli\u0107 \u2013 13<\/strong><\/li>\n\n\n\n<li>Emil Tulumovi\u0107 \u2013 4<\/li>\n\n\n\n<li>Zlatan Kosti\u0107 \u2013 3<\/li>\n\n\n\n<li>Adriano \u0106ori\u0107 \u2013 2<\/li>\n\n\n\n<li>Maid \u010colo \u2013 2<\/li>\n<\/ul>\n\n\n\n<h2 class=\"wp-block-heading\">Slijedi europski izazov<\/h2>\n\n\n\n<p>Nakon ove utakmice \u201eSkauti\u201c sve svoje napore usmjeravaju prema&nbsp;<strong>EHF European Cupu<\/strong>.<\/p>\n\n\n\n<p>U&nbsp;<strong>nedjelju, 29.03.2026. u 18:00<\/strong>, u&nbsp;<strong>Gradskoj \u0161portskoj dvorani u Ljubu\u0161kom<\/strong>, Izvi\u0111a\u010d igra&nbsp;<strong>prvu utakmicu \u010detvrtfinala<\/strong>&nbsp;protiv \u010de\u0161ke mom\u010dadi&nbsp;<strong>HCB Karvina<\/strong>. Uzvrat je tjedan dana kasnije u \u010ce\u0161koj.<\/p>\n\n\n\n<p>Izvor: izvidjac.com<\/p>\n","protected":false},"excerpt":{"rendered":"<p>Rukometa\u0161i Izvi\u0111a\u010d Agrama odigrali su rutinsku utakmicu i gotovo s pola snage savladali mladu mom\u010dad Slobode iz Tuzle rezultatom&nbsp;37:28. Stru\u010dni sto\u017eer \u201eSkauta\u201c, na \u010delu s&nbsp;Ivanom D\u017eoli\u0107em i Milanom Toli\u0107em, u ovoj je utakmici \u201cispremije\u0161ao karte\u201d te pru\u017eio priliku mla\u0111im snagama da budu nositelji igre, dok su im podr\u0161ku davali iskusniji suigra\u010di koji su odradili svojevrsni [&hellip;]<\/p>\n","protected":false},"author":2,"featured_media":226294,"comment_status":"closed","ping_status":"closed","sticky":false,"template":"","format":"standard","meta":{"h5ap_radio_sources":[],"footnotes":""},"categories":[7],"tags":[],"class_list":["post-226293","post","type-post","status-publish","format-standard","has-post-thumbnail","hentry","category-sport"],"yoast_head":"<!-- This site is optimized with the Yoast SEO plugin v27.5 - https:\/\/yoast.com\/product\/yoast-seo-wordpress\/ -->\n<title>Rutinska pobjeda Izvi\u0111a\u010da protiv Slobode - RADIO LJUBU\u0160KI<\/title>\n<meta name=\"robots\" content=\"index, follow, max-snippet:-1, max-image-preview:large, max-video-preview:-1\" \/>\n<link rel=\"canonical\" href=\"https:\/\/radioljubuski.ba\/index.php\/2026\/03\/15\/rutinska-pobjeda-izvidaca-protiv-slobode\/\" \/>\n<meta property=\"og:locale\" content=\"hr_HR\" \/>\n<meta property=\"og:type\" content=\"article\" \/>\n<meta property=\"og:title\" content=\"Rutinska pobjeda Izvi\u0111a\u010da protiv Slobode - RADIO LJUBU\u0160KI\" \/>\n<meta property=\"og:description\" content=\"Rukometa\u0161i Izvi\u0111a\u010d Agrama odigrali su rutinsku utakmicu i gotovo s pola snage savladali mladu mom\u010dad Slobode iz Tuzle rezultatom&nbsp;37:28. Stru\u010dni sto\u017eer \u201eSkauta\u201c, na \u010delu s&nbsp;Ivanom D\u017eoli\u0107em i Milanom Toli\u0107em, u ovoj je utakmici \u201cispremije\u0161ao karte\u201d te pru\u017eio priliku mla\u0111im snagama da budu nositelji igre, dok su im podr\u0161ku davali iskusniji suigra\u010di koji su odradili svojevrsni [&hellip;]\" \/>\n<meta property=\"og:url\" content=\"https:\/\/radioljubuski.ba\/index.php\/2026\/03\/15\/rutinska-pobjeda-izvidaca-protiv-slobode\/\" \/>\n<meta property=\"og:site_name\" content=\"RADIO LJUBU\u0160KI\" \/>\n<meta property=\"article:publisher\" content=\"https:\/\/www.facebook.com\/Radiio-Ljubuski-1490835324566332\" \/>\n<meta property=\"article:published_time\" content=\"2026-03-15T12:59:18+00:00\" \/>\n<meta property=\"article:modified_time\" content=\"2026-03-15T12:59:32+00:00\" \/>\n<meta property=\"og:image\" content=\"https:\/\/radioljubuski.ba\/wp-content\/uploads\/2026\/03\/embeded-DJI_7832-embed-1024x561-1.jpg\" \/>\n\t<meta property=\"og:image:width\" content=\"1024\" \/>\n\t<meta property=\"og:image:height\" content=\"561\" \/>\n\t<meta property=\"og:image:type\" content=\"image\/jpeg\" \/>\n<meta name=\"author\" content=\"Radio Ljubu\u0161ki\" \/>\n<meta name=\"twitter:card\" content=\"summary_large_image\" \/>\n<meta name=\"twitter:creator\" content=\"@radioljubuski\" \/>\n<meta name=\"twitter:site\" content=\"@radioljubuski\" \/>\n<meta name=\"twitter:label1\" content=\"Napisao\/la\" \/>\n\t<meta name=\"twitter:data1\" content=\"Radio Ljubu\u0161ki\" \/>\n\t<meta name=\"twitter:label2\" content=\"Procijenjeno vrijeme \u010ditanja\" \/>\n\t<meta name=\"twitter:data2\" content=\"3 minute\" \/>\n<script type=\"application\/ld+json\" class=\"yoast-schema-graph\">{\"@context\":\"https:\\\/\\\/schema.org\",\"@graph\":[{\"@type\":\"Article\",\"@id\":\"https:\\\/\\\/radioljubuski.ba\\\/index.php\\\/2026\\\/03\\\/15\\\/rutinska-pobjeda-izvidaca-protiv-slobode\\\/#article\",\"isPartOf\":{\"@id\":\"https:\\\/\\\/radioljubuski.ba\\\/index.php\\\/2026\\\/03\\\/15\\\/rutinska-pobjeda-izvidaca-protiv-slobode\\\/\"},\"author\":{\"name\":\"Radio Ljubu\u0161ki\",\"@id\":\"https:\\\/\\\/radioljubuski.ba\\\/#\\\/schema\\\/person\\\/19fc700381a780f69665d7956c469e3b\"},\"headline\":\"Rutinska pobjeda Izvi\u0111a\u010da protiv Slobode\",\"datePublished\":\"2026-03-15T12:59:18+00:00\",\"dateModified\":\"2026-03-15T12:59:32+00:00\",\"mainEntityOfPage\":{\"@id\":\"https:\\\/\\\/radioljubuski.ba\\\/index.php\\\/2026\\\/03\\\/15\\\/rutinska-pobjeda-izvidaca-protiv-slobode\\\/\"},\"wordCount\":404,\"publisher\":{\"@id\":\"https:\\\/\\\/radioljubuski.ba\\\/#organization\"},\"image\":{\"@id\":\"https:\\\/\\\/radioljubuski.ba\\\/index.php\\\/2026\\\/03\\\/15\\\/rutinska-pobjeda-izvidaca-protiv-slobode\\\/#primaryimage\"},\"thumbnailUrl\":\"https:\\\/\\\/radioljubuski.ba\\\/wp-content\\\/uploads\\\/2026\\\/03\\\/embeded-DJI_7832-embed-1024x561-1.jpg\",\"articleSection\":[\"\u0160port\"],\"inLanguage\":\"hr\"},{\"@type\":\"WebPage\",\"@id\":\"https:\\\/\\\/radioljubuski.ba\\\/index.php\\\/2026\\\/03\\\/15\\\/rutinska-pobjeda-izvidaca-protiv-slobode\\\/\",\"url\":\"https:\\\/\\\/radioljubuski.ba\\\/index.php\\\/2026\\\/03\\\/15\\\/rutinska-pobjeda-izvidaca-protiv-slobode\\\/\",\"name\":\"Rutinska pobjeda Izvi\u0111a\u010da protiv Slobode - RADIO LJUBU\u0160KI\",\"isPartOf\":{\"@id\":\"https:\\\/\\\/radioljubuski.ba\\\/#website\"},\"primaryImageOfPage\":{\"@id\":\"https:\\\/\\\/radioljubuski.ba\\\/index.php\\\/2026\\\/03\\\/15\\\/rutinska-pobjeda-izvidaca-protiv-slobode\\\/#primaryimage\"},\"image\":{\"@id\":\"https:\\\/\\\/radioljubuski.ba\\\/index.php\\\/2026\\\/03\\\/15\\\/rutinska-pobjeda-izvidaca-protiv-slobode\\\/#primaryimage\"},\"thumbnailUrl\":\"https:\\\/\\\/radioljubuski.ba\\\/wp-content\\\/uploads\\\/2026\\\/03\\\/embeded-DJI_7832-embed-1024x561-1.jpg\",\"datePublished\":\"2026-03-15T12:59:18+00:00\",\"dateModified\":\"2026-03-15T12:59:32+00:00\",\"breadcrumb\":{\"@id\":\"https:\\\/\\\/radioljubuski.ba\\\/index.php\\\/2026\\\/03\\\/15\\\/rutinska-pobjeda-izvidaca-protiv-slobode\\\/#breadcrumb\"},\"inLanguage\":\"hr\",\"potentialAction\":[{\"@type\":\"ReadAction\",\"target\":[\"https:\\\/\\\/radioljubuski.ba\\\/index.php\\\/2026\\\/03\\\/15\\\/rutinska-pobjeda-izvidaca-protiv-slobode\\\/\"]}]},{\"@type\":\"ImageObject\",\"inLanguage\":\"hr\",\"@id\":\"https:\\\/\\\/radioljubuski.ba\\\/index.php\\\/2026\\\/03\\\/15\\\/rutinska-pobjeda-izvidaca-protiv-slobode\\\/#primaryimage\",\"url\":\"https:\\\/\\\/radioljubuski.ba\\\/wp-content\\\/uploads\\\/2026\\\/03\\\/embeded-DJI_7832-embed-1024x561-1.jpg\",\"contentUrl\":\"https:\\\/\\\/radioljubuski.ba\\\/wp-content\\\/uploads\\\/2026\\\/03\\\/embeded-DJI_7832-embed-1024x561-1.jpg\",\"width\":1024,\"height\":561},{\"@type\":\"BreadcrumbList\",\"@id\":\"https:\\\/\\\/radioljubuski.ba\\\/index.php\\\/2026\\\/03\\\/15\\\/rutinska-pobjeda-izvidaca-protiv-slobode\\\/#breadcrumb\",\"itemListElement\":[{\"@type\":\"ListItem\",\"position\":1,\"name\":\"Po\u010detna stranica\",\"item\":\"https:\\\/\\\/radioljubuski.ba\\\/\"},{\"@type\":\"ListItem\",\"position\":2,\"name\":\"Rutinska pobjeda Izvi\u0111a\u010da protiv Slobode\"}]},{\"@type\":\"WebSite\",\"@id\":\"https:\\\/\\\/radioljubuski.ba\\\/#website\",\"url\":\"https:\\\/\\\/radioljubuski.ba\\\/\",\"name\":\"Radio Ljubu\u0161ki\",\"description\":\"Sun\u010dana frekvencija Hercegovine\",\"publisher\":{\"@id\":\"https:\\\/\\\/radioljubuski.ba\\\/#organization\"},\"potentialAction\":[{\"@type\":\"SearchAction\",\"target\":{\"@type\":\"EntryPoint\",\"urlTemplate\":\"https:\\\/\\\/radioljubuski.ba\\\/?s={search_term_string}\"},\"query-input\":{\"@type\":\"PropertyValueSpecification\",\"valueRequired\":true,\"valueName\":\"search_term_string\"}}],\"inLanguage\":\"hr\"},{\"@type\":\"Organization\",\"@id\":\"https:\\\/\\\/radioljubuski.ba\\\/#organization\",\"name\":\"Radio Ljubu\u0161ki\",\"url\":\"https:\\\/\\\/radioljubuski.ba\\\/\",\"logo\":{\"@type\":\"ImageObject\",\"inLanguage\":\"hr\",\"@id\":\"https:\\\/\\\/radioljubuski.ba\\\/#\\\/schema\\\/logo\\\/image\\\/\",\"url\":\"https:\\\/\\\/radioljubuski.ba\\\/wp-content\\\/uploads\\\/2021\\\/02\\\/cropped-Radio_Ljubuski_logo1.jpg\",\"contentUrl\":\"https:\\\/\\\/radioljubuski.ba\\\/wp-content\\\/uploads\\\/2021\\\/02\\\/cropped-Radio_Ljubuski_logo1.jpg\",\"width\":512,\"height\":512,\"caption\":\"Radio Ljubu\u0161ki\"},\"image\":{\"@id\":\"https:\\\/\\\/radioljubuski.ba\\\/#\\\/schema\\\/logo\\\/image\\\/\"},\"sameAs\":[\"https:\\\/\\\/www.facebook.com\\\/Radiio-Ljubuski-1490835324566332\",\"https:\\\/\\\/x.com\\\/radioljubuski\",\"https:\\\/\\\/hr.linkedin.com\\\/company\\\/radio-ljubuski\",\"https:\\\/\\\/www.youtube.com\\\/channel\\\/UCHYaeO_n0Db3tjNGudGpXyw\"]},{\"@type\":\"Person\",\"@id\":\"https:\\\/\\\/radioljubuski.ba\\\/#\\\/schema\\\/person\\\/19fc700381a780f69665d7956c469e3b\",\"name\":\"Radio Ljubu\u0161ki\"}]}<\/script>\n<!-- \/ Yoast SEO plugin. -->","yoast_head_json":{"title":"Rutinska pobjeda Izvi\u0111a\u010da protiv Slobode - RADIO LJUBU\u0160KI","robots":{"index":"index","follow":"follow","max-snippet":"max-snippet:-1","max-image-preview":"max-image-preview:large","max-video-preview":"max-video-preview:-1"},"canonical":"https:\/\/radioljubuski.ba\/index.php\/2026\/03\/15\/rutinska-pobjeda-izvidaca-protiv-slobode\/","og_locale":"hr_HR","og_type":"article","og_title":"Rutinska pobjeda Izvi\u0111a\u010da protiv Slobode - RADIO LJUBU\u0160KI","og_description":"Rukometa\u0161i Izvi\u0111a\u010d Agrama odigrali su rutinsku utakmicu i gotovo s pola snage savladali mladu mom\u010dad Slobode iz Tuzle rezultatom&nbsp;37:28. Stru\u010dni sto\u017eer \u201eSkauta\u201c, na \u010delu s&nbsp;Ivanom D\u017eoli\u0107em i Milanom Toli\u0107em, u ovoj je utakmici \u201cispremije\u0161ao karte\u201d te pru\u017eio priliku mla\u0111im snagama da budu nositelji igre, dok su im podr\u0161ku davali iskusniji suigra\u010di koji su odradili svojevrsni [&hellip;]","og_url":"https:\/\/radioljubuski.ba\/index.php\/2026\/03\/15\/rutinska-pobjeda-izvidaca-protiv-slobode\/","og_site_name":"RADIO LJUBU\u0160KI","article_publisher":"https:\/\/www.facebook.com\/Radiio-Ljubuski-1490835324566332","article_published_time":"2026-03-15T12:59:18+00:00","article_modified_time":"2026-03-15T12:59:32+00:00","og_image":[{"width":1024,"height":561,"url":"https:\/\/radioljubuski.ba\/wp-content\/uploads\/2026\/03\/embeded-DJI_7832-embed-1024x561-1.jpg","type":"image\/jpeg"}],"author":"Radio Ljubu\u0161ki","twitter_card":"summary_large_image","twitter_creator":"@radioljubuski","twitter_site":"@radioljubuski","twitter_misc":{"Napisao\/la":"Radio Ljubu\u0161ki","Procijenjeno vrijeme \u010ditanja":"3 minute"},"schema":{"@context":"https:\/\/schema.org","@graph":[{"@type":"Article","@id":"https:\/\/radioljubuski.ba\/index.php\/2026\/03\/15\/rutinska-pobjeda-izvidaca-protiv-slobode\/#article","isPartOf":{"@id":"https:\/\/radioljubuski.ba\/index.php\/2026\/03\/15\/rutinska-pobjeda-izvidaca-protiv-slobode\/"},"author":{"name":"Radio Ljubu\u0161ki","@id":"https:\/\/radioljubuski.ba\/#\/schema\/person\/19fc700381a780f69665d7956c469e3b"},"headline":"Rutinska pobjeda Izvi\u0111a\u010da protiv Slobode","datePublished":"2026-03-15T12:59:18+00:00","dateModified":"2026-03-15T12:59:32+00:00","mainEntityOfPage":{"@id":"https:\/\/radioljubuski.ba\/index.php\/2026\/03\/15\/rutinska-pobjeda-izvidaca-protiv-slobode\/"},"wordCount":404,"publisher":{"@id":"https:\/\/radioljubuski.ba\/#organization"},"image":{"@id":"https:\/\/radioljubuski.ba\/index.php\/2026\/03\/15\/rutinska-pobjeda-izvidaca-protiv-slobode\/#primaryimage"},"thumbnailUrl":"https:\/\/radioljubuski.ba\/wp-content\/uploads\/2026\/03\/embeded-DJI_7832-embed-1024x561-1.jpg","articleSection":["\u0160port"],"inLanguage":"hr"},{"@type":"WebPage","@id":"https:\/\/radioljubuski.ba\/index.php\/2026\/03\/15\/rutinska-pobjeda-izvidaca-protiv-slobode\/","url":"https:\/\/radioljubuski.ba\/index.php\/2026\/03\/15\/rutinska-pobjeda-izvidaca-protiv-slobode\/","name":"Rutinska pobjeda Izvi\u0111a\u010da protiv Slobode - RADIO LJUBU\u0160KI","isPartOf":{"@id":"https:\/\/radioljubuski.ba\/#website"},"primaryImageOfPage":{"@id":"https:\/\/radioljubuski.ba\/index.php\/2026\/03\/15\/rutinska-pobjeda-izvidaca-protiv-slobode\/#primaryimage"},"image":{"@id":"https:\/\/radioljubuski.ba\/index.php\/2026\/03\/15\/rutinska-pobjeda-izvidaca-protiv-slobode\/#primaryimage"},"thumbnailUrl":"https:\/\/radioljubuski.ba\/wp-content\/uploads\/2026\/03\/embeded-DJI_7832-embed-1024x561-1.jpg","datePublished":"2026-03-15T12:59:18+00:00","dateModified":"2026-03-15T12:59:32+00:00","breadcrumb":{"@id":"https:\/\/radioljubuski.ba\/index.php\/2026\/03\/15\/rutinska-pobjeda-izvidaca-protiv-slobode\/#breadcrumb"},"inLanguage":"hr","potentialAction":[{"@type":"ReadAction","target":["https:\/\/radioljubuski.ba\/index.php\/2026\/03\/15\/rutinska-pobjeda-izvidaca-protiv-slobode\/"]}]},{"@type":"ImageObject","inLanguage":"hr","@id":"https:\/\/radioljubuski.ba\/index.php\/2026\/03\/15\/rutinska-pobjeda-izvidaca-protiv-slobode\/#primaryimage","url":"https:\/\/radioljubuski.ba\/wp-content\/uploads\/2026\/03\/embeded-DJI_7832-embed-1024x561-1.jpg","contentUrl":"https:\/\/radioljubuski.ba\/wp-content\/uploads\/2026\/03\/embeded-DJI_7832-embed-1024x561-1.jpg","width":1024,"height":561},{"@type":"BreadcrumbList","@id":"https:\/\/radioljubuski.ba\/index.php\/2026\/03\/15\/rutinska-pobjeda-izvidaca-protiv-slobode\/#breadcrumb","itemListElement":[{"@type":"ListItem","position":1,"name":"Po\u010detna stranica","item":"https:\/\/radioljubuski.ba\/"},{"@type":"ListItem","position":2,"name":"Rutinska pobjeda Izvi\u0111a\u010da protiv Slobode"}]},{"@type":"WebSite","@id":"https:\/\/radioljubuski.ba\/#website","url":"https:\/\/radioljubuski.ba\/","name":"Radio Ljubu\u0161ki","description":"Sun\u010dana frekvencija Hercegovine","publisher":{"@id":"https:\/\/radioljubuski.ba\/#organization"},"potentialAction":[{"@type":"SearchAction","target":{"@type":"EntryPoint","urlTemplate":"https:\/\/radioljubuski.ba\/?s={search_term_string}"},"query-input":{"@type":"PropertyValueSpecification","valueRequired":true,"valueName":"search_term_string"}}],"inLanguage":"hr"},{"@type":"Organization","@id":"https:\/\/radioljubuski.ba\/#organization","name":"Radio Ljubu\u0161ki","url":"https:\/\/radioljubuski.ba\/","logo":{"@type":"ImageObject","inLanguage":"hr","@id":"https:\/\/radioljubuski.ba\/#\/schema\/logo\/image\/","url":"https:\/\/radioljubuski.ba\/wp-content\/uploads\/2021\/02\/cropped-Radio_Ljubuski_logo1.jpg","contentUrl":"https:\/\/radioljubuski.ba\/wp-content\/uploads\/2021\/02\/cropped-Radio_Ljubuski_logo1.jpg","width":512,"height":512,"caption":"Radio Ljubu\u0161ki"},"image":{"@id":"https:\/\/radioljubuski.ba\/#\/schema\/logo\/image\/"},"sameAs":["https:\/\/www.facebook.com\/Radiio-Ljubuski-1490835324566332","https:\/\/x.com\/radioljubuski","https:\/\/hr.linkedin.com\/company\/radio-ljubuski","https:\/\/www.youtube.com\/channel\/UCHYaeO_n0Db3tjNGudGpXyw"]},{"@type":"Person","@id":"https:\/\/radioljubuski.ba\/#\/schema\/person\/19fc700381a780f69665d7956c469e3b","name":"Radio Ljubu\u0161ki"}]}},"_links":{"self":[{"href":"https:\/\/radioljubuski.ba\/index.php\/wp-json\/wp\/v2\/posts\/226293","targetHints":{"allow":["GET"]}}],"collection":[{"href":"https:\/\/radioljubuski.ba\/index.php\/wp-json\/wp\/v2\/posts"}],"about":[{"href":"https:\/\/radioljubuski.ba\/index.php\/wp-json\/wp\/v2\/types\/post"}],"author":[{"embeddable":true,"href":"https:\/\/radioljubuski.ba\/index.php\/wp-json\/wp\/v2\/users\/2"}],"replies":[{"embeddable":true,"href":"https:\/\/radioljubuski.ba\/index.php\/wp-json\/wp\/v2\/comments?post=226293"}],"version-history":[{"count":2,"href":"https:\/\/radioljubuski.ba\/index.php\/wp-json\/wp\/v2\/posts\/226293\/revisions"}],"predecessor-version":[{"id":226296,"href":"https:\/\/radioljubuski.ba\/index.php\/wp-json\/wp\/v2\/posts\/226293\/revisions\/226296"}],"wp:featuredmedia":[{"embeddable":true,"href":"https:\/\/radioljubuski.ba\/index.php\/wp-json\/wp\/v2\/media\/226294"}],"wp:attachment":[{"href":"https:\/\/radioljubuski.ba\/index.php\/wp-json\/wp\/v2\/media?parent=226293"}],"wp:term":[{"taxonomy":"category","embeddable":true,"href":"https:\/\/radioljubuski.ba\/index.php\/wp-json\/wp\/v2\/categories?post=226293"},{"taxonomy":"post_tag","embeddable":true,"href":"https:\/\/radioljubuski.ba\/index.php\/wp-json\/wp\/v2\/tags?post=226293"}],"curies":[{"name":"wp","href":"https:\/\/api.w.org\/{rel}","templated":true}]}}