{"id":2263,"date":"2021-03-09T20:57:23","date_gmt":"2021-03-09T19:57:23","guid":{"rendered":"https:\/\/radioljubuski.ba\/?p=2263"},"modified":"2021-03-09T20:57:24","modified_gmt":"2021-03-09T19:57:24","slug":"otkriveni-detalji-o-covid-putovnicama-evo-sto-se-zna-o-nacinu-ulaska-u-hrvatsku","status":"publish","type":"post","link":"https:\/\/radioljubuski.ba\/index.php\/2021\/03\/09\/otkriveni-detalji-o-covid-putovnicama-evo-sto-se-zna-o-nacinu-ulaska-u-hrvatsku\/","title":{"rendered":"Otkriveni detalji o COVID putovnicama: Evo \u0161to se zna o na\u010dinu ulaska u Hrvatsku"},"content":{"rendered":"\n<p>Certifikat, odnosno COVID-putovnica \u0107e obavezno sadr\u017eavati ime i prezime cijepljene osobe, dr\u017eavu iz koje dolazi, ime cjepiva koje je kori\u0161teno, datum cijepljenja, serijski broj cjepiva te bar kod kojim \u0107e se mo\u0107i o\u010ditavati podaci. Ravnatelj Hrvatskog zavoda za javno zdravstvo Krunoslav Capak rekao je vi\u0161e o cijelom sustavu certifikata.&nbsp;<\/p>\n\n\n\n<p>&#8220;Ne postoji COVID putovnica, postoji dogovor na nivou EU-a kako izgleda potvrda o cijepljenju. Ona se za sada koristi isklju\u010divo u medicinske svrhe&#8221;, rekao je Capak, javlja Dnevnik.hr.&nbsp;<\/p>\n\n\n\n<p>&#8220;O prelasku granica s potvrdom o cijepljenju se tek razgovara. Jo\u0161 nije ni\u0161ta definirano. Jedna od tema na sljede\u0107em Vije\u0107u EU-a bit \u0107e kontroverze oko prelaska granica u EU, ali ne samo na temelju potvrde o cijepljenju nego i na temelju potvrde o preboljenju bolesti i potvrde o pozitivnom PCR testu&#8221;, dodao je Capak i istaknuo da se o tome jo\u0161 uvijek diskutira i za koje nisu donesene odluke.<\/p>\n\n\n\n<p>&#8220;Izvjesno je da \u0107e kroz neko vrijeme postojati odluka o prelasku granica na temelju potvrde o cijepljenju i da \u0107e se dogovoriti to da cijepljenje i potvrda o primanju dvije doze cjepiva koje je registrirano na podru\u010dju EU-a slu\u017eiti prilikom prelaska granica EU-a&#8221;, rekao je Capak.<\/p>\n\n\n\n<p>Hrvatskoj je u interesu da podr\u017ei takav prijedlog, navodi Capak. &#8220;Imamo neke ponude o tome da razgovaramo o priznavanju potvrde o cijepljenju, no razgovori jo\u0161 nisu zapo\u010deli&#8221;, dodao je Capak. Navodi da je prerano govoriti o COVID putovnici. &#8220;Dat je zadatak da se razradi jedan od smart pristupa takozvane COVID putovnice. Ho\u0107e li to biti iskaznica ili QR kod, o tome se jo\u0161 ni\u0161ta ne zna&#8221;, rekao je Capak.<\/p>\n\n\n\n<p>Navodi da u cijeloj pri\u010di postoji \u010ditav niz kontroverzi. &#8220;Na primjer, cjepivo ne \u0161titi 100 posto. Ima onih koji su cijepljeni, ali nisu za\u0161ti\u0107eni. Ne znamo, pogotovo za neke vrste cjepiva, sprje\u010davaju li transmisiju virusa. Dat je zadatak ECDC-u da razradi mogu\u0107nost da netko tko prelazi granicu na temelju potvrde o cijepljenju jo\u0161 uvijek mo\u017ee prenijeti zarazu ili biti, biti zarazan ili ne, mo\u017ee li se zaraziti&#8230;&#8221;, objasnio je Capak.<\/p>\n\n\n\n<p>&nbsp;Navodi da se ne\u0107e nikad dogoditi to da \u0107e putovati samo one osobe koje su se cijepile. &#8220;Za druge \u0107e mo\u017eda vrijediti vrijediti drugi uvjeti, kao \u0161to je karantena i ili testiranje, \u0161to postoji i sada. Po\u0161to ne postoji COVID putovnica, ne mo\u017eemo govoriti o diskriminaciji&#8221;, dodao je Capak.<\/p>\n\n\n\n<p>Capak ka\u017ee da \u0107e Hrvatska razmotriti koje su mogu\u0107nosti i prednosti za privla\u010denje turista u sezoni. &#8220;Jedan dio je i to da \u0107emo cijepiti veliki dio populacije i sve radnike u turizmu&#8221;, dodao je Capak i naveo kako postoje cjepiva koja nisu registrirana u EU pa je i to problem za COVID putovnicu. Dodao je da \u0107e se turistima olak\u0161ati testiranjima. &#8220;Oni turisti iz zemalja koje su nama emitivne, a koje moraju imati test na povratku u svoju zemlju, testirat \u0107emo ih bilo PCR-om ili brzim antigenskim testovima&#8221;, istaknuo je Capak.<\/p>\n\n\n\n<p>O turisti\u010dkoj sezoni ka\u017ee kako je situacija u nama susjednim zemljama i nekim drugim zemljama EU-a lo\u0161ija nego kod nas. &#8220;Uvijek se ne\u0161to od tih infekcija prelije, prenese u Hrvatsku. Mi se nadamo da do toga ne\u0107e do\u0107i i da brojke ne\u0107e rasti. Nadamo se i da \u0107e blagi porast posljednjih tjedana ostati i dalje blagi i da \u0107emo uspje\u0161no, uz mjere i cijepljenje, pripremiti turisti\u010dku sezonu&#8221;, objasnio je Capak.<\/p>\n\n\n\n<p>Ka\u017ee kako je te\u0161ko re\u0107i da je za ovaj porast koji imamo rep drugog vala ili po\u010detak tre\u0107eg vala. &#8220;Mi vrlo uvijek pa\u017eljivo pratimo situaciju i uvijek imamo &#8216;oru\u017eje&#8217; u rukama i u slu\u010daju porasta mo\u017eemo uvijek aktivirati mjere koje smo imali. No, s preboljenjem i cijepljenjem, nadam se da do toga ne\u0107e do\u0107i&#8221;, kazao je Capak. Capak navodi da \u0107e uskoro biti poznati to\u010dni podaci o tome koliki dio populacije je imun na koronu, no prema nekim podacima, navodi, pretpostavlja se da se radi o \u010detvrtini populacije.<\/p>\n\n\n\n<p>&#8220;Provodimo serolo\u0161ku studiju koja \u0107e u \u010detvrtak zavr\u0161iti s 1500 ispitanika iz cijele Hrvatske razli\u010dite dobi i rezultati \u0107e vjerojatno biti objavljeni u petak. Rezultati su o\u010dekivani, 25 posto je pozitiviteta na antitijela&#8221;, rekao je Capak. Za revidiranje mjera navodi da je prerano re\u0107i o\u010dekuje li Hrvatsku dodatno popu\u0161tanje ili zao\u0161travanje mjera 15. o\u017eujka. &#8220;Mjere donosi Sto\u017eer i Vlada, na preporuku epidemiologa. U ovom trenutku smatramo da nema dodatnog prostora za popu\u0161tanje mjera, no mo\u017eda bi moglo biti ne\u0161to blago u pitanju. No, prerano je govoriti o tome za sada&#8221;, istaknuo je Capak.<\/p>\n\n\n\n<p>Izvor:dnevnik.hr<\/p>\n","protected":false},"excerpt":{"rendered":"<p>Certifikat, odnosno COVID-putovnica \u0107e obavezno sadr\u017eavati ime i prezime cijepljene osobe, dr\u017eavu iz koje dolazi, ime cjepiva koje je kori\u0161teno, datum cijepljenja, serijski broj cjepiva te bar kod kojim \u0107e se mo\u0107i o\u010ditavati podaci. Ravnatelj Hrvatskog zavoda za javno zdravstvo Krunoslav Capak rekao je vi\u0161e o cijelom sustavu certifikata.&nbsp; &#8220;Ne postoji COVID putovnica, postoji dogovor [&hellip;]<\/p>\n","protected":false},"author":2,"featured_media":2264,"comment_status":"closed","ping_status":"closed","sticky":false,"template":"","format":"standard","meta":{"h5ap_radio_sources":[],"footnotes":""},"categories":[1],"tags":[],"class_list":["post-2263","post","type-post","status-publish","format-standard","has-post-thumbnail","hentry","category-bihiregija"],"yoast_head":"<!-- This site is optimized with the Yoast SEO plugin v27.5 - https:\/\/yoast.com\/product\/yoast-seo-wordpress\/ -->\n<title>Otkriveni detalji o COVID putovnicama: Evo \u0161to se zna o na\u010dinu ulaska u Hrvatsku - RADIO LJUBU\u0160KI<\/title>\n<meta name=\"robots\" content=\"index, follow, max-snippet:-1, max-image-preview:large, max-video-preview:-1\" \/>\n<link rel=\"canonical\" href=\"https:\/\/radioljubuski.ba\/index.php\/2021\/03\/09\/otkriveni-detalji-o-covid-putovnicama-evo-sto-se-zna-o-nacinu-ulaska-u-hrvatsku\/\" \/>\n<meta property=\"og:locale\" content=\"hr_HR\" \/>\n<meta property=\"og:type\" content=\"article\" \/>\n<meta property=\"og:title\" content=\"Otkriveni detalji o COVID putovnicama: Evo \u0161to se zna o na\u010dinu ulaska u Hrvatsku - RADIO LJUBU\u0160KI\" \/>\n<meta property=\"og:description\" content=\"Certifikat, odnosno COVID-putovnica \u0107e obavezno sadr\u017eavati ime i prezime cijepljene osobe, dr\u017eavu iz koje dolazi, ime cjepiva koje je kori\u0161teno, datum cijepljenja, serijski broj cjepiva te bar kod kojim \u0107e se mo\u0107i o\u010ditavati podaci. Ravnatelj Hrvatskog zavoda za javno zdravstvo Krunoslav Capak rekao je vi\u0161e o cijelom sustavu certifikata.&nbsp; &#8220;Ne postoji COVID putovnica, postoji dogovor [&hellip;]\" \/>\n<meta property=\"og:url\" content=\"https:\/\/radioljubuski.ba\/index.php\/2021\/03\/09\/otkriveni-detalji-o-covid-putovnicama-evo-sto-se-zna-o-nacinu-ulaska-u-hrvatsku\/\" \/>\n<meta property=\"og:site_name\" content=\"RADIO LJUBU\u0160KI\" \/>\n<meta property=\"article:publisher\" content=\"https:\/\/www.facebook.com\/Radiio-Ljubuski-1490835324566332\" \/>\n<meta property=\"article:published_time\" content=\"2021-03-09T19:57:23+00:00\" \/>\n<meta property=\"article:modified_time\" content=\"2021-03-09T19:57:24+00:00\" \/>\n<meta property=\"og:image\" content=\"https:\/\/radioljubuski.ba\/wp-content\/uploads\/2021\/03\/7-2021-03-09-20-21-45-o_9558135_1280.jpg\" \/>\n\t<meta property=\"og:image:width\" content=\"1000\" \/>\n\t<meta property=\"og:image:height\" content=\"625\" \/>\n\t<meta property=\"og:image:type\" content=\"image\/jpeg\" \/>\n<meta name=\"author\" content=\"Radio Ljubu\u0161ki\" \/>\n<meta name=\"twitter:card\" content=\"summary_large_image\" \/>\n<meta name=\"twitter:creator\" content=\"@radioljubuski\" \/>\n<meta name=\"twitter:site\" content=\"@radioljubuski\" \/>\n<meta name=\"twitter:label1\" content=\"Napisao\/la\" \/>\n\t<meta name=\"twitter:data1\" content=\"Radio Ljubu\u0161ki\" \/>\n\t<meta name=\"twitter:label2\" content=\"Procijenjeno vrijeme \u010ditanja\" \/>\n\t<meta name=\"twitter:data2\" content=\"4 minute\" \/>\n<script type=\"application\/ld+json\" class=\"yoast-schema-graph\">{\"@context\":\"https:\\\/\\\/schema.org\",\"@graph\":[{\"@type\":\"Article\",\"@id\":\"https:\\\/\\\/radioljubuski.ba\\\/index.php\\\/2021\\\/03\\\/09\\\/otkriveni-detalji-o-covid-putovnicama-evo-sto-se-zna-o-nacinu-ulaska-u-hrvatsku\\\/#article\",\"isPartOf\":{\"@id\":\"https:\\\/\\\/radioljubuski.ba\\\/index.php\\\/2021\\\/03\\\/09\\\/otkriveni-detalji-o-covid-putovnicama-evo-sto-se-zna-o-nacinu-ulaska-u-hrvatsku\\\/\"},\"author\":{\"name\":\"Radio Ljubu\u0161ki\",\"@id\":\"https:\\\/\\\/radioljubuski.ba\\\/#\\\/schema\\\/person\\\/19fc700381a780f69665d7956c469e3b\"},\"headline\":\"Otkriveni detalji o COVID putovnicama: Evo \u0161to se zna o na\u010dinu ulaska u Hrvatsku\",\"datePublished\":\"2021-03-09T19:57:23+00:00\",\"dateModified\":\"2021-03-09T19:57:24+00:00\",\"mainEntityOfPage\":{\"@id\":\"https:\\\/\\\/radioljubuski.ba\\\/index.php\\\/2021\\\/03\\\/09\\\/otkriveni-detalji-o-covid-putovnicama-evo-sto-se-zna-o-nacinu-ulaska-u-hrvatsku\\\/\"},\"wordCount\":805,\"publisher\":{\"@id\":\"https:\\\/\\\/radioljubuski.ba\\\/#organization\"},\"image\":{\"@id\":\"https:\\\/\\\/radioljubuski.ba\\\/index.php\\\/2021\\\/03\\\/09\\\/otkriveni-detalji-o-covid-putovnicama-evo-sto-se-zna-o-nacinu-ulaska-u-hrvatsku\\\/#primaryimage\"},\"thumbnailUrl\":\"https:\\\/\\\/radioljubuski.ba\\\/wp-content\\\/uploads\\\/2021\\\/03\\\/7-2021-03-09-20-21-45-o_9558135_1280.jpg\",\"articleSection\":[\"BIH i regija\"],\"inLanguage\":\"hr\"},{\"@type\":\"WebPage\",\"@id\":\"https:\\\/\\\/radioljubuski.ba\\\/index.php\\\/2021\\\/03\\\/09\\\/otkriveni-detalji-o-covid-putovnicama-evo-sto-se-zna-o-nacinu-ulaska-u-hrvatsku\\\/\",\"url\":\"https:\\\/\\\/radioljubuski.ba\\\/index.php\\\/2021\\\/03\\\/09\\\/otkriveni-detalji-o-covid-putovnicama-evo-sto-se-zna-o-nacinu-ulaska-u-hrvatsku\\\/\",\"name\":\"Otkriveni detalji o COVID putovnicama: Evo \u0161to se zna o na\u010dinu ulaska u Hrvatsku - RADIO LJUBU\u0160KI\",\"isPartOf\":{\"@id\":\"https:\\\/\\\/radioljubuski.ba\\\/#website\"},\"primaryImageOfPage\":{\"@id\":\"https:\\\/\\\/radioljubuski.ba\\\/index.php\\\/2021\\\/03\\\/09\\\/otkriveni-detalji-o-covid-putovnicama-evo-sto-se-zna-o-nacinu-ulaska-u-hrvatsku\\\/#primaryimage\"},\"image\":{\"@id\":\"https:\\\/\\\/radioljubuski.ba\\\/index.php\\\/2021\\\/03\\\/09\\\/otkriveni-detalji-o-covid-putovnicama-evo-sto-se-zna-o-nacinu-ulaska-u-hrvatsku\\\/#primaryimage\"},\"thumbnailUrl\":\"https:\\\/\\\/radioljubuski.ba\\\/wp-content\\\/uploads\\\/2021\\\/03\\\/7-2021-03-09-20-21-45-o_9558135_1280.jpg\",\"datePublished\":\"2021-03-09T19:57:23+00:00\",\"dateModified\":\"2021-03-09T19:57:24+00:00\",\"breadcrumb\":{\"@id\":\"https:\\\/\\\/radioljubuski.ba\\\/index.php\\\/2021\\\/03\\\/09\\\/otkriveni-detalji-o-covid-putovnicama-evo-sto-se-zna-o-nacinu-ulaska-u-hrvatsku\\\/#breadcrumb\"},\"inLanguage\":\"hr\",\"potentialAction\":[{\"@type\":\"ReadAction\",\"target\":[\"https:\\\/\\\/radioljubuski.ba\\\/index.php\\\/2021\\\/03\\\/09\\\/otkriveni-detalji-o-covid-putovnicama-evo-sto-se-zna-o-nacinu-ulaska-u-hrvatsku\\\/\"]}]},{\"@type\":\"ImageObject\",\"inLanguage\":\"hr\",\"@id\":\"https:\\\/\\\/radioljubuski.ba\\\/index.php\\\/2021\\\/03\\\/09\\\/otkriveni-detalji-o-covid-putovnicama-evo-sto-se-zna-o-nacinu-ulaska-u-hrvatsku\\\/#primaryimage\",\"url\":\"https:\\\/\\\/radioljubuski.ba\\\/wp-content\\\/uploads\\\/2021\\\/03\\\/7-2021-03-09-20-21-45-o_9558135_1280.jpg\",\"contentUrl\":\"https:\\\/\\\/radioljubuski.ba\\\/wp-content\\\/uploads\\\/2021\\\/03\\\/7-2021-03-09-20-21-45-o_9558135_1280.jpg\",\"width\":1000,\"height\":625},{\"@type\":\"BreadcrumbList\",\"@id\":\"https:\\\/\\\/radioljubuski.ba\\\/index.php\\\/2021\\\/03\\\/09\\\/otkriveni-detalji-o-covid-putovnicama-evo-sto-se-zna-o-nacinu-ulaska-u-hrvatsku\\\/#breadcrumb\",\"itemListElement\":[{\"@type\":\"ListItem\",\"position\":1,\"name\":\"Po\u010detna stranica\",\"item\":\"https:\\\/\\\/radioljubuski.ba\\\/\"},{\"@type\":\"ListItem\",\"position\":2,\"name\":\"Otkriveni detalji o COVID putovnicama: Evo \u0161to se zna o na\u010dinu ulaska u Hrvatsku\"}]},{\"@type\":\"WebSite\",\"@id\":\"https:\\\/\\\/radioljubuski.ba\\\/#website\",\"url\":\"https:\\\/\\\/radioljubuski.ba\\\/\",\"name\":\"Radio Ljubu\u0161ki\",\"description\":\"Sun\u010dana frekvencija Hercegovine\",\"publisher\":{\"@id\":\"https:\\\/\\\/radioljubuski.ba\\\/#organization\"},\"potentialAction\":[{\"@type\":\"SearchAction\",\"target\":{\"@type\":\"EntryPoint\",\"urlTemplate\":\"https:\\\/\\\/radioljubuski.ba\\\/?s={search_term_string}\"},\"query-input\":{\"@type\":\"PropertyValueSpecification\",\"valueRequired\":true,\"valueName\":\"search_term_string\"}}],\"inLanguage\":\"hr\"},{\"@type\":\"Organization\",\"@id\":\"https:\\\/\\\/radioljubuski.ba\\\/#organization\",\"name\":\"Radio Ljubu\u0161ki\",\"url\":\"https:\\\/\\\/radioljubuski.ba\\\/\",\"logo\":{\"@type\":\"ImageObject\",\"inLanguage\":\"hr\",\"@id\":\"https:\\\/\\\/radioljubuski.ba\\\/#\\\/schema\\\/logo\\\/image\\\/\",\"url\":\"https:\\\/\\\/radioljubuski.ba\\\/wp-content\\\/uploads\\\/2021\\\/02\\\/cropped-Radio_Ljubuski_logo1.jpg\",\"contentUrl\":\"https:\\\/\\\/radioljubuski.ba\\\/wp-content\\\/uploads\\\/2021\\\/02\\\/cropped-Radio_Ljubuski_logo1.jpg\",\"width\":512,\"height\":512,\"caption\":\"Radio Ljubu\u0161ki\"},\"image\":{\"@id\":\"https:\\\/\\\/radioljubuski.ba\\\/#\\\/schema\\\/logo\\\/image\\\/\"},\"sameAs\":[\"https:\\\/\\\/www.facebook.com\\\/Radiio-Ljubuski-1490835324566332\",\"https:\\\/\\\/x.com\\\/radioljubuski\",\"https:\\\/\\\/hr.linkedin.com\\\/company\\\/radio-ljubuski\",\"https:\\\/\\\/www.youtube.com\\\/channel\\\/UCHYaeO_n0Db3tjNGudGpXyw\"]},{\"@type\":\"Person\",\"@id\":\"https:\\\/\\\/radioljubuski.ba\\\/#\\\/schema\\\/person\\\/19fc700381a780f69665d7956c469e3b\",\"name\":\"Radio Ljubu\u0161ki\"}]}<\/script>\n<!-- \/ Yoast SEO plugin. -->","yoast_head_json":{"title":"Otkriveni detalji o COVID putovnicama: Evo \u0161to se zna o na\u010dinu ulaska u Hrvatsku - RADIO LJUBU\u0160KI","robots":{"index":"index","follow":"follow","max-snippet":"max-snippet:-1","max-image-preview":"max-image-preview:large","max-video-preview":"max-video-preview:-1"},"canonical":"https:\/\/radioljubuski.ba\/index.php\/2021\/03\/09\/otkriveni-detalji-o-covid-putovnicama-evo-sto-se-zna-o-nacinu-ulaska-u-hrvatsku\/","og_locale":"hr_HR","og_type":"article","og_title":"Otkriveni detalji o COVID putovnicama: Evo \u0161to se zna o na\u010dinu ulaska u Hrvatsku - RADIO LJUBU\u0160KI","og_description":"Certifikat, odnosno COVID-putovnica \u0107e obavezno sadr\u017eavati ime i prezime cijepljene osobe, dr\u017eavu iz koje dolazi, ime cjepiva koje je kori\u0161teno, datum cijepljenja, serijski broj cjepiva te bar kod kojim \u0107e se mo\u0107i o\u010ditavati podaci. Ravnatelj Hrvatskog zavoda za javno zdravstvo Krunoslav Capak rekao je vi\u0161e o cijelom sustavu certifikata.&nbsp; &#8220;Ne postoji COVID putovnica, postoji dogovor [&hellip;]","og_url":"https:\/\/radioljubuski.ba\/index.php\/2021\/03\/09\/otkriveni-detalji-o-covid-putovnicama-evo-sto-se-zna-o-nacinu-ulaska-u-hrvatsku\/","og_site_name":"RADIO LJUBU\u0160KI","article_publisher":"https:\/\/www.facebook.com\/Radiio-Ljubuski-1490835324566332","article_published_time":"2021-03-09T19:57:23+00:00","article_modified_time":"2021-03-09T19:57:24+00:00","og_image":[{"width":1000,"height":625,"url":"https:\/\/radioljubuski.ba\/wp-content\/uploads\/2021\/03\/7-2021-03-09-20-21-45-o_9558135_1280.jpg","type":"image\/jpeg"}],"author":"Radio Ljubu\u0161ki","twitter_card":"summary_large_image","twitter_creator":"@radioljubuski","twitter_site":"@radioljubuski","twitter_misc":{"Napisao\/la":"Radio Ljubu\u0161ki","Procijenjeno vrijeme \u010ditanja":"4 minute"},"schema":{"@context":"https:\/\/schema.org","@graph":[{"@type":"Article","@id":"https:\/\/radioljubuski.ba\/index.php\/2021\/03\/09\/otkriveni-detalji-o-covid-putovnicama-evo-sto-se-zna-o-nacinu-ulaska-u-hrvatsku\/#article","isPartOf":{"@id":"https:\/\/radioljubuski.ba\/index.php\/2021\/03\/09\/otkriveni-detalji-o-covid-putovnicama-evo-sto-se-zna-o-nacinu-ulaska-u-hrvatsku\/"},"author":{"name":"Radio Ljubu\u0161ki","@id":"https:\/\/radioljubuski.ba\/#\/schema\/person\/19fc700381a780f69665d7956c469e3b"},"headline":"Otkriveni detalji o COVID putovnicama: Evo \u0161to se zna o na\u010dinu ulaska u Hrvatsku","datePublished":"2021-03-09T19:57:23+00:00","dateModified":"2021-03-09T19:57:24+00:00","mainEntityOfPage":{"@id":"https:\/\/radioljubuski.ba\/index.php\/2021\/03\/09\/otkriveni-detalji-o-covid-putovnicama-evo-sto-se-zna-o-nacinu-ulaska-u-hrvatsku\/"},"wordCount":805,"publisher":{"@id":"https:\/\/radioljubuski.ba\/#organization"},"image":{"@id":"https:\/\/radioljubuski.ba\/index.php\/2021\/03\/09\/otkriveni-detalji-o-covid-putovnicama-evo-sto-se-zna-o-nacinu-ulaska-u-hrvatsku\/#primaryimage"},"thumbnailUrl":"https:\/\/radioljubuski.ba\/wp-content\/uploads\/2021\/03\/7-2021-03-09-20-21-45-o_9558135_1280.jpg","articleSection":["BIH i regija"],"inLanguage":"hr"},{"@type":"WebPage","@id":"https:\/\/radioljubuski.ba\/index.php\/2021\/03\/09\/otkriveni-detalji-o-covid-putovnicama-evo-sto-se-zna-o-nacinu-ulaska-u-hrvatsku\/","url":"https:\/\/radioljubuski.ba\/index.php\/2021\/03\/09\/otkriveni-detalji-o-covid-putovnicama-evo-sto-se-zna-o-nacinu-ulaska-u-hrvatsku\/","name":"Otkriveni detalji o COVID putovnicama: Evo \u0161to se zna o na\u010dinu ulaska u Hrvatsku - RADIO LJUBU\u0160KI","isPartOf":{"@id":"https:\/\/radioljubuski.ba\/#website"},"primaryImageOfPage":{"@id":"https:\/\/radioljubuski.ba\/index.php\/2021\/03\/09\/otkriveni-detalji-o-covid-putovnicama-evo-sto-se-zna-o-nacinu-ulaska-u-hrvatsku\/#primaryimage"},"image":{"@id":"https:\/\/radioljubuski.ba\/index.php\/2021\/03\/09\/otkriveni-detalji-o-covid-putovnicama-evo-sto-se-zna-o-nacinu-ulaska-u-hrvatsku\/#primaryimage"},"thumbnailUrl":"https:\/\/radioljubuski.ba\/wp-content\/uploads\/2021\/03\/7-2021-03-09-20-21-45-o_9558135_1280.jpg","datePublished":"2021-03-09T19:57:23+00:00","dateModified":"2021-03-09T19:57:24+00:00","breadcrumb":{"@id":"https:\/\/radioljubuski.ba\/index.php\/2021\/03\/09\/otkriveni-detalji-o-covid-putovnicama-evo-sto-se-zna-o-nacinu-ulaska-u-hrvatsku\/#breadcrumb"},"inLanguage":"hr","potentialAction":[{"@type":"ReadAction","target":["https:\/\/radioljubuski.ba\/index.php\/2021\/03\/09\/otkriveni-detalji-o-covid-putovnicama-evo-sto-se-zna-o-nacinu-ulaska-u-hrvatsku\/"]}]},{"@type":"ImageObject","inLanguage":"hr","@id":"https:\/\/radioljubuski.ba\/index.php\/2021\/03\/09\/otkriveni-detalji-o-covid-putovnicama-evo-sto-se-zna-o-nacinu-ulaska-u-hrvatsku\/#primaryimage","url":"https:\/\/radioljubuski.ba\/wp-content\/uploads\/2021\/03\/7-2021-03-09-20-21-45-o_9558135_1280.jpg","contentUrl":"https:\/\/radioljubuski.ba\/wp-content\/uploads\/2021\/03\/7-2021-03-09-20-21-45-o_9558135_1280.jpg","width":1000,"height":625},{"@type":"BreadcrumbList","@id":"https:\/\/radioljubuski.ba\/index.php\/2021\/03\/09\/otkriveni-detalji-o-covid-putovnicama-evo-sto-se-zna-o-nacinu-ulaska-u-hrvatsku\/#breadcrumb","itemListElement":[{"@type":"ListItem","position":1,"name":"Po\u010detna stranica","item":"https:\/\/radioljubuski.ba\/"},{"@type":"ListItem","position":2,"name":"Otkriveni detalji o COVID putovnicama: Evo \u0161to se zna o na\u010dinu ulaska u Hrvatsku"}]},{"@type":"WebSite","@id":"https:\/\/radioljubuski.ba\/#website","url":"https:\/\/radioljubuski.ba\/","name":"Radio Ljubu\u0161ki","description":"Sun\u010dana frekvencija Hercegovine","publisher":{"@id":"https:\/\/radioljubuski.ba\/#organization"},"potentialAction":[{"@type":"SearchAction","target":{"@type":"EntryPoint","urlTemplate":"https:\/\/radioljubuski.ba\/?s={search_term_string}"},"query-input":{"@type":"PropertyValueSpecification","valueRequired":true,"valueName":"search_term_string"}}],"inLanguage":"hr"},{"@type":"Organization","@id":"https:\/\/radioljubuski.ba\/#organization","name":"Radio Ljubu\u0161ki","url":"https:\/\/radioljubuski.ba\/","logo":{"@type":"ImageObject","inLanguage":"hr","@id":"https:\/\/radioljubuski.ba\/#\/schema\/logo\/image\/","url":"https:\/\/radioljubuski.ba\/wp-content\/uploads\/2021\/02\/cropped-Radio_Ljubuski_logo1.jpg","contentUrl":"https:\/\/radioljubuski.ba\/wp-content\/uploads\/2021\/02\/cropped-Radio_Ljubuski_logo1.jpg","width":512,"height":512,"caption":"Radio Ljubu\u0161ki"},"image":{"@id":"https:\/\/radioljubuski.ba\/#\/schema\/logo\/image\/"},"sameAs":["https:\/\/www.facebook.com\/Radiio-Ljubuski-1490835324566332","https:\/\/x.com\/radioljubuski","https:\/\/hr.linkedin.com\/company\/radio-ljubuski","https:\/\/www.youtube.com\/channel\/UCHYaeO_n0Db3tjNGudGpXyw"]},{"@type":"Person","@id":"https:\/\/radioljubuski.ba\/#\/schema\/person\/19fc700381a780f69665d7956c469e3b","name":"Radio Ljubu\u0161ki"}]}},"_links":{"self":[{"href":"https:\/\/radioljubuski.ba\/index.php\/wp-json\/wp\/v2\/posts\/2263","targetHints":{"allow":["GET"]}}],"collection":[{"href":"https:\/\/radioljubuski.ba\/index.php\/wp-json\/wp\/v2\/posts"}],"about":[{"href":"https:\/\/radioljubuski.ba\/index.php\/wp-json\/wp\/v2\/types\/post"}],"author":[{"embeddable":true,"href":"https:\/\/radioljubuski.ba\/index.php\/wp-json\/wp\/v2\/users\/2"}],"replies":[{"embeddable":true,"href":"https:\/\/radioljubuski.ba\/index.php\/wp-json\/wp\/v2\/comments?post=2263"}],"version-history":[{"count":1,"href":"https:\/\/radioljubuski.ba\/index.php\/wp-json\/wp\/v2\/posts\/2263\/revisions"}],"predecessor-version":[{"id":2265,"href":"https:\/\/radioljubuski.ba\/index.php\/wp-json\/wp\/v2\/posts\/2263\/revisions\/2265"}],"wp:featuredmedia":[{"embeddable":true,"href":"https:\/\/radioljubuski.ba\/index.php\/wp-json\/wp\/v2\/media\/2264"}],"wp:attachment":[{"href":"https:\/\/radioljubuski.ba\/index.php\/wp-json\/wp\/v2\/media?parent=2263"}],"wp:term":[{"taxonomy":"category","embeddable":true,"href":"https:\/\/radioljubuski.ba\/index.php\/wp-json\/wp\/v2\/categories?post=2263"},{"taxonomy":"post_tag","embeddable":true,"href":"https:\/\/radioljubuski.ba\/index.php\/wp-json\/wp\/v2\/tags?post=2263"}],"curies":[{"name":"wp","href":"https:\/\/api.w.org\/{rel}","templated":true}]}}