{"id":226327,"date":"2026-03-16T19:05:23","date_gmt":"2026-03-16T18:05:23","guid":{"rendered":"https:\/\/radioljubuski.ba\/?p=226327"},"modified":"2026-03-16T19:05:23","modified_gmt":"2026-03-16T18:05:23","slug":"u-ljubuskom-obiljezen-dan-narcisa","status":"publish","type":"post","link":"https:\/\/radioljubuski.ba\/index.php\/2026\/03\/16\/u-ljubuskom-obiljezen-dan-narcisa\/","title":{"rendered":"U Ljubu\u0161kom obilje\u017een Dan narcisa"},"content":{"rendered":"\n<p>U Ljubu\u0161kom je danas obilje\u017een Dan narcisa, dan posve\u0107en podizanju svijesti o va\u017enosti prevencije i borbe protiv raka dojke. Tim povodom ispred zgrade Gradske uprave organizirana je prodaja narcisa, a prikupljena sredstva namijenjena su aktivnostima Udruge Narcis koja djeluje u Zapadnohercegova\u010dkoj \u017eupaniji i podr\u0161ci \u017eenama oboljelim od ove bolesti.<\/p>\n\n\n\n<p>Akciju je organizirala Udruga Narcis, a u njezinoj provedbi sudjelovali su i volonteri Srednje strukovne \u0161kole Ru\u0111era Bo\u0161kovi\u0107a Ljubu\u0161ki, koji ve\u0107 godinama sudjeluju u ovoj humanitarnoj inicijativi.<\/p>\n\n\n\n<p>Katarina Leko iz \u0160irokog Brijega, koja je prije 14 godina operirana upravo na dana\u0161nji dan, za <strong>Radio Ljubu\u0161ki<\/strong> kazala je kako se danas osje\u0107a dobro te da joj udruga i dru\u017eenje s drugim \u017eenama mnogo zna\u010de.<\/p>\n\n\n\n<p>\u201eOperirana sam prije 14 godina, upravo na dana\u0161nji dan, i osje\u0107am se odli\u010dno. Imam 78 godina. Lijepo je, obilazimo sve, dru\u017eimo se i imamo udrugu u kojoj se okupljamo. Tu se opu\u0161tamo, imamo radionice i sve je stvarno dobro\u201c, kazala je Katarina Leko.<\/p>\n\n\n\n<p>Dugogodi\u0161nja \u010dlanica Udruge Narcis i njezina biv\u0161a predsjednica Radica Lasi\u0107 istaknula je kako je ponosna na rad udruge i kontinuitet njezina djelovanja.<\/p>\n\n\n\n<p>\u201eOperirana sam prije 25 ili 26 godina, a danas imam 71 godinu. Devetnaest godina sam vodila ovu udrugu. Ovdje sam u Ljubu\u0161kom ve\u0107 ne znam ni koji put i uvijek sam rado primljena. Imamo krasnu novu kolegicu koja sada vodi udrugu jo\u0161 bolje, jer je mla\u0111a i puna energije. Presretna sam \u0161to je do\u0161ao netko tko \u0107e nastaviti voditi udrugu, jer sve ono \u0161to smo stvarali ne smije nestati. Kada netko nastavi jo\u0161 bolje nego \u0161to ste vi vodili, onda je to zaista veliki plus\u201c, kazala je Radica Lasi\u0107 za Radio Ljubu\u0161ki.<\/p>\n\n\n\n<p>Predsjednica Udruge Narcis Antonija Gali\u0107 naglasila je kako udruga djeluje na podru\u010dju cijele \u017dupanije Zapadnohercegova\u010dke te da se Dan narcisa svake godine obilje\u017eava u sva \u010detiri grada \u017eupanije.<\/p>\n\n\n\n<p>\u201eMoja biv\u0161a predsjednica Radica ve\u0107 me je najavila. Ja sam sada predsjednica Udruge Narcis. To je zapravo bilo lako naslijediti kada je netko prije mene vodio udrugu kako treba i u\u010dvrstio je na temeljima na kojima ona i danas postoji. Mi smo udruga koja djeluje na razini cijele na\u0161e \u017eupanije. Dan narcisa obilje\u017eavamo svake godine u sva \u010detiri grada na\u0161e \u017eupanije. Danas je dio \u017eena iz udruge u Ljubu\u0161kom, dio u Posu\u0161ju, dio u Grudama, dok je u petak obilje\u017een u \u0160irokom Brijegu. Kad god do\u0111emo u Ljubu\u0161ki, lijepo smo primljeni stoga se ovdje rado vra\u0107amo\u201c, kazala je Antonija Gali\u0107 za Radio Ljubu\u0161ki.<\/p>\n\n\n\n<p>U organizaciji akcije ve\u0107 godinama sudjeluju i u\u010denici Srednje strukovne \u0161kole Ru\u0111era Bo\u0161kovi\u0107a Ljubu\u0161ki, a profesorica Antonela Primorac naglasila je va\u017enost uklju\u010divanja mladih u ovakve humanitarne aktivnosti.<\/p>\n\n\n\n<p>\u201ePonosni smo \u0161to je na\u0161a \u0161kola ve\u0107 gotovo deset godina partner ove divne udruge i ovih divnih \u017eena. Brojni u\u010denici sudjelovali su kao volonteri u ovim akcijama i uvjerena sam da \u0107e tako biti i u budu\u0107nosti. Danas su s nama u\u010denici prvog razreda ekonomista, \u010detvrtog razreda, maturanti agroturisti\u010dkog smjera te nekoliko u\u010denika tre\u0107eg razreda mehatronike\u201c, kazala je Antonela Primorac za Radio Ljubu\u0161ki.<\/p>\n\n\n\n<p>Dan narcisa ve\u0107 se godinama obilje\u017eava u brojnim gradovima s ciljem podsje\u0107anja na va\u017enost redovitih preventivnih pregleda i ranog otkrivanja raka dojke, a kupnjom narcisa gra\u0111ani \u0161alju poruku podr\u0161ke \u017eenama koje se suo\u010davaju s ovom bole\u0161\u0107u.<\/p>\n\n\n\n<figure class=\"wp-block-image size-large\"><img loading=\"lazy\" decoding=\"async\" width=\"1024\" height=\"768\" src=\"https:\/\/radioljubuski.ba\/wp-content\/uploads\/2026\/03\/IMG_1872-1024x768.jpeg\" alt=\"\" class=\"wp-image-226328\" srcset=\"https:\/\/radioljubuski.ba\/wp-content\/uploads\/2026\/03\/IMG_1872-1024x768.jpeg 1024w, https:\/\/radioljubuski.ba\/wp-content\/uploads\/2026\/03\/IMG_1872-300x225.jpeg 300w, https:\/\/radioljubuski.ba\/wp-content\/uploads\/2026\/03\/IMG_1872-768x576.jpeg 768w, https:\/\/radioljubuski.ba\/wp-content\/uploads\/2026\/03\/IMG_1872-1536x1152.jpeg 1536w, https:\/\/radioljubuski.ba\/wp-content\/uploads\/2026\/03\/IMG_1872-2048x1536.jpeg 2048w, https:\/\/radioljubuski.ba\/wp-content\/uploads\/2026\/03\/IMG_1872-16x12.jpeg 16w\" sizes=\"auto, (max-width: 1024px) 100vw, 1024px\" \/><\/figure>\n\n\n\n<p><\/p>\n\n\n\n<blockquote class=\"instagram-media\" data-instgrm-captioned data-instgrm-permalink=\"https:\/\/www.instagram.com\/reel\/DV8kcgBDevs\/?utm_source=ig_embed&amp;utm_campaign=loading\" data-instgrm-version=\"14\" style=\" background:#FFF; border:0; border-radius:3px; box-shadow:0 0 1px 0 rgba(0,0,0,0.5),0 1px 10px 0 rgba(0,0,0,0.15); margin: 1px; max-width:540px; min-width:326px; padding:0; width:99.375%; width:-webkit-calc(100% - 2px); width:calc(100% - 2px);\"><div style=\"padding:16px;\"> <a href=\"https:\/\/www.instagram.com\/reel\/DV8kcgBDevs\/?utm_source=ig_embed&amp;utm_campaign=loading\" style=\" background:#FFFFFF; line-height:0; padding:0 0; text-align:center; text-decoration:none; width:100%;\" target=\"_blank\"> <div style=\" display: flex; flex-direction: row; align-items: center;\"> <div style=\"background-color: #F4F4F4; border-radius: 50%; flex-grow: 0; height: 40px; margin-right: 14px; width: 40px;\"><\/div> <div style=\"display: flex; flex-direction: column; flex-grow: 1; justify-content: center;\"> <div style=\" background-color: #F4F4F4; border-radius: 4px; flex-grow: 0; height: 14px; margin-bottom: 6px; width: 100px;\"><\/div> <div style=\" background-color: #F4F4F4; border-radius: 4px; flex-grow: 0; height: 14px; width: 60px;\"><\/div><\/div><\/div><div style=\"padding: 19% 0;\"><\/div> <div style=\"display:block; height:50px; margin:0 auto 12px; width:50px;\"><svg width=\"50px\" height=\"50px\" viewBox=\"0 0 60 60\" version=\"1.1\" xmlns=\"https:\/\/www.w3.org\/2000\/svg\" xmlns:xlink=\"https:\/\/www.w3.org\/1999\/xlink\"><g stroke=\"none\" stroke-width=\"1\" fill=\"none\" fill-rule=\"evenodd\"><g transform=\"translate(-511.000000, -20.000000)\" fill=\"#000000\"><g><path d=\"M556.869,30.41 C554.814,30.41 553.148,32.076 553.148,34.131 C553.148,36.186 554.814,37.852 556.869,37.852 C558.924,37.852 560.59,36.186 560.59,34.131 C560.59,32.076 558.924,30.41 556.869,30.41 M541,60.657 C535.114,60.657 530.342,55.887 530.342,50 C530.342,44.114 535.114,39.342 541,39.342 C546.887,39.342 551.658,44.114 551.658,50 C551.658,55.887 546.887,60.657 541,60.657 M541,33.886 C532.1,33.886 524.886,41.1 524.886,50 C524.886,58.899 532.1,66.113 541,66.113 C549.9,66.113 557.115,58.899 557.115,50 C557.115,41.1 549.9,33.886 541,33.886 M565.378,62.101 C565.244,65.022 564.756,66.606 564.346,67.663 C563.803,69.06 563.154,70.057 562.106,71.106 C561.058,72.155 560.06,72.803 558.662,73.347 C557.607,73.757 556.021,74.244 553.102,74.378 C549.944,74.521 548.997,74.552 541,74.552 C533.003,74.552 532.056,74.521 528.898,74.378 C525.979,74.244 524.393,73.757 523.338,73.347 C521.94,72.803 520.942,72.155 519.894,71.106 C518.846,70.057 518.197,69.06 517.654,67.663 C517.244,66.606 516.755,65.022 516.623,62.101 C516.479,58.943 516.448,57.996 516.448,50 C516.448,42.003 516.479,41.056 516.623,37.899 C516.755,34.978 517.244,33.391 517.654,32.338 C518.197,30.938 518.846,29.942 519.894,28.894 C520.942,27.846 521.94,27.196 523.338,26.654 C524.393,26.244 525.979,25.756 528.898,25.623 C532.057,25.479 533.004,25.448 541,25.448 C548.997,25.448 549.943,25.479 553.102,25.623 C556.021,25.756 557.607,26.244 558.662,26.654 C560.06,27.196 561.058,27.846 562.106,28.894 C563.154,29.942 563.803,30.938 564.346,32.338 C564.756,33.391 565.244,34.978 565.378,37.899 C565.522,41.056 565.552,42.003 565.552,50 C565.552,57.996 565.522,58.943 565.378,62.101 M570.82,37.631 C570.674,34.438 570.167,32.258 569.425,30.349 C568.659,28.377 567.633,26.702 565.965,25.035 C564.297,23.368 562.623,22.342 560.652,21.575 C558.743,20.834 556.562,20.326 553.369,20.18 C550.169,20.033 549.148,20 541,20 C532.853,20 531.831,20.033 528.631,20.18 C525.438,20.326 523.257,20.834 521.349,21.575 C519.376,22.342 517.703,23.368 516.035,25.035 C514.368,26.702 513.342,28.377 512.574,30.349 C511.834,32.258 511.326,34.438 511.181,37.631 C511.035,40.831 511,41.851 511,50 C511,58.147 511.035,59.17 511.181,62.369 C511.326,65.562 511.834,67.743 512.574,69.651 C513.342,71.625 514.368,73.296 516.035,74.965 C517.703,76.634 519.376,77.658 521.349,78.425 C523.257,79.167 525.438,79.673 528.631,79.82 C531.831,79.965 532.853,80.001 541,80.001 C549.148,80.001 550.169,79.965 553.369,79.82 C556.562,79.673 558.743,79.167 560.652,78.425 C562.623,77.658 564.297,76.634 565.965,74.965 C567.633,73.296 568.659,71.625 569.425,69.651 C570.167,67.743 570.674,65.562 570.82,62.369 C570.966,59.17 571,58.147 571,50 C571,41.851 570.966,40.831 570.82,37.631\"><\/path><\/g><\/g><\/g><\/svg><\/div><div style=\"padding-top: 8px;\"> <div style=\" color:#3897f0; font-family:Arial,sans-serif; font-size:14px; font-style:normal; font-weight:550; line-height:18px;\">Pogledajte ovu objavu na Instagramu.<\/div><\/div><div style=\"padding: 12.5% 0;\"><\/div> <div style=\"display: flex; flex-direction: row; margin-bottom: 14px; align-items: center;\"><div> <div style=\"background-color: #F4F4F4; border-radius: 50%; height: 12.5px; width: 12.5px; transform: translateX(0px) translateY(7px);\"><\/div> <div style=\"background-color: #F4F4F4; height: 12.5px; transform: rotate(-45deg) translateX(3px) translateY(1px); width: 12.5px; flex-grow: 0; margin-right: 14px; margin-left: 2px;\"><\/div> <div style=\"background-color: #F4F4F4; border-radius: 50%; height: 12.5px; width: 12.5px; transform: translateX(9px) translateY(-18px);\"><\/div><\/div><div style=\"margin-left: 8px;\"> <div style=\" background-color: #F4F4F4; border-radius: 50%; flex-grow: 0; height: 20px; width: 20px;\"><\/div> <div style=\" width: 0; height: 0; border-top: 2px solid transparent; border-left: 6px solid #f4f4f4; border-bottom: 2px solid transparent; transform: translateX(16px) translateY(-4px) rotate(30deg)\"><\/div><\/div><div style=\"margin-left: auto;\"> <div style=\" width: 0px; border-top: 8px solid #F4F4F4; border-right: 8px solid transparent; transform: translateY(16px);\"><\/div> <div style=\" background-color: #F4F4F4; flex-grow: 0; height: 12px; width: 16px; transform: translateY(-4px);\"><\/div> <div style=\" width: 0; height: 0; border-top: 8px solid #F4F4F4; border-left: 8px solid transparent; transform: translateY(-4px) translateX(8px);\"><\/div><\/div><\/div> <div style=\"display: flex; flex-direction: column; flex-grow: 1; justify-content: center; margin-bottom: 24px;\"> <div style=\" background-color: #F4F4F4; border-radius: 4px; flex-grow: 0; height: 14px; margin-bottom: 6px; width: 224px;\"><\/div> <div style=\" background-color: #F4F4F4; border-radius: 4px; flex-grow: 0; height: 14px; width: 144px;\"><\/div><\/div><\/a><p style=\" color:#c9c8cd; font-family:Arial,sans-serif; font-size:14px; line-height:17px; margin-bottom:0; margin-top:8px; overflow:hidden; padding:8px 0 7px; text-align:center; text-overflow:ellipsis; white-space:nowrap;\"><a href=\"https:\/\/www.instagram.com\/reel\/DV8kcgBDevs\/?utm_source=ig_embed&amp;utm_campaign=loading\" style=\" color:#c9c8cd; font-family:Arial,sans-serif; font-size:14px; font-style:normal; font-weight:normal; line-height:17px; text-decoration:none;\" target=\"_blank\">Objavu dijeli Radio Ljubu\u0161ki\ud83d\udcfb (@radio_ljubuski)<\/a><\/p><\/div><\/blockquote>\n<script async src=\"\/\/www.instagram.com\/embed.js\"><\/script>\n\n\n\n<p>G. Ili\u0107<\/p>\n\n\n\n<p><\/p>\n","protected":false},"excerpt":{"rendered":"<p>U Ljubu\u0161kom je danas obilje\u017een Dan narcisa, dan posve\u0107en podizanju svijesti o va\u017enosti prevencije i borbe protiv raka dojke. Tim povodom ispred zgrade Gradske uprave organizirana je prodaja narcisa, a prikupljena sredstva namijenjena su aktivnostima Udruge Narcis koja djeluje u Zapadnohercegova\u010dkoj \u017eupaniji i podr\u0161ci \u017eenama oboljelim od ove bolesti. Akciju je organizirala Udruga Narcis, a [&hellip;]<\/p>\n","protected":false},"author":2,"featured_media":226329,"comment_status":"closed","ping_status":"closed","sticky":false,"template":"","format":"standard","meta":{"h5ap_radio_sources":[],"footnotes":""},"categories":[1,3,28],"tags":[],"class_list":["post-226327","post","type-post","status-publish","format-standard","has-post-thumbnail","hentry","category-bihiregija","category-ljubuski","category-novosti"],"yoast_head":"<!-- This site is optimized with the Yoast SEO plugin v27.5 - https:\/\/yoast.com\/product\/yoast-seo-wordpress\/ -->\n<title>U Ljubu\u0161kom obilje\u017een Dan narcisa - RADIO LJUBU\u0160KI<\/title>\n<meta name=\"robots\" content=\"index, follow, max-snippet:-1, max-image-preview:large, max-video-preview:-1\" \/>\n<link rel=\"canonical\" href=\"https:\/\/radioljubuski.ba\/index.php\/2026\/03\/16\/u-ljubuskom-obiljezen-dan-narcisa\/\" \/>\n<meta property=\"og:locale\" content=\"hr_HR\" \/>\n<meta property=\"og:type\" content=\"article\" \/>\n<meta property=\"og:title\" content=\"U Ljubu\u0161kom obilje\u017een Dan narcisa - RADIO LJUBU\u0160KI\" \/>\n<meta property=\"og:description\" content=\"U Ljubu\u0161kom je danas obilje\u017een Dan narcisa, dan posve\u0107en podizanju svijesti o va\u017enosti prevencije i borbe protiv raka dojke. Tim povodom ispred zgrade Gradske uprave organizirana je prodaja narcisa, a prikupljena sredstva namijenjena su aktivnostima Udruge Narcis koja djeluje u Zapadnohercegova\u010dkoj \u017eupaniji i podr\u0161ci \u017eenama oboljelim od ove bolesti. Akciju je organizirala Udruga Narcis, a [&hellip;]\" \/>\n<meta property=\"og:url\" content=\"https:\/\/radioljubuski.ba\/index.php\/2026\/03\/16\/u-ljubuskom-obiljezen-dan-narcisa\/\" \/>\n<meta property=\"og:site_name\" content=\"RADIO LJUBU\u0160KI\" \/>\n<meta property=\"article:publisher\" content=\"https:\/\/www.facebook.com\/Radiio-Ljubuski-1490835324566332\" \/>\n<meta property=\"article:published_time\" content=\"2026-03-16T18:05:23+00:00\" \/>\n<meta property=\"og:image\" content=\"https:\/\/radioljubuski.ba\/wp-content\/uploads\/2026\/03\/PHOTO-2026-03-16-13-43-02.jpg\" \/>\n\t<meta property=\"og:image:width\" content=\"2040\" \/>\n\t<meta property=\"og:image:height\" content=\"1530\" \/>\n\t<meta property=\"og:image:type\" content=\"image\/jpeg\" \/>\n<meta name=\"author\" content=\"Radio Ljubu\u0161ki\" \/>\n<meta name=\"twitter:card\" content=\"summary_large_image\" \/>\n<meta name=\"twitter:creator\" content=\"@radioljubuski\" \/>\n<meta name=\"twitter:site\" content=\"@radioljubuski\" \/>\n<meta name=\"twitter:label1\" content=\"Napisao\/la\" \/>\n\t<meta name=\"twitter:data1\" content=\"Radio Ljubu\u0161ki\" \/>\n\t<meta name=\"twitter:label2\" content=\"Procijenjeno vrijeme \u010ditanja\" \/>\n\t<meta name=\"twitter:data2\" content=\"4 minute\" \/>\n<script type=\"application\/ld+json\" class=\"yoast-schema-graph\">{\"@context\":\"https:\\\/\\\/schema.org\",\"@graph\":[{\"@type\":\"Article\",\"@id\":\"https:\\\/\\\/radioljubuski.ba\\\/index.php\\\/2026\\\/03\\\/16\\\/u-ljubuskom-obiljezen-dan-narcisa\\\/#article\",\"isPartOf\":{\"@id\":\"https:\\\/\\\/radioljubuski.ba\\\/index.php\\\/2026\\\/03\\\/16\\\/u-ljubuskom-obiljezen-dan-narcisa\\\/\"},\"author\":{\"name\":\"Radio Ljubu\u0161ki\",\"@id\":\"https:\\\/\\\/radioljubuski.ba\\\/#\\\/schema\\\/person\\\/19fc700381a780f69665d7956c469e3b\"},\"headline\":\"U Ljubu\u0161kom obilje\u017een Dan narcisa\",\"datePublished\":\"2026-03-16T18:05:23+00:00\",\"mainEntityOfPage\":{\"@id\":\"https:\\\/\\\/radioljubuski.ba\\\/index.php\\\/2026\\\/03\\\/16\\\/u-ljubuskom-obiljezen-dan-narcisa\\\/\"},\"wordCount\":604,\"publisher\":{\"@id\":\"https:\\\/\\\/radioljubuski.ba\\\/#organization\"},\"image\":{\"@id\":\"https:\\\/\\\/radioljubuski.ba\\\/index.php\\\/2026\\\/03\\\/16\\\/u-ljubuskom-obiljezen-dan-narcisa\\\/#primaryimage\"},\"thumbnailUrl\":\"https:\\\/\\\/radioljubuski.ba\\\/wp-content\\\/uploads\\\/2026\\\/03\\\/PHOTO-2026-03-16-13-43-02.jpg\",\"articleSection\":[\"BIH i regija\",\"Ljubu\u0161ki\",\"Novosti\"],\"inLanguage\":\"hr\"},{\"@type\":\"WebPage\",\"@id\":\"https:\\\/\\\/radioljubuski.ba\\\/index.php\\\/2026\\\/03\\\/16\\\/u-ljubuskom-obiljezen-dan-narcisa\\\/\",\"url\":\"https:\\\/\\\/radioljubuski.ba\\\/index.php\\\/2026\\\/03\\\/16\\\/u-ljubuskom-obiljezen-dan-narcisa\\\/\",\"name\":\"U Ljubu\u0161kom obilje\u017een Dan narcisa - RADIO LJUBU\u0160KI\",\"isPartOf\":{\"@id\":\"https:\\\/\\\/radioljubuski.ba\\\/#website\"},\"primaryImageOfPage\":{\"@id\":\"https:\\\/\\\/radioljubuski.ba\\\/index.php\\\/2026\\\/03\\\/16\\\/u-ljubuskom-obiljezen-dan-narcisa\\\/#primaryimage\"},\"image\":{\"@id\":\"https:\\\/\\\/radioljubuski.ba\\\/index.php\\\/2026\\\/03\\\/16\\\/u-ljubuskom-obiljezen-dan-narcisa\\\/#primaryimage\"},\"thumbnailUrl\":\"https:\\\/\\\/radioljubuski.ba\\\/wp-content\\\/uploads\\\/2026\\\/03\\\/PHOTO-2026-03-16-13-43-02.jpg\",\"datePublished\":\"2026-03-16T18:05:23+00:00\",\"breadcrumb\":{\"@id\":\"https:\\\/\\\/radioljubuski.ba\\\/index.php\\\/2026\\\/03\\\/16\\\/u-ljubuskom-obiljezen-dan-narcisa\\\/#breadcrumb\"},\"inLanguage\":\"hr\",\"potentialAction\":[{\"@type\":\"ReadAction\",\"target\":[\"https:\\\/\\\/radioljubuski.ba\\\/index.php\\\/2026\\\/03\\\/16\\\/u-ljubuskom-obiljezen-dan-narcisa\\\/\"]}]},{\"@type\":\"ImageObject\",\"inLanguage\":\"hr\",\"@id\":\"https:\\\/\\\/radioljubuski.ba\\\/index.php\\\/2026\\\/03\\\/16\\\/u-ljubuskom-obiljezen-dan-narcisa\\\/#primaryimage\",\"url\":\"https:\\\/\\\/radioljubuski.ba\\\/wp-content\\\/uploads\\\/2026\\\/03\\\/PHOTO-2026-03-16-13-43-02.jpg\",\"contentUrl\":\"https:\\\/\\\/radioljubuski.ba\\\/wp-content\\\/uploads\\\/2026\\\/03\\\/PHOTO-2026-03-16-13-43-02.jpg\",\"width\":2040,\"height\":1530},{\"@type\":\"BreadcrumbList\",\"@id\":\"https:\\\/\\\/radioljubuski.ba\\\/index.php\\\/2026\\\/03\\\/16\\\/u-ljubuskom-obiljezen-dan-narcisa\\\/#breadcrumb\",\"itemListElement\":[{\"@type\":\"ListItem\",\"position\":1,\"name\":\"Po\u010detna stranica\",\"item\":\"https:\\\/\\\/radioljubuski.ba\\\/\"},{\"@type\":\"ListItem\",\"position\":2,\"name\":\"U Ljubu\u0161kom obilje\u017een Dan narcisa\"}]},{\"@type\":\"WebSite\",\"@id\":\"https:\\\/\\\/radioljubuski.ba\\\/#website\",\"url\":\"https:\\\/\\\/radioljubuski.ba\\\/\",\"name\":\"Radio Ljubu\u0161ki\",\"description\":\"Sun\u010dana frekvencija Hercegovine\",\"publisher\":{\"@id\":\"https:\\\/\\\/radioljubuski.ba\\\/#organization\"},\"potentialAction\":[{\"@type\":\"SearchAction\",\"target\":{\"@type\":\"EntryPoint\",\"urlTemplate\":\"https:\\\/\\\/radioljubuski.ba\\\/?s={search_term_string}\"},\"query-input\":{\"@type\":\"PropertyValueSpecification\",\"valueRequired\":true,\"valueName\":\"search_term_string\"}}],\"inLanguage\":\"hr\"},{\"@type\":\"Organization\",\"@id\":\"https:\\\/\\\/radioljubuski.ba\\\/#organization\",\"name\":\"Radio Ljubu\u0161ki\",\"url\":\"https:\\\/\\\/radioljubuski.ba\\\/\",\"logo\":{\"@type\":\"ImageObject\",\"inLanguage\":\"hr\",\"@id\":\"https:\\\/\\\/radioljubuski.ba\\\/#\\\/schema\\\/logo\\\/image\\\/\",\"url\":\"https:\\\/\\\/radioljubuski.ba\\\/wp-content\\\/uploads\\\/2021\\\/02\\\/cropped-Radio_Ljubuski_logo1.jpg\",\"contentUrl\":\"https:\\\/\\\/radioljubuski.ba\\\/wp-content\\\/uploads\\\/2021\\\/02\\\/cropped-Radio_Ljubuski_logo1.jpg\",\"width\":512,\"height\":512,\"caption\":\"Radio Ljubu\u0161ki\"},\"image\":{\"@id\":\"https:\\\/\\\/radioljubuski.ba\\\/#\\\/schema\\\/logo\\\/image\\\/\"},\"sameAs\":[\"https:\\\/\\\/www.facebook.com\\\/Radiio-Ljubuski-1490835324566332\",\"https:\\\/\\\/x.com\\\/radioljubuski\",\"https:\\\/\\\/hr.linkedin.com\\\/company\\\/radio-ljubuski\",\"https:\\\/\\\/www.youtube.com\\\/channel\\\/UCHYaeO_n0Db3tjNGudGpXyw\"]},{\"@type\":\"Person\",\"@id\":\"https:\\\/\\\/radioljubuski.ba\\\/#\\\/schema\\\/person\\\/19fc700381a780f69665d7956c469e3b\",\"name\":\"Radio Ljubu\u0161ki\"}]}<\/script>\n<!-- \/ Yoast SEO plugin. -->","yoast_head_json":{"title":"U Ljubu\u0161kom obilje\u017een Dan narcisa - RADIO LJUBU\u0160KI","robots":{"index":"index","follow":"follow","max-snippet":"max-snippet:-1","max-image-preview":"max-image-preview:large","max-video-preview":"max-video-preview:-1"},"canonical":"https:\/\/radioljubuski.ba\/index.php\/2026\/03\/16\/u-ljubuskom-obiljezen-dan-narcisa\/","og_locale":"hr_HR","og_type":"article","og_title":"U Ljubu\u0161kom obilje\u017een Dan narcisa - RADIO LJUBU\u0160KI","og_description":"U Ljubu\u0161kom je danas obilje\u017een Dan narcisa, dan posve\u0107en podizanju svijesti o va\u017enosti prevencije i borbe protiv raka dojke. Tim povodom ispred zgrade Gradske uprave organizirana je prodaja narcisa, a prikupljena sredstva namijenjena su aktivnostima Udruge Narcis koja djeluje u Zapadnohercegova\u010dkoj \u017eupaniji i podr\u0161ci \u017eenama oboljelim od ove bolesti. Akciju je organizirala Udruga Narcis, a [&hellip;]","og_url":"https:\/\/radioljubuski.ba\/index.php\/2026\/03\/16\/u-ljubuskom-obiljezen-dan-narcisa\/","og_site_name":"RADIO LJUBU\u0160KI","article_publisher":"https:\/\/www.facebook.com\/Radiio-Ljubuski-1490835324566332","article_published_time":"2026-03-16T18:05:23+00:00","og_image":[{"width":2040,"height":1530,"url":"https:\/\/radioljubuski.ba\/wp-content\/uploads\/2026\/03\/PHOTO-2026-03-16-13-43-02.jpg","type":"image\/jpeg"}],"author":"Radio Ljubu\u0161ki","twitter_card":"summary_large_image","twitter_creator":"@radioljubuski","twitter_site":"@radioljubuski","twitter_misc":{"Napisao\/la":"Radio Ljubu\u0161ki","Procijenjeno vrijeme \u010ditanja":"4 minute"},"schema":{"@context":"https:\/\/schema.org","@graph":[{"@type":"Article","@id":"https:\/\/radioljubuski.ba\/index.php\/2026\/03\/16\/u-ljubuskom-obiljezen-dan-narcisa\/#article","isPartOf":{"@id":"https:\/\/radioljubuski.ba\/index.php\/2026\/03\/16\/u-ljubuskom-obiljezen-dan-narcisa\/"},"author":{"name":"Radio Ljubu\u0161ki","@id":"https:\/\/radioljubuski.ba\/#\/schema\/person\/19fc700381a780f69665d7956c469e3b"},"headline":"U Ljubu\u0161kom obilje\u017een Dan narcisa","datePublished":"2026-03-16T18:05:23+00:00","mainEntityOfPage":{"@id":"https:\/\/radioljubuski.ba\/index.php\/2026\/03\/16\/u-ljubuskom-obiljezen-dan-narcisa\/"},"wordCount":604,"publisher":{"@id":"https:\/\/radioljubuski.ba\/#organization"},"image":{"@id":"https:\/\/radioljubuski.ba\/index.php\/2026\/03\/16\/u-ljubuskom-obiljezen-dan-narcisa\/#primaryimage"},"thumbnailUrl":"https:\/\/radioljubuski.ba\/wp-content\/uploads\/2026\/03\/PHOTO-2026-03-16-13-43-02.jpg","articleSection":["BIH i regija","Ljubu\u0161ki","Novosti"],"inLanguage":"hr"},{"@type":"WebPage","@id":"https:\/\/radioljubuski.ba\/index.php\/2026\/03\/16\/u-ljubuskom-obiljezen-dan-narcisa\/","url":"https:\/\/radioljubuski.ba\/index.php\/2026\/03\/16\/u-ljubuskom-obiljezen-dan-narcisa\/","name":"U Ljubu\u0161kom obilje\u017een Dan narcisa - RADIO LJUBU\u0160KI","isPartOf":{"@id":"https:\/\/radioljubuski.ba\/#website"},"primaryImageOfPage":{"@id":"https:\/\/radioljubuski.ba\/index.php\/2026\/03\/16\/u-ljubuskom-obiljezen-dan-narcisa\/#primaryimage"},"image":{"@id":"https:\/\/radioljubuski.ba\/index.php\/2026\/03\/16\/u-ljubuskom-obiljezen-dan-narcisa\/#primaryimage"},"thumbnailUrl":"https:\/\/radioljubuski.ba\/wp-content\/uploads\/2026\/03\/PHOTO-2026-03-16-13-43-02.jpg","datePublished":"2026-03-16T18:05:23+00:00","breadcrumb":{"@id":"https:\/\/radioljubuski.ba\/index.php\/2026\/03\/16\/u-ljubuskom-obiljezen-dan-narcisa\/#breadcrumb"},"inLanguage":"hr","potentialAction":[{"@type":"ReadAction","target":["https:\/\/radioljubuski.ba\/index.php\/2026\/03\/16\/u-ljubuskom-obiljezen-dan-narcisa\/"]}]},{"@type":"ImageObject","inLanguage":"hr","@id":"https:\/\/radioljubuski.ba\/index.php\/2026\/03\/16\/u-ljubuskom-obiljezen-dan-narcisa\/#primaryimage","url":"https:\/\/radioljubuski.ba\/wp-content\/uploads\/2026\/03\/PHOTO-2026-03-16-13-43-02.jpg","contentUrl":"https:\/\/radioljubuski.ba\/wp-content\/uploads\/2026\/03\/PHOTO-2026-03-16-13-43-02.jpg","width":2040,"height":1530},{"@type":"BreadcrumbList","@id":"https:\/\/radioljubuski.ba\/index.php\/2026\/03\/16\/u-ljubuskom-obiljezen-dan-narcisa\/#breadcrumb","itemListElement":[{"@type":"ListItem","position":1,"name":"Po\u010detna stranica","item":"https:\/\/radioljubuski.ba\/"},{"@type":"ListItem","position":2,"name":"U Ljubu\u0161kom obilje\u017een Dan narcisa"}]},{"@type":"WebSite","@id":"https:\/\/radioljubuski.ba\/#website","url":"https:\/\/radioljubuski.ba\/","name":"Radio Ljubu\u0161ki","description":"Sun\u010dana frekvencija Hercegovine","publisher":{"@id":"https:\/\/radioljubuski.ba\/#organization"},"potentialAction":[{"@type":"SearchAction","target":{"@type":"EntryPoint","urlTemplate":"https:\/\/radioljubuski.ba\/?s={search_term_string}"},"query-input":{"@type":"PropertyValueSpecification","valueRequired":true,"valueName":"search_term_string"}}],"inLanguage":"hr"},{"@type":"Organization","@id":"https:\/\/radioljubuski.ba\/#organization","name":"Radio Ljubu\u0161ki","url":"https:\/\/radioljubuski.ba\/","logo":{"@type":"ImageObject","inLanguage":"hr","@id":"https:\/\/radioljubuski.ba\/#\/schema\/logo\/image\/","url":"https:\/\/radioljubuski.ba\/wp-content\/uploads\/2021\/02\/cropped-Radio_Ljubuski_logo1.jpg","contentUrl":"https:\/\/radioljubuski.ba\/wp-content\/uploads\/2021\/02\/cropped-Radio_Ljubuski_logo1.jpg","width":512,"height":512,"caption":"Radio Ljubu\u0161ki"},"image":{"@id":"https:\/\/radioljubuski.ba\/#\/schema\/logo\/image\/"},"sameAs":["https:\/\/www.facebook.com\/Radiio-Ljubuski-1490835324566332","https:\/\/x.com\/radioljubuski","https:\/\/hr.linkedin.com\/company\/radio-ljubuski","https:\/\/www.youtube.com\/channel\/UCHYaeO_n0Db3tjNGudGpXyw"]},{"@type":"Person","@id":"https:\/\/radioljubuski.ba\/#\/schema\/person\/19fc700381a780f69665d7956c469e3b","name":"Radio Ljubu\u0161ki"}]}},"_links":{"self":[{"href":"https:\/\/radioljubuski.ba\/index.php\/wp-json\/wp\/v2\/posts\/226327","targetHints":{"allow":["GET"]}}],"collection":[{"href":"https:\/\/radioljubuski.ba\/index.php\/wp-json\/wp\/v2\/posts"}],"about":[{"href":"https:\/\/radioljubuski.ba\/index.php\/wp-json\/wp\/v2\/types\/post"}],"author":[{"embeddable":true,"href":"https:\/\/radioljubuski.ba\/index.php\/wp-json\/wp\/v2\/users\/2"}],"replies":[{"embeddable":true,"href":"https:\/\/radioljubuski.ba\/index.php\/wp-json\/wp\/v2\/comments?post=226327"}],"version-history":[{"count":3,"href":"https:\/\/radioljubuski.ba\/index.php\/wp-json\/wp\/v2\/posts\/226327\/revisions"}],"predecessor-version":[{"id":226349,"href":"https:\/\/radioljubuski.ba\/index.php\/wp-json\/wp\/v2\/posts\/226327\/revisions\/226349"}],"wp:featuredmedia":[{"embeddable":true,"href":"https:\/\/radioljubuski.ba\/index.php\/wp-json\/wp\/v2\/media\/226329"}],"wp:attachment":[{"href":"https:\/\/radioljubuski.ba\/index.php\/wp-json\/wp\/v2\/media?parent=226327"}],"wp:term":[{"taxonomy":"category","embeddable":true,"href":"https:\/\/radioljubuski.ba\/index.php\/wp-json\/wp\/v2\/categories?post=226327"},{"taxonomy":"post_tag","embeddable":true,"href":"https:\/\/radioljubuski.ba\/index.php\/wp-json\/wp\/v2\/tags?post=226327"}],"curies":[{"name":"wp","href":"https:\/\/api.w.org\/{rel}","templated":true}]}}