{"id":226331,"date":"2026-03-17T10:35:46","date_gmt":"2026-03-17T09:35:46","guid":{"rendered":"https:\/\/radioljubuski.ba\/?p=226331"},"modified":"2026-03-17T10:55:39","modified_gmt":"2026-03-17T09:55:39","slug":"roditeljsko-vijece-gimnazije-ljubuski-organiziralo-edukativnu-tribinu-za-ucenike","status":"publish","type":"post","link":"https:\/\/radioljubuski.ba\/index.php\/2026\/03\/17\/roditeljsko-vijece-gimnazije-ljubuski-organiziralo-edukativnu-tribinu-za-ucenike\/","title":{"rendered":"Roditeljsko vije\u0107e Gimnazije Ljubu\u0161ki organiziralo edukativnu tribinu za u\u010denike"},"content":{"rendered":"\n<p>U Domu sv. Ante na Humcu odr\u017eana je Edukativna tribina uz svjedo\u010denje biv\u0161ih ovisnika, \u0161ti\u0107enika Zajednice Milosrdni Otac iz Me\u0111ugorja, koje je organiziralo Roditeljsko vije\u0107e Gimnazije Ljubu\u0161ki u suradnji s Gimnazijom Ljubu\u0161ki. Doga\u0111aj je bio namijenjen prvenstveno u\u010denicima srednjih \u0161kola iz Ljubu\u0161kog, uz prisustvo profesora i drugih zainteresiranih gra\u0111ana.<\/p>\n\n\n\n<figure class=\"wp-block-image size-large\"><img loading=\"lazy\" decoding=\"async\" width=\"1024\" height=\"768\" src=\"https:\/\/radioljubuski.ba\/wp-content\/uploads\/2026\/03\/IMG_1878-1024x768.jpeg\" alt=\"\" class=\"wp-image-226334\" srcset=\"https:\/\/radioljubuski.ba\/wp-content\/uploads\/2026\/03\/IMG_1878-1024x768.jpeg 1024w, https:\/\/radioljubuski.ba\/wp-content\/uploads\/2026\/03\/IMG_1878-300x225.jpeg 300w, https:\/\/radioljubuski.ba\/wp-content\/uploads\/2026\/03\/IMG_1878-768x576.jpeg 768w, https:\/\/radioljubuski.ba\/wp-content\/uploads\/2026\/03\/IMG_1878-1536x1152.jpeg 1536w, https:\/\/radioljubuski.ba\/wp-content\/uploads\/2026\/03\/IMG_1878-2048x1536.jpeg 2048w, https:\/\/radioljubuski.ba\/wp-content\/uploads\/2026\/03\/IMG_1878-16x12.jpeg 16w\" sizes=\"auto, (max-width: 1024px) 100vw, 1024px\" \/><\/figure>\n\n\n\n<p>Sna\u017ena i emotivna svjedo\u010danstva mladih ljudi koji su pro\u0161li kroz te\u0161ke \u017eivotne borbe ostavila su sna\u017ean dojam na sve prisutne, posebno na u\u010denike kojima je doga\u0111aj i bio namijenjen.<\/p>\n\n\n\n<p>Predsjednik Roditeljskog vije\u0107a Gimnazije Ljubu\u0161ki Dra\u017een Pehar istaknuo je kako je cilj ovakvih susreta pru\u017eiti mladima priliku da iz stvarnih \u017eivotnih pri\u010da izvuku va\u017ene pouke.<\/p>\n\n\n\n<p>\u201eSukladno na\u0161em radu i \u017eelji da budemo na korist djece i \u0161kole do\u0161li smo na ideju organizirati svjedo\u010denje. Momci koji su do\u0161li iz Maj\u010dinog sela danas su nam prenijeli sna\u017eno \u017eivotno iskustvo i poslali va\u017enu poruku. Vjerujem da \u0107e na\u0161i u\u010denici o ovome razmi\u0161ljati i izvu\u0107i brojne pouke, ali isto tako i mi roditelji\u201c, kazao je Pehar.<\/p>\n\n\n\n<p>Jedan od sudionika svjedo\u010denja bio je i Josip, \u0161ti\u0107enik Zajednice Milosrdni Otac, koji je zahvalio organizatorima na pozivu te naglasio va\u017enost ovakvih susreta s mladima.<\/p>\n\n\n\n<p>\u201eMogu re\u0107i sve pozitivno za organizaciju. Zahvaljujemo svima iz cijele zajednice na ovom pozivu. Ako bude jo\u0161 ovakvih prilika, rado \u0107emo ponovno do\u0107i. Tu smo da pomognemo i da netko ne zavr\u0161i kao \u0161to smo mi zavr\u0161ili\u201c, kazao je Josip.<\/p>\n\n\n\n<p>Govore\u0107i o poruci mladima, istaknuo je va\u017enost obitelji i dono\u0161enja dobrih \u017eivotnih odluka. \u201eMogu slobodno re\u0107i mladima da slu\u0161aju svoje roditelje, bake i djedove i svoju obitelj. Da se mole i da se klone nekih stvari koje dolaze brzo i lako\u201c, poru\u010dio je.<\/p>\n\n\n\n<figure class=\"wp-block-gallery has-nested-images columns-default is-cropped wp-block-gallery-1 is-layout-flex wp-block-gallery-is-layout-flex\">\n<figure class=\"wp-block-image size-large\"><img loading=\"lazy\" decoding=\"async\" width=\"1024\" height=\"768\" data-id=\"226337\" src=\"https:\/\/radioljubuski.ba\/wp-content\/uploads\/2026\/03\/IMG_1883-1024x768.jpeg\" alt=\"\" class=\"wp-image-226337\" srcset=\"https:\/\/radioljubuski.ba\/wp-content\/uploads\/2026\/03\/IMG_1883-1024x768.jpeg 1024w, https:\/\/radioljubuski.ba\/wp-content\/uploads\/2026\/03\/IMG_1883-300x225.jpeg 300w, https:\/\/radioljubuski.ba\/wp-content\/uploads\/2026\/03\/IMG_1883-768x576.jpeg 768w, https:\/\/radioljubuski.ba\/wp-content\/uploads\/2026\/03\/IMG_1883-1536x1152.jpeg 1536w, https:\/\/radioljubuski.ba\/wp-content\/uploads\/2026\/03\/IMG_1883-2048x1536.jpeg 2048w, https:\/\/radioljubuski.ba\/wp-content\/uploads\/2026\/03\/IMG_1883-16x12.jpeg 16w\" sizes=\"auto, (max-width: 1024px) 100vw, 1024px\" \/><\/figure>\n\n\n\n<figure class=\"wp-block-image size-large\"><img loading=\"lazy\" decoding=\"async\" width=\"1024\" height=\"768\" data-id=\"226336\" src=\"https:\/\/radioljubuski.ba\/wp-content\/uploads\/2026\/03\/IMG_1881-1024x768.jpeg\" alt=\"\" class=\"wp-image-226336\" srcset=\"https:\/\/radioljubuski.ba\/wp-content\/uploads\/2026\/03\/IMG_1881-1024x768.jpeg 1024w, https:\/\/radioljubuski.ba\/wp-content\/uploads\/2026\/03\/IMG_1881-300x225.jpeg 300w, https:\/\/radioljubuski.ba\/wp-content\/uploads\/2026\/03\/IMG_1881-768x576.jpeg 768w, https:\/\/radioljubuski.ba\/wp-content\/uploads\/2026\/03\/IMG_1881-1536x1152.jpeg 1536w, https:\/\/radioljubuski.ba\/wp-content\/uploads\/2026\/03\/IMG_1881-2048x1536.jpeg 2048w, https:\/\/radioljubuski.ba\/wp-content\/uploads\/2026\/03\/IMG_1881-16x12.jpeg 16w\" sizes=\"auto, (max-width: 1024px) 100vw, 1024px\" \/><\/figure>\n<\/figure>\n\n\n\n<p>Fra Ante Vukoja istaknuo je kako su upravo \u017eivotna svjedo\u010danstva \u010desto najsna\u017enija poruka mladima \u201eRoditelji, profesori i nastavnici stalno govore mladima i upozoravaju ih na opasnosti. Me\u0111utim, ponekad je dobro \u010duti stvarno \u017eivotno iskustvo, \u010duti \u010dovjeka od krvi i mesa koji je pro\u0161ao kroz te\u0161ku situaciju i mo\u017ee iz vlastitog \u017eivota prenijeti istinu i pouku\u201c, kazao je fra Ante Vukoja.<\/p>\n\n\n\n<p>Dodao je kako svjedo\u010danstva ljudi koji su pro\u0161li kroz ovisnost mladima mogu pomo\u0107i da na vrijeme razmisle o svojim \u017eivotnim odlukama. \u201eDa sam ranije imao priliku \u010duti ovakvo svjedo\u010danstvo nekoga tko je pro\u0161ao kroz pakao ovisnosti \u2013 bilo da je rije\u010d o alkoholu, drogi ili kocki \u2013 i da sam znao da postoje zajednice koje nude rje\u0161enje i pomo\u0107, vjerojatno bih ranije potra\u017eio pomo\u0107. Iz pri\u010da momaka koji prolaze kroz zajednicu vidi se da postoji svjetlo na kraju tunela, ali mi smo ti koji ga moramo izabrati\u201c, istaknuo je.<\/p>\n\n\n\n<p>U Roditeljskom vije\u0107u Gimnazije Ljubu\u0161ki uvjereni su kako \u0107e ovakvi susreti i svjedo\u010danstva biti od velike koristi prvenstveno srednjo\u0161kolcima, ali i svima koji su imali priliku \u010duti sna\u017ene \u017eivotne pri\u010de i poruke o borbi s ovisno\u0161\u0107u, odgovornosti i va\u017enosti podr\u0161ke obitelji i zajednice.<\/p>\n\n\n\n<figure class=\"wp-block-gallery has-nested-images columns-default is-cropped wp-block-gallery-2 is-layout-flex wp-block-gallery-is-layout-flex\">\n<figure class=\"wp-block-image size-large\"><img loading=\"lazy\" decoding=\"async\" width=\"1024\" height=\"768\" data-id=\"226335\" src=\"https:\/\/radioljubuski.ba\/wp-content\/uploads\/2026\/03\/IMG_1879-1024x768.jpeg\" alt=\"\" class=\"wp-image-226335\" srcset=\"https:\/\/radioljubuski.ba\/wp-content\/uploads\/2026\/03\/IMG_1879-1024x768.jpeg 1024w, https:\/\/radioljubuski.ba\/wp-content\/uploads\/2026\/03\/IMG_1879-300x225.jpeg 300w, https:\/\/radioljubuski.ba\/wp-content\/uploads\/2026\/03\/IMG_1879-768x576.jpeg 768w, https:\/\/radioljubuski.ba\/wp-content\/uploads\/2026\/03\/IMG_1879-1536x1152.jpeg 1536w, https:\/\/radioljubuski.ba\/wp-content\/uploads\/2026\/03\/IMG_1879-2048x1536.jpeg 2048w, https:\/\/radioljubuski.ba\/wp-content\/uploads\/2026\/03\/IMG_1879-16x12.jpeg 16w\" sizes=\"auto, (max-width: 1024px) 100vw, 1024px\" \/><\/figure>\n\n\n\n<figure class=\"wp-block-image size-large\"><img loading=\"lazy\" decoding=\"async\" width=\"1024\" height=\"768\" data-id=\"226336\" src=\"https:\/\/radioljubuski.ba\/wp-content\/uploads\/2026\/03\/IMG_1881-1024x768.jpeg\" alt=\"\" class=\"wp-image-226336\" srcset=\"https:\/\/radioljubuski.ba\/wp-content\/uploads\/2026\/03\/IMG_1881-1024x768.jpeg 1024w, https:\/\/radioljubuski.ba\/wp-content\/uploads\/2026\/03\/IMG_1881-300x225.jpeg 300w, https:\/\/radioljubuski.ba\/wp-content\/uploads\/2026\/03\/IMG_1881-768x576.jpeg 768w, https:\/\/radioljubuski.ba\/wp-content\/uploads\/2026\/03\/IMG_1881-1536x1152.jpeg 1536w, https:\/\/radioljubuski.ba\/wp-content\/uploads\/2026\/03\/IMG_1881-2048x1536.jpeg 2048w, https:\/\/radioljubuski.ba\/wp-content\/uploads\/2026\/03\/IMG_1881-16x12.jpeg 16w\" sizes=\"auto, (max-width: 1024px) 100vw, 1024px\" \/><\/figure>\n<\/figure>\n\n\n\n<p>G.Ili\u0107<\/p>\n","protected":false},"excerpt":{"rendered":"<p>U Domu sv. Ante na Humcu odr\u017eana je Edukativna tribina uz svjedo\u010denje biv\u0161ih ovisnika, \u0161ti\u0107enika Zajednice Milosrdni Otac iz Me\u0111ugorja, koje je organiziralo Roditeljsko vije\u0107e Gimnazije Ljubu\u0161ki u suradnji s Gimnazijom Ljubu\u0161ki. Doga\u0111aj je bio namijenjen prvenstveno u\u010denicima srednjih \u0161kola iz Ljubu\u0161kog, uz prisustvo profesora i drugih zainteresiranih gra\u0111ana. Sna\u017ena i emotivna svjedo\u010danstva mladih ljudi [&hellip;]<\/p>\n","protected":false},"author":2,"featured_media":226338,"comment_status":"closed","ping_status":"closed","sticky":false,"template":"","format":"standard","meta":{"h5ap_radio_sources":[],"footnotes":""},"categories":[1,3,28],"tags":[],"class_list":["post-226331","post","type-post","status-publish","format-standard","has-post-thumbnail","hentry","category-bihiregija","category-ljubuski","category-novosti"],"yoast_head":"<!-- This site is optimized with the Yoast SEO plugin v27.5 - https:\/\/yoast.com\/product\/yoast-seo-wordpress\/ -->\n<title>Roditeljsko vije\u0107e Gimnazije Ljubu\u0161ki organiziralo edukativnu tribinu za u\u010denike - RADIO LJUBU\u0160KI<\/title>\n<meta name=\"robots\" content=\"index, follow, max-snippet:-1, max-image-preview:large, max-video-preview:-1\" \/>\n<link rel=\"canonical\" href=\"https:\/\/radioljubuski.ba\/index.php\/2026\/03\/17\/roditeljsko-vijece-gimnazije-ljubuski-organiziralo-edukativnu-tribinu-za-ucenike\/\" \/>\n<meta property=\"og:locale\" content=\"hr_HR\" \/>\n<meta property=\"og:type\" content=\"article\" \/>\n<meta property=\"og:title\" content=\"Roditeljsko vije\u0107e Gimnazije Ljubu\u0161ki organiziralo edukativnu tribinu za u\u010denike - RADIO LJUBU\u0160KI\" \/>\n<meta property=\"og:description\" content=\"U Domu sv. Ante na Humcu odr\u017eana je Edukativna tribina uz svjedo\u010denje biv\u0161ih ovisnika, \u0161ti\u0107enika Zajednice Milosrdni Otac iz Me\u0111ugorja, koje je organiziralo Roditeljsko vije\u0107e Gimnazije Ljubu\u0161ki u suradnji s Gimnazijom Ljubu\u0161ki. Doga\u0111aj je bio namijenjen prvenstveno u\u010denicima srednjih \u0161kola iz Ljubu\u0161kog, uz prisustvo profesora i drugih zainteresiranih gra\u0111ana. Sna\u017ena i emotivna svjedo\u010danstva mladih ljudi [&hellip;]\" \/>\n<meta property=\"og:url\" content=\"https:\/\/radioljubuski.ba\/index.php\/2026\/03\/17\/roditeljsko-vijece-gimnazije-ljubuski-organiziralo-edukativnu-tribinu-za-ucenike\/\" \/>\n<meta property=\"og:site_name\" content=\"RADIO LJUBU\u0160KI\" \/>\n<meta property=\"article:publisher\" content=\"https:\/\/www.facebook.com\/Radiio-Ljubuski-1490835324566332\" \/>\n<meta property=\"article:published_time\" content=\"2026-03-17T09:35:46+00:00\" \/>\n<meta property=\"article:modified_time\" content=\"2026-03-17T09:55:39+00:00\" \/>\n<meta property=\"og:image\" content=\"https:\/\/radioljubuski.ba\/wp-content\/uploads\/2026\/03\/IMG_1884-scaled.jpeg\" \/>\n\t<meta property=\"og:image:width\" content=\"2560\" \/>\n\t<meta property=\"og:image:height\" content=\"1920\" \/>\n\t<meta property=\"og:image:type\" content=\"image\/jpeg\" \/>\n<meta name=\"author\" content=\"Radio Ljubu\u0161ki\" \/>\n<meta name=\"twitter:card\" content=\"summary_large_image\" \/>\n<meta name=\"twitter:creator\" content=\"@radioljubuski\" \/>\n<meta name=\"twitter:site\" content=\"@radioljubuski\" \/>\n<meta name=\"twitter:label1\" content=\"Napisao\/la\" \/>\n\t<meta name=\"twitter:data1\" content=\"Radio Ljubu\u0161ki\" \/>\n\t<meta name=\"twitter:label2\" content=\"Procijenjeno vrijeme \u010ditanja\" \/>\n\t<meta name=\"twitter:data2\" content=\"4 minute\" \/>\n<script type=\"application\/ld+json\" class=\"yoast-schema-graph\">{\"@context\":\"https:\\\/\\\/schema.org\",\"@graph\":[{\"@type\":\"Article\",\"@id\":\"https:\\\/\\\/radioljubuski.ba\\\/index.php\\\/2026\\\/03\\\/17\\\/roditeljsko-vijece-gimnazije-ljubuski-organiziralo-edukativnu-tribinu-za-ucenike\\\/#article\",\"isPartOf\":{\"@id\":\"https:\\\/\\\/radioljubuski.ba\\\/index.php\\\/2026\\\/03\\\/17\\\/roditeljsko-vijece-gimnazije-ljubuski-organiziralo-edukativnu-tribinu-za-ucenike\\\/\"},\"author\":{\"name\":\"Radio Ljubu\u0161ki\",\"@id\":\"https:\\\/\\\/radioljubuski.ba\\\/#\\\/schema\\\/person\\\/19fc700381a780f69665d7956c469e3b\"},\"headline\":\"Roditeljsko vije\u0107e Gimnazije Ljubu\u0161ki organiziralo edukativnu tribinu za u\u010denike\",\"datePublished\":\"2026-03-17T09:35:46+00:00\",\"dateModified\":\"2026-03-17T09:55:39+00:00\",\"mainEntityOfPage\":{\"@id\":\"https:\\\/\\\/radioljubuski.ba\\\/index.php\\\/2026\\\/03\\\/17\\\/roditeljsko-vijece-gimnazije-ljubuski-organiziralo-edukativnu-tribinu-za-ucenike\\\/\"},\"wordCount\":544,\"publisher\":{\"@id\":\"https:\\\/\\\/radioljubuski.ba\\\/#organization\"},\"image\":{\"@id\":\"https:\\\/\\\/radioljubuski.ba\\\/index.php\\\/2026\\\/03\\\/17\\\/roditeljsko-vijece-gimnazije-ljubuski-organiziralo-edukativnu-tribinu-za-ucenike\\\/#primaryimage\"},\"thumbnailUrl\":\"https:\\\/\\\/radioljubuski.ba\\\/wp-content\\\/uploads\\\/2026\\\/03\\\/IMG_1884-scaled.jpeg\",\"articleSection\":[\"BIH i regija\",\"Ljubu\u0161ki\",\"Novosti\"],\"inLanguage\":\"hr\"},{\"@type\":\"WebPage\",\"@id\":\"https:\\\/\\\/radioljubuski.ba\\\/index.php\\\/2026\\\/03\\\/17\\\/roditeljsko-vijece-gimnazije-ljubuski-organiziralo-edukativnu-tribinu-za-ucenike\\\/\",\"url\":\"https:\\\/\\\/radioljubuski.ba\\\/index.php\\\/2026\\\/03\\\/17\\\/roditeljsko-vijece-gimnazije-ljubuski-organiziralo-edukativnu-tribinu-za-ucenike\\\/\",\"name\":\"Roditeljsko vije\u0107e Gimnazije Ljubu\u0161ki organiziralo edukativnu tribinu za u\u010denike - RADIO LJUBU\u0160KI\",\"isPartOf\":{\"@id\":\"https:\\\/\\\/radioljubuski.ba\\\/#website\"},\"primaryImageOfPage\":{\"@id\":\"https:\\\/\\\/radioljubuski.ba\\\/index.php\\\/2026\\\/03\\\/17\\\/roditeljsko-vijece-gimnazije-ljubuski-organiziralo-edukativnu-tribinu-za-ucenike\\\/#primaryimage\"},\"image\":{\"@id\":\"https:\\\/\\\/radioljubuski.ba\\\/index.php\\\/2026\\\/03\\\/17\\\/roditeljsko-vijece-gimnazije-ljubuski-organiziralo-edukativnu-tribinu-za-ucenike\\\/#primaryimage\"},\"thumbnailUrl\":\"https:\\\/\\\/radioljubuski.ba\\\/wp-content\\\/uploads\\\/2026\\\/03\\\/IMG_1884-scaled.jpeg\",\"datePublished\":\"2026-03-17T09:35:46+00:00\",\"dateModified\":\"2026-03-17T09:55:39+00:00\",\"breadcrumb\":{\"@id\":\"https:\\\/\\\/radioljubuski.ba\\\/index.php\\\/2026\\\/03\\\/17\\\/roditeljsko-vijece-gimnazije-ljubuski-organiziralo-edukativnu-tribinu-za-ucenike\\\/#breadcrumb\"},\"inLanguage\":\"hr\",\"potentialAction\":[{\"@type\":\"ReadAction\",\"target\":[\"https:\\\/\\\/radioljubuski.ba\\\/index.php\\\/2026\\\/03\\\/17\\\/roditeljsko-vijece-gimnazije-ljubuski-organiziralo-edukativnu-tribinu-za-ucenike\\\/\"]}]},{\"@type\":\"ImageObject\",\"inLanguage\":\"hr\",\"@id\":\"https:\\\/\\\/radioljubuski.ba\\\/index.php\\\/2026\\\/03\\\/17\\\/roditeljsko-vijece-gimnazije-ljubuski-organiziralo-edukativnu-tribinu-za-ucenike\\\/#primaryimage\",\"url\":\"https:\\\/\\\/radioljubuski.ba\\\/wp-content\\\/uploads\\\/2026\\\/03\\\/IMG_1884-scaled.jpeg\",\"contentUrl\":\"https:\\\/\\\/radioljubuski.ba\\\/wp-content\\\/uploads\\\/2026\\\/03\\\/IMG_1884-scaled.jpeg\",\"width\":2560,\"height\":1920},{\"@type\":\"BreadcrumbList\",\"@id\":\"https:\\\/\\\/radioljubuski.ba\\\/index.php\\\/2026\\\/03\\\/17\\\/roditeljsko-vijece-gimnazije-ljubuski-organiziralo-edukativnu-tribinu-za-ucenike\\\/#breadcrumb\",\"itemListElement\":[{\"@type\":\"ListItem\",\"position\":1,\"name\":\"Po\u010detna stranica\",\"item\":\"https:\\\/\\\/radioljubuski.ba\\\/\"},{\"@type\":\"ListItem\",\"position\":2,\"name\":\"Roditeljsko vije\u0107e Gimnazije Ljubu\u0161ki organiziralo edukativnu tribinu za u\u010denike\"}]},{\"@type\":\"WebSite\",\"@id\":\"https:\\\/\\\/radioljubuski.ba\\\/#website\",\"url\":\"https:\\\/\\\/radioljubuski.ba\\\/\",\"name\":\"Radio Ljubu\u0161ki\",\"description\":\"Sun\u010dana frekvencija Hercegovine\",\"publisher\":{\"@id\":\"https:\\\/\\\/radioljubuski.ba\\\/#organization\"},\"potentialAction\":[{\"@type\":\"SearchAction\",\"target\":{\"@type\":\"EntryPoint\",\"urlTemplate\":\"https:\\\/\\\/radioljubuski.ba\\\/?s={search_term_string}\"},\"query-input\":{\"@type\":\"PropertyValueSpecification\",\"valueRequired\":true,\"valueName\":\"search_term_string\"}}],\"inLanguage\":\"hr\"},{\"@type\":\"Organization\",\"@id\":\"https:\\\/\\\/radioljubuski.ba\\\/#organization\",\"name\":\"Radio Ljubu\u0161ki\",\"url\":\"https:\\\/\\\/radioljubuski.ba\\\/\",\"logo\":{\"@type\":\"ImageObject\",\"inLanguage\":\"hr\",\"@id\":\"https:\\\/\\\/radioljubuski.ba\\\/#\\\/schema\\\/logo\\\/image\\\/\",\"url\":\"https:\\\/\\\/radioljubuski.ba\\\/wp-content\\\/uploads\\\/2021\\\/02\\\/cropped-Radio_Ljubuski_logo1.jpg\",\"contentUrl\":\"https:\\\/\\\/radioljubuski.ba\\\/wp-content\\\/uploads\\\/2021\\\/02\\\/cropped-Radio_Ljubuski_logo1.jpg\",\"width\":512,\"height\":512,\"caption\":\"Radio Ljubu\u0161ki\"},\"image\":{\"@id\":\"https:\\\/\\\/radioljubuski.ba\\\/#\\\/schema\\\/logo\\\/image\\\/\"},\"sameAs\":[\"https:\\\/\\\/www.facebook.com\\\/Radiio-Ljubuski-1490835324566332\",\"https:\\\/\\\/x.com\\\/radioljubuski\",\"https:\\\/\\\/hr.linkedin.com\\\/company\\\/radio-ljubuski\",\"https:\\\/\\\/www.youtube.com\\\/channel\\\/UCHYaeO_n0Db3tjNGudGpXyw\"]},{\"@type\":\"Person\",\"@id\":\"https:\\\/\\\/radioljubuski.ba\\\/#\\\/schema\\\/person\\\/19fc700381a780f69665d7956c469e3b\",\"name\":\"Radio Ljubu\u0161ki\"}]}<\/script>\n<!-- \/ Yoast SEO plugin. -->","yoast_head_json":{"title":"Roditeljsko vije\u0107e Gimnazije Ljubu\u0161ki organiziralo edukativnu tribinu za u\u010denike - RADIO LJUBU\u0160KI","robots":{"index":"index","follow":"follow","max-snippet":"max-snippet:-1","max-image-preview":"max-image-preview:large","max-video-preview":"max-video-preview:-1"},"canonical":"https:\/\/radioljubuski.ba\/index.php\/2026\/03\/17\/roditeljsko-vijece-gimnazije-ljubuski-organiziralo-edukativnu-tribinu-za-ucenike\/","og_locale":"hr_HR","og_type":"article","og_title":"Roditeljsko vije\u0107e Gimnazije Ljubu\u0161ki organiziralo edukativnu tribinu za u\u010denike - RADIO LJUBU\u0160KI","og_description":"U Domu sv. Ante na Humcu odr\u017eana je Edukativna tribina uz svjedo\u010denje biv\u0161ih ovisnika, \u0161ti\u0107enika Zajednice Milosrdni Otac iz Me\u0111ugorja, koje je organiziralo Roditeljsko vije\u0107e Gimnazije Ljubu\u0161ki u suradnji s Gimnazijom Ljubu\u0161ki. Doga\u0111aj je bio namijenjen prvenstveno u\u010denicima srednjih \u0161kola iz Ljubu\u0161kog, uz prisustvo profesora i drugih zainteresiranih gra\u0111ana. Sna\u017ena i emotivna svjedo\u010danstva mladih ljudi [&hellip;]","og_url":"https:\/\/radioljubuski.ba\/index.php\/2026\/03\/17\/roditeljsko-vijece-gimnazije-ljubuski-organiziralo-edukativnu-tribinu-za-ucenike\/","og_site_name":"RADIO LJUBU\u0160KI","article_publisher":"https:\/\/www.facebook.com\/Radiio-Ljubuski-1490835324566332","article_published_time":"2026-03-17T09:35:46+00:00","article_modified_time":"2026-03-17T09:55:39+00:00","og_image":[{"width":2560,"height":1920,"url":"https:\/\/radioljubuski.ba\/wp-content\/uploads\/2026\/03\/IMG_1884-scaled.jpeg","type":"image\/jpeg"}],"author":"Radio Ljubu\u0161ki","twitter_card":"summary_large_image","twitter_creator":"@radioljubuski","twitter_site":"@radioljubuski","twitter_misc":{"Napisao\/la":"Radio Ljubu\u0161ki","Procijenjeno vrijeme \u010ditanja":"4 minute"},"schema":{"@context":"https:\/\/schema.org","@graph":[{"@type":"Article","@id":"https:\/\/radioljubuski.ba\/index.php\/2026\/03\/17\/roditeljsko-vijece-gimnazije-ljubuski-organiziralo-edukativnu-tribinu-za-ucenike\/#article","isPartOf":{"@id":"https:\/\/radioljubuski.ba\/index.php\/2026\/03\/17\/roditeljsko-vijece-gimnazije-ljubuski-organiziralo-edukativnu-tribinu-za-ucenike\/"},"author":{"name":"Radio Ljubu\u0161ki","@id":"https:\/\/radioljubuski.ba\/#\/schema\/person\/19fc700381a780f69665d7956c469e3b"},"headline":"Roditeljsko vije\u0107e Gimnazije Ljubu\u0161ki organiziralo edukativnu tribinu za u\u010denike","datePublished":"2026-03-17T09:35:46+00:00","dateModified":"2026-03-17T09:55:39+00:00","mainEntityOfPage":{"@id":"https:\/\/radioljubuski.ba\/index.php\/2026\/03\/17\/roditeljsko-vijece-gimnazije-ljubuski-organiziralo-edukativnu-tribinu-za-ucenike\/"},"wordCount":544,"publisher":{"@id":"https:\/\/radioljubuski.ba\/#organization"},"image":{"@id":"https:\/\/radioljubuski.ba\/index.php\/2026\/03\/17\/roditeljsko-vijece-gimnazije-ljubuski-organiziralo-edukativnu-tribinu-za-ucenike\/#primaryimage"},"thumbnailUrl":"https:\/\/radioljubuski.ba\/wp-content\/uploads\/2026\/03\/IMG_1884-scaled.jpeg","articleSection":["BIH i regija","Ljubu\u0161ki","Novosti"],"inLanguage":"hr"},{"@type":"WebPage","@id":"https:\/\/radioljubuski.ba\/index.php\/2026\/03\/17\/roditeljsko-vijece-gimnazije-ljubuski-organiziralo-edukativnu-tribinu-za-ucenike\/","url":"https:\/\/radioljubuski.ba\/index.php\/2026\/03\/17\/roditeljsko-vijece-gimnazije-ljubuski-organiziralo-edukativnu-tribinu-za-ucenike\/","name":"Roditeljsko vije\u0107e Gimnazije Ljubu\u0161ki organiziralo edukativnu tribinu za u\u010denike - RADIO LJUBU\u0160KI","isPartOf":{"@id":"https:\/\/radioljubuski.ba\/#website"},"primaryImageOfPage":{"@id":"https:\/\/radioljubuski.ba\/index.php\/2026\/03\/17\/roditeljsko-vijece-gimnazije-ljubuski-organiziralo-edukativnu-tribinu-za-ucenike\/#primaryimage"},"image":{"@id":"https:\/\/radioljubuski.ba\/index.php\/2026\/03\/17\/roditeljsko-vijece-gimnazije-ljubuski-organiziralo-edukativnu-tribinu-za-ucenike\/#primaryimage"},"thumbnailUrl":"https:\/\/radioljubuski.ba\/wp-content\/uploads\/2026\/03\/IMG_1884-scaled.jpeg","datePublished":"2026-03-17T09:35:46+00:00","dateModified":"2026-03-17T09:55:39+00:00","breadcrumb":{"@id":"https:\/\/radioljubuski.ba\/index.php\/2026\/03\/17\/roditeljsko-vijece-gimnazije-ljubuski-organiziralo-edukativnu-tribinu-za-ucenike\/#breadcrumb"},"inLanguage":"hr","potentialAction":[{"@type":"ReadAction","target":["https:\/\/radioljubuski.ba\/index.php\/2026\/03\/17\/roditeljsko-vijece-gimnazije-ljubuski-organiziralo-edukativnu-tribinu-za-ucenike\/"]}]},{"@type":"ImageObject","inLanguage":"hr","@id":"https:\/\/radioljubuski.ba\/index.php\/2026\/03\/17\/roditeljsko-vijece-gimnazije-ljubuski-organiziralo-edukativnu-tribinu-za-ucenike\/#primaryimage","url":"https:\/\/radioljubuski.ba\/wp-content\/uploads\/2026\/03\/IMG_1884-scaled.jpeg","contentUrl":"https:\/\/radioljubuski.ba\/wp-content\/uploads\/2026\/03\/IMG_1884-scaled.jpeg","width":2560,"height":1920},{"@type":"BreadcrumbList","@id":"https:\/\/radioljubuski.ba\/index.php\/2026\/03\/17\/roditeljsko-vijece-gimnazije-ljubuski-organiziralo-edukativnu-tribinu-za-ucenike\/#breadcrumb","itemListElement":[{"@type":"ListItem","position":1,"name":"Po\u010detna stranica","item":"https:\/\/radioljubuski.ba\/"},{"@type":"ListItem","position":2,"name":"Roditeljsko vije\u0107e Gimnazije Ljubu\u0161ki organiziralo edukativnu tribinu za u\u010denike"}]},{"@type":"WebSite","@id":"https:\/\/radioljubuski.ba\/#website","url":"https:\/\/radioljubuski.ba\/","name":"Radio Ljubu\u0161ki","description":"Sun\u010dana frekvencija Hercegovine","publisher":{"@id":"https:\/\/radioljubuski.ba\/#organization"},"potentialAction":[{"@type":"SearchAction","target":{"@type":"EntryPoint","urlTemplate":"https:\/\/radioljubuski.ba\/?s={search_term_string}"},"query-input":{"@type":"PropertyValueSpecification","valueRequired":true,"valueName":"search_term_string"}}],"inLanguage":"hr"},{"@type":"Organization","@id":"https:\/\/radioljubuski.ba\/#organization","name":"Radio Ljubu\u0161ki","url":"https:\/\/radioljubuski.ba\/","logo":{"@type":"ImageObject","inLanguage":"hr","@id":"https:\/\/radioljubuski.ba\/#\/schema\/logo\/image\/","url":"https:\/\/radioljubuski.ba\/wp-content\/uploads\/2021\/02\/cropped-Radio_Ljubuski_logo1.jpg","contentUrl":"https:\/\/radioljubuski.ba\/wp-content\/uploads\/2021\/02\/cropped-Radio_Ljubuski_logo1.jpg","width":512,"height":512,"caption":"Radio Ljubu\u0161ki"},"image":{"@id":"https:\/\/radioljubuski.ba\/#\/schema\/logo\/image\/"},"sameAs":["https:\/\/www.facebook.com\/Radiio-Ljubuski-1490835324566332","https:\/\/x.com\/radioljubuski","https:\/\/hr.linkedin.com\/company\/radio-ljubuski","https:\/\/www.youtube.com\/channel\/UCHYaeO_n0Db3tjNGudGpXyw"]},{"@type":"Person","@id":"https:\/\/radioljubuski.ba\/#\/schema\/person\/19fc700381a780f69665d7956c469e3b","name":"Radio Ljubu\u0161ki"}]}},"_links":{"self":[{"href":"https:\/\/radioljubuski.ba\/index.php\/wp-json\/wp\/v2\/posts\/226331","targetHints":{"allow":["GET"]}}],"collection":[{"href":"https:\/\/radioljubuski.ba\/index.php\/wp-json\/wp\/v2\/posts"}],"about":[{"href":"https:\/\/radioljubuski.ba\/index.php\/wp-json\/wp\/v2\/types\/post"}],"author":[{"embeddable":true,"href":"https:\/\/radioljubuski.ba\/index.php\/wp-json\/wp\/v2\/users\/2"}],"replies":[{"embeddable":true,"href":"https:\/\/radioljubuski.ba\/index.php\/wp-json\/wp\/v2\/comments?post=226331"}],"version-history":[{"count":2,"href":"https:\/\/radioljubuski.ba\/index.php\/wp-json\/wp\/v2\/posts\/226331\/revisions"}],"predecessor-version":[{"id":226350,"href":"https:\/\/radioljubuski.ba\/index.php\/wp-json\/wp\/v2\/posts\/226331\/revisions\/226350"}],"wp:featuredmedia":[{"embeddable":true,"href":"https:\/\/radioljubuski.ba\/index.php\/wp-json\/wp\/v2\/media\/226338"}],"wp:attachment":[{"href":"https:\/\/radioljubuski.ba\/index.php\/wp-json\/wp\/v2\/media?parent=226331"}],"wp:term":[{"taxonomy":"category","embeddable":true,"href":"https:\/\/radioljubuski.ba\/index.php\/wp-json\/wp\/v2\/categories?post=226331"},{"taxonomy":"post_tag","embeddable":true,"href":"https:\/\/radioljubuski.ba\/index.php\/wp-json\/wp\/v2\/tags?post=226331"}],"curies":[{"name":"wp","href":"https:\/\/api.w.org\/{rel}","templated":true}]}}