{"id":226340,"date":"2026-03-16T14:19:23","date_gmt":"2026-03-16T13:19:23","guid":{"rendered":"https:\/\/radioljubuski.ba\/?p=226340"},"modified":"2026-03-18T10:12:14","modified_gmt":"2026-03-18T09:12:14","slug":"filmska-srijeda-u-kinu-ljubuski-donosi-avanturu-za-najmlade-i-akcijski-triler-za-vecernju-publiku","status":"publish","type":"post","link":"https:\/\/radioljubuski.ba\/index.php\/2026\/03\/16\/filmska-srijeda-u-kinu-ljubuski-donosi-avanturu-za-najmlade-i-akcijski-triler-za-vecernju-publiku\/","title":{"rendered":"Filmska srijeda u Kinu Ljubu\u0161ki donosi avanturu za najmla\u0111e i akcijski triler za ve\u010dernju publiku"},"content":{"rendered":"\n<p>Ljubitelji filma i ove srijede dolaze na svoje u kinu u Ljubu\u0161kom. Na rasporedu su dva filma koja donose potpuno razli\u010dite pri\u010de, avanturisti\u010dku obiteljsku pri\u010du za mla\u0111u publiku te napeti akcijski triler za ve\u010dernji termin.<\/p>\n\n\n\n<p>Program zapo\u010dinje u 18 sati projekcijom filma <strong>\u201cGlavonja\u201d<\/strong>, dje\u010dje avanture koja je ve\u0107 osvojila simpatije i djece i roditelja. Radnja prati djevoj\u010dicu Alisu koja kre\u0107e u potragu za svojim roditeljima nakon njihovog misterioznog nestanka. U toj avanturi pridru\u017euje joj se ekipa dje\u010daka detektiva, ali i njezin neobi\u010dni brat koji svijet promatra na druga\u010diji na\u010din. Upravo ta posebna perspektiva pokazat \u0107e se klju\u010dnom u rje\u0161avanju misterija.<\/p>\n\n\n\n<p>Ve\u010dernji termin u 20:30 rezerviran je za akcijski triler <strong>\u201cUto\u010di\u0161te\u201d (Shelter)<\/strong> koji donosi napetost i misterioznu pri\u010du. U glavnoj ulozi pojavljuje se poznati akcijski glumac Jason Statham, dok je redatelj filma Rick Roman Waugh, autor akcijskih hitova poput Greenland i Angel Has Fallen.<\/p>\n\n\n\n<p>Radnja prati povu\u010denog mu\u0161karca koji na izoliranom \u0161kotskom otoku pronalazi djevojku u moru. Taj susret pokre\u0107e niz doga\u0111aja koji ga prisiljavaju da se suo\u010di s vlastitom pro\u0161lo\u0161\u0107u, ali i s opasnostima koje prijete djevojci. Film traje 1 sat i 47 minuta, dobna preporuka 15+ godina.<\/p>\n\n\n\n<p>Ulaznice za obje projekcije dostupne su po cijeni od 5 KM, a iz kina pozivaju sve ljubitelje sedme umjetnosti da srijedu nave\u010der provedu uz dobar film i kino atmosferu.<\/p>\n\n\n\n<p>Ulaznice se mogu kupiti isklju\u010divo na dan projekcije. Kino se otvara u 17:00 sati, odnosno jedan sat prije prve projekcije, a ulaznice se kupuju na pultu kina.<br><br>Za sve novosti, najave projekcija i dodatne informacije pratite kino na dru\u0161tvenim mre\u017eama Facebook i Instagram.<\/p>\n\n\n\n<figure class=\"wp-block-gallery has-nested-images columns-default is-cropped wp-block-gallery-1 is-layout-flex wp-block-gallery-is-layout-flex\">\n<figure class=\"wp-block-image size-large\"><img loading=\"lazy\" decoding=\"async\" width=\"819\" height=\"1024\" data-id=\"226343\" src=\"https:\/\/radioljubuski.ba\/wp-content\/uploads\/2026\/03\/Glavonja-819x1024.jpg\" alt=\"\" class=\"wp-image-226343\" srcset=\"https:\/\/radioljubuski.ba\/wp-content\/uploads\/2026\/03\/Glavonja-819x1024.jpg 819w, https:\/\/radioljubuski.ba\/wp-content\/uploads\/2026\/03\/Glavonja-240x300.jpg 240w, https:\/\/radioljubuski.ba\/wp-content\/uploads\/2026\/03\/Glavonja-768x960.jpg 768w, https:\/\/radioljubuski.ba\/wp-content\/uploads\/2026\/03\/Glavonja-10x12.jpg 10w, https:\/\/radioljubuski.ba\/wp-content\/uploads\/2026\/03\/Glavonja.jpg 1074w\" sizes=\"auto, (max-width: 819px) 100vw, 819px\" \/><\/figure>\n\n\n\n<figure class=\"wp-block-image size-large\"><img loading=\"lazy\" decoding=\"async\" width=\"819\" height=\"1024\" data-id=\"226344\" src=\"https:\/\/radioljubuski.ba\/wp-content\/uploads\/2026\/03\/Utociste-819x1024.jpg\" alt=\"\" class=\"wp-image-226344\" srcset=\"https:\/\/radioljubuski.ba\/wp-content\/uploads\/2026\/03\/Utociste-819x1024.jpg 819w, https:\/\/radioljubuski.ba\/wp-content\/uploads\/2026\/03\/Utociste-240x300.jpg 240w, https:\/\/radioljubuski.ba\/wp-content\/uploads\/2026\/03\/Utociste-768x960.jpg 768w, https:\/\/radioljubuski.ba\/wp-content\/uploads\/2026\/03\/Utociste-10x12.jpg 10w, https:\/\/radioljubuski.ba\/wp-content\/uploads\/2026\/03\/Utociste.jpg 1074w\" sizes=\"auto, (max-width: 819px) 100vw, 819px\" \/><\/figure>\n<\/figure>\n","protected":false},"excerpt":{"rendered":"<p>Ljubitelji filma i ove srijede dolaze na svoje u kinu u Ljubu\u0161kom. Na rasporedu su dva filma koja donose potpuno razli\u010dite pri\u010de, avanturisti\u010dku obiteljsku pri\u010du za mla\u0111u publiku te napeti akcijski triler za ve\u010dernji termin. Program zapo\u010dinje u 18 sati projekcijom filma \u201cGlavonja\u201d, dje\u010dje avanture koja je ve\u0107 osvojila simpatije i djece i roditelja. Radnja [&hellip;]<\/p>\n","protected":false},"author":2,"featured_media":226341,"comment_status":"closed","ping_status":"closed","sticky":false,"template":"","format":"standard","meta":{"h5ap_radio_sources":[],"footnotes":""},"categories":[66],"tags":[],"class_list":["post-226340","post","type-post","status-publish","format-standard","has-post-thumbnail","hentry","category-kino-ljubuski"],"yoast_head":"<!-- This site is optimized with the Yoast SEO plugin v27.5 - https:\/\/yoast.com\/product\/yoast-seo-wordpress\/ -->\n<title>Filmska srijeda u Kinu Ljubu\u0161ki donosi avanturu za najmla\u0111e i akcijski triler za ve\u010dernju publiku - RADIO LJUBU\u0160KI<\/title>\n<meta name=\"robots\" content=\"index, follow, max-snippet:-1, max-image-preview:large, max-video-preview:-1\" \/>\n<link rel=\"canonical\" href=\"https:\/\/radioljubuski.ba\/index.php\/2026\/03\/16\/filmska-srijeda-u-kinu-ljubuski-donosi-avanturu-za-najmlade-i-akcijski-triler-za-vecernju-publiku\/\" \/>\n<meta property=\"og:locale\" content=\"hr_HR\" \/>\n<meta property=\"og:type\" content=\"article\" \/>\n<meta property=\"og:title\" content=\"Filmska srijeda u Kinu Ljubu\u0161ki donosi avanturu za najmla\u0111e i akcijski triler za ve\u010dernju publiku - RADIO LJUBU\u0160KI\" \/>\n<meta property=\"og:description\" content=\"Ljubitelji filma i ove srijede dolaze na svoje u kinu u Ljubu\u0161kom. Na rasporedu su dva filma koja donose potpuno razli\u010dite pri\u010de, avanturisti\u010dku obiteljsku pri\u010du za mla\u0111u publiku te napeti akcijski triler za ve\u010dernji termin. Program zapo\u010dinje u 18 sati projekcijom filma \u201cGlavonja\u201d, dje\u010dje avanture koja je ve\u0107 osvojila simpatije i djece i roditelja. Radnja [&hellip;]\" \/>\n<meta property=\"og:url\" content=\"https:\/\/radioljubuski.ba\/index.php\/2026\/03\/16\/filmska-srijeda-u-kinu-ljubuski-donosi-avanturu-za-najmlade-i-akcijski-triler-za-vecernju-publiku\/\" \/>\n<meta property=\"og:site_name\" content=\"RADIO LJUBU\u0160KI\" \/>\n<meta property=\"article:publisher\" content=\"https:\/\/www.facebook.com\/Radiio-Ljubuski-1490835324566332\" \/>\n<meta property=\"article:published_time\" content=\"2026-03-16T13:19:23+00:00\" \/>\n<meta property=\"article:modified_time\" content=\"2026-03-18T09:12:14+00:00\" \/>\n<meta property=\"og:image\" content=\"https:\/\/radioljubuski.ba\/wp-content\/uploads\/2026\/03\/Cover.png\" \/>\n\t<meta property=\"og:image:width\" content=\"2026\" \/>\n\t<meta property=\"og:image:height\" content=\"1351\" \/>\n\t<meta property=\"og:image:type\" content=\"image\/png\" \/>\n<meta name=\"author\" content=\"Radio Ljubu\u0161ki\" \/>\n<meta name=\"twitter:card\" content=\"summary_large_image\" \/>\n<meta name=\"twitter:creator\" content=\"@radioljubuski\" \/>\n<meta name=\"twitter:site\" content=\"@radioljubuski\" \/>\n<meta name=\"twitter:label1\" content=\"Napisao\/la\" \/>\n\t<meta name=\"twitter:data1\" content=\"Radio Ljubu\u0161ki\" \/>\n\t<meta name=\"twitter:label2\" content=\"Procijenjeno vrijeme \u010ditanja\" \/>\n\t<meta name=\"twitter:data2\" content=\"3 minute\" \/>\n<script type=\"application\/ld+json\" class=\"yoast-schema-graph\">{\"@context\":\"https:\\\/\\\/schema.org\",\"@graph\":[{\"@type\":\"Article\",\"@id\":\"https:\\\/\\\/radioljubuski.ba\\\/index.php\\\/2026\\\/03\\\/16\\\/filmska-srijeda-u-kinu-ljubuski-donosi-avanturu-za-najmlade-i-akcijski-triler-za-vecernju-publiku\\\/#article\",\"isPartOf\":{\"@id\":\"https:\\\/\\\/radioljubuski.ba\\\/index.php\\\/2026\\\/03\\\/16\\\/filmska-srijeda-u-kinu-ljubuski-donosi-avanturu-za-najmlade-i-akcijski-triler-za-vecernju-publiku\\\/\"},\"author\":{\"name\":\"Radio Ljubu\u0161ki\",\"@id\":\"https:\\\/\\\/radioljubuski.ba\\\/#\\\/schema\\\/person\\\/19fc700381a780f69665d7956c469e3b\"},\"headline\":\"Filmska srijeda u Kinu Ljubu\u0161ki donosi avanturu za najmla\u0111e i akcijski triler za ve\u010dernju publiku\",\"datePublished\":\"2026-03-16T13:19:23+00:00\",\"dateModified\":\"2026-03-18T09:12:14+00:00\",\"mainEntityOfPage\":{\"@id\":\"https:\\\/\\\/radioljubuski.ba\\\/index.php\\\/2026\\\/03\\\/16\\\/filmska-srijeda-u-kinu-ljubuski-donosi-avanturu-za-najmlade-i-akcijski-triler-za-vecernju-publiku\\\/\"},\"wordCount\":304,\"publisher\":{\"@id\":\"https:\\\/\\\/radioljubuski.ba\\\/#organization\"},\"image\":{\"@id\":\"https:\\\/\\\/radioljubuski.ba\\\/index.php\\\/2026\\\/03\\\/16\\\/filmska-srijeda-u-kinu-ljubuski-donosi-avanturu-za-najmlade-i-akcijski-triler-za-vecernju-publiku\\\/#primaryimage\"},\"thumbnailUrl\":\"https:\\\/\\\/radioljubuski.ba\\\/wp-content\\\/uploads\\\/2026\\\/03\\\/Cover.png\",\"articleSection\":[\"Kino Ljubu\u0161ki\"],\"inLanguage\":\"hr\"},{\"@type\":\"WebPage\",\"@id\":\"https:\\\/\\\/radioljubuski.ba\\\/index.php\\\/2026\\\/03\\\/16\\\/filmska-srijeda-u-kinu-ljubuski-donosi-avanturu-za-najmlade-i-akcijski-triler-za-vecernju-publiku\\\/\",\"url\":\"https:\\\/\\\/radioljubuski.ba\\\/index.php\\\/2026\\\/03\\\/16\\\/filmska-srijeda-u-kinu-ljubuski-donosi-avanturu-za-najmlade-i-akcijski-triler-za-vecernju-publiku\\\/\",\"name\":\"Filmska srijeda u Kinu Ljubu\u0161ki donosi avanturu za najmla\u0111e i akcijski triler za ve\u010dernju publiku - RADIO LJUBU\u0160KI\",\"isPartOf\":{\"@id\":\"https:\\\/\\\/radioljubuski.ba\\\/#website\"},\"primaryImageOfPage\":{\"@id\":\"https:\\\/\\\/radioljubuski.ba\\\/index.php\\\/2026\\\/03\\\/16\\\/filmska-srijeda-u-kinu-ljubuski-donosi-avanturu-za-najmlade-i-akcijski-triler-za-vecernju-publiku\\\/#primaryimage\"},\"image\":{\"@id\":\"https:\\\/\\\/radioljubuski.ba\\\/index.php\\\/2026\\\/03\\\/16\\\/filmska-srijeda-u-kinu-ljubuski-donosi-avanturu-za-najmlade-i-akcijski-triler-za-vecernju-publiku\\\/#primaryimage\"},\"thumbnailUrl\":\"https:\\\/\\\/radioljubuski.ba\\\/wp-content\\\/uploads\\\/2026\\\/03\\\/Cover.png\",\"datePublished\":\"2026-03-16T13:19:23+00:00\",\"dateModified\":\"2026-03-18T09:12:14+00:00\",\"breadcrumb\":{\"@id\":\"https:\\\/\\\/radioljubuski.ba\\\/index.php\\\/2026\\\/03\\\/16\\\/filmska-srijeda-u-kinu-ljubuski-donosi-avanturu-za-najmlade-i-akcijski-triler-za-vecernju-publiku\\\/#breadcrumb\"},\"inLanguage\":\"hr\",\"potentialAction\":[{\"@type\":\"ReadAction\",\"target\":[\"https:\\\/\\\/radioljubuski.ba\\\/index.php\\\/2026\\\/03\\\/16\\\/filmska-srijeda-u-kinu-ljubuski-donosi-avanturu-za-najmlade-i-akcijski-triler-za-vecernju-publiku\\\/\"]}]},{\"@type\":\"ImageObject\",\"inLanguage\":\"hr\",\"@id\":\"https:\\\/\\\/radioljubuski.ba\\\/index.php\\\/2026\\\/03\\\/16\\\/filmska-srijeda-u-kinu-ljubuski-donosi-avanturu-za-najmlade-i-akcijski-triler-za-vecernju-publiku\\\/#primaryimage\",\"url\":\"https:\\\/\\\/radioljubuski.ba\\\/wp-content\\\/uploads\\\/2026\\\/03\\\/Cover.png\",\"contentUrl\":\"https:\\\/\\\/radioljubuski.ba\\\/wp-content\\\/uploads\\\/2026\\\/03\\\/Cover.png\",\"width\":2026,\"height\":1351},{\"@type\":\"BreadcrumbList\",\"@id\":\"https:\\\/\\\/radioljubuski.ba\\\/index.php\\\/2026\\\/03\\\/16\\\/filmska-srijeda-u-kinu-ljubuski-donosi-avanturu-za-najmlade-i-akcijski-triler-za-vecernju-publiku\\\/#breadcrumb\",\"itemListElement\":[{\"@type\":\"ListItem\",\"position\":1,\"name\":\"Po\u010detna stranica\",\"item\":\"https:\\\/\\\/radioljubuski.ba\\\/\"},{\"@type\":\"ListItem\",\"position\":2,\"name\":\"Filmska srijeda u Kinu Ljubu\u0161ki donosi avanturu za najmla\u0111e i akcijski triler za ve\u010dernju publiku\"}]},{\"@type\":\"WebSite\",\"@id\":\"https:\\\/\\\/radioljubuski.ba\\\/#website\",\"url\":\"https:\\\/\\\/radioljubuski.ba\\\/\",\"name\":\"Radio Ljubu\u0161ki\",\"description\":\"Sun\u010dana frekvencija Hercegovine\",\"publisher\":{\"@id\":\"https:\\\/\\\/radioljubuski.ba\\\/#organization\"},\"potentialAction\":[{\"@type\":\"SearchAction\",\"target\":{\"@type\":\"EntryPoint\",\"urlTemplate\":\"https:\\\/\\\/radioljubuski.ba\\\/?s={search_term_string}\"},\"query-input\":{\"@type\":\"PropertyValueSpecification\",\"valueRequired\":true,\"valueName\":\"search_term_string\"}}],\"inLanguage\":\"hr\"},{\"@type\":\"Organization\",\"@id\":\"https:\\\/\\\/radioljubuski.ba\\\/#organization\",\"name\":\"Radio Ljubu\u0161ki\",\"url\":\"https:\\\/\\\/radioljubuski.ba\\\/\",\"logo\":{\"@type\":\"ImageObject\",\"inLanguage\":\"hr\",\"@id\":\"https:\\\/\\\/radioljubuski.ba\\\/#\\\/schema\\\/logo\\\/image\\\/\",\"url\":\"https:\\\/\\\/radioljubuski.ba\\\/wp-content\\\/uploads\\\/2021\\\/02\\\/cropped-Radio_Ljubuski_logo1.jpg\",\"contentUrl\":\"https:\\\/\\\/radioljubuski.ba\\\/wp-content\\\/uploads\\\/2021\\\/02\\\/cropped-Radio_Ljubuski_logo1.jpg\",\"width\":512,\"height\":512,\"caption\":\"Radio Ljubu\u0161ki\"},\"image\":{\"@id\":\"https:\\\/\\\/radioljubuski.ba\\\/#\\\/schema\\\/logo\\\/image\\\/\"},\"sameAs\":[\"https:\\\/\\\/www.facebook.com\\\/Radiio-Ljubuski-1490835324566332\",\"https:\\\/\\\/x.com\\\/radioljubuski\",\"https:\\\/\\\/hr.linkedin.com\\\/company\\\/radio-ljubuski\",\"https:\\\/\\\/www.youtube.com\\\/channel\\\/UCHYaeO_n0Db3tjNGudGpXyw\"]},{\"@type\":\"Person\",\"@id\":\"https:\\\/\\\/radioljubuski.ba\\\/#\\\/schema\\\/person\\\/19fc700381a780f69665d7956c469e3b\",\"name\":\"Radio Ljubu\u0161ki\"}]}<\/script>\n<!-- \/ Yoast SEO plugin. -->","yoast_head_json":{"title":"Filmska srijeda u Kinu Ljubu\u0161ki donosi avanturu za najmla\u0111e i akcijski triler za ve\u010dernju publiku - RADIO LJUBU\u0160KI","robots":{"index":"index","follow":"follow","max-snippet":"max-snippet:-1","max-image-preview":"max-image-preview:large","max-video-preview":"max-video-preview:-1"},"canonical":"https:\/\/radioljubuski.ba\/index.php\/2026\/03\/16\/filmska-srijeda-u-kinu-ljubuski-donosi-avanturu-za-najmlade-i-akcijski-triler-za-vecernju-publiku\/","og_locale":"hr_HR","og_type":"article","og_title":"Filmska srijeda u Kinu Ljubu\u0161ki donosi avanturu za najmla\u0111e i akcijski triler za ve\u010dernju publiku - RADIO LJUBU\u0160KI","og_description":"Ljubitelji filma i ove srijede dolaze na svoje u kinu u Ljubu\u0161kom. Na rasporedu su dva filma koja donose potpuno razli\u010dite pri\u010de, avanturisti\u010dku obiteljsku pri\u010du za mla\u0111u publiku te napeti akcijski triler za ve\u010dernji termin. Program zapo\u010dinje u 18 sati projekcijom filma \u201cGlavonja\u201d, dje\u010dje avanture koja je ve\u0107 osvojila simpatije i djece i roditelja. Radnja [&hellip;]","og_url":"https:\/\/radioljubuski.ba\/index.php\/2026\/03\/16\/filmska-srijeda-u-kinu-ljubuski-donosi-avanturu-za-najmlade-i-akcijski-triler-za-vecernju-publiku\/","og_site_name":"RADIO LJUBU\u0160KI","article_publisher":"https:\/\/www.facebook.com\/Radiio-Ljubuski-1490835324566332","article_published_time":"2026-03-16T13:19:23+00:00","article_modified_time":"2026-03-18T09:12:14+00:00","og_image":[{"width":2026,"height":1351,"url":"https:\/\/radioljubuski.ba\/wp-content\/uploads\/2026\/03\/Cover.png","type":"image\/png"}],"author":"Radio Ljubu\u0161ki","twitter_card":"summary_large_image","twitter_creator":"@radioljubuski","twitter_site":"@radioljubuski","twitter_misc":{"Napisao\/la":"Radio Ljubu\u0161ki","Procijenjeno vrijeme \u010ditanja":"3 minute"},"schema":{"@context":"https:\/\/schema.org","@graph":[{"@type":"Article","@id":"https:\/\/radioljubuski.ba\/index.php\/2026\/03\/16\/filmska-srijeda-u-kinu-ljubuski-donosi-avanturu-za-najmlade-i-akcijski-triler-za-vecernju-publiku\/#article","isPartOf":{"@id":"https:\/\/radioljubuski.ba\/index.php\/2026\/03\/16\/filmska-srijeda-u-kinu-ljubuski-donosi-avanturu-za-najmlade-i-akcijski-triler-za-vecernju-publiku\/"},"author":{"name":"Radio Ljubu\u0161ki","@id":"https:\/\/radioljubuski.ba\/#\/schema\/person\/19fc700381a780f69665d7956c469e3b"},"headline":"Filmska srijeda u Kinu Ljubu\u0161ki donosi avanturu za najmla\u0111e i akcijski triler za ve\u010dernju publiku","datePublished":"2026-03-16T13:19:23+00:00","dateModified":"2026-03-18T09:12:14+00:00","mainEntityOfPage":{"@id":"https:\/\/radioljubuski.ba\/index.php\/2026\/03\/16\/filmska-srijeda-u-kinu-ljubuski-donosi-avanturu-za-najmlade-i-akcijski-triler-za-vecernju-publiku\/"},"wordCount":304,"publisher":{"@id":"https:\/\/radioljubuski.ba\/#organization"},"image":{"@id":"https:\/\/radioljubuski.ba\/index.php\/2026\/03\/16\/filmska-srijeda-u-kinu-ljubuski-donosi-avanturu-za-najmlade-i-akcijski-triler-za-vecernju-publiku\/#primaryimage"},"thumbnailUrl":"https:\/\/radioljubuski.ba\/wp-content\/uploads\/2026\/03\/Cover.png","articleSection":["Kino Ljubu\u0161ki"],"inLanguage":"hr"},{"@type":"WebPage","@id":"https:\/\/radioljubuski.ba\/index.php\/2026\/03\/16\/filmska-srijeda-u-kinu-ljubuski-donosi-avanturu-za-najmlade-i-akcijski-triler-za-vecernju-publiku\/","url":"https:\/\/radioljubuski.ba\/index.php\/2026\/03\/16\/filmska-srijeda-u-kinu-ljubuski-donosi-avanturu-za-najmlade-i-akcijski-triler-za-vecernju-publiku\/","name":"Filmska srijeda u Kinu Ljubu\u0161ki donosi avanturu za najmla\u0111e i akcijski triler za ve\u010dernju publiku - RADIO LJUBU\u0160KI","isPartOf":{"@id":"https:\/\/radioljubuski.ba\/#website"},"primaryImageOfPage":{"@id":"https:\/\/radioljubuski.ba\/index.php\/2026\/03\/16\/filmska-srijeda-u-kinu-ljubuski-donosi-avanturu-za-najmlade-i-akcijski-triler-za-vecernju-publiku\/#primaryimage"},"image":{"@id":"https:\/\/radioljubuski.ba\/index.php\/2026\/03\/16\/filmska-srijeda-u-kinu-ljubuski-donosi-avanturu-za-najmlade-i-akcijski-triler-za-vecernju-publiku\/#primaryimage"},"thumbnailUrl":"https:\/\/radioljubuski.ba\/wp-content\/uploads\/2026\/03\/Cover.png","datePublished":"2026-03-16T13:19:23+00:00","dateModified":"2026-03-18T09:12:14+00:00","breadcrumb":{"@id":"https:\/\/radioljubuski.ba\/index.php\/2026\/03\/16\/filmska-srijeda-u-kinu-ljubuski-donosi-avanturu-za-najmlade-i-akcijski-triler-za-vecernju-publiku\/#breadcrumb"},"inLanguage":"hr","potentialAction":[{"@type":"ReadAction","target":["https:\/\/radioljubuski.ba\/index.php\/2026\/03\/16\/filmska-srijeda-u-kinu-ljubuski-donosi-avanturu-za-najmlade-i-akcijski-triler-za-vecernju-publiku\/"]}]},{"@type":"ImageObject","inLanguage":"hr","@id":"https:\/\/radioljubuski.ba\/index.php\/2026\/03\/16\/filmska-srijeda-u-kinu-ljubuski-donosi-avanturu-za-najmlade-i-akcijski-triler-za-vecernju-publiku\/#primaryimage","url":"https:\/\/radioljubuski.ba\/wp-content\/uploads\/2026\/03\/Cover.png","contentUrl":"https:\/\/radioljubuski.ba\/wp-content\/uploads\/2026\/03\/Cover.png","width":2026,"height":1351},{"@type":"BreadcrumbList","@id":"https:\/\/radioljubuski.ba\/index.php\/2026\/03\/16\/filmska-srijeda-u-kinu-ljubuski-donosi-avanturu-za-najmlade-i-akcijski-triler-za-vecernju-publiku\/#breadcrumb","itemListElement":[{"@type":"ListItem","position":1,"name":"Po\u010detna stranica","item":"https:\/\/radioljubuski.ba\/"},{"@type":"ListItem","position":2,"name":"Filmska srijeda u Kinu Ljubu\u0161ki donosi avanturu za najmla\u0111e i akcijski triler za ve\u010dernju publiku"}]},{"@type":"WebSite","@id":"https:\/\/radioljubuski.ba\/#website","url":"https:\/\/radioljubuski.ba\/","name":"Radio Ljubu\u0161ki","description":"Sun\u010dana frekvencija Hercegovine","publisher":{"@id":"https:\/\/radioljubuski.ba\/#organization"},"potentialAction":[{"@type":"SearchAction","target":{"@type":"EntryPoint","urlTemplate":"https:\/\/radioljubuski.ba\/?s={search_term_string}"},"query-input":{"@type":"PropertyValueSpecification","valueRequired":true,"valueName":"search_term_string"}}],"inLanguage":"hr"},{"@type":"Organization","@id":"https:\/\/radioljubuski.ba\/#organization","name":"Radio Ljubu\u0161ki","url":"https:\/\/radioljubuski.ba\/","logo":{"@type":"ImageObject","inLanguage":"hr","@id":"https:\/\/radioljubuski.ba\/#\/schema\/logo\/image\/","url":"https:\/\/radioljubuski.ba\/wp-content\/uploads\/2021\/02\/cropped-Radio_Ljubuski_logo1.jpg","contentUrl":"https:\/\/radioljubuski.ba\/wp-content\/uploads\/2021\/02\/cropped-Radio_Ljubuski_logo1.jpg","width":512,"height":512,"caption":"Radio Ljubu\u0161ki"},"image":{"@id":"https:\/\/radioljubuski.ba\/#\/schema\/logo\/image\/"},"sameAs":["https:\/\/www.facebook.com\/Radiio-Ljubuski-1490835324566332","https:\/\/x.com\/radioljubuski","https:\/\/hr.linkedin.com\/company\/radio-ljubuski","https:\/\/www.youtube.com\/channel\/UCHYaeO_n0Db3tjNGudGpXyw"]},{"@type":"Person","@id":"https:\/\/radioljubuski.ba\/#\/schema\/person\/19fc700381a780f69665d7956c469e3b","name":"Radio Ljubu\u0161ki"}]}},"_links":{"self":[{"href":"https:\/\/radioljubuski.ba\/index.php\/wp-json\/wp\/v2\/posts\/226340","targetHints":{"allow":["GET"]}}],"collection":[{"href":"https:\/\/radioljubuski.ba\/index.php\/wp-json\/wp\/v2\/posts"}],"about":[{"href":"https:\/\/radioljubuski.ba\/index.php\/wp-json\/wp\/v2\/types\/post"}],"author":[{"embeddable":true,"href":"https:\/\/radioljubuski.ba\/index.php\/wp-json\/wp\/v2\/users\/2"}],"replies":[{"embeddable":true,"href":"https:\/\/radioljubuski.ba\/index.php\/wp-json\/wp\/v2\/comments?post=226340"}],"version-history":[{"count":1,"href":"https:\/\/radioljubuski.ba\/index.php\/wp-json\/wp\/v2\/posts\/226340\/revisions"}],"predecessor-version":[{"id":226345,"href":"https:\/\/radioljubuski.ba\/index.php\/wp-json\/wp\/v2\/posts\/226340\/revisions\/226345"}],"wp:featuredmedia":[{"embeddable":true,"href":"https:\/\/radioljubuski.ba\/index.php\/wp-json\/wp\/v2\/media\/226341"}],"wp:attachment":[{"href":"https:\/\/radioljubuski.ba\/index.php\/wp-json\/wp\/v2\/media?parent=226340"}],"wp:term":[{"taxonomy":"category","embeddable":true,"href":"https:\/\/radioljubuski.ba\/index.php\/wp-json\/wp\/v2\/categories?post=226340"},{"taxonomy":"post_tag","embeddable":true,"href":"https:\/\/radioljubuski.ba\/index.php\/wp-json\/wp\/v2\/tags?post=226340"}],"curies":[{"name":"wp","href":"https:\/\/api.w.org\/{rel}","templated":true}]}}