{"id":226352,"date":"2026-03-17T11:06:15","date_gmt":"2026-03-17T10:06:15","guid":{"rendered":"https:\/\/radioljubuski.ba\/?p=226352"},"modified":"2026-03-19T11:47:00","modified_gmt":"2026-03-19T10:47:00","slug":"ja-u-svom-gradu-u-petak-obiljezavanje-svjetskog-dana-down-sindroma-u-ljubuskom","status":"publish","type":"post","link":"https:\/\/radioljubuski.ba\/index.php\/2026\/03\/17\/ja-u-svom-gradu-u-petak-obiljezavanje-svjetskog-dana-down-sindroma-u-ljubuskom\/","title":{"rendered":"\u201eJa u svom gradu!\u201c: U petak obilje\u017eavanje Svjetskog dana Down sindroma u Ljubu\u0161kom"},"content":{"rendered":"\n<p>U&nbsp;petak,&nbsp;20.&nbsp;o\u017eujka,&nbsp;u&nbsp;Ljubu\u0161kom&nbsp;\u0107e&nbsp;se&nbsp;odr\u017eati&nbsp;doga\u0111aj&nbsp;<strong>\u201eJa&nbsp;u&nbsp;svom&nbsp;gradu!\u201c<\/strong>&nbsp;povodom&nbsp;Svjetskog&nbsp;dana&nbsp;osoba&nbsp;s&nbsp;Down&nbsp;sindromom.<\/p>\n\n\n\n<p>Doga\u0111aj\u00a0organizira\u00a0<strong>Udruga\u00a0Duga<\/strong>\u00a0u\u00a0suradnji\u00a0s\u00a0<strong>JU\u00a0Edukacijsko-rehabilitacijskim\u00a0centrom\u00a0za\u00a0djecu,\u00a0mlade\u00a0i\u00a0odrasle\u00a0osobe\u00a0s\u00a0te\u0161ko\u0107ama\u00a0u\u00a0razvoju\u00a0Ljubu\u0161ki<\/strong>\u00a0te\u00a0osnovnim\u00a0\u0161kolama\u00a0s\u00a0podru\u010dja\u00a0grada Ljubu\u0161kog.<\/p>\n\n\n\n<p>Ovom&nbsp;prilikom&nbsp;gra\u0111ani&nbsp;\u0107e&nbsp;imati&nbsp;priliku&nbsp;upoznati&nbsp;djecu&nbsp;s&nbsp;Down&nbsp;sindromom&nbsp;i&nbsp;sudjelovati&nbsp;u&nbsp;raznim&nbsp;aktivnostima&nbsp;koje&nbsp;su&nbsp;pripremili&nbsp;sudionici&nbsp;programa.&nbsp;Osim&nbsp;kreativnih&nbsp;radionica,&nbsp;posjetitelje&nbsp;o\u010dekuje&nbsp;i&nbsp;ples,&nbsp;dru\u017eenje&nbsp;te&nbsp;okrjepa&nbsp;uz&nbsp;kavu&nbsp;i&nbsp;hranu.<\/p>\n\n\n\n<p>Cilj&nbsp;doga\u0111aja&nbsp;je&nbsp;promicanje&nbsp;inkluzije,&nbsp;prihva\u0107anja&nbsp;i&nbsp;zajedni\u0161tva,&nbsp;uz&nbsp;poruku&nbsp;da&nbsp;smo&nbsp;svi&nbsp;razli\u010diti,&nbsp;ali&nbsp;dio&nbsp;istog&nbsp;grada.<\/p>\n\n\n\n<p>\ud83d\udccd&nbsp;<strong>Trg&nbsp;dr.&nbsp;Franje&nbsp;Tu\u0111mana<\/strong><br><br>\ud83d\udd59&nbsp;<strong>10:00&nbsp;sati<\/strong><\/p>\n\n\n\n<p>Organizatori&nbsp;pozivaju&nbsp;sve&nbsp;gra\u0111ane&nbsp;da&nbsp;do\u0111u&nbsp;i&nbsp;podr\u017ee&nbsp;ovu&nbsp;lijepu&nbsp;inicijativu.<\/p>\n\n\n\n<p><strong>Oni&nbsp;vas&nbsp;\u010dekaju \u2013&nbsp;do\u0111ite&nbsp;i&nbsp;pridru\u017eite&nbsp;se!&nbsp;<\/strong><\/p>\n\n\n\n<p>Udruga Duga<\/p>\n","protected":false},"excerpt":{"rendered":"<p>U&nbsp;petak,&nbsp;20.&nbsp;o\u017eujka,&nbsp;u&nbsp;Ljubu\u0161kom&nbsp;\u0107e&nbsp;se&nbsp;odr\u017eati&nbsp;doga\u0111aj&nbsp;\u201eJa&nbsp;u&nbsp;svom&nbsp;gradu!\u201c&nbsp;povodom&nbsp;Svjetskog&nbsp;dana&nbsp;osoba&nbsp;s&nbsp;Down&nbsp;sindromom. Doga\u0111aj\u00a0organizira\u00a0Udruga\u00a0Duga\u00a0u\u00a0suradnji\u00a0s\u00a0JU\u00a0Edukacijsko-rehabilitacijskim\u00a0centrom\u00a0za\u00a0djecu,\u00a0mlade\u00a0i\u00a0odrasle\u00a0osobe\u00a0s\u00a0te\u0161ko\u0107ama\u00a0u\u00a0razvoju\u00a0Ljubu\u0161ki\u00a0te\u00a0osnovnim\u00a0\u0161kolama\u00a0s\u00a0podru\u010dja\u00a0grada Ljubu\u0161kog. Ovom&nbsp;prilikom&nbsp;gra\u0111ani&nbsp;\u0107e&nbsp;imati&nbsp;priliku&nbsp;upoznati&nbsp;djecu&nbsp;s&nbsp;Down&nbsp;sindromom&nbsp;i&nbsp;sudjelovati&nbsp;u&nbsp;raznim&nbsp;aktivnostima&nbsp;koje&nbsp;su&nbsp;pripremili&nbsp;sudionici&nbsp;programa.&nbsp;Osim&nbsp;kreativnih&nbsp;radionica,&nbsp;posjetitelje&nbsp;o\u010dekuje&nbsp;i&nbsp;ples,&nbsp;dru\u017eenje&nbsp;te&nbsp;okrjepa&nbsp;uz&nbsp;kavu&nbsp;i&nbsp;hranu. Cilj&nbsp;doga\u0111aja&nbsp;je&nbsp;promicanje&nbsp;inkluzije,&nbsp;prihva\u0107anja&nbsp;i&nbsp;zajedni\u0161tva,&nbsp;uz&nbsp;poruku&nbsp;da&nbsp;smo&nbsp;svi&nbsp;razli\u010diti,&nbsp;ali&nbsp;dio&nbsp;istog&nbsp;grada. \ud83d\udccd&nbsp;Trg&nbsp;dr.&nbsp;Franje&nbsp;Tu\u0111mana \ud83d\udd59&nbsp;10:00&nbsp;sati Organizatori&nbsp;pozivaju&nbsp;sve&nbsp;gra\u0111ane&nbsp;da&nbsp;do\u0111u&nbsp;i&nbsp;podr\u017ee&nbsp;ovu&nbsp;lijepu&nbsp;inicijativu. Oni&nbsp;vas&nbsp;\u010dekaju \u2013&nbsp;do\u0111ite&nbsp;i&nbsp;pridru\u017eite&nbsp;se!&nbsp; Udruga Duga<\/p>\n","protected":false},"author":2,"featured_media":226353,"comment_status":"closed","ping_status":"closed","sticky":false,"template":"","format":"standard","meta":{"h5ap_radio_sources":[],"footnotes":""},"categories":[3,28],"tags":[],"class_list":["post-226352","post","type-post","status-publish","format-standard","has-post-thumbnail","hentry","category-ljubuski","category-novosti"],"yoast_head":"<!-- This site is optimized with the Yoast SEO plugin v27.5 - https:\/\/yoast.com\/product\/yoast-seo-wordpress\/ -->\n<title>\u201eJa u svom gradu!\u201c: U petak obilje\u017eavanje Svjetskog dana Down sindroma u Ljubu\u0161kom - RADIO LJUBU\u0160KI<\/title>\n<meta name=\"robots\" content=\"index, follow, max-snippet:-1, max-image-preview:large, max-video-preview:-1\" \/>\n<link rel=\"canonical\" href=\"https:\/\/radioljubuski.ba\/index.php\/2026\/03\/17\/ja-u-svom-gradu-u-petak-obiljezavanje-svjetskog-dana-down-sindroma-u-ljubuskom\/\" \/>\n<meta property=\"og:locale\" content=\"hr_HR\" \/>\n<meta property=\"og:type\" content=\"article\" \/>\n<meta property=\"og:title\" content=\"\u201eJa u svom gradu!\u201c: U petak obilje\u017eavanje Svjetskog dana Down sindroma u Ljubu\u0161kom - RADIO LJUBU\u0160KI\" \/>\n<meta property=\"og:description\" content=\"U&nbsp;petak,&nbsp;20.&nbsp;o\u017eujka,&nbsp;u&nbsp;Ljubu\u0161kom&nbsp;\u0107e&nbsp;se&nbsp;odr\u017eati&nbsp;doga\u0111aj&nbsp;\u201eJa&nbsp;u&nbsp;svom&nbsp;gradu!\u201c&nbsp;povodom&nbsp;Svjetskog&nbsp;dana&nbsp;osoba&nbsp;s&nbsp;Down&nbsp;sindromom. Doga\u0111aj\u00a0organizira\u00a0Udruga\u00a0Duga\u00a0u\u00a0suradnji\u00a0s\u00a0JU\u00a0Edukacijsko-rehabilitacijskim\u00a0centrom\u00a0za\u00a0djecu,\u00a0mlade\u00a0i\u00a0odrasle\u00a0osobe\u00a0s\u00a0te\u0161ko\u0107ama\u00a0u\u00a0razvoju\u00a0Ljubu\u0161ki\u00a0te\u00a0osnovnim\u00a0\u0161kolama\u00a0s\u00a0podru\u010dja\u00a0grada Ljubu\u0161kog. Ovom&nbsp;prilikom&nbsp;gra\u0111ani&nbsp;\u0107e&nbsp;imati&nbsp;priliku&nbsp;upoznati&nbsp;djecu&nbsp;s&nbsp;Down&nbsp;sindromom&nbsp;i&nbsp;sudjelovati&nbsp;u&nbsp;raznim&nbsp;aktivnostima&nbsp;koje&nbsp;su&nbsp;pripremili&nbsp;sudionici&nbsp;programa.&nbsp;Osim&nbsp;kreativnih&nbsp;radionica,&nbsp;posjetitelje&nbsp;o\u010dekuje&nbsp;i&nbsp;ples,&nbsp;dru\u017eenje&nbsp;te&nbsp;okrjepa&nbsp;uz&nbsp;kavu&nbsp;i&nbsp;hranu. Cilj&nbsp;doga\u0111aja&nbsp;je&nbsp;promicanje&nbsp;inkluzije,&nbsp;prihva\u0107anja&nbsp;i&nbsp;zajedni\u0161tva,&nbsp;uz&nbsp;poruku&nbsp;da&nbsp;smo&nbsp;svi&nbsp;razli\u010diti,&nbsp;ali&nbsp;dio&nbsp;istog&nbsp;grada. \ud83d\udccd&nbsp;Trg&nbsp;dr.&nbsp;Franje&nbsp;Tu\u0111mana \ud83d\udd59&nbsp;10:00&nbsp;sati Organizatori&nbsp;pozivaju&nbsp;sve&nbsp;gra\u0111ane&nbsp;da&nbsp;do\u0111u&nbsp;i&nbsp;podr\u017ee&nbsp;ovu&nbsp;lijepu&nbsp;inicijativu. Oni&nbsp;vas&nbsp;\u010dekaju \u2013&nbsp;do\u0111ite&nbsp;i&nbsp;pridru\u017eite&nbsp;se!&nbsp; Udruga Duga\" \/>\n<meta property=\"og:url\" content=\"https:\/\/radioljubuski.ba\/index.php\/2026\/03\/17\/ja-u-svom-gradu-u-petak-obiljezavanje-svjetskog-dana-down-sindroma-u-ljubuskom\/\" \/>\n<meta property=\"og:site_name\" content=\"RADIO LJUBU\u0160KI\" \/>\n<meta property=\"article:publisher\" content=\"https:\/\/www.facebook.com\/Radiio-Ljubuski-1490835324566332\" \/>\n<meta property=\"article:published_time\" content=\"2026-03-17T10:06:15+00:00\" \/>\n<meta property=\"article:modified_time\" content=\"2026-03-19T10:47:00+00:00\" \/>\n<meta property=\"og:image\" content=\"https:\/\/radioljubuski.ba\/wp-content\/uploads\/2026\/03\/duga-ja-u-svom-gradu.jpg\" \/>\n\t<meta property=\"og:image:width\" content=\"600\" \/>\n\t<meta property=\"og:image:height\" content=\"400\" \/>\n\t<meta property=\"og:image:type\" content=\"image\/jpeg\" \/>\n<meta name=\"author\" content=\"Radio Ljubu\u0161ki\" \/>\n<meta name=\"twitter:card\" content=\"summary_large_image\" \/>\n<meta name=\"twitter:creator\" content=\"@radioljubuski\" \/>\n<meta name=\"twitter:site\" content=\"@radioljubuski\" \/>\n<meta name=\"twitter:label1\" content=\"Napisao\/la\" \/>\n\t<meta name=\"twitter:data1\" content=\"Radio Ljubu\u0161ki\" \/>\n\t<meta name=\"twitter:label2\" content=\"Procijenjeno vrijeme \u010ditanja\" \/>\n\t<meta name=\"twitter:data2\" content=\"1 minuta\" \/>\n<script type=\"application\/ld+json\" class=\"yoast-schema-graph\">{\"@context\":\"https:\\\/\\\/schema.org\",\"@graph\":[{\"@type\":\"Article\",\"@id\":\"https:\\\/\\\/radioljubuski.ba\\\/index.php\\\/2026\\\/03\\\/17\\\/ja-u-svom-gradu-u-petak-obiljezavanje-svjetskog-dana-down-sindroma-u-ljubuskom\\\/#article\",\"isPartOf\":{\"@id\":\"https:\\\/\\\/radioljubuski.ba\\\/index.php\\\/2026\\\/03\\\/17\\\/ja-u-svom-gradu-u-petak-obiljezavanje-svjetskog-dana-down-sindroma-u-ljubuskom\\\/\"},\"author\":{\"name\":\"Radio Ljubu\u0161ki\",\"@id\":\"https:\\\/\\\/radioljubuski.ba\\\/#\\\/schema\\\/person\\\/19fc700381a780f69665d7956c469e3b\"},\"headline\":\"\u201eJa u svom gradu!\u201c: U petak obilje\u017eavanje Svjetskog dana Down sindroma u Ljubu\u0161kom\",\"datePublished\":\"2026-03-17T10:06:15+00:00\",\"dateModified\":\"2026-03-19T10:47:00+00:00\",\"mainEntityOfPage\":{\"@id\":\"https:\\\/\\\/radioljubuski.ba\\\/index.php\\\/2026\\\/03\\\/17\\\/ja-u-svom-gradu-u-petak-obiljezavanje-svjetskog-dana-down-sindroma-u-ljubuskom\\\/\"},\"wordCount\":258,\"publisher\":{\"@id\":\"https:\\\/\\\/radioljubuski.ba\\\/#organization\"},\"image\":{\"@id\":\"https:\\\/\\\/radioljubuski.ba\\\/index.php\\\/2026\\\/03\\\/17\\\/ja-u-svom-gradu-u-petak-obiljezavanje-svjetskog-dana-down-sindroma-u-ljubuskom\\\/#primaryimage\"},\"thumbnailUrl\":\"https:\\\/\\\/radioljubuski.ba\\\/wp-content\\\/uploads\\\/2026\\\/03\\\/duga-ja-u-svom-gradu.jpg\",\"articleSection\":[\"Ljubu\u0161ki\",\"Novosti\"],\"inLanguage\":\"hr\"},{\"@type\":\"WebPage\",\"@id\":\"https:\\\/\\\/radioljubuski.ba\\\/index.php\\\/2026\\\/03\\\/17\\\/ja-u-svom-gradu-u-petak-obiljezavanje-svjetskog-dana-down-sindroma-u-ljubuskom\\\/\",\"url\":\"https:\\\/\\\/radioljubuski.ba\\\/index.php\\\/2026\\\/03\\\/17\\\/ja-u-svom-gradu-u-petak-obiljezavanje-svjetskog-dana-down-sindroma-u-ljubuskom\\\/\",\"name\":\"\u201eJa u svom gradu!\u201c: U petak obilje\u017eavanje Svjetskog dana Down sindroma u Ljubu\u0161kom - RADIO LJUBU\u0160KI\",\"isPartOf\":{\"@id\":\"https:\\\/\\\/radioljubuski.ba\\\/#website\"},\"primaryImageOfPage\":{\"@id\":\"https:\\\/\\\/radioljubuski.ba\\\/index.php\\\/2026\\\/03\\\/17\\\/ja-u-svom-gradu-u-petak-obiljezavanje-svjetskog-dana-down-sindroma-u-ljubuskom\\\/#primaryimage\"},\"image\":{\"@id\":\"https:\\\/\\\/radioljubuski.ba\\\/index.php\\\/2026\\\/03\\\/17\\\/ja-u-svom-gradu-u-petak-obiljezavanje-svjetskog-dana-down-sindroma-u-ljubuskom\\\/#primaryimage\"},\"thumbnailUrl\":\"https:\\\/\\\/radioljubuski.ba\\\/wp-content\\\/uploads\\\/2026\\\/03\\\/duga-ja-u-svom-gradu.jpg\",\"datePublished\":\"2026-03-17T10:06:15+00:00\",\"dateModified\":\"2026-03-19T10:47:00+00:00\",\"breadcrumb\":{\"@id\":\"https:\\\/\\\/radioljubuski.ba\\\/index.php\\\/2026\\\/03\\\/17\\\/ja-u-svom-gradu-u-petak-obiljezavanje-svjetskog-dana-down-sindroma-u-ljubuskom\\\/#breadcrumb\"},\"inLanguage\":\"hr\",\"potentialAction\":[{\"@type\":\"ReadAction\",\"target\":[\"https:\\\/\\\/radioljubuski.ba\\\/index.php\\\/2026\\\/03\\\/17\\\/ja-u-svom-gradu-u-petak-obiljezavanje-svjetskog-dana-down-sindroma-u-ljubuskom\\\/\"]}]},{\"@type\":\"ImageObject\",\"inLanguage\":\"hr\",\"@id\":\"https:\\\/\\\/radioljubuski.ba\\\/index.php\\\/2026\\\/03\\\/17\\\/ja-u-svom-gradu-u-petak-obiljezavanje-svjetskog-dana-down-sindroma-u-ljubuskom\\\/#primaryimage\",\"url\":\"https:\\\/\\\/radioljubuski.ba\\\/wp-content\\\/uploads\\\/2026\\\/03\\\/duga-ja-u-svom-gradu.jpg\",\"contentUrl\":\"https:\\\/\\\/radioljubuski.ba\\\/wp-content\\\/uploads\\\/2026\\\/03\\\/duga-ja-u-svom-gradu.jpg\",\"width\":600,\"height\":400},{\"@type\":\"BreadcrumbList\",\"@id\":\"https:\\\/\\\/radioljubuski.ba\\\/index.php\\\/2026\\\/03\\\/17\\\/ja-u-svom-gradu-u-petak-obiljezavanje-svjetskog-dana-down-sindroma-u-ljubuskom\\\/#breadcrumb\",\"itemListElement\":[{\"@type\":\"ListItem\",\"position\":1,\"name\":\"Po\u010detna stranica\",\"item\":\"https:\\\/\\\/radioljubuski.ba\\\/\"},{\"@type\":\"ListItem\",\"position\":2,\"name\":\"\u201eJa u svom gradu!\u201c: U petak obilje\u017eavanje Svjetskog dana Down sindroma u Ljubu\u0161kom\"}]},{\"@type\":\"WebSite\",\"@id\":\"https:\\\/\\\/radioljubuski.ba\\\/#website\",\"url\":\"https:\\\/\\\/radioljubuski.ba\\\/\",\"name\":\"Radio Ljubu\u0161ki\",\"description\":\"Sun\u010dana frekvencija Hercegovine\",\"publisher\":{\"@id\":\"https:\\\/\\\/radioljubuski.ba\\\/#organization\"},\"potentialAction\":[{\"@type\":\"SearchAction\",\"target\":{\"@type\":\"EntryPoint\",\"urlTemplate\":\"https:\\\/\\\/radioljubuski.ba\\\/?s={search_term_string}\"},\"query-input\":{\"@type\":\"PropertyValueSpecification\",\"valueRequired\":true,\"valueName\":\"search_term_string\"}}],\"inLanguage\":\"hr\"},{\"@type\":\"Organization\",\"@id\":\"https:\\\/\\\/radioljubuski.ba\\\/#organization\",\"name\":\"Radio Ljubu\u0161ki\",\"url\":\"https:\\\/\\\/radioljubuski.ba\\\/\",\"logo\":{\"@type\":\"ImageObject\",\"inLanguage\":\"hr\",\"@id\":\"https:\\\/\\\/radioljubuski.ba\\\/#\\\/schema\\\/logo\\\/image\\\/\",\"url\":\"https:\\\/\\\/radioljubuski.ba\\\/wp-content\\\/uploads\\\/2021\\\/02\\\/cropped-Radio_Ljubuski_logo1.jpg\",\"contentUrl\":\"https:\\\/\\\/radioljubuski.ba\\\/wp-content\\\/uploads\\\/2021\\\/02\\\/cropped-Radio_Ljubuski_logo1.jpg\",\"width\":512,\"height\":512,\"caption\":\"Radio Ljubu\u0161ki\"},\"image\":{\"@id\":\"https:\\\/\\\/radioljubuski.ba\\\/#\\\/schema\\\/logo\\\/image\\\/\"},\"sameAs\":[\"https:\\\/\\\/www.facebook.com\\\/Radiio-Ljubuski-1490835324566332\",\"https:\\\/\\\/x.com\\\/radioljubuski\",\"https:\\\/\\\/hr.linkedin.com\\\/company\\\/radio-ljubuski\",\"https:\\\/\\\/www.youtube.com\\\/channel\\\/UCHYaeO_n0Db3tjNGudGpXyw\"]},{\"@type\":\"Person\",\"@id\":\"https:\\\/\\\/radioljubuski.ba\\\/#\\\/schema\\\/person\\\/19fc700381a780f69665d7956c469e3b\",\"name\":\"Radio Ljubu\u0161ki\"}]}<\/script>\n<!-- \/ Yoast SEO plugin. -->","yoast_head_json":{"title":"\u201eJa u svom gradu!\u201c: U petak obilje\u017eavanje Svjetskog dana Down sindroma u Ljubu\u0161kom - RADIO LJUBU\u0160KI","robots":{"index":"index","follow":"follow","max-snippet":"max-snippet:-1","max-image-preview":"max-image-preview:large","max-video-preview":"max-video-preview:-1"},"canonical":"https:\/\/radioljubuski.ba\/index.php\/2026\/03\/17\/ja-u-svom-gradu-u-petak-obiljezavanje-svjetskog-dana-down-sindroma-u-ljubuskom\/","og_locale":"hr_HR","og_type":"article","og_title":"\u201eJa u svom gradu!\u201c: U petak obilje\u017eavanje Svjetskog dana Down sindroma u Ljubu\u0161kom - RADIO LJUBU\u0160KI","og_description":"U&nbsp;petak,&nbsp;20.&nbsp;o\u017eujka,&nbsp;u&nbsp;Ljubu\u0161kom&nbsp;\u0107e&nbsp;se&nbsp;odr\u017eati&nbsp;doga\u0111aj&nbsp;\u201eJa&nbsp;u&nbsp;svom&nbsp;gradu!\u201c&nbsp;povodom&nbsp;Svjetskog&nbsp;dana&nbsp;osoba&nbsp;s&nbsp;Down&nbsp;sindromom. Doga\u0111aj\u00a0organizira\u00a0Udruga\u00a0Duga\u00a0u\u00a0suradnji\u00a0s\u00a0JU\u00a0Edukacijsko-rehabilitacijskim\u00a0centrom\u00a0za\u00a0djecu,\u00a0mlade\u00a0i\u00a0odrasle\u00a0osobe\u00a0s\u00a0te\u0161ko\u0107ama\u00a0u\u00a0razvoju\u00a0Ljubu\u0161ki\u00a0te\u00a0osnovnim\u00a0\u0161kolama\u00a0s\u00a0podru\u010dja\u00a0grada Ljubu\u0161kog. Ovom&nbsp;prilikom&nbsp;gra\u0111ani&nbsp;\u0107e&nbsp;imati&nbsp;priliku&nbsp;upoznati&nbsp;djecu&nbsp;s&nbsp;Down&nbsp;sindromom&nbsp;i&nbsp;sudjelovati&nbsp;u&nbsp;raznim&nbsp;aktivnostima&nbsp;koje&nbsp;su&nbsp;pripremili&nbsp;sudionici&nbsp;programa.&nbsp;Osim&nbsp;kreativnih&nbsp;radionica,&nbsp;posjetitelje&nbsp;o\u010dekuje&nbsp;i&nbsp;ples,&nbsp;dru\u017eenje&nbsp;te&nbsp;okrjepa&nbsp;uz&nbsp;kavu&nbsp;i&nbsp;hranu. Cilj&nbsp;doga\u0111aja&nbsp;je&nbsp;promicanje&nbsp;inkluzije,&nbsp;prihva\u0107anja&nbsp;i&nbsp;zajedni\u0161tva,&nbsp;uz&nbsp;poruku&nbsp;da&nbsp;smo&nbsp;svi&nbsp;razli\u010diti,&nbsp;ali&nbsp;dio&nbsp;istog&nbsp;grada. \ud83d\udccd&nbsp;Trg&nbsp;dr.&nbsp;Franje&nbsp;Tu\u0111mana \ud83d\udd59&nbsp;10:00&nbsp;sati Organizatori&nbsp;pozivaju&nbsp;sve&nbsp;gra\u0111ane&nbsp;da&nbsp;do\u0111u&nbsp;i&nbsp;podr\u017ee&nbsp;ovu&nbsp;lijepu&nbsp;inicijativu. Oni&nbsp;vas&nbsp;\u010dekaju \u2013&nbsp;do\u0111ite&nbsp;i&nbsp;pridru\u017eite&nbsp;se!&nbsp; Udruga Duga","og_url":"https:\/\/radioljubuski.ba\/index.php\/2026\/03\/17\/ja-u-svom-gradu-u-petak-obiljezavanje-svjetskog-dana-down-sindroma-u-ljubuskom\/","og_site_name":"RADIO LJUBU\u0160KI","article_publisher":"https:\/\/www.facebook.com\/Radiio-Ljubuski-1490835324566332","article_published_time":"2026-03-17T10:06:15+00:00","article_modified_time":"2026-03-19T10:47:00+00:00","og_image":[{"width":600,"height":400,"url":"https:\/\/radioljubuski.ba\/wp-content\/uploads\/2026\/03\/duga-ja-u-svom-gradu.jpg","type":"image\/jpeg"}],"author":"Radio Ljubu\u0161ki","twitter_card":"summary_large_image","twitter_creator":"@radioljubuski","twitter_site":"@radioljubuski","twitter_misc":{"Napisao\/la":"Radio Ljubu\u0161ki","Procijenjeno vrijeme \u010ditanja":"1 minuta"},"schema":{"@context":"https:\/\/schema.org","@graph":[{"@type":"Article","@id":"https:\/\/radioljubuski.ba\/index.php\/2026\/03\/17\/ja-u-svom-gradu-u-petak-obiljezavanje-svjetskog-dana-down-sindroma-u-ljubuskom\/#article","isPartOf":{"@id":"https:\/\/radioljubuski.ba\/index.php\/2026\/03\/17\/ja-u-svom-gradu-u-petak-obiljezavanje-svjetskog-dana-down-sindroma-u-ljubuskom\/"},"author":{"name":"Radio Ljubu\u0161ki","@id":"https:\/\/radioljubuski.ba\/#\/schema\/person\/19fc700381a780f69665d7956c469e3b"},"headline":"\u201eJa u svom gradu!\u201c: U petak obilje\u017eavanje Svjetskog dana Down sindroma u Ljubu\u0161kom","datePublished":"2026-03-17T10:06:15+00:00","dateModified":"2026-03-19T10:47:00+00:00","mainEntityOfPage":{"@id":"https:\/\/radioljubuski.ba\/index.php\/2026\/03\/17\/ja-u-svom-gradu-u-petak-obiljezavanje-svjetskog-dana-down-sindroma-u-ljubuskom\/"},"wordCount":258,"publisher":{"@id":"https:\/\/radioljubuski.ba\/#organization"},"image":{"@id":"https:\/\/radioljubuski.ba\/index.php\/2026\/03\/17\/ja-u-svom-gradu-u-petak-obiljezavanje-svjetskog-dana-down-sindroma-u-ljubuskom\/#primaryimage"},"thumbnailUrl":"https:\/\/radioljubuski.ba\/wp-content\/uploads\/2026\/03\/duga-ja-u-svom-gradu.jpg","articleSection":["Ljubu\u0161ki","Novosti"],"inLanguage":"hr"},{"@type":"WebPage","@id":"https:\/\/radioljubuski.ba\/index.php\/2026\/03\/17\/ja-u-svom-gradu-u-petak-obiljezavanje-svjetskog-dana-down-sindroma-u-ljubuskom\/","url":"https:\/\/radioljubuski.ba\/index.php\/2026\/03\/17\/ja-u-svom-gradu-u-petak-obiljezavanje-svjetskog-dana-down-sindroma-u-ljubuskom\/","name":"\u201eJa u svom gradu!\u201c: U petak obilje\u017eavanje Svjetskog dana Down sindroma u Ljubu\u0161kom - RADIO LJUBU\u0160KI","isPartOf":{"@id":"https:\/\/radioljubuski.ba\/#website"},"primaryImageOfPage":{"@id":"https:\/\/radioljubuski.ba\/index.php\/2026\/03\/17\/ja-u-svom-gradu-u-petak-obiljezavanje-svjetskog-dana-down-sindroma-u-ljubuskom\/#primaryimage"},"image":{"@id":"https:\/\/radioljubuski.ba\/index.php\/2026\/03\/17\/ja-u-svom-gradu-u-petak-obiljezavanje-svjetskog-dana-down-sindroma-u-ljubuskom\/#primaryimage"},"thumbnailUrl":"https:\/\/radioljubuski.ba\/wp-content\/uploads\/2026\/03\/duga-ja-u-svom-gradu.jpg","datePublished":"2026-03-17T10:06:15+00:00","dateModified":"2026-03-19T10:47:00+00:00","breadcrumb":{"@id":"https:\/\/radioljubuski.ba\/index.php\/2026\/03\/17\/ja-u-svom-gradu-u-petak-obiljezavanje-svjetskog-dana-down-sindroma-u-ljubuskom\/#breadcrumb"},"inLanguage":"hr","potentialAction":[{"@type":"ReadAction","target":["https:\/\/radioljubuski.ba\/index.php\/2026\/03\/17\/ja-u-svom-gradu-u-petak-obiljezavanje-svjetskog-dana-down-sindroma-u-ljubuskom\/"]}]},{"@type":"ImageObject","inLanguage":"hr","@id":"https:\/\/radioljubuski.ba\/index.php\/2026\/03\/17\/ja-u-svom-gradu-u-petak-obiljezavanje-svjetskog-dana-down-sindroma-u-ljubuskom\/#primaryimage","url":"https:\/\/radioljubuski.ba\/wp-content\/uploads\/2026\/03\/duga-ja-u-svom-gradu.jpg","contentUrl":"https:\/\/radioljubuski.ba\/wp-content\/uploads\/2026\/03\/duga-ja-u-svom-gradu.jpg","width":600,"height":400},{"@type":"BreadcrumbList","@id":"https:\/\/radioljubuski.ba\/index.php\/2026\/03\/17\/ja-u-svom-gradu-u-petak-obiljezavanje-svjetskog-dana-down-sindroma-u-ljubuskom\/#breadcrumb","itemListElement":[{"@type":"ListItem","position":1,"name":"Po\u010detna stranica","item":"https:\/\/radioljubuski.ba\/"},{"@type":"ListItem","position":2,"name":"\u201eJa u svom gradu!\u201c: U petak obilje\u017eavanje Svjetskog dana Down sindroma u Ljubu\u0161kom"}]},{"@type":"WebSite","@id":"https:\/\/radioljubuski.ba\/#website","url":"https:\/\/radioljubuski.ba\/","name":"Radio Ljubu\u0161ki","description":"Sun\u010dana frekvencija Hercegovine","publisher":{"@id":"https:\/\/radioljubuski.ba\/#organization"},"potentialAction":[{"@type":"SearchAction","target":{"@type":"EntryPoint","urlTemplate":"https:\/\/radioljubuski.ba\/?s={search_term_string}"},"query-input":{"@type":"PropertyValueSpecification","valueRequired":true,"valueName":"search_term_string"}}],"inLanguage":"hr"},{"@type":"Organization","@id":"https:\/\/radioljubuski.ba\/#organization","name":"Radio Ljubu\u0161ki","url":"https:\/\/radioljubuski.ba\/","logo":{"@type":"ImageObject","inLanguage":"hr","@id":"https:\/\/radioljubuski.ba\/#\/schema\/logo\/image\/","url":"https:\/\/radioljubuski.ba\/wp-content\/uploads\/2021\/02\/cropped-Radio_Ljubuski_logo1.jpg","contentUrl":"https:\/\/radioljubuski.ba\/wp-content\/uploads\/2021\/02\/cropped-Radio_Ljubuski_logo1.jpg","width":512,"height":512,"caption":"Radio Ljubu\u0161ki"},"image":{"@id":"https:\/\/radioljubuski.ba\/#\/schema\/logo\/image\/"},"sameAs":["https:\/\/www.facebook.com\/Radiio-Ljubuski-1490835324566332","https:\/\/x.com\/radioljubuski","https:\/\/hr.linkedin.com\/company\/radio-ljubuski","https:\/\/www.youtube.com\/channel\/UCHYaeO_n0Db3tjNGudGpXyw"]},{"@type":"Person","@id":"https:\/\/radioljubuski.ba\/#\/schema\/person\/19fc700381a780f69665d7956c469e3b","name":"Radio Ljubu\u0161ki"}]}},"_links":{"self":[{"href":"https:\/\/radioljubuski.ba\/index.php\/wp-json\/wp\/v2\/posts\/226352","targetHints":{"allow":["GET"]}}],"collection":[{"href":"https:\/\/radioljubuski.ba\/index.php\/wp-json\/wp\/v2\/posts"}],"about":[{"href":"https:\/\/radioljubuski.ba\/index.php\/wp-json\/wp\/v2\/types\/post"}],"author":[{"embeddable":true,"href":"https:\/\/radioljubuski.ba\/index.php\/wp-json\/wp\/v2\/users\/2"}],"replies":[{"embeddable":true,"href":"https:\/\/radioljubuski.ba\/index.php\/wp-json\/wp\/v2\/comments?post=226352"}],"version-history":[{"count":1,"href":"https:\/\/radioljubuski.ba\/index.php\/wp-json\/wp\/v2\/posts\/226352\/revisions"}],"predecessor-version":[{"id":226354,"href":"https:\/\/radioljubuski.ba\/index.php\/wp-json\/wp\/v2\/posts\/226352\/revisions\/226354"}],"wp:featuredmedia":[{"embeddable":true,"href":"https:\/\/radioljubuski.ba\/index.php\/wp-json\/wp\/v2\/media\/226353"}],"wp:attachment":[{"href":"https:\/\/radioljubuski.ba\/index.php\/wp-json\/wp\/v2\/media?parent=226352"}],"wp:term":[{"taxonomy":"category","embeddable":true,"href":"https:\/\/radioljubuski.ba\/index.php\/wp-json\/wp\/v2\/categories?post=226352"},{"taxonomy":"post_tag","embeddable":true,"href":"https:\/\/radioljubuski.ba\/index.php\/wp-json\/wp\/v2\/tags?post=226352"}],"curies":[{"name":"wp","href":"https:\/\/api.w.org\/{rel}","templated":true}]}}