{"id":227545,"date":"2026-04-26T12:13:22","date_gmt":"2026-04-26T11:13:22","guid":{"rendered":"https:\/\/radioljubuski.ba\/?p=227545"},"modified":"2026-04-26T12:13:23","modified_gmt":"2026-04-26T11:13:23","slug":"video-klobuk-proslavljen-markovdan-i-blagoslovljena-nova-crkvena-vrata","status":"publish","type":"post","link":"https:\/\/radioljubuski.ba\/index.php\/2026\/04\/26\/video-klobuk-proslavljen-markovdan-i-blagoslovljena-nova-crkvena-vrata\/","title":{"rendered":"Video\/Klobuk: Proslavljen Markovdan i blagoslovljena nova crkvena vrata"},"content":{"rendered":"\n<p>\u017dupa u Klobuk sve\u010dano je od 22. do 25. travnja 2026. proslavila svoga nebeskog za\u0161titnika, svetog Marka evan\u0111elista.<\/p>\n\n\n\n<figure class=\"wp-block-image size-large\"><img loading=\"lazy\" decoding=\"async\" width=\"768\" height=\"1024\" src=\"https:\/\/radioljubuski.ba\/wp-content\/uploads\/2026\/04\/15645-1-768x1024.jpg\" alt=\"\" class=\"wp-image-227590\" srcset=\"https:\/\/radioljubuski.ba\/wp-content\/uploads\/2026\/04\/15645-1-768x1024.jpg 768w, https:\/\/radioljubuski.ba\/wp-content\/uploads\/2026\/04\/15645-1-225x300.jpg 225w, https:\/\/radioljubuski.ba\/wp-content\/uploads\/2026\/04\/15645-1-1152x1536.jpg 1152w, https:\/\/radioljubuski.ba\/wp-content\/uploads\/2026\/04\/15645-1-1536x2048.jpg 1536w, https:\/\/radioljubuski.ba\/wp-content\/uploads\/2026\/04\/15645-1-9x12.jpg 9w, https:\/\/radioljubuski.ba\/wp-content\/uploads\/2026\/04\/15645-1-scaled.jpg 1920w\" sizes=\"auto, (max-width: 768px) 100vw, 768px\" \/><\/figure>\n\n\n\n<p>Trodnevna duhovna priprava zapo\u010dela je u srijedu, 22. travnja, molitvom krunice i svetom misom koju je predvodio fra Ljubo Kurtovi\u0107, \u017eupnik u Tihaljini. Sljede\u0107eg dana, u \u010detvrtak, misno slavlje predvodio je fra Ivan Landeka mla\u0111i s Humca, dok je u petak, na uo\u010dnicu, svetu misu predslavio fra Marin Kara\u010di\u0107 iz \u017eupe Gorica-Sovi\u0107i. Misna slavlja svojim pjevanjem tijekom trodnevnice su animirali Dje\u010dji zbor \u017eupe Klobuk, novaci sa Humca, veliki zborovi \u017eupa Klobuk i Vitina, te na sredi\u0161njem misnom slavlju veliki \u017eupni zbog svete Cecilije sa \u0160irokog Brijega. Tijekom cijelog programa svoj obol su dali i \u010dlanovi Frame Klobuk.<\/p>\n\n\n\n<p>Sredi\u0161nja proslava odr\u017eana je u subotu, 25. travnja, na samu svetkovinu sv. Marka. Prijepodne je u 11 sati slavljena sveta misa s blagoslovom polja na groblju Crkvina. U ve\u010dernjim satima uslijedilo je sve\u010dano misno slavlje, procesija te blagoslov novih crkvenih vrata.<\/p>\n\n\n\n<p>Sve\u010danu misu predvodio je biskup Petar Pali\u0107 uz koncelebraciju sve\u0107enika iz susjednih \u017eupa; fra Darija Dodiga, fra Mire \u0160ege, fra Ivana Borasa, fra Ante Kelave, don Marina Skendera, don Ante \u010carapine, fra Ljube Kurtovi\u0107a i don Josipa Dedi\u0107a.<\/p>\n\n\n\n<p>&#8220;Na blagdan \u017eupnog za\u0161titnika ne slavimo samo povijesnu osobu koja je \u017eivjela davno, mi slavimo \u017eivu rije\u010d koju nam taj svetac ostavlja i tra\u017eimo na\u010din kako tu rije\u010d utjeloviti u svojim \u017eivotima, ovdje i sad. &#8221; kazao je biskup Pali\u0107 poslav\u0161i u svojoj propovijedi poruku okupljenim vjernicima koju mo\u017eete poslu\u0161ati ovdje.<\/p>\n\n\n\n<figure class=\"wp-block-image size-large\"><img loading=\"lazy\" decoding=\"async\" width=\"1024\" height=\"173\" src=\"https:\/\/radioljubuski.ba\/wp-content\/uploads\/2025\/07\/poslusaj-ovdje-1024x173.jpg\" alt=\"\" class=\"wp-image-218750\" srcset=\"https:\/\/radioljubuski.ba\/wp-content\/uploads\/2025\/07\/poslusaj-ovdje-1024x173.jpg 1024w, https:\/\/radioljubuski.ba\/wp-content\/uploads\/2025\/07\/poslusaj-ovdje-300x51.jpg 300w, https:\/\/radioljubuski.ba\/wp-content\/uploads\/2025\/07\/poslusaj-ovdje-768x130.jpg 768w, https:\/\/radioljubuski.ba\/wp-content\/uploads\/2025\/07\/poslusaj-ovdje-18x3.jpg 18w, https:\/\/radioljubuski.ba\/wp-content\/uploads\/2025\/07\/poslusaj-ovdje.jpg 1128w\" sizes=\"auto, (max-width: 1024px) 100vw, 1024px\" \/><\/figure>\n\n\n\n<figure class=\"wp-block-audio\"><audio controls src=\"https:\/\/radioljubuski.ba\/wp-content\/uploads\/2026\/04\/Biskup-Palic.mp3\"><\/audio><\/figure>\n\n\n\n<p><\/p>\n\n\n\n<figure class=\"wp-block-video\"><video height=\"720\" style=\"aspect-ratio: 1280 \/ 720;\" width=\"1280\" controls src=\"https:\/\/radioljubuski.ba\/wp-content\/uploads\/2026\/04\/15777-1.mp4\"><\/video><\/figure>\n\n\n\n<figure class=\"wp-block-video\"><video height=\"1280\" style=\"aspect-ratio: 720 \/ 1280;\" width=\"720\" controls src=\"https:\/\/radioljubuski.ba\/wp-content\/uploads\/2026\/04\/VID_20260425_215916-1.mp4\"><\/video><\/figure>\n\n\n\n<p><\/p>\n\n\n\n<figure class=\"wp-block-image size-large\"><img loading=\"lazy\" decoding=\"async\" width=\"1024\" height=\"768\" src=\"https:\/\/radioljubuski.ba\/wp-content\/uploads\/2026\/04\/15718-1024x768.jpg\" alt=\"\" class=\"wp-image-227583\" srcset=\"https:\/\/radioljubuski.ba\/wp-content\/uploads\/2026\/04\/15718-1024x768.jpg 1024w, https:\/\/radioljubuski.ba\/wp-content\/uploads\/2026\/04\/15718-300x225.jpg 300w, https:\/\/radioljubuski.ba\/wp-content\/uploads\/2026\/04\/15718-768x576.jpg 768w, https:\/\/radioljubuski.ba\/wp-content\/uploads\/2026\/04\/15718-1536x1152.jpg 1536w, https:\/\/radioljubuski.ba\/wp-content\/uploads\/2026\/04\/15718-2048x1536.jpg 2048w, https:\/\/radioljubuski.ba\/wp-content\/uploads\/2026\/04\/15718-16x12.jpg 16w\" sizes=\"auto, (max-width: 1024px) 100vw, 1024px\" \/><\/figure>\n\n\n\n<p><\/p>\n\n\n\n<figure class=\"wp-block-video\"><video height=\"720\" style=\"aspect-ratio: 1280 \/ 720;\" width=\"1280\" controls src=\"https:\/\/radioljubuski.ba\/wp-content\/uploads\/2026\/04\/15784.mp4\"><\/video><\/figure>\n\n\n\n<figure class=\"wp-block-image size-large\"><img loading=\"lazy\" decoding=\"async\" width=\"1024\" height=\"768\" src=\"https:\/\/radioljubuski.ba\/wp-content\/uploads\/2026\/04\/15680-1024x768.jpg\" alt=\"\" class=\"wp-image-227556\" srcset=\"https:\/\/radioljubuski.ba\/wp-content\/uploads\/2026\/04\/15680-1024x768.jpg 1024w, https:\/\/radioljubuski.ba\/wp-content\/uploads\/2026\/04\/15680-300x225.jpg 300w, https:\/\/radioljubuski.ba\/wp-content\/uploads\/2026\/04\/15680-768x576.jpg 768w, https:\/\/radioljubuski.ba\/wp-content\/uploads\/2026\/04\/15680-1536x1152.jpg 1536w, https:\/\/radioljubuski.ba\/wp-content\/uploads\/2026\/04\/15680-2048x1536.jpg 2048w, https:\/\/radioljubuski.ba\/wp-content\/uploads\/2026\/04\/15680-16x12.jpg 16w\" sizes=\"auto, (max-width: 1024px) 100vw, 1024px\" \/><\/figure>\n\n\n\n<figure class=\"wp-block-image size-large\"><img loading=\"lazy\" decoding=\"async\" width=\"1024\" height=\"768\" src=\"https:\/\/radioljubuski.ba\/wp-content\/uploads\/2026\/04\/15678-1024x768.jpg\" alt=\"\" class=\"wp-image-227557\" srcset=\"https:\/\/radioljubuski.ba\/wp-content\/uploads\/2026\/04\/15678-1024x768.jpg 1024w, https:\/\/radioljubuski.ba\/wp-content\/uploads\/2026\/04\/15678-300x225.jpg 300w, https:\/\/radioljubuski.ba\/wp-content\/uploads\/2026\/04\/15678-768x576.jpg 768w, https:\/\/radioljubuski.ba\/wp-content\/uploads\/2026\/04\/15678-1536x1152.jpg 1536w, https:\/\/radioljubuski.ba\/wp-content\/uploads\/2026\/04\/15678-2048x1536.jpg 2048w, https:\/\/radioljubuski.ba\/wp-content\/uploads\/2026\/04\/15678-16x12.jpg 16w\" sizes=\"auto, (max-width: 1024px) 100vw, 1024px\" \/><\/figure>\n\n\n\n<figure class=\"wp-block-image size-large\"><img loading=\"lazy\" decoding=\"async\" width=\"1024\" height=\"768\" src=\"https:\/\/radioljubuski.ba\/wp-content\/uploads\/2026\/04\/15681-1024x768.jpg\" alt=\"\" class=\"wp-image-227558\" srcset=\"https:\/\/radioljubuski.ba\/wp-content\/uploads\/2026\/04\/15681-1024x768.jpg 1024w, https:\/\/radioljubuski.ba\/wp-content\/uploads\/2026\/04\/15681-300x225.jpg 300w, https:\/\/radioljubuski.ba\/wp-content\/uploads\/2026\/04\/15681-768x576.jpg 768w, https:\/\/radioljubuski.ba\/wp-content\/uploads\/2026\/04\/15681-1536x1152.jpg 1536w, https:\/\/radioljubuski.ba\/wp-content\/uploads\/2026\/04\/15681-2048x1536.jpg 2048w, https:\/\/radioljubuski.ba\/wp-content\/uploads\/2026\/04\/15681-16x12.jpg 16w\" sizes=\"auto, (max-width: 1024px) 100vw, 1024px\" \/><\/figure>\n\n\n\n<figure class=\"wp-block-image size-large\"><img loading=\"lazy\" decoding=\"async\" width=\"1024\" height=\"768\" src=\"https:\/\/radioljubuski.ba\/wp-content\/uploads\/2026\/04\/15684-1024x768.jpg\" alt=\"\" class=\"wp-image-227559\" srcset=\"https:\/\/radioljubuski.ba\/wp-content\/uploads\/2026\/04\/15684-1024x768.jpg 1024w, https:\/\/radioljubuski.ba\/wp-content\/uploads\/2026\/04\/15684-300x225.jpg 300w, https:\/\/radioljubuski.ba\/wp-content\/uploads\/2026\/04\/15684-768x576.jpg 768w, https:\/\/radioljubuski.ba\/wp-content\/uploads\/2026\/04\/15684-1536x1152.jpg 1536w, https:\/\/radioljubuski.ba\/wp-content\/uploads\/2026\/04\/15684-2048x1536.jpg 2048w, https:\/\/radioljubuski.ba\/wp-content\/uploads\/2026\/04\/15684-16x12.jpg 16w\" sizes=\"auto, (max-width: 1024px) 100vw, 1024px\" \/><\/figure>\n\n\n\n<figure class=\"wp-block-image size-large\"><img loading=\"lazy\" decoding=\"async\" width=\"1024\" height=\"768\" src=\"https:\/\/radioljubuski.ba\/wp-content\/uploads\/2026\/04\/15699-1024x768.jpg\" alt=\"\" class=\"wp-image-227561\" srcset=\"https:\/\/radioljubuski.ba\/wp-content\/uploads\/2026\/04\/15699-1024x768.jpg 1024w, https:\/\/radioljubuski.ba\/wp-content\/uploads\/2026\/04\/15699-300x225.jpg 300w, https:\/\/radioljubuski.ba\/wp-content\/uploads\/2026\/04\/15699-768x576.jpg 768w, https:\/\/radioljubuski.ba\/wp-content\/uploads\/2026\/04\/15699-1536x1152.jpg 1536w, https:\/\/radioljubuski.ba\/wp-content\/uploads\/2026\/04\/15699-2048x1536.jpg 2048w, https:\/\/radioljubuski.ba\/wp-content\/uploads\/2026\/04\/15699-16x12.jpg 16w\" sizes=\"auto, (max-width: 1024px) 100vw, 1024px\" \/><\/figure>\n\n\n\n<figure class=\"wp-block-image size-large\"><img loading=\"lazy\" decoding=\"async\" width=\"1024\" height=\"768\" src=\"https:\/\/radioljubuski.ba\/wp-content\/uploads\/2026\/04\/15690-1024x768.jpg\" alt=\"\" class=\"wp-image-227562\" srcset=\"https:\/\/radioljubuski.ba\/wp-content\/uploads\/2026\/04\/15690-1024x768.jpg 1024w, https:\/\/radioljubuski.ba\/wp-content\/uploads\/2026\/04\/15690-300x225.jpg 300w, https:\/\/radioljubuski.ba\/wp-content\/uploads\/2026\/04\/15690-768x576.jpg 768w, https:\/\/radioljubuski.ba\/wp-content\/uploads\/2026\/04\/15690-1536x1152.jpg 1536w, https:\/\/radioljubuski.ba\/wp-content\/uploads\/2026\/04\/15690-2048x1536.jpg 2048w, https:\/\/radioljubuski.ba\/wp-content\/uploads\/2026\/04\/15690-16x12.jpg 16w\" sizes=\"auto, (max-width: 1024px) 100vw, 1024px\" \/><\/figure>\n\n\n\n<figure class=\"wp-block-image size-large\"><img loading=\"lazy\" decoding=\"async\" width=\"1024\" height=\"768\" src=\"https:\/\/radioljubuski.ba\/wp-content\/uploads\/2026\/04\/15706-1024x768.jpg\" alt=\"\" class=\"wp-image-227563\" srcset=\"https:\/\/radioljubuski.ba\/wp-content\/uploads\/2026\/04\/15706-1024x768.jpg 1024w, https:\/\/radioljubuski.ba\/wp-content\/uploads\/2026\/04\/15706-300x225.jpg 300w, https:\/\/radioljubuski.ba\/wp-content\/uploads\/2026\/04\/15706-768x576.jpg 768w, https:\/\/radioljubuski.ba\/wp-content\/uploads\/2026\/04\/15706-1536x1152.jpg 1536w, https:\/\/radioljubuski.ba\/wp-content\/uploads\/2026\/04\/15706-2048x1536.jpg 2048w, https:\/\/radioljubuski.ba\/wp-content\/uploads\/2026\/04\/15706-16x12.jpg 16w\" sizes=\"auto, (max-width: 1024px) 100vw, 1024px\" \/><\/figure>\n\n\n\n<figure class=\"wp-block-image size-large\"><img loading=\"lazy\" decoding=\"async\" width=\"768\" height=\"1024\" src=\"https:\/\/radioljubuski.ba\/wp-content\/uploads\/2026\/04\/15686-768x1024.jpg\" alt=\"\" class=\"wp-image-227564\" srcset=\"https:\/\/radioljubuski.ba\/wp-content\/uploads\/2026\/04\/15686-768x1024.jpg 768w, https:\/\/radioljubuski.ba\/wp-content\/uploads\/2026\/04\/15686-225x300.jpg 225w, https:\/\/radioljubuski.ba\/wp-content\/uploads\/2026\/04\/15686-1152x1536.jpg 1152w, https:\/\/radioljubuski.ba\/wp-content\/uploads\/2026\/04\/15686-1536x2048.jpg 1536w, https:\/\/radioljubuski.ba\/wp-content\/uploads\/2026\/04\/15686-9x12.jpg 9w, https:\/\/radioljubuski.ba\/wp-content\/uploads\/2026\/04\/15686-scaled.jpg 1920w\" sizes=\"auto, (max-width: 768px) 100vw, 768px\" \/><\/figure>\n\n\n\n<figure class=\"wp-block-image size-large\"><img loading=\"lazy\" decoding=\"async\" width=\"1024\" height=\"768\" src=\"https:\/\/radioljubuski.ba\/wp-content\/uploads\/2026\/04\/15700-1024x768.jpg\" alt=\"\" class=\"wp-image-227565\" srcset=\"https:\/\/radioljubuski.ba\/wp-content\/uploads\/2026\/04\/15700-1024x768.jpg 1024w, https:\/\/radioljubuski.ba\/wp-content\/uploads\/2026\/04\/15700-300x225.jpg 300w, https:\/\/radioljubuski.ba\/wp-content\/uploads\/2026\/04\/15700-768x576.jpg 768w, https:\/\/radioljubuski.ba\/wp-content\/uploads\/2026\/04\/15700-1536x1152.jpg 1536w, https:\/\/radioljubuski.ba\/wp-content\/uploads\/2026\/04\/15700-2048x1536.jpg 2048w, https:\/\/radioljubuski.ba\/wp-content\/uploads\/2026\/04\/15700-16x12.jpg 16w\" sizes=\"auto, (max-width: 1024px) 100vw, 1024px\" \/><\/figure>\n\n\n\n<figure class=\"wp-block-image size-large\"><img loading=\"lazy\" decoding=\"async\" width=\"768\" height=\"1024\" src=\"https:\/\/radioljubuski.ba\/wp-content\/uploads\/2026\/04\/15707-768x1024.jpg\" alt=\"\" class=\"wp-image-227566\" srcset=\"https:\/\/radioljubuski.ba\/wp-content\/uploads\/2026\/04\/15707-768x1024.jpg 768w, https:\/\/radioljubuski.ba\/wp-content\/uploads\/2026\/04\/15707-225x300.jpg 225w, https:\/\/radioljubuski.ba\/wp-content\/uploads\/2026\/04\/15707-1152x1536.jpg 1152w, https:\/\/radioljubuski.ba\/wp-content\/uploads\/2026\/04\/15707-1536x2048.jpg 1536w, https:\/\/radioljubuski.ba\/wp-content\/uploads\/2026\/04\/15707-9x12.jpg 9w, https:\/\/radioljubuski.ba\/wp-content\/uploads\/2026\/04\/15707-scaled.jpg 1920w\" sizes=\"auto, (max-width: 768px) 100vw, 768px\" \/><\/figure>\n\n\n\n<figure class=\"wp-block-image size-large\"><img loading=\"lazy\" decoding=\"async\" width=\"1024\" height=\"768\" src=\"https:\/\/radioljubuski.ba\/wp-content\/uploads\/2026\/04\/15692-1024x768.jpg\" alt=\"\" class=\"wp-image-227567\" srcset=\"https:\/\/radioljubuski.ba\/wp-content\/uploads\/2026\/04\/15692-1024x768.jpg 1024w, https:\/\/radioljubuski.ba\/wp-content\/uploads\/2026\/04\/15692-300x225.jpg 300w, https:\/\/radioljubuski.ba\/wp-content\/uploads\/2026\/04\/15692-768x576.jpg 768w, https:\/\/radioljubuski.ba\/wp-content\/uploads\/2026\/04\/15692-1536x1152.jpg 1536w, https:\/\/radioljubuski.ba\/wp-content\/uploads\/2026\/04\/15692-2048x1536.jpg 2048w, https:\/\/radioljubuski.ba\/wp-content\/uploads\/2026\/04\/15692-16x12.jpg 16w\" sizes=\"auto, (max-width: 1024px) 100vw, 1024px\" \/><\/figure>\n\n\n\n<figure class=\"wp-block-image size-large\"><img loading=\"lazy\" decoding=\"async\" width=\"1024\" height=\"768\" src=\"https:\/\/radioljubuski.ba\/wp-content\/uploads\/2026\/04\/15701-1024x768.jpg\" alt=\"\" class=\"wp-image-227568\" srcset=\"https:\/\/radioljubuski.ba\/wp-content\/uploads\/2026\/04\/15701-1024x768.jpg 1024w, https:\/\/radioljubuski.ba\/wp-content\/uploads\/2026\/04\/15701-300x225.jpg 300w, https:\/\/radioljubuski.ba\/wp-content\/uploads\/2026\/04\/15701-768x576.jpg 768w, https:\/\/radioljubuski.ba\/wp-content\/uploads\/2026\/04\/15701-1536x1152.jpg 1536w, https:\/\/radioljubuski.ba\/wp-content\/uploads\/2026\/04\/15701-2048x1536.jpg 2048w, https:\/\/radioljubuski.ba\/wp-content\/uploads\/2026\/04\/15701-16x12.jpg 16w\" sizes=\"auto, (max-width: 1024px) 100vw, 1024px\" \/><\/figure>\n\n\n\n<figure class=\"wp-block-image size-large\"><img loading=\"lazy\" decoding=\"async\" width=\"1024\" height=\"768\" src=\"https:\/\/radioljubuski.ba\/wp-content\/uploads\/2026\/04\/15722-1024x768.jpg\" alt=\"\" class=\"wp-image-227569\" srcset=\"https:\/\/radioljubuski.ba\/wp-content\/uploads\/2026\/04\/15722-1024x768.jpg 1024w, https:\/\/radioljubuski.ba\/wp-content\/uploads\/2026\/04\/15722-300x225.jpg 300w, https:\/\/radioljubuski.ba\/wp-content\/uploads\/2026\/04\/15722-768x576.jpg 768w, https:\/\/radioljubuski.ba\/wp-content\/uploads\/2026\/04\/15722-1536x1152.jpg 1536w, https:\/\/radioljubuski.ba\/wp-content\/uploads\/2026\/04\/15722-2048x1536.jpg 2048w, https:\/\/radioljubuski.ba\/wp-content\/uploads\/2026\/04\/15722-16x12.jpg 16w\" sizes=\"auto, (max-width: 1024px) 100vw, 1024px\" \/><\/figure>\n\n\n\n<figure class=\"wp-block-video\"><video height=\"1280\" style=\"aspect-ratio: 720 \/ 1280;\" width=\"720\" controls src=\"https:\/\/radioljubuski.ba\/wp-content\/uploads\/2026\/04\/15786.mp4\"><\/video><\/figure>\n\n\n\n<p>Nakon ve\u010dernjeg slavlja, \u017eupljani i njihovi gosti nastavili su zajedni\u010dko dru\u017eenje uz domjenak u dvori\u0161tu \u017eupne crkve i nastupe folklornih skupina HKUD Ko\u010derin, HKUD fra Petar Bakula Posu\u0161je i HKUD Sveti Ante Humac. Nakon bogatog folklornog programa, okupljeni mje\u0161tani su zajedno sa \u017eupnikom zaigrali trusu, stvaraju\u0107i posebno ozra\u010dje radosti koje je na najljep\u0161i na\u010din obilje\u017eilo ovu zna\u010dajnu proslavu.<\/p>\n\n\n\n<figure class=\"wp-block-image size-large\"><img loading=\"lazy\" decoding=\"async\" width=\"771\" height=\"1024\" src=\"https:\/\/radioljubuski.ba\/wp-content\/uploads\/2026\/04\/15875-771x1024.jpg\" alt=\"\" class=\"wp-image-227594\" srcset=\"https:\/\/radioljubuski.ba\/wp-content\/uploads\/2026\/04\/15875-771x1024.jpg 771w, https:\/\/radioljubuski.ba\/wp-content\/uploads\/2026\/04\/15875-226x300.jpg 226w, https:\/\/radioljubuski.ba\/wp-content\/uploads\/2026\/04\/15875-768x1019.jpg 768w, https:\/\/radioljubuski.ba\/wp-content\/uploads\/2026\/04\/15875-1157x1536.jpg 1157w, https:\/\/radioljubuski.ba\/wp-content\/uploads\/2026\/04\/15875-9x12.jpg 9w, https:\/\/radioljubuski.ba\/wp-content\/uploads\/2026\/04\/15875.jpg 1280w\" sizes=\"auto, (max-width: 771px) 100vw, 771px\" \/><\/figure>\n\n\n\n<figure class=\"wp-block-image size-large\"><img loading=\"lazy\" decoding=\"async\" width=\"1024\" height=\"722\" src=\"https:\/\/radioljubuski.ba\/wp-content\/uploads\/2026\/04\/15787-1024x722.jpg\" alt=\"\" class=\"wp-image-227572\" srcset=\"https:\/\/radioljubuski.ba\/wp-content\/uploads\/2026\/04\/15787-1024x722.jpg 1024w, https:\/\/radioljubuski.ba\/wp-content\/uploads\/2026\/04\/15787-300x212.jpg 300w, https:\/\/radioljubuski.ba\/wp-content\/uploads\/2026\/04\/15787-768x542.jpg 768w, https:\/\/radioljubuski.ba\/wp-content\/uploads\/2026\/04\/15787-1536x1083.jpg 1536w, https:\/\/radioljubuski.ba\/wp-content\/uploads\/2026\/04\/15787-2048x1444.jpg 2048w, https:\/\/radioljubuski.ba\/wp-content\/uploads\/2026\/04\/15787-18x12.jpg 18w\" sizes=\"auto, (max-width: 1024px) 100vw, 1024px\" \/><\/figure>\n\n\n\n<p>B.Medi\u0107<\/p>\n\n\n\n<p><\/p>\n","protected":false},"excerpt":{"rendered":"<p>\u017dupa u Klobuk sve\u010dano je od 22. do 25. travnja 2026. proslavila svoga nebeskog za\u0161titnika, svetog Marka evan\u0111elista. Trodnevna duhovna priprava zapo\u010dela je u srijedu, 22. travnja, molitvom krunice i svetom misom koju je predvodio fra Ljubo Kurtovi\u0107, \u017eupnik u Tihaljini. Sljede\u0107eg dana, u \u010detvrtak, misno slavlje predvodio je fra Ivan Landeka mla\u0111i s Humca, [&hellip;]<\/p>\n","protected":false},"author":2,"featured_media":227550,"comment_status":"closed","ping_status":"closed","sticky":false,"template":"","format":"standard","meta":{"h5ap_radio_sources":[],"footnotes":""},"categories":[1,3],"tags":[],"class_list":["post-227545","post","type-post","status-publish","format-standard","has-post-thumbnail","hentry","category-bihiregija","category-ljubuski"],"yoast_head":"<!-- This site is optimized with the Yoast SEO plugin v27.4 - https:\/\/yoast.com\/product\/yoast-seo-wordpress\/ -->\n<title>Video\/Klobuk: Proslavljen Markovdan i blagoslovljena nova crkvena vrata - RADIO LJUBU\u0160KI<\/title>\n<meta name=\"robots\" content=\"index, follow, max-snippet:-1, max-image-preview:large, max-video-preview:-1\" \/>\n<link rel=\"canonical\" href=\"https:\/\/radioljubuski.ba\/index.php\/2026\/04\/26\/video-klobuk-proslavljen-markovdan-i-blagoslovljena-nova-crkvena-vrata\/\" \/>\n<meta property=\"og:locale\" content=\"hr_HR\" \/>\n<meta property=\"og:type\" content=\"article\" \/>\n<meta property=\"og:title\" content=\"Video\/Klobuk: Proslavljen Markovdan i blagoslovljena nova crkvena vrata - RADIO LJUBU\u0160KI\" \/>\n<meta property=\"og:description\" content=\"\u017dupa u Klobuk sve\u010dano je od 22. do 25. travnja 2026. proslavila svoga nebeskog za\u0161titnika, svetog Marka evan\u0111elista. Trodnevna duhovna priprava zapo\u010dela je u srijedu, 22. travnja, molitvom krunice i svetom misom koju je predvodio fra Ljubo Kurtovi\u0107, \u017eupnik u Tihaljini. Sljede\u0107eg dana, u \u010detvrtak, misno slavlje predvodio je fra Ivan Landeka mla\u0111i s Humca, [&hellip;]\" \/>\n<meta property=\"og:url\" content=\"https:\/\/radioljubuski.ba\/index.php\/2026\/04\/26\/video-klobuk-proslavljen-markovdan-i-blagoslovljena-nova-crkvena-vrata\/\" \/>\n<meta property=\"og:site_name\" content=\"RADIO LJUBU\u0160KI\" \/>\n<meta property=\"article:publisher\" content=\"https:\/\/www.facebook.com\/Radiio-Ljubuski-1490835324566332\" \/>\n<meta property=\"article:published_time\" content=\"2026-04-26T11:13:22+00:00\" \/>\n<meta property=\"article:modified_time\" content=\"2026-04-26T11:13:23+00:00\" \/>\n<meta property=\"og:image\" content=\"https:\/\/radioljubuski.ba\/wp-content\/uploads\/2026\/04\/IMG_20260425_212841.jpg\" \/>\n\t<meta property=\"og:image:width\" content=\"1279\" \/>\n\t<meta property=\"og:image:height\" content=\"1046\" \/>\n\t<meta property=\"og:image:type\" content=\"image\/jpeg\" \/>\n<meta name=\"author\" content=\"Radio Ljubu\u0161ki\" \/>\n<meta name=\"twitter:card\" content=\"summary_large_image\" \/>\n<meta name=\"twitter:creator\" content=\"@radioljubuski\" \/>\n<meta name=\"twitter:site\" content=\"@radioljubuski\" \/>\n<meta name=\"twitter:label1\" content=\"Napisao\/la\" \/>\n\t<meta name=\"twitter:data1\" content=\"Radio Ljubu\u0161ki\" \/>\n\t<meta name=\"twitter:label2\" content=\"Procijenjeno vrijeme \u010ditanja\" \/>\n\t<meta name=\"twitter:data2\" content=\"6 minuta\" \/>\n<script type=\"application\/ld+json\" class=\"yoast-schema-graph\">{\"@context\":\"https:\\\/\\\/schema.org\",\"@graph\":[{\"@type\":\"Article\",\"@id\":\"https:\\\/\\\/radioljubuski.ba\\\/index.php\\\/2026\\\/04\\\/26\\\/video-klobuk-proslavljen-markovdan-i-blagoslovljena-nova-crkvena-vrata\\\/#article\",\"isPartOf\":{\"@id\":\"https:\\\/\\\/radioljubuski.ba\\\/index.php\\\/2026\\\/04\\\/26\\\/video-klobuk-proslavljen-markovdan-i-blagoslovljena-nova-crkvena-vrata\\\/\"},\"author\":{\"name\":\"Radio Ljubu\u0161ki\",\"@id\":\"https:\\\/\\\/radioljubuski.ba\\\/#\\\/schema\\\/person\\\/19fc700381a780f69665d7956c469e3b\"},\"headline\":\"Video\\\/Klobuk: Proslavljen Markovdan i blagoslovljena nova crkvena vrata\",\"datePublished\":\"2026-04-26T11:13:22+00:00\",\"dateModified\":\"2026-04-26T11:13:23+00:00\",\"mainEntityOfPage\":{\"@id\":\"https:\\\/\\\/radioljubuski.ba\\\/index.php\\\/2026\\\/04\\\/26\\\/video-klobuk-proslavljen-markovdan-i-blagoslovljena-nova-crkvena-vrata\\\/\"},\"wordCount\":345,\"publisher\":{\"@id\":\"https:\\\/\\\/radioljubuski.ba\\\/#organization\"},\"image\":{\"@id\":\"https:\\\/\\\/radioljubuski.ba\\\/index.php\\\/2026\\\/04\\\/26\\\/video-klobuk-proslavljen-markovdan-i-blagoslovljena-nova-crkvena-vrata\\\/#primaryimage\"},\"thumbnailUrl\":\"https:\\\/\\\/radioljubuski.ba\\\/wp-content\\\/uploads\\\/2026\\\/04\\\/IMG_20260425_212841.jpg\",\"articleSection\":[\"BIH i regija\",\"Ljubu\u0161ki\"],\"inLanguage\":\"hr\"},{\"@type\":\"WebPage\",\"@id\":\"https:\\\/\\\/radioljubuski.ba\\\/index.php\\\/2026\\\/04\\\/26\\\/video-klobuk-proslavljen-markovdan-i-blagoslovljena-nova-crkvena-vrata\\\/\",\"url\":\"https:\\\/\\\/radioljubuski.ba\\\/index.php\\\/2026\\\/04\\\/26\\\/video-klobuk-proslavljen-markovdan-i-blagoslovljena-nova-crkvena-vrata\\\/\",\"name\":\"Video\\\/Klobuk: Proslavljen Markovdan i blagoslovljena nova crkvena vrata - RADIO LJUBU\u0160KI\",\"isPartOf\":{\"@id\":\"https:\\\/\\\/radioljubuski.ba\\\/#website\"},\"primaryImageOfPage\":{\"@id\":\"https:\\\/\\\/radioljubuski.ba\\\/index.php\\\/2026\\\/04\\\/26\\\/video-klobuk-proslavljen-markovdan-i-blagoslovljena-nova-crkvena-vrata\\\/#primaryimage\"},\"image\":{\"@id\":\"https:\\\/\\\/radioljubuski.ba\\\/index.php\\\/2026\\\/04\\\/26\\\/video-klobuk-proslavljen-markovdan-i-blagoslovljena-nova-crkvena-vrata\\\/#primaryimage\"},\"thumbnailUrl\":\"https:\\\/\\\/radioljubuski.ba\\\/wp-content\\\/uploads\\\/2026\\\/04\\\/IMG_20260425_212841.jpg\",\"datePublished\":\"2026-04-26T11:13:22+00:00\",\"dateModified\":\"2026-04-26T11:13:23+00:00\",\"breadcrumb\":{\"@id\":\"https:\\\/\\\/radioljubuski.ba\\\/index.php\\\/2026\\\/04\\\/26\\\/video-klobuk-proslavljen-markovdan-i-blagoslovljena-nova-crkvena-vrata\\\/#breadcrumb\"},\"inLanguage\":\"hr\",\"potentialAction\":[{\"@type\":\"ReadAction\",\"target\":[\"https:\\\/\\\/radioljubuski.ba\\\/index.php\\\/2026\\\/04\\\/26\\\/video-klobuk-proslavljen-markovdan-i-blagoslovljena-nova-crkvena-vrata\\\/\"]}]},{\"@type\":\"ImageObject\",\"inLanguage\":\"hr\",\"@id\":\"https:\\\/\\\/radioljubuski.ba\\\/index.php\\\/2026\\\/04\\\/26\\\/video-klobuk-proslavljen-markovdan-i-blagoslovljena-nova-crkvena-vrata\\\/#primaryimage\",\"url\":\"https:\\\/\\\/radioljubuski.ba\\\/wp-content\\\/uploads\\\/2026\\\/04\\\/IMG_20260425_212841.jpg\",\"contentUrl\":\"https:\\\/\\\/radioljubuski.ba\\\/wp-content\\\/uploads\\\/2026\\\/04\\\/IMG_20260425_212841.jpg\",\"width\":1279,\"height\":1046},{\"@type\":\"BreadcrumbList\",\"@id\":\"https:\\\/\\\/radioljubuski.ba\\\/index.php\\\/2026\\\/04\\\/26\\\/video-klobuk-proslavljen-markovdan-i-blagoslovljena-nova-crkvena-vrata\\\/#breadcrumb\",\"itemListElement\":[{\"@type\":\"ListItem\",\"position\":1,\"name\":\"Po\u010detna stranica\",\"item\":\"https:\\\/\\\/radioljubuski.ba\\\/\"},{\"@type\":\"ListItem\",\"position\":2,\"name\":\"Video\\\/Klobuk: Proslavljen Markovdan i blagoslovljena nova crkvena vrata\"}]},{\"@type\":\"WebSite\",\"@id\":\"https:\\\/\\\/radioljubuski.ba\\\/#website\",\"url\":\"https:\\\/\\\/radioljubuski.ba\\\/\",\"name\":\"Radio Ljubu\u0161ki\",\"description\":\"Sun\u010dana frekvencija Hercegovine\",\"publisher\":{\"@id\":\"https:\\\/\\\/radioljubuski.ba\\\/#organization\"},\"potentialAction\":[{\"@type\":\"SearchAction\",\"target\":{\"@type\":\"EntryPoint\",\"urlTemplate\":\"https:\\\/\\\/radioljubuski.ba\\\/?s={search_term_string}\"},\"query-input\":{\"@type\":\"PropertyValueSpecification\",\"valueRequired\":true,\"valueName\":\"search_term_string\"}}],\"inLanguage\":\"hr\"},{\"@type\":\"Organization\",\"@id\":\"https:\\\/\\\/radioljubuski.ba\\\/#organization\",\"name\":\"Radio Ljubu\u0161ki\",\"url\":\"https:\\\/\\\/radioljubuski.ba\\\/\",\"logo\":{\"@type\":\"ImageObject\",\"inLanguage\":\"hr\",\"@id\":\"https:\\\/\\\/radioljubuski.ba\\\/#\\\/schema\\\/logo\\\/image\\\/\",\"url\":\"https:\\\/\\\/radioljubuski.ba\\\/wp-content\\\/uploads\\\/2021\\\/02\\\/cropped-Radio_Ljubuski_logo1.jpg\",\"contentUrl\":\"https:\\\/\\\/radioljubuski.ba\\\/wp-content\\\/uploads\\\/2021\\\/02\\\/cropped-Radio_Ljubuski_logo1.jpg\",\"width\":512,\"height\":512,\"caption\":\"Radio Ljubu\u0161ki\"},\"image\":{\"@id\":\"https:\\\/\\\/radioljubuski.ba\\\/#\\\/schema\\\/logo\\\/image\\\/\"},\"sameAs\":[\"https:\\\/\\\/www.facebook.com\\\/Radiio-Ljubuski-1490835324566332\",\"https:\\\/\\\/x.com\\\/radioljubuski\",\"https:\\\/\\\/hr.linkedin.com\\\/company\\\/radio-ljubuski\",\"https:\\\/\\\/www.youtube.com\\\/channel\\\/UCHYaeO_n0Db3tjNGudGpXyw\"]},{\"@type\":\"Person\",\"@id\":\"https:\\\/\\\/radioljubuski.ba\\\/#\\\/schema\\\/person\\\/19fc700381a780f69665d7956c469e3b\",\"name\":\"Radio Ljubu\u0161ki\"}]}<\/script>\n<!-- \/ Yoast SEO plugin. -->","yoast_head_json":{"title":"Video\/Klobuk: Proslavljen Markovdan i blagoslovljena nova crkvena vrata - RADIO LJUBU\u0160KI","robots":{"index":"index","follow":"follow","max-snippet":"max-snippet:-1","max-image-preview":"max-image-preview:large","max-video-preview":"max-video-preview:-1"},"canonical":"https:\/\/radioljubuski.ba\/index.php\/2026\/04\/26\/video-klobuk-proslavljen-markovdan-i-blagoslovljena-nova-crkvena-vrata\/","og_locale":"hr_HR","og_type":"article","og_title":"Video\/Klobuk: Proslavljen Markovdan i blagoslovljena nova crkvena vrata - RADIO LJUBU\u0160KI","og_description":"\u017dupa u Klobuk sve\u010dano je od 22. do 25. travnja 2026. proslavila svoga nebeskog za\u0161titnika, svetog Marka evan\u0111elista. Trodnevna duhovna priprava zapo\u010dela je u srijedu, 22. travnja, molitvom krunice i svetom misom koju je predvodio fra Ljubo Kurtovi\u0107, \u017eupnik u Tihaljini. Sljede\u0107eg dana, u \u010detvrtak, misno slavlje predvodio je fra Ivan Landeka mla\u0111i s Humca, [&hellip;]","og_url":"https:\/\/radioljubuski.ba\/index.php\/2026\/04\/26\/video-klobuk-proslavljen-markovdan-i-blagoslovljena-nova-crkvena-vrata\/","og_site_name":"RADIO LJUBU\u0160KI","article_publisher":"https:\/\/www.facebook.com\/Radiio-Ljubuski-1490835324566332","article_published_time":"2026-04-26T11:13:22+00:00","article_modified_time":"2026-04-26T11:13:23+00:00","og_image":[{"width":1279,"height":1046,"url":"https:\/\/radioljubuski.ba\/wp-content\/uploads\/2026\/04\/IMG_20260425_212841.jpg","type":"image\/jpeg"}],"author":"Radio Ljubu\u0161ki","twitter_card":"summary_large_image","twitter_creator":"@radioljubuski","twitter_site":"@radioljubuski","twitter_misc":{"Napisao\/la":"Radio Ljubu\u0161ki","Procijenjeno vrijeme \u010ditanja":"6 minuta"},"schema":{"@context":"https:\/\/schema.org","@graph":[{"@type":"Article","@id":"https:\/\/radioljubuski.ba\/index.php\/2026\/04\/26\/video-klobuk-proslavljen-markovdan-i-blagoslovljena-nova-crkvena-vrata\/#article","isPartOf":{"@id":"https:\/\/radioljubuski.ba\/index.php\/2026\/04\/26\/video-klobuk-proslavljen-markovdan-i-blagoslovljena-nova-crkvena-vrata\/"},"author":{"name":"Radio Ljubu\u0161ki","@id":"https:\/\/radioljubuski.ba\/#\/schema\/person\/19fc700381a780f69665d7956c469e3b"},"headline":"Video\/Klobuk: Proslavljen Markovdan i blagoslovljena nova crkvena vrata","datePublished":"2026-04-26T11:13:22+00:00","dateModified":"2026-04-26T11:13:23+00:00","mainEntityOfPage":{"@id":"https:\/\/radioljubuski.ba\/index.php\/2026\/04\/26\/video-klobuk-proslavljen-markovdan-i-blagoslovljena-nova-crkvena-vrata\/"},"wordCount":345,"publisher":{"@id":"https:\/\/radioljubuski.ba\/#organization"},"image":{"@id":"https:\/\/radioljubuski.ba\/index.php\/2026\/04\/26\/video-klobuk-proslavljen-markovdan-i-blagoslovljena-nova-crkvena-vrata\/#primaryimage"},"thumbnailUrl":"https:\/\/radioljubuski.ba\/wp-content\/uploads\/2026\/04\/IMG_20260425_212841.jpg","articleSection":["BIH i regija","Ljubu\u0161ki"],"inLanguage":"hr"},{"@type":"WebPage","@id":"https:\/\/radioljubuski.ba\/index.php\/2026\/04\/26\/video-klobuk-proslavljen-markovdan-i-blagoslovljena-nova-crkvena-vrata\/","url":"https:\/\/radioljubuski.ba\/index.php\/2026\/04\/26\/video-klobuk-proslavljen-markovdan-i-blagoslovljena-nova-crkvena-vrata\/","name":"Video\/Klobuk: Proslavljen Markovdan i blagoslovljena nova crkvena vrata - RADIO LJUBU\u0160KI","isPartOf":{"@id":"https:\/\/radioljubuski.ba\/#website"},"primaryImageOfPage":{"@id":"https:\/\/radioljubuski.ba\/index.php\/2026\/04\/26\/video-klobuk-proslavljen-markovdan-i-blagoslovljena-nova-crkvena-vrata\/#primaryimage"},"image":{"@id":"https:\/\/radioljubuski.ba\/index.php\/2026\/04\/26\/video-klobuk-proslavljen-markovdan-i-blagoslovljena-nova-crkvena-vrata\/#primaryimage"},"thumbnailUrl":"https:\/\/radioljubuski.ba\/wp-content\/uploads\/2026\/04\/IMG_20260425_212841.jpg","datePublished":"2026-04-26T11:13:22+00:00","dateModified":"2026-04-26T11:13:23+00:00","breadcrumb":{"@id":"https:\/\/radioljubuski.ba\/index.php\/2026\/04\/26\/video-klobuk-proslavljen-markovdan-i-blagoslovljena-nova-crkvena-vrata\/#breadcrumb"},"inLanguage":"hr","potentialAction":[{"@type":"ReadAction","target":["https:\/\/radioljubuski.ba\/index.php\/2026\/04\/26\/video-klobuk-proslavljen-markovdan-i-blagoslovljena-nova-crkvena-vrata\/"]}]},{"@type":"ImageObject","inLanguage":"hr","@id":"https:\/\/radioljubuski.ba\/index.php\/2026\/04\/26\/video-klobuk-proslavljen-markovdan-i-blagoslovljena-nova-crkvena-vrata\/#primaryimage","url":"https:\/\/radioljubuski.ba\/wp-content\/uploads\/2026\/04\/IMG_20260425_212841.jpg","contentUrl":"https:\/\/radioljubuski.ba\/wp-content\/uploads\/2026\/04\/IMG_20260425_212841.jpg","width":1279,"height":1046},{"@type":"BreadcrumbList","@id":"https:\/\/radioljubuski.ba\/index.php\/2026\/04\/26\/video-klobuk-proslavljen-markovdan-i-blagoslovljena-nova-crkvena-vrata\/#breadcrumb","itemListElement":[{"@type":"ListItem","position":1,"name":"Po\u010detna stranica","item":"https:\/\/radioljubuski.ba\/"},{"@type":"ListItem","position":2,"name":"Video\/Klobuk: Proslavljen Markovdan i blagoslovljena nova crkvena vrata"}]},{"@type":"WebSite","@id":"https:\/\/radioljubuski.ba\/#website","url":"https:\/\/radioljubuski.ba\/","name":"Radio Ljubu\u0161ki","description":"Sun\u010dana frekvencija Hercegovine","publisher":{"@id":"https:\/\/radioljubuski.ba\/#organization"},"potentialAction":[{"@type":"SearchAction","target":{"@type":"EntryPoint","urlTemplate":"https:\/\/radioljubuski.ba\/?s={search_term_string}"},"query-input":{"@type":"PropertyValueSpecification","valueRequired":true,"valueName":"search_term_string"}}],"inLanguage":"hr"},{"@type":"Organization","@id":"https:\/\/radioljubuski.ba\/#organization","name":"Radio Ljubu\u0161ki","url":"https:\/\/radioljubuski.ba\/","logo":{"@type":"ImageObject","inLanguage":"hr","@id":"https:\/\/radioljubuski.ba\/#\/schema\/logo\/image\/","url":"https:\/\/radioljubuski.ba\/wp-content\/uploads\/2021\/02\/cropped-Radio_Ljubuski_logo1.jpg","contentUrl":"https:\/\/radioljubuski.ba\/wp-content\/uploads\/2021\/02\/cropped-Radio_Ljubuski_logo1.jpg","width":512,"height":512,"caption":"Radio Ljubu\u0161ki"},"image":{"@id":"https:\/\/radioljubuski.ba\/#\/schema\/logo\/image\/"},"sameAs":["https:\/\/www.facebook.com\/Radiio-Ljubuski-1490835324566332","https:\/\/x.com\/radioljubuski","https:\/\/hr.linkedin.com\/company\/radio-ljubuski","https:\/\/www.youtube.com\/channel\/UCHYaeO_n0Db3tjNGudGpXyw"]},{"@type":"Person","@id":"https:\/\/radioljubuski.ba\/#\/schema\/person\/19fc700381a780f69665d7956c469e3b","name":"Radio Ljubu\u0161ki"}]}},"_links":{"self":[{"href":"https:\/\/radioljubuski.ba\/index.php\/wp-json\/wp\/v2\/posts\/227545","targetHints":{"allow":["GET"]}}],"collection":[{"href":"https:\/\/radioljubuski.ba\/index.php\/wp-json\/wp\/v2\/posts"}],"about":[{"href":"https:\/\/radioljubuski.ba\/index.php\/wp-json\/wp\/v2\/types\/post"}],"author":[{"embeddable":true,"href":"https:\/\/radioljubuski.ba\/index.php\/wp-json\/wp\/v2\/users\/2"}],"replies":[{"embeddable":true,"href":"https:\/\/radioljubuski.ba\/index.php\/wp-json\/wp\/v2\/comments?post=227545"}],"version-history":[{"count":11,"href":"https:\/\/radioljubuski.ba\/index.php\/wp-json\/wp\/v2\/posts\/227545\/revisions"}],"predecessor-version":[{"id":227595,"href":"https:\/\/radioljubuski.ba\/index.php\/wp-json\/wp\/v2\/posts\/227545\/revisions\/227595"}],"wp:featuredmedia":[{"embeddable":true,"href":"https:\/\/radioljubuski.ba\/index.php\/wp-json\/wp\/v2\/media\/227550"}],"wp:attachment":[{"href":"https:\/\/radioljubuski.ba\/index.php\/wp-json\/wp\/v2\/media?parent=227545"}],"wp:term":[{"taxonomy":"category","embeddable":true,"href":"https:\/\/radioljubuski.ba\/index.php\/wp-json\/wp\/v2\/categories?post=227545"},{"taxonomy":"post_tag","embeddable":true,"href":"https:\/\/radioljubuski.ba\/index.php\/wp-json\/wp\/v2\/tags?post=227545"}],"curies":[{"name":"wp","href":"https:\/\/api.w.org\/{rel}","templated":true}]}}