{"id":227596,"date":"2026-04-26T20:40:40","date_gmt":"2026-04-26T19:40:40","guid":{"rendered":"https:\/\/radioljubuski.ba\/?p=227596"},"modified":"2026-04-26T22:03:29","modified_gmt":"2026-04-26T21:03:29","slug":"spektakl-u-ljubuskom-skauti-nadigrali-tatabanyu-za-korak-do-finala","status":"publish","type":"post","link":"https:\/\/radioljubuski.ba\/index.php\/2026\/04\/26\/spektakl-u-ljubuskom-skauti-nadigrali-tatabanyu-za-korak-do-finala\/","title":{"rendered":"Spektakl u Ljubu\u0161kom: Skauti nadigrali Tatab\u00e1nyu za korak do finala"},"content":{"rendered":"\n<p>Rukometa\u0161i RK Izvi\u0111a\u010d Agram ispisali su jo\u0161 jednu sjajnu stranicu klupske povijesti, u prepunoj dvorani u Ljubu\u0161kom ve\u010deras su slavili rezultatom 33:31 protiv ma\u0111arskog predstavnika MOL Tatab\u00e1nya KC i napravili veliki korak prema finalu EHF European Cup.<\/p>\n\n\n\n<figure class=\"wp-block-image size-large\"><img loading=\"lazy\" decoding=\"async\" width=\"1024\" height=\"768\" src=\"https:\/\/radioljubuski.ba\/wp-content\/uploads\/2026\/04\/16038-1024x768.jpg\" alt=\"\" class=\"wp-image-227603\" srcset=\"https:\/\/radioljubuski.ba\/wp-content\/uploads\/2026\/04\/16038-1024x768.jpg 1024w, https:\/\/radioljubuski.ba\/wp-content\/uploads\/2026\/04\/16038-300x225.jpg 300w, https:\/\/radioljubuski.ba\/wp-content\/uploads\/2026\/04\/16038-768x576.jpg 768w, https:\/\/radioljubuski.ba\/wp-content\/uploads\/2026\/04\/16038-1536x1152.jpg 1536w, https:\/\/radioljubuski.ba\/wp-content\/uploads\/2026\/04\/16038-2048x1536.jpg 2048w, https:\/\/radioljubuski.ba\/wp-content\/uploads\/2026\/04\/16038-16x12.jpg 16w\" sizes=\"auto, (max-width: 1024px) 100vw, 1024px\" \/><\/figure>\n\n\n\n<figure class=\"wp-block-image size-large\"><img loading=\"lazy\" decoding=\"async\" width=\"1024\" height=\"768\" src=\"https:\/\/radioljubuski.ba\/wp-content\/uploads\/2026\/04\/16044-1024x768.jpg\" alt=\"\" class=\"wp-image-227616\" srcset=\"https:\/\/radioljubuski.ba\/wp-content\/uploads\/2026\/04\/16044-1024x768.jpg 1024w, https:\/\/radioljubuski.ba\/wp-content\/uploads\/2026\/04\/16044-300x225.jpg 300w, https:\/\/radioljubuski.ba\/wp-content\/uploads\/2026\/04\/16044-768x576.jpg 768w, https:\/\/radioljubuski.ba\/wp-content\/uploads\/2026\/04\/16044-1536x1152.jpg 1536w, https:\/\/radioljubuski.ba\/wp-content\/uploads\/2026\/04\/16044-2048x1536.jpg 2048w, https:\/\/radioljubuski.ba\/wp-content\/uploads\/2026\/04\/16044-16x12.jpg 16w\" sizes=\"auto, (max-width: 1024px) 100vw, 1024px\" \/><\/figure>\n\n\n\n<p>Od samog po\u010detka bilo je jasno koliko ova utakmica zna\u010di. Posebno emotivan dio susreta bila je simboli\u010dna gesta podr\u0161ke obje mom\u010dadi koje su na svojim dresovima nosili ime rukometa\u0161a Josipa \u0160arca koji igra\u010dki povezuje oba kluba. <\/p>\n\n\n\n<figure class=\"wp-block-image size-large\"><img loading=\"lazy\" decoding=\"async\" width=\"1024\" height=\"768\" src=\"https:\/\/radioljubuski.ba\/wp-content\/uploads\/2026\/04\/15940-1024x768.jpg\" alt=\"\" class=\"wp-image-227600\" srcset=\"https:\/\/radioljubuski.ba\/wp-content\/uploads\/2026\/04\/15940-1024x768.jpg 1024w, https:\/\/radioljubuski.ba\/wp-content\/uploads\/2026\/04\/15940-300x225.jpg 300w, https:\/\/radioljubuski.ba\/wp-content\/uploads\/2026\/04\/15940-768x576.jpg 768w, https:\/\/radioljubuski.ba\/wp-content\/uploads\/2026\/04\/15940-1536x1152.jpg 1536w, https:\/\/radioljubuski.ba\/wp-content\/uploads\/2026\/04\/15940-2048x1536.jpg 2048w, https:\/\/radioljubuski.ba\/wp-content\/uploads\/2026\/04\/15940-16x12.jpg 16w\" sizes=\"auto, (max-width: 1024px) 100vw, 1024px\" \/><\/figure>\n\n\n\n<figure class=\"wp-block-image size-large\"><img loading=\"lazy\" decoding=\"async\" width=\"1024\" height=\"768\" src=\"https:\/\/radioljubuski.ba\/wp-content\/uploads\/2026\/04\/16024-1024x768.jpg\" alt=\"\" class=\"wp-image-227599\" srcset=\"https:\/\/radioljubuski.ba\/wp-content\/uploads\/2026\/04\/16024-1024x768.jpg 1024w, https:\/\/radioljubuski.ba\/wp-content\/uploads\/2026\/04\/16024-300x225.jpg 300w, https:\/\/radioljubuski.ba\/wp-content\/uploads\/2026\/04\/16024-768x576.jpg 768w, https:\/\/radioljubuski.ba\/wp-content\/uploads\/2026\/04\/16024-1536x1152.jpg 1536w, https:\/\/radioljubuski.ba\/wp-content\/uploads\/2026\/04\/16024-2048x1536.jpg 2048w, https:\/\/radioljubuski.ba\/wp-content\/uploads\/2026\/04\/16024-16x12.jpg 16w\" sizes=\"auto, (max-width: 1024px) 100vw, 1024px\" \/><\/figure>\n\n\n\n<figure class=\"wp-block-image size-large\"><img loading=\"lazy\" decoding=\"async\" width=\"1024\" height=\"768\" src=\"https:\/\/radioljubuski.ba\/wp-content\/uploads\/2026\/04\/16084-1024x768.jpg\" alt=\"\" class=\"wp-image-227622\" srcset=\"https:\/\/radioljubuski.ba\/wp-content\/uploads\/2026\/04\/16084-1024x768.jpg 1024w, https:\/\/radioljubuski.ba\/wp-content\/uploads\/2026\/04\/16084-300x225.jpg 300w, https:\/\/radioljubuski.ba\/wp-content\/uploads\/2026\/04\/16084-768x576.jpg 768w, https:\/\/radioljubuski.ba\/wp-content\/uploads\/2026\/04\/16084-1536x1152.jpg 1536w, https:\/\/radioljubuski.ba\/wp-content\/uploads\/2026\/04\/16084-16x12.jpg 16w, https:\/\/radioljubuski.ba\/wp-content\/uploads\/2026\/04\/16084.jpg 2048w\" sizes=\"auto, (max-width: 1024px) 100vw, 1024px\" \/><\/figure>\n\n\n\n<p>Tribine dvorane u Ljubu\u0161kom su bile ispunjene do posljednjeg mjesta, a gromoglasna podr\u0161ka publike nosila je \u201cSkaute\u201d kroz svih 60 minuta. Atmosfera u dvorani bila je na razini najve\u0107ih europskih susreta i bez sumnje je bila jedan od klju\u010dnih faktora u velikoj pobjedi doma\u0107e mom\u010dadi.<\/p>\n\n\n\n<p>Poluvrijeme<\/p>\n\n\n\n<figure class=\"wp-block-image size-large\"><img loading=\"lazy\" decoding=\"async\" width=\"768\" height=\"1024\" src=\"https:\/\/radioljubuski.ba\/wp-content\/uploads\/2026\/04\/15978-1-768x1024.jpg\" alt=\"\" class=\"wp-image-227602\" srcset=\"https:\/\/radioljubuski.ba\/wp-content\/uploads\/2026\/04\/15978-1-768x1024.jpg 768w, https:\/\/radioljubuski.ba\/wp-content\/uploads\/2026\/04\/15978-1-225x300.jpg 225w, https:\/\/radioljubuski.ba\/wp-content\/uploads\/2026\/04\/15978-1-1152x1536.jpg 1152w, https:\/\/radioljubuski.ba\/wp-content\/uploads\/2026\/04\/15978-1-1536x2048.jpg 1536w, https:\/\/radioljubuski.ba\/wp-content\/uploads\/2026\/04\/15978-1-9x12.jpg 9w, https:\/\/radioljubuski.ba\/wp-content\/uploads\/2026\/04\/15978-1-scaled.jpg 1920w\" sizes=\"auto, (max-width: 768px) 100vw, 768px\" \/><\/figure>\n\n\n\n<p>Izvi\u0111a\u010d je odigrao hrabro, disciplinirano i s puno samopouzdanja, suprotstaviv\u0161i se sna\u017enom i iskusnom protivniku iz jedne od najja\u010dih europskih liga. Iako su gosti uo\u010di susreta slovili za favorite, ljubu\u0161ki rukometa\u0161i jo\u0161 jednom su pokazali da na doma\u0107em terenu mogu nadigrati svakoga.<\/p>\n\n\n\n<figure class=\"wp-block-image size-large\"><img loading=\"lazy\" decoding=\"async\" width=\"1024\" height=\"768\" src=\"https:\/\/radioljubuski.ba\/wp-content\/uploads\/2026\/04\/15947-1024x768.jpg\" alt=\"\" class=\"wp-image-227617\" srcset=\"https:\/\/radioljubuski.ba\/wp-content\/uploads\/2026\/04\/15947-1024x768.jpg 1024w, https:\/\/radioljubuski.ba\/wp-content\/uploads\/2026\/04\/15947-300x225.jpg 300w, https:\/\/radioljubuski.ba\/wp-content\/uploads\/2026\/04\/15947-768x576.jpg 768w, https:\/\/radioljubuski.ba\/wp-content\/uploads\/2026\/04\/15947-1536x1152.jpg 1536w, https:\/\/radioljubuski.ba\/wp-content\/uploads\/2026\/04\/15947-2048x1536.jpg 2048w, https:\/\/radioljubuski.ba\/wp-content\/uploads\/2026\/04\/15947-16x12.jpg 16w\" sizes=\"auto, (max-width: 1024px) 100vw, 1024px\" \/><\/figure>\n\n\n\n<figure class=\"wp-block-image size-large\"><img loading=\"lazy\" decoding=\"async\" width=\"1024\" height=\"768\" src=\"https:\/\/radioljubuski.ba\/wp-content\/uploads\/2026\/04\/16003-1024x768.jpg\" alt=\"\" class=\"wp-image-227611\" srcset=\"https:\/\/radioljubuski.ba\/wp-content\/uploads\/2026\/04\/16003-1024x768.jpg 1024w, https:\/\/radioljubuski.ba\/wp-content\/uploads\/2026\/04\/16003-300x225.jpg 300w, https:\/\/radioljubuski.ba\/wp-content\/uploads\/2026\/04\/16003-768x576.jpg 768w, https:\/\/radioljubuski.ba\/wp-content\/uploads\/2026\/04\/16003-1536x1152.jpg 1536w, https:\/\/radioljubuski.ba\/wp-content\/uploads\/2026\/04\/16003-2048x1536.jpg 2048w, https:\/\/radioljubuski.ba\/wp-content\/uploads\/2026\/04\/16003-16x12.jpg 16w\" sizes=\"auto, (max-width: 1024px) 100vw, 1024px\" \/><\/figure>\n\n\n\n<figure class=\"wp-block-image size-large\"><img loading=\"lazy\" decoding=\"async\" width=\"1024\" height=\"768\" src=\"https:\/\/radioljubuski.ba\/wp-content\/uploads\/2026\/04\/16017-1024x768.jpg\" alt=\"\" class=\"wp-image-227605\" srcset=\"https:\/\/radioljubuski.ba\/wp-content\/uploads\/2026\/04\/16017-1024x768.jpg 1024w, https:\/\/radioljubuski.ba\/wp-content\/uploads\/2026\/04\/16017-300x225.jpg 300w, https:\/\/radioljubuski.ba\/wp-content\/uploads\/2026\/04\/16017-768x576.jpg 768w, https:\/\/radioljubuski.ba\/wp-content\/uploads\/2026\/04\/16017-1536x1152.jpg 1536w, https:\/\/radioljubuski.ba\/wp-content\/uploads\/2026\/04\/16017-2048x1536.jpg 2048w, https:\/\/radioljubuski.ba\/wp-content\/uploads\/2026\/04\/16017-16x12.jpg 16w\" sizes=\"auto, (max-width: 1024px) 100vw, 1024px\" \/><\/figure>\n\n\n\n<p>Ova pobjeda dolazi u savr\u0161enom trenutku za klub, jer su rukometa\u0161i Izvi\u0111a\u010da prije samo tjedan dana osigurali i svoj 12. naslov prvaka BiH, \u010dime je sezona ve\u0107 sada u\u0161la u povijest kao jedna od najuspje\u0161nijih. Sada su na korak do jo\u0161 ve\u0107eg uspjeha  plasmana u europsko finale.<\/p>\n\n\n\n<figure class=\"wp-block-image size-large\"><img loading=\"lazy\" decoding=\"async\" width=\"1024\" height=\"768\" src=\"https:\/\/radioljubuski.ba\/wp-content\/uploads\/2026\/04\/15969-1024x768.jpg\" alt=\"\" class=\"wp-image-227606\" srcset=\"https:\/\/radioljubuski.ba\/wp-content\/uploads\/2026\/04\/15969-1024x768.jpg 1024w, https:\/\/radioljubuski.ba\/wp-content\/uploads\/2026\/04\/15969-300x225.jpg 300w, https:\/\/radioljubuski.ba\/wp-content\/uploads\/2026\/04\/15969-768x576.jpg 768w, https:\/\/radioljubuski.ba\/wp-content\/uploads\/2026\/04\/15969-1536x1152.jpg 1536w, https:\/\/radioljubuski.ba\/wp-content\/uploads\/2026\/04\/15969-2048x1536.jpg 2048w, https:\/\/radioljubuski.ba\/wp-content\/uploads\/2026\/04\/15969-16x12.jpg 16w\" sizes=\"auto, (max-width: 1024px) 100vw, 1024px\" \/><\/figure>\n\n\n\n<p>Uzvratni susret u Ma\u0111arskoj donijet \u0107e kona\u010dnu odluku o putniku u finale, ali nakon ve\u010dera\u0161nje predstave i uz ovakvu podr\u0161ku s tribina, Izvi\u0111a\u010d s pravom mo\u017ee vjerovati da je spreman napraviti taj posljednji, povijesni iskorak.<\/p>\n\n\n\n<figure class=\"wp-block-image size-large\"><img loading=\"lazy\" decoding=\"async\" width=\"768\" height=\"1024\" src=\"https:\/\/radioljubuski.ba\/wp-content\/uploads\/2026\/04\/16052-768x1024.jpg\" alt=\"\" class=\"wp-image-227609\" srcset=\"https:\/\/radioljubuski.ba\/wp-content\/uploads\/2026\/04\/16052-768x1024.jpg 768w, https:\/\/radioljubuski.ba\/wp-content\/uploads\/2026\/04\/16052-225x300.jpg 225w, https:\/\/radioljubuski.ba\/wp-content\/uploads\/2026\/04\/16052-1152x1536.jpg 1152w, https:\/\/radioljubuski.ba\/wp-content\/uploads\/2026\/04\/16052-1536x2048.jpg 1536w, https:\/\/radioljubuski.ba\/wp-content\/uploads\/2026\/04\/16052-9x12.jpg 9w, https:\/\/radioljubuski.ba\/wp-content\/uploads\/2026\/04\/16052-scaled.jpg 1920w\" sizes=\"auto, (max-width: 768px) 100vw, 768px\" \/><\/figure>\n\n\n\n<figure class=\"wp-block-image size-large\"><img loading=\"lazy\" decoding=\"async\" width=\"768\" height=\"1024\" src=\"https:\/\/radioljubuski.ba\/wp-content\/uploads\/2026\/04\/16054-768x1024.jpg\" alt=\"\" class=\"wp-image-227612\" srcset=\"https:\/\/radioljubuski.ba\/wp-content\/uploads\/2026\/04\/16054-768x1024.jpg 768w, https:\/\/radioljubuski.ba\/wp-content\/uploads\/2026\/04\/16054-225x300.jpg 225w, https:\/\/radioljubuski.ba\/wp-content\/uploads\/2026\/04\/16054-1152x1536.jpg 1152w, https:\/\/radioljubuski.ba\/wp-content\/uploads\/2026\/04\/16054-1536x2048.jpg 1536w, https:\/\/radioljubuski.ba\/wp-content\/uploads\/2026\/04\/16054-9x12.jpg 9w, https:\/\/radioljubuski.ba\/wp-content\/uploads\/2026\/04\/16054-scaled.jpg 1920w\" sizes=\"auto, (max-width: 768px) 100vw, 768px\" \/><\/figure>\n\n\n\n<figure class=\"wp-block-image size-large\"><img loading=\"lazy\" decoding=\"async\" width=\"768\" height=\"1024\" src=\"https:\/\/radioljubuski.ba\/wp-content\/uploads\/2026\/04\/16055-768x1024.jpg\" alt=\"\" class=\"wp-image-227613\" srcset=\"https:\/\/radioljubuski.ba\/wp-content\/uploads\/2026\/04\/16055-768x1024.jpg 768w, https:\/\/radioljubuski.ba\/wp-content\/uploads\/2026\/04\/16055-225x300.jpg 225w, https:\/\/radioljubuski.ba\/wp-content\/uploads\/2026\/04\/16055-1152x1536.jpg 1152w, https:\/\/radioljubuski.ba\/wp-content\/uploads\/2026\/04\/16055-1536x2048.jpg 1536w, https:\/\/radioljubuski.ba\/wp-content\/uploads\/2026\/04\/16055-9x12.jpg 9w, https:\/\/radioljubuski.ba\/wp-content\/uploads\/2026\/04\/16055-scaled.jpg 1920w\" sizes=\"auto, (max-width: 768px) 100vw, 768px\" \/><\/figure>\n\n\n\n<figure class=\"wp-block-image size-large\"><img loading=\"lazy\" decoding=\"async\" width=\"768\" height=\"1024\" src=\"https:\/\/radioljubuski.ba\/wp-content\/uploads\/2026\/04\/16058-768x1024.jpg\" alt=\"\" class=\"wp-image-227620\" srcset=\"https:\/\/radioljubuski.ba\/wp-content\/uploads\/2026\/04\/16058-768x1024.jpg 768w, https:\/\/radioljubuski.ba\/wp-content\/uploads\/2026\/04\/16058-225x300.jpg 225w, https:\/\/radioljubuski.ba\/wp-content\/uploads\/2026\/04\/16058-1152x1536.jpg 1152w, https:\/\/radioljubuski.ba\/wp-content\/uploads\/2026\/04\/16058-1536x2048.jpg 1536w, https:\/\/radioljubuski.ba\/wp-content\/uploads\/2026\/04\/16058-9x12.jpg 9w, https:\/\/radioljubuski.ba\/wp-content\/uploads\/2026\/04\/16058-scaled.jpg 1920w\" sizes=\"auto, (max-width: 768px) 100vw, 768px\" \/><\/figure>\n\n\n\n<p>B.Medi\u0107\/G.Ili\u0107 <\/p>\n\n\n\n<p><\/p>\n","protected":false},"excerpt":{"rendered":"<p>Rukometa\u0161i RK Izvi\u0111a\u010d Agram ispisali su jo\u0161 jednu sjajnu stranicu klupske povijesti, u prepunoj dvorani u Ljubu\u0161kom ve\u010deras su slavili rezultatom 33:31 protiv ma\u0111arskog predstavnika MOL Tatab\u00e1nya KC i napravili veliki korak prema finalu EHF European Cup. Od samog po\u010detka bilo je jasno koliko ova utakmica zna\u010di. Posebno emotivan dio susreta bila je simboli\u010dna gesta [&hellip;]<\/p>\n","protected":false},"author":2,"featured_media":227604,"comment_status":"closed","ping_status":"closed","sticky":false,"template":"","format":"standard","meta":{"h5ap_radio_sources":[],"footnotes":""},"categories":[1,28],"tags":[],"class_list":["post-227596","post","type-post","status-publish","format-standard","has-post-thumbnail","hentry","category-bihiregija","category-novosti"],"yoast_head":"<!-- This site is optimized with the Yoast SEO plugin v27.4 - https:\/\/yoast.com\/product\/yoast-seo-wordpress\/ -->\n<title>Spektakl u Ljubu\u0161kom: Skauti nadigrali Tatab\u00e1nyu za korak do finala - RADIO LJUBU\u0160KI<\/title>\n<meta name=\"robots\" content=\"index, follow, max-snippet:-1, max-image-preview:large, max-video-preview:-1\" \/>\n<link rel=\"canonical\" href=\"https:\/\/radioljubuski.ba\/index.php\/2026\/04\/26\/spektakl-u-ljubuskom-skauti-nadigrali-tatabanyu-za-korak-do-finala\/\" \/>\n<meta property=\"og:locale\" content=\"hr_HR\" \/>\n<meta property=\"og:type\" content=\"article\" \/>\n<meta property=\"og:title\" content=\"Spektakl u Ljubu\u0161kom: Skauti nadigrali Tatab\u00e1nyu za korak do finala - RADIO LJUBU\u0160KI\" \/>\n<meta property=\"og:description\" content=\"Rukometa\u0161i RK Izvi\u0111a\u010d Agram ispisali su jo\u0161 jednu sjajnu stranicu klupske povijesti, u prepunoj dvorani u Ljubu\u0161kom ve\u010deras su slavili rezultatom 33:31 protiv ma\u0111arskog predstavnika MOL Tatab\u00e1nya KC i napravili veliki korak prema finalu EHF European Cup. Od samog po\u010detka bilo je jasno koliko ova utakmica zna\u010di. Posebno emotivan dio susreta bila je simboli\u010dna gesta [&hellip;]\" \/>\n<meta property=\"og:url\" content=\"https:\/\/radioljubuski.ba\/index.php\/2026\/04\/26\/spektakl-u-ljubuskom-skauti-nadigrali-tatabanyu-za-korak-do-finala\/\" \/>\n<meta property=\"og:site_name\" content=\"RADIO LJUBU\u0160KI\" \/>\n<meta property=\"article:publisher\" content=\"https:\/\/www.facebook.com\/Radiio-Ljubuski-1490835324566332\" \/>\n<meta property=\"article:published_time\" content=\"2026-04-26T19:40:40+00:00\" \/>\n<meta property=\"article:modified_time\" content=\"2026-04-26T21:03:29+00:00\" \/>\n<meta property=\"og:image\" content=\"https:\/\/radioljubuski.ba\/wp-content\/uploads\/2026\/04\/IMG_20260426_213441-scaled.jpg\" \/>\n\t<meta property=\"og:image:width\" content=\"2560\" \/>\n\t<meta property=\"og:image:height\" content=\"1920\" \/>\n\t<meta property=\"og:image:type\" content=\"image\/jpeg\" \/>\n<meta name=\"author\" content=\"Radio Ljubu\u0161ki\" \/>\n<meta name=\"twitter:card\" content=\"summary_large_image\" \/>\n<meta name=\"twitter:creator\" content=\"@radioljubuski\" \/>\n<meta name=\"twitter:site\" content=\"@radioljubuski\" \/>\n<meta name=\"twitter:label1\" content=\"Napisao\/la\" \/>\n\t<meta name=\"twitter:data1\" content=\"Radio Ljubu\u0161ki\" \/>\n\t<meta name=\"twitter:label2\" content=\"Procijenjeno vrijeme \u010ditanja\" \/>\n\t<meta name=\"twitter:data2\" content=\"5 minuta\" \/>\n<script type=\"application\/ld+json\" class=\"yoast-schema-graph\">{\"@context\":\"https:\\\/\\\/schema.org\",\"@graph\":[{\"@type\":\"Article\",\"@id\":\"https:\\\/\\\/radioljubuski.ba\\\/index.php\\\/2026\\\/04\\\/26\\\/spektakl-u-ljubuskom-skauti-nadigrali-tatabanyu-za-korak-do-finala\\\/#article\",\"isPartOf\":{\"@id\":\"https:\\\/\\\/radioljubuski.ba\\\/index.php\\\/2026\\\/04\\\/26\\\/spektakl-u-ljubuskom-skauti-nadigrali-tatabanyu-za-korak-do-finala\\\/\"},\"author\":{\"name\":\"Radio Ljubu\u0161ki\",\"@id\":\"https:\\\/\\\/radioljubuski.ba\\\/#\\\/schema\\\/person\\\/19fc700381a780f69665d7956c469e3b\"},\"headline\":\"Spektakl u Ljubu\u0161kom: Skauti nadigrali Tatab\u00e1nyu za korak do finala\",\"datePublished\":\"2026-04-26T19:40:40+00:00\",\"dateModified\":\"2026-04-26T21:03:29+00:00\",\"mainEntityOfPage\":{\"@id\":\"https:\\\/\\\/radioljubuski.ba\\\/index.php\\\/2026\\\/04\\\/26\\\/spektakl-u-ljubuskom-skauti-nadigrali-tatabanyu-za-korak-do-finala\\\/\"},\"wordCount\":297,\"publisher\":{\"@id\":\"https:\\\/\\\/radioljubuski.ba\\\/#organization\"},\"image\":{\"@id\":\"https:\\\/\\\/radioljubuski.ba\\\/index.php\\\/2026\\\/04\\\/26\\\/spektakl-u-ljubuskom-skauti-nadigrali-tatabanyu-za-korak-do-finala\\\/#primaryimage\"},\"thumbnailUrl\":\"https:\\\/\\\/radioljubuski.ba\\\/wp-content\\\/uploads\\\/2026\\\/04\\\/IMG_20260426_213441-scaled.jpg\",\"articleSection\":[\"BIH i regija\",\"Novosti\"],\"inLanguage\":\"hr\"},{\"@type\":\"WebPage\",\"@id\":\"https:\\\/\\\/radioljubuski.ba\\\/index.php\\\/2026\\\/04\\\/26\\\/spektakl-u-ljubuskom-skauti-nadigrali-tatabanyu-za-korak-do-finala\\\/\",\"url\":\"https:\\\/\\\/radioljubuski.ba\\\/index.php\\\/2026\\\/04\\\/26\\\/spektakl-u-ljubuskom-skauti-nadigrali-tatabanyu-za-korak-do-finala\\\/\",\"name\":\"Spektakl u Ljubu\u0161kom: Skauti nadigrali Tatab\u00e1nyu za korak do finala - RADIO LJUBU\u0160KI\",\"isPartOf\":{\"@id\":\"https:\\\/\\\/radioljubuski.ba\\\/#website\"},\"primaryImageOfPage\":{\"@id\":\"https:\\\/\\\/radioljubuski.ba\\\/index.php\\\/2026\\\/04\\\/26\\\/spektakl-u-ljubuskom-skauti-nadigrali-tatabanyu-za-korak-do-finala\\\/#primaryimage\"},\"image\":{\"@id\":\"https:\\\/\\\/radioljubuski.ba\\\/index.php\\\/2026\\\/04\\\/26\\\/spektakl-u-ljubuskom-skauti-nadigrali-tatabanyu-za-korak-do-finala\\\/#primaryimage\"},\"thumbnailUrl\":\"https:\\\/\\\/radioljubuski.ba\\\/wp-content\\\/uploads\\\/2026\\\/04\\\/IMG_20260426_213441-scaled.jpg\",\"datePublished\":\"2026-04-26T19:40:40+00:00\",\"dateModified\":\"2026-04-26T21:03:29+00:00\",\"breadcrumb\":{\"@id\":\"https:\\\/\\\/radioljubuski.ba\\\/index.php\\\/2026\\\/04\\\/26\\\/spektakl-u-ljubuskom-skauti-nadigrali-tatabanyu-za-korak-do-finala\\\/#breadcrumb\"},\"inLanguage\":\"hr\",\"potentialAction\":[{\"@type\":\"ReadAction\",\"target\":[\"https:\\\/\\\/radioljubuski.ba\\\/index.php\\\/2026\\\/04\\\/26\\\/spektakl-u-ljubuskom-skauti-nadigrali-tatabanyu-za-korak-do-finala\\\/\"]}]},{\"@type\":\"ImageObject\",\"inLanguage\":\"hr\",\"@id\":\"https:\\\/\\\/radioljubuski.ba\\\/index.php\\\/2026\\\/04\\\/26\\\/spektakl-u-ljubuskom-skauti-nadigrali-tatabanyu-za-korak-do-finala\\\/#primaryimage\",\"url\":\"https:\\\/\\\/radioljubuski.ba\\\/wp-content\\\/uploads\\\/2026\\\/04\\\/IMG_20260426_213441-scaled.jpg\",\"contentUrl\":\"https:\\\/\\\/radioljubuski.ba\\\/wp-content\\\/uploads\\\/2026\\\/04\\\/IMG_20260426_213441-scaled.jpg\",\"width\":2560,\"height\":1920},{\"@type\":\"BreadcrumbList\",\"@id\":\"https:\\\/\\\/radioljubuski.ba\\\/index.php\\\/2026\\\/04\\\/26\\\/spektakl-u-ljubuskom-skauti-nadigrali-tatabanyu-za-korak-do-finala\\\/#breadcrumb\",\"itemListElement\":[{\"@type\":\"ListItem\",\"position\":1,\"name\":\"Po\u010detna stranica\",\"item\":\"https:\\\/\\\/radioljubuski.ba\\\/\"},{\"@type\":\"ListItem\",\"position\":2,\"name\":\"Spektakl u Ljubu\u0161kom: Skauti nadigrali Tatab\u00e1nyu za korak do finala\"}]},{\"@type\":\"WebSite\",\"@id\":\"https:\\\/\\\/radioljubuski.ba\\\/#website\",\"url\":\"https:\\\/\\\/radioljubuski.ba\\\/\",\"name\":\"Radio Ljubu\u0161ki\",\"description\":\"Sun\u010dana frekvencija Hercegovine\",\"publisher\":{\"@id\":\"https:\\\/\\\/radioljubuski.ba\\\/#organization\"},\"potentialAction\":[{\"@type\":\"SearchAction\",\"target\":{\"@type\":\"EntryPoint\",\"urlTemplate\":\"https:\\\/\\\/radioljubuski.ba\\\/?s={search_term_string}\"},\"query-input\":{\"@type\":\"PropertyValueSpecification\",\"valueRequired\":true,\"valueName\":\"search_term_string\"}}],\"inLanguage\":\"hr\"},{\"@type\":\"Organization\",\"@id\":\"https:\\\/\\\/radioljubuski.ba\\\/#organization\",\"name\":\"Radio Ljubu\u0161ki\",\"url\":\"https:\\\/\\\/radioljubuski.ba\\\/\",\"logo\":{\"@type\":\"ImageObject\",\"inLanguage\":\"hr\",\"@id\":\"https:\\\/\\\/radioljubuski.ba\\\/#\\\/schema\\\/logo\\\/image\\\/\",\"url\":\"https:\\\/\\\/radioljubuski.ba\\\/wp-content\\\/uploads\\\/2021\\\/02\\\/cropped-Radio_Ljubuski_logo1.jpg\",\"contentUrl\":\"https:\\\/\\\/radioljubuski.ba\\\/wp-content\\\/uploads\\\/2021\\\/02\\\/cropped-Radio_Ljubuski_logo1.jpg\",\"width\":512,\"height\":512,\"caption\":\"Radio Ljubu\u0161ki\"},\"image\":{\"@id\":\"https:\\\/\\\/radioljubuski.ba\\\/#\\\/schema\\\/logo\\\/image\\\/\"},\"sameAs\":[\"https:\\\/\\\/www.facebook.com\\\/Radiio-Ljubuski-1490835324566332\",\"https:\\\/\\\/x.com\\\/radioljubuski\",\"https:\\\/\\\/hr.linkedin.com\\\/company\\\/radio-ljubuski\",\"https:\\\/\\\/www.youtube.com\\\/channel\\\/UCHYaeO_n0Db3tjNGudGpXyw\"]},{\"@type\":\"Person\",\"@id\":\"https:\\\/\\\/radioljubuski.ba\\\/#\\\/schema\\\/person\\\/19fc700381a780f69665d7956c469e3b\",\"name\":\"Radio Ljubu\u0161ki\"}]}<\/script>\n<!-- \/ Yoast SEO plugin. -->","yoast_head_json":{"title":"Spektakl u Ljubu\u0161kom: Skauti nadigrali Tatab\u00e1nyu za korak do finala - RADIO LJUBU\u0160KI","robots":{"index":"index","follow":"follow","max-snippet":"max-snippet:-1","max-image-preview":"max-image-preview:large","max-video-preview":"max-video-preview:-1"},"canonical":"https:\/\/radioljubuski.ba\/index.php\/2026\/04\/26\/spektakl-u-ljubuskom-skauti-nadigrali-tatabanyu-za-korak-do-finala\/","og_locale":"hr_HR","og_type":"article","og_title":"Spektakl u Ljubu\u0161kom: Skauti nadigrali Tatab\u00e1nyu za korak do finala - RADIO LJUBU\u0160KI","og_description":"Rukometa\u0161i RK Izvi\u0111a\u010d Agram ispisali su jo\u0161 jednu sjajnu stranicu klupske povijesti, u prepunoj dvorani u Ljubu\u0161kom ve\u010deras su slavili rezultatom 33:31 protiv ma\u0111arskog predstavnika MOL Tatab\u00e1nya KC i napravili veliki korak prema finalu EHF European Cup. Od samog po\u010detka bilo je jasno koliko ova utakmica zna\u010di. Posebno emotivan dio susreta bila je simboli\u010dna gesta [&hellip;]","og_url":"https:\/\/radioljubuski.ba\/index.php\/2026\/04\/26\/spektakl-u-ljubuskom-skauti-nadigrali-tatabanyu-za-korak-do-finala\/","og_site_name":"RADIO LJUBU\u0160KI","article_publisher":"https:\/\/www.facebook.com\/Radiio-Ljubuski-1490835324566332","article_published_time":"2026-04-26T19:40:40+00:00","article_modified_time":"2026-04-26T21:03:29+00:00","og_image":[{"width":2560,"height":1920,"url":"https:\/\/radioljubuski.ba\/wp-content\/uploads\/2026\/04\/IMG_20260426_213441-scaled.jpg","type":"image\/jpeg"}],"author":"Radio Ljubu\u0161ki","twitter_card":"summary_large_image","twitter_creator":"@radioljubuski","twitter_site":"@radioljubuski","twitter_misc":{"Napisao\/la":"Radio Ljubu\u0161ki","Procijenjeno vrijeme \u010ditanja":"5 minuta"},"schema":{"@context":"https:\/\/schema.org","@graph":[{"@type":"Article","@id":"https:\/\/radioljubuski.ba\/index.php\/2026\/04\/26\/spektakl-u-ljubuskom-skauti-nadigrali-tatabanyu-za-korak-do-finala\/#article","isPartOf":{"@id":"https:\/\/radioljubuski.ba\/index.php\/2026\/04\/26\/spektakl-u-ljubuskom-skauti-nadigrali-tatabanyu-za-korak-do-finala\/"},"author":{"name":"Radio Ljubu\u0161ki","@id":"https:\/\/radioljubuski.ba\/#\/schema\/person\/19fc700381a780f69665d7956c469e3b"},"headline":"Spektakl u Ljubu\u0161kom: Skauti nadigrali Tatab\u00e1nyu za korak do finala","datePublished":"2026-04-26T19:40:40+00:00","dateModified":"2026-04-26T21:03:29+00:00","mainEntityOfPage":{"@id":"https:\/\/radioljubuski.ba\/index.php\/2026\/04\/26\/spektakl-u-ljubuskom-skauti-nadigrali-tatabanyu-za-korak-do-finala\/"},"wordCount":297,"publisher":{"@id":"https:\/\/radioljubuski.ba\/#organization"},"image":{"@id":"https:\/\/radioljubuski.ba\/index.php\/2026\/04\/26\/spektakl-u-ljubuskom-skauti-nadigrali-tatabanyu-za-korak-do-finala\/#primaryimage"},"thumbnailUrl":"https:\/\/radioljubuski.ba\/wp-content\/uploads\/2026\/04\/IMG_20260426_213441-scaled.jpg","articleSection":["BIH i regija","Novosti"],"inLanguage":"hr"},{"@type":"WebPage","@id":"https:\/\/radioljubuski.ba\/index.php\/2026\/04\/26\/spektakl-u-ljubuskom-skauti-nadigrali-tatabanyu-za-korak-do-finala\/","url":"https:\/\/radioljubuski.ba\/index.php\/2026\/04\/26\/spektakl-u-ljubuskom-skauti-nadigrali-tatabanyu-za-korak-do-finala\/","name":"Spektakl u Ljubu\u0161kom: Skauti nadigrali Tatab\u00e1nyu za korak do finala - RADIO LJUBU\u0160KI","isPartOf":{"@id":"https:\/\/radioljubuski.ba\/#website"},"primaryImageOfPage":{"@id":"https:\/\/radioljubuski.ba\/index.php\/2026\/04\/26\/spektakl-u-ljubuskom-skauti-nadigrali-tatabanyu-za-korak-do-finala\/#primaryimage"},"image":{"@id":"https:\/\/radioljubuski.ba\/index.php\/2026\/04\/26\/spektakl-u-ljubuskom-skauti-nadigrali-tatabanyu-za-korak-do-finala\/#primaryimage"},"thumbnailUrl":"https:\/\/radioljubuski.ba\/wp-content\/uploads\/2026\/04\/IMG_20260426_213441-scaled.jpg","datePublished":"2026-04-26T19:40:40+00:00","dateModified":"2026-04-26T21:03:29+00:00","breadcrumb":{"@id":"https:\/\/radioljubuski.ba\/index.php\/2026\/04\/26\/spektakl-u-ljubuskom-skauti-nadigrali-tatabanyu-za-korak-do-finala\/#breadcrumb"},"inLanguage":"hr","potentialAction":[{"@type":"ReadAction","target":["https:\/\/radioljubuski.ba\/index.php\/2026\/04\/26\/spektakl-u-ljubuskom-skauti-nadigrali-tatabanyu-za-korak-do-finala\/"]}]},{"@type":"ImageObject","inLanguage":"hr","@id":"https:\/\/radioljubuski.ba\/index.php\/2026\/04\/26\/spektakl-u-ljubuskom-skauti-nadigrali-tatabanyu-za-korak-do-finala\/#primaryimage","url":"https:\/\/radioljubuski.ba\/wp-content\/uploads\/2026\/04\/IMG_20260426_213441-scaled.jpg","contentUrl":"https:\/\/radioljubuski.ba\/wp-content\/uploads\/2026\/04\/IMG_20260426_213441-scaled.jpg","width":2560,"height":1920},{"@type":"BreadcrumbList","@id":"https:\/\/radioljubuski.ba\/index.php\/2026\/04\/26\/spektakl-u-ljubuskom-skauti-nadigrali-tatabanyu-za-korak-do-finala\/#breadcrumb","itemListElement":[{"@type":"ListItem","position":1,"name":"Po\u010detna stranica","item":"https:\/\/radioljubuski.ba\/"},{"@type":"ListItem","position":2,"name":"Spektakl u Ljubu\u0161kom: Skauti nadigrali Tatab\u00e1nyu za korak do finala"}]},{"@type":"WebSite","@id":"https:\/\/radioljubuski.ba\/#website","url":"https:\/\/radioljubuski.ba\/","name":"Radio Ljubu\u0161ki","description":"Sun\u010dana frekvencija Hercegovine","publisher":{"@id":"https:\/\/radioljubuski.ba\/#organization"},"potentialAction":[{"@type":"SearchAction","target":{"@type":"EntryPoint","urlTemplate":"https:\/\/radioljubuski.ba\/?s={search_term_string}"},"query-input":{"@type":"PropertyValueSpecification","valueRequired":true,"valueName":"search_term_string"}}],"inLanguage":"hr"},{"@type":"Organization","@id":"https:\/\/radioljubuski.ba\/#organization","name":"Radio Ljubu\u0161ki","url":"https:\/\/radioljubuski.ba\/","logo":{"@type":"ImageObject","inLanguage":"hr","@id":"https:\/\/radioljubuski.ba\/#\/schema\/logo\/image\/","url":"https:\/\/radioljubuski.ba\/wp-content\/uploads\/2021\/02\/cropped-Radio_Ljubuski_logo1.jpg","contentUrl":"https:\/\/radioljubuski.ba\/wp-content\/uploads\/2021\/02\/cropped-Radio_Ljubuski_logo1.jpg","width":512,"height":512,"caption":"Radio Ljubu\u0161ki"},"image":{"@id":"https:\/\/radioljubuski.ba\/#\/schema\/logo\/image\/"},"sameAs":["https:\/\/www.facebook.com\/Radiio-Ljubuski-1490835324566332","https:\/\/x.com\/radioljubuski","https:\/\/hr.linkedin.com\/company\/radio-ljubuski","https:\/\/www.youtube.com\/channel\/UCHYaeO_n0Db3tjNGudGpXyw"]},{"@type":"Person","@id":"https:\/\/radioljubuski.ba\/#\/schema\/person\/19fc700381a780f69665d7956c469e3b","name":"Radio Ljubu\u0161ki"}]}},"_links":{"self":[{"href":"https:\/\/radioljubuski.ba\/index.php\/wp-json\/wp\/v2\/posts\/227596","targetHints":{"allow":["GET"]}}],"collection":[{"href":"https:\/\/radioljubuski.ba\/index.php\/wp-json\/wp\/v2\/posts"}],"about":[{"href":"https:\/\/radioljubuski.ba\/index.php\/wp-json\/wp\/v2\/types\/post"}],"author":[{"embeddable":true,"href":"https:\/\/radioljubuski.ba\/index.php\/wp-json\/wp\/v2\/users\/2"}],"replies":[{"embeddable":true,"href":"https:\/\/radioljubuski.ba\/index.php\/wp-json\/wp\/v2\/comments?post=227596"}],"version-history":[{"count":7,"href":"https:\/\/radioljubuski.ba\/index.php\/wp-json\/wp\/v2\/posts\/227596\/revisions"}],"predecessor-version":[{"id":227623,"href":"https:\/\/radioljubuski.ba\/index.php\/wp-json\/wp\/v2\/posts\/227596\/revisions\/227623"}],"wp:featuredmedia":[{"embeddable":true,"href":"https:\/\/radioljubuski.ba\/index.php\/wp-json\/wp\/v2\/media\/227604"}],"wp:attachment":[{"href":"https:\/\/radioljubuski.ba\/index.php\/wp-json\/wp\/v2\/media?parent=227596"}],"wp:term":[{"taxonomy":"category","embeddable":true,"href":"https:\/\/radioljubuski.ba\/index.php\/wp-json\/wp\/v2\/categories?post=227596"},{"taxonomy":"post_tag","embeddable":true,"href":"https:\/\/radioljubuski.ba\/index.php\/wp-json\/wp\/v2\/tags?post=227596"}],"curies":[{"name":"wp","href":"https:\/\/api.w.org\/{rel}","templated":true}]}}