{"id":227629,"date":"2026-04-27T08:04:01","date_gmt":"2026-04-27T07:04:01","guid":{"rendered":"https:\/\/radioljubuski.ba\/?p=227629"},"modified":"2026-04-27T08:05:04","modified_gmt":"2026-04-27T07:05:04","slug":"sveta-misa-na-groblju-mira-1-svibnja-u-organizaciji-hrvatskog-narodnog-sabora","status":"publish","type":"post","link":"https:\/\/radioljubuski.ba\/index.php\/2026\/04\/27\/sveta-misa-na-groblju-mira-1-svibnja-u-organizaciji-hrvatskog-narodnog-sabora\/","title":{"rendered":"Sveta misa na Groblju mira 1. svibnja u organizaciji Hrvatskog narodnog sabora"},"content":{"rendered":"\n<p>U organizaciji Hrvatskog narodnog sabora, povodom blagdana sv. Josipa Radnika, za\u0161titnika Groblja mira, u petak 1. svibnja 2026. godine s po\u010detkom u 12 sati bit \u0107e slu\u017eena sveta misa u Memorijalnom centru Groblje mira Bile.<\/p>\n\n\n\n<p>Euharistijsko slavlje predvodit \u0107e i propovijedati fra Marko Mr\u0161e, \u010dlan Franjeva\u010dke provincije Presvetog Otkupitelja sa sjedi\u0161tem u Splitu te predava\u010d Crkvenog prava na Katoli\u010dkom bogoslovnom fakultetu Sveu\u010dili\u0161ta u Splitu.<\/p>\n\n\n\n<p>Sve\u010danost \u0107e svojim pjevanjem dodatno uveli\u010dati Veliki \u017eupni zbor sv. Nikole Taveli\u0107a iz Tomislavgrada pod vodstvom Pere Toki\u0107a, uz sudjelovanje Frame Tomislavgrad i duhovnog asistenta fra Nikole Juri\u0161i\u0107a.<\/p>\n\n\n\n<p>Ovo misno slavlje prilika je za zajedni\u010dku molitvu, sje\u0107anje i odavanje po\u010dasti svima koji po\u010divaju na Groblju mira, kao i za okupljanje vjernika u duhu zajedni\u0161tva i nade.<\/p>\n","protected":false},"excerpt":{"rendered":"<p>U organizaciji Hrvatskog narodnog sabora, povodom blagdana sv. Josipa Radnika, za\u0161titnika Groblja mira, u petak 1. svibnja 2026. godine s po\u010detkom u 12 sati bit \u0107e slu\u017eena sveta misa u Memorijalnom centru Groblje mira Bile. Euharistijsko slavlje predvodit \u0107e i propovijedati fra Marko Mr\u0161e, \u010dlan Franjeva\u010dke provincije Presvetog Otkupitelja sa sjedi\u0161tem u Splitu te predava\u010d [&hellip;]<\/p>\n","protected":false},"author":2,"featured_media":227630,"comment_status":"closed","ping_status":"closed","sticky":false,"template":"","format":"standard","meta":{"h5ap_radio_sources":[],"footnotes":""},"categories":[1,3],"tags":[],"class_list":["post-227629","post","type-post","status-publish","format-standard","has-post-thumbnail","hentry","category-bihiregija","category-ljubuski"],"yoast_head":"<!-- This site is optimized with the Yoast SEO plugin v27.5 - https:\/\/yoast.com\/product\/yoast-seo-wordpress\/ -->\n<title>Sveta misa na Groblju mira 1. svibnja u organizaciji Hrvatskog narodnog sabora - RADIO LJUBU\u0160KI<\/title>\n<meta name=\"robots\" content=\"index, follow, max-snippet:-1, max-image-preview:large, max-video-preview:-1\" \/>\n<link rel=\"canonical\" href=\"https:\/\/radioljubuski.ba\/index.php\/2026\/04\/27\/sveta-misa-na-groblju-mira-1-svibnja-u-organizaciji-hrvatskog-narodnog-sabora\/\" \/>\n<meta property=\"og:locale\" content=\"hr_HR\" \/>\n<meta property=\"og:type\" content=\"article\" \/>\n<meta property=\"og:title\" content=\"Sveta misa na Groblju mira 1. svibnja u organizaciji Hrvatskog narodnog sabora - RADIO LJUBU\u0160KI\" \/>\n<meta property=\"og:description\" content=\"U organizaciji Hrvatskog narodnog sabora, povodom blagdana sv. Josipa Radnika, za\u0161titnika Groblja mira, u petak 1. svibnja 2026. godine s po\u010detkom u 12 sati bit \u0107e slu\u017eena sveta misa u Memorijalnom centru Groblje mira Bile. Euharistijsko slavlje predvodit \u0107e i propovijedati fra Marko Mr\u0161e, \u010dlan Franjeva\u010dke provincije Presvetog Otkupitelja sa sjedi\u0161tem u Splitu te predava\u010d [&hellip;]\" \/>\n<meta property=\"og:url\" content=\"https:\/\/radioljubuski.ba\/index.php\/2026\/04\/27\/sveta-misa-na-groblju-mira-1-svibnja-u-organizaciji-hrvatskog-narodnog-sabora\/\" \/>\n<meta property=\"og:site_name\" content=\"RADIO LJUBU\u0160KI\" \/>\n<meta property=\"article:publisher\" content=\"https:\/\/www.facebook.com\/Radiio-Ljubuski-1490835324566332\" \/>\n<meta property=\"article:published_time\" content=\"2026-04-27T07:04:01+00:00\" \/>\n<meta property=\"article:modified_time\" content=\"2026-04-27T07:05:04+00:00\" \/>\n<meta property=\"og:image\" content=\"https:\/\/radioljubuski.ba\/wp-content\/uploads\/2026\/04\/IMG-20260427-WA0000.jpg\" \/>\n\t<meta property=\"og:image:width\" content=\"900\" \/>\n\t<meta property=\"og:image:height\" content=\"1400\" \/>\n\t<meta property=\"og:image:type\" content=\"image\/jpeg\" \/>\n<meta name=\"author\" content=\"Radio Ljubu\u0161ki\" \/>\n<meta name=\"twitter:card\" content=\"summary_large_image\" \/>\n<meta name=\"twitter:creator\" content=\"@radioljubuski\" \/>\n<meta name=\"twitter:site\" content=\"@radioljubuski\" \/>\n<meta name=\"twitter:label1\" content=\"Napisao\/la\" \/>\n\t<meta name=\"twitter:data1\" content=\"Radio Ljubu\u0161ki\" \/>\n\t<meta name=\"twitter:label2\" content=\"Procijenjeno vrijeme \u010ditanja\" \/>\n\t<meta name=\"twitter:data2\" content=\"1 minuta\" \/>\n<script type=\"application\/ld+json\" class=\"yoast-schema-graph\">{\"@context\":\"https:\\\/\\\/schema.org\",\"@graph\":[{\"@type\":\"Article\",\"@id\":\"https:\\\/\\\/radioljubuski.ba\\\/index.php\\\/2026\\\/04\\\/27\\\/sveta-misa-na-groblju-mira-1-svibnja-u-organizaciji-hrvatskog-narodnog-sabora\\\/#article\",\"isPartOf\":{\"@id\":\"https:\\\/\\\/radioljubuski.ba\\\/index.php\\\/2026\\\/04\\\/27\\\/sveta-misa-na-groblju-mira-1-svibnja-u-organizaciji-hrvatskog-narodnog-sabora\\\/\"},\"author\":{\"name\":\"Radio Ljubu\u0161ki\",\"@id\":\"https:\\\/\\\/radioljubuski.ba\\\/#\\\/schema\\\/person\\\/19fc700381a780f69665d7956c469e3b\"},\"headline\":\"Sveta misa na Groblju mira 1. svibnja u organizaciji Hrvatskog narodnog sabora\",\"datePublished\":\"2026-04-27T07:04:01+00:00\",\"dateModified\":\"2026-04-27T07:05:04+00:00\",\"mainEntityOfPage\":{\"@id\":\"https:\\\/\\\/radioljubuski.ba\\\/index.php\\\/2026\\\/04\\\/27\\\/sveta-misa-na-groblju-mira-1-svibnja-u-organizaciji-hrvatskog-narodnog-sabora\\\/\"},\"wordCount\":148,\"publisher\":{\"@id\":\"https:\\\/\\\/radioljubuski.ba\\\/#organization\"},\"image\":{\"@id\":\"https:\\\/\\\/radioljubuski.ba\\\/index.php\\\/2026\\\/04\\\/27\\\/sveta-misa-na-groblju-mira-1-svibnja-u-organizaciji-hrvatskog-narodnog-sabora\\\/#primaryimage\"},\"thumbnailUrl\":\"https:\\\/\\\/radioljubuski.ba\\\/wp-content\\\/uploads\\\/2026\\\/04\\\/IMG-20260427-WA0000.jpg\",\"articleSection\":[\"BIH i regija\",\"Ljubu\u0161ki\"],\"inLanguage\":\"hr\"},{\"@type\":\"WebPage\",\"@id\":\"https:\\\/\\\/radioljubuski.ba\\\/index.php\\\/2026\\\/04\\\/27\\\/sveta-misa-na-groblju-mira-1-svibnja-u-organizaciji-hrvatskog-narodnog-sabora\\\/\",\"url\":\"https:\\\/\\\/radioljubuski.ba\\\/index.php\\\/2026\\\/04\\\/27\\\/sveta-misa-na-groblju-mira-1-svibnja-u-organizaciji-hrvatskog-narodnog-sabora\\\/\",\"name\":\"Sveta misa na Groblju mira 1. svibnja u organizaciji Hrvatskog narodnog sabora - RADIO LJUBU\u0160KI\",\"isPartOf\":{\"@id\":\"https:\\\/\\\/radioljubuski.ba\\\/#website\"},\"primaryImageOfPage\":{\"@id\":\"https:\\\/\\\/radioljubuski.ba\\\/index.php\\\/2026\\\/04\\\/27\\\/sveta-misa-na-groblju-mira-1-svibnja-u-organizaciji-hrvatskog-narodnog-sabora\\\/#primaryimage\"},\"image\":{\"@id\":\"https:\\\/\\\/radioljubuski.ba\\\/index.php\\\/2026\\\/04\\\/27\\\/sveta-misa-na-groblju-mira-1-svibnja-u-organizaciji-hrvatskog-narodnog-sabora\\\/#primaryimage\"},\"thumbnailUrl\":\"https:\\\/\\\/radioljubuski.ba\\\/wp-content\\\/uploads\\\/2026\\\/04\\\/IMG-20260427-WA0000.jpg\",\"datePublished\":\"2026-04-27T07:04:01+00:00\",\"dateModified\":\"2026-04-27T07:05:04+00:00\",\"breadcrumb\":{\"@id\":\"https:\\\/\\\/radioljubuski.ba\\\/index.php\\\/2026\\\/04\\\/27\\\/sveta-misa-na-groblju-mira-1-svibnja-u-organizaciji-hrvatskog-narodnog-sabora\\\/#breadcrumb\"},\"inLanguage\":\"hr\",\"potentialAction\":[{\"@type\":\"ReadAction\",\"target\":[\"https:\\\/\\\/radioljubuski.ba\\\/index.php\\\/2026\\\/04\\\/27\\\/sveta-misa-na-groblju-mira-1-svibnja-u-organizaciji-hrvatskog-narodnog-sabora\\\/\"]}]},{\"@type\":\"ImageObject\",\"inLanguage\":\"hr\",\"@id\":\"https:\\\/\\\/radioljubuski.ba\\\/index.php\\\/2026\\\/04\\\/27\\\/sveta-misa-na-groblju-mira-1-svibnja-u-organizaciji-hrvatskog-narodnog-sabora\\\/#primaryimage\",\"url\":\"https:\\\/\\\/radioljubuski.ba\\\/wp-content\\\/uploads\\\/2026\\\/04\\\/IMG-20260427-WA0000.jpg\",\"contentUrl\":\"https:\\\/\\\/radioljubuski.ba\\\/wp-content\\\/uploads\\\/2026\\\/04\\\/IMG-20260427-WA0000.jpg\",\"width\":900,\"height\":1400},{\"@type\":\"BreadcrumbList\",\"@id\":\"https:\\\/\\\/radioljubuski.ba\\\/index.php\\\/2026\\\/04\\\/27\\\/sveta-misa-na-groblju-mira-1-svibnja-u-organizaciji-hrvatskog-narodnog-sabora\\\/#breadcrumb\",\"itemListElement\":[{\"@type\":\"ListItem\",\"position\":1,\"name\":\"Po\u010detna stranica\",\"item\":\"https:\\\/\\\/radioljubuski.ba\\\/\"},{\"@type\":\"ListItem\",\"position\":2,\"name\":\"Sveta misa na Groblju mira 1. svibnja u organizaciji Hrvatskog narodnog sabora\"}]},{\"@type\":\"WebSite\",\"@id\":\"https:\\\/\\\/radioljubuski.ba\\\/#website\",\"url\":\"https:\\\/\\\/radioljubuski.ba\\\/\",\"name\":\"Radio Ljubu\u0161ki\",\"description\":\"Sun\u010dana frekvencija Hercegovine\",\"publisher\":{\"@id\":\"https:\\\/\\\/radioljubuski.ba\\\/#organization\"},\"potentialAction\":[{\"@type\":\"SearchAction\",\"target\":{\"@type\":\"EntryPoint\",\"urlTemplate\":\"https:\\\/\\\/radioljubuski.ba\\\/?s={search_term_string}\"},\"query-input\":{\"@type\":\"PropertyValueSpecification\",\"valueRequired\":true,\"valueName\":\"search_term_string\"}}],\"inLanguage\":\"hr\"},{\"@type\":\"Organization\",\"@id\":\"https:\\\/\\\/radioljubuski.ba\\\/#organization\",\"name\":\"Radio Ljubu\u0161ki\",\"url\":\"https:\\\/\\\/radioljubuski.ba\\\/\",\"logo\":{\"@type\":\"ImageObject\",\"inLanguage\":\"hr\",\"@id\":\"https:\\\/\\\/radioljubuski.ba\\\/#\\\/schema\\\/logo\\\/image\\\/\",\"url\":\"https:\\\/\\\/radioljubuski.ba\\\/wp-content\\\/uploads\\\/2021\\\/02\\\/cropped-Radio_Ljubuski_logo1.jpg\",\"contentUrl\":\"https:\\\/\\\/radioljubuski.ba\\\/wp-content\\\/uploads\\\/2021\\\/02\\\/cropped-Radio_Ljubuski_logo1.jpg\",\"width\":512,\"height\":512,\"caption\":\"Radio Ljubu\u0161ki\"},\"image\":{\"@id\":\"https:\\\/\\\/radioljubuski.ba\\\/#\\\/schema\\\/logo\\\/image\\\/\"},\"sameAs\":[\"https:\\\/\\\/www.facebook.com\\\/Radiio-Ljubuski-1490835324566332\",\"https:\\\/\\\/x.com\\\/radioljubuski\",\"https:\\\/\\\/hr.linkedin.com\\\/company\\\/radio-ljubuski\",\"https:\\\/\\\/www.youtube.com\\\/channel\\\/UCHYaeO_n0Db3tjNGudGpXyw\"]},{\"@type\":\"Person\",\"@id\":\"https:\\\/\\\/radioljubuski.ba\\\/#\\\/schema\\\/person\\\/19fc700381a780f69665d7956c469e3b\",\"name\":\"Radio Ljubu\u0161ki\"}]}<\/script>\n<!-- \/ Yoast SEO plugin. -->","yoast_head_json":{"title":"Sveta misa na Groblju mira 1. svibnja u organizaciji Hrvatskog narodnog sabora - RADIO LJUBU\u0160KI","robots":{"index":"index","follow":"follow","max-snippet":"max-snippet:-1","max-image-preview":"max-image-preview:large","max-video-preview":"max-video-preview:-1"},"canonical":"https:\/\/radioljubuski.ba\/index.php\/2026\/04\/27\/sveta-misa-na-groblju-mira-1-svibnja-u-organizaciji-hrvatskog-narodnog-sabora\/","og_locale":"hr_HR","og_type":"article","og_title":"Sveta misa na Groblju mira 1. svibnja u organizaciji Hrvatskog narodnog sabora - RADIO LJUBU\u0160KI","og_description":"U organizaciji Hrvatskog narodnog sabora, povodom blagdana sv. Josipa Radnika, za\u0161titnika Groblja mira, u petak 1. svibnja 2026. godine s po\u010detkom u 12 sati bit \u0107e slu\u017eena sveta misa u Memorijalnom centru Groblje mira Bile. Euharistijsko slavlje predvodit \u0107e i propovijedati fra Marko Mr\u0161e, \u010dlan Franjeva\u010dke provincije Presvetog Otkupitelja sa sjedi\u0161tem u Splitu te predava\u010d [&hellip;]","og_url":"https:\/\/radioljubuski.ba\/index.php\/2026\/04\/27\/sveta-misa-na-groblju-mira-1-svibnja-u-organizaciji-hrvatskog-narodnog-sabora\/","og_site_name":"RADIO LJUBU\u0160KI","article_publisher":"https:\/\/www.facebook.com\/Radiio-Ljubuski-1490835324566332","article_published_time":"2026-04-27T07:04:01+00:00","article_modified_time":"2026-04-27T07:05:04+00:00","og_image":[{"width":900,"height":1400,"url":"https:\/\/radioljubuski.ba\/wp-content\/uploads\/2026\/04\/IMG-20260427-WA0000.jpg","type":"image\/jpeg"}],"author":"Radio Ljubu\u0161ki","twitter_card":"summary_large_image","twitter_creator":"@radioljubuski","twitter_site":"@radioljubuski","twitter_misc":{"Napisao\/la":"Radio Ljubu\u0161ki","Procijenjeno vrijeme \u010ditanja":"1 minuta"},"schema":{"@context":"https:\/\/schema.org","@graph":[{"@type":"Article","@id":"https:\/\/radioljubuski.ba\/index.php\/2026\/04\/27\/sveta-misa-na-groblju-mira-1-svibnja-u-organizaciji-hrvatskog-narodnog-sabora\/#article","isPartOf":{"@id":"https:\/\/radioljubuski.ba\/index.php\/2026\/04\/27\/sveta-misa-na-groblju-mira-1-svibnja-u-organizaciji-hrvatskog-narodnog-sabora\/"},"author":{"name":"Radio Ljubu\u0161ki","@id":"https:\/\/radioljubuski.ba\/#\/schema\/person\/19fc700381a780f69665d7956c469e3b"},"headline":"Sveta misa na Groblju mira 1. svibnja u organizaciji Hrvatskog narodnog sabora","datePublished":"2026-04-27T07:04:01+00:00","dateModified":"2026-04-27T07:05:04+00:00","mainEntityOfPage":{"@id":"https:\/\/radioljubuski.ba\/index.php\/2026\/04\/27\/sveta-misa-na-groblju-mira-1-svibnja-u-organizaciji-hrvatskog-narodnog-sabora\/"},"wordCount":148,"publisher":{"@id":"https:\/\/radioljubuski.ba\/#organization"},"image":{"@id":"https:\/\/radioljubuski.ba\/index.php\/2026\/04\/27\/sveta-misa-na-groblju-mira-1-svibnja-u-organizaciji-hrvatskog-narodnog-sabora\/#primaryimage"},"thumbnailUrl":"https:\/\/radioljubuski.ba\/wp-content\/uploads\/2026\/04\/IMG-20260427-WA0000.jpg","articleSection":["BIH i regija","Ljubu\u0161ki"],"inLanguage":"hr"},{"@type":"WebPage","@id":"https:\/\/radioljubuski.ba\/index.php\/2026\/04\/27\/sveta-misa-na-groblju-mira-1-svibnja-u-organizaciji-hrvatskog-narodnog-sabora\/","url":"https:\/\/radioljubuski.ba\/index.php\/2026\/04\/27\/sveta-misa-na-groblju-mira-1-svibnja-u-organizaciji-hrvatskog-narodnog-sabora\/","name":"Sveta misa na Groblju mira 1. svibnja u organizaciji Hrvatskog narodnog sabora - RADIO LJUBU\u0160KI","isPartOf":{"@id":"https:\/\/radioljubuski.ba\/#website"},"primaryImageOfPage":{"@id":"https:\/\/radioljubuski.ba\/index.php\/2026\/04\/27\/sveta-misa-na-groblju-mira-1-svibnja-u-organizaciji-hrvatskog-narodnog-sabora\/#primaryimage"},"image":{"@id":"https:\/\/radioljubuski.ba\/index.php\/2026\/04\/27\/sveta-misa-na-groblju-mira-1-svibnja-u-organizaciji-hrvatskog-narodnog-sabora\/#primaryimage"},"thumbnailUrl":"https:\/\/radioljubuski.ba\/wp-content\/uploads\/2026\/04\/IMG-20260427-WA0000.jpg","datePublished":"2026-04-27T07:04:01+00:00","dateModified":"2026-04-27T07:05:04+00:00","breadcrumb":{"@id":"https:\/\/radioljubuski.ba\/index.php\/2026\/04\/27\/sveta-misa-na-groblju-mira-1-svibnja-u-organizaciji-hrvatskog-narodnog-sabora\/#breadcrumb"},"inLanguage":"hr","potentialAction":[{"@type":"ReadAction","target":["https:\/\/radioljubuski.ba\/index.php\/2026\/04\/27\/sveta-misa-na-groblju-mira-1-svibnja-u-organizaciji-hrvatskog-narodnog-sabora\/"]}]},{"@type":"ImageObject","inLanguage":"hr","@id":"https:\/\/radioljubuski.ba\/index.php\/2026\/04\/27\/sveta-misa-na-groblju-mira-1-svibnja-u-organizaciji-hrvatskog-narodnog-sabora\/#primaryimage","url":"https:\/\/radioljubuski.ba\/wp-content\/uploads\/2026\/04\/IMG-20260427-WA0000.jpg","contentUrl":"https:\/\/radioljubuski.ba\/wp-content\/uploads\/2026\/04\/IMG-20260427-WA0000.jpg","width":900,"height":1400},{"@type":"BreadcrumbList","@id":"https:\/\/radioljubuski.ba\/index.php\/2026\/04\/27\/sveta-misa-na-groblju-mira-1-svibnja-u-organizaciji-hrvatskog-narodnog-sabora\/#breadcrumb","itemListElement":[{"@type":"ListItem","position":1,"name":"Po\u010detna stranica","item":"https:\/\/radioljubuski.ba\/"},{"@type":"ListItem","position":2,"name":"Sveta misa na Groblju mira 1. svibnja u organizaciji Hrvatskog narodnog sabora"}]},{"@type":"WebSite","@id":"https:\/\/radioljubuski.ba\/#website","url":"https:\/\/radioljubuski.ba\/","name":"Radio Ljubu\u0161ki","description":"Sun\u010dana frekvencija Hercegovine","publisher":{"@id":"https:\/\/radioljubuski.ba\/#organization"},"potentialAction":[{"@type":"SearchAction","target":{"@type":"EntryPoint","urlTemplate":"https:\/\/radioljubuski.ba\/?s={search_term_string}"},"query-input":{"@type":"PropertyValueSpecification","valueRequired":true,"valueName":"search_term_string"}}],"inLanguage":"hr"},{"@type":"Organization","@id":"https:\/\/radioljubuski.ba\/#organization","name":"Radio Ljubu\u0161ki","url":"https:\/\/radioljubuski.ba\/","logo":{"@type":"ImageObject","inLanguage":"hr","@id":"https:\/\/radioljubuski.ba\/#\/schema\/logo\/image\/","url":"https:\/\/radioljubuski.ba\/wp-content\/uploads\/2021\/02\/cropped-Radio_Ljubuski_logo1.jpg","contentUrl":"https:\/\/radioljubuski.ba\/wp-content\/uploads\/2021\/02\/cropped-Radio_Ljubuski_logo1.jpg","width":512,"height":512,"caption":"Radio Ljubu\u0161ki"},"image":{"@id":"https:\/\/radioljubuski.ba\/#\/schema\/logo\/image\/"},"sameAs":["https:\/\/www.facebook.com\/Radiio-Ljubuski-1490835324566332","https:\/\/x.com\/radioljubuski","https:\/\/hr.linkedin.com\/company\/radio-ljubuski","https:\/\/www.youtube.com\/channel\/UCHYaeO_n0Db3tjNGudGpXyw"]},{"@type":"Person","@id":"https:\/\/radioljubuski.ba\/#\/schema\/person\/19fc700381a780f69665d7956c469e3b","name":"Radio Ljubu\u0161ki"}]}},"_links":{"self":[{"href":"https:\/\/radioljubuski.ba\/index.php\/wp-json\/wp\/v2\/posts\/227629","targetHints":{"allow":["GET"]}}],"collection":[{"href":"https:\/\/radioljubuski.ba\/index.php\/wp-json\/wp\/v2\/posts"}],"about":[{"href":"https:\/\/radioljubuski.ba\/index.php\/wp-json\/wp\/v2\/types\/post"}],"author":[{"embeddable":true,"href":"https:\/\/radioljubuski.ba\/index.php\/wp-json\/wp\/v2\/users\/2"}],"replies":[{"embeddable":true,"href":"https:\/\/radioljubuski.ba\/index.php\/wp-json\/wp\/v2\/comments?post=227629"}],"version-history":[{"count":3,"href":"https:\/\/radioljubuski.ba\/index.php\/wp-json\/wp\/v2\/posts\/227629\/revisions"}],"predecessor-version":[{"id":227633,"href":"https:\/\/radioljubuski.ba\/index.php\/wp-json\/wp\/v2\/posts\/227629\/revisions\/227633"}],"wp:featuredmedia":[{"embeddable":true,"href":"https:\/\/radioljubuski.ba\/index.php\/wp-json\/wp\/v2\/media\/227630"}],"wp:attachment":[{"href":"https:\/\/radioljubuski.ba\/index.php\/wp-json\/wp\/v2\/media?parent=227629"}],"wp:term":[{"taxonomy":"category","embeddable":true,"href":"https:\/\/radioljubuski.ba\/index.php\/wp-json\/wp\/v2\/categories?post=227629"},{"taxonomy":"post_tag","embeddable":true,"href":"https:\/\/radioljubuski.ba\/index.php\/wp-json\/wp\/v2\/tags?post=227629"}],"curies":[{"name":"wp","href":"https:\/\/api.w.org\/{rel}","templated":true}]}}