{"id":227634,"date":"2026-04-27T12:20:59","date_gmt":"2026-04-27T11:20:59","guid":{"rendered":"https:\/\/radioljubuski.ba\/?p=227634"},"modified":"2026-04-27T12:21:00","modified_gmt":"2026-04-27T11:21:00","slug":"ljubuski-u-utorak-promocija-monografije-vakufi-na-podrucju-medzlisa-islamske-zajednice-ljubuski","status":"publish","type":"post","link":"https:\/\/radioljubuski.ba\/index.php\/2026\/04\/27\/ljubuski-u-utorak-promocija-monografije-vakufi-na-podrucju-medzlisa-islamske-zajednice-ljubuski\/","title":{"rendered":"Ljubu\u0161ki: U utorak promocija monografije \u201eVakufi na podru\u010dju Med\u017elisa Islamske zajednice Ljubu\u0161ki\u201c"},"content":{"rendered":"\n<p>U Ljubu\u0161kom \u0107e u utorak, 28. travnja 2026. godine u 17.00 sati u prostoru kirethane na Go\u017eulju biti odr\u017eana promocija monografije \u201eVakufi na podru\u010dju Med\u017elisa Islamske zajednice Ljubu\u0161ki\u201c. <\/p>\n\n\n\n<p>Povodom ove promocije, u programu Radija Ljubu\u0161ki gostovao je glavni imam Med\u017elisa Islamske zajednice Ljubu\u0161ki, efendija \u0160emso Germi\u0107, koji je govorio o va\u017enosti same monografije, ali i o zna\u010denju vakufa kroz povijest i danas.<\/p>\n\n\n\n<p>Najavljuju\u0107i doga\u0111aj, efendija Germi\u0107 istaknuo je kako je rije\u010d o iznimno va\u017enom djelu koje svjedo\u010di o bogatoj tradiciji darivanja i brige za zajednicu.<br>\u201eSutra u 17.00 sati u kiraethani na Go\u017eulju imat \u0107emo jedan zna\u010dajan kulturni doga\u0111aj, koji posebno nagla\u0161ava va\u017enost vakufa, odnosno legata i filantropije koja je postojala i u pro\u0161lim vremenima, kada su ljudi iz svoje pobo\u017enosti izdvajali dio imovine za op\u0107e dobro\u201c, kazao je Germi\u0107.<\/p>\n\n\n\n<p>Govore\u0107i o samom pojmu vakufa, pojasnio je kako se radi o trajnom dobru koje se izdvaja iz osobnog vlasni\u0161tva i stavlja u slu\u017ebu zajednice.<br>\u201eVakuf je dio imovine koji se izdvaja i zaustavlja u prometu te se poklanja za op\u0107e dobro. On ne slu\u017ei samo vjerskoj zajednici, nego svim ljudima koji \u017eive na tom prostoru\u201c, naglasio je.<\/p>\n\n\n\n<p>Dodao je kako su vakufi kroz povijest imali klju\u010dnu ulogu u razvoju dru\u0161tva, financiranju javnih potreba i pomo\u0107i najugro\u017eenijima, te predstavljaju izraz duboke ljudskosti i odgovornosti.<\/p>\n\n\n\n<p>Monografija koja \u0107e biti predstavljena rezultat je vi\u0161egodi\u0161njeg rada autora D\u017eenana Rahmanovi\u0107a i Elmedina Avdiba\u0161i\u0107a, dok je izdava\u010d Vakufska direkcija Islamske zajednice u Sarajevu, uz sudjelovanje Muftijstva mostarskog i lokalne zajednice. Djelo donosi sveobuhvatan prikaz povijesti, zna\u010daja i razvoja vakufa na podru\u010dju Ljubu\u0161kog, osvjetljavaju\u0107i njihovu ulogu u vjerskom, kulturnom i dru\u0161tvenom \u017eivotu kroz razli\u010dita povijesna razdoblja. <\/p>\n\n\n\n<p>O monografiji \u0107e na promociji govoriti promotori: Salem ef. Dedovi\u0107, Huso Salihovi\u0107, Elmedin Avdiba\u0161i\u0107, D\u017eenan Rahmanovi\u0107 i \u0160emso ef. Germi\u0107.<\/p>\n\n\n\n<p>Promocija se organizira u okviru manifestacije \u201e14. Dani vakufa u Bosni i Hercegovini\u201c, kao i u sklopu programa \u201e51. Dani mevluda i zikra\u201c Muftijstva mostarskog.<\/p>\n\n\n\n<p>Efendija Germi\u0107 posebno je naglasio va\u017enost o\u010duvanja svijesti o vakufima i njihovoj ulozi u dana\u0161njem dru\u0161tvu.<br>\u201eJedan od ciljeva je podsjetiti ljude \u0161to je vakuf, koliki je njegov zna\u010daj i za\u0161to ga je va\u017eno \u010duvati i po\u0161tovati. To su trajna dobra koja su ostavljena svima nama i koja trebaju slu\u017eiti op\u0107em dobru\u201c, poru\u010dio je.<\/p>\n\n\n\n<p>Monografija \u0107e nakon promocije biti dostupna za nabavu u prostorijama Med\u017elisa Islamske zajednice Ljubu\u0161ki.<\/p>\n\n\n<div class=\"wp-block-image\">\n<figure class=\"aligncenter size-full\"><img loading=\"lazy\" decoding=\"async\" width=\"696\" height=\"1012\" src=\"https:\/\/radioljubuski.ba\/wp-content\/uploads\/2026\/04\/najava-1.jpg\" alt=\"\" class=\"wp-image-227638\" srcset=\"https:\/\/radioljubuski.ba\/wp-content\/uploads\/2026\/04\/najava-1.jpg 696w, https:\/\/radioljubuski.ba\/wp-content\/uploads\/2026\/04\/najava-1-206x300.jpg 206w, https:\/\/radioljubuski.ba\/wp-content\/uploads\/2026\/04\/najava-1-8x12.jpg 8w\" sizes=\"auto, (max-width: 696px) 100vw, 696px\" \/><\/figure>\n<\/div>\n\n\n<p>Radio Ljubu\u0161ki<\/p>\n","protected":false},"excerpt":{"rendered":"<p>U Ljubu\u0161kom \u0107e u utorak, 28. travnja 2026. godine u 17.00 sati u prostoru kirethane na Go\u017eulju biti odr\u017eana promocija monografije \u201eVakufi na podru\u010dju Med\u017elisa Islamske zajednice Ljubu\u0161ki\u201c. Povodom ove promocije, u programu Radija Ljubu\u0161ki gostovao je glavni imam Med\u017elisa Islamske zajednice Ljubu\u0161ki, efendija \u0160emso Germi\u0107, koji je govorio o va\u017enosti same monografije, ali i [&hellip;]<\/p>\n","protected":false},"author":2,"featured_media":227636,"comment_status":"closed","ping_status":"closed","sticky":false,"template":"","format":"standard","meta":{"h5ap_radio_sources":[],"footnotes":""},"categories":[1,3],"tags":[],"class_list":["post-227634","post","type-post","status-publish","format-standard","has-post-thumbnail","hentry","category-bihiregija","category-ljubuski"],"yoast_head":"<!-- This site is optimized with the Yoast SEO plugin v27.4 - https:\/\/yoast.com\/product\/yoast-seo-wordpress\/ -->\n<title>Ljubu\u0161ki: U utorak promocija monografije \u201eVakufi na podru\u010dju Med\u017elisa Islamske zajednice Ljubu\u0161ki\u201c - RADIO LJUBU\u0160KI<\/title>\n<meta name=\"robots\" content=\"index, follow, max-snippet:-1, max-image-preview:large, max-video-preview:-1\" \/>\n<link rel=\"canonical\" href=\"https:\/\/radioljubuski.ba\/index.php\/2026\/04\/27\/ljubuski-u-utorak-promocija-monografije-vakufi-na-podrucju-medzlisa-islamske-zajednice-ljubuski\/\" \/>\n<meta property=\"og:locale\" content=\"hr_HR\" \/>\n<meta property=\"og:type\" content=\"article\" \/>\n<meta property=\"og:title\" content=\"Ljubu\u0161ki: U utorak promocija monografije \u201eVakufi na podru\u010dju Med\u017elisa Islamske zajednice Ljubu\u0161ki\u201c - RADIO LJUBU\u0160KI\" \/>\n<meta property=\"og:description\" content=\"U Ljubu\u0161kom \u0107e u utorak, 28. travnja 2026. godine u 17.00 sati u prostoru kirethane na Go\u017eulju biti odr\u017eana promocija monografije \u201eVakufi na podru\u010dju Med\u017elisa Islamske zajednice Ljubu\u0161ki\u201c. Povodom ove promocije, u programu Radija Ljubu\u0161ki gostovao je glavni imam Med\u017elisa Islamske zajednice Ljubu\u0161ki, efendija \u0160emso Germi\u0107, koji je govorio o va\u017enosti same monografije, ali i [&hellip;]\" \/>\n<meta property=\"og:url\" content=\"https:\/\/radioljubuski.ba\/index.php\/2026\/04\/27\/ljubuski-u-utorak-promocija-monografije-vakufi-na-podrucju-medzlisa-islamske-zajednice-ljubuski\/\" \/>\n<meta property=\"og:site_name\" content=\"RADIO LJUBU\u0160KI\" \/>\n<meta property=\"article:publisher\" content=\"https:\/\/www.facebook.com\/Radiio-Ljubuski-1490835324566332\" \/>\n<meta property=\"article:published_time\" content=\"2026-04-27T11:20:59+00:00\" \/>\n<meta property=\"article:modified_time\" content=\"2026-04-27T11:21:00+00:00\" \/>\n<meta property=\"og:image\" content=\"https:\/\/radioljubuski.ba\/wp-content\/uploads\/2026\/04\/IMG_20260427_101341-scaled.jpg\" \/>\n\t<meta property=\"og:image:width\" content=\"2560\" \/>\n\t<meta property=\"og:image:height\" content=\"1920\" \/>\n\t<meta property=\"og:image:type\" content=\"image\/jpeg\" \/>\n<meta name=\"author\" content=\"Radio Ljubu\u0161ki\" \/>\n<meta name=\"twitter:card\" content=\"summary_large_image\" \/>\n<meta name=\"twitter:creator\" content=\"@radioljubuski\" \/>\n<meta name=\"twitter:site\" content=\"@radioljubuski\" \/>\n<meta name=\"twitter:label1\" content=\"Napisao\/la\" \/>\n\t<meta name=\"twitter:data1\" content=\"Radio Ljubu\u0161ki\" \/>\n\t<meta name=\"twitter:label2\" content=\"Procijenjeno vrijeme \u010ditanja\" \/>\n\t<meta name=\"twitter:data2\" content=\"3 minute\" \/>\n<script type=\"application\/ld+json\" class=\"yoast-schema-graph\">{\"@context\":\"https:\\\/\\\/schema.org\",\"@graph\":[{\"@type\":\"Article\",\"@id\":\"https:\\\/\\\/radioljubuski.ba\\\/index.php\\\/2026\\\/04\\\/27\\\/ljubuski-u-utorak-promocija-monografije-vakufi-na-podrucju-medzlisa-islamske-zajednice-ljubuski\\\/#article\",\"isPartOf\":{\"@id\":\"https:\\\/\\\/radioljubuski.ba\\\/index.php\\\/2026\\\/04\\\/27\\\/ljubuski-u-utorak-promocija-monografije-vakufi-na-podrucju-medzlisa-islamske-zajednice-ljubuski\\\/\"},\"author\":{\"name\":\"Radio Ljubu\u0161ki\",\"@id\":\"https:\\\/\\\/radioljubuski.ba\\\/#\\\/schema\\\/person\\\/19fc700381a780f69665d7956c469e3b\"},\"headline\":\"Ljubu\u0161ki: U utorak promocija monografije \u201eVakufi na podru\u010dju Med\u017elisa Islamske zajednice Ljubu\u0161ki\u201c\",\"datePublished\":\"2026-04-27T11:20:59+00:00\",\"dateModified\":\"2026-04-27T11:21:00+00:00\",\"mainEntityOfPage\":{\"@id\":\"https:\\\/\\\/radioljubuski.ba\\\/index.php\\\/2026\\\/04\\\/27\\\/ljubuski-u-utorak-promocija-monografije-vakufi-na-podrucju-medzlisa-islamske-zajednice-ljubuski\\\/\"},\"wordCount\":454,\"publisher\":{\"@id\":\"https:\\\/\\\/radioljubuski.ba\\\/#organization\"},\"image\":{\"@id\":\"https:\\\/\\\/radioljubuski.ba\\\/index.php\\\/2026\\\/04\\\/27\\\/ljubuski-u-utorak-promocija-monografije-vakufi-na-podrucju-medzlisa-islamske-zajednice-ljubuski\\\/#primaryimage\"},\"thumbnailUrl\":\"https:\\\/\\\/radioljubuski.ba\\\/wp-content\\\/uploads\\\/2026\\\/04\\\/IMG_20260427_101341-scaled.jpg\",\"articleSection\":[\"BIH i regija\",\"Ljubu\u0161ki\"],\"inLanguage\":\"hr\"},{\"@type\":\"WebPage\",\"@id\":\"https:\\\/\\\/radioljubuski.ba\\\/index.php\\\/2026\\\/04\\\/27\\\/ljubuski-u-utorak-promocija-monografije-vakufi-na-podrucju-medzlisa-islamske-zajednice-ljubuski\\\/\",\"url\":\"https:\\\/\\\/radioljubuski.ba\\\/index.php\\\/2026\\\/04\\\/27\\\/ljubuski-u-utorak-promocija-monografije-vakufi-na-podrucju-medzlisa-islamske-zajednice-ljubuski\\\/\",\"name\":\"Ljubu\u0161ki: U utorak promocija monografije \u201eVakufi na podru\u010dju Med\u017elisa Islamske zajednice Ljubu\u0161ki\u201c - RADIO LJUBU\u0160KI\",\"isPartOf\":{\"@id\":\"https:\\\/\\\/radioljubuski.ba\\\/#website\"},\"primaryImageOfPage\":{\"@id\":\"https:\\\/\\\/radioljubuski.ba\\\/index.php\\\/2026\\\/04\\\/27\\\/ljubuski-u-utorak-promocija-monografije-vakufi-na-podrucju-medzlisa-islamske-zajednice-ljubuski\\\/#primaryimage\"},\"image\":{\"@id\":\"https:\\\/\\\/radioljubuski.ba\\\/index.php\\\/2026\\\/04\\\/27\\\/ljubuski-u-utorak-promocija-monografije-vakufi-na-podrucju-medzlisa-islamske-zajednice-ljubuski\\\/#primaryimage\"},\"thumbnailUrl\":\"https:\\\/\\\/radioljubuski.ba\\\/wp-content\\\/uploads\\\/2026\\\/04\\\/IMG_20260427_101341-scaled.jpg\",\"datePublished\":\"2026-04-27T11:20:59+00:00\",\"dateModified\":\"2026-04-27T11:21:00+00:00\",\"breadcrumb\":{\"@id\":\"https:\\\/\\\/radioljubuski.ba\\\/index.php\\\/2026\\\/04\\\/27\\\/ljubuski-u-utorak-promocija-monografije-vakufi-na-podrucju-medzlisa-islamske-zajednice-ljubuski\\\/#breadcrumb\"},\"inLanguage\":\"hr\",\"potentialAction\":[{\"@type\":\"ReadAction\",\"target\":[\"https:\\\/\\\/radioljubuski.ba\\\/index.php\\\/2026\\\/04\\\/27\\\/ljubuski-u-utorak-promocija-monografije-vakufi-na-podrucju-medzlisa-islamske-zajednice-ljubuski\\\/\"]}]},{\"@type\":\"ImageObject\",\"inLanguage\":\"hr\",\"@id\":\"https:\\\/\\\/radioljubuski.ba\\\/index.php\\\/2026\\\/04\\\/27\\\/ljubuski-u-utorak-promocija-monografije-vakufi-na-podrucju-medzlisa-islamske-zajednice-ljubuski\\\/#primaryimage\",\"url\":\"https:\\\/\\\/radioljubuski.ba\\\/wp-content\\\/uploads\\\/2026\\\/04\\\/IMG_20260427_101341-scaled.jpg\",\"contentUrl\":\"https:\\\/\\\/radioljubuski.ba\\\/wp-content\\\/uploads\\\/2026\\\/04\\\/IMG_20260427_101341-scaled.jpg\",\"width\":2560,\"height\":1920},{\"@type\":\"BreadcrumbList\",\"@id\":\"https:\\\/\\\/radioljubuski.ba\\\/index.php\\\/2026\\\/04\\\/27\\\/ljubuski-u-utorak-promocija-monografije-vakufi-na-podrucju-medzlisa-islamske-zajednice-ljubuski\\\/#breadcrumb\",\"itemListElement\":[{\"@type\":\"ListItem\",\"position\":1,\"name\":\"Po\u010detna stranica\",\"item\":\"https:\\\/\\\/radioljubuski.ba\\\/\"},{\"@type\":\"ListItem\",\"position\":2,\"name\":\"Ljubu\u0161ki: U utorak promocija monografije \u201eVakufi na podru\u010dju Med\u017elisa Islamske zajednice Ljubu\u0161ki\u201c\"}]},{\"@type\":\"WebSite\",\"@id\":\"https:\\\/\\\/radioljubuski.ba\\\/#website\",\"url\":\"https:\\\/\\\/radioljubuski.ba\\\/\",\"name\":\"Radio Ljubu\u0161ki\",\"description\":\"Sun\u010dana frekvencija Hercegovine\",\"publisher\":{\"@id\":\"https:\\\/\\\/radioljubuski.ba\\\/#organization\"},\"potentialAction\":[{\"@type\":\"SearchAction\",\"target\":{\"@type\":\"EntryPoint\",\"urlTemplate\":\"https:\\\/\\\/radioljubuski.ba\\\/?s={search_term_string}\"},\"query-input\":{\"@type\":\"PropertyValueSpecification\",\"valueRequired\":true,\"valueName\":\"search_term_string\"}}],\"inLanguage\":\"hr\"},{\"@type\":\"Organization\",\"@id\":\"https:\\\/\\\/radioljubuski.ba\\\/#organization\",\"name\":\"Radio Ljubu\u0161ki\",\"url\":\"https:\\\/\\\/radioljubuski.ba\\\/\",\"logo\":{\"@type\":\"ImageObject\",\"inLanguage\":\"hr\",\"@id\":\"https:\\\/\\\/radioljubuski.ba\\\/#\\\/schema\\\/logo\\\/image\\\/\",\"url\":\"https:\\\/\\\/radioljubuski.ba\\\/wp-content\\\/uploads\\\/2021\\\/02\\\/cropped-Radio_Ljubuski_logo1.jpg\",\"contentUrl\":\"https:\\\/\\\/radioljubuski.ba\\\/wp-content\\\/uploads\\\/2021\\\/02\\\/cropped-Radio_Ljubuski_logo1.jpg\",\"width\":512,\"height\":512,\"caption\":\"Radio Ljubu\u0161ki\"},\"image\":{\"@id\":\"https:\\\/\\\/radioljubuski.ba\\\/#\\\/schema\\\/logo\\\/image\\\/\"},\"sameAs\":[\"https:\\\/\\\/www.facebook.com\\\/Radiio-Ljubuski-1490835324566332\",\"https:\\\/\\\/x.com\\\/radioljubuski\",\"https:\\\/\\\/hr.linkedin.com\\\/company\\\/radio-ljubuski\",\"https:\\\/\\\/www.youtube.com\\\/channel\\\/UCHYaeO_n0Db3tjNGudGpXyw\"]},{\"@type\":\"Person\",\"@id\":\"https:\\\/\\\/radioljubuski.ba\\\/#\\\/schema\\\/person\\\/19fc700381a780f69665d7956c469e3b\",\"name\":\"Radio Ljubu\u0161ki\"}]}<\/script>\n<!-- \/ Yoast SEO plugin. -->","yoast_head_json":{"title":"Ljubu\u0161ki: U utorak promocija monografije \u201eVakufi na podru\u010dju Med\u017elisa Islamske zajednice Ljubu\u0161ki\u201c - RADIO LJUBU\u0160KI","robots":{"index":"index","follow":"follow","max-snippet":"max-snippet:-1","max-image-preview":"max-image-preview:large","max-video-preview":"max-video-preview:-1"},"canonical":"https:\/\/radioljubuski.ba\/index.php\/2026\/04\/27\/ljubuski-u-utorak-promocija-monografije-vakufi-na-podrucju-medzlisa-islamske-zajednice-ljubuski\/","og_locale":"hr_HR","og_type":"article","og_title":"Ljubu\u0161ki: U utorak promocija monografije \u201eVakufi na podru\u010dju Med\u017elisa Islamske zajednice Ljubu\u0161ki\u201c - RADIO LJUBU\u0160KI","og_description":"U Ljubu\u0161kom \u0107e u utorak, 28. travnja 2026. godine u 17.00 sati u prostoru kirethane na Go\u017eulju biti odr\u017eana promocija monografije \u201eVakufi na podru\u010dju Med\u017elisa Islamske zajednice Ljubu\u0161ki\u201c. Povodom ove promocije, u programu Radija Ljubu\u0161ki gostovao je glavni imam Med\u017elisa Islamske zajednice Ljubu\u0161ki, efendija \u0160emso Germi\u0107, koji je govorio o va\u017enosti same monografije, ali i [&hellip;]","og_url":"https:\/\/radioljubuski.ba\/index.php\/2026\/04\/27\/ljubuski-u-utorak-promocija-monografije-vakufi-na-podrucju-medzlisa-islamske-zajednice-ljubuski\/","og_site_name":"RADIO LJUBU\u0160KI","article_publisher":"https:\/\/www.facebook.com\/Radiio-Ljubuski-1490835324566332","article_published_time":"2026-04-27T11:20:59+00:00","article_modified_time":"2026-04-27T11:21:00+00:00","og_image":[{"width":2560,"height":1920,"url":"https:\/\/radioljubuski.ba\/wp-content\/uploads\/2026\/04\/IMG_20260427_101341-scaled.jpg","type":"image\/jpeg"}],"author":"Radio Ljubu\u0161ki","twitter_card":"summary_large_image","twitter_creator":"@radioljubuski","twitter_site":"@radioljubuski","twitter_misc":{"Napisao\/la":"Radio Ljubu\u0161ki","Procijenjeno vrijeme \u010ditanja":"3 minute"},"schema":{"@context":"https:\/\/schema.org","@graph":[{"@type":"Article","@id":"https:\/\/radioljubuski.ba\/index.php\/2026\/04\/27\/ljubuski-u-utorak-promocija-monografije-vakufi-na-podrucju-medzlisa-islamske-zajednice-ljubuski\/#article","isPartOf":{"@id":"https:\/\/radioljubuski.ba\/index.php\/2026\/04\/27\/ljubuski-u-utorak-promocija-monografije-vakufi-na-podrucju-medzlisa-islamske-zajednice-ljubuski\/"},"author":{"name":"Radio Ljubu\u0161ki","@id":"https:\/\/radioljubuski.ba\/#\/schema\/person\/19fc700381a780f69665d7956c469e3b"},"headline":"Ljubu\u0161ki: U utorak promocija monografije \u201eVakufi na podru\u010dju Med\u017elisa Islamske zajednice Ljubu\u0161ki\u201c","datePublished":"2026-04-27T11:20:59+00:00","dateModified":"2026-04-27T11:21:00+00:00","mainEntityOfPage":{"@id":"https:\/\/radioljubuski.ba\/index.php\/2026\/04\/27\/ljubuski-u-utorak-promocija-monografije-vakufi-na-podrucju-medzlisa-islamske-zajednice-ljubuski\/"},"wordCount":454,"publisher":{"@id":"https:\/\/radioljubuski.ba\/#organization"},"image":{"@id":"https:\/\/radioljubuski.ba\/index.php\/2026\/04\/27\/ljubuski-u-utorak-promocija-monografije-vakufi-na-podrucju-medzlisa-islamske-zajednice-ljubuski\/#primaryimage"},"thumbnailUrl":"https:\/\/radioljubuski.ba\/wp-content\/uploads\/2026\/04\/IMG_20260427_101341-scaled.jpg","articleSection":["BIH i regija","Ljubu\u0161ki"],"inLanguage":"hr"},{"@type":"WebPage","@id":"https:\/\/radioljubuski.ba\/index.php\/2026\/04\/27\/ljubuski-u-utorak-promocija-monografije-vakufi-na-podrucju-medzlisa-islamske-zajednice-ljubuski\/","url":"https:\/\/radioljubuski.ba\/index.php\/2026\/04\/27\/ljubuski-u-utorak-promocija-monografije-vakufi-na-podrucju-medzlisa-islamske-zajednice-ljubuski\/","name":"Ljubu\u0161ki: U utorak promocija monografije \u201eVakufi na podru\u010dju Med\u017elisa Islamske zajednice Ljubu\u0161ki\u201c - RADIO LJUBU\u0160KI","isPartOf":{"@id":"https:\/\/radioljubuski.ba\/#website"},"primaryImageOfPage":{"@id":"https:\/\/radioljubuski.ba\/index.php\/2026\/04\/27\/ljubuski-u-utorak-promocija-monografije-vakufi-na-podrucju-medzlisa-islamske-zajednice-ljubuski\/#primaryimage"},"image":{"@id":"https:\/\/radioljubuski.ba\/index.php\/2026\/04\/27\/ljubuski-u-utorak-promocija-monografije-vakufi-na-podrucju-medzlisa-islamske-zajednice-ljubuski\/#primaryimage"},"thumbnailUrl":"https:\/\/radioljubuski.ba\/wp-content\/uploads\/2026\/04\/IMG_20260427_101341-scaled.jpg","datePublished":"2026-04-27T11:20:59+00:00","dateModified":"2026-04-27T11:21:00+00:00","breadcrumb":{"@id":"https:\/\/radioljubuski.ba\/index.php\/2026\/04\/27\/ljubuski-u-utorak-promocija-monografije-vakufi-na-podrucju-medzlisa-islamske-zajednice-ljubuski\/#breadcrumb"},"inLanguage":"hr","potentialAction":[{"@type":"ReadAction","target":["https:\/\/radioljubuski.ba\/index.php\/2026\/04\/27\/ljubuski-u-utorak-promocija-monografije-vakufi-na-podrucju-medzlisa-islamske-zajednice-ljubuski\/"]}]},{"@type":"ImageObject","inLanguage":"hr","@id":"https:\/\/radioljubuski.ba\/index.php\/2026\/04\/27\/ljubuski-u-utorak-promocija-monografije-vakufi-na-podrucju-medzlisa-islamske-zajednice-ljubuski\/#primaryimage","url":"https:\/\/radioljubuski.ba\/wp-content\/uploads\/2026\/04\/IMG_20260427_101341-scaled.jpg","contentUrl":"https:\/\/radioljubuski.ba\/wp-content\/uploads\/2026\/04\/IMG_20260427_101341-scaled.jpg","width":2560,"height":1920},{"@type":"BreadcrumbList","@id":"https:\/\/radioljubuski.ba\/index.php\/2026\/04\/27\/ljubuski-u-utorak-promocija-monografije-vakufi-na-podrucju-medzlisa-islamske-zajednice-ljubuski\/#breadcrumb","itemListElement":[{"@type":"ListItem","position":1,"name":"Po\u010detna stranica","item":"https:\/\/radioljubuski.ba\/"},{"@type":"ListItem","position":2,"name":"Ljubu\u0161ki: U utorak promocija monografije \u201eVakufi na podru\u010dju Med\u017elisa Islamske zajednice Ljubu\u0161ki\u201c"}]},{"@type":"WebSite","@id":"https:\/\/radioljubuski.ba\/#website","url":"https:\/\/radioljubuski.ba\/","name":"Radio Ljubu\u0161ki","description":"Sun\u010dana frekvencija Hercegovine","publisher":{"@id":"https:\/\/radioljubuski.ba\/#organization"},"potentialAction":[{"@type":"SearchAction","target":{"@type":"EntryPoint","urlTemplate":"https:\/\/radioljubuski.ba\/?s={search_term_string}"},"query-input":{"@type":"PropertyValueSpecification","valueRequired":true,"valueName":"search_term_string"}}],"inLanguage":"hr"},{"@type":"Organization","@id":"https:\/\/radioljubuski.ba\/#organization","name":"Radio Ljubu\u0161ki","url":"https:\/\/radioljubuski.ba\/","logo":{"@type":"ImageObject","inLanguage":"hr","@id":"https:\/\/radioljubuski.ba\/#\/schema\/logo\/image\/","url":"https:\/\/radioljubuski.ba\/wp-content\/uploads\/2021\/02\/cropped-Radio_Ljubuski_logo1.jpg","contentUrl":"https:\/\/radioljubuski.ba\/wp-content\/uploads\/2021\/02\/cropped-Radio_Ljubuski_logo1.jpg","width":512,"height":512,"caption":"Radio Ljubu\u0161ki"},"image":{"@id":"https:\/\/radioljubuski.ba\/#\/schema\/logo\/image\/"},"sameAs":["https:\/\/www.facebook.com\/Radiio-Ljubuski-1490835324566332","https:\/\/x.com\/radioljubuski","https:\/\/hr.linkedin.com\/company\/radio-ljubuski","https:\/\/www.youtube.com\/channel\/UCHYaeO_n0Db3tjNGudGpXyw"]},{"@type":"Person","@id":"https:\/\/radioljubuski.ba\/#\/schema\/person\/19fc700381a780f69665d7956c469e3b","name":"Radio Ljubu\u0161ki"}]}},"_links":{"self":[{"href":"https:\/\/radioljubuski.ba\/index.php\/wp-json\/wp\/v2\/posts\/227634","targetHints":{"allow":["GET"]}}],"collection":[{"href":"https:\/\/radioljubuski.ba\/index.php\/wp-json\/wp\/v2\/posts"}],"about":[{"href":"https:\/\/radioljubuski.ba\/index.php\/wp-json\/wp\/v2\/types\/post"}],"author":[{"embeddable":true,"href":"https:\/\/radioljubuski.ba\/index.php\/wp-json\/wp\/v2\/users\/2"}],"replies":[{"embeddable":true,"href":"https:\/\/radioljubuski.ba\/index.php\/wp-json\/wp\/v2\/comments?post=227634"}],"version-history":[{"count":2,"href":"https:\/\/radioljubuski.ba\/index.php\/wp-json\/wp\/v2\/posts\/227634\/revisions"}],"predecessor-version":[{"id":227639,"href":"https:\/\/radioljubuski.ba\/index.php\/wp-json\/wp\/v2\/posts\/227634\/revisions\/227639"}],"wp:featuredmedia":[{"embeddable":true,"href":"https:\/\/radioljubuski.ba\/index.php\/wp-json\/wp\/v2\/media\/227636"}],"wp:attachment":[{"href":"https:\/\/radioljubuski.ba\/index.php\/wp-json\/wp\/v2\/media?parent=227634"}],"wp:term":[{"taxonomy":"category","embeddable":true,"href":"https:\/\/radioljubuski.ba\/index.php\/wp-json\/wp\/v2\/categories?post=227634"},{"taxonomy":"post_tag","embeddable":true,"href":"https:\/\/radioljubuski.ba\/index.php\/wp-json\/wp\/v2\/tags?post=227634"}],"curies":[{"name":"wp","href":"https:\/\/api.w.org\/{rel}","templated":true}]}}