{"id":227655,"date":"2026-04-29T07:23:24","date_gmt":"2026-04-29T06:23:24","guid":{"rendered":"https:\/\/radioljubuski.ba\/?p=227655"},"modified":"2026-04-29T07:28:42","modified_gmt":"2026-04-29T06:28:42","slug":"ljubuski-biciklisti-sudionici-ix-memorijalnog-maratona-navik-on-zivi-ki-izgine-posteno","status":"publish","type":"post","link":"https:\/\/radioljubuski.ba\/index.php\/2026\/04\/29\/ljubuski-biciklisti-sudionici-ix-memorijalnog-maratona-navik-on-zivi-ki-izgine-posteno\/","title":{"rendered":"Ljubu\u0161ki biciklisti sudionici IX. Memorijalnog maratona &#8220;Navik on \u017eivi ki zgine po\u0161teno&#8221;"},"content":{"rendered":"\n<p>BICIKLOM OD PREVLAKE DO VUKOVARA<\/p>\n\n\n\n<p>U nedjelju, 26. travnja 2026. godine, na rtu O\u0161tro na Prevlaci najju\u017enijoj to\u010dki Republike Hrvatske zapo\u010deo je IX. Memorijalni biciklisti\u010dki maraton \u201eNavik on \u017eivi ki zgine po\u0161teno\u201c na relaciji Prevlaka \u2013 Vukovar \u2013 Ilok. Ovaj sportsko-memorijalni doga\u0111aj vozi se u spomen na 12 ubijenih hrvatskih redarstvenika u Borovu Selu i okuplja sudionike s ciljem o\u010duvanja sje\u0107anja, zajedni\u0161tva i promicanja vrijednosti Domovinskog rata.<\/p>\n\n\n\n<figure class=\"wp-block-image size-large\"><img loading=\"lazy\" decoding=\"async\" width=\"1024\" height=\"768\" src=\"https:\/\/radioljubuski.ba\/wp-content\/uploads\/2026\/04\/16347-1024x768.jpg\" alt=\"\" class=\"wp-image-227659\" srcset=\"https:\/\/radioljubuski.ba\/wp-content\/uploads\/2026\/04\/16347-1024x768.jpg 1024w, https:\/\/radioljubuski.ba\/wp-content\/uploads\/2026\/04\/16347-300x225.jpg 300w, https:\/\/radioljubuski.ba\/wp-content\/uploads\/2026\/04\/16347-768x576.jpg 768w, https:\/\/radioljubuski.ba\/wp-content\/uploads\/2026\/04\/16347-1536x1152.jpg 1536w, https:\/\/radioljubuski.ba\/wp-content\/uploads\/2026\/04\/16347-16x12.jpg 16w, https:\/\/radioljubuski.ba\/wp-content\/uploads\/2026\/04\/16347.jpg 2048w\" sizes=\"auto, (max-width: 1024px) 100vw, 1024px\" \/><\/figure>\n\n\n\n<p>Maraton se odr\u017eava u organizaciji Biciklisti\u010dkog kluba Metkovi\u0107, a ove godine sudjeluje ukupno 18 biciklista iz Hrvatske i Bosne i Hercegovine od kojih je \u0161est \u010dlanova Biciklisti\u010dkog kluba Ljubu\u0161ki.<\/p>\n\n\n\n<figure class=\"wp-block-image size-full\"><img loading=\"lazy\" decoding=\"async\" width=\"1024\" height=\"683\" src=\"https:\/\/radioljubuski.ba\/wp-content\/uploads\/2026\/04\/16350.jpg\" alt=\"\" class=\"wp-image-227664\" srcset=\"https:\/\/radioljubuski.ba\/wp-content\/uploads\/2026\/04\/16350.jpg 1024w, https:\/\/radioljubuski.ba\/wp-content\/uploads\/2026\/04\/16350-300x200.jpg 300w, https:\/\/radioljubuski.ba\/wp-content\/uploads\/2026\/04\/16350-768x512.jpg 768w, https:\/\/radioljubuski.ba\/wp-content\/uploads\/2026\/04\/16350-18x12.jpg 18w\" sizes=\"auto, (max-width: 1024px) 100vw, 1024px\" \/><\/figure>\n\n\n\n<figure class=\"wp-block-image size-full\"><img loading=\"lazy\" decoding=\"async\" width=\"854\" height=\"395\" src=\"https:\/\/radioljubuski.ba\/wp-content\/uploads\/2026\/04\/16351.jpg\" alt=\"\" class=\"wp-image-227663\" srcset=\"https:\/\/radioljubuski.ba\/wp-content\/uploads\/2026\/04\/16351.jpg 854w, https:\/\/radioljubuski.ba\/wp-content\/uploads\/2026\/04\/16351-300x139.jpg 300w, https:\/\/radioljubuski.ba\/wp-content\/uploads\/2026\/04\/16351-768x355.jpg 768w, https:\/\/radioljubuski.ba\/wp-content\/uploads\/2026\/04\/16351-18x8.jpg 18w\" sizes=\"auto, (max-width: 854px) 100vw, 854px\" \/><\/figure>\n\n\n\n<figure class=\"wp-block-image size-large\"><img loading=\"lazy\" decoding=\"async\" width=\"1024\" height=\"768\" src=\"https:\/\/radioljubuski.ba\/wp-content\/uploads\/2026\/04\/16346-1024x768.jpg\" alt=\"\" class=\"wp-image-227660\" srcset=\"https:\/\/radioljubuski.ba\/wp-content\/uploads\/2026\/04\/16346-1024x768.jpg 1024w, https:\/\/radioljubuski.ba\/wp-content\/uploads\/2026\/04\/16346-300x225.jpg 300w, https:\/\/radioljubuski.ba\/wp-content\/uploads\/2026\/04\/16346-768x576.jpg 768w, https:\/\/radioljubuski.ba\/wp-content\/uploads\/2026\/04\/16346-1536x1152.jpg 1536w, https:\/\/radioljubuski.ba\/wp-content\/uploads\/2026\/04\/16346-16x12.jpg 16w, https:\/\/radioljubuski.ba\/wp-content\/uploads\/2026\/04\/16346.jpg 2048w\" sizes=\"auto, (max-width: 1024px) 100vw, 1024px\" \/><\/figure>\n\n\n\n<figure class=\"wp-block-image size-large\"><img loading=\"lazy\" decoding=\"async\" width=\"1024\" height=\"768\" src=\"https:\/\/radioljubuski.ba\/wp-content\/uploads\/2026\/04\/16345-1024x768.jpg\" alt=\"\" class=\"wp-image-227661\" srcset=\"https:\/\/radioljubuski.ba\/wp-content\/uploads\/2026\/04\/16345-1024x768.jpg 1024w, https:\/\/radioljubuski.ba\/wp-content\/uploads\/2026\/04\/16345-300x225.jpg 300w, https:\/\/radioljubuski.ba\/wp-content\/uploads\/2026\/04\/16345-768x576.jpg 768w, https:\/\/radioljubuski.ba\/wp-content\/uploads\/2026\/04\/16345-1536x1152.jpg 1536w, https:\/\/radioljubuski.ba\/wp-content\/uploads\/2026\/04\/16345-16x12.jpg 16w, https:\/\/radioljubuski.ba\/wp-content\/uploads\/2026\/04\/16345.jpg 2048w\" sizes=\"auto, (max-width: 1024px) 100vw, 1024px\" \/><\/figure>\n\n\n\n<figure class=\"wp-block-image size-large\"><img loading=\"lazy\" decoding=\"async\" width=\"1024\" height=\"768\" src=\"https:\/\/radioljubuski.ba\/wp-content\/uploads\/2026\/04\/16343-1024x768.jpg\" alt=\"\" class=\"wp-image-227662\" srcset=\"https:\/\/radioljubuski.ba\/wp-content\/uploads\/2026\/04\/16343-1024x768.jpg 1024w, https:\/\/radioljubuski.ba\/wp-content\/uploads\/2026\/04\/16343-300x225.jpg 300w, https:\/\/radioljubuski.ba\/wp-content\/uploads\/2026\/04\/16343-768x576.jpg 768w, https:\/\/radioljubuski.ba\/wp-content\/uploads\/2026\/04\/16343-1536x1152.jpg 1536w, https:\/\/radioljubuski.ba\/wp-content\/uploads\/2026\/04\/16343-16x12.jpg 16w, https:\/\/radioljubuski.ba\/wp-content\/uploads\/2026\/04\/16343.jpg 2048w\" sizes=\"auto, (max-width: 1024px) 100vw, 1024px\" \/><\/figure>\n\n\n\n<p>Tijekom \u0161est etapa, odnosno \u0161est dana vo\u017enje, sudionici \u0107e od 26. travnja do 1. svibnja 2026. prije\u0107i oko 1000 kilometara kroz teritorij Republike Hrvatske. Potporu ovom doga\u0111aju dale su braniteljske udruge proistekle iz Domovinskog rata.<\/p>\n\n\n\n<p>&#8221; Ponosni smo na sve sudionike maratona a posebno na na\u0161a dva \u010dlana Stipu Luburica  i Petra Grgi\u0107a koji su najmla\u0111i sudionici maratona a nije im prvi put da voze. &#8221; isti\u010du iz BK Ljubu\u0161ki.<\/p>\n\n\n\n<p>Posebno mjesto u programu ima upravo zavr\u0161ni dan, kada \u0107e biciklisti sudjelovati na mimohodu u Borovu Selu, gdje \u0107e zajedno s ostalim sudionicima odati po\u010dast poginulim redarstvenicima. Time maraton dobiva sna\u017enu simboli\u010dku i memorijalnu dimenziju.<\/p>\n\n\n\n<figure class=\"wp-block-image size-large\"><img loading=\"lazy\" decoding=\"async\" width=\"1024\" height=\"768\" src=\"https:\/\/radioljubuski.ba\/wp-content\/uploads\/2026\/04\/16354-1024x768.jpg\" alt=\"\" class=\"wp-image-227670\" srcset=\"https:\/\/radioljubuski.ba\/wp-content\/uploads\/2026\/04\/16354-1024x768.jpg 1024w, https:\/\/radioljubuski.ba\/wp-content\/uploads\/2026\/04\/16354-300x225.jpg 300w, https:\/\/radioljubuski.ba\/wp-content\/uploads\/2026\/04\/16354-768x576.jpg 768w, https:\/\/radioljubuski.ba\/wp-content\/uploads\/2026\/04\/16354-1536x1152.jpg 1536w, https:\/\/radioljubuski.ba\/wp-content\/uploads\/2026\/04\/16354-16x12.jpg 16w, https:\/\/radioljubuski.ba\/wp-content\/uploads\/2026\/04\/16354.jpg 2048w\" sizes=\"auto, (max-width: 1024px) 100vw, 1024px\" \/><\/figure>\n\n\n\n<p>Ruta maratona prolazi kroz brojne hrvatske gradove i mjesta, gdje se o\u010dekuje podr\u0161ka gra\u0111ana, \u010dime se dodatno nagla\u0161ava zajedni\u0161tvo i povezanost svih dijelova Hrvatske.<\/p>\n\n\n\n<figure class=\"wp-block-image size-large\"><img loading=\"lazy\" decoding=\"async\" width=\"1024\" height=\"768\" src=\"https:\/\/radioljubuski.ba\/wp-content\/uploads\/2026\/04\/16352-1024x768.jpg\" alt=\"\" class=\"wp-image-227667\" srcset=\"https:\/\/radioljubuski.ba\/wp-content\/uploads\/2026\/04\/16352-1024x768.jpg 1024w, https:\/\/radioljubuski.ba\/wp-content\/uploads\/2026\/04\/16352-300x225.jpg 300w, https:\/\/radioljubuski.ba\/wp-content\/uploads\/2026\/04\/16352-768x576.jpg 768w, https:\/\/radioljubuski.ba\/wp-content\/uploads\/2026\/04\/16352-1536x1152.jpg 1536w, https:\/\/radioljubuski.ba\/wp-content\/uploads\/2026\/04\/16352-16x12.jpg 16w, https:\/\/radioljubuski.ba\/wp-content\/uploads\/2026\/04\/16352.jpg 2048w\" sizes=\"auto, (max-width: 1024px) 100vw, 1024px\" \/><\/figure>\n\n\n\n<p>Organizatori isti\u010du kako ovaj maraton, uz sportski izazov, nosi i duboku emotivnu poruku, podsje\u0107aju\u0107i na \u017ertvu hrvatskih redarstvenika i va\u017enost o\u010duvanja povijesnog sje\u0107anja.<\/p>\n\n\n\n<figure class=\"wp-block-image size-large\"><img loading=\"lazy\" decoding=\"async\" width=\"1024\" height=\"768\" src=\"https:\/\/radioljubuski.ba\/wp-content\/uploads\/2026\/04\/16353-1024x768.jpg\" alt=\"\" class=\"wp-image-227669\" srcset=\"https:\/\/radioljubuski.ba\/wp-content\/uploads\/2026\/04\/16353-1024x768.jpg 1024w, https:\/\/radioljubuski.ba\/wp-content\/uploads\/2026\/04\/16353-300x225.jpg 300w, https:\/\/radioljubuski.ba\/wp-content\/uploads\/2026\/04\/16353-768x576.jpg 768w, https:\/\/radioljubuski.ba\/wp-content\/uploads\/2026\/04\/16353-1536x1152.jpg 1536w, https:\/\/radioljubuski.ba\/wp-content\/uploads\/2026\/04\/16353-16x12.jpg 16w, https:\/\/radioljubuski.ba\/wp-content\/uploads\/2026\/04\/16353.jpg 2048w\" sizes=\"auto, (max-width: 1024px) 100vw, 1024px\" \/><\/figure>\n\n\n\n<p>Zavr\u0161etak biciklisti\u010dkog dijela maratona je u Iloku, najisto\u010dnijem gradu Hrvatske gdje \u0107e biciklisti uz tradicionalnu kavu na Dunavu simboli\u010dno spojiti krajnji jug i istok Hrvatske.<\/p>\n\n\n\n<p>Radio Ljubu\u0161ki\/BK Ljubu\u0161ki<\/p>\n\n\n\n<p><\/p>\n","protected":false},"excerpt":{"rendered":"<p>BICIKLOM OD PREVLAKE DO VUKOVARA U nedjelju, 26. travnja 2026. godine, na rtu O\u0161tro na Prevlaci najju\u017enijoj to\u010dki Republike Hrvatske zapo\u010deo je IX. Memorijalni biciklisti\u010dki maraton \u201eNavik on \u017eivi ki zgine po\u0161teno\u201c na relaciji Prevlaka \u2013 Vukovar \u2013 Ilok. Ovaj sportsko-memorijalni doga\u0111aj vozi se u spomen na 12 ubijenih hrvatskih redarstvenika u Borovu Selu i [&hellip;]<\/p>\n","protected":false},"author":2,"featured_media":227658,"comment_status":"closed","ping_status":"closed","sticky":false,"template":"","format":"standard","meta":{"h5ap_radio_sources":[],"footnotes":""},"categories":[1,3],"tags":[],"class_list":["post-227655","post","type-post","status-publish","format-standard","has-post-thumbnail","hentry","category-bihiregija","category-ljubuski"],"yoast_head":"<!-- This site is optimized with the Yoast SEO plugin v27.5 - https:\/\/yoast.com\/product\/yoast-seo-wordpress\/ -->\n<title>Ljubu\u0161ki biciklisti sudionici IX. Memorijalnog maratona &quot;Navik on \u017eivi ki zgine po\u0161teno&quot; - RADIO LJUBU\u0160KI<\/title>\n<meta name=\"robots\" content=\"index, follow, max-snippet:-1, max-image-preview:large, max-video-preview:-1\" \/>\n<link rel=\"canonical\" href=\"https:\/\/radioljubuski.ba\/index.php\/2026\/04\/29\/ljubuski-biciklisti-sudionici-ix-memorijalnog-maratona-navik-on-zivi-ki-izgine-posteno\/\" \/>\n<meta property=\"og:locale\" content=\"hr_HR\" \/>\n<meta property=\"og:type\" content=\"article\" \/>\n<meta property=\"og:title\" content=\"Ljubu\u0161ki biciklisti sudionici IX. Memorijalnog maratona &quot;Navik on \u017eivi ki zgine po\u0161teno&quot; - RADIO LJUBU\u0160KI\" \/>\n<meta property=\"og:description\" content=\"BICIKLOM OD PREVLAKE DO VUKOVARA U nedjelju, 26. travnja 2026. godine, na rtu O\u0161tro na Prevlaci najju\u017enijoj to\u010dki Republike Hrvatske zapo\u010deo je IX. Memorijalni biciklisti\u010dki maraton \u201eNavik on \u017eivi ki zgine po\u0161teno\u201c na relaciji Prevlaka \u2013 Vukovar \u2013 Ilok. Ovaj sportsko-memorijalni doga\u0111aj vozi se u spomen na 12 ubijenih hrvatskih redarstvenika u Borovu Selu i [&hellip;]\" \/>\n<meta property=\"og:url\" content=\"https:\/\/radioljubuski.ba\/index.php\/2026\/04\/29\/ljubuski-biciklisti-sudionici-ix-memorijalnog-maratona-navik-on-zivi-ki-izgine-posteno\/\" \/>\n<meta property=\"og:site_name\" content=\"RADIO LJUBU\u0160KI\" \/>\n<meta property=\"article:publisher\" content=\"https:\/\/www.facebook.com\/Radiio-Ljubuski-1490835324566332\" \/>\n<meta property=\"article:published_time\" content=\"2026-04-29T06:23:24+00:00\" \/>\n<meta property=\"article:modified_time\" content=\"2026-04-29T06:28:42+00:00\" \/>\n<meta property=\"og:image\" content=\"https:\/\/radioljubuski.ba\/wp-content\/uploads\/2026\/04\/FB_IMG_1777442836182.jpg\" \/>\n\t<meta property=\"og:image:width\" content=\"971\" \/>\n\t<meta property=\"og:image:height\" content=\"1374\" \/>\n\t<meta property=\"og:image:type\" content=\"image\/jpeg\" \/>\n<meta name=\"author\" content=\"Radio Ljubu\u0161ki\" \/>\n<meta name=\"twitter:card\" content=\"summary_large_image\" \/>\n<meta name=\"twitter:creator\" content=\"@radioljubuski\" \/>\n<meta name=\"twitter:site\" content=\"@radioljubuski\" \/>\n<meta name=\"twitter:label1\" content=\"Napisao\/la\" \/>\n\t<meta name=\"twitter:data1\" content=\"Radio Ljubu\u0161ki\" \/>\n\t<meta name=\"twitter:label2\" content=\"Procijenjeno vrijeme \u010ditanja\" \/>\n\t<meta name=\"twitter:data2\" content=\"4 minute\" \/>\n<script type=\"application\/ld+json\" class=\"yoast-schema-graph\">{\"@context\":\"https:\\\/\\\/schema.org\",\"@graph\":[{\"@type\":\"Article\",\"@id\":\"https:\\\/\\\/radioljubuski.ba\\\/index.php\\\/2026\\\/04\\\/29\\\/ljubuski-biciklisti-sudionici-ix-memorijalnog-maratona-navik-on-zivi-ki-izgine-posteno\\\/#article\",\"isPartOf\":{\"@id\":\"https:\\\/\\\/radioljubuski.ba\\\/index.php\\\/2026\\\/04\\\/29\\\/ljubuski-biciklisti-sudionici-ix-memorijalnog-maratona-navik-on-zivi-ki-izgine-posteno\\\/\"},\"author\":{\"name\":\"Radio Ljubu\u0161ki\",\"@id\":\"https:\\\/\\\/radioljubuski.ba\\\/#\\\/schema\\\/person\\\/19fc700381a780f69665d7956c469e3b\"},\"headline\":\"Ljubu\u0161ki biciklisti sudionici IX. Memorijalnog maratona &#8220;Navik on \u017eivi ki zgine po\u0161teno&#8221;\",\"datePublished\":\"2026-04-29T06:23:24+00:00\",\"dateModified\":\"2026-04-29T06:28:42+00:00\",\"mainEntityOfPage\":{\"@id\":\"https:\\\/\\\/radioljubuski.ba\\\/index.php\\\/2026\\\/04\\\/29\\\/ljubuski-biciklisti-sudionici-ix-memorijalnog-maratona-navik-on-zivi-ki-izgine-posteno\\\/\"},\"wordCount\":322,\"publisher\":{\"@id\":\"https:\\\/\\\/radioljubuski.ba\\\/#organization\"},\"image\":{\"@id\":\"https:\\\/\\\/radioljubuski.ba\\\/index.php\\\/2026\\\/04\\\/29\\\/ljubuski-biciklisti-sudionici-ix-memorijalnog-maratona-navik-on-zivi-ki-izgine-posteno\\\/#primaryimage\"},\"thumbnailUrl\":\"https:\\\/\\\/radioljubuski.ba\\\/wp-content\\\/uploads\\\/2026\\\/04\\\/FB_IMG_1777442836182.jpg\",\"articleSection\":[\"BIH i regija\",\"Ljubu\u0161ki\"],\"inLanguage\":\"hr\"},{\"@type\":\"WebPage\",\"@id\":\"https:\\\/\\\/radioljubuski.ba\\\/index.php\\\/2026\\\/04\\\/29\\\/ljubuski-biciklisti-sudionici-ix-memorijalnog-maratona-navik-on-zivi-ki-izgine-posteno\\\/\",\"url\":\"https:\\\/\\\/radioljubuski.ba\\\/index.php\\\/2026\\\/04\\\/29\\\/ljubuski-biciklisti-sudionici-ix-memorijalnog-maratona-navik-on-zivi-ki-izgine-posteno\\\/\",\"name\":\"Ljubu\u0161ki biciklisti sudionici IX. Memorijalnog maratona \\\"Navik on \u017eivi ki zgine po\u0161teno\\\" - RADIO LJUBU\u0160KI\",\"isPartOf\":{\"@id\":\"https:\\\/\\\/radioljubuski.ba\\\/#website\"},\"primaryImageOfPage\":{\"@id\":\"https:\\\/\\\/radioljubuski.ba\\\/index.php\\\/2026\\\/04\\\/29\\\/ljubuski-biciklisti-sudionici-ix-memorijalnog-maratona-navik-on-zivi-ki-izgine-posteno\\\/#primaryimage\"},\"image\":{\"@id\":\"https:\\\/\\\/radioljubuski.ba\\\/index.php\\\/2026\\\/04\\\/29\\\/ljubuski-biciklisti-sudionici-ix-memorijalnog-maratona-navik-on-zivi-ki-izgine-posteno\\\/#primaryimage\"},\"thumbnailUrl\":\"https:\\\/\\\/radioljubuski.ba\\\/wp-content\\\/uploads\\\/2026\\\/04\\\/FB_IMG_1777442836182.jpg\",\"datePublished\":\"2026-04-29T06:23:24+00:00\",\"dateModified\":\"2026-04-29T06:28:42+00:00\",\"breadcrumb\":{\"@id\":\"https:\\\/\\\/radioljubuski.ba\\\/index.php\\\/2026\\\/04\\\/29\\\/ljubuski-biciklisti-sudionici-ix-memorijalnog-maratona-navik-on-zivi-ki-izgine-posteno\\\/#breadcrumb\"},\"inLanguage\":\"hr\",\"potentialAction\":[{\"@type\":\"ReadAction\",\"target\":[\"https:\\\/\\\/radioljubuski.ba\\\/index.php\\\/2026\\\/04\\\/29\\\/ljubuski-biciklisti-sudionici-ix-memorijalnog-maratona-navik-on-zivi-ki-izgine-posteno\\\/\"]}]},{\"@type\":\"ImageObject\",\"inLanguage\":\"hr\",\"@id\":\"https:\\\/\\\/radioljubuski.ba\\\/index.php\\\/2026\\\/04\\\/29\\\/ljubuski-biciklisti-sudionici-ix-memorijalnog-maratona-navik-on-zivi-ki-izgine-posteno\\\/#primaryimage\",\"url\":\"https:\\\/\\\/radioljubuski.ba\\\/wp-content\\\/uploads\\\/2026\\\/04\\\/FB_IMG_1777442836182.jpg\",\"contentUrl\":\"https:\\\/\\\/radioljubuski.ba\\\/wp-content\\\/uploads\\\/2026\\\/04\\\/FB_IMG_1777442836182.jpg\",\"width\":971,\"height\":1374},{\"@type\":\"BreadcrumbList\",\"@id\":\"https:\\\/\\\/radioljubuski.ba\\\/index.php\\\/2026\\\/04\\\/29\\\/ljubuski-biciklisti-sudionici-ix-memorijalnog-maratona-navik-on-zivi-ki-izgine-posteno\\\/#breadcrumb\",\"itemListElement\":[{\"@type\":\"ListItem\",\"position\":1,\"name\":\"Po\u010detna stranica\",\"item\":\"https:\\\/\\\/radioljubuski.ba\\\/\"},{\"@type\":\"ListItem\",\"position\":2,\"name\":\"Ljubu\u0161ki biciklisti sudionici IX. Memorijalnog maratona &#8220;Navik on \u017eivi ki zgine po\u0161teno&#8221;\"}]},{\"@type\":\"WebSite\",\"@id\":\"https:\\\/\\\/radioljubuski.ba\\\/#website\",\"url\":\"https:\\\/\\\/radioljubuski.ba\\\/\",\"name\":\"Radio Ljubu\u0161ki\",\"description\":\"Sun\u010dana frekvencija Hercegovine\",\"publisher\":{\"@id\":\"https:\\\/\\\/radioljubuski.ba\\\/#organization\"},\"potentialAction\":[{\"@type\":\"SearchAction\",\"target\":{\"@type\":\"EntryPoint\",\"urlTemplate\":\"https:\\\/\\\/radioljubuski.ba\\\/?s={search_term_string}\"},\"query-input\":{\"@type\":\"PropertyValueSpecification\",\"valueRequired\":true,\"valueName\":\"search_term_string\"}}],\"inLanguage\":\"hr\"},{\"@type\":\"Organization\",\"@id\":\"https:\\\/\\\/radioljubuski.ba\\\/#organization\",\"name\":\"Radio Ljubu\u0161ki\",\"url\":\"https:\\\/\\\/radioljubuski.ba\\\/\",\"logo\":{\"@type\":\"ImageObject\",\"inLanguage\":\"hr\",\"@id\":\"https:\\\/\\\/radioljubuski.ba\\\/#\\\/schema\\\/logo\\\/image\\\/\",\"url\":\"https:\\\/\\\/radioljubuski.ba\\\/wp-content\\\/uploads\\\/2021\\\/02\\\/cropped-Radio_Ljubuski_logo1.jpg\",\"contentUrl\":\"https:\\\/\\\/radioljubuski.ba\\\/wp-content\\\/uploads\\\/2021\\\/02\\\/cropped-Radio_Ljubuski_logo1.jpg\",\"width\":512,\"height\":512,\"caption\":\"Radio Ljubu\u0161ki\"},\"image\":{\"@id\":\"https:\\\/\\\/radioljubuski.ba\\\/#\\\/schema\\\/logo\\\/image\\\/\"},\"sameAs\":[\"https:\\\/\\\/www.facebook.com\\\/Radiio-Ljubuski-1490835324566332\",\"https:\\\/\\\/x.com\\\/radioljubuski\",\"https:\\\/\\\/hr.linkedin.com\\\/company\\\/radio-ljubuski\",\"https:\\\/\\\/www.youtube.com\\\/channel\\\/UCHYaeO_n0Db3tjNGudGpXyw\"]},{\"@type\":\"Person\",\"@id\":\"https:\\\/\\\/radioljubuski.ba\\\/#\\\/schema\\\/person\\\/19fc700381a780f69665d7956c469e3b\",\"name\":\"Radio Ljubu\u0161ki\"}]}<\/script>\n<!-- \/ Yoast SEO plugin. -->","yoast_head_json":{"title":"Ljubu\u0161ki biciklisti sudionici IX. Memorijalnog maratona \"Navik on \u017eivi ki zgine po\u0161teno\" - RADIO LJUBU\u0160KI","robots":{"index":"index","follow":"follow","max-snippet":"max-snippet:-1","max-image-preview":"max-image-preview:large","max-video-preview":"max-video-preview:-1"},"canonical":"https:\/\/radioljubuski.ba\/index.php\/2026\/04\/29\/ljubuski-biciklisti-sudionici-ix-memorijalnog-maratona-navik-on-zivi-ki-izgine-posteno\/","og_locale":"hr_HR","og_type":"article","og_title":"Ljubu\u0161ki biciklisti sudionici IX. Memorijalnog maratona \"Navik on \u017eivi ki zgine po\u0161teno\" - RADIO LJUBU\u0160KI","og_description":"BICIKLOM OD PREVLAKE DO VUKOVARA U nedjelju, 26. travnja 2026. godine, na rtu O\u0161tro na Prevlaci najju\u017enijoj to\u010dki Republike Hrvatske zapo\u010deo je IX. Memorijalni biciklisti\u010dki maraton \u201eNavik on \u017eivi ki zgine po\u0161teno\u201c na relaciji Prevlaka \u2013 Vukovar \u2013 Ilok. Ovaj sportsko-memorijalni doga\u0111aj vozi se u spomen na 12 ubijenih hrvatskih redarstvenika u Borovu Selu i [&hellip;]","og_url":"https:\/\/radioljubuski.ba\/index.php\/2026\/04\/29\/ljubuski-biciklisti-sudionici-ix-memorijalnog-maratona-navik-on-zivi-ki-izgine-posteno\/","og_site_name":"RADIO LJUBU\u0160KI","article_publisher":"https:\/\/www.facebook.com\/Radiio-Ljubuski-1490835324566332","article_published_time":"2026-04-29T06:23:24+00:00","article_modified_time":"2026-04-29T06:28:42+00:00","og_image":[{"width":971,"height":1374,"url":"https:\/\/radioljubuski.ba\/wp-content\/uploads\/2026\/04\/FB_IMG_1777442836182.jpg","type":"image\/jpeg"}],"author":"Radio Ljubu\u0161ki","twitter_card":"summary_large_image","twitter_creator":"@radioljubuski","twitter_site":"@radioljubuski","twitter_misc":{"Napisao\/la":"Radio Ljubu\u0161ki","Procijenjeno vrijeme \u010ditanja":"4 minute"},"schema":{"@context":"https:\/\/schema.org","@graph":[{"@type":"Article","@id":"https:\/\/radioljubuski.ba\/index.php\/2026\/04\/29\/ljubuski-biciklisti-sudionici-ix-memorijalnog-maratona-navik-on-zivi-ki-izgine-posteno\/#article","isPartOf":{"@id":"https:\/\/radioljubuski.ba\/index.php\/2026\/04\/29\/ljubuski-biciklisti-sudionici-ix-memorijalnog-maratona-navik-on-zivi-ki-izgine-posteno\/"},"author":{"name":"Radio Ljubu\u0161ki","@id":"https:\/\/radioljubuski.ba\/#\/schema\/person\/19fc700381a780f69665d7956c469e3b"},"headline":"Ljubu\u0161ki biciklisti sudionici IX. Memorijalnog maratona &#8220;Navik on \u017eivi ki zgine po\u0161teno&#8221;","datePublished":"2026-04-29T06:23:24+00:00","dateModified":"2026-04-29T06:28:42+00:00","mainEntityOfPage":{"@id":"https:\/\/radioljubuski.ba\/index.php\/2026\/04\/29\/ljubuski-biciklisti-sudionici-ix-memorijalnog-maratona-navik-on-zivi-ki-izgine-posteno\/"},"wordCount":322,"publisher":{"@id":"https:\/\/radioljubuski.ba\/#organization"},"image":{"@id":"https:\/\/radioljubuski.ba\/index.php\/2026\/04\/29\/ljubuski-biciklisti-sudionici-ix-memorijalnog-maratona-navik-on-zivi-ki-izgine-posteno\/#primaryimage"},"thumbnailUrl":"https:\/\/radioljubuski.ba\/wp-content\/uploads\/2026\/04\/FB_IMG_1777442836182.jpg","articleSection":["BIH i regija","Ljubu\u0161ki"],"inLanguage":"hr"},{"@type":"WebPage","@id":"https:\/\/radioljubuski.ba\/index.php\/2026\/04\/29\/ljubuski-biciklisti-sudionici-ix-memorijalnog-maratona-navik-on-zivi-ki-izgine-posteno\/","url":"https:\/\/radioljubuski.ba\/index.php\/2026\/04\/29\/ljubuski-biciklisti-sudionici-ix-memorijalnog-maratona-navik-on-zivi-ki-izgine-posteno\/","name":"Ljubu\u0161ki biciklisti sudionici IX. Memorijalnog maratona \"Navik on \u017eivi ki zgine po\u0161teno\" - RADIO LJUBU\u0160KI","isPartOf":{"@id":"https:\/\/radioljubuski.ba\/#website"},"primaryImageOfPage":{"@id":"https:\/\/radioljubuski.ba\/index.php\/2026\/04\/29\/ljubuski-biciklisti-sudionici-ix-memorijalnog-maratona-navik-on-zivi-ki-izgine-posteno\/#primaryimage"},"image":{"@id":"https:\/\/radioljubuski.ba\/index.php\/2026\/04\/29\/ljubuski-biciklisti-sudionici-ix-memorijalnog-maratona-navik-on-zivi-ki-izgine-posteno\/#primaryimage"},"thumbnailUrl":"https:\/\/radioljubuski.ba\/wp-content\/uploads\/2026\/04\/FB_IMG_1777442836182.jpg","datePublished":"2026-04-29T06:23:24+00:00","dateModified":"2026-04-29T06:28:42+00:00","breadcrumb":{"@id":"https:\/\/radioljubuski.ba\/index.php\/2026\/04\/29\/ljubuski-biciklisti-sudionici-ix-memorijalnog-maratona-navik-on-zivi-ki-izgine-posteno\/#breadcrumb"},"inLanguage":"hr","potentialAction":[{"@type":"ReadAction","target":["https:\/\/radioljubuski.ba\/index.php\/2026\/04\/29\/ljubuski-biciklisti-sudionici-ix-memorijalnog-maratona-navik-on-zivi-ki-izgine-posteno\/"]}]},{"@type":"ImageObject","inLanguage":"hr","@id":"https:\/\/radioljubuski.ba\/index.php\/2026\/04\/29\/ljubuski-biciklisti-sudionici-ix-memorijalnog-maratona-navik-on-zivi-ki-izgine-posteno\/#primaryimage","url":"https:\/\/radioljubuski.ba\/wp-content\/uploads\/2026\/04\/FB_IMG_1777442836182.jpg","contentUrl":"https:\/\/radioljubuski.ba\/wp-content\/uploads\/2026\/04\/FB_IMG_1777442836182.jpg","width":971,"height":1374},{"@type":"BreadcrumbList","@id":"https:\/\/radioljubuski.ba\/index.php\/2026\/04\/29\/ljubuski-biciklisti-sudionici-ix-memorijalnog-maratona-navik-on-zivi-ki-izgine-posteno\/#breadcrumb","itemListElement":[{"@type":"ListItem","position":1,"name":"Po\u010detna stranica","item":"https:\/\/radioljubuski.ba\/"},{"@type":"ListItem","position":2,"name":"Ljubu\u0161ki biciklisti sudionici IX. Memorijalnog maratona &#8220;Navik on \u017eivi ki zgine po\u0161teno&#8221;"}]},{"@type":"WebSite","@id":"https:\/\/radioljubuski.ba\/#website","url":"https:\/\/radioljubuski.ba\/","name":"Radio Ljubu\u0161ki","description":"Sun\u010dana frekvencija Hercegovine","publisher":{"@id":"https:\/\/radioljubuski.ba\/#organization"},"potentialAction":[{"@type":"SearchAction","target":{"@type":"EntryPoint","urlTemplate":"https:\/\/radioljubuski.ba\/?s={search_term_string}"},"query-input":{"@type":"PropertyValueSpecification","valueRequired":true,"valueName":"search_term_string"}}],"inLanguage":"hr"},{"@type":"Organization","@id":"https:\/\/radioljubuski.ba\/#organization","name":"Radio Ljubu\u0161ki","url":"https:\/\/radioljubuski.ba\/","logo":{"@type":"ImageObject","inLanguage":"hr","@id":"https:\/\/radioljubuski.ba\/#\/schema\/logo\/image\/","url":"https:\/\/radioljubuski.ba\/wp-content\/uploads\/2021\/02\/cropped-Radio_Ljubuski_logo1.jpg","contentUrl":"https:\/\/radioljubuski.ba\/wp-content\/uploads\/2021\/02\/cropped-Radio_Ljubuski_logo1.jpg","width":512,"height":512,"caption":"Radio Ljubu\u0161ki"},"image":{"@id":"https:\/\/radioljubuski.ba\/#\/schema\/logo\/image\/"},"sameAs":["https:\/\/www.facebook.com\/Radiio-Ljubuski-1490835324566332","https:\/\/x.com\/radioljubuski","https:\/\/hr.linkedin.com\/company\/radio-ljubuski","https:\/\/www.youtube.com\/channel\/UCHYaeO_n0Db3tjNGudGpXyw"]},{"@type":"Person","@id":"https:\/\/radioljubuski.ba\/#\/schema\/person\/19fc700381a780f69665d7956c469e3b","name":"Radio Ljubu\u0161ki"}]}},"_links":{"self":[{"href":"https:\/\/radioljubuski.ba\/index.php\/wp-json\/wp\/v2\/posts\/227655","targetHints":{"allow":["GET"]}}],"collection":[{"href":"https:\/\/radioljubuski.ba\/index.php\/wp-json\/wp\/v2\/posts"}],"about":[{"href":"https:\/\/radioljubuski.ba\/index.php\/wp-json\/wp\/v2\/types\/post"}],"author":[{"embeddable":true,"href":"https:\/\/radioljubuski.ba\/index.php\/wp-json\/wp\/v2\/users\/2"}],"replies":[{"embeddable":true,"href":"https:\/\/radioljubuski.ba\/index.php\/wp-json\/wp\/v2\/comments?post=227655"}],"version-history":[{"count":2,"href":"https:\/\/radioljubuski.ba\/index.php\/wp-json\/wp\/v2\/posts\/227655\/revisions"}],"predecessor-version":[{"id":227672,"href":"https:\/\/radioljubuski.ba\/index.php\/wp-json\/wp\/v2\/posts\/227655\/revisions\/227672"}],"wp:featuredmedia":[{"embeddable":true,"href":"https:\/\/radioljubuski.ba\/index.php\/wp-json\/wp\/v2\/media\/227658"}],"wp:attachment":[{"href":"https:\/\/radioljubuski.ba\/index.php\/wp-json\/wp\/v2\/media?parent=227655"}],"wp:term":[{"taxonomy":"category","embeddable":true,"href":"https:\/\/radioljubuski.ba\/index.php\/wp-json\/wp\/v2\/categories?post=227655"},{"taxonomy":"post_tag","embeddable":true,"href":"https:\/\/radioljubuski.ba\/index.php\/wp-json\/wp\/v2\/tags?post=227655"}],"curies":[{"name":"wp","href":"https:\/\/api.w.org\/{rel}","templated":true}]}}