{"id":227693,"date":"2026-04-30T12:59:06","date_gmt":"2026-04-30T11:59:06","guid":{"rendered":"https:\/\/radioljubuski.ba\/?p=227693"},"modified":"2026-04-30T12:59:07","modified_gmt":"2026-04-30T11:59:07","slug":"ljubuski-odrzana-promocija-monografije-vakufi-na-podrucju-medzlisa-iz-ljubuski","status":"publish","type":"post","link":"https:\/\/radioljubuski.ba\/index.php\/2026\/04\/30\/ljubuski-odrzana-promocija-monografije-vakufi-na-podrucju-medzlisa-iz-ljubuski\/","title":{"rendered":"Ljubu\u0161ki: Odr\u017eana promocija monografije \u201eVakufi na podru\u010dju Med\u017elisa IZ Ljubu\u0161ki\u201c"},"content":{"rendered":"\n<p>U Ljubu\u0161kom je u utorak 28.travnja 2026. odr\u017eana promocija monografije \u201eVakufi na podru\u010dju Med\u017elisa Islamske zajednice Ljubu\u0161ki\u201c. Predstavljanje je odr\u017eano u prostoru kiraethane na Go\u017eulju, u sklopu manifestacije 14. Dana vakufa u Bosni i Hercegovini kao i u sklopu programa \u201e51. Dana mevluda i zikra\u201c Muftijstva mostarskog.<\/p>\n\n\n\n<p><\/p>\n\n\n\n<figure class=\"wp-block-image size-large\"><img loading=\"lazy\" decoding=\"async\" width=\"1024\" height=\"768\" src=\"https:\/\/radioljubuski.ba\/wp-content\/uploads\/2026\/04\/70e0a047-dda2-46c1-b258-e30f39f46c3e-1024x768.jpg\" alt=\"\" class=\"wp-image-227694\" srcset=\"https:\/\/radioljubuski.ba\/wp-content\/uploads\/2026\/04\/70e0a047-dda2-46c1-b258-e30f39f46c3e-1024x768.jpg 1024w, https:\/\/radioljubuski.ba\/wp-content\/uploads\/2026\/04\/70e0a047-dda2-46c1-b258-e30f39f46c3e-300x225.jpg 300w, https:\/\/radioljubuski.ba\/wp-content\/uploads\/2026\/04\/70e0a047-dda2-46c1-b258-e30f39f46c3e-768x576.jpg 768w, https:\/\/radioljubuski.ba\/wp-content\/uploads\/2026\/04\/70e0a047-dda2-46c1-b258-e30f39f46c3e-1536x1152.jpg 1536w, https:\/\/radioljubuski.ba\/wp-content\/uploads\/2026\/04\/70e0a047-dda2-46c1-b258-e30f39f46c3e-16x12.jpg 16w, https:\/\/radioljubuski.ba\/wp-content\/uploads\/2026\/04\/70e0a047-dda2-46c1-b258-e30f39f46c3e.jpg 1600w\" sizes=\"auto, (max-width: 1024px) 100vw, 1024px\" \/><\/figure>\n\n\n\n<p><\/p>\n\n\n\n<p>Na promociji su govorili mostarski muftija dr. Salem ef. Dedovi\u0107, direktor Vakufske direkcije Huso Salihovi\u0107, koautori D\u017eenan Rahmanovi\u0107 i Elmedin Avdiba\u0161i\u0107 te glavni imam Med\u017elisa Islamske zajednice Ljubu\u0161ki \u0160emso ef. Germi\u0107.<\/p>\n\n\n\n<figure class=\"wp-block-image size-large\"><img loading=\"lazy\" decoding=\"async\" width=\"1024\" height=\"768\" src=\"https:\/\/radioljubuski.ba\/wp-content\/uploads\/2026\/04\/a2ca0e12-7bcb-47d8-96c7-37866c6e91ac-1024x768.jpg\" alt=\"\" class=\"wp-image-227698\" srcset=\"https:\/\/radioljubuski.ba\/wp-content\/uploads\/2026\/04\/a2ca0e12-7bcb-47d8-96c7-37866c6e91ac-1024x768.jpg 1024w, https:\/\/radioljubuski.ba\/wp-content\/uploads\/2026\/04\/a2ca0e12-7bcb-47d8-96c7-37866c6e91ac-300x225.jpg 300w, https:\/\/radioljubuski.ba\/wp-content\/uploads\/2026\/04\/a2ca0e12-7bcb-47d8-96c7-37866c6e91ac-768x576.jpg 768w, https:\/\/radioljubuski.ba\/wp-content\/uploads\/2026\/04\/a2ca0e12-7bcb-47d8-96c7-37866c6e91ac-1536x1152.jpg 1536w, https:\/\/radioljubuski.ba\/wp-content\/uploads\/2026\/04\/a2ca0e12-7bcb-47d8-96c7-37866c6e91ac-16x12.jpg 16w, https:\/\/radioljubuski.ba\/wp-content\/uploads\/2026\/04\/a2ca0e12-7bcb-47d8-96c7-37866c6e91ac.jpg 1600w\" sizes=\"auto, (max-width: 1024px) 100vw, 1024px\" \/><\/figure>\n\n\n\n<p>Kako je istaknuto na promociji &#8220;Monografija je rezultat vi\u0161egodi\u0161njeg istra\u017eiva\u010dkog rada autora D\u017eenana Rahmanovi\u0107a i Elmedina Avdiba\u0161i\u0107a, a donosi sveobuhvatan prikaz nastanka, razvoja i zna\u010daja vakufa na podru\u010dju Ljubu\u0161kog. Vakufi u Ljubu\u0161kom raspore\u0111eni su u \u010detiri katastarske op\u0107ine i aktivni su na 33 lokacije, pod upravom Med\u017elisa Islamske zajednice. Dio nacionaliziranih vakufa jo\u0161 nema rije\u0161en pravni status te \u0107e biti predmet postupka uskla\u0111ivanja.&#8221;<\/p>\n\n\n\n<figure class=\"wp-block-image size-large\"><img loading=\"lazy\" decoding=\"async\" width=\"1024\" height=\"768\" src=\"https:\/\/radioljubuski.ba\/wp-content\/uploads\/2026\/04\/017c6257-4bcd-4455-9fe6-ef89b9a4bebf-1024x768.jpg\" alt=\"\" class=\"wp-image-227695\" srcset=\"https:\/\/radioljubuski.ba\/wp-content\/uploads\/2026\/04\/017c6257-4bcd-4455-9fe6-ef89b9a4bebf-1024x768.jpg 1024w, https:\/\/radioljubuski.ba\/wp-content\/uploads\/2026\/04\/017c6257-4bcd-4455-9fe6-ef89b9a4bebf-300x225.jpg 300w, https:\/\/radioljubuski.ba\/wp-content\/uploads\/2026\/04\/017c6257-4bcd-4455-9fe6-ef89b9a4bebf-768x576.jpg 768w, https:\/\/radioljubuski.ba\/wp-content\/uploads\/2026\/04\/017c6257-4bcd-4455-9fe6-ef89b9a4bebf-1536x1152.jpg 1536w, https:\/\/radioljubuski.ba\/wp-content\/uploads\/2026\/04\/017c6257-4bcd-4455-9fe6-ef89b9a4bebf-16x12.jpg 16w, https:\/\/radioljubuski.ba\/wp-content\/uploads\/2026\/04\/017c6257-4bcd-4455-9fe6-ef89b9a4bebf.jpg 1600w\" sizes=\"auto, (max-width: 1024px) 100vw, 1024px\" \/><\/figure>\n\n\n\n<p><\/p>\n\n\n\n<p>Izdava\u010d ovog djela je Vakufska direkcija Islamske zajednice, uz sudjelovanje Muftijstva mostarskog i lokalne zajednice.<\/p>\n\n\n\n<p><\/p>\n\n\n\n<figure class=\"wp-block-image size-large\"><img loading=\"lazy\" decoding=\"async\" width=\"1024\" height=\"768\" src=\"https:\/\/radioljubuski.ba\/wp-content\/uploads\/2026\/04\/a0d3b633-d582-4aaf-8176-c96b6bb0a468-1024x768.jpg\" alt=\"\" class=\"wp-image-227697\" srcset=\"https:\/\/radioljubuski.ba\/wp-content\/uploads\/2026\/04\/a0d3b633-d582-4aaf-8176-c96b6bb0a468-1024x768.jpg 1024w, https:\/\/radioljubuski.ba\/wp-content\/uploads\/2026\/04\/a0d3b633-d582-4aaf-8176-c96b6bb0a468-300x225.jpg 300w, https:\/\/radioljubuski.ba\/wp-content\/uploads\/2026\/04\/a0d3b633-d582-4aaf-8176-c96b6bb0a468-768x576.jpg 768w, https:\/\/radioljubuski.ba\/wp-content\/uploads\/2026\/04\/a0d3b633-d582-4aaf-8176-c96b6bb0a468-1536x1152.jpg 1536w, https:\/\/radioljubuski.ba\/wp-content\/uploads\/2026\/04\/a0d3b633-d582-4aaf-8176-c96b6bb0a468-16x12.jpg 16w, https:\/\/radioljubuski.ba\/wp-content\/uploads\/2026\/04\/a0d3b633-d582-4aaf-8176-c96b6bb0a468.jpg 1600w\" sizes=\"auto, (max-width: 1024px) 100vw, 1024px\" \/><\/figure>\n\n\n\n<p><\/p>\n\n\n\n<p>Monografija je nakon promocije dostupna za nabavu u prostorijama Med\u017elisa Islamske zajednice Ljubu\u0161ki.<\/p>\n\n\n\n<p>Radio Ljubu\u0161ki <\/p>\n\n\n\n<p><\/p>\n","protected":false},"excerpt":{"rendered":"<p>U Ljubu\u0161kom je u utorak 28.travnja 2026. odr\u017eana promocija monografije \u201eVakufi na podru\u010dju Med\u017elisa Islamske zajednice Ljubu\u0161ki\u201c. Predstavljanje je odr\u017eano u prostoru kiraethane na Go\u017eulju, u sklopu manifestacije 14. Dana vakufa u Bosni i Hercegovini kao i u sklopu programa \u201e51. Dana mevluda i zikra\u201c Muftijstva mostarskog. Na promociji su govorili mostarski muftija dr. Salem [&hellip;]<\/p>\n","protected":false},"author":2,"featured_media":227698,"comment_status":"closed","ping_status":"closed","sticky":false,"template":"","format":"standard","meta":{"h5ap_radio_sources":[],"footnotes":""},"categories":[1,3],"tags":[],"class_list":["post-227693","post","type-post","status-publish","format-standard","has-post-thumbnail","hentry","category-bihiregija","category-ljubuski"],"yoast_head":"<!-- This site is optimized with the Yoast SEO plugin v27.5 - https:\/\/yoast.com\/product\/yoast-seo-wordpress\/ -->\n<title>Ljubu\u0161ki: Odr\u017eana promocija monografije \u201eVakufi na podru\u010dju Med\u017elisa IZ Ljubu\u0161ki\u201c - RADIO LJUBU\u0160KI<\/title>\n<meta name=\"robots\" content=\"index, follow, max-snippet:-1, max-image-preview:large, max-video-preview:-1\" \/>\n<link rel=\"canonical\" href=\"https:\/\/radioljubuski.ba\/index.php\/2026\/04\/30\/ljubuski-odrzana-promocija-monografije-vakufi-na-podrucju-medzlisa-iz-ljubuski\/\" \/>\n<meta property=\"og:locale\" content=\"hr_HR\" \/>\n<meta property=\"og:type\" content=\"article\" \/>\n<meta property=\"og:title\" content=\"Ljubu\u0161ki: Odr\u017eana promocija monografije \u201eVakufi na podru\u010dju Med\u017elisa IZ Ljubu\u0161ki\u201c - RADIO LJUBU\u0160KI\" \/>\n<meta property=\"og:description\" content=\"U Ljubu\u0161kom je u utorak 28.travnja 2026. odr\u017eana promocija monografije \u201eVakufi na podru\u010dju Med\u017elisa Islamske zajednice Ljubu\u0161ki\u201c. Predstavljanje je odr\u017eano u prostoru kiraethane na Go\u017eulju, u sklopu manifestacije 14. Dana vakufa u Bosni i Hercegovini kao i u sklopu programa \u201e51. Dana mevluda i zikra\u201c Muftijstva mostarskog. Na promociji su govorili mostarski muftija dr. Salem [&hellip;]\" \/>\n<meta property=\"og:url\" content=\"https:\/\/radioljubuski.ba\/index.php\/2026\/04\/30\/ljubuski-odrzana-promocija-monografije-vakufi-na-podrucju-medzlisa-iz-ljubuski\/\" \/>\n<meta property=\"og:site_name\" content=\"RADIO LJUBU\u0160KI\" \/>\n<meta property=\"article:publisher\" content=\"https:\/\/www.facebook.com\/Radiio-Ljubuski-1490835324566332\" \/>\n<meta property=\"article:published_time\" content=\"2026-04-30T11:59:06+00:00\" \/>\n<meta property=\"article:modified_time\" content=\"2026-04-30T11:59:07+00:00\" \/>\n<meta property=\"og:image\" content=\"https:\/\/radioljubuski.ba\/wp-content\/uploads\/2026\/04\/a2ca0e12-7bcb-47d8-96c7-37866c6e91ac.jpg\" \/>\n\t<meta property=\"og:image:width\" content=\"1600\" \/>\n\t<meta property=\"og:image:height\" content=\"1200\" \/>\n\t<meta property=\"og:image:type\" content=\"image\/jpeg\" \/>\n<meta name=\"author\" content=\"Radio Ljubu\u0161ki\" \/>\n<meta name=\"twitter:card\" content=\"summary_large_image\" \/>\n<meta name=\"twitter:creator\" content=\"@radioljubuski\" \/>\n<meta name=\"twitter:site\" content=\"@radioljubuski\" \/>\n<meta name=\"twitter:label1\" content=\"Napisao\/la\" \/>\n\t<meta name=\"twitter:data1\" content=\"Radio Ljubu\u0161ki\" \/>\n\t<meta name=\"twitter:label2\" content=\"Procijenjeno vrijeme \u010ditanja\" \/>\n\t<meta name=\"twitter:data2\" content=\"2 minute\" \/>\n<script type=\"application\/ld+json\" class=\"yoast-schema-graph\">{\"@context\":\"https:\\\/\\\/schema.org\",\"@graph\":[{\"@type\":\"Article\",\"@id\":\"https:\\\/\\\/radioljubuski.ba\\\/index.php\\\/2026\\\/04\\\/30\\\/ljubuski-odrzana-promocija-monografije-vakufi-na-podrucju-medzlisa-iz-ljubuski\\\/#article\",\"isPartOf\":{\"@id\":\"https:\\\/\\\/radioljubuski.ba\\\/index.php\\\/2026\\\/04\\\/30\\\/ljubuski-odrzana-promocija-monografije-vakufi-na-podrucju-medzlisa-iz-ljubuski\\\/\"},\"author\":{\"name\":\"Radio Ljubu\u0161ki\",\"@id\":\"https:\\\/\\\/radioljubuski.ba\\\/#\\\/schema\\\/person\\\/19fc700381a780f69665d7956c469e3b\"},\"headline\":\"Ljubu\u0161ki: Odr\u017eana promocija monografije \u201eVakufi na podru\u010dju Med\u017elisa IZ Ljubu\u0161ki\u201c\",\"datePublished\":\"2026-04-30T11:59:06+00:00\",\"dateModified\":\"2026-04-30T11:59:07+00:00\",\"mainEntityOfPage\":{\"@id\":\"https:\\\/\\\/radioljubuski.ba\\\/index.php\\\/2026\\\/04\\\/30\\\/ljubuski-odrzana-promocija-monografije-vakufi-na-podrucju-medzlisa-iz-ljubuski\\\/\"},\"wordCount\":213,\"publisher\":{\"@id\":\"https:\\\/\\\/radioljubuski.ba\\\/#organization\"},\"image\":{\"@id\":\"https:\\\/\\\/radioljubuski.ba\\\/index.php\\\/2026\\\/04\\\/30\\\/ljubuski-odrzana-promocija-monografije-vakufi-na-podrucju-medzlisa-iz-ljubuski\\\/#primaryimage\"},\"thumbnailUrl\":\"https:\\\/\\\/radioljubuski.ba\\\/wp-content\\\/uploads\\\/2026\\\/04\\\/a2ca0e12-7bcb-47d8-96c7-37866c6e91ac.jpg\",\"articleSection\":[\"BIH i regija\",\"Ljubu\u0161ki\"],\"inLanguage\":\"hr\"},{\"@type\":\"WebPage\",\"@id\":\"https:\\\/\\\/radioljubuski.ba\\\/index.php\\\/2026\\\/04\\\/30\\\/ljubuski-odrzana-promocija-monografije-vakufi-na-podrucju-medzlisa-iz-ljubuski\\\/\",\"url\":\"https:\\\/\\\/radioljubuski.ba\\\/index.php\\\/2026\\\/04\\\/30\\\/ljubuski-odrzana-promocija-monografije-vakufi-na-podrucju-medzlisa-iz-ljubuski\\\/\",\"name\":\"Ljubu\u0161ki: Odr\u017eana promocija monografije \u201eVakufi na podru\u010dju Med\u017elisa IZ Ljubu\u0161ki\u201c - RADIO LJUBU\u0160KI\",\"isPartOf\":{\"@id\":\"https:\\\/\\\/radioljubuski.ba\\\/#website\"},\"primaryImageOfPage\":{\"@id\":\"https:\\\/\\\/radioljubuski.ba\\\/index.php\\\/2026\\\/04\\\/30\\\/ljubuski-odrzana-promocija-monografije-vakufi-na-podrucju-medzlisa-iz-ljubuski\\\/#primaryimage\"},\"image\":{\"@id\":\"https:\\\/\\\/radioljubuski.ba\\\/index.php\\\/2026\\\/04\\\/30\\\/ljubuski-odrzana-promocija-monografije-vakufi-na-podrucju-medzlisa-iz-ljubuski\\\/#primaryimage\"},\"thumbnailUrl\":\"https:\\\/\\\/radioljubuski.ba\\\/wp-content\\\/uploads\\\/2026\\\/04\\\/a2ca0e12-7bcb-47d8-96c7-37866c6e91ac.jpg\",\"datePublished\":\"2026-04-30T11:59:06+00:00\",\"dateModified\":\"2026-04-30T11:59:07+00:00\",\"breadcrumb\":{\"@id\":\"https:\\\/\\\/radioljubuski.ba\\\/index.php\\\/2026\\\/04\\\/30\\\/ljubuski-odrzana-promocija-monografije-vakufi-na-podrucju-medzlisa-iz-ljubuski\\\/#breadcrumb\"},\"inLanguage\":\"hr\",\"potentialAction\":[{\"@type\":\"ReadAction\",\"target\":[\"https:\\\/\\\/radioljubuski.ba\\\/index.php\\\/2026\\\/04\\\/30\\\/ljubuski-odrzana-promocija-monografije-vakufi-na-podrucju-medzlisa-iz-ljubuski\\\/\"]}]},{\"@type\":\"ImageObject\",\"inLanguage\":\"hr\",\"@id\":\"https:\\\/\\\/radioljubuski.ba\\\/index.php\\\/2026\\\/04\\\/30\\\/ljubuski-odrzana-promocija-monografije-vakufi-na-podrucju-medzlisa-iz-ljubuski\\\/#primaryimage\",\"url\":\"https:\\\/\\\/radioljubuski.ba\\\/wp-content\\\/uploads\\\/2026\\\/04\\\/a2ca0e12-7bcb-47d8-96c7-37866c6e91ac.jpg\",\"contentUrl\":\"https:\\\/\\\/radioljubuski.ba\\\/wp-content\\\/uploads\\\/2026\\\/04\\\/a2ca0e12-7bcb-47d8-96c7-37866c6e91ac.jpg\",\"width\":1600,\"height\":1200},{\"@type\":\"BreadcrumbList\",\"@id\":\"https:\\\/\\\/radioljubuski.ba\\\/index.php\\\/2026\\\/04\\\/30\\\/ljubuski-odrzana-promocija-monografije-vakufi-na-podrucju-medzlisa-iz-ljubuski\\\/#breadcrumb\",\"itemListElement\":[{\"@type\":\"ListItem\",\"position\":1,\"name\":\"Po\u010detna stranica\",\"item\":\"https:\\\/\\\/radioljubuski.ba\\\/\"},{\"@type\":\"ListItem\",\"position\":2,\"name\":\"Ljubu\u0161ki: Odr\u017eana promocija monografije \u201eVakufi na podru\u010dju Med\u017elisa IZ Ljubu\u0161ki\u201c\"}]},{\"@type\":\"WebSite\",\"@id\":\"https:\\\/\\\/radioljubuski.ba\\\/#website\",\"url\":\"https:\\\/\\\/radioljubuski.ba\\\/\",\"name\":\"Radio Ljubu\u0161ki\",\"description\":\"Sun\u010dana frekvencija Hercegovine\",\"publisher\":{\"@id\":\"https:\\\/\\\/radioljubuski.ba\\\/#organization\"},\"potentialAction\":[{\"@type\":\"SearchAction\",\"target\":{\"@type\":\"EntryPoint\",\"urlTemplate\":\"https:\\\/\\\/radioljubuski.ba\\\/?s={search_term_string}\"},\"query-input\":{\"@type\":\"PropertyValueSpecification\",\"valueRequired\":true,\"valueName\":\"search_term_string\"}}],\"inLanguage\":\"hr\"},{\"@type\":\"Organization\",\"@id\":\"https:\\\/\\\/radioljubuski.ba\\\/#organization\",\"name\":\"Radio Ljubu\u0161ki\",\"url\":\"https:\\\/\\\/radioljubuski.ba\\\/\",\"logo\":{\"@type\":\"ImageObject\",\"inLanguage\":\"hr\",\"@id\":\"https:\\\/\\\/radioljubuski.ba\\\/#\\\/schema\\\/logo\\\/image\\\/\",\"url\":\"https:\\\/\\\/radioljubuski.ba\\\/wp-content\\\/uploads\\\/2021\\\/02\\\/cropped-Radio_Ljubuski_logo1.jpg\",\"contentUrl\":\"https:\\\/\\\/radioljubuski.ba\\\/wp-content\\\/uploads\\\/2021\\\/02\\\/cropped-Radio_Ljubuski_logo1.jpg\",\"width\":512,\"height\":512,\"caption\":\"Radio Ljubu\u0161ki\"},\"image\":{\"@id\":\"https:\\\/\\\/radioljubuski.ba\\\/#\\\/schema\\\/logo\\\/image\\\/\"},\"sameAs\":[\"https:\\\/\\\/www.facebook.com\\\/Radiio-Ljubuski-1490835324566332\",\"https:\\\/\\\/x.com\\\/radioljubuski\",\"https:\\\/\\\/hr.linkedin.com\\\/company\\\/radio-ljubuski\",\"https:\\\/\\\/www.youtube.com\\\/channel\\\/UCHYaeO_n0Db3tjNGudGpXyw\"]},{\"@type\":\"Person\",\"@id\":\"https:\\\/\\\/radioljubuski.ba\\\/#\\\/schema\\\/person\\\/19fc700381a780f69665d7956c469e3b\",\"name\":\"Radio Ljubu\u0161ki\"}]}<\/script>\n<!-- \/ Yoast SEO plugin. -->","yoast_head_json":{"title":"Ljubu\u0161ki: Odr\u017eana promocija monografije \u201eVakufi na podru\u010dju Med\u017elisa IZ Ljubu\u0161ki\u201c - RADIO LJUBU\u0160KI","robots":{"index":"index","follow":"follow","max-snippet":"max-snippet:-1","max-image-preview":"max-image-preview:large","max-video-preview":"max-video-preview:-1"},"canonical":"https:\/\/radioljubuski.ba\/index.php\/2026\/04\/30\/ljubuski-odrzana-promocija-monografije-vakufi-na-podrucju-medzlisa-iz-ljubuski\/","og_locale":"hr_HR","og_type":"article","og_title":"Ljubu\u0161ki: Odr\u017eana promocija monografije \u201eVakufi na podru\u010dju Med\u017elisa IZ Ljubu\u0161ki\u201c - RADIO LJUBU\u0160KI","og_description":"U Ljubu\u0161kom je u utorak 28.travnja 2026. odr\u017eana promocija monografije \u201eVakufi na podru\u010dju Med\u017elisa Islamske zajednice Ljubu\u0161ki\u201c. Predstavljanje je odr\u017eano u prostoru kiraethane na Go\u017eulju, u sklopu manifestacije 14. Dana vakufa u Bosni i Hercegovini kao i u sklopu programa \u201e51. Dana mevluda i zikra\u201c Muftijstva mostarskog. Na promociji su govorili mostarski muftija dr. Salem [&hellip;]","og_url":"https:\/\/radioljubuski.ba\/index.php\/2026\/04\/30\/ljubuski-odrzana-promocija-monografije-vakufi-na-podrucju-medzlisa-iz-ljubuski\/","og_site_name":"RADIO LJUBU\u0160KI","article_publisher":"https:\/\/www.facebook.com\/Radiio-Ljubuski-1490835324566332","article_published_time":"2026-04-30T11:59:06+00:00","article_modified_time":"2026-04-30T11:59:07+00:00","og_image":[{"width":1600,"height":1200,"url":"https:\/\/radioljubuski.ba\/wp-content\/uploads\/2026\/04\/a2ca0e12-7bcb-47d8-96c7-37866c6e91ac.jpg","type":"image\/jpeg"}],"author":"Radio Ljubu\u0161ki","twitter_card":"summary_large_image","twitter_creator":"@radioljubuski","twitter_site":"@radioljubuski","twitter_misc":{"Napisao\/la":"Radio Ljubu\u0161ki","Procijenjeno vrijeme \u010ditanja":"2 minute"},"schema":{"@context":"https:\/\/schema.org","@graph":[{"@type":"Article","@id":"https:\/\/radioljubuski.ba\/index.php\/2026\/04\/30\/ljubuski-odrzana-promocija-monografije-vakufi-na-podrucju-medzlisa-iz-ljubuski\/#article","isPartOf":{"@id":"https:\/\/radioljubuski.ba\/index.php\/2026\/04\/30\/ljubuski-odrzana-promocija-monografije-vakufi-na-podrucju-medzlisa-iz-ljubuski\/"},"author":{"name":"Radio Ljubu\u0161ki","@id":"https:\/\/radioljubuski.ba\/#\/schema\/person\/19fc700381a780f69665d7956c469e3b"},"headline":"Ljubu\u0161ki: Odr\u017eana promocija monografije \u201eVakufi na podru\u010dju Med\u017elisa IZ Ljubu\u0161ki\u201c","datePublished":"2026-04-30T11:59:06+00:00","dateModified":"2026-04-30T11:59:07+00:00","mainEntityOfPage":{"@id":"https:\/\/radioljubuski.ba\/index.php\/2026\/04\/30\/ljubuski-odrzana-promocija-monografije-vakufi-na-podrucju-medzlisa-iz-ljubuski\/"},"wordCount":213,"publisher":{"@id":"https:\/\/radioljubuski.ba\/#organization"},"image":{"@id":"https:\/\/radioljubuski.ba\/index.php\/2026\/04\/30\/ljubuski-odrzana-promocija-monografije-vakufi-na-podrucju-medzlisa-iz-ljubuski\/#primaryimage"},"thumbnailUrl":"https:\/\/radioljubuski.ba\/wp-content\/uploads\/2026\/04\/a2ca0e12-7bcb-47d8-96c7-37866c6e91ac.jpg","articleSection":["BIH i regija","Ljubu\u0161ki"],"inLanguage":"hr"},{"@type":"WebPage","@id":"https:\/\/radioljubuski.ba\/index.php\/2026\/04\/30\/ljubuski-odrzana-promocija-monografije-vakufi-na-podrucju-medzlisa-iz-ljubuski\/","url":"https:\/\/radioljubuski.ba\/index.php\/2026\/04\/30\/ljubuski-odrzana-promocija-monografije-vakufi-na-podrucju-medzlisa-iz-ljubuski\/","name":"Ljubu\u0161ki: Odr\u017eana promocija monografije \u201eVakufi na podru\u010dju Med\u017elisa IZ Ljubu\u0161ki\u201c - RADIO LJUBU\u0160KI","isPartOf":{"@id":"https:\/\/radioljubuski.ba\/#website"},"primaryImageOfPage":{"@id":"https:\/\/radioljubuski.ba\/index.php\/2026\/04\/30\/ljubuski-odrzana-promocija-monografije-vakufi-na-podrucju-medzlisa-iz-ljubuski\/#primaryimage"},"image":{"@id":"https:\/\/radioljubuski.ba\/index.php\/2026\/04\/30\/ljubuski-odrzana-promocija-monografije-vakufi-na-podrucju-medzlisa-iz-ljubuski\/#primaryimage"},"thumbnailUrl":"https:\/\/radioljubuski.ba\/wp-content\/uploads\/2026\/04\/a2ca0e12-7bcb-47d8-96c7-37866c6e91ac.jpg","datePublished":"2026-04-30T11:59:06+00:00","dateModified":"2026-04-30T11:59:07+00:00","breadcrumb":{"@id":"https:\/\/radioljubuski.ba\/index.php\/2026\/04\/30\/ljubuski-odrzana-promocija-monografije-vakufi-na-podrucju-medzlisa-iz-ljubuski\/#breadcrumb"},"inLanguage":"hr","potentialAction":[{"@type":"ReadAction","target":["https:\/\/radioljubuski.ba\/index.php\/2026\/04\/30\/ljubuski-odrzana-promocija-monografije-vakufi-na-podrucju-medzlisa-iz-ljubuski\/"]}]},{"@type":"ImageObject","inLanguage":"hr","@id":"https:\/\/radioljubuski.ba\/index.php\/2026\/04\/30\/ljubuski-odrzana-promocija-monografije-vakufi-na-podrucju-medzlisa-iz-ljubuski\/#primaryimage","url":"https:\/\/radioljubuski.ba\/wp-content\/uploads\/2026\/04\/a2ca0e12-7bcb-47d8-96c7-37866c6e91ac.jpg","contentUrl":"https:\/\/radioljubuski.ba\/wp-content\/uploads\/2026\/04\/a2ca0e12-7bcb-47d8-96c7-37866c6e91ac.jpg","width":1600,"height":1200},{"@type":"BreadcrumbList","@id":"https:\/\/radioljubuski.ba\/index.php\/2026\/04\/30\/ljubuski-odrzana-promocija-monografije-vakufi-na-podrucju-medzlisa-iz-ljubuski\/#breadcrumb","itemListElement":[{"@type":"ListItem","position":1,"name":"Po\u010detna stranica","item":"https:\/\/radioljubuski.ba\/"},{"@type":"ListItem","position":2,"name":"Ljubu\u0161ki: Odr\u017eana promocija monografije \u201eVakufi na podru\u010dju Med\u017elisa IZ Ljubu\u0161ki\u201c"}]},{"@type":"WebSite","@id":"https:\/\/radioljubuski.ba\/#website","url":"https:\/\/radioljubuski.ba\/","name":"Radio Ljubu\u0161ki","description":"Sun\u010dana frekvencija Hercegovine","publisher":{"@id":"https:\/\/radioljubuski.ba\/#organization"},"potentialAction":[{"@type":"SearchAction","target":{"@type":"EntryPoint","urlTemplate":"https:\/\/radioljubuski.ba\/?s={search_term_string}"},"query-input":{"@type":"PropertyValueSpecification","valueRequired":true,"valueName":"search_term_string"}}],"inLanguage":"hr"},{"@type":"Organization","@id":"https:\/\/radioljubuski.ba\/#organization","name":"Radio Ljubu\u0161ki","url":"https:\/\/radioljubuski.ba\/","logo":{"@type":"ImageObject","inLanguage":"hr","@id":"https:\/\/radioljubuski.ba\/#\/schema\/logo\/image\/","url":"https:\/\/radioljubuski.ba\/wp-content\/uploads\/2021\/02\/cropped-Radio_Ljubuski_logo1.jpg","contentUrl":"https:\/\/radioljubuski.ba\/wp-content\/uploads\/2021\/02\/cropped-Radio_Ljubuski_logo1.jpg","width":512,"height":512,"caption":"Radio Ljubu\u0161ki"},"image":{"@id":"https:\/\/radioljubuski.ba\/#\/schema\/logo\/image\/"},"sameAs":["https:\/\/www.facebook.com\/Radiio-Ljubuski-1490835324566332","https:\/\/x.com\/radioljubuski","https:\/\/hr.linkedin.com\/company\/radio-ljubuski","https:\/\/www.youtube.com\/channel\/UCHYaeO_n0Db3tjNGudGpXyw"]},{"@type":"Person","@id":"https:\/\/radioljubuski.ba\/#\/schema\/person\/19fc700381a780f69665d7956c469e3b","name":"Radio Ljubu\u0161ki"}]}},"_links":{"self":[{"href":"https:\/\/radioljubuski.ba\/index.php\/wp-json\/wp\/v2\/posts\/227693","targetHints":{"allow":["GET"]}}],"collection":[{"href":"https:\/\/radioljubuski.ba\/index.php\/wp-json\/wp\/v2\/posts"}],"about":[{"href":"https:\/\/radioljubuski.ba\/index.php\/wp-json\/wp\/v2\/types\/post"}],"author":[{"embeddable":true,"href":"https:\/\/radioljubuski.ba\/index.php\/wp-json\/wp\/v2\/users\/2"}],"replies":[{"embeddable":true,"href":"https:\/\/radioljubuski.ba\/index.php\/wp-json\/wp\/v2\/comments?post=227693"}],"version-history":[{"count":2,"href":"https:\/\/radioljubuski.ba\/index.php\/wp-json\/wp\/v2\/posts\/227693\/revisions"}],"predecessor-version":[{"id":227762,"href":"https:\/\/radioljubuski.ba\/index.php\/wp-json\/wp\/v2\/posts\/227693\/revisions\/227762"}],"wp:featuredmedia":[{"embeddable":true,"href":"https:\/\/radioljubuski.ba\/index.php\/wp-json\/wp\/v2\/media\/227698"}],"wp:attachment":[{"href":"https:\/\/radioljubuski.ba\/index.php\/wp-json\/wp\/v2\/media?parent=227693"}],"wp:term":[{"taxonomy":"category","embeddable":true,"href":"https:\/\/radioljubuski.ba\/index.php\/wp-json\/wp\/v2\/categories?post=227693"},{"taxonomy":"post_tag","embeddable":true,"href":"https:\/\/radioljubuski.ba\/index.php\/wp-json\/wp\/v2\/tags?post=227693"}],"curies":[{"name":"wp","href":"https:\/\/api.w.org\/{rel}","templated":true}]}}