{"id":227707,"date":"2026-04-30T11:22:52","date_gmt":"2026-04-30T10:22:52","guid":{"rendered":"https:\/\/radioljubuski.ba\/?p=227707"},"modified":"2026-04-30T11:37:59","modified_gmt":"2026-04-30T10:37:59","slug":"ljubuski-77-obljetnica-osnovne-skole-marka-marulica","status":"publish","type":"post","link":"https:\/\/radioljubuski.ba\/index.php\/2026\/04\/30\/ljubuski-77-obljetnica-osnovne-skole-marka-marulica\/","title":{"rendered":"Ljubu\u0161ki: 77. obljetnica Osnovne \u0161kole Marka Maruli\u0107a"},"content":{"rendered":"\n<p>Osnovna \u0161kola Marka Maruli\u0107a u Ljubu\u0161kom danas obilje\u017eava 77. obljetnicu svoga rada i djelovanja. <\/p>\n\n\n\n<figure class=\"wp-block-image size-large\"><img loading=\"lazy\" decoding=\"async\" width=\"1024\" height=\"768\" src=\"https:\/\/radioljubuski.ba\/wp-content\/uploads\/2026\/04\/16458-1024x768.jpg\" alt=\"\" class=\"wp-image-227714\" srcset=\"https:\/\/radioljubuski.ba\/wp-content\/uploads\/2026\/04\/16458-1024x768.jpg 1024w, https:\/\/radioljubuski.ba\/wp-content\/uploads\/2026\/04\/16458-300x225.jpg 300w, https:\/\/radioljubuski.ba\/wp-content\/uploads\/2026\/04\/16458-768x576.jpg 768w, https:\/\/radioljubuski.ba\/wp-content\/uploads\/2026\/04\/16458-1536x1152.jpg 1536w, https:\/\/radioljubuski.ba\/wp-content\/uploads\/2026\/04\/16458-2048x1536.jpg 2048w, https:\/\/radioljubuski.ba\/wp-content\/uploads\/2026\/04\/16458-16x12.jpg 16w\" sizes=\"auto, (max-width: 1024px) 100vw, 1024px\" \/><\/figure>\n\n\n\n<p>Tim povodom u programu <strong>Radio postaje Ljubu\u0161ki<\/strong> gostovao je ravnatelj \u0161kole Tomislav Mati\u0107, koji je istaknuo kako je za ovu prigodu pripremljen bogat i sadr\u017eajan program u kojem sudjeluju u\u010denici svih uzrasta.<\/p>\n\n\n\n<figure class=\"wp-block-image size-large\"><img loading=\"lazy\" decoding=\"async\" width=\"1024\" height=\"768\" src=\"https:\/\/radioljubuski.ba\/wp-content\/uploads\/2026\/04\/16388-1024x768.jpg\" alt=\"\" class=\"wp-image-227715\" srcset=\"https:\/\/radioljubuski.ba\/wp-content\/uploads\/2026\/04\/16388-1024x768.jpg 1024w, https:\/\/radioljubuski.ba\/wp-content\/uploads\/2026\/04\/16388-300x225.jpg 300w, https:\/\/radioljubuski.ba\/wp-content\/uploads\/2026\/04\/16388-768x576.jpg 768w, https:\/\/radioljubuski.ba\/wp-content\/uploads\/2026\/04\/16388-1536x1152.jpg 1536w, https:\/\/radioljubuski.ba\/wp-content\/uploads\/2026\/04\/16388-2048x1536.jpg 2048w, https:\/\/radioljubuski.ba\/wp-content\/uploads\/2026\/04\/16388-16x12.jpg 16w\" sizes=\"auto, (max-width: 1024px) 100vw, 1024px\" \/><\/figure>\n\n\n\n<p>\u201eObilje\u017eavamo 77. ro\u0111endan na\u0161e \u0161kole i mogu re\u0107i da smo pripremili raznolik program u kojem \u0107e svatko prona\u0107i ne\u0161to za sebe\u201c, kazao je Mati\u0107, naglasiv\u0161i kako su u\u010denici, uz pomo\u0107 nastavnika, pripremili dvije priredbe jednu za ni\u017ee, a drugu za vi\u0161e razrede. &#8220;Zahvaljujem svima koji su sudjelovali u pripremi i izvedbi dana\u0161nje sve\u010danosti oba aktiva hrvatskog jezika i glazbene i likovne kulture; Eldu Milo\u0161, Nikolinu Mili\u0107evi\u0107, Marinu \u0160evo, Dragicu Petrovi\u0107, Mariju Me\u0111ugorac, Saru Marolt, Danijelu Bebi\u0107, Maju Ra\u0161i\u0107, potom Ljubu\u0161ke ma\u017eoretkinje Plesnog kluba Paganini, Plesnu poduku Mateja i Gabrijela, sve sudionice okruglog stola, sve u\u010denike, roditelje i one koje sam mo\u017eda zaboravio spomenuti.&#8221;<\/p>\n\n\n\n<p>U sklopu kulturno-zabavnog dijela programa odr\u017eani su igrokazi, recitacije, glazbene i plesne to\u010dke, dok je poseban naglasak stavljen na zajedni\u010dki rad u\u010denika i nastavnika.<\/p>\n\n\n\n<figure class=\"wp-block-image size-large\"><img loading=\"lazy\" decoding=\"async\" width=\"1024\" height=\"768\" src=\"https:\/\/radioljubuski.ba\/wp-content\/uploads\/2026\/04\/16476-1024x768.jpg\" alt=\"\" class=\"wp-image-227740\" srcset=\"https:\/\/radioljubuski.ba\/wp-content\/uploads\/2026\/04\/16476-1024x768.jpg 1024w, https:\/\/radioljubuski.ba\/wp-content\/uploads\/2026\/04\/16476-300x225.jpg 300w, https:\/\/radioljubuski.ba\/wp-content\/uploads\/2026\/04\/16476-768x576.jpg 768w, https:\/\/radioljubuski.ba\/wp-content\/uploads\/2026\/04\/16476-1536x1152.jpg 1536w, https:\/\/radioljubuski.ba\/wp-content\/uploads\/2026\/04\/16476-2048x1536.jpg 2048w, https:\/\/radioljubuski.ba\/wp-content\/uploads\/2026\/04\/16476-16x12.jpg 16w\" sizes=\"auto, (max-width: 1024px) 100vw, 1024px\" \/><\/figure>\n\n\n\n<figure class=\"wp-block-image size-large\"><img loading=\"lazy\" decoding=\"async\" width=\"1024\" height=\"768\" src=\"https:\/\/radioljubuski.ba\/wp-content\/uploads\/2026\/04\/16468-1024x768.jpg\" alt=\"\" class=\"wp-image-227741\" srcset=\"https:\/\/radioljubuski.ba\/wp-content\/uploads\/2026\/04\/16468-1024x768.jpg 1024w, https:\/\/radioljubuski.ba\/wp-content\/uploads\/2026\/04\/16468-300x225.jpg 300w, https:\/\/radioljubuski.ba\/wp-content\/uploads\/2026\/04\/16468-768x576.jpg 768w, https:\/\/radioljubuski.ba\/wp-content\/uploads\/2026\/04\/16468-1536x1152.jpg 1536w, https:\/\/radioljubuski.ba\/wp-content\/uploads\/2026\/04\/16468-2048x1536.jpg 2048w, https:\/\/radioljubuski.ba\/wp-content\/uploads\/2026\/04\/16468-16x12.jpg 16w\" sizes=\"auto, (max-width: 1024px) 100vw, 1024px\" \/><\/figure>\n\n\n\n<figure class=\"wp-block-image size-large\"><img loading=\"lazy\" decoding=\"async\" width=\"1024\" height=\"768\" src=\"https:\/\/radioljubuski.ba\/wp-content\/uploads\/2026\/04\/16481-1024x768.jpg\" alt=\"\" class=\"wp-image-227743\" srcset=\"https:\/\/radioljubuski.ba\/wp-content\/uploads\/2026\/04\/16481-1024x768.jpg 1024w, https:\/\/radioljubuski.ba\/wp-content\/uploads\/2026\/04\/16481-300x225.jpg 300w, https:\/\/radioljubuski.ba\/wp-content\/uploads\/2026\/04\/16481-768x576.jpg 768w, https:\/\/radioljubuski.ba\/wp-content\/uploads\/2026\/04\/16481-1536x1152.jpg 1536w, https:\/\/radioljubuski.ba\/wp-content\/uploads\/2026\/04\/16481-2048x1536.jpg 2048w, https:\/\/radioljubuski.ba\/wp-content\/uploads\/2026\/04\/16481-16x12.jpg 16w\" sizes=\"auto, (max-width: 1024px) 100vw, 1024px\" \/><\/figure>\n\n\n\n<p>Ravnatelj je ovom prilikom zahvalio svim djelatnicima \u0161kole, roditeljima i tehni\u010dkom osoblju na ulo\u017eenom trudu i doprinosu organizaciji proslave, sama sve\u010danost bila je prilika za uru\u010denje prigodnih zahvalnica u\u010denicima i ekipama koji su se istaknuli u \u0161kolskim aktivnostima i raznim natjecanjima predstavljaju\u0107i \u0161kolu.<\/p>\n\n\n\n<figure class=\"wp-block-image size-large\"><img loading=\"lazy\" decoding=\"async\" width=\"1024\" height=\"768\" src=\"https:\/\/radioljubuski.ba\/wp-content\/uploads\/2026\/04\/16508-1024x768.jpg\" alt=\"\" class=\"wp-image-227719\" srcset=\"https:\/\/radioljubuski.ba\/wp-content\/uploads\/2026\/04\/16508-1024x768.jpg 1024w, https:\/\/radioljubuski.ba\/wp-content\/uploads\/2026\/04\/16508-300x225.jpg 300w, https:\/\/radioljubuski.ba\/wp-content\/uploads\/2026\/04\/16508-768x576.jpg 768w, https:\/\/radioljubuski.ba\/wp-content\/uploads\/2026\/04\/16508-1536x1152.jpg 1536w, https:\/\/radioljubuski.ba\/wp-content\/uploads\/2026\/04\/16508-2048x1536.jpg 2048w, https:\/\/radioljubuski.ba\/wp-content\/uploads\/2026\/04\/16508-16x12.jpg 16w\" sizes=\"auto, (max-width: 1024px) 100vw, 1024px\" \/><\/figure>\n\n\n\n<figure class=\"wp-block-image size-large\"><img loading=\"lazy\" decoding=\"async\" width=\"1024\" height=\"768\" src=\"https:\/\/radioljubuski.ba\/wp-content\/uploads\/2026\/04\/16463-1024x768.jpg\" alt=\"\" class=\"wp-image-227717\" srcset=\"https:\/\/radioljubuski.ba\/wp-content\/uploads\/2026\/04\/16463-1024x768.jpg 1024w, https:\/\/radioljubuski.ba\/wp-content\/uploads\/2026\/04\/16463-300x225.jpg 300w, https:\/\/radioljubuski.ba\/wp-content\/uploads\/2026\/04\/16463-768x576.jpg 768w, https:\/\/radioljubuski.ba\/wp-content\/uploads\/2026\/04\/16463-1536x1152.jpg 1536w, https:\/\/radioljubuski.ba\/wp-content\/uploads\/2026\/04\/16463-2048x1536.jpg 2048w, https:\/\/radioljubuski.ba\/wp-content\/uploads\/2026\/04\/16463-16x12.jpg 16w\" sizes=\"auto, (max-width: 1024px) 100vw, 1024px\" \/><\/figure>\n\n\n\n<figure class=\"wp-block-image size-large\"><img loading=\"lazy\" decoding=\"async\" width=\"1024\" height=\"768\" src=\"https:\/\/radioljubuski.ba\/wp-content\/uploads\/2026\/04\/16521-1024x768.jpg\" alt=\"\" class=\"wp-image-227720\" srcset=\"https:\/\/radioljubuski.ba\/wp-content\/uploads\/2026\/04\/16521-1024x768.jpg 1024w, https:\/\/radioljubuski.ba\/wp-content\/uploads\/2026\/04\/16521-300x225.jpg 300w, https:\/\/radioljubuski.ba\/wp-content\/uploads\/2026\/04\/16521-768x576.jpg 768w, https:\/\/radioljubuski.ba\/wp-content\/uploads\/2026\/04\/16521-1536x1152.jpg 1536w, https:\/\/radioljubuski.ba\/wp-content\/uploads\/2026\/04\/16521-2048x1536.jpg 2048w, https:\/\/radioljubuski.ba\/wp-content\/uploads\/2026\/04\/16521-16x12.jpg 16w\" sizes=\"auto, (max-width: 1024px) 100vw, 1024px\" \/><\/figure>\n\n\n\n<figure class=\"wp-block-image size-large\"><img loading=\"lazy\" decoding=\"async\" width=\"1024\" height=\"768\" src=\"https:\/\/radioljubuski.ba\/wp-content\/uploads\/2026\/04\/16525-1024x768.jpg\" alt=\"\" class=\"wp-image-227721\" srcset=\"https:\/\/radioljubuski.ba\/wp-content\/uploads\/2026\/04\/16525-1024x768.jpg 1024w, https:\/\/radioljubuski.ba\/wp-content\/uploads\/2026\/04\/16525-300x225.jpg 300w, https:\/\/radioljubuski.ba\/wp-content\/uploads\/2026\/04\/16525-768x576.jpg 768w, https:\/\/radioljubuski.ba\/wp-content\/uploads\/2026\/04\/16525-1536x1152.jpg 1536w, https:\/\/radioljubuski.ba\/wp-content\/uploads\/2026\/04\/16525-2048x1536.jpg 2048w, https:\/\/radioljubuski.ba\/wp-content\/uploads\/2026\/04\/16525-16x12.jpg 16w\" sizes=\"auto, (max-width: 1024px) 100vw, 1024px\" \/><\/figure>\n\n\n\n<figure class=\"wp-block-image size-large\"><img loading=\"lazy\" decoding=\"async\" width=\"1024\" height=\"768\" src=\"https:\/\/radioljubuski.ba\/wp-content\/uploads\/2026\/04\/16545-1024x768.jpg\" alt=\"\" class=\"wp-image-227722\" srcset=\"https:\/\/radioljubuski.ba\/wp-content\/uploads\/2026\/04\/16545-1024x768.jpg 1024w, https:\/\/radioljubuski.ba\/wp-content\/uploads\/2026\/04\/16545-300x225.jpg 300w, https:\/\/radioljubuski.ba\/wp-content\/uploads\/2026\/04\/16545-768x576.jpg 768w, https:\/\/radioljubuski.ba\/wp-content\/uploads\/2026\/04\/16545-1536x1152.jpg 1536w, https:\/\/radioljubuski.ba\/wp-content\/uploads\/2026\/04\/16545-2048x1536.jpg 2048w, https:\/\/radioljubuski.ba\/wp-content\/uploads\/2026\/04\/16545-16x12.jpg 16w\" sizes=\"auto, (max-width: 1024px) 100vw, 1024px\" \/><\/figure>\n\n\n\n<figure class=\"wp-block-image size-large\"><img loading=\"lazy\" decoding=\"async\" width=\"1024\" height=\"768\" src=\"https:\/\/radioljubuski.ba\/wp-content\/uploads\/2026\/04\/16546-1024x768.jpg\" alt=\"\" class=\"wp-image-227723\" srcset=\"https:\/\/radioljubuski.ba\/wp-content\/uploads\/2026\/04\/16546-1024x768.jpg 1024w, https:\/\/radioljubuski.ba\/wp-content\/uploads\/2026\/04\/16546-300x225.jpg 300w, https:\/\/radioljubuski.ba\/wp-content\/uploads\/2026\/04\/16546-768x576.jpg 768w, https:\/\/radioljubuski.ba\/wp-content\/uploads\/2026\/04\/16546-1536x1152.jpg 1536w, https:\/\/radioljubuski.ba\/wp-content\/uploads\/2026\/04\/16546-2048x1536.jpg 2048w, https:\/\/radioljubuski.ba\/wp-content\/uploads\/2026\/04\/16546-16x12.jpg 16w\" sizes=\"auto, (max-width: 1024px) 100vw, 1024px\" \/><\/figure>\n\n\n\n<figure class=\"wp-block-image size-large\"><img loading=\"lazy\" decoding=\"async\" width=\"1024\" height=\"768\" src=\"https:\/\/radioljubuski.ba\/wp-content\/uploads\/2026\/04\/16470-1024x768.jpg\" alt=\"\" class=\"wp-image-227724\" srcset=\"https:\/\/radioljubuski.ba\/wp-content\/uploads\/2026\/04\/16470-1024x768.jpg 1024w, https:\/\/radioljubuski.ba\/wp-content\/uploads\/2026\/04\/16470-300x225.jpg 300w, https:\/\/radioljubuski.ba\/wp-content\/uploads\/2026\/04\/16470-768x576.jpg 768w, https:\/\/radioljubuski.ba\/wp-content\/uploads\/2026\/04\/16470-1536x1152.jpg 1536w, https:\/\/radioljubuski.ba\/wp-content\/uploads\/2026\/04\/16470-2048x1536.jpg 2048w, https:\/\/radioljubuski.ba\/wp-content\/uploads\/2026\/04\/16470-16x12.jpg 16w\" sizes=\"auto, (max-width: 1024px) 100vw, 1024px\" \/><\/figure>\n\n\n\n<figure class=\"wp-block-image size-large\"><img loading=\"lazy\" decoding=\"async\" width=\"1024\" height=\"768\" src=\"https:\/\/radioljubuski.ba\/wp-content\/uploads\/2026\/04\/16555-1024x768.jpg\" alt=\"\" class=\"wp-image-227725\" srcset=\"https:\/\/radioljubuski.ba\/wp-content\/uploads\/2026\/04\/16555-1024x768.jpg 1024w, https:\/\/radioljubuski.ba\/wp-content\/uploads\/2026\/04\/16555-300x225.jpg 300w, https:\/\/radioljubuski.ba\/wp-content\/uploads\/2026\/04\/16555-768x576.jpg 768w, https:\/\/radioljubuski.ba\/wp-content\/uploads\/2026\/04\/16555-1536x1152.jpg 1536w, https:\/\/radioljubuski.ba\/wp-content\/uploads\/2026\/04\/16555-2048x1536.jpg 2048w, https:\/\/radioljubuski.ba\/wp-content\/uploads\/2026\/04\/16555-16x12.jpg 16w\" sizes=\"auto, (max-width: 1024px) 100vw, 1024px\" \/><\/figure>\n\n\n\n<figure class=\"wp-block-image size-large\"><img loading=\"lazy\" decoding=\"async\" width=\"1024\" height=\"768\" src=\"https:\/\/radioljubuski.ba\/wp-content\/uploads\/2026\/04\/16557-1024x768.jpg\" alt=\"\" class=\"wp-image-227727\" srcset=\"https:\/\/radioljubuski.ba\/wp-content\/uploads\/2026\/04\/16557-1024x768.jpg 1024w, https:\/\/radioljubuski.ba\/wp-content\/uploads\/2026\/04\/16557-300x225.jpg 300w, https:\/\/radioljubuski.ba\/wp-content\/uploads\/2026\/04\/16557-768x576.jpg 768w, https:\/\/radioljubuski.ba\/wp-content\/uploads\/2026\/04\/16557-1536x1152.jpg 1536w, https:\/\/radioljubuski.ba\/wp-content\/uploads\/2026\/04\/16557-2048x1536.jpg 2048w, https:\/\/radioljubuski.ba\/wp-content\/uploads\/2026\/04\/16557-16x12.jpg 16w\" sizes=\"auto, (max-width: 1024px) 100vw, 1024px\" \/><\/figure>\n\n\n\n<figure class=\"wp-block-image size-large\"><img loading=\"lazy\" decoding=\"async\" width=\"1024\" height=\"768\" src=\"https:\/\/radioljubuski.ba\/wp-content\/uploads\/2026\/04\/16556-1024x768.jpg\" alt=\"\" class=\"wp-image-227728\" srcset=\"https:\/\/radioljubuski.ba\/wp-content\/uploads\/2026\/04\/16556-1024x768.jpg 1024w, https:\/\/radioljubuski.ba\/wp-content\/uploads\/2026\/04\/16556-300x225.jpg 300w, https:\/\/radioljubuski.ba\/wp-content\/uploads\/2026\/04\/16556-768x576.jpg 768w, https:\/\/radioljubuski.ba\/wp-content\/uploads\/2026\/04\/16556-1536x1152.jpg 1536w, https:\/\/radioljubuski.ba\/wp-content\/uploads\/2026\/04\/16556-2048x1536.jpg 2048w, https:\/\/radioljubuski.ba\/wp-content\/uploads\/2026\/04\/16556-16x12.jpg 16w\" sizes=\"auto, (max-width: 1024px) 100vw, 1024px\" \/><\/figure>\n\n\n\n<figure class=\"wp-block-image size-large\"><img loading=\"lazy\" decoding=\"async\" width=\"1024\" height=\"768\" src=\"https:\/\/radioljubuski.ba\/wp-content\/uploads\/2026\/04\/16542-1024x768.jpg\" alt=\"\" class=\"wp-image-227729\" srcset=\"https:\/\/radioljubuski.ba\/wp-content\/uploads\/2026\/04\/16542-1024x768.jpg 1024w, https:\/\/radioljubuski.ba\/wp-content\/uploads\/2026\/04\/16542-300x225.jpg 300w, https:\/\/radioljubuski.ba\/wp-content\/uploads\/2026\/04\/16542-768x576.jpg 768w, https:\/\/radioljubuski.ba\/wp-content\/uploads\/2026\/04\/16542-1536x1152.jpg 1536w, https:\/\/radioljubuski.ba\/wp-content\/uploads\/2026\/04\/16542-2048x1536.jpg 2048w, https:\/\/radioljubuski.ba\/wp-content\/uploads\/2026\/04\/16542-16x12.jpg 16w\" sizes=\"auto, (max-width: 1024px) 100vw, 1024px\" \/><\/figure>\n\n\n\n<figure class=\"wp-block-image size-large\"><img loading=\"lazy\" decoding=\"async\" width=\"1024\" height=\"768\" src=\"https:\/\/radioljubuski.ba\/wp-content\/uploads\/2026\/04\/16533-1024x768.jpg\" alt=\"\" class=\"wp-image-227730\" srcset=\"https:\/\/radioljubuski.ba\/wp-content\/uploads\/2026\/04\/16533-1024x768.jpg 1024w, https:\/\/radioljubuski.ba\/wp-content\/uploads\/2026\/04\/16533-300x225.jpg 300w, https:\/\/radioljubuski.ba\/wp-content\/uploads\/2026\/04\/16533-768x576.jpg 768w, https:\/\/radioljubuski.ba\/wp-content\/uploads\/2026\/04\/16533-1536x1152.jpg 1536w, https:\/\/radioljubuski.ba\/wp-content\/uploads\/2026\/04\/16533-2048x1536.jpg 2048w, https:\/\/radioljubuski.ba\/wp-content\/uploads\/2026\/04\/16533-16x12.jpg 16w\" sizes=\"auto, (max-width: 1024px) 100vw, 1024px\" \/><\/figure>\n\n\n\n<figure class=\"wp-block-image size-large\"><img loading=\"lazy\" decoding=\"async\" width=\"1024\" height=\"768\" src=\"https:\/\/radioljubuski.ba\/wp-content\/uploads\/2026\/04\/16485-1024x768.jpg\" alt=\"\" class=\"wp-image-227733\" srcset=\"https:\/\/radioljubuski.ba\/wp-content\/uploads\/2026\/04\/16485-1024x768.jpg 1024w, https:\/\/radioljubuski.ba\/wp-content\/uploads\/2026\/04\/16485-300x225.jpg 300w, https:\/\/radioljubuski.ba\/wp-content\/uploads\/2026\/04\/16485-768x576.jpg 768w, https:\/\/radioljubuski.ba\/wp-content\/uploads\/2026\/04\/16485-1536x1152.jpg 1536w, https:\/\/radioljubuski.ba\/wp-content\/uploads\/2026\/04\/16485-2048x1536.jpg 2048w, https:\/\/radioljubuski.ba\/wp-content\/uploads\/2026\/04\/16485-16x12.jpg 16w\" sizes=\"auto, (max-width: 1024px) 100vw, 1024px\" \/><\/figure>\n\n\n\n<figure class=\"wp-block-image size-large\"><img loading=\"lazy\" decoding=\"async\" width=\"1024\" height=\"768\" src=\"https:\/\/radioljubuski.ba\/wp-content\/uploads\/2026\/04\/16475-1024x768.jpg\" alt=\"\" class=\"wp-image-227734\" srcset=\"https:\/\/radioljubuski.ba\/wp-content\/uploads\/2026\/04\/16475-1024x768.jpg 1024w, https:\/\/radioljubuski.ba\/wp-content\/uploads\/2026\/04\/16475-300x225.jpg 300w, https:\/\/radioljubuski.ba\/wp-content\/uploads\/2026\/04\/16475-768x576.jpg 768w, https:\/\/radioljubuski.ba\/wp-content\/uploads\/2026\/04\/16475-1536x1152.jpg 1536w, https:\/\/radioljubuski.ba\/wp-content\/uploads\/2026\/04\/16475-2048x1536.jpg 2048w, https:\/\/radioljubuski.ba\/wp-content\/uploads\/2026\/04\/16475-16x12.jpg 16w\" sizes=\"auto, (max-width: 1024px) 100vw, 1024px\" \/><\/figure>\n\n\n\n<figure class=\"wp-block-image size-large\"><img loading=\"lazy\" decoding=\"async\" width=\"1024\" height=\"768\" src=\"https:\/\/radioljubuski.ba\/wp-content\/uploads\/2026\/04\/16520-1024x768.jpg\" alt=\"\" class=\"wp-image-227735\" srcset=\"https:\/\/radioljubuski.ba\/wp-content\/uploads\/2026\/04\/16520-1024x768.jpg 1024w, https:\/\/radioljubuski.ba\/wp-content\/uploads\/2026\/04\/16520-300x225.jpg 300w, https:\/\/radioljubuski.ba\/wp-content\/uploads\/2026\/04\/16520-768x576.jpg 768w, https:\/\/radioljubuski.ba\/wp-content\/uploads\/2026\/04\/16520-1536x1152.jpg 1536w, https:\/\/radioljubuski.ba\/wp-content\/uploads\/2026\/04\/16520-2048x1536.jpg 2048w, https:\/\/radioljubuski.ba\/wp-content\/uploads\/2026\/04\/16520-16x12.jpg 16w\" sizes=\"auto, (max-width: 1024px) 100vw, 1024px\" \/><\/figure>\n\n\n\n<figure class=\"wp-block-image size-large\"><img loading=\"lazy\" decoding=\"async\" width=\"1024\" height=\"768\" src=\"https:\/\/radioljubuski.ba\/wp-content\/uploads\/2026\/04\/16483-1024x768.jpg\" alt=\"\" class=\"wp-image-227736\" srcset=\"https:\/\/radioljubuski.ba\/wp-content\/uploads\/2026\/04\/16483-1024x768.jpg 1024w, https:\/\/radioljubuski.ba\/wp-content\/uploads\/2026\/04\/16483-300x225.jpg 300w, https:\/\/radioljubuski.ba\/wp-content\/uploads\/2026\/04\/16483-768x576.jpg 768w, https:\/\/radioljubuski.ba\/wp-content\/uploads\/2026\/04\/16483-1536x1152.jpg 1536w, https:\/\/radioljubuski.ba\/wp-content\/uploads\/2026\/04\/16483-2048x1536.jpg 2048w, https:\/\/radioljubuski.ba\/wp-content\/uploads\/2026\/04\/16483-16x12.jpg 16w\" sizes=\"auto, (max-width: 1024px) 100vw, 1024px\" \/><\/figure>\n\n\n\n<p>Programom obilje\u017eavanja bio je predvi\u0111en sportski sadr\u017eaj; memorijal u spomen prerano preminulom djelatniku \u0161kole Zdravku Selaku koji uklju\u010duje tradicionalne utakmice izme\u0111u u\u010denika i nastavnika u nogometu i odbojci a on \u0107e zbog ki\u0161e koja je po\u010dela padati biti odr\u017ean u drugom terminu.<\/p>\n\n\n\n<figure class=\"wp-block-image size-large\"><img loading=\"lazy\" decoding=\"async\" width=\"1024\" height=\"768\" src=\"https:\/\/radioljubuski.ba\/wp-content\/uploads\/2026\/04\/16514-1024x768.jpg\" alt=\"\" class=\"wp-image-227737\" srcset=\"https:\/\/radioljubuski.ba\/wp-content\/uploads\/2026\/04\/16514-1024x768.jpg 1024w, https:\/\/radioljubuski.ba\/wp-content\/uploads\/2026\/04\/16514-300x225.jpg 300w, https:\/\/radioljubuski.ba\/wp-content\/uploads\/2026\/04\/16514-768x576.jpg 768w, https:\/\/radioljubuski.ba\/wp-content\/uploads\/2026\/04\/16514-1536x1152.jpg 1536w, https:\/\/radioljubuski.ba\/wp-content\/uploads\/2026\/04\/16514-2048x1536.jpg 2048w, https:\/\/radioljubuski.ba\/wp-content\/uploads\/2026\/04\/16514-16x12.jpg 16w\" sizes=\"auto, (max-width: 1024px) 100vw, 1024px\" \/><\/figure>\n\n\n\n<figure class=\"wp-block-image size-large\"><img loading=\"lazy\" decoding=\"async\" width=\"1024\" height=\"768\" src=\"https:\/\/radioljubuski.ba\/wp-content\/uploads\/2026\/04\/16519-1024x768.jpg\" alt=\"\" class=\"wp-image-227738\" srcset=\"https:\/\/radioljubuski.ba\/wp-content\/uploads\/2026\/04\/16519-1024x768.jpg 1024w, https:\/\/radioljubuski.ba\/wp-content\/uploads\/2026\/04\/16519-300x225.jpg 300w, https:\/\/radioljubuski.ba\/wp-content\/uploads\/2026\/04\/16519-768x576.jpg 768w, https:\/\/radioljubuski.ba\/wp-content\/uploads\/2026\/04\/16519-1536x1152.jpg 1536w, https:\/\/radioljubuski.ba\/wp-content\/uploads\/2026\/04\/16519-2048x1536.jpg 2048w, https:\/\/radioljubuski.ba\/wp-content\/uploads\/2026\/04\/16519-16x12.jpg 16w\" sizes=\"auto, (max-width: 1024px) 100vw, 1024px\" \/><\/figure>\n\n\n\n<p>Posebnost ovogodi\u0161njeg programa bio je i okrugli stol na temu inkluzije &#8220;Rastimo zajedno&#8221;, kroz koji je predstavljena pri\u010da u\u010denice zavr\u0161nog razreda \u0161kole Leone s Down sindromom, kao primjer uspje\u0161ne integracije i otvorenosti \u0161kole prema svakom djetetu. <\/p>\n\n\n\n<figure class=\"wp-block-image size-large\"><img loading=\"lazy\" decoding=\"async\" width=\"1024\" height=\"768\" src=\"https:\/\/radioljubuski.ba\/wp-content\/uploads\/2026\/04\/16471-1024x768.jpg\" alt=\"\" class=\"wp-image-227739\" srcset=\"https:\/\/radioljubuski.ba\/wp-content\/uploads\/2026\/04\/16471-1024x768.jpg 1024w, https:\/\/radioljubuski.ba\/wp-content\/uploads\/2026\/04\/16471-300x225.jpg 300w, https:\/\/radioljubuski.ba\/wp-content\/uploads\/2026\/04\/16471-768x576.jpg 768w, https:\/\/radioljubuski.ba\/wp-content\/uploads\/2026\/04\/16471-1536x1152.jpg 1536w, https:\/\/radioljubuski.ba\/wp-content\/uploads\/2026\/04\/16471-2048x1536.jpg 2048w, https:\/\/radioljubuski.ba\/wp-content\/uploads\/2026\/04\/16471-16x12.jpg 16w\" sizes=\"auto, (max-width: 1024px) 100vw, 1024px\" \/><\/figure>\n\n\n\n<p>Osnovnu \u0161kolu Marka Maruli\u0107a trenutno poha\u0111a oko 930 u\u010denika, uklju\u010duju\u0107i i podru\u010dne \u0161kole, dok je za upis u prvi razred prijavljeno 105 prva\u0161i\u0107a. Ipak, istaknuti su i izazovi s kojima se suo\u010davaju podru\u010dne \u0161kole zbog manjeg broja u\u010denika, dok je mati\u010dna \u0161kola u gradu suo\u010dena s nedostatkom prostora.<\/p>\n\n\n\n<p>Govore\u0107i o budu\u0107im planovima, Mati\u0107 je naglasio kako \u0161kola kontinuirano radi na pobolj\u0161anju uvjeta, istaknuv\u0161i nedavnu obnovu \u0161kolske sportske dvorane te planiranu energetsku obnovu objekta koja uklju\u010duje zamjenu stolarije i ure\u0111enje fasade.<\/p>\n\n\n\n<p>Obilje\u017eavanje 77. obljetnice potvr\u0111uje va\u017enu ulogu koju Osnovna \u0161kola Marka Maruli\u0107a ima u obrazovnom i dru\u0161tvenom \u017eivotu Ljubu\u0161kog, kao i predanost svih uklju\u010denih u stvaranje kvalitetnog i poticajnog okru\u017eenja za u\u010denike.<\/p>\n\n\n\n<p>Radio Ljubu\u0161ki<\/p>\n","protected":false},"excerpt":{"rendered":"<p>Osnovna \u0161kola Marka Maruli\u0107a u Ljubu\u0161kom danas obilje\u017eava 77. obljetnicu svoga rada i djelovanja. Tim povodom u programu Radio postaje Ljubu\u0161ki gostovao je ravnatelj \u0161kole Tomislav Mati\u0107, koji je istaknuo kako je za ovu prigodu pripremljen bogat i sadr\u017eajan program u kojem sudjeluju u\u010denici svih uzrasta. \u201eObilje\u017eavamo 77. ro\u0111endan na\u0161e \u0161kole i mogu re\u0107i da [&hellip;]<\/p>\n","protected":false},"author":2,"featured_media":227713,"comment_status":"closed","ping_status":"closed","sticky":false,"template":"","format":"standard","meta":{"h5ap_radio_sources":[],"footnotes":""},"categories":[1,3,28],"tags":[],"class_list":["post-227707","post","type-post","status-publish","format-standard","has-post-thumbnail","hentry","category-bihiregija","category-ljubuski","category-novosti"],"yoast_head":"<!-- This site is optimized with the Yoast SEO plugin v27.5 - https:\/\/yoast.com\/product\/yoast-seo-wordpress\/ -->\n<title>Ljubu\u0161ki: 77. obljetnica Osnovne \u0161kole Marka Maruli\u0107a - RADIO LJUBU\u0160KI<\/title>\n<meta name=\"robots\" content=\"index, follow, max-snippet:-1, max-image-preview:large, max-video-preview:-1\" \/>\n<link rel=\"canonical\" href=\"https:\/\/radioljubuski.ba\/index.php\/2026\/04\/30\/ljubuski-77-obljetnica-osnovne-skole-marka-marulica\/\" \/>\n<meta property=\"og:locale\" content=\"hr_HR\" \/>\n<meta property=\"og:type\" content=\"article\" \/>\n<meta property=\"og:title\" content=\"Ljubu\u0161ki: 77. obljetnica Osnovne \u0161kole Marka Maruli\u0107a - RADIO LJUBU\u0160KI\" \/>\n<meta property=\"og:description\" content=\"Osnovna \u0161kola Marka Maruli\u0107a u Ljubu\u0161kom danas obilje\u017eava 77. obljetnicu svoga rada i djelovanja. Tim povodom u programu Radio postaje Ljubu\u0161ki gostovao je ravnatelj \u0161kole Tomislav Mati\u0107, koji je istaknuo kako je za ovu prigodu pripremljen bogat i sadr\u017eajan program u kojem sudjeluju u\u010denici svih uzrasta. \u201eObilje\u017eavamo 77. ro\u0111endan na\u0161e \u0161kole i mogu re\u0107i da [&hellip;]\" \/>\n<meta property=\"og:url\" content=\"https:\/\/radioljubuski.ba\/index.php\/2026\/04\/30\/ljubuski-77-obljetnica-osnovne-skole-marka-marulica\/\" \/>\n<meta property=\"og:site_name\" content=\"RADIO LJUBU\u0160KI\" \/>\n<meta property=\"article:publisher\" content=\"https:\/\/www.facebook.com\/Radiio-Ljubuski-1490835324566332\" \/>\n<meta property=\"article:published_time\" content=\"2026-04-30T10:22:52+00:00\" \/>\n<meta property=\"article:modified_time\" content=\"2026-04-30T10:37:59+00:00\" \/>\n<meta property=\"og:image\" content=\"https:\/\/radioljubuski.ba\/wp-content\/uploads\/2026\/04\/IMG_20260430_074950-scaled.jpg\" \/>\n\t<meta property=\"og:image:width\" content=\"2560\" \/>\n\t<meta property=\"og:image:height\" content=\"1920\" \/>\n\t<meta property=\"og:image:type\" content=\"image\/jpeg\" \/>\n<meta name=\"author\" content=\"Radio Ljubu\u0161ki\" \/>\n<meta name=\"twitter:card\" content=\"summary_large_image\" \/>\n<meta name=\"twitter:creator\" content=\"@radioljubuski\" \/>\n<meta name=\"twitter:site\" content=\"@radioljubuski\" \/>\n<meta name=\"twitter:label1\" content=\"Napisao\/la\" \/>\n\t<meta name=\"twitter:data1\" content=\"Radio Ljubu\u0161ki\" \/>\n\t<meta name=\"twitter:label2\" content=\"Procijenjeno vrijeme \u010ditanja\" \/>\n\t<meta name=\"twitter:data2\" content=\"8 minuta\" \/>\n<script type=\"application\/ld+json\" class=\"yoast-schema-graph\">{\"@context\":\"https:\\\/\\\/schema.org\",\"@graph\":[{\"@type\":\"Article\",\"@id\":\"https:\\\/\\\/radioljubuski.ba\\\/index.php\\\/2026\\\/04\\\/30\\\/ljubuski-77-obljetnica-osnovne-skole-marka-marulica\\\/#article\",\"isPartOf\":{\"@id\":\"https:\\\/\\\/radioljubuski.ba\\\/index.php\\\/2026\\\/04\\\/30\\\/ljubuski-77-obljetnica-osnovne-skole-marka-marulica\\\/\"},\"author\":{\"name\":\"Radio Ljubu\u0161ki\",\"@id\":\"https:\\\/\\\/radioljubuski.ba\\\/#\\\/schema\\\/person\\\/19fc700381a780f69665d7956c469e3b\"},\"headline\":\"Ljubu\u0161ki: 77. obljetnica Osnovne \u0161kole Marka Maruli\u0107a\",\"datePublished\":\"2026-04-30T10:22:52+00:00\",\"dateModified\":\"2026-04-30T10:37:59+00:00\",\"mainEntityOfPage\":{\"@id\":\"https:\\\/\\\/radioljubuski.ba\\\/index.php\\\/2026\\\/04\\\/30\\\/ljubuski-77-obljetnica-osnovne-skole-marka-marulica\\\/\"},\"wordCount\":488,\"publisher\":{\"@id\":\"https:\\\/\\\/radioljubuski.ba\\\/#organization\"},\"image\":{\"@id\":\"https:\\\/\\\/radioljubuski.ba\\\/index.php\\\/2026\\\/04\\\/30\\\/ljubuski-77-obljetnica-osnovne-skole-marka-marulica\\\/#primaryimage\"},\"thumbnailUrl\":\"https:\\\/\\\/radioljubuski.ba\\\/wp-content\\\/uploads\\\/2026\\\/04\\\/IMG_20260430_074950-scaled.jpg\",\"articleSection\":[\"BIH i regija\",\"Ljubu\u0161ki\",\"Novosti\"],\"inLanguage\":\"hr\"},{\"@type\":\"WebPage\",\"@id\":\"https:\\\/\\\/radioljubuski.ba\\\/index.php\\\/2026\\\/04\\\/30\\\/ljubuski-77-obljetnica-osnovne-skole-marka-marulica\\\/\",\"url\":\"https:\\\/\\\/radioljubuski.ba\\\/index.php\\\/2026\\\/04\\\/30\\\/ljubuski-77-obljetnica-osnovne-skole-marka-marulica\\\/\",\"name\":\"Ljubu\u0161ki: 77. obljetnica Osnovne \u0161kole Marka Maruli\u0107a - RADIO LJUBU\u0160KI\",\"isPartOf\":{\"@id\":\"https:\\\/\\\/radioljubuski.ba\\\/#website\"},\"primaryImageOfPage\":{\"@id\":\"https:\\\/\\\/radioljubuski.ba\\\/index.php\\\/2026\\\/04\\\/30\\\/ljubuski-77-obljetnica-osnovne-skole-marka-marulica\\\/#primaryimage\"},\"image\":{\"@id\":\"https:\\\/\\\/radioljubuski.ba\\\/index.php\\\/2026\\\/04\\\/30\\\/ljubuski-77-obljetnica-osnovne-skole-marka-marulica\\\/#primaryimage\"},\"thumbnailUrl\":\"https:\\\/\\\/radioljubuski.ba\\\/wp-content\\\/uploads\\\/2026\\\/04\\\/IMG_20260430_074950-scaled.jpg\",\"datePublished\":\"2026-04-30T10:22:52+00:00\",\"dateModified\":\"2026-04-30T10:37:59+00:00\",\"breadcrumb\":{\"@id\":\"https:\\\/\\\/radioljubuski.ba\\\/index.php\\\/2026\\\/04\\\/30\\\/ljubuski-77-obljetnica-osnovne-skole-marka-marulica\\\/#breadcrumb\"},\"inLanguage\":\"hr\",\"potentialAction\":[{\"@type\":\"ReadAction\",\"target\":[\"https:\\\/\\\/radioljubuski.ba\\\/index.php\\\/2026\\\/04\\\/30\\\/ljubuski-77-obljetnica-osnovne-skole-marka-marulica\\\/\"]}]},{\"@type\":\"ImageObject\",\"inLanguage\":\"hr\",\"@id\":\"https:\\\/\\\/radioljubuski.ba\\\/index.php\\\/2026\\\/04\\\/30\\\/ljubuski-77-obljetnica-osnovne-skole-marka-marulica\\\/#primaryimage\",\"url\":\"https:\\\/\\\/radioljubuski.ba\\\/wp-content\\\/uploads\\\/2026\\\/04\\\/IMG_20260430_074950-scaled.jpg\",\"contentUrl\":\"https:\\\/\\\/radioljubuski.ba\\\/wp-content\\\/uploads\\\/2026\\\/04\\\/IMG_20260430_074950-scaled.jpg\",\"width\":2560,\"height\":1920},{\"@type\":\"BreadcrumbList\",\"@id\":\"https:\\\/\\\/radioljubuski.ba\\\/index.php\\\/2026\\\/04\\\/30\\\/ljubuski-77-obljetnica-osnovne-skole-marka-marulica\\\/#breadcrumb\",\"itemListElement\":[{\"@type\":\"ListItem\",\"position\":1,\"name\":\"Po\u010detna stranica\",\"item\":\"https:\\\/\\\/radioljubuski.ba\\\/\"},{\"@type\":\"ListItem\",\"position\":2,\"name\":\"Ljubu\u0161ki: 77. obljetnica Osnovne \u0161kole Marka Maruli\u0107a\"}]},{\"@type\":\"WebSite\",\"@id\":\"https:\\\/\\\/radioljubuski.ba\\\/#website\",\"url\":\"https:\\\/\\\/radioljubuski.ba\\\/\",\"name\":\"Radio Ljubu\u0161ki\",\"description\":\"Sun\u010dana frekvencija Hercegovine\",\"publisher\":{\"@id\":\"https:\\\/\\\/radioljubuski.ba\\\/#organization\"},\"potentialAction\":[{\"@type\":\"SearchAction\",\"target\":{\"@type\":\"EntryPoint\",\"urlTemplate\":\"https:\\\/\\\/radioljubuski.ba\\\/?s={search_term_string}\"},\"query-input\":{\"@type\":\"PropertyValueSpecification\",\"valueRequired\":true,\"valueName\":\"search_term_string\"}}],\"inLanguage\":\"hr\"},{\"@type\":\"Organization\",\"@id\":\"https:\\\/\\\/radioljubuski.ba\\\/#organization\",\"name\":\"Radio Ljubu\u0161ki\",\"url\":\"https:\\\/\\\/radioljubuski.ba\\\/\",\"logo\":{\"@type\":\"ImageObject\",\"inLanguage\":\"hr\",\"@id\":\"https:\\\/\\\/radioljubuski.ba\\\/#\\\/schema\\\/logo\\\/image\\\/\",\"url\":\"https:\\\/\\\/radioljubuski.ba\\\/wp-content\\\/uploads\\\/2021\\\/02\\\/cropped-Radio_Ljubuski_logo1.jpg\",\"contentUrl\":\"https:\\\/\\\/radioljubuski.ba\\\/wp-content\\\/uploads\\\/2021\\\/02\\\/cropped-Radio_Ljubuski_logo1.jpg\",\"width\":512,\"height\":512,\"caption\":\"Radio Ljubu\u0161ki\"},\"image\":{\"@id\":\"https:\\\/\\\/radioljubuski.ba\\\/#\\\/schema\\\/logo\\\/image\\\/\"},\"sameAs\":[\"https:\\\/\\\/www.facebook.com\\\/Radiio-Ljubuski-1490835324566332\",\"https:\\\/\\\/x.com\\\/radioljubuski\",\"https:\\\/\\\/hr.linkedin.com\\\/company\\\/radio-ljubuski\",\"https:\\\/\\\/www.youtube.com\\\/channel\\\/UCHYaeO_n0Db3tjNGudGpXyw\"]},{\"@type\":\"Person\",\"@id\":\"https:\\\/\\\/radioljubuski.ba\\\/#\\\/schema\\\/person\\\/19fc700381a780f69665d7956c469e3b\",\"name\":\"Radio Ljubu\u0161ki\"}]}<\/script>\n<!-- \/ Yoast SEO plugin. -->","yoast_head_json":{"title":"Ljubu\u0161ki: 77. obljetnica Osnovne \u0161kole Marka Maruli\u0107a - RADIO LJUBU\u0160KI","robots":{"index":"index","follow":"follow","max-snippet":"max-snippet:-1","max-image-preview":"max-image-preview:large","max-video-preview":"max-video-preview:-1"},"canonical":"https:\/\/radioljubuski.ba\/index.php\/2026\/04\/30\/ljubuski-77-obljetnica-osnovne-skole-marka-marulica\/","og_locale":"hr_HR","og_type":"article","og_title":"Ljubu\u0161ki: 77. obljetnica Osnovne \u0161kole Marka Maruli\u0107a - RADIO LJUBU\u0160KI","og_description":"Osnovna \u0161kola Marka Maruli\u0107a u Ljubu\u0161kom danas obilje\u017eava 77. obljetnicu svoga rada i djelovanja. Tim povodom u programu Radio postaje Ljubu\u0161ki gostovao je ravnatelj \u0161kole Tomislav Mati\u0107, koji je istaknuo kako je za ovu prigodu pripremljen bogat i sadr\u017eajan program u kojem sudjeluju u\u010denici svih uzrasta. \u201eObilje\u017eavamo 77. ro\u0111endan na\u0161e \u0161kole i mogu re\u0107i da [&hellip;]","og_url":"https:\/\/radioljubuski.ba\/index.php\/2026\/04\/30\/ljubuski-77-obljetnica-osnovne-skole-marka-marulica\/","og_site_name":"RADIO LJUBU\u0160KI","article_publisher":"https:\/\/www.facebook.com\/Radiio-Ljubuski-1490835324566332","article_published_time":"2026-04-30T10:22:52+00:00","article_modified_time":"2026-04-30T10:37:59+00:00","og_image":[{"width":2560,"height":1920,"url":"https:\/\/radioljubuski.ba\/wp-content\/uploads\/2026\/04\/IMG_20260430_074950-scaled.jpg","type":"image\/jpeg"}],"author":"Radio Ljubu\u0161ki","twitter_card":"summary_large_image","twitter_creator":"@radioljubuski","twitter_site":"@radioljubuski","twitter_misc":{"Napisao\/la":"Radio Ljubu\u0161ki","Procijenjeno vrijeme \u010ditanja":"8 minuta"},"schema":{"@context":"https:\/\/schema.org","@graph":[{"@type":"Article","@id":"https:\/\/radioljubuski.ba\/index.php\/2026\/04\/30\/ljubuski-77-obljetnica-osnovne-skole-marka-marulica\/#article","isPartOf":{"@id":"https:\/\/radioljubuski.ba\/index.php\/2026\/04\/30\/ljubuski-77-obljetnica-osnovne-skole-marka-marulica\/"},"author":{"name":"Radio Ljubu\u0161ki","@id":"https:\/\/radioljubuski.ba\/#\/schema\/person\/19fc700381a780f69665d7956c469e3b"},"headline":"Ljubu\u0161ki: 77. obljetnica Osnovne \u0161kole Marka Maruli\u0107a","datePublished":"2026-04-30T10:22:52+00:00","dateModified":"2026-04-30T10:37:59+00:00","mainEntityOfPage":{"@id":"https:\/\/radioljubuski.ba\/index.php\/2026\/04\/30\/ljubuski-77-obljetnica-osnovne-skole-marka-marulica\/"},"wordCount":488,"publisher":{"@id":"https:\/\/radioljubuski.ba\/#organization"},"image":{"@id":"https:\/\/radioljubuski.ba\/index.php\/2026\/04\/30\/ljubuski-77-obljetnica-osnovne-skole-marka-marulica\/#primaryimage"},"thumbnailUrl":"https:\/\/radioljubuski.ba\/wp-content\/uploads\/2026\/04\/IMG_20260430_074950-scaled.jpg","articleSection":["BIH i regija","Ljubu\u0161ki","Novosti"],"inLanguage":"hr"},{"@type":"WebPage","@id":"https:\/\/radioljubuski.ba\/index.php\/2026\/04\/30\/ljubuski-77-obljetnica-osnovne-skole-marka-marulica\/","url":"https:\/\/radioljubuski.ba\/index.php\/2026\/04\/30\/ljubuski-77-obljetnica-osnovne-skole-marka-marulica\/","name":"Ljubu\u0161ki: 77. obljetnica Osnovne \u0161kole Marka Maruli\u0107a - RADIO LJUBU\u0160KI","isPartOf":{"@id":"https:\/\/radioljubuski.ba\/#website"},"primaryImageOfPage":{"@id":"https:\/\/radioljubuski.ba\/index.php\/2026\/04\/30\/ljubuski-77-obljetnica-osnovne-skole-marka-marulica\/#primaryimage"},"image":{"@id":"https:\/\/radioljubuski.ba\/index.php\/2026\/04\/30\/ljubuski-77-obljetnica-osnovne-skole-marka-marulica\/#primaryimage"},"thumbnailUrl":"https:\/\/radioljubuski.ba\/wp-content\/uploads\/2026\/04\/IMG_20260430_074950-scaled.jpg","datePublished":"2026-04-30T10:22:52+00:00","dateModified":"2026-04-30T10:37:59+00:00","breadcrumb":{"@id":"https:\/\/radioljubuski.ba\/index.php\/2026\/04\/30\/ljubuski-77-obljetnica-osnovne-skole-marka-marulica\/#breadcrumb"},"inLanguage":"hr","potentialAction":[{"@type":"ReadAction","target":["https:\/\/radioljubuski.ba\/index.php\/2026\/04\/30\/ljubuski-77-obljetnica-osnovne-skole-marka-marulica\/"]}]},{"@type":"ImageObject","inLanguage":"hr","@id":"https:\/\/radioljubuski.ba\/index.php\/2026\/04\/30\/ljubuski-77-obljetnica-osnovne-skole-marka-marulica\/#primaryimage","url":"https:\/\/radioljubuski.ba\/wp-content\/uploads\/2026\/04\/IMG_20260430_074950-scaled.jpg","contentUrl":"https:\/\/radioljubuski.ba\/wp-content\/uploads\/2026\/04\/IMG_20260430_074950-scaled.jpg","width":2560,"height":1920},{"@type":"BreadcrumbList","@id":"https:\/\/radioljubuski.ba\/index.php\/2026\/04\/30\/ljubuski-77-obljetnica-osnovne-skole-marka-marulica\/#breadcrumb","itemListElement":[{"@type":"ListItem","position":1,"name":"Po\u010detna stranica","item":"https:\/\/radioljubuski.ba\/"},{"@type":"ListItem","position":2,"name":"Ljubu\u0161ki: 77. obljetnica Osnovne \u0161kole Marka Maruli\u0107a"}]},{"@type":"WebSite","@id":"https:\/\/radioljubuski.ba\/#website","url":"https:\/\/radioljubuski.ba\/","name":"Radio Ljubu\u0161ki","description":"Sun\u010dana frekvencija Hercegovine","publisher":{"@id":"https:\/\/radioljubuski.ba\/#organization"},"potentialAction":[{"@type":"SearchAction","target":{"@type":"EntryPoint","urlTemplate":"https:\/\/radioljubuski.ba\/?s={search_term_string}"},"query-input":{"@type":"PropertyValueSpecification","valueRequired":true,"valueName":"search_term_string"}}],"inLanguage":"hr"},{"@type":"Organization","@id":"https:\/\/radioljubuski.ba\/#organization","name":"Radio Ljubu\u0161ki","url":"https:\/\/radioljubuski.ba\/","logo":{"@type":"ImageObject","inLanguage":"hr","@id":"https:\/\/radioljubuski.ba\/#\/schema\/logo\/image\/","url":"https:\/\/radioljubuski.ba\/wp-content\/uploads\/2021\/02\/cropped-Radio_Ljubuski_logo1.jpg","contentUrl":"https:\/\/radioljubuski.ba\/wp-content\/uploads\/2021\/02\/cropped-Radio_Ljubuski_logo1.jpg","width":512,"height":512,"caption":"Radio Ljubu\u0161ki"},"image":{"@id":"https:\/\/radioljubuski.ba\/#\/schema\/logo\/image\/"},"sameAs":["https:\/\/www.facebook.com\/Radiio-Ljubuski-1490835324566332","https:\/\/x.com\/radioljubuski","https:\/\/hr.linkedin.com\/company\/radio-ljubuski","https:\/\/www.youtube.com\/channel\/UCHYaeO_n0Db3tjNGudGpXyw"]},{"@type":"Person","@id":"https:\/\/radioljubuski.ba\/#\/schema\/person\/19fc700381a780f69665d7956c469e3b","name":"Radio Ljubu\u0161ki"}]}},"_links":{"self":[{"href":"https:\/\/radioljubuski.ba\/index.php\/wp-json\/wp\/v2\/posts\/227707","targetHints":{"allow":["GET"]}}],"collection":[{"href":"https:\/\/radioljubuski.ba\/index.php\/wp-json\/wp\/v2\/posts"}],"about":[{"href":"https:\/\/radioljubuski.ba\/index.php\/wp-json\/wp\/v2\/types\/post"}],"author":[{"embeddable":true,"href":"https:\/\/radioljubuski.ba\/index.php\/wp-json\/wp\/v2\/users\/2"}],"replies":[{"embeddable":true,"href":"https:\/\/radioljubuski.ba\/index.php\/wp-json\/wp\/v2\/comments?post=227707"}],"version-history":[{"count":5,"href":"https:\/\/radioljubuski.ba\/index.php\/wp-json\/wp\/v2\/posts\/227707\/revisions"}],"predecessor-version":[{"id":227752,"href":"https:\/\/radioljubuski.ba\/index.php\/wp-json\/wp\/v2\/posts\/227707\/revisions\/227752"}],"wp:featuredmedia":[{"embeddable":true,"href":"https:\/\/radioljubuski.ba\/index.php\/wp-json\/wp\/v2\/media\/227713"}],"wp:attachment":[{"href":"https:\/\/radioljubuski.ba\/index.php\/wp-json\/wp\/v2\/media?parent=227707"}],"wp:term":[{"taxonomy":"category","embeddable":true,"href":"https:\/\/radioljubuski.ba\/index.php\/wp-json\/wp\/v2\/categories?post=227707"},{"taxonomy":"post_tag","embeddable":true,"href":"https:\/\/radioljubuski.ba\/index.php\/wp-json\/wp\/v2\/tags?post=227707"}],"curies":[{"name":"wp","href":"https:\/\/api.w.org\/{rel}","templated":true}]}}