{"id":227746,"date":"2026-04-30T11:12:04","date_gmt":"2026-04-30T10:12:04","guid":{"rendered":"https:\/\/radioljubuski.ba\/?p=227746"},"modified":"2026-04-30T11:38:09","modified_gmt":"2026-04-30T10:38:09","slug":"rukometasice-izvidaca-nisu-uspjele-izboriti-finalni-turnir-kupa-bih-i-u-drugoj-utakmici-porazene-od-borca","status":"publish","type":"post","link":"https:\/\/radioljubuski.ba\/index.php\/2026\/04\/30\/rukometasice-izvidaca-nisu-uspjele-izboriti-finalni-turnir-kupa-bih-i-u-drugoj-utakmici-porazene-od-borca\/","title":{"rendered":"Rukometa\u0161ice Izvi\u0111a\u010da nisu uspjele izboriti finalni  turnir Kupa BiH, i u drugoj utakmici pora\u017eene od Borca"},"content":{"rendered":"\n<p>Rukometa\u0161ice Izvi\u0111a\u010da nisu se uspjele plasirati na finalni turnir Kupa BiH.<\/p>\n\n\n\n<p>Skautice su sino\u0107 u uzvratnoj utakmici \u00bc finala Kupa BiH pora\u017eene u Banjaluci od doma\u0107eg Borca 35:33 i tako se oprostile od tog natjecanja.<\/p>\n\n\n\n<p>Podsje\u0107amo, Borac je slavio i u prvoj utakmici u Ljubu\u0161kom sa \u0161est golova razlike, 38:32, tako da su popularne \u201eOsice\u201c sino\u0107 samo potvrdile plasman na finalni turnir.<\/p>\n\n\n\n<p>Rukometa\u0161ice Izvi\u0111a\u010da sino\u0107 su odigrale dobru utakmicu, na poluvrijeme su doma\u0107e rukometa\u0161ice oti\u0161le sa sedam golova prednosti (20:13), ali su se rukometa\u0161ice Izvi\u0111a\u010da po\u010detkom drugog poluvremena uspjele vratiti na jedan gol zaostatka (23:22). Borac se ponovo u jednom trenutku uspio \u201eodlijepiti\u201c na minus pet (29:24), ali su Skautice do kraja utakmice uspjele smanjiti prednost \u201eOsica\u201c na kona\u010dnih dva gola razlike.<\/p>\n\n\n\n<p>Najefikasnije kod Skautica bile su Katarina Kraljevi\u0107 i Nina Vranje\u0161 sa po sedam postignutih pogodaka, Mirjana Ili\u0107 postigla je 5, Lucija \u0160ego i Ema Pavlovi\u0107 po 4, Iva \u0160o\u0161e i Marija Bezer po 2, a Tea Hodnik i Anja Pavlovi\u0107 po 1.<\/p>\n\n\n\n<p>Zavr\u0161ni turnir Kupa BiH za rukometa\u0161ice igrat \u0107e se 23. i 24. svibnja.<\/p>\n\n\n\n<p>Mo\u017eemo slobodno kazati da se mlade rukometa\u0161ice Izvi\u0111a\u010da ku\u0107i vra\u0107aju uzdignute glave, da su odigrale sjajnu utakmicu, iskoristile svoje minute i pokazale da je budu\u0107nost kluba u sigurnim rukama.<\/p>\n\n\n\n<p>Radio Ljubu\u0161ki<\/p>\n","protected":false},"excerpt":{"rendered":"<p>Rukometa\u0161ice Izvi\u0111a\u010da nisu se uspjele plasirati na finalni turnir Kupa BiH. Skautice su sino\u0107 u uzvratnoj utakmici \u00bc finala Kupa BiH pora\u017eene u Banjaluci od doma\u0107eg Borca 35:33 i tako se oprostile od tog natjecanja. Podsje\u0107amo, Borac je slavio i u prvoj utakmici u Ljubu\u0161kom sa \u0161est golova razlike, 38:32, tako da su popularne \u201eOsice\u201c [&hellip;]<\/p>\n","protected":false},"author":2,"featured_media":227747,"comment_status":"closed","ping_status":"closed","sticky":false,"template":"","format":"standard","meta":{"h5ap_radio_sources":[],"footnotes":""},"categories":[3,28,7],"tags":[],"class_list":["post-227746","post","type-post","status-publish","format-standard","has-post-thumbnail","hentry","category-ljubuski","category-novosti","category-sport"],"yoast_head":"<!-- This site is optimized with the Yoast SEO plugin v27.5 - https:\/\/yoast.com\/product\/yoast-seo-wordpress\/ -->\n<title>Rukometa\u0161ice Izvi\u0111a\u010da nisu uspjele izboriti finalni turnir Kupa BiH, i u drugoj utakmici pora\u017eene od Borca - RADIO LJUBU\u0160KI<\/title>\n<meta name=\"robots\" content=\"index, follow, max-snippet:-1, max-image-preview:large, max-video-preview:-1\" \/>\n<link rel=\"canonical\" href=\"https:\/\/radioljubuski.ba\/index.php\/2026\/04\/30\/rukometasice-izvidaca-nisu-uspjele-izboriti-finalni-turnir-kupa-bih-i-u-drugoj-utakmici-porazene-od-borca\/\" \/>\n<meta property=\"og:locale\" content=\"hr_HR\" \/>\n<meta property=\"og:type\" content=\"article\" \/>\n<meta property=\"og:title\" content=\"Rukometa\u0161ice Izvi\u0111a\u010da nisu uspjele izboriti finalni turnir Kupa BiH, i u drugoj utakmici pora\u017eene od Borca - RADIO LJUBU\u0160KI\" \/>\n<meta property=\"og:description\" content=\"Rukometa\u0161ice Izvi\u0111a\u010da nisu se uspjele plasirati na finalni turnir Kupa BiH. Skautice su sino\u0107 u uzvratnoj utakmici \u00bc finala Kupa BiH pora\u017eene u Banjaluci od doma\u0107eg Borca 35:33 i tako se oprostile od tog natjecanja. Podsje\u0107amo, Borac je slavio i u prvoj utakmici u Ljubu\u0161kom sa \u0161est golova razlike, 38:32, tako da su popularne \u201eOsice\u201c [&hellip;]\" \/>\n<meta property=\"og:url\" content=\"https:\/\/radioljubuski.ba\/index.php\/2026\/04\/30\/rukometasice-izvidaca-nisu-uspjele-izboriti-finalni-turnir-kupa-bih-i-u-drugoj-utakmici-porazene-od-borca\/\" \/>\n<meta property=\"og:site_name\" content=\"RADIO LJUBU\u0160KI\" \/>\n<meta property=\"article:publisher\" content=\"https:\/\/www.facebook.com\/Radiio-Ljubuski-1490835324566332\" \/>\n<meta property=\"article:published_time\" content=\"2026-04-30T10:12:04+00:00\" \/>\n<meta property=\"article:modified_time\" content=\"2026-04-30T10:38:09+00:00\" \/>\n<meta property=\"og:image\" content=\"https:\/\/radioljubuski.ba\/wp-content\/uploads\/2026\/04\/684225428_18021710483832190_7422942668415340844_n.jpg\" \/>\n\t<meta property=\"og:image:width\" content=\"1350\" \/>\n\t<meta property=\"og:image:height\" content=\"1688\" \/>\n\t<meta property=\"og:image:type\" content=\"image\/jpeg\" \/>\n<meta name=\"author\" content=\"Radio Ljubu\u0161ki\" \/>\n<meta name=\"twitter:card\" content=\"summary_large_image\" \/>\n<meta name=\"twitter:creator\" content=\"@radioljubuski\" \/>\n<meta name=\"twitter:site\" content=\"@radioljubuski\" \/>\n<meta name=\"twitter:label1\" content=\"Napisao\/la\" \/>\n\t<meta name=\"twitter:data1\" content=\"Radio Ljubu\u0161ki\" \/>\n\t<meta name=\"twitter:label2\" content=\"Procijenjeno vrijeme \u010ditanja\" \/>\n\t<meta name=\"twitter:data2\" content=\"2 minute\" \/>\n<script type=\"application\/ld+json\" class=\"yoast-schema-graph\">{\"@context\":\"https:\\\/\\\/schema.org\",\"@graph\":[{\"@type\":\"Article\",\"@id\":\"https:\\\/\\\/radioljubuski.ba\\\/index.php\\\/2026\\\/04\\\/30\\\/rukometasice-izvidaca-nisu-uspjele-izboriti-finalni-turnir-kupa-bih-i-u-drugoj-utakmici-porazene-od-borca\\\/#article\",\"isPartOf\":{\"@id\":\"https:\\\/\\\/radioljubuski.ba\\\/index.php\\\/2026\\\/04\\\/30\\\/rukometasice-izvidaca-nisu-uspjele-izboriti-finalni-turnir-kupa-bih-i-u-drugoj-utakmici-porazene-od-borca\\\/\"},\"author\":{\"name\":\"Radio Ljubu\u0161ki\",\"@id\":\"https:\\\/\\\/radioljubuski.ba\\\/#\\\/schema\\\/person\\\/19fc700381a780f69665d7956c469e3b\"},\"headline\":\"Rukometa\u0161ice Izvi\u0111a\u010da nisu uspjele izboriti finalni turnir Kupa BiH, i u drugoj utakmici pora\u017eene od Borca\",\"datePublished\":\"2026-04-30T10:12:04+00:00\",\"dateModified\":\"2026-04-30T10:38:09+00:00\",\"mainEntityOfPage\":{\"@id\":\"https:\\\/\\\/radioljubuski.ba\\\/index.php\\\/2026\\\/04\\\/30\\\/rukometasice-izvidaca-nisu-uspjele-izboriti-finalni-turnir-kupa-bih-i-u-drugoj-utakmici-porazene-od-borca\\\/\"},\"wordCount\":245,\"publisher\":{\"@id\":\"https:\\\/\\\/radioljubuski.ba\\\/#organization\"},\"image\":{\"@id\":\"https:\\\/\\\/radioljubuski.ba\\\/index.php\\\/2026\\\/04\\\/30\\\/rukometasice-izvidaca-nisu-uspjele-izboriti-finalni-turnir-kupa-bih-i-u-drugoj-utakmici-porazene-od-borca\\\/#primaryimage\"},\"thumbnailUrl\":\"https:\\\/\\\/radioljubuski.ba\\\/wp-content\\\/uploads\\\/2026\\\/04\\\/684225428_18021710483832190_7422942668415340844_n.jpg\",\"articleSection\":[\"Ljubu\u0161ki\",\"Novosti\",\"\u0160port\"],\"inLanguage\":\"hr\"},{\"@type\":\"WebPage\",\"@id\":\"https:\\\/\\\/radioljubuski.ba\\\/index.php\\\/2026\\\/04\\\/30\\\/rukometasice-izvidaca-nisu-uspjele-izboriti-finalni-turnir-kupa-bih-i-u-drugoj-utakmici-porazene-od-borca\\\/\",\"url\":\"https:\\\/\\\/radioljubuski.ba\\\/index.php\\\/2026\\\/04\\\/30\\\/rukometasice-izvidaca-nisu-uspjele-izboriti-finalni-turnir-kupa-bih-i-u-drugoj-utakmici-porazene-od-borca\\\/\",\"name\":\"Rukometa\u0161ice Izvi\u0111a\u010da nisu uspjele izboriti finalni turnir Kupa BiH, i u drugoj utakmici pora\u017eene od Borca - RADIO LJUBU\u0160KI\",\"isPartOf\":{\"@id\":\"https:\\\/\\\/radioljubuski.ba\\\/#website\"},\"primaryImageOfPage\":{\"@id\":\"https:\\\/\\\/radioljubuski.ba\\\/index.php\\\/2026\\\/04\\\/30\\\/rukometasice-izvidaca-nisu-uspjele-izboriti-finalni-turnir-kupa-bih-i-u-drugoj-utakmici-porazene-od-borca\\\/#primaryimage\"},\"image\":{\"@id\":\"https:\\\/\\\/radioljubuski.ba\\\/index.php\\\/2026\\\/04\\\/30\\\/rukometasice-izvidaca-nisu-uspjele-izboriti-finalni-turnir-kupa-bih-i-u-drugoj-utakmici-porazene-od-borca\\\/#primaryimage\"},\"thumbnailUrl\":\"https:\\\/\\\/radioljubuski.ba\\\/wp-content\\\/uploads\\\/2026\\\/04\\\/684225428_18021710483832190_7422942668415340844_n.jpg\",\"datePublished\":\"2026-04-30T10:12:04+00:00\",\"dateModified\":\"2026-04-30T10:38:09+00:00\",\"breadcrumb\":{\"@id\":\"https:\\\/\\\/radioljubuski.ba\\\/index.php\\\/2026\\\/04\\\/30\\\/rukometasice-izvidaca-nisu-uspjele-izboriti-finalni-turnir-kupa-bih-i-u-drugoj-utakmici-porazene-od-borca\\\/#breadcrumb\"},\"inLanguage\":\"hr\",\"potentialAction\":[{\"@type\":\"ReadAction\",\"target\":[\"https:\\\/\\\/radioljubuski.ba\\\/index.php\\\/2026\\\/04\\\/30\\\/rukometasice-izvidaca-nisu-uspjele-izboriti-finalni-turnir-kupa-bih-i-u-drugoj-utakmici-porazene-od-borca\\\/\"]}]},{\"@type\":\"ImageObject\",\"inLanguage\":\"hr\",\"@id\":\"https:\\\/\\\/radioljubuski.ba\\\/index.php\\\/2026\\\/04\\\/30\\\/rukometasice-izvidaca-nisu-uspjele-izboriti-finalni-turnir-kupa-bih-i-u-drugoj-utakmici-porazene-od-borca\\\/#primaryimage\",\"url\":\"https:\\\/\\\/radioljubuski.ba\\\/wp-content\\\/uploads\\\/2026\\\/04\\\/684225428_18021710483832190_7422942668415340844_n.jpg\",\"contentUrl\":\"https:\\\/\\\/radioljubuski.ba\\\/wp-content\\\/uploads\\\/2026\\\/04\\\/684225428_18021710483832190_7422942668415340844_n.jpg\",\"width\":1350,\"height\":1688},{\"@type\":\"BreadcrumbList\",\"@id\":\"https:\\\/\\\/radioljubuski.ba\\\/index.php\\\/2026\\\/04\\\/30\\\/rukometasice-izvidaca-nisu-uspjele-izboriti-finalni-turnir-kupa-bih-i-u-drugoj-utakmici-porazene-od-borca\\\/#breadcrumb\",\"itemListElement\":[{\"@type\":\"ListItem\",\"position\":1,\"name\":\"Po\u010detna stranica\",\"item\":\"https:\\\/\\\/radioljubuski.ba\\\/\"},{\"@type\":\"ListItem\",\"position\":2,\"name\":\"Rukometa\u0161ice Izvi\u0111a\u010da nisu uspjele izboriti finalni turnir Kupa BiH, i u drugoj utakmici pora\u017eene od Borca\"}]},{\"@type\":\"WebSite\",\"@id\":\"https:\\\/\\\/radioljubuski.ba\\\/#website\",\"url\":\"https:\\\/\\\/radioljubuski.ba\\\/\",\"name\":\"Radio Ljubu\u0161ki\",\"description\":\"Sun\u010dana frekvencija Hercegovine\",\"publisher\":{\"@id\":\"https:\\\/\\\/radioljubuski.ba\\\/#organization\"},\"potentialAction\":[{\"@type\":\"SearchAction\",\"target\":{\"@type\":\"EntryPoint\",\"urlTemplate\":\"https:\\\/\\\/radioljubuski.ba\\\/?s={search_term_string}\"},\"query-input\":{\"@type\":\"PropertyValueSpecification\",\"valueRequired\":true,\"valueName\":\"search_term_string\"}}],\"inLanguage\":\"hr\"},{\"@type\":\"Organization\",\"@id\":\"https:\\\/\\\/radioljubuski.ba\\\/#organization\",\"name\":\"Radio Ljubu\u0161ki\",\"url\":\"https:\\\/\\\/radioljubuski.ba\\\/\",\"logo\":{\"@type\":\"ImageObject\",\"inLanguage\":\"hr\",\"@id\":\"https:\\\/\\\/radioljubuski.ba\\\/#\\\/schema\\\/logo\\\/image\\\/\",\"url\":\"https:\\\/\\\/radioljubuski.ba\\\/wp-content\\\/uploads\\\/2021\\\/02\\\/cropped-Radio_Ljubuski_logo1.jpg\",\"contentUrl\":\"https:\\\/\\\/radioljubuski.ba\\\/wp-content\\\/uploads\\\/2021\\\/02\\\/cropped-Radio_Ljubuski_logo1.jpg\",\"width\":512,\"height\":512,\"caption\":\"Radio Ljubu\u0161ki\"},\"image\":{\"@id\":\"https:\\\/\\\/radioljubuski.ba\\\/#\\\/schema\\\/logo\\\/image\\\/\"},\"sameAs\":[\"https:\\\/\\\/www.facebook.com\\\/Radiio-Ljubuski-1490835324566332\",\"https:\\\/\\\/x.com\\\/radioljubuski\",\"https:\\\/\\\/hr.linkedin.com\\\/company\\\/radio-ljubuski\",\"https:\\\/\\\/www.youtube.com\\\/channel\\\/UCHYaeO_n0Db3tjNGudGpXyw\"]},{\"@type\":\"Person\",\"@id\":\"https:\\\/\\\/radioljubuski.ba\\\/#\\\/schema\\\/person\\\/19fc700381a780f69665d7956c469e3b\",\"name\":\"Radio Ljubu\u0161ki\"}]}<\/script>\n<!-- \/ Yoast SEO plugin. -->","yoast_head_json":{"title":"Rukometa\u0161ice Izvi\u0111a\u010da nisu uspjele izboriti finalni turnir Kupa BiH, i u drugoj utakmici pora\u017eene od Borca - RADIO LJUBU\u0160KI","robots":{"index":"index","follow":"follow","max-snippet":"max-snippet:-1","max-image-preview":"max-image-preview:large","max-video-preview":"max-video-preview:-1"},"canonical":"https:\/\/radioljubuski.ba\/index.php\/2026\/04\/30\/rukometasice-izvidaca-nisu-uspjele-izboriti-finalni-turnir-kupa-bih-i-u-drugoj-utakmici-porazene-od-borca\/","og_locale":"hr_HR","og_type":"article","og_title":"Rukometa\u0161ice Izvi\u0111a\u010da nisu uspjele izboriti finalni turnir Kupa BiH, i u drugoj utakmici pora\u017eene od Borca - RADIO LJUBU\u0160KI","og_description":"Rukometa\u0161ice Izvi\u0111a\u010da nisu se uspjele plasirati na finalni turnir Kupa BiH. Skautice su sino\u0107 u uzvratnoj utakmici \u00bc finala Kupa BiH pora\u017eene u Banjaluci od doma\u0107eg Borca 35:33 i tako se oprostile od tog natjecanja. Podsje\u0107amo, Borac je slavio i u prvoj utakmici u Ljubu\u0161kom sa \u0161est golova razlike, 38:32, tako da su popularne \u201eOsice\u201c [&hellip;]","og_url":"https:\/\/radioljubuski.ba\/index.php\/2026\/04\/30\/rukometasice-izvidaca-nisu-uspjele-izboriti-finalni-turnir-kupa-bih-i-u-drugoj-utakmici-porazene-od-borca\/","og_site_name":"RADIO LJUBU\u0160KI","article_publisher":"https:\/\/www.facebook.com\/Radiio-Ljubuski-1490835324566332","article_published_time":"2026-04-30T10:12:04+00:00","article_modified_time":"2026-04-30T10:38:09+00:00","og_image":[{"width":1350,"height":1688,"url":"https:\/\/radioljubuski.ba\/wp-content\/uploads\/2026\/04\/684225428_18021710483832190_7422942668415340844_n.jpg","type":"image\/jpeg"}],"author":"Radio Ljubu\u0161ki","twitter_card":"summary_large_image","twitter_creator":"@radioljubuski","twitter_site":"@radioljubuski","twitter_misc":{"Napisao\/la":"Radio Ljubu\u0161ki","Procijenjeno vrijeme \u010ditanja":"2 minute"},"schema":{"@context":"https:\/\/schema.org","@graph":[{"@type":"Article","@id":"https:\/\/radioljubuski.ba\/index.php\/2026\/04\/30\/rukometasice-izvidaca-nisu-uspjele-izboriti-finalni-turnir-kupa-bih-i-u-drugoj-utakmici-porazene-od-borca\/#article","isPartOf":{"@id":"https:\/\/radioljubuski.ba\/index.php\/2026\/04\/30\/rukometasice-izvidaca-nisu-uspjele-izboriti-finalni-turnir-kupa-bih-i-u-drugoj-utakmici-porazene-od-borca\/"},"author":{"name":"Radio Ljubu\u0161ki","@id":"https:\/\/radioljubuski.ba\/#\/schema\/person\/19fc700381a780f69665d7956c469e3b"},"headline":"Rukometa\u0161ice Izvi\u0111a\u010da nisu uspjele izboriti finalni turnir Kupa BiH, i u drugoj utakmici pora\u017eene od Borca","datePublished":"2026-04-30T10:12:04+00:00","dateModified":"2026-04-30T10:38:09+00:00","mainEntityOfPage":{"@id":"https:\/\/radioljubuski.ba\/index.php\/2026\/04\/30\/rukometasice-izvidaca-nisu-uspjele-izboriti-finalni-turnir-kupa-bih-i-u-drugoj-utakmici-porazene-od-borca\/"},"wordCount":245,"publisher":{"@id":"https:\/\/radioljubuski.ba\/#organization"},"image":{"@id":"https:\/\/radioljubuski.ba\/index.php\/2026\/04\/30\/rukometasice-izvidaca-nisu-uspjele-izboriti-finalni-turnir-kupa-bih-i-u-drugoj-utakmici-porazene-od-borca\/#primaryimage"},"thumbnailUrl":"https:\/\/radioljubuski.ba\/wp-content\/uploads\/2026\/04\/684225428_18021710483832190_7422942668415340844_n.jpg","articleSection":["Ljubu\u0161ki","Novosti","\u0160port"],"inLanguage":"hr"},{"@type":"WebPage","@id":"https:\/\/radioljubuski.ba\/index.php\/2026\/04\/30\/rukometasice-izvidaca-nisu-uspjele-izboriti-finalni-turnir-kupa-bih-i-u-drugoj-utakmici-porazene-od-borca\/","url":"https:\/\/radioljubuski.ba\/index.php\/2026\/04\/30\/rukometasice-izvidaca-nisu-uspjele-izboriti-finalni-turnir-kupa-bih-i-u-drugoj-utakmici-porazene-od-borca\/","name":"Rukometa\u0161ice Izvi\u0111a\u010da nisu uspjele izboriti finalni turnir Kupa BiH, i u drugoj utakmici pora\u017eene od Borca - RADIO LJUBU\u0160KI","isPartOf":{"@id":"https:\/\/radioljubuski.ba\/#website"},"primaryImageOfPage":{"@id":"https:\/\/radioljubuski.ba\/index.php\/2026\/04\/30\/rukometasice-izvidaca-nisu-uspjele-izboriti-finalni-turnir-kupa-bih-i-u-drugoj-utakmici-porazene-od-borca\/#primaryimage"},"image":{"@id":"https:\/\/radioljubuski.ba\/index.php\/2026\/04\/30\/rukometasice-izvidaca-nisu-uspjele-izboriti-finalni-turnir-kupa-bih-i-u-drugoj-utakmici-porazene-od-borca\/#primaryimage"},"thumbnailUrl":"https:\/\/radioljubuski.ba\/wp-content\/uploads\/2026\/04\/684225428_18021710483832190_7422942668415340844_n.jpg","datePublished":"2026-04-30T10:12:04+00:00","dateModified":"2026-04-30T10:38:09+00:00","breadcrumb":{"@id":"https:\/\/radioljubuski.ba\/index.php\/2026\/04\/30\/rukometasice-izvidaca-nisu-uspjele-izboriti-finalni-turnir-kupa-bih-i-u-drugoj-utakmici-porazene-od-borca\/#breadcrumb"},"inLanguage":"hr","potentialAction":[{"@type":"ReadAction","target":["https:\/\/radioljubuski.ba\/index.php\/2026\/04\/30\/rukometasice-izvidaca-nisu-uspjele-izboriti-finalni-turnir-kupa-bih-i-u-drugoj-utakmici-porazene-od-borca\/"]}]},{"@type":"ImageObject","inLanguage":"hr","@id":"https:\/\/radioljubuski.ba\/index.php\/2026\/04\/30\/rukometasice-izvidaca-nisu-uspjele-izboriti-finalni-turnir-kupa-bih-i-u-drugoj-utakmici-porazene-od-borca\/#primaryimage","url":"https:\/\/radioljubuski.ba\/wp-content\/uploads\/2026\/04\/684225428_18021710483832190_7422942668415340844_n.jpg","contentUrl":"https:\/\/radioljubuski.ba\/wp-content\/uploads\/2026\/04\/684225428_18021710483832190_7422942668415340844_n.jpg","width":1350,"height":1688},{"@type":"BreadcrumbList","@id":"https:\/\/radioljubuski.ba\/index.php\/2026\/04\/30\/rukometasice-izvidaca-nisu-uspjele-izboriti-finalni-turnir-kupa-bih-i-u-drugoj-utakmici-porazene-od-borca\/#breadcrumb","itemListElement":[{"@type":"ListItem","position":1,"name":"Po\u010detna stranica","item":"https:\/\/radioljubuski.ba\/"},{"@type":"ListItem","position":2,"name":"Rukometa\u0161ice Izvi\u0111a\u010da nisu uspjele izboriti finalni turnir Kupa BiH, i u drugoj utakmici pora\u017eene od Borca"}]},{"@type":"WebSite","@id":"https:\/\/radioljubuski.ba\/#website","url":"https:\/\/radioljubuski.ba\/","name":"Radio Ljubu\u0161ki","description":"Sun\u010dana frekvencija Hercegovine","publisher":{"@id":"https:\/\/radioljubuski.ba\/#organization"},"potentialAction":[{"@type":"SearchAction","target":{"@type":"EntryPoint","urlTemplate":"https:\/\/radioljubuski.ba\/?s={search_term_string}"},"query-input":{"@type":"PropertyValueSpecification","valueRequired":true,"valueName":"search_term_string"}}],"inLanguage":"hr"},{"@type":"Organization","@id":"https:\/\/radioljubuski.ba\/#organization","name":"Radio Ljubu\u0161ki","url":"https:\/\/radioljubuski.ba\/","logo":{"@type":"ImageObject","inLanguage":"hr","@id":"https:\/\/radioljubuski.ba\/#\/schema\/logo\/image\/","url":"https:\/\/radioljubuski.ba\/wp-content\/uploads\/2021\/02\/cropped-Radio_Ljubuski_logo1.jpg","contentUrl":"https:\/\/radioljubuski.ba\/wp-content\/uploads\/2021\/02\/cropped-Radio_Ljubuski_logo1.jpg","width":512,"height":512,"caption":"Radio Ljubu\u0161ki"},"image":{"@id":"https:\/\/radioljubuski.ba\/#\/schema\/logo\/image\/"},"sameAs":["https:\/\/www.facebook.com\/Radiio-Ljubuski-1490835324566332","https:\/\/x.com\/radioljubuski","https:\/\/hr.linkedin.com\/company\/radio-ljubuski","https:\/\/www.youtube.com\/channel\/UCHYaeO_n0Db3tjNGudGpXyw"]},{"@type":"Person","@id":"https:\/\/radioljubuski.ba\/#\/schema\/person\/19fc700381a780f69665d7956c469e3b","name":"Radio Ljubu\u0161ki"}]}},"_links":{"self":[{"href":"https:\/\/radioljubuski.ba\/index.php\/wp-json\/wp\/v2\/posts\/227746","targetHints":{"allow":["GET"]}}],"collection":[{"href":"https:\/\/radioljubuski.ba\/index.php\/wp-json\/wp\/v2\/posts"}],"about":[{"href":"https:\/\/radioljubuski.ba\/index.php\/wp-json\/wp\/v2\/types\/post"}],"author":[{"embeddable":true,"href":"https:\/\/radioljubuski.ba\/index.php\/wp-json\/wp\/v2\/users\/2"}],"replies":[{"embeddable":true,"href":"https:\/\/radioljubuski.ba\/index.php\/wp-json\/wp\/v2\/comments?post=227746"}],"version-history":[{"count":1,"href":"https:\/\/radioljubuski.ba\/index.php\/wp-json\/wp\/v2\/posts\/227746\/revisions"}],"predecessor-version":[{"id":227748,"href":"https:\/\/radioljubuski.ba\/index.php\/wp-json\/wp\/v2\/posts\/227746\/revisions\/227748"}],"wp:featuredmedia":[{"embeddable":true,"href":"https:\/\/radioljubuski.ba\/index.php\/wp-json\/wp\/v2\/media\/227747"}],"wp:attachment":[{"href":"https:\/\/radioljubuski.ba\/index.php\/wp-json\/wp\/v2\/media?parent=227746"}],"wp:term":[{"taxonomy":"category","embeddable":true,"href":"https:\/\/radioljubuski.ba\/index.php\/wp-json\/wp\/v2\/categories?post=227746"},{"taxonomy":"post_tag","embeddable":true,"href":"https:\/\/radioljubuski.ba\/index.php\/wp-json\/wp\/v2\/tags?post=227746"}],"curies":[{"name":"wp","href":"https:\/\/api.w.org\/{rel}","templated":true}]}}