{"id":227757,"date":"2026-05-01T12:50:00","date_gmt":"2026-05-01T11:50:00","guid":{"rendered":"https:\/\/radioljubuski.ba\/?p=227757"},"modified":"2026-05-01T10:45:41","modified_gmt":"2026-05-01T09:45:41","slug":"robert-hodzic-i-blago-peric-gosti-u-studiju-prije-prve-trail-utrke-na-butorovici-i-ljof-a","status":"publish","type":"post","link":"https:\/\/radioljubuski.ba\/index.php\/2026\/05\/01\/robert-hodzic-i-blago-peric-gosti-u-studiju-prije-prve-trail-utrke-na-butorovici-i-ljof-a\/","title":{"rendered":"Robert Hod\u017ei\u0107 i Blago Peri\u0107 gosti u studiju prije prve &#8220;trail&#8221; utrke na Butorovici i LJOF-a"},"content":{"rendered":"\n<p>Kroz gostovanje u na\u0161em studiju, <strong>Robert Hod\u017ei\u0107<\/strong> i <strong>Blago Peri\u0107<\/strong> iz pokreta \u201eLjubu\u0161ki tr\u010di\u201c podijelili su detalje o \u010detvrtom kolu Ljubu\u0161ke rekreativne lige, ali i najavili ono \u0161to cijela regija s nestrpljenjem i\u0161\u010dekuje \u2013 <strong>Ljubu\u0161ki Outdoor Festival (LjOF)<\/strong>.<\/p>\n\n\n\n<h3 class=\"wp-block-heading\">Trail na Butorovici: Izazov koji \u0107ete zavoljeti<\/h3>\n\n\n\n<p>Ove nedjelje 3. svibnja rekreativna liga seli se na <strong>Butorovicu<\/strong>. Za razliku od dosada\u0161njih kola, ovo je \u201etrail\u201c izdanje \u2013 tr\u010danje kroz prirodu i makadam.<\/p>\n\n\n\n<ul class=\"wp-block-list\">\n<li><strong>Staza:<\/strong> Du\u017eina od oko 5 kilometara s 170 metara uspona.<\/li>\n\n\n\n<li><strong>Kome je namijenjena:<\/strong> Svima! Staza je prilago\u0111ena po\u010detnicima, a oni koji nisu u formi mogu je pro\u0107i laganom \u0161etnjom.<\/li>\n\n\n\n<li><strong>Logistika:<\/strong> Organizatori osiguravaju okrepu, logisti\u010dku podr\u0161ku GSS-a i biciklista, a nakon utrke sve sudionike \u010deka dru\u017eenje uz ro\u0161tilj.<\/li>\n<\/ul>\n\n\n\n<blockquote class=\"wp-block-quote is-layout-flow wp-block-quote-is-layout-flow\">\n<p>\u201eCilj nam je dru\u017eenje i opu\u0161tanje. \u017delimo da se ljudi usude do\u0107i, pro\u0161etati i otkriti skrivene ljepote na\u0161eg kraja poput Mrljanovca,\u201c poru\u010duju momci iz organizacije.<\/p>\n<\/blockquote>\n\n\n\n<figure class=\"wp-block-image size-large\"><img loading=\"lazy\" decoding=\"async\" width=\"1024\" height=\"1024\" src=\"https:\/\/radioljubuski.ba\/wp-content\/uploads\/2026\/05\/16658-1024x1024.jpg\" alt=\"\" class=\"wp-image-227787\" srcset=\"https:\/\/radioljubuski.ba\/wp-content\/uploads\/2026\/05\/16658-1024x1024.jpg 1024w, https:\/\/radioljubuski.ba\/wp-content\/uploads\/2026\/05\/16658-300x300.jpg 300w, https:\/\/radioljubuski.ba\/wp-content\/uploads\/2026\/05\/16658-150x150.jpg 150w, https:\/\/radioljubuski.ba\/wp-content\/uploads\/2026\/05\/16658-768x768.jpg 768w, https:\/\/radioljubuski.ba\/wp-content\/uploads\/2026\/05\/16658-1536x1536.jpg 1536w, https:\/\/radioljubuski.ba\/wp-content\/uploads\/2026\/05\/16658-12x12.jpg 12w, https:\/\/radioljubuski.ba\/wp-content\/uploads\/2026\/05\/16658-64x64.jpg 64w, https:\/\/radioljubuski.ba\/wp-content\/uploads\/2026\/05\/16658.jpg 1600w\" sizes=\"auto, (max-width: 1024px) 100vw, 1024px\" \/><\/figure>\n\n\n\n<h3 class=\"wp-block-heading\">Humanitarno peto kolo i LjOF spektakl<\/h3>\n\n\n\n<p>Poseban naglasak stavljen je na zavr\u0161no, peto kolo lige koje \u0107e se odr\u017eati u sklopu Ljubu\u0161ki outdoor festivala. Ono \u0107e biti <strong>humanitarnog karaktera<\/strong>, a sav prihod od kotizacija (20 KM) bit \u0107e upla\u0107en izravno na ra\u010dun JU Rehabilitacijskog centra za djecu, mlade i odrasle osobe Ljubu\u0161ki.<\/p>\n\n\n\n<figure class=\"wp-block-image size-large\"><img loading=\"lazy\" decoding=\"async\" width=\"819\" height=\"1024\" src=\"https:\/\/radioljubuski.ba\/wp-content\/uploads\/2026\/05\/16659-819x1024.jpg\" alt=\"\" class=\"wp-image-227789\" srcset=\"https:\/\/radioljubuski.ba\/wp-content\/uploads\/2026\/05\/16659-819x1024.jpg 819w, https:\/\/radioljubuski.ba\/wp-content\/uploads\/2026\/05\/16659-240x300.jpg 240w, https:\/\/radioljubuski.ba\/wp-content\/uploads\/2026\/05\/16659-768x960.jpg 768w, https:\/\/radioljubuski.ba\/wp-content\/uploads\/2026\/05\/16659-10x12.jpg 10w, https:\/\/radioljubuski.ba\/wp-content\/uploads\/2026\/05\/16659.jpg 1080w\" sizes=\"auto, (max-width: 819px) 100vw, 819px\" \/><\/figure>\n\n\n\n<p><strong>\u0160to nas \u010deka na Ljubu\u0161ki Outdoor Festivalu (29. \u2013 31. svibnja)?<\/strong> Ljubu\u0161ki outdoor festival postao je jedan od najve\u0107ih sportskih doga\u0111aja u regiji, a ove godine donosi bogat program.<\/p>\n\n\n\n<p>Kako sudjelovati?<\/p>\n\n\n\n<p>Slu\u017ebene prijave za festival otvorene su do <strong>10. svibnja<\/strong>. Svi zainteresirani mogu se prijaviti putem slu\u017ebene web stranice <strong>Ljubu\u0161ki Outdoor Festival<\/strong>. Ako niste natjecateljski tip, festivalu mo\u017eete pridonijeti i kao <strong>volonter<\/strong>.<\/p>\n\n\n\n<p>\u201eLjubu\u0161ki ima nevjerojatan potencijal, rijeku koja je srce grada i ljude koji su prepoznali va\u017enost kretanja. Vidimo se na stazama!\u201c \u2013 zaklju\u010dili su Robert i Blago.<\/p>\n\n\n\n<p>PROGRAM LJOF-a :<\/p>\n\n\n\n<figure class=\"wp-block-image size-large\"><img loading=\"lazy\" decoding=\"async\" width=\"1024\" height=\"538\" src=\"https:\/\/radioljubuski.ba\/wp-content\/uploads\/2026\/04\/LJOF-2026-1200-x-630-px-1024x538.jpg\" alt=\"\" class=\"wp-image-226963\" srcset=\"https:\/\/radioljubuski.ba\/wp-content\/uploads\/2026\/04\/LJOF-2026-1200-x-630-px-1024x538.jpg 1024w, https:\/\/radioljubuski.ba\/wp-content\/uploads\/2026\/04\/LJOF-2026-1200-x-630-px-300x158.jpg 300w, https:\/\/radioljubuski.ba\/wp-content\/uploads\/2026\/04\/LJOF-2026-1200-x-630-px-768x403.jpg 768w, https:\/\/radioljubuski.ba\/wp-content\/uploads\/2026\/04\/LJOF-2026-1200-x-630-px-18x9.jpg 18w, https:\/\/radioljubuski.ba\/wp-content\/uploads\/2026\/04\/LJOF-2026-1200-x-630-px.jpg 1200w\" sizes=\"auto, (max-width: 1024px) 100vw, 1024px\" \/><\/figure>\n\n\n\n<figure class=\"wp-block-image size-large\"><img loading=\"lazy\" decoding=\"async\" width=\"819\" height=\"1024\" src=\"https:\/\/radioljubuski.ba\/wp-content\/uploads\/2026\/05\/16665-819x1024.jpg\" alt=\"\" class=\"wp-image-227793\" srcset=\"https:\/\/radioljubuski.ba\/wp-content\/uploads\/2026\/05\/16665-819x1024.jpg 819w, https:\/\/radioljubuski.ba\/wp-content\/uploads\/2026\/05\/16665-240x300.jpg 240w, https:\/\/radioljubuski.ba\/wp-content\/uploads\/2026\/05\/16665-768x960.jpg 768w, https:\/\/radioljubuski.ba\/wp-content\/uploads\/2026\/05\/16665-10x12.jpg 10w, https:\/\/radioljubuski.ba\/wp-content\/uploads\/2026\/05\/16665.jpg 1152w\" sizes=\"auto, (max-width: 819px) 100vw, 819px\" \/><\/figure>\n\n\n\n<figure class=\"wp-block-image size-large\"><img loading=\"lazy\" decoding=\"async\" width=\"819\" height=\"1024\" src=\"https:\/\/radioljubuski.ba\/wp-content\/uploads\/2026\/05\/16667-819x1024.jpg\" alt=\"\" class=\"wp-image-227794\" srcset=\"https:\/\/radioljubuski.ba\/wp-content\/uploads\/2026\/05\/16667-819x1024.jpg 819w, https:\/\/radioljubuski.ba\/wp-content\/uploads\/2026\/05\/16667-240x300.jpg 240w, https:\/\/radioljubuski.ba\/wp-content\/uploads\/2026\/05\/16667-768x960.jpg 768w, https:\/\/radioljubuski.ba\/wp-content\/uploads\/2026\/05\/16667-10x12.jpg 10w, https:\/\/radioljubuski.ba\/wp-content\/uploads\/2026\/05\/16667.jpg 1152w\" sizes=\"auto, (max-width: 819px) 100vw, 819px\" \/><\/figure>\n\n\n\n<figure class=\"wp-block-image size-large\"><img loading=\"lazy\" decoding=\"async\" width=\"819\" height=\"1024\" src=\"https:\/\/radioljubuski.ba\/wp-content\/uploads\/2026\/05\/16668-819x1024.jpg\" alt=\"\" class=\"wp-image-227795\" srcset=\"https:\/\/radioljubuski.ba\/wp-content\/uploads\/2026\/05\/16668-819x1024.jpg 819w, https:\/\/radioljubuski.ba\/wp-content\/uploads\/2026\/05\/16668-240x300.jpg 240w, https:\/\/radioljubuski.ba\/wp-content\/uploads\/2026\/05\/16668-768x960.jpg 768w, https:\/\/radioljubuski.ba\/wp-content\/uploads\/2026\/05\/16668-10x12.jpg 10w, https:\/\/radioljubuski.ba\/wp-content\/uploads\/2026\/05\/16668.jpg 1152w\" sizes=\"auto, (max-width: 819px) 100vw, 819px\" \/><\/figure>\n\n\n\n<p>Radio Ljubu\u0161ki<\/p>\n\n\n\n<p><\/p>\n","protected":false},"excerpt":{"rendered":"<p>Kroz gostovanje u na\u0161em studiju, Robert Hod\u017ei\u0107 i Blago Peri\u0107 iz pokreta \u201eLjubu\u0161ki tr\u010di\u201c podijelili su detalje o \u010detvrtom kolu Ljubu\u0161ke rekreativne lige, ali i najavili ono \u0161to cijela regija s nestrpljenjem i\u0161\u010dekuje \u2013 Ljubu\u0161ki Outdoor Festival (LjOF). Trail na Butorovici: Izazov koji \u0107ete zavoljeti Ove nedjelje 3. svibnja rekreativna liga seli se na Butorovicu. [&hellip;]<\/p>\n","protected":false},"author":2,"featured_media":227758,"comment_status":"closed","ping_status":"closed","sticky":false,"template":"","format":"standard","meta":{"h5ap_radio_sources":[],"footnotes":""},"categories":[1],"tags":[],"class_list":["post-227757","post","type-post","status-publish","format-standard","has-post-thumbnail","hentry","category-bihiregija"],"yoast_head":"<!-- This site is optimized with the Yoast SEO plugin v27.5 - https:\/\/yoast.com\/product\/yoast-seo-wordpress\/ -->\n<title>Robert Hod\u017ei\u0107 i Blago Peri\u0107 gosti u studiju prije prve &quot;trail&quot; utrke na Butorovici i LJOF-a - RADIO LJUBU\u0160KI<\/title>\n<meta name=\"robots\" content=\"index, follow, max-snippet:-1, max-image-preview:large, max-video-preview:-1\" \/>\n<link rel=\"canonical\" href=\"https:\/\/radioljubuski.ba\/index.php\/2026\/05\/01\/robert-hodzic-i-blago-peric-gosti-u-studiju-prije-prve-trail-utrke-na-butorovici-i-ljof-a\/\" \/>\n<meta property=\"og:locale\" content=\"hr_HR\" \/>\n<meta property=\"og:type\" content=\"article\" \/>\n<meta property=\"og:title\" content=\"Robert Hod\u017ei\u0107 i Blago Peri\u0107 gosti u studiju prije prve &quot;trail&quot; utrke na Butorovici i LJOF-a - RADIO LJUBU\u0160KI\" \/>\n<meta property=\"og:description\" content=\"Kroz gostovanje u na\u0161em studiju, Robert Hod\u017ei\u0107 i Blago Peri\u0107 iz pokreta \u201eLjubu\u0161ki tr\u010di\u201c podijelili su detalje o \u010detvrtom kolu Ljubu\u0161ke rekreativne lige, ali i najavili ono \u0161to cijela regija s nestrpljenjem i\u0161\u010dekuje \u2013 Ljubu\u0161ki Outdoor Festival (LjOF). Trail na Butorovici: Izazov koji \u0107ete zavoljeti Ove nedjelje 3. svibnja rekreativna liga seli se na Butorovicu. [&hellip;]\" \/>\n<meta property=\"og:url\" content=\"https:\/\/radioljubuski.ba\/index.php\/2026\/05\/01\/robert-hodzic-i-blago-peric-gosti-u-studiju-prije-prve-trail-utrke-na-butorovici-i-ljof-a\/\" \/>\n<meta property=\"og:site_name\" content=\"RADIO LJUBU\u0160KI\" \/>\n<meta property=\"article:publisher\" content=\"https:\/\/www.facebook.com\/Radiio-Ljubuski-1490835324566332\" \/>\n<meta property=\"article:published_time\" content=\"2026-05-01T11:50:00+00:00\" \/>\n<meta property=\"og:image\" content=\"https:\/\/radioljubuski.ba\/wp-content\/uploads\/2026\/04\/robo-blago-scaled-e1777546859361.jpg\" \/>\n\t<meta property=\"og:image:width\" content=\"1920\" \/>\n\t<meta property=\"og:image:height\" content=\"1690\" \/>\n\t<meta property=\"og:image:type\" content=\"image\/jpeg\" \/>\n<meta name=\"author\" content=\"Radio Ljubu\u0161ki\" \/>\n<meta name=\"twitter:card\" content=\"summary_large_image\" \/>\n<meta name=\"twitter:creator\" content=\"@radioljubuski\" \/>\n<meta name=\"twitter:site\" content=\"@radioljubuski\" \/>\n<meta name=\"twitter:label1\" content=\"Napisao\/la\" \/>\n\t<meta name=\"twitter:data1\" content=\"Radio Ljubu\u0161ki\" \/>\n\t<meta name=\"twitter:label2\" content=\"Procijenjeno vrijeme \u010ditanja\" \/>\n\t<meta name=\"twitter:data2\" content=\"3 minute\" \/>\n<script type=\"application\/ld+json\" class=\"yoast-schema-graph\">{\"@context\":\"https:\\\/\\\/schema.org\",\"@graph\":[{\"@type\":\"Article\",\"@id\":\"https:\\\/\\\/radioljubuski.ba\\\/index.php\\\/2026\\\/05\\\/01\\\/robert-hodzic-i-blago-peric-gosti-u-studiju-prije-prve-trail-utrke-na-butorovici-i-ljof-a\\\/#article\",\"isPartOf\":{\"@id\":\"https:\\\/\\\/radioljubuski.ba\\\/index.php\\\/2026\\\/05\\\/01\\\/robert-hodzic-i-blago-peric-gosti-u-studiju-prije-prve-trail-utrke-na-butorovici-i-ljof-a\\\/\"},\"author\":{\"name\":\"Radio Ljubu\u0161ki\",\"@id\":\"https:\\\/\\\/radioljubuski.ba\\\/#\\\/schema\\\/person\\\/19fc700381a780f69665d7956c469e3b\"},\"headline\":\"Robert Hod\u017ei\u0107 i Blago Peri\u0107 gosti u studiju prije prve &#8220;trail&#8221; utrke na Butorovici i LJOF-a\",\"datePublished\":\"2026-05-01T11:50:00+00:00\",\"mainEntityOfPage\":{\"@id\":\"https:\\\/\\\/radioljubuski.ba\\\/index.php\\\/2026\\\/05\\\/01\\\/robert-hodzic-i-blago-peric-gosti-u-studiju-prije-prve-trail-utrke-na-butorovici-i-ljof-a\\\/\"},\"wordCount\":333,\"publisher\":{\"@id\":\"https:\\\/\\\/radioljubuski.ba\\\/#organization\"},\"image\":{\"@id\":\"https:\\\/\\\/radioljubuski.ba\\\/index.php\\\/2026\\\/05\\\/01\\\/robert-hodzic-i-blago-peric-gosti-u-studiju-prije-prve-trail-utrke-na-butorovici-i-ljof-a\\\/#primaryimage\"},\"thumbnailUrl\":\"https:\\\/\\\/radioljubuski.ba\\\/wp-content\\\/uploads\\\/2026\\\/04\\\/robo-blago-scaled-e1777546859361.jpg\",\"articleSection\":[\"BIH i regija\"],\"inLanguage\":\"hr\"},{\"@type\":\"WebPage\",\"@id\":\"https:\\\/\\\/radioljubuski.ba\\\/index.php\\\/2026\\\/05\\\/01\\\/robert-hodzic-i-blago-peric-gosti-u-studiju-prije-prve-trail-utrke-na-butorovici-i-ljof-a\\\/\",\"url\":\"https:\\\/\\\/radioljubuski.ba\\\/index.php\\\/2026\\\/05\\\/01\\\/robert-hodzic-i-blago-peric-gosti-u-studiju-prije-prve-trail-utrke-na-butorovici-i-ljof-a\\\/\",\"name\":\"Robert Hod\u017ei\u0107 i Blago Peri\u0107 gosti u studiju prije prve \\\"trail\\\" utrke na Butorovici i LJOF-a - RADIO LJUBU\u0160KI\",\"isPartOf\":{\"@id\":\"https:\\\/\\\/radioljubuski.ba\\\/#website\"},\"primaryImageOfPage\":{\"@id\":\"https:\\\/\\\/radioljubuski.ba\\\/index.php\\\/2026\\\/05\\\/01\\\/robert-hodzic-i-blago-peric-gosti-u-studiju-prije-prve-trail-utrke-na-butorovici-i-ljof-a\\\/#primaryimage\"},\"image\":{\"@id\":\"https:\\\/\\\/radioljubuski.ba\\\/index.php\\\/2026\\\/05\\\/01\\\/robert-hodzic-i-blago-peric-gosti-u-studiju-prije-prve-trail-utrke-na-butorovici-i-ljof-a\\\/#primaryimage\"},\"thumbnailUrl\":\"https:\\\/\\\/radioljubuski.ba\\\/wp-content\\\/uploads\\\/2026\\\/04\\\/robo-blago-scaled-e1777546859361.jpg\",\"datePublished\":\"2026-05-01T11:50:00+00:00\",\"breadcrumb\":{\"@id\":\"https:\\\/\\\/radioljubuski.ba\\\/index.php\\\/2026\\\/05\\\/01\\\/robert-hodzic-i-blago-peric-gosti-u-studiju-prije-prve-trail-utrke-na-butorovici-i-ljof-a\\\/#breadcrumb\"},\"inLanguage\":\"hr\",\"potentialAction\":[{\"@type\":\"ReadAction\",\"target\":[\"https:\\\/\\\/radioljubuski.ba\\\/index.php\\\/2026\\\/05\\\/01\\\/robert-hodzic-i-blago-peric-gosti-u-studiju-prije-prve-trail-utrke-na-butorovici-i-ljof-a\\\/\"]}]},{\"@type\":\"ImageObject\",\"inLanguage\":\"hr\",\"@id\":\"https:\\\/\\\/radioljubuski.ba\\\/index.php\\\/2026\\\/05\\\/01\\\/robert-hodzic-i-blago-peric-gosti-u-studiju-prije-prve-trail-utrke-na-butorovici-i-ljof-a\\\/#primaryimage\",\"url\":\"https:\\\/\\\/radioljubuski.ba\\\/wp-content\\\/uploads\\\/2026\\\/04\\\/robo-blago-scaled-e1777546859361.jpg\",\"contentUrl\":\"https:\\\/\\\/radioljubuski.ba\\\/wp-content\\\/uploads\\\/2026\\\/04\\\/robo-blago-scaled-e1777546859361.jpg\",\"width\":1920,\"height\":1690},{\"@type\":\"BreadcrumbList\",\"@id\":\"https:\\\/\\\/radioljubuski.ba\\\/index.php\\\/2026\\\/05\\\/01\\\/robert-hodzic-i-blago-peric-gosti-u-studiju-prije-prve-trail-utrke-na-butorovici-i-ljof-a\\\/#breadcrumb\",\"itemListElement\":[{\"@type\":\"ListItem\",\"position\":1,\"name\":\"Po\u010detna stranica\",\"item\":\"https:\\\/\\\/radioljubuski.ba\\\/\"},{\"@type\":\"ListItem\",\"position\":2,\"name\":\"Robert Hod\u017ei\u0107 i Blago Peri\u0107 gosti u studiju prije prve &#8220;trail&#8221; utrke na Butorovici i LJOF-a\"}]},{\"@type\":\"WebSite\",\"@id\":\"https:\\\/\\\/radioljubuski.ba\\\/#website\",\"url\":\"https:\\\/\\\/radioljubuski.ba\\\/\",\"name\":\"Radio Ljubu\u0161ki\",\"description\":\"Sun\u010dana frekvencija Hercegovine\",\"publisher\":{\"@id\":\"https:\\\/\\\/radioljubuski.ba\\\/#organization\"},\"potentialAction\":[{\"@type\":\"SearchAction\",\"target\":{\"@type\":\"EntryPoint\",\"urlTemplate\":\"https:\\\/\\\/radioljubuski.ba\\\/?s={search_term_string}\"},\"query-input\":{\"@type\":\"PropertyValueSpecification\",\"valueRequired\":true,\"valueName\":\"search_term_string\"}}],\"inLanguage\":\"hr\"},{\"@type\":\"Organization\",\"@id\":\"https:\\\/\\\/radioljubuski.ba\\\/#organization\",\"name\":\"Radio Ljubu\u0161ki\",\"url\":\"https:\\\/\\\/radioljubuski.ba\\\/\",\"logo\":{\"@type\":\"ImageObject\",\"inLanguage\":\"hr\",\"@id\":\"https:\\\/\\\/radioljubuski.ba\\\/#\\\/schema\\\/logo\\\/image\\\/\",\"url\":\"https:\\\/\\\/radioljubuski.ba\\\/wp-content\\\/uploads\\\/2021\\\/02\\\/cropped-Radio_Ljubuski_logo1.jpg\",\"contentUrl\":\"https:\\\/\\\/radioljubuski.ba\\\/wp-content\\\/uploads\\\/2021\\\/02\\\/cropped-Radio_Ljubuski_logo1.jpg\",\"width\":512,\"height\":512,\"caption\":\"Radio Ljubu\u0161ki\"},\"image\":{\"@id\":\"https:\\\/\\\/radioljubuski.ba\\\/#\\\/schema\\\/logo\\\/image\\\/\"},\"sameAs\":[\"https:\\\/\\\/www.facebook.com\\\/Radiio-Ljubuski-1490835324566332\",\"https:\\\/\\\/x.com\\\/radioljubuski\",\"https:\\\/\\\/hr.linkedin.com\\\/company\\\/radio-ljubuski\",\"https:\\\/\\\/www.youtube.com\\\/channel\\\/UCHYaeO_n0Db3tjNGudGpXyw\"]},{\"@type\":\"Person\",\"@id\":\"https:\\\/\\\/radioljubuski.ba\\\/#\\\/schema\\\/person\\\/19fc700381a780f69665d7956c469e3b\",\"name\":\"Radio Ljubu\u0161ki\"}]}<\/script>\n<!-- \/ Yoast SEO plugin. -->","yoast_head_json":{"title":"Robert Hod\u017ei\u0107 i Blago Peri\u0107 gosti u studiju prije prve \"trail\" utrke na Butorovici i LJOF-a - RADIO LJUBU\u0160KI","robots":{"index":"index","follow":"follow","max-snippet":"max-snippet:-1","max-image-preview":"max-image-preview:large","max-video-preview":"max-video-preview:-1"},"canonical":"https:\/\/radioljubuski.ba\/index.php\/2026\/05\/01\/robert-hodzic-i-blago-peric-gosti-u-studiju-prije-prve-trail-utrke-na-butorovici-i-ljof-a\/","og_locale":"hr_HR","og_type":"article","og_title":"Robert Hod\u017ei\u0107 i Blago Peri\u0107 gosti u studiju prije prve \"trail\" utrke na Butorovici i LJOF-a - RADIO LJUBU\u0160KI","og_description":"Kroz gostovanje u na\u0161em studiju, Robert Hod\u017ei\u0107 i Blago Peri\u0107 iz pokreta \u201eLjubu\u0161ki tr\u010di\u201c podijelili su detalje o \u010detvrtom kolu Ljubu\u0161ke rekreativne lige, ali i najavili ono \u0161to cijela regija s nestrpljenjem i\u0161\u010dekuje \u2013 Ljubu\u0161ki Outdoor Festival (LjOF). Trail na Butorovici: Izazov koji \u0107ete zavoljeti Ove nedjelje 3. svibnja rekreativna liga seli se na Butorovicu. [&hellip;]","og_url":"https:\/\/radioljubuski.ba\/index.php\/2026\/05\/01\/robert-hodzic-i-blago-peric-gosti-u-studiju-prije-prve-trail-utrke-na-butorovici-i-ljof-a\/","og_site_name":"RADIO LJUBU\u0160KI","article_publisher":"https:\/\/www.facebook.com\/Radiio-Ljubuski-1490835324566332","article_published_time":"2026-05-01T11:50:00+00:00","og_image":[{"width":1920,"height":1690,"url":"https:\/\/radioljubuski.ba\/wp-content\/uploads\/2026\/04\/robo-blago-scaled-e1777546859361.jpg","type":"image\/jpeg"}],"author":"Radio Ljubu\u0161ki","twitter_card":"summary_large_image","twitter_creator":"@radioljubuski","twitter_site":"@radioljubuski","twitter_misc":{"Napisao\/la":"Radio Ljubu\u0161ki","Procijenjeno vrijeme \u010ditanja":"3 minute"},"schema":{"@context":"https:\/\/schema.org","@graph":[{"@type":"Article","@id":"https:\/\/radioljubuski.ba\/index.php\/2026\/05\/01\/robert-hodzic-i-blago-peric-gosti-u-studiju-prije-prve-trail-utrke-na-butorovici-i-ljof-a\/#article","isPartOf":{"@id":"https:\/\/radioljubuski.ba\/index.php\/2026\/05\/01\/robert-hodzic-i-blago-peric-gosti-u-studiju-prije-prve-trail-utrke-na-butorovici-i-ljof-a\/"},"author":{"name":"Radio Ljubu\u0161ki","@id":"https:\/\/radioljubuski.ba\/#\/schema\/person\/19fc700381a780f69665d7956c469e3b"},"headline":"Robert Hod\u017ei\u0107 i Blago Peri\u0107 gosti u studiju prije prve &#8220;trail&#8221; utrke na Butorovici i LJOF-a","datePublished":"2026-05-01T11:50:00+00:00","mainEntityOfPage":{"@id":"https:\/\/radioljubuski.ba\/index.php\/2026\/05\/01\/robert-hodzic-i-blago-peric-gosti-u-studiju-prije-prve-trail-utrke-na-butorovici-i-ljof-a\/"},"wordCount":333,"publisher":{"@id":"https:\/\/radioljubuski.ba\/#organization"},"image":{"@id":"https:\/\/radioljubuski.ba\/index.php\/2026\/05\/01\/robert-hodzic-i-blago-peric-gosti-u-studiju-prije-prve-trail-utrke-na-butorovici-i-ljof-a\/#primaryimage"},"thumbnailUrl":"https:\/\/radioljubuski.ba\/wp-content\/uploads\/2026\/04\/robo-blago-scaled-e1777546859361.jpg","articleSection":["BIH i regija"],"inLanguage":"hr"},{"@type":"WebPage","@id":"https:\/\/radioljubuski.ba\/index.php\/2026\/05\/01\/robert-hodzic-i-blago-peric-gosti-u-studiju-prije-prve-trail-utrke-na-butorovici-i-ljof-a\/","url":"https:\/\/radioljubuski.ba\/index.php\/2026\/05\/01\/robert-hodzic-i-blago-peric-gosti-u-studiju-prije-prve-trail-utrke-na-butorovici-i-ljof-a\/","name":"Robert Hod\u017ei\u0107 i Blago Peri\u0107 gosti u studiju prije prve \"trail\" utrke na Butorovici i LJOF-a - RADIO LJUBU\u0160KI","isPartOf":{"@id":"https:\/\/radioljubuski.ba\/#website"},"primaryImageOfPage":{"@id":"https:\/\/radioljubuski.ba\/index.php\/2026\/05\/01\/robert-hodzic-i-blago-peric-gosti-u-studiju-prije-prve-trail-utrke-na-butorovici-i-ljof-a\/#primaryimage"},"image":{"@id":"https:\/\/radioljubuski.ba\/index.php\/2026\/05\/01\/robert-hodzic-i-blago-peric-gosti-u-studiju-prije-prve-trail-utrke-na-butorovici-i-ljof-a\/#primaryimage"},"thumbnailUrl":"https:\/\/radioljubuski.ba\/wp-content\/uploads\/2026\/04\/robo-blago-scaled-e1777546859361.jpg","datePublished":"2026-05-01T11:50:00+00:00","breadcrumb":{"@id":"https:\/\/radioljubuski.ba\/index.php\/2026\/05\/01\/robert-hodzic-i-blago-peric-gosti-u-studiju-prije-prve-trail-utrke-na-butorovici-i-ljof-a\/#breadcrumb"},"inLanguage":"hr","potentialAction":[{"@type":"ReadAction","target":["https:\/\/radioljubuski.ba\/index.php\/2026\/05\/01\/robert-hodzic-i-blago-peric-gosti-u-studiju-prije-prve-trail-utrke-na-butorovici-i-ljof-a\/"]}]},{"@type":"ImageObject","inLanguage":"hr","@id":"https:\/\/radioljubuski.ba\/index.php\/2026\/05\/01\/robert-hodzic-i-blago-peric-gosti-u-studiju-prije-prve-trail-utrke-na-butorovici-i-ljof-a\/#primaryimage","url":"https:\/\/radioljubuski.ba\/wp-content\/uploads\/2026\/04\/robo-blago-scaled-e1777546859361.jpg","contentUrl":"https:\/\/radioljubuski.ba\/wp-content\/uploads\/2026\/04\/robo-blago-scaled-e1777546859361.jpg","width":1920,"height":1690},{"@type":"BreadcrumbList","@id":"https:\/\/radioljubuski.ba\/index.php\/2026\/05\/01\/robert-hodzic-i-blago-peric-gosti-u-studiju-prije-prve-trail-utrke-na-butorovici-i-ljof-a\/#breadcrumb","itemListElement":[{"@type":"ListItem","position":1,"name":"Po\u010detna stranica","item":"https:\/\/radioljubuski.ba\/"},{"@type":"ListItem","position":2,"name":"Robert Hod\u017ei\u0107 i Blago Peri\u0107 gosti u studiju prije prve &#8220;trail&#8221; utrke na Butorovici i LJOF-a"}]},{"@type":"WebSite","@id":"https:\/\/radioljubuski.ba\/#website","url":"https:\/\/radioljubuski.ba\/","name":"Radio Ljubu\u0161ki","description":"Sun\u010dana frekvencija Hercegovine","publisher":{"@id":"https:\/\/radioljubuski.ba\/#organization"},"potentialAction":[{"@type":"SearchAction","target":{"@type":"EntryPoint","urlTemplate":"https:\/\/radioljubuski.ba\/?s={search_term_string}"},"query-input":{"@type":"PropertyValueSpecification","valueRequired":true,"valueName":"search_term_string"}}],"inLanguage":"hr"},{"@type":"Organization","@id":"https:\/\/radioljubuski.ba\/#organization","name":"Radio Ljubu\u0161ki","url":"https:\/\/radioljubuski.ba\/","logo":{"@type":"ImageObject","inLanguage":"hr","@id":"https:\/\/radioljubuski.ba\/#\/schema\/logo\/image\/","url":"https:\/\/radioljubuski.ba\/wp-content\/uploads\/2021\/02\/cropped-Radio_Ljubuski_logo1.jpg","contentUrl":"https:\/\/radioljubuski.ba\/wp-content\/uploads\/2021\/02\/cropped-Radio_Ljubuski_logo1.jpg","width":512,"height":512,"caption":"Radio Ljubu\u0161ki"},"image":{"@id":"https:\/\/radioljubuski.ba\/#\/schema\/logo\/image\/"},"sameAs":["https:\/\/www.facebook.com\/Radiio-Ljubuski-1490835324566332","https:\/\/x.com\/radioljubuski","https:\/\/hr.linkedin.com\/company\/radio-ljubuski","https:\/\/www.youtube.com\/channel\/UCHYaeO_n0Db3tjNGudGpXyw"]},{"@type":"Person","@id":"https:\/\/radioljubuski.ba\/#\/schema\/person\/19fc700381a780f69665d7956c469e3b","name":"Radio Ljubu\u0161ki"}]}},"_links":{"self":[{"href":"https:\/\/radioljubuski.ba\/index.php\/wp-json\/wp\/v2\/posts\/227757","targetHints":{"allow":["GET"]}}],"collection":[{"href":"https:\/\/radioljubuski.ba\/index.php\/wp-json\/wp\/v2\/posts"}],"about":[{"href":"https:\/\/radioljubuski.ba\/index.php\/wp-json\/wp\/v2\/types\/post"}],"author":[{"embeddable":true,"href":"https:\/\/radioljubuski.ba\/index.php\/wp-json\/wp\/v2\/users\/2"}],"replies":[{"embeddable":true,"href":"https:\/\/radioljubuski.ba\/index.php\/wp-json\/wp\/v2\/comments?post=227757"}],"version-history":[{"count":5,"href":"https:\/\/radioljubuski.ba\/index.php\/wp-json\/wp\/v2\/posts\/227757\/revisions"}],"predecessor-version":[{"id":227798,"href":"https:\/\/radioljubuski.ba\/index.php\/wp-json\/wp\/v2\/posts\/227757\/revisions\/227798"}],"wp:featuredmedia":[{"embeddable":true,"href":"https:\/\/radioljubuski.ba\/index.php\/wp-json\/wp\/v2\/media\/227758"}],"wp:attachment":[{"href":"https:\/\/radioljubuski.ba\/index.php\/wp-json\/wp\/v2\/media?parent=227757"}],"wp:term":[{"taxonomy":"category","embeddable":true,"href":"https:\/\/radioljubuski.ba\/index.php\/wp-json\/wp\/v2\/categories?post=227757"},{"taxonomy":"post_tag","embeddable":true,"href":"https:\/\/radioljubuski.ba\/index.php\/wp-json\/wp\/v2\/tags?post=227757"}],"curies":[{"name":"wp","href":"https:\/\/api.w.org\/{rel}","templated":true}]}}