{"id":227763,"date":"2026-04-30T13:52:25","date_gmt":"2026-04-30T12:52:25","guid":{"rendered":"https:\/\/radioljubuski.ba\/?p=227763"},"modified":"2026-04-30T14:44:01","modified_gmt":"2026-04-30T13:44:01","slug":"najava-iv-memorijalni-rukometni-turnir-ivana-i-filip-kraljevic","status":"publish","type":"post","link":"https:\/\/radioljubuski.ba\/index.php\/2026\/04\/30\/najava-iv-memorijalni-rukometni-turnir-ivana-i-filip-kraljevic\/","title":{"rendered":"Najava: IV. Memorijalni rukometni turnir \u201cIvana i Filip Kraljevi\u0107\u201d"},"content":{"rendered":"\n<p>U Ljubu\u0161kom \u0107e se predstoje\u0107i vikend odr\u017eati &nbsp;IV. Memorijalni turnir \u201eIvana i Filip Kraljevi\u0107\u201c.<\/p>\n\n\n\n<figure class=\"wp-block-image size-large\"><img loading=\"lazy\" decoding=\"async\" width=\"819\" height=\"1024\" src=\"https:\/\/radioljubuski.ba\/wp-content\/uploads\/2026\/04\/Memorijalni-turnir-819x1024.jpg\" alt=\"\" class=\"wp-image-227769\" srcset=\"https:\/\/radioljubuski.ba\/wp-content\/uploads\/2026\/04\/Memorijalni-turnir-819x1024.jpg 819w, https:\/\/radioljubuski.ba\/wp-content\/uploads\/2026\/04\/Memorijalni-turnir-240x300.jpg 240w, https:\/\/radioljubuski.ba\/wp-content\/uploads\/2026\/04\/Memorijalni-turnir-768x960.jpg 768w, https:\/\/radioljubuski.ba\/wp-content\/uploads\/2026\/04\/Memorijalni-turnir-10x12.jpg 10w, https:\/\/radioljubuski.ba\/wp-content\/uploads\/2026\/04\/Memorijalni-turnir.jpg 1080w\" sizes=\"auto, (max-width: 819px) 100vw, 819px\" \/><\/figure>\n\n\n\n<p>Turnir \u0107e se odr\u017eati u Gradskoj \u0161portskoj dvorani u Ljubu\u0161kom u subotu i nedjelju, 2. i 3. svibnja 2026. godine.<\/p>\n\n\n\n<p>Na turniru \u0107e sudjelovati deset ekipa, pet u mu\u0161koj i pet u \u017eenskoj konkurenciji, u kategorijama 2013.\/2014. godi\u0161te.<\/p>\n\n\n\n<p>U mu\u0161koj konkurenciji, kategorija dje\u010daci 2013.\/2014. godi\u0161te nastupit \u0107e: RK Metkovi\u0107, HRK \u010capljina, HRK Me\u0111ugorje, RK Izvi\u0111a\u010d 1 i RK Izvi\u0111a\u010d 2.<\/p>\n\n\n\n<p>U \u017eenskoj konkurenciji, kategorija djevoj\u010dice 2013.\/2014. godi\u0161te nastupit \u0107e: \u017dRK Slavonski Brod, RA Jerkovac, \u017dRK Zrinjski, \u017dRK Lokomotiva Mostar i RK Izvi\u0111a\u010d.<\/p>\n\n\n\n<p>Turnir \u0107e se igrati u subotu i nedjelju, u subotu od 9 do 18 sati i u nedjelju od 9 do 15 sati. Sve\u010dano otvaranje turnira bit \u0107e u subotu u 12 sati. Progla\u0161enje pobjednika predvi\u0111eno je u nedjelju u 15 sati.<\/p>\n\n\n\n<p>Forma natjecanja je liga\u0161ka, igrat \u0107e svatko sa svakim u obje konkurencije, a pobjednici \u0107e biti one ekipe koje u \u010detiri kola sakupe vi\u0161e bodova.<\/p>\n\n\n\n<p>Sponzor turnira je Grad Ljubu\u0161ki.<\/p>\n\n\n\n<p>Iz Izvi\u0111a\u010da pozivaju sve ljubitelje rukometa da u subotu i nedjelju do\u0111u u Gradsku \u0161portsku dvoranu u Ljubu\u0161kom.<\/p>\n\n\n\n<p>Radio Ljubu\u0161ki<\/p>\n","protected":false},"excerpt":{"rendered":"<p>U Ljubu\u0161kom \u0107e se predstoje\u0107i vikend odr\u017eati &nbsp;IV. Memorijalni turnir \u201eIvana i Filip Kraljevi\u0107\u201c. Turnir \u0107e se odr\u017eati u Gradskoj \u0161portskoj dvorani u Ljubu\u0161kom u subotu i nedjelju, 2. i 3. svibnja 2026. godine. Na turniru \u0107e sudjelovati deset ekipa, pet u mu\u0161koj i pet u \u017eenskoj konkurenciji, u kategorijama 2013.\/2014. godi\u0161te. U mu\u0161koj konkurenciji, [&hellip;]<\/p>\n","protected":false},"author":2,"featured_media":227764,"comment_status":"closed","ping_status":"closed","sticky":false,"template":"","format":"standard","meta":{"h5ap_radio_sources":[],"footnotes":""},"categories":[3,28,7],"tags":[],"class_list":["post-227763","post","type-post","status-publish","format-standard","has-post-thumbnail","hentry","category-ljubuski","category-novosti","category-sport"],"yoast_head":"<!-- This site is optimized with the Yoast SEO plugin v27.5 - https:\/\/yoast.com\/product\/yoast-seo-wordpress\/ -->\n<title>Najava: IV. Memorijalni rukometni turnir \u201cIvana i Filip Kraljevi\u0107\u201d - RADIO LJUBU\u0160KI<\/title>\n<meta name=\"robots\" content=\"index, follow, max-snippet:-1, max-image-preview:large, max-video-preview:-1\" \/>\n<link rel=\"canonical\" href=\"https:\/\/radioljubuski.ba\/index.php\/2026\/04\/30\/najava-iv-memorijalni-rukometni-turnir-ivana-i-filip-kraljevic\/\" \/>\n<meta property=\"og:locale\" content=\"hr_HR\" \/>\n<meta property=\"og:type\" content=\"article\" \/>\n<meta property=\"og:title\" content=\"Najava: IV. Memorijalni rukometni turnir \u201cIvana i Filip Kraljevi\u0107\u201d - RADIO LJUBU\u0160KI\" \/>\n<meta property=\"og:description\" content=\"U Ljubu\u0161kom \u0107e se predstoje\u0107i vikend odr\u017eati &nbsp;IV. Memorijalni turnir \u201eIvana i Filip Kraljevi\u0107\u201c. Turnir \u0107e se odr\u017eati u Gradskoj \u0161portskoj dvorani u Ljubu\u0161kom u subotu i nedjelju, 2. i 3. svibnja 2026. godine. Na turniru \u0107e sudjelovati deset ekipa, pet u mu\u0161koj i pet u \u017eenskoj konkurenciji, u kategorijama 2013.\/2014. godi\u0161te. U mu\u0161koj konkurenciji, [&hellip;]\" \/>\n<meta property=\"og:url\" content=\"https:\/\/radioljubuski.ba\/index.php\/2026\/04\/30\/najava-iv-memorijalni-rukometni-turnir-ivana-i-filip-kraljevic\/\" \/>\n<meta property=\"og:site_name\" content=\"RADIO LJUBU\u0160KI\" \/>\n<meta property=\"article:publisher\" content=\"https:\/\/www.facebook.com\/Radiio-Ljubuski-1490835324566332\" \/>\n<meta property=\"article:published_time\" content=\"2026-04-30T12:52:25+00:00\" \/>\n<meta property=\"article:modified_time\" content=\"2026-04-30T13:44:01+00:00\" \/>\n<meta property=\"og:image\" content=\"https:\/\/radioljubuski.ba\/wp-content\/uploads\/2026\/04\/Snimka-zaslona-2026-04-30-145119.png\" \/>\n\t<meta property=\"og:image:width\" content=\"580\" \/>\n\t<meta property=\"og:image:height\" content=\"328\" \/>\n\t<meta property=\"og:image:type\" content=\"image\/png\" \/>\n<meta name=\"author\" content=\"Radio Ljubu\u0161ki\" \/>\n<meta name=\"twitter:card\" content=\"summary_large_image\" \/>\n<meta name=\"twitter:creator\" content=\"@radioljubuski\" \/>\n<meta name=\"twitter:site\" content=\"@radioljubuski\" \/>\n<meta name=\"twitter:label1\" content=\"Napisao\/la\" \/>\n\t<meta name=\"twitter:data1\" content=\"Radio Ljubu\u0161ki\" \/>\n\t<meta name=\"twitter:label2\" content=\"Procijenjeno vrijeme \u010ditanja\" \/>\n\t<meta name=\"twitter:data2\" content=\"2 minute\" \/>\n<script type=\"application\/ld+json\" class=\"yoast-schema-graph\">{\"@context\":\"https:\\\/\\\/schema.org\",\"@graph\":[{\"@type\":\"Article\",\"@id\":\"https:\\\/\\\/radioljubuski.ba\\\/index.php\\\/2026\\\/04\\\/30\\\/najava-iv-memorijalni-rukometni-turnir-ivana-i-filip-kraljevic\\\/#article\",\"isPartOf\":{\"@id\":\"https:\\\/\\\/radioljubuski.ba\\\/index.php\\\/2026\\\/04\\\/30\\\/najava-iv-memorijalni-rukometni-turnir-ivana-i-filip-kraljevic\\\/\"},\"author\":{\"name\":\"Radio Ljubu\u0161ki\",\"@id\":\"https:\\\/\\\/radioljubuski.ba\\\/#\\\/schema\\\/person\\\/19fc700381a780f69665d7956c469e3b\"},\"headline\":\"Najava: IV. Memorijalni rukometni turnir \u201cIvana i Filip Kraljevi\u0107\u201d\",\"datePublished\":\"2026-04-30T12:52:25+00:00\",\"dateModified\":\"2026-04-30T13:44:01+00:00\",\"mainEntityOfPage\":{\"@id\":\"https:\\\/\\\/radioljubuski.ba\\\/index.php\\\/2026\\\/04\\\/30\\\/najava-iv-memorijalni-rukometni-turnir-ivana-i-filip-kraljevic\\\/\"},\"wordCount\":211,\"publisher\":{\"@id\":\"https:\\\/\\\/radioljubuski.ba\\\/#organization\"},\"image\":{\"@id\":\"https:\\\/\\\/radioljubuski.ba\\\/index.php\\\/2026\\\/04\\\/30\\\/najava-iv-memorijalni-rukometni-turnir-ivana-i-filip-kraljevic\\\/#primaryimage\"},\"thumbnailUrl\":\"https:\\\/\\\/radioljubuski.ba\\\/wp-content\\\/uploads\\\/2026\\\/04\\\/Snimka-zaslona-2026-04-30-145119.png\",\"articleSection\":[\"Ljubu\u0161ki\",\"Novosti\",\"\u0160port\"],\"inLanguage\":\"hr\"},{\"@type\":\"WebPage\",\"@id\":\"https:\\\/\\\/radioljubuski.ba\\\/index.php\\\/2026\\\/04\\\/30\\\/najava-iv-memorijalni-rukometni-turnir-ivana-i-filip-kraljevic\\\/\",\"url\":\"https:\\\/\\\/radioljubuski.ba\\\/index.php\\\/2026\\\/04\\\/30\\\/najava-iv-memorijalni-rukometni-turnir-ivana-i-filip-kraljevic\\\/\",\"name\":\"Najava: IV. Memorijalni rukometni turnir \u201cIvana i Filip Kraljevi\u0107\u201d - RADIO LJUBU\u0160KI\",\"isPartOf\":{\"@id\":\"https:\\\/\\\/radioljubuski.ba\\\/#website\"},\"primaryImageOfPage\":{\"@id\":\"https:\\\/\\\/radioljubuski.ba\\\/index.php\\\/2026\\\/04\\\/30\\\/najava-iv-memorijalni-rukometni-turnir-ivana-i-filip-kraljevic\\\/#primaryimage\"},\"image\":{\"@id\":\"https:\\\/\\\/radioljubuski.ba\\\/index.php\\\/2026\\\/04\\\/30\\\/najava-iv-memorijalni-rukometni-turnir-ivana-i-filip-kraljevic\\\/#primaryimage\"},\"thumbnailUrl\":\"https:\\\/\\\/radioljubuski.ba\\\/wp-content\\\/uploads\\\/2026\\\/04\\\/Snimka-zaslona-2026-04-30-145119.png\",\"datePublished\":\"2026-04-30T12:52:25+00:00\",\"dateModified\":\"2026-04-30T13:44:01+00:00\",\"breadcrumb\":{\"@id\":\"https:\\\/\\\/radioljubuski.ba\\\/index.php\\\/2026\\\/04\\\/30\\\/najava-iv-memorijalni-rukometni-turnir-ivana-i-filip-kraljevic\\\/#breadcrumb\"},\"inLanguage\":\"hr\",\"potentialAction\":[{\"@type\":\"ReadAction\",\"target\":[\"https:\\\/\\\/radioljubuski.ba\\\/index.php\\\/2026\\\/04\\\/30\\\/najava-iv-memorijalni-rukometni-turnir-ivana-i-filip-kraljevic\\\/\"]}]},{\"@type\":\"ImageObject\",\"inLanguage\":\"hr\",\"@id\":\"https:\\\/\\\/radioljubuski.ba\\\/index.php\\\/2026\\\/04\\\/30\\\/najava-iv-memorijalni-rukometni-turnir-ivana-i-filip-kraljevic\\\/#primaryimage\",\"url\":\"https:\\\/\\\/radioljubuski.ba\\\/wp-content\\\/uploads\\\/2026\\\/04\\\/Snimka-zaslona-2026-04-30-145119.png\",\"contentUrl\":\"https:\\\/\\\/radioljubuski.ba\\\/wp-content\\\/uploads\\\/2026\\\/04\\\/Snimka-zaslona-2026-04-30-145119.png\",\"width\":580,\"height\":328},{\"@type\":\"BreadcrumbList\",\"@id\":\"https:\\\/\\\/radioljubuski.ba\\\/index.php\\\/2026\\\/04\\\/30\\\/najava-iv-memorijalni-rukometni-turnir-ivana-i-filip-kraljevic\\\/#breadcrumb\",\"itemListElement\":[{\"@type\":\"ListItem\",\"position\":1,\"name\":\"Po\u010detna stranica\",\"item\":\"https:\\\/\\\/radioljubuski.ba\\\/\"},{\"@type\":\"ListItem\",\"position\":2,\"name\":\"Najava: IV. Memorijalni rukometni turnir \u201cIvana i Filip Kraljevi\u0107\u201d\"}]},{\"@type\":\"WebSite\",\"@id\":\"https:\\\/\\\/radioljubuski.ba\\\/#website\",\"url\":\"https:\\\/\\\/radioljubuski.ba\\\/\",\"name\":\"Radio Ljubu\u0161ki\",\"description\":\"Sun\u010dana frekvencija Hercegovine\",\"publisher\":{\"@id\":\"https:\\\/\\\/radioljubuski.ba\\\/#organization\"},\"potentialAction\":[{\"@type\":\"SearchAction\",\"target\":{\"@type\":\"EntryPoint\",\"urlTemplate\":\"https:\\\/\\\/radioljubuski.ba\\\/?s={search_term_string}\"},\"query-input\":{\"@type\":\"PropertyValueSpecification\",\"valueRequired\":true,\"valueName\":\"search_term_string\"}}],\"inLanguage\":\"hr\"},{\"@type\":\"Organization\",\"@id\":\"https:\\\/\\\/radioljubuski.ba\\\/#organization\",\"name\":\"Radio Ljubu\u0161ki\",\"url\":\"https:\\\/\\\/radioljubuski.ba\\\/\",\"logo\":{\"@type\":\"ImageObject\",\"inLanguage\":\"hr\",\"@id\":\"https:\\\/\\\/radioljubuski.ba\\\/#\\\/schema\\\/logo\\\/image\\\/\",\"url\":\"https:\\\/\\\/radioljubuski.ba\\\/wp-content\\\/uploads\\\/2021\\\/02\\\/cropped-Radio_Ljubuski_logo1.jpg\",\"contentUrl\":\"https:\\\/\\\/radioljubuski.ba\\\/wp-content\\\/uploads\\\/2021\\\/02\\\/cropped-Radio_Ljubuski_logo1.jpg\",\"width\":512,\"height\":512,\"caption\":\"Radio Ljubu\u0161ki\"},\"image\":{\"@id\":\"https:\\\/\\\/radioljubuski.ba\\\/#\\\/schema\\\/logo\\\/image\\\/\"},\"sameAs\":[\"https:\\\/\\\/www.facebook.com\\\/Radiio-Ljubuski-1490835324566332\",\"https:\\\/\\\/x.com\\\/radioljubuski\",\"https:\\\/\\\/hr.linkedin.com\\\/company\\\/radio-ljubuski\",\"https:\\\/\\\/www.youtube.com\\\/channel\\\/UCHYaeO_n0Db3tjNGudGpXyw\"]},{\"@type\":\"Person\",\"@id\":\"https:\\\/\\\/radioljubuski.ba\\\/#\\\/schema\\\/person\\\/19fc700381a780f69665d7956c469e3b\",\"name\":\"Radio Ljubu\u0161ki\"}]}<\/script>\n<!-- \/ Yoast SEO plugin. -->","yoast_head_json":{"title":"Najava: IV. Memorijalni rukometni turnir \u201cIvana i Filip Kraljevi\u0107\u201d - RADIO LJUBU\u0160KI","robots":{"index":"index","follow":"follow","max-snippet":"max-snippet:-1","max-image-preview":"max-image-preview:large","max-video-preview":"max-video-preview:-1"},"canonical":"https:\/\/radioljubuski.ba\/index.php\/2026\/04\/30\/najava-iv-memorijalni-rukometni-turnir-ivana-i-filip-kraljevic\/","og_locale":"hr_HR","og_type":"article","og_title":"Najava: IV. Memorijalni rukometni turnir \u201cIvana i Filip Kraljevi\u0107\u201d - RADIO LJUBU\u0160KI","og_description":"U Ljubu\u0161kom \u0107e se predstoje\u0107i vikend odr\u017eati &nbsp;IV. Memorijalni turnir \u201eIvana i Filip Kraljevi\u0107\u201c. Turnir \u0107e se odr\u017eati u Gradskoj \u0161portskoj dvorani u Ljubu\u0161kom u subotu i nedjelju, 2. i 3. svibnja 2026. godine. Na turniru \u0107e sudjelovati deset ekipa, pet u mu\u0161koj i pet u \u017eenskoj konkurenciji, u kategorijama 2013.\/2014. godi\u0161te. U mu\u0161koj konkurenciji, [&hellip;]","og_url":"https:\/\/radioljubuski.ba\/index.php\/2026\/04\/30\/najava-iv-memorijalni-rukometni-turnir-ivana-i-filip-kraljevic\/","og_site_name":"RADIO LJUBU\u0160KI","article_publisher":"https:\/\/www.facebook.com\/Radiio-Ljubuski-1490835324566332","article_published_time":"2026-04-30T12:52:25+00:00","article_modified_time":"2026-04-30T13:44:01+00:00","og_image":[{"width":580,"height":328,"url":"https:\/\/radioljubuski.ba\/wp-content\/uploads\/2026\/04\/Snimka-zaslona-2026-04-30-145119.png","type":"image\/png"}],"author":"Radio Ljubu\u0161ki","twitter_card":"summary_large_image","twitter_creator":"@radioljubuski","twitter_site":"@radioljubuski","twitter_misc":{"Napisao\/la":"Radio Ljubu\u0161ki","Procijenjeno vrijeme \u010ditanja":"2 minute"},"schema":{"@context":"https:\/\/schema.org","@graph":[{"@type":"Article","@id":"https:\/\/radioljubuski.ba\/index.php\/2026\/04\/30\/najava-iv-memorijalni-rukometni-turnir-ivana-i-filip-kraljevic\/#article","isPartOf":{"@id":"https:\/\/radioljubuski.ba\/index.php\/2026\/04\/30\/najava-iv-memorijalni-rukometni-turnir-ivana-i-filip-kraljevic\/"},"author":{"name":"Radio Ljubu\u0161ki","@id":"https:\/\/radioljubuski.ba\/#\/schema\/person\/19fc700381a780f69665d7956c469e3b"},"headline":"Najava: IV. Memorijalni rukometni turnir \u201cIvana i Filip Kraljevi\u0107\u201d","datePublished":"2026-04-30T12:52:25+00:00","dateModified":"2026-04-30T13:44:01+00:00","mainEntityOfPage":{"@id":"https:\/\/radioljubuski.ba\/index.php\/2026\/04\/30\/najava-iv-memorijalni-rukometni-turnir-ivana-i-filip-kraljevic\/"},"wordCount":211,"publisher":{"@id":"https:\/\/radioljubuski.ba\/#organization"},"image":{"@id":"https:\/\/radioljubuski.ba\/index.php\/2026\/04\/30\/najava-iv-memorijalni-rukometni-turnir-ivana-i-filip-kraljevic\/#primaryimage"},"thumbnailUrl":"https:\/\/radioljubuski.ba\/wp-content\/uploads\/2026\/04\/Snimka-zaslona-2026-04-30-145119.png","articleSection":["Ljubu\u0161ki","Novosti","\u0160port"],"inLanguage":"hr"},{"@type":"WebPage","@id":"https:\/\/radioljubuski.ba\/index.php\/2026\/04\/30\/najava-iv-memorijalni-rukometni-turnir-ivana-i-filip-kraljevic\/","url":"https:\/\/radioljubuski.ba\/index.php\/2026\/04\/30\/najava-iv-memorijalni-rukometni-turnir-ivana-i-filip-kraljevic\/","name":"Najava: IV. Memorijalni rukometni turnir \u201cIvana i Filip Kraljevi\u0107\u201d - RADIO LJUBU\u0160KI","isPartOf":{"@id":"https:\/\/radioljubuski.ba\/#website"},"primaryImageOfPage":{"@id":"https:\/\/radioljubuski.ba\/index.php\/2026\/04\/30\/najava-iv-memorijalni-rukometni-turnir-ivana-i-filip-kraljevic\/#primaryimage"},"image":{"@id":"https:\/\/radioljubuski.ba\/index.php\/2026\/04\/30\/najava-iv-memorijalni-rukometni-turnir-ivana-i-filip-kraljevic\/#primaryimage"},"thumbnailUrl":"https:\/\/radioljubuski.ba\/wp-content\/uploads\/2026\/04\/Snimka-zaslona-2026-04-30-145119.png","datePublished":"2026-04-30T12:52:25+00:00","dateModified":"2026-04-30T13:44:01+00:00","breadcrumb":{"@id":"https:\/\/radioljubuski.ba\/index.php\/2026\/04\/30\/najava-iv-memorijalni-rukometni-turnir-ivana-i-filip-kraljevic\/#breadcrumb"},"inLanguage":"hr","potentialAction":[{"@type":"ReadAction","target":["https:\/\/radioljubuski.ba\/index.php\/2026\/04\/30\/najava-iv-memorijalni-rukometni-turnir-ivana-i-filip-kraljevic\/"]}]},{"@type":"ImageObject","inLanguage":"hr","@id":"https:\/\/radioljubuski.ba\/index.php\/2026\/04\/30\/najava-iv-memorijalni-rukometni-turnir-ivana-i-filip-kraljevic\/#primaryimage","url":"https:\/\/radioljubuski.ba\/wp-content\/uploads\/2026\/04\/Snimka-zaslona-2026-04-30-145119.png","contentUrl":"https:\/\/radioljubuski.ba\/wp-content\/uploads\/2026\/04\/Snimka-zaslona-2026-04-30-145119.png","width":580,"height":328},{"@type":"BreadcrumbList","@id":"https:\/\/radioljubuski.ba\/index.php\/2026\/04\/30\/najava-iv-memorijalni-rukometni-turnir-ivana-i-filip-kraljevic\/#breadcrumb","itemListElement":[{"@type":"ListItem","position":1,"name":"Po\u010detna stranica","item":"https:\/\/radioljubuski.ba\/"},{"@type":"ListItem","position":2,"name":"Najava: IV. Memorijalni rukometni turnir \u201cIvana i Filip Kraljevi\u0107\u201d"}]},{"@type":"WebSite","@id":"https:\/\/radioljubuski.ba\/#website","url":"https:\/\/radioljubuski.ba\/","name":"Radio Ljubu\u0161ki","description":"Sun\u010dana frekvencija Hercegovine","publisher":{"@id":"https:\/\/radioljubuski.ba\/#organization"},"potentialAction":[{"@type":"SearchAction","target":{"@type":"EntryPoint","urlTemplate":"https:\/\/radioljubuski.ba\/?s={search_term_string}"},"query-input":{"@type":"PropertyValueSpecification","valueRequired":true,"valueName":"search_term_string"}}],"inLanguage":"hr"},{"@type":"Organization","@id":"https:\/\/radioljubuski.ba\/#organization","name":"Radio Ljubu\u0161ki","url":"https:\/\/radioljubuski.ba\/","logo":{"@type":"ImageObject","inLanguage":"hr","@id":"https:\/\/radioljubuski.ba\/#\/schema\/logo\/image\/","url":"https:\/\/radioljubuski.ba\/wp-content\/uploads\/2021\/02\/cropped-Radio_Ljubuski_logo1.jpg","contentUrl":"https:\/\/radioljubuski.ba\/wp-content\/uploads\/2021\/02\/cropped-Radio_Ljubuski_logo1.jpg","width":512,"height":512,"caption":"Radio Ljubu\u0161ki"},"image":{"@id":"https:\/\/radioljubuski.ba\/#\/schema\/logo\/image\/"},"sameAs":["https:\/\/www.facebook.com\/Radiio-Ljubuski-1490835324566332","https:\/\/x.com\/radioljubuski","https:\/\/hr.linkedin.com\/company\/radio-ljubuski","https:\/\/www.youtube.com\/channel\/UCHYaeO_n0Db3tjNGudGpXyw"]},{"@type":"Person","@id":"https:\/\/radioljubuski.ba\/#\/schema\/person\/19fc700381a780f69665d7956c469e3b","name":"Radio Ljubu\u0161ki"}]}},"_links":{"self":[{"href":"https:\/\/radioljubuski.ba\/index.php\/wp-json\/wp\/v2\/posts\/227763","targetHints":{"allow":["GET"]}}],"collection":[{"href":"https:\/\/radioljubuski.ba\/index.php\/wp-json\/wp\/v2\/posts"}],"about":[{"href":"https:\/\/radioljubuski.ba\/index.php\/wp-json\/wp\/v2\/types\/post"}],"author":[{"embeddable":true,"href":"https:\/\/radioljubuski.ba\/index.php\/wp-json\/wp\/v2\/users\/2"}],"replies":[{"embeddable":true,"href":"https:\/\/radioljubuski.ba\/index.php\/wp-json\/wp\/v2\/comments?post=227763"}],"version-history":[{"count":3,"href":"https:\/\/radioljubuski.ba\/index.php\/wp-json\/wp\/v2\/posts\/227763\/revisions"}],"predecessor-version":[{"id":227772,"href":"https:\/\/radioljubuski.ba\/index.php\/wp-json\/wp\/v2\/posts\/227763\/revisions\/227772"}],"wp:featuredmedia":[{"embeddable":true,"href":"https:\/\/radioljubuski.ba\/index.php\/wp-json\/wp\/v2\/media\/227764"}],"wp:attachment":[{"href":"https:\/\/radioljubuski.ba\/index.php\/wp-json\/wp\/v2\/media?parent=227763"}],"wp:term":[{"taxonomy":"category","embeddable":true,"href":"https:\/\/radioljubuski.ba\/index.php\/wp-json\/wp\/v2\/categories?post=227763"},{"taxonomy":"post_tag","embeddable":true,"href":"https:\/\/radioljubuski.ba\/index.php\/wp-json\/wp\/v2\/tags?post=227763"}],"curies":[{"name":"wp","href":"https:\/\/api.w.org\/{rel}","templated":true}]}}