{"id":227781,"date":"2026-05-01T10:01:02","date_gmt":"2026-05-01T09:01:02","guid":{"rendered":"https:\/\/radioljubuski.ba\/?p=227781"},"modified":"2026-05-01T11:08:11","modified_gmt":"2026-05-01T10:08:11","slug":"sretno-skauti-za-mjesto-u-povijesti","status":"publish","type":"post","link":"https:\/\/radioljubuski.ba\/index.php\/2026\/05\/01\/sretno-skauti-za-mjesto-u-povijesti\/","title":{"rendered":"SRETNO SKAUTI, ZA MJESTO U POVIJESTI!"},"content":{"rendered":"\n<p>Dvanaesterostruki prvak Bosne i Hercegovine, RK Izvi\u0111a\u010d Agram, danas od 17 sati igra uzvratnu utakmicu polufinala EHF Europskog kupa protiv Tatab\u00e1nye. Mom\u010dad je iz  Ljubu\u0161kog u Ma\u0111arsku otputovala s predno\u0161\u0107u od dva gola iz prvog susreta 33:31.<\/p>\n\n\n\n<figure class=\"wp-block-image size-large\"><img loading=\"lazy\" decoding=\"async\" width=\"768\" height=\"1024\" src=\"https:\/\/radioljubuski.ba\/wp-content\/uploads\/2026\/05\/16657-768x1024.jpg\" alt=\"\" class=\"wp-image-227799\" srcset=\"https:\/\/radioljubuski.ba\/wp-content\/uploads\/2026\/05\/16657-768x1024.jpg 768w, https:\/\/radioljubuski.ba\/wp-content\/uploads\/2026\/05\/16657-225x300.jpg 225w, https:\/\/radioljubuski.ba\/wp-content\/uploads\/2026\/05\/16657-1152x1536.jpg 1152w, https:\/\/radioljubuski.ba\/wp-content\/uploads\/2026\/05\/16657-1536x2048.jpg 1536w, https:\/\/radioljubuski.ba\/wp-content\/uploads\/2026\/05\/16657-9x12.jpg 9w, https:\/\/radioljubuski.ba\/wp-content\/uploads\/2026\/05\/16657-scaled.jpg 1920w\" sizes=\"auto, (max-width: 768px) 100vw, 768px\" \/><\/figure>\n\n\n\n<p>Podr\u0161ku \u0107e na\u0161i \u201cSkauti\u201d imati i s tribina, jer je zna\u010dajan broj navija\u010da krenuo iz Ljubu\u0161kog jo\u0161 sino\u0107 i tijekom dana, kako bi bio uz mom\u010dad u jednoj od najva\u017enijih utakmica u povijesti kluba.<\/p>\n\n\n\n<figure class=\"wp-block-image size-full\"><img loading=\"lazy\" decoding=\"async\" width=\"658\" height=\"547\" src=\"https:\/\/radioljubuski.ba\/wp-content\/uploads\/2026\/05\/16686.jpg\" alt=\"\" class=\"wp-image-227801\" srcset=\"https:\/\/radioljubuski.ba\/wp-content\/uploads\/2026\/05\/16686.jpg 658w, https:\/\/radioljubuski.ba\/wp-content\/uploads\/2026\/05\/16686-300x249.jpg 300w, https:\/\/radioljubuski.ba\/wp-content\/uploads\/2026\/05\/16686-14x12.jpg 14w\" sizes=\"auto, (max-width: 658px) 100vw, 658px\" \/><\/figure>\n\n\n\n<p>Za RK Izvi\u0111a\u010d Agram ovo nije samo jo\u0161 jedna utakmica; rije\u010d je o povijesnoj prilici kakva se rijetko pru\u017ea. Na\u0161 klub nalazi se nadomak najve\u0107eg uspjeha u svojoj povijesti, a plasman u finale EHF Europskog kupa zna\u010dio bi ispisivanje zlatnih stranica ne samo kluba, nego i bh. rukometa.<\/p>\n\n\n\n<figure class=\"wp-block-gallery has-nested-images columns-default is-cropped wp-block-gallery-1 is-layout-flex wp-block-gallery-is-layout-flex\">\n<figure class=\"wp-block-image size-large\"><img loading=\"lazy\" decoding=\"async\" width=\"1024\" height=\"404\" data-id=\"227783\" src=\"https:\/\/radioljubuski.ba\/wp-content\/uploads\/2026\/05\/rk-proslava-1024x404.jpg\" alt=\"\" class=\"wp-image-227783\" srcset=\"https:\/\/radioljubuski.ba\/wp-content\/uploads\/2026\/05\/rk-proslava-1024x404.jpg 1024w, https:\/\/radioljubuski.ba\/wp-content\/uploads\/2026\/05\/rk-proslava-300x119.jpg 300w, https:\/\/radioljubuski.ba\/wp-content\/uploads\/2026\/05\/rk-proslava-768x303.jpg 768w, https:\/\/radioljubuski.ba\/wp-content\/uploads\/2026\/05\/rk-proslava-1536x607.jpg 1536w, https:\/\/radioljubuski.ba\/wp-content\/uploads\/2026\/05\/rk-proslava-18x7.jpg 18w, https:\/\/radioljubuski.ba\/wp-content\/uploads\/2026\/05\/rk-proslava.jpg 2000w\" sizes=\"auto, (max-width: 1024px) 100vw, 1024px\" \/><\/figure>\n<\/figure>\n\n\n\n<p>Izvi\u0111a\u010d je ve\u0107 pokazao da se mo\u017ee nositi s favoriziranim protivnikom, a nova dobra izvedba mogla bi donijeti rezultat koji bi u\u0161ao u klupsku povijest. Uzvratni susret po\u010dinje u 17:00 sati, uz izravan prijenos na tv kanalu Arena 1 Premium.<\/p>\n\n\n\n<figure class=\"wp-block-image size-large\"><img loading=\"lazy\" decoding=\"async\" width=\"1024\" height=\"682\" src=\"https:\/\/radioljubuski.ba\/wp-content\/uploads\/2026\/05\/navijaci-1024x682.jpg\" alt=\"\" class=\"wp-image-227784\" srcset=\"https:\/\/radioljubuski.ba\/wp-content\/uploads\/2026\/05\/navijaci-1024x682.jpg 1024w, https:\/\/radioljubuski.ba\/wp-content\/uploads\/2026\/05\/navijaci-300x200.jpg 300w, https:\/\/radioljubuski.ba\/wp-content\/uploads\/2026\/05\/navijaci-768x512.jpg 768w, https:\/\/radioljubuski.ba\/wp-content\/uploads\/2026\/05\/navijaci-1536x1024.jpg 1536w, https:\/\/radioljubuski.ba\/wp-content\/uploads\/2026\/05\/navijaci-18x12.jpg 18w, https:\/\/radioljubuski.ba\/wp-content\/uploads\/2026\/05\/navijaci.jpg 2000w\" sizes=\"auto, (max-width: 1024px) 100vw, 1024px\" \/><\/figure>\n\n\n\n<p><strong>Sretno Skauti \u2013 ve\u010deras pi\u0161ete povijest!<\/strong><\/p>\n\n\n\n<p>Radio Ljubu\u0161ki<\/p>\n","protected":false},"excerpt":{"rendered":"<p>Dvanaesterostruki prvak Bosne i Hercegovine, RK Izvi\u0111a\u010d Agram, danas od 17 sati igra uzvratnu utakmicu polufinala EHF Europskog kupa protiv Tatab\u00e1nye. Mom\u010dad je iz Ljubu\u0161kog u Ma\u0111arsku otputovala s predno\u0161\u0107u od dva gola iz prvog susreta 33:31. Podr\u0161ku \u0107e na\u0161i \u201cSkauti\u201d imati i s tribina, jer je zna\u010dajan broj navija\u010da krenuo iz Ljubu\u0161kog jo\u0161 sino\u0107 [&hellip;]<\/p>\n","protected":false},"author":2,"featured_media":227782,"comment_status":"closed","ping_status":"closed","sticky":false,"template":"","format":"standard","meta":{"h5ap_radio_sources":[],"footnotes":""},"categories":[3,28],"tags":[],"class_list":["post-227781","post","type-post","status-publish","format-standard","has-post-thumbnail","hentry","category-ljubuski","category-novosti"],"yoast_head":"<!-- This site is optimized with the Yoast SEO plugin v27.5 - https:\/\/yoast.com\/product\/yoast-seo-wordpress\/ -->\n<title>SRETNO SKAUTI, ZA MJESTO U POVIJESTI! - RADIO LJUBU\u0160KI<\/title>\n<meta name=\"robots\" content=\"index, follow, max-snippet:-1, max-image-preview:large, max-video-preview:-1\" \/>\n<link rel=\"canonical\" href=\"https:\/\/radioljubuski.ba\/index.php\/2026\/05\/01\/sretno-skauti-za-mjesto-u-povijesti\/\" \/>\n<meta property=\"og:locale\" content=\"hr_HR\" \/>\n<meta property=\"og:type\" content=\"article\" \/>\n<meta property=\"og:title\" content=\"SRETNO SKAUTI, ZA MJESTO U POVIJESTI! - RADIO LJUBU\u0160KI\" \/>\n<meta property=\"og:description\" content=\"Dvanaesterostruki prvak Bosne i Hercegovine, RK Izvi\u0111a\u010d Agram, danas od 17 sati igra uzvratnu utakmicu polufinala EHF Europskog kupa protiv Tatab\u00e1nye. Mom\u010dad je iz Ljubu\u0161kog u Ma\u0111arsku otputovala s predno\u0161\u0107u od dva gola iz prvog susreta 33:31. Podr\u0161ku \u0107e na\u0161i \u201cSkauti\u201d imati i s tribina, jer je zna\u010dajan broj navija\u010da krenuo iz Ljubu\u0161kog jo\u0161 sino\u0107 [&hellip;]\" \/>\n<meta property=\"og:url\" content=\"https:\/\/radioljubuski.ba\/index.php\/2026\/05\/01\/sretno-skauti-za-mjesto-u-povijesti\/\" \/>\n<meta property=\"og:site_name\" content=\"RADIO LJUBU\u0160KI\" \/>\n<meta property=\"article:publisher\" content=\"https:\/\/www.facebook.com\/Radiio-Ljubuski-1490835324566332\" \/>\n<meta property=\"article:published_time\" content=\"2026-05-01T09:01:02+00:00\" \/>\n<meta property=\"article:modified_time\" content=\"2026-05-01T10:08:11+00:00\" \/>\n<meta property=\"og:image\" content=\"https:\/\/radioljubuski.ba\/wp-content\/uploads\/2026\/05\/rk-izvidac2.jpg\" \/>\n\t<meta property=\"og:image:width\" content=\"512\" \/>\n\t<meta property=\"og:image:height\" content=\"640\" \/>\n\t<meta property=\"og:image:type\" content=\"image\/jpeg\" \/>\n<meta name=\"author\" content=\"Radio Ljubu\u0161ki\" \/>\n<meta name=\"twitter:card\" content=\"summary_large_image\" \/>\n<meta name=\"twitter:creator\" content=\"@radioljubuski\" \/>\n<meta name=\"twitter:site\" content=\"@radioljubuski\" \/>\n<meta name=\"twitter:label1\" content=\"Napisao\/la\" \/>\n\t<meta name=\"twitter:data1\" content=\"Radio Ljubu\u0161ki\" \/>\n\t<meta name=\"twitter:label2\" content=\"Procijenjeno vrijeme \u010ditanja\" \/>\n\t<meta name=\"twitter:data2\" content=\"2 minute\" \/>\n<script type=\"application\/ld+json\" class=\"yoast-schema-graph\">{\"@context\":\"https:\\\/\\\/schema.org\",\"@graph\":[{\"@type\":\"Article\",\"@id\":\"https:\\\/\\\/radioljubuski.ba\\\/index.php\\\/2026\\\/05\\\/01\\\/sretno-skauti-za-mjesto-u-povijesti\\\/#article\",\"isPartOf\":{\"@id\":\"https:\\\/\\\/radioljubuski.ba\\\/index.php\\\/2026\\\/05\\\/01\\\/sretno-skauti-za-mjesto-u-povijesti\\\/\"},\"author\":{\"name\":\"Radio Ljubu\u0161ki\",\"@id\":\"https:\\\/\\\/radioljubuski.ba\\\/#\\\/schema\\\/person\\\/19fc700381a780f69665d7956c469e3b\"},\"headline\":\"SRETNO SKAUTI, ZA MJESTO U POVIJESTI!\",\"datePublished\":\"2026-05-01T09:01:02+00:00\",\"dateModified\":\"2026-05-01T10:08:11+00:00\",\"mainEntityOfPage\":{\"@id\":\"https:\\\/\\\/radioljubuski.ba\\\/index.php\\\/2026\\\/05\\\/01\\\/sretno-skauti-za-mjesto-u-povijesti\\\/\"},\"wordCount\":192,\"publisher\":{\"@id\":\"https:\\\/\\\/radioljubuski.ba\\\/#organization\"},\"image\":{\"@id\":\"https:\\\/\\\/radioljubuski.ba\\\/index.php\\\/2026\\\/05\\\/01\\\/sretno-skauti-za-mjesto-u-povijesti\\\/#primaryimage\"},\"thumbnailUrl\":\"https:\\\/\\\/radioljubuski.ba\\\/wp-content\\\/uploads\\\/2026\\\/05\\\/rk-izvidac2.jpg\",\"articleSection\":[\"Ljubu\u0161ki\",\"Novosti\"],\"inLanguage\":\"hr\"},{\"@type\":\"WebPage\",\"@id\":\"https:\\\/\\\/radioljubuski.ba\\\/index.php\\\/2026\\\/05\\\/01\\\/sretno-skauti-za-mjesto-u-povijesti\\\/\",\"url\":\"https:\\\/\\\/radioljubuski.ba\\\/index.php\\\/2026\\\/05\\\/01\\\/sretno-skauti-za-mjesto-u-povijesti\\\/\",\"name\":\"SRETNO SKAUTI, ZA MJESTO U POVIJESTI! - RADIO LJUBU\u0160KI\",\"isPartOf\":{\"@id\":\"https:\\\/\\\/radioljubuski.ba\\\/#website\"},\"primaryImageOfPage\":{\"@id\":\"https:\\\/\\\/radioljubuski.ba\\\/index.php\\\/2026\\\/05\\\/01\\\/sretno-skauti-za-mjesto-u-povijesti\\\/#primaryimage\"},\"image\":{\"@id\":\"https:\\\/\\\/radioljubuski.ba\\\/index.php\\\/2026\\\/05\\\/01\\\/sretno-skauti-za-mjesto-u-povijesti\\\/#primaryimage\"},\"thumbnailUrl\":\"https:\\\/\\\/radioljubuski.ba\\\/wp-content\\\/uploads\\\/2026\\\/05\\\/rk-izvidac2.jpg\",\"datePublished\":\"2026-05-01T09:01:02+00:00\",\"dateModified\":\"2026-05-01T10:08:11+00:00\",\"breadcrumb\":{\"@id\":\"https:\\\/\\\/radioljubuski.ba\\\/index.php\\\/2026\\\/05\\\/01\\\/sretno-skauti-za-mjesto-u-povijesti\\\/#breadcrumb\"},\"inLanguage\":\"hr\",\"potentialAction\":[{\"@type\":\"ReadAction\",\"target\":[\"https:\\\/\\\/radioljubuski.ba\\\/index.php\\\/2026\\\/05\\\/01\\\/sretno-skauti-za-mjesto-u-povijesti\\\/\"]}]},{\"@type\":\"ImageObject\",\"inLanguage\":\"hr\",\"@id\":\"https:\\\/\\\/radioljubuski.ba\\\/index.php\\\/2026\\\/05\\\/01\\\/sretno-skauti-za-mjesto-u-povijesti\\\/#primaryimage\",\"url\":\"https:\\\/\\\/radioljubuski.ba\\\/wp-content\\\/uploads\\\/2026\\\/05\\\/rk-izvidac2.jpg\",\"contentUrl\":\"https:\\\/\\\/radioljubuski.ba\\\/wp-content\\\/uploads\\\/2026\\\/05\\\/rk-izvidac2.jpg\",\"width\":512,\"height\":640},{\"@type\":\"BreadcrumbList\",\"@id\":\"https:\\\/\\\/radioljubuski.ba\\\/index.php\\\/2026\\\/05\\\/01\\\/sretno-skauti-za-mjesto-u-povijesti\\\/#breadcrumb\",\"itemListElement\":[{\"@type\":\"ListItem\",\"position\":1,\"name\":\"Po\u010detna stranica\",\"item\":\"https:\\\/\\\/radioljubuski.ba\\\/\"},{\"@type\":\"ListItem\",\"position\":2,\"name\":\"SRETNO SKAUTI, ZA MJESTO U POVIJESTI!\"}]},{\"@type\":\"WebSite\",\"@id\":\"https:\\\/\\\/radioljubuski.ba\\\/#website\",\"url\":\"https:\\\/\\\/radioljubuski.ba\\\/\",\"name\":\"Radio Ljubu\u0161ki\",\"description\":\"Sun\u010dana frekvencija Hercegovine\",\"publisher\":{\"@id\":\"https:\\\/\\\/radioljubuski.ba\\\/#organization\"},\"potentialAction\":[{\"@type\":\"SearchAction\",\"target\":{\"@type\":\"EntryPoint\",\"urlTemplate\":\"https:\\\/\\\/radioljubuski.ba\\\/?s={search_term_string}\"},\"query-input\":{\"@type\":\"PropertyValueSpecification\",\"valueRequired\":true,\"valueName\":\"search_term_string\"}}],\"inLanguage\":\"hr\"},{\"@type\":\"Organization\",\"@id\":\"https:\\\/\\\/radioljubuski.ba\\\/#organization\",\"name\":\"Radio Ljubu\u0161ki\",\"url\":\"https:\\\/\\\/radioljubuski.ba\\\/\",\"logo\":{\"@type\":\"ImageObject\",\"inLanguage\":\"hr\",\"@id\":\"https:\\\/\\\/radioljubuski.ba\\\/#\\\/schema\\\/logo\\\/image\\\/\",\"url\":\"https:\\\/\\\/radioljubuski.ba\\\/wp-content\\\/uploads\\\/2021\\\/02\\\/cropped-Radio_Ljubuski_logo1.jpg\",\"contentUrl\":\"https:\\\/\\\/radioljubuski.ba\\\/wp-content\\\/uploads\\\/2021\\\/02\\\/cropped-Radio_Ljubuski_logo1.jpg\",\"width\":512,\"height\":512,\"caption\":\"Radio Ljubu\u0161ki\"},\"image\":{\"@id\":\"https:\\\/\\\/radioljubuski.ba\\\/#\\\/schema\\\/logo\\\/image\\\/\"},\"sameAs\":[\"https:\\\/\\\/www.facebook.com\\\/Radiio-Ljubuski-1490835324566332\",\"https:\\\/\\\/x.com\\\/radioljubuski\",\"https:\\\/\\\/hr.linkedin.com\\\/company\\\/radio-ljubuski\",\"https:\\\/\\\/www.youtube.com\\\/channel\\\/UCHYaeO_n0Db3tjNGudGpXyw\"]},{\"@type\":\"Person\",\"@id\":\"https:\\\/\\\/radioljubuski.ba\\\/#\\\/schema\\\/person\\\/19fc700381a780f69665d7956c469e3b\",\"name\":\"Radio Ljubu\u0161ki\"}]}<\/script>\n<!-- \/ Yoast SEO plugin. -->","yoast_head_json":{"title":"SRETNO SKAUTI, ZA MJESTO U POVIJESTI! - RADIO LJUBU\u0160KI","robots":{"index":"index","follow":"follow","max-snippet":"max-snippet:-1","max-image-preview":"max-image-preview:large","max-video-preview":"max-video-preview:-1"},"canonical":"https:\/\/radioljubuski.ba\/index.php\/2026\/05\/01\/sretno-skauti-za-mjesto-u-povijesti\/","og_locale":"hr_HR","og_type":"article","og_title":"SRETNO SKAUTI, ZA MJESTO U POVIJESTI! - RADIO LJUBU\u0160KI","og_description":"Dvanaesterostruki prvak Bosne i Hercegovine, RK Izvi\u0111a\u010d Agram, danas od 17 sati igra uzvratnu utakmicu polufinala EHF Europskog kupa protiv Tatab\u00e1nye. Mom\u010dad je iz Ljubu\u0161kog u Ma\u0111arsku otputovala s predno\u0161\u0107u od dva gola iz prvog susreta 33:31. Podr\u0161ku \u0107e na\u0161i \u201cSkauti\u201d imati i s tribina, jer je zna\u010dajan broj navija\u010da krenuo iz Ljubu\u0161kog jo\u0161 sino\u0107 [&hellip;]","og_url":"https:\/\/radioljubuski.ba\/index.php\/2026\/05\/01\/sretno-skauti-za-mjesto-u-povijesti\/","og_site_name":"RADIO LJUBU\u0160KI","article_publisher":"https:\/\/www.facebook.com\/Radiio-Ljubuski-1490835324566332","article_published_time":"2026-05-01T09:01:02+00:00","article_modified_time":"2026-05-01T10:08:11+00:00","og_image":[{"width":512,"height":640,"url":"https:\/\/radioljubuski.ba\/wp-content\/uploads\/2026\/05\/rk-izvidac2.jpg","type":"image\/jpeg"}],"author":"Radio Ljubu\u0161ki","twitter_card":"summary_large_image","twitter_creator":"@radioljubuski","twitter_site":"@radioljubuski","twitter_misc":{"Napisao\/la":"Radio Ljubu\u0161ki","Procijenjeno vrijeme \u010ditanja":"2 minute"},"schema":{"@context":"https:\/\/schema.org","@graph":[{"@type":"Article","@id":"https:\/\/radioljubuski.ba\/index.php\/2026\/05\/01\/sretno-skauti-za-mjesto-u-povijesti\/#article","isPartOf":{"@id":"https:\/\/radioljubuski.ba\/index.php\/2026\/05\/01\/sretno-skauti-za-mjesto-u-povijesti\/"},"author":{"name":"Radio Ljubu\u0161ki","@id":"https:\/\/radioljubuski.ba\/#\/schema\/person\/19fc700381a780f69665d7956c469e3b"},"headline":"SRETNO SKAUTI, ZA MJESTO U POVIJESTI!","datePublished":"2026-05-01T09:01:02+00:00","dateModified":"2026-05-01T10:08:11+00:00","mainEntityOfPage":{"@id":"https:\/\/radioljubuski.ba\/index.php\/2026\/05\/01\/sretno-skauti-za-mjesto-u-povijesti\/"},"wordCount":192,"publisher":{"@id":"https:\/\/radioljubuski.ba\/#organization"},"image":{"@id":"https:\/\/radioljubuski.ba\/index.php\/2026\/05\/01\/sretno-skauti-za-mjesto-u-povijesti\/#primaryimage"},"thumbnailUrl":"https:\/\/radioljubuski.ba\/wp-content\/uploads\/2026\/05\/rk-izvidac2.jpg","articleSection":["Ljubu\u0161ki","Novosti"],"inLanguage":"hr"},{"@type":"WebPage","@id":"https:\/\/radioljubuski.ba\/index.php\/2026\/05\/01\/sretno-skauti-za-mjesto-u-povijesti\/","url":"https:\/\/radioljubuski.ba\/index.php\/2026\/05\/01\/sretno-skauti-za-mjesto-u-povijesti\/","name":"SRETNO SKAUTI, ZA MJESTO U POVIJESTI! - RADIO LJUBU\u0160KI","isPartOf":{"@id":"https:\/\/radioljubuski.ba\/#website"},"primaryImageOfPage":{"@id":"https:\/\/radioljubuski.ba\/index.php\/2026\/05\/01\/sretno-skauti-za-mjesto-u-povijesti\/#primaryimage"},"image":{"@id":"https:\/\/radioljubuski.ba\/index.php\/2026\/05\/01\/sretno-skauti-za-mjesto-u-povijesti\/#primaryimage"},"thumbnailUrl":"https:\/\/radioljubuski.ba\/wp-content\/uploads\/2026\/05\/rk-izvidac2.jpg","datePublished":"2026-05-01T09:01:02+00:00","dateModified":"2026-05-01T10:08:11+00:00","breadcrumb":{"@id":"https:\/\/radioljubuski.ba\/index.php\/2026\/05\/01\/sretno-skauti-za-mjesto-u-povijesti\/#breadcrumb"},"inLanguage":"hr","potentialAction":[{"@type":"ReadAction","target":["https:\/\/radioljubuski.ba\/index.php\/2026\/05\/01\/sretno-skauti-za-mjesto-u-povijesti\/"]}]},{"@type":"ImageObject","inLanguage":"hr","@id":"https:\/\/radioljubuski.ba\/index.php\/2026\/05\/01\/sretno-skauti-za-mjesto-u-povijesti\/#primaryimage","url":"https:\/\/radioljubuski.ba\/wp-content\/uploads\/2026\/05\/rk-izvidac2.jpg","contentUrl":"https:\/\/radioljubuski.ba\/wp-content\/uploads\/2026\/05\/rk-izvidac2.jpg","width":512,"height":640},{"@type":"BreadcrumbList","@id":"https:\/\/radioljubuski.ba\/index.php\/2026\/05\/01\/sretno-skauti-za-mjesto-u-povijesti\/#breadcrumb","itemListElement":[{"@type":"ListItem","position":1,"name":"Po\u010detna stranica","item":"https:\/\/radioljubuski.ba\/"},{"@type":"ListItem","position":2,"name":"SRETNO SKAUTI, ZA MJESTO U POVIJESTI!"}]},{"@type":"WebSite","@id":"https:\/\/radioljubuski.ba\/#website","url":"https:\/\/radioljubuski.ba\/","name":"Radio Ljubu\u0161ki","description":"Sun\u010dana frekvencija Hercegovine","publisher":{"@id":"https:\/\/radioljubuski.ba\/#organization"},"potentialAction":[{"@type":"SearchAction","target":{"@type":"EntryPoint","urlTemplate":"https:\/\/radioljubuski.ba\/?s={search_term_string}"},"query-input":{"@type":"PropertyValueSpecification","valueRequired":true,"valueName":"search_term_string"}}],"inLanguage":"hr"},{"@type":"Organization","@id":"https:\/\/radioljubuski.ba\/#organization","name":"Radio Ljubu\u0161ki","url":"https:\/\/radioljubuski.ba\/","logo":{"@type":"ImageObject","inLanguage":"hr","@id":"https:\/\/radioljubuski.ba\/#\/schema\/logo\/image\/","url":"https:\/\/radioljubuski.ba\/wp-content\/uploads\/2021\/02\/cropped-Radio_Ljubuski_logo1.jpg","contentUrl":"https:\/\/radioljubuski.ba\/wp-content\/uploads\/2021\/02\/cropped-Radio_Ljubuski_logo1.jpg","width":512,"height":512,"caption":"Radio Ljubu\u0161ki"},"image":{"@id":"https:\/\/radioljubuski.ba\/#\/schema\/logo\/image\/"},"sameAs":["https:\/\/www.facebook.com\/Radiio-Ljubuski-1490835324566332","https:\/\/x.com\/radioljubuski","https:\/\/hr.linkedin.com\/company\/radio-ljubuski","https:\/\/www.youtube.com\/channel\/UCHYaeO_n0Db3tjNGudGpXyw"]},{"@type":"Person","@id":"https:\/\/radioljubuski.ba\/#\/schema\/person\/19fc700381a780f69665d7956c469e3b","name":"Radio Ljubu\u0161ki"}]}},"_links":{"self":[{"href":"https:\/\/radioljubuski.ba\/index.php\/wp-json\/wp\/v2\/posts\/227781","targetHints":{"allow":["GET"]}}],"collection":[{"href":"https:\/\/radioljubuski.ba\/index.php\/wp-json\/wp\/v2\/posts"}],"about":[{"href":"https:\/\/radioljubuski.ba\/index.php\/wp-json\/wp\/v2\/types\/post"}],"author":[{"embeddable":true,"href":"https:\/\/radioljubuski.ba\/index.php\/wp-json\/wp\/v2\/users\/2"}],"replies":[{"embeddable":true,"href":"https:\/\/radioljubuski.ba\/index.php\/wp-json\/wp\/v2\/comments?post=227781"}],"version-history":[{"count":3,"href":"https:\/\/radioljubuski.ba\/index.php\/wp-json\/wp\/v2\/posts\/227781\/revisions"}],"predecessor-version":[{"id":227802,"href":"https:\/\/radioljubuski.ba\/index.php\/wp-json\/wp\/v2\/posts\/227781\/revisions\/227802"}],"wp:featuredmedia":[{"embeddable":true,"href":"https:\/\/radioljubuski.ba\/index.php\/wp-json\/wp\/v2\/media\/227782"}],"wp:attachment":[{"href":"https:\/\/radioljubuski.ba\/index.php\/wp-json\/wp\/v2\/media?parent=227781"}],"wp:term":[{"taxonomy":"category","embeddable":true,"href":"https:\/\/radioljubuski.ba\/index.php\/wp-json\/wp\/v2\/categories?post=227781"},{"taxonomy":"post_tag","embeddable":true,"href":"https:\/\/radioljubuski.ba\/index.php\/wp-json\/wp\/v2\/tags?post=227781"}],"curies":[{"name":"wp","href":"https:\/\/api.w.org\/{rel}","templated":true}]}}