{"id":22801,"date":"2021-05-18T23:20:53","date_gmt":"2021-05-18T22:20:53","guid":{"rendered":"https:\/\/radioljubuski.ba\/?p=22801"},"modified":"2021-05-18T23:20:54","modified_gmt":"2021-05-18T22:20:54","slug":"otkaz-medicinske-sestre-koja-se-brinula-za-johnsona","status":"publish","type":"post","link":"https:\/\/radioljubuski.ba\/index.php\/2021\/05\/18\/otkaz-medicinske-sestre-koja-se-brinula-za-johnsona\/","title":{"rendered":"Otkaz medicinske sestre koja se brinula za Johnsona"},"content":{"rendered":"\n<p><strong>Medicinska sestra koja se na intenzivnoj njezi brinula za britanskog premijera Borisa Johnsona dok se borio s bole\u0161\u0107u COVID-19 dala je otkaz. Prema medijskim \u010dlancima, bila je nezadovoljna na\u010dinom na koji vlada tretira zdravstvene djelatnike.<\/strong><\/p>\n\n\n\n<p>Sestra&nbsp;<strong>Jenny McGee,&nbsp;<\/strong>podrijetlom s Novog Zelanda, bila je jedna od dviju sestara koje je&nbsp;<strong>Boris Johnson&nbsp;<\/strong>pohvalio zbog njihove brige za njega dok je u travnju pro\u0161le godine bio u londonskoj bolnici sv. Tome, kada je kazao da mu je zdravstveni sustav spasio \u017eivot.<\/p>\n\n\n\n<p>No McGee je sada dala otkaz, kritiziraju\u0107i svojeg biv\u0161eg pacijenta i njegovu vladu zbog na\u010dina na koji tretira zdravstvene djelatnike, objavio je u utorak Guardian.<\/p>\n\n\n\n<p>&#8211; Ne po\u0161tuju nas niti nas pla\u0107aju koliko zaslu\u017eujemo. Dosta mi je. Dala sam otkaz, rekla je za dokumentarac televizijske postaje Channel 4 TV koji \u0107e biti objavljen 24. svibnja.&nbsp;<\/p>\n\n\n\n<p>Guardian navodi da je McGee govorila o kritiziranom vladinom prijedlogu da se zdravstvenim djelatnicima povisi pla\u0107a za 1 posto, \u0161to su Johnsonovi politi\u010dki protivnici i sindikati ocijenili uvredljivim.<\/p>\n\n\n\n<p>Johnsonov ured nije komentirao napise lista, ali je poru\u010dio da \u0107e britanska vlada &#8220;u\u010diniti sve \u0161to je u njezinoj mo\u0107i da podr\u017ei&#8221; zdravstvene djelatnike.<\/p>\n\n\n\n<p>&#8211; Jako smo zahvalni za skrb koju zdravstveni djelatnici pru\u017eaju, osobito u pandemiji. Zato su izuzeti iz zamrzavanja pla\u0107a u cijelom javnom sektoru koje je uvedeno zbog te\u0161ke gospodarske situacije izazvane pandemijom, kazala je glasnogovornica vlade.&nbsp;<\/p>\n\n\n\n<p>Bolnica sv. Tome objavila je priop\u0107enje u ime sestre McGee u kojem ona navodi da se raduje skorom nastavku karijere u medicini na Karibima, prije \u010dega \u0107e se odmoriti kod ku\u0107e na Novom Zelandu.<\/p>\n\n\n\n<p>&#8211; Nakon najte\u017ee godine u karijeri odmaknut \u0107u se od britanskog zdravstva, ali nadam se da \u0107u se u budu\u0107nosti vratiti, izjavila je McGee.<\/p>\n\n\n\n<p>Izvor:hrt.hr<\/p>\n","protected":false},"excerpt":{"rendered":"<p>Medicinska sestra koja se na intenzivnoj njezi brinula za britanskog premijera Borisa Johnsona dok se borio s bole\u0161\u0107u COVID-19 dala je otkaz. Prema medijskim \u010dlancima, bila je nezadovoljna na\u010dinom na koji vlada tretira zdravstvene djelatnike. Sestra&nbsp;Jenny McGee,&nbsp;podrijetlom s Novog Zelanda, bila je jedna od dviju sestara koje je&nbsp;Boris Johnson&nbsp;pohvalio zbog njihove brige za njega dok [&hellip;]<\/p>\n","protected":false},"author":2,"featured_media":22802,"comment_status":"closed","ping_status":"closed","sticky":false,"template":"","format":"standard","meta":{"h5ap_radio_sources":[],"footnotes":""},"categories":[1],"tags":[],"class_list":["post-22801","post","type-post","status-publish","format-standard","has-post-thumbnail","hentry","category-bihiregija"],"yoast_head":"<!-- This site is optimized with the Yoast SEO plugin v27.5 - https:\/\/yoast.com\/product\/yoast-seo-wordpress\/ -->\n<title>Otkaz medicinske sestre koja se brinula za Johnsona - RADIO LJUBU\u0160KI<\/title>\n<meta name=\"robots\" content=\"index, follow, max-snippet:-1, max-image-preview:large, max-video-preview:-1\" \/>\n<link rel=\"canonical\" href=\"https:\/\/radioljubuski.ba\/index.php\/2021\/05\/18\/otkaz-medicinske-sestre-koja-se-brinula-za-johnsona\/\" \/>\n<meta property=\"og:locale\" content=\"hr_HR\" \/>\n<meta property=\"og:type\" content=\"article\" \/>\n<meta property=\"og:title\" content=\"Otkaz medicinske sestre koja se brinula za Johnsona - RADIO LJUBU\u0160KI\" \/>\n<meta property=\"og:description\" content=\"Medicinska sestra koja se na intenzivnoj njezi brinula za britanskog premijera Borisa Johnsona dok se borio s bole\u0161\u0107u COVID-19 dala je otkaz. Prema medijskim \u010dlancima, bila je nezadovoljna na\u010dinom na koji vlada tretira zdravstvene djelatnike. Sestra&nbsp;Jenny McGee,&nbsp;podrijetlom s Novog Zelanda, bila je jedna od dviju sestara koje je&nbsp;Boris Johnson&nbsp;pohvalio zbog njihove brige za njega dok [&hellip;]\" \/>\n<meta property=\"og:url\" content=\"https:\/\/radioljubuski.ba\/index.php\/2021\/05\/18\/otkaz-medicinske-sestre-koja-se-brinula-za-johnsona\/\" \/>\n<meta property=\"og:site_name\" content=\"RADIO LJUBU\u0160KI\" \/>\n<meta property=\"article:publisher\" content=\"https:\/\/www.facebook.com\/Radiio-Ljubuski-1490835324566332\" \/>\n<meta property=\"article:published_time\" content=\"2021-05-18T22:20:53+00:00\" \/>\n<meta property=\"article:modified_time\" content=\"2021-05-18T22:20:54+00:00\" \/>\n<meta property=\"og:image\" content=\"https:\/\/radioljubuski.ba\/wp-content\/uploads\/2021\/05\/259102.jpg\" \/>\n\t<meta property=\"og:image:width\" content=\"730\" \/>\n\t<meta property=\"og:image:height\" content=\"487\" \/>\n\t<meta property=\"og:image:type\" content=\"image\/jpeg\" \/>\n<meta name=\"author\" content=\"Radio Ljubu\u0161ki\" \/>\n<meta name=\"twitter:card\" content=\"summary_large_image\" \/>\n<meta name=\"twitter:creator\" content=\"@radioljubuski\" \/>\n<meta name=\"twitter:site\" content=\"@radioljubuski\" \/>\n<meta name=\"twitter:label1\" content=\"Napisao\/la\" \/>\n\t<meta name=\"twitter:data1\" content=\"Radio Ljubu\u0161ki\" \/>\n\t<meta name=\"twitter:label2\" content=\"Procijenjeno vrijeme \u010ditanja\" \/>\n\t<meta name=\"twitter:data2\" content=\"2 minute\" \/>\n<script type=\"application\/ld+json\" class=\"yoast-schema-graph\">{\"@context\":\"https:\\\/\\\/schema.org\",\"@graph\":[{\"@type\":\"Article\",\"@id\":\"https:\\\/\\\/radioljubuski.ba\\\/index.php\\\/2021\\\/05\\\/18\\\/otkaz-medicinske-sestre-koja-se-brinula-za-johnsona\\\/#article\",\"isPartOf\":{\"@id\":\"https:\\\/\\\/radioljubuski.ba\\\/index.php\\\/2021\\\/05\\\/18\\\/otkaz-medicinske-sestre-koja-se-brinula-za-johnsona\\\/\"},\"author\":{\"name\":\"Radio Ljubu\u0161ki\",\"@id\":\"https:\\\/\\\/radioljubuski.ba\\\/#\\\/schema\\\/person\\\/19fc700381a780f69665d7956c469e3b\"},\"headline\":\"Otkaz medicinske sestre koja se brinula za Johnsona\",\"datePublished\":\"2021-05-18T22:20:53+00:00\",\"dateModified\":\"2021-05-18T22:20:54+00:00\",\"mainEntityOfPage\":{\"@id\":\"https:\\\/\\\/radioljubuski.ba\\\/index.php\\\/2021\\\/05\\\/18\\\/otkaz-medicinske-sestre-koja-se-brinula-za-johnsona\\\/\"},\"wordCount\":317,\"publisher\":{\"@id\":\"https:\\\/\\\/radioljubuski.ba\\\/#organization\"},\"image\":{\"@id\":\"https:\\\/\\\/radioljubuski.ba\\\/index.php\\\/2021\\\/05\\\/18\\\/otkaz-medicinske-sestre-koja-se-brinula-za-johnsona\\\/#primaryimage\"},\"thumbnailUrl\":\"https:\\\/\\\/radioljubuski.ba\\\/wp-content\\\/uploads\\\/2021\\\/05\\\/259102.jpg\",\"articleSection\":[\"BIH i regija\"],\"inLanguage\":\"hr\"},{\"@type\":\"WebPage\",\"@id\":\"https:\\\/\\\/radioljubuski.ba\\\/index.php\\\/2021\\\/05\\\/18\\\/otkaz-medicinske-sestre-koja-se-brinula-za-johnsona\\\/\",\"url\":\"https:\\\/\\\/radioljubuski.ba\\\/index.php\\\/2021\\\/05\\\/18\\\/otkaz-medicinske-sestre-koja-se-brinula-za-johnsona\\\/\",\"name\":\"Otkaz medicinske sestre koja se brinula za Johnsona - RADIO LJUBU\u0160KI\",\"isPartOf\":{\"@id\":\"https:\\\/\\\/radioljubuski.ba\\\/#website\"},\"primaryImageOfPage\":{\"@id\":\"https:\\\/\\\/radioljubuski.ba\\\/index.php\\\/2021\\\/05\\\/18\\\/otkaz-medicinske-sestre-koja-se-brinula-za-johnsona\\\/#primaryimage\"},\"image\":{\"@id\":\"https:\\\/\\\/radioljubuski.ba\\\/index.php\\\/2021\\\/05\\\/18\\\/otkaz-medicinske-sestre-koja-se-brinula-za-johnsona\\\/#primaryimage\"},\"thumbnailUrl\":\"https:\\\/\\\/radioljubuski.ba\\\/wp-content\\\/uploads\\\/2021\\\/05\\\/259102.jpg\",\"datePublished\":\"2021-05-18T22:20:53+00:00\",\"dateModified\":\"2021-05-18T22:20:54+00:00\",\"breadcrumb\":{\"@id\":\"https:\\\/\\\/radioljubuski.ba\\\/index.php\\\/2021\\\/05\\\/18\\\/otkaz-medicinske-sestre-koja-se-brinula-za-johnsona\\\/#breadcrumb\"},\"inLanguage\":\"hr\",\"potentialAction\":[{\"@type\":\"ReadAction\",\"target\":[\"https:\\\/\\\/radioljubuski.ba\\\/index.php\\\/2021\\\/05\\\/18\\\/otkaz-medicinske-sestre-koja-se-brinula-za-johnsona\\\/\"]}]},{\"@type\":\"ImageObject\",\"inLanguage\":\"hr\",\"@id\":\"https:\\\/\\\/radioljubuski.ba\\\/index.php\\\/2021\\\/05\\\/18\\\/otkaz-medicinske-sestre-koja-se-brinula-za-johnsona\\\/#primaryimage\",\"url\":\"https:\\\/\\\/radioljubuski.ba\\\/wp-content\\\/uploads\\\/2021\\\/05\\\/259102.jpg\",\"contentUrl\":\"https:\\\/\\\/radioljubuski.ba\\\/wp-content\\\/uploads\\\/2021\\\/05\\\/259102.jpg\",\"width\":730,\"height\":487},{\"@type\":\"BreadcrumbList\",\"@id\":\"https:\\\/\\\/radioljubuski.ba\\\/index.php\\\/2021\\\/05\\\/18\\\/otkaz-medicinske-sestre-koja-se-brinula-za-johnsona\\\/#breadcrumb\",\"itemListElement\":[{\"@type\":\"ListItem\",\"position\":1,\"name\":\"Po\u010detna stranica\",\"item\":\"https:\\\/\\\/radioljubuski.ba\\\/\"},{\"@type\":\"ListItem\",\"position\":2,\"name\":\"Otkaz medicinske sestre koja se brinula za Johnsona\"}]},{\"@type\":\"WebSite\",\"@id\":\"https:\\\/\\\/radioljubuski.ba\\\/#website\",\"url\":\"https:\\\/\\\/radioljubuski.ba\\\/\",\"name\":\"Radio Ljubu\u0161ki\",\"description\":\"Sun\u010dana frekvencija Hercegovine\",\"publisher\":{\"@id\":\"https:\\\/\\\/radioljubuski.ba\\\/#organization\"},\"potentialAction\":[{\"@type\":\"SearchAction\",\"target\":{\"@type\":\"EntryPoint\",\"urlTemplate\":\"https:\\\/\\\/radioljubuski.ba\\\/?s={search_term_string}\"},\"query-input\":{\"@type\":\"PropertyValueSpecification\",\"valueRequired\":true,\"valueName\":\"search_term_string\"}}],\"inLanguage\":\"hr\"},{\"@type\":\"Organization\",\"@id\":\"https:\\\/\\\/radioljubuski.ba\\\/#organization\",\"name\":\"Radio Ljubu\u0161ki\",\"url\":\"https:\\\/\\\/radioljubuski.ba\\\/\",\"logo\":{\"@type\":\"ImageObject\",\"inLanguage\":\"hr\",\"@id\":\"https:\\\/\\\/radioljubuski.ba\\\/#\\\/schema\\\/logo\\\/image\\\/\",\"url\":\"https:\\\/\\\/radioljubuski.ba\\\/wp-content\\\/uploads\\\/2021\\\/02\\\/cropped-Radio_Ljubuski_logo1.jpg\",\"contentUrl\":\"https:\\\/\\\/radioljubuski.ba\\\/wp-content\\\/uploads\\\/2021\\\/02\\\/cropped-Radio_Ljubuski_logo1.jpg\",\"width\":512,\"height\":512,\"caption\":\"Radio Ljubu\u0161ki\"},\"image\":{\"@id\":\"https:\\\/\\\/radioljubuski.ba\\\/#\\\/schema\\\/logo\\\/image\\\/\"},\"sameAs\":[\"https:\\\/\\\/www.facebook.com\\\/Radiio-Ljubuski-1490835324566332\",\"https:\\\/\\\/x.com\\\/radioljubuski\",\"https:\\\/\\\/hr.linkedin.com\\\/company\\\/radio-ljubuski\",\"https:\\\/\\\/www.youtube.com\\\/channel\\\/UCHYaeO_n0Db3tjNGudGpXyw\"]},{\"@type\":\"Person\",\"@id\":\"https:\\\/\\\/radioljubuski.ba\\\/#\\\/schema\\\/person\\\/19fc700381a780f69665d7956c469e3b\",\"name\":\"Radio Ljubu\u0161ki\"}]}<\/script>\n<!-- \/ Yoast SEO plugin. -->","yoast_head_json":{"title":"Otkaz medicinske sestre koja se brinula za Johnsona - RADIO LJUBU\u0160KI","robots":{"index":"index","follow":"follow","max-snippet":"max-snippet:-1","max-image-preview":"max-image-preview:large","max-video-preview":"max-video-preview:-1"},"canonical":"https:\/\/radioljubuski.ba\/index.php\/2021\/05\/18\/otkaz-medicinske-sestre-koja-se-brinula-za-johnsona\/","og_locale":"hr_HR","og_type":"article","og_title":"Otkaz medicinske sestre koja se brinula za Johnsona - RADIO LJUBU\u0160KI","og_description":"Medicinska sestra koja se na intenzivnoj njezi brinula za britanskog premijera Borisa Johnsona dok se borio s bole\u0161\u0107u COVID-19 dala je otkaz. Prema medijskim \u010dlancima, bila je nezadovoljna na\u010dinom na koji vlada tretira zdravstvene djelatnike. Sestra&nbsp;Jenny McGee,&nbsp;podrijetlom s Novog Zelanda, bila je jedna od dviju sestara koje je&nbsp;Boris Johnson&nbsp;pohvalio zbog njihove brige za njega dok [&hellip;]","og_url":"https:\/\/radioljubuski.ba\/index.php\/2021\/05\/18\/otkaz-medicinske-sestre-koja-se-brinula-za-johnsona\/","og_site_name":"RADIO LJUBU\u0160KI","article_publisher":"https:\/\/www.facebook.com\/Radiio-Ljubuski-1490835324566332","article_published_time":"2021-05-18T22:20:53+00:00","article_modified_time":"2021-05-18T22:20:54+00:00","og_image":[{"width":730,"height":487,"url":"https:\/\/radioljubuski.ba\/wp-content\/uploads\/2021\/05\/259102.jpg","type":"image\/jpeg"}],"author":"Radio Ljubu\u0161ki","twitter_card":"summary_large_image","twitter_creator":"@radioljubuski","twitter_site":"@radioljubuski","twitter_misc":{"Napisao\/la":"Radio Ljubu\u0161ki","Procijenjeno vrijeme \u010ditanja":"2 minute"},"schema":{"@context":"https:\/\/schema.org","@graph":[{"@type":"Article","@id":"https:\/\/radioljubuski.ba\/index.php\/2021\/05\/18\/otkaz-medicinske-sestre-koja-se-brinula-za-johnsona\/#article","isPartOf":{"@id":"https:\/\/radioljubuski.ba\/index.php\/2021\/05\/18\/otkaz-medicinske-sestre-koja-se-brinula-za-johnsona\/"},"author":{"name":"Radio Ljubu\u0161ki","@id":"https:\/\/radioljubuski.ba\/#\/schema\/person\/19fc700381a780f69665d7956c469e3b"},"headline":"Otkaz medicinske sestre koja se brinula za Johnsona","datePublished":"2021-05-18T22:20:53+00:00","dateModified":"2021-05-18T22:20:54+00:00","mainEntityOfPage":{"@id":"https:\/\/radioljubuski.ba\/index.php\/2021\/05\/18\/otkaz-medicinske-sestre-koja-se-brinula-za-johnsona\/"},"wordCount":317,"publisher":{"@id":"https:\/\/radioljubuski.ba\/#organization"},"image":{"@id":"https:\/\/radioljubuski.ba\/index.php\/2021\/05\/18\/otkaz-medicinske-sestre-koja-se-brinula-za-johnsona\/#primaryimage"},"thumbnailUrl":"https:\/\/radioljubuski.ba\/wp-content\/uploads\/2021\/05\/259102.jpg","articleSection":["BIH i regija"],"inLanguage":"hr"},{"@type":"WebPage","@id":"https:\/\/radioljubuski.ba\/index.php\/2021\/05\/18\/otkaz-medicinske-sestre-koja-se-brinula-za-johnsona\/","url":"https:\/\/radioljubuski.ba\/index.php\/2021\/05\/18\/otkaz-medicinske-sestre-koja-se-brinula-za-johnsona\/","name":"Otkaz medicinske sestre koja se brinula za Johnsona - RADIO LJUBU\u0160KI","isPartOf":{"@id":"https:\/\/radioljubuski.ba\/#website"},"primaryImageOfPage":{"@id":"https:\/\/radioljubuski.ba\/index.php\/2021\/05\/18\/otkaz-medicinske-sestre-koja-se-brinula-za-johnsona\/#primaryimage"},"image":{"@id":"https:\/\/radioljubuski.ba\/index.php\/2021\/05\/18\/otkaz-medicinske-sestre-koja-se-brinula-za-johnsona\/#primaryimage"},"thumbnailUrl":"https:\/\/radioljubuski.ba\/wp-content\/uploads\/2021\/05\/259102.jpg","datePublished":"2021-05-18T22:20:53+00:00","dateModified":"2021-05-18T22:20:54+00:00","breadcrumb":{"@id":"https:\/\/radioljubuski.ba\/index.php\/2021\/05\/18\/otkaz-medicinske-sestre-koja-se-brinula-za-johnsona\/#breadcrumb"},"inLanguage":"hr","potentialAction":[{"@type":"ReadAction","target":["https:\/\/radioljubuski.ba\/index.php\/2021\/05\/18\/otkaz-medicinske-sestre-koja-se-brinula-za-johnsona\/"]}]},{"@type":"ImageObject","inLanguage":"hr","@id":"https:\/\/radioljubuski.ba\/index.php\/2021\/05\/18\/otkaz-medicinske-sestre-koja-se-brinula-za-johnsona\/#primaryimage","url":"https:\/\/radioljubuski.ba\/wp-content\/uploads\/2021\/05\/259102.jpg","contentUrl":"https:\/\/radioljubuski.ba\/wp-content\/uploads\/2021\/05\/259102.jpg","width":730,"height":487},{"@type":"BreadcrumbList","@id":"https:\/\/radioljubuski.ba\/index.php\/2021\/05\/18\/otkaz-medicinske-sestre-koja-se-brinula-za-johnsona\/#breadcrumb","itemListElement":[{"@type":"ListItem","position":1,"name":"Po\u010detna stranica","item":"https:\/\/radioljubuski.ba\/"},{"@type":"ListItem","position":2,"name":"Otkaz medicinske sestre koja se brinula za Johnsona"}]},{"@type":"WebSite","@id":"https:\/\/radioljubuski.ba\/#website","url":"https:\/\/radioljubuski.ba\/","name":"Radio Ljubu\u0161ki","description":"Sun\u010dana frekvencija Hercegovine","publisher":{"@id":"https:\/\/radioljubuski.ba\/#organization"},"potentialAction":[{"@type":"SearchAction","target":{"@type":"EntryPoint","urlTemplate":"https:\/\/radioljubuski.ba\/?s={search_term_string}"},"query-input":{"@type":"PropertyValueSpecification","valueRequired":true,"valueName":"search_term_string"}}],"inLanguage":"hr"},{"@type":"Organization","@id":"https:\/\/radioljubuski.ba\/#organization","name":"Radio Ljubu\u0161ki","url":"https:\/\/radioljubuski.ba\/","logo":{"@type":"ImageObject","inLanguage":"hr","@id":"https:\/\/radioljubuski.ba\/#\/schema\/logo\/image\/","url":"https:\/\/radioljubuski.ba\/wp-content\/uploads\/2021\/02\/cropped-Radio_Ljubuski_logo1.jpg","contentUrl":"https:\/\/radioljubuski.ba\/wp-content\/uploads\/2021\/02\/cropped-Radio_Ljubuski_logo1.jpg","width":512,"height":512,"caption":"Radio Ljubu\u0161ki"},"image":{"@id":"https:\/\/radioljubuski.ba\/#\/schema\/logo\/image\/"},"sameAs":["https:\/\/www.facebook.com\/Radiio-Ljubuski-1490835324566332","https:\/\/x.com\/radioljubuski","https:\/\/hr.linkedin.com\/company\/radio-ljubuski","https:\/\/www.youtube.com\/channel\/UCHYaeO_n0Db3tjNGudGpXyw"]},{"@type":"Person","@id":"https:\/\/radioljubuski.ba\/#\/schema\/person\/19fc700381a780f69665d7956c469e3b","name":"Radio Ljubu\u0161ki"}]}},"_links":{"self":[{"href":"https:\/\/radioljubuski.ba\/index.php\/wp-json\/wp\/v2\/posts\/22801","targetHints":{"allow":["GET"]}}],"collection":[{"href":"https:\/\/radioljubuski.ba\/index.php\/wp-json\/wp\/v2\/posts"}],"about":[{"href":"https:\/\/radioljubuski.ba\/index.php\/wp-json\/wp\/v2\/types\/post"}],"author":[{"embeddable":true,"href":"https:\/\/radioljubuski.ba\/index.php\/wp-json\/wp\/v2\/users\/2"}],"replies":[{"embeddable":true,"href":"https:\/\/radioljubuski.ba\/index.php\/wp-json\/wp\/v2\/comments?post=22801"}],"version-history":[{"count":1,"href":"https:\/\/radioljubuski.ba\/index.php\/wp-json\/wp\/v2\/posts\/22801\/revisions"}],"predecessor-version":[{"id":22803,"href":"https:\/\/radioljubuski.ba\/index.php\/wp-json\/wp\/v2\/posts\/22801\/revisions\/22803"}],"wp:featuredmedia":[{"embeddable":true,"href":"https:\/\/radioljubuski.ba\/index.php\/wp-json\/wp\/v2\/media\/22802"}],"wp:attachment":[{"href":"https:\/\/radioljubuski.ba\/index.php\/wp-json\/wp\/v2\/media?parent=22801"}],"wp:term":[{"taxonomy":"category","embeddable":true,"href":"https:\/\/radioljubuski.ba\/index.php\/wp-json\/wp\/v2\/categories?post=22801"},{"taxonomy":"post_tag","embeddable":true,"href":"https:\/\/radioljubuski.ba\/index.php\/wp-json\/wp\/v2\/tags?post=22801"}],"curies":[{"name":"wp","href":"https:\/\/api.w.org\/{rel}","templated":true}]}}