{"id":2308,"date":"2021-03-09T21:34:05","date_gmt":"2021-03-09T20:34:05","guid":{"rendered":"https:\/\/radioljubuski.ba\/?p=2308"},"modified":"2021-03-09T21:34:06","modified_gmt":"2021-03-09T20:34:06","slug":"fahrudin-radoncic-problem-je-sto-smo-cijeli-dunjaluk-proglasili-da-su-nasi-neprijatelji","status":"publish","type":"post","link":"https:\/\/radioljubuski.ba\/index.php\/2021\/03\/09\/fahrudin-radoncic-problem-je-sto-smo-cijeli-dunjaluk-proglasili-da-su-nasi-neprijatelji\/","title":{"rendered":"Fahrudin Radon\u010di\u0107: Problem je \u0161to smo cijeli dunjaluk proglasili da su na\u0161i neprijatelji"},"content":{"rendered":"\n<p>\u201cSDA i HDZ ne mogu ni\u0161ta da se dogovore. Mi mo\u017eemo izvu\u0107i \u010detiri ministra, ugrozit \u0107emo nacionalni balans koji je predvi\u0111en Ustavom Federacije. Zna\u010di, sve \u0161to bi Vlada donijela i rudari, i elektroprivreda, i mirovine, bilo bi nelegalno i mi bismo ubili \u017eivot Federacije da neodgovorno povu\u010demo svoja \u010detiri \u010dovjeka, da ne govorim da ne\u0107emo dozvoliti da HDZ ima vi\u0161e ministara nego SDA, jer to zna\u010di preglasavanje bo\u0161nja\u010dkog korpusa. HDZ bi mogao raditi \u0161to ho\u0107e. Mi to ne \u017eelimo kao odgovorni ljudi ne \u017eelimo uraditi. O\u010dekujemo da se njih dvojica dogovore\u201d, naveo je.<\/p>\n\n\n\n<p>Lider SBB-a Fahrudin Radon\u010di\u0107, komentiraju\u0107i za N1&nbsp;aktualnu situaciju u BiH sa koronavirusom, kazao je da se u BiH u odnosu na druge dr\u017eave \u010detiri puta vi\u0161e umire.<\/p>\n\n\n\n<p>Istaknuo je da je vlast u\u017easno nesposobna, te da je pregovore oko vakcina trebalo prvo da preuzme Vije\u0107e ministara BiH.<\/p>\n\n\n\n<p>\u201cOni imaju dva mehanizma. Jedan je zdravstveni odbor, a drugi je koordinacioni mehanizam za za\u0161titu i spa\u0161avanje. RS danas ima 40.000 cjepiva, Federacija ni jednu. Uradili smo kao SBB \u0161to smo mogli. Na\u0161 doktor Kacila tra\u017eio je izvanrednu sjednicu, tra\u017eio je da Vlada formira komisiju. Izgledno je da Vlada \u0161est mjeseci to ne \u017eeli da radi\u201c, rekao je.<\/p>\n\n\n\n<p>Dodao je da smo imali lo\u0161e iskustvo na po\u010detku pandemije.<\/p>\n\n\n\n<p>\u201cKada su sve zemlje EU zatvorile granice, razgovarao sam da puste na\u0161e kamione, nije bilo \u010dak ni obi\u010dnih lijekova\u2026 Vidjeli smo u tim dramati\u010dnim situacijama da se moramo osloniti na sebe. Na\u0161i ljudi koji su ostali na vlasti nisu to zapamtili, ni tretirali. Njihova glavna koncentracija je \u2013 tko \u0107e biti predsjednik Suda, kto \u0107e biti predsjednik VSTV-a, a ne da se spa\u0161ava stanovni\u0161tvo\u201c, naveo je.<\/p>\n\n\n\n<p>Upitao je za\u0161to Bisera Turkovi\u0107 koja je legalni ministar nije ne\u0161to uradila.<\/p>\n\n\n\n<p>\u201cErdogan se hvali da je 7 milijuna ljudi cijep\u010djeno u Turskoj, a nisu dali niti 5.000 doza. Gdje su tu Izetbegovi\u0107eve veze? Ne mo\u017eete o\u010dekivati da neko iz opozicije nabavi cjepiva. To je bio posao rukovodstva i jednog i drugog Doma naroda, Vije\u0107a ministara, gdje je dopredsjednica Turkovi\u0107 i premijera Novali\u0107a\u201c, istaknuo je.<\/p>\n\n\n\n<p>Gdje su njegove veze, kao uspje\u0161nog poduzetnika, upitao ga je voditelj Zvonko Kom\u0161i\u0107.<\/p>\n\n\n\n<p>\u201cDa sam bio u vlasti, bez imalo kompleksa bih se oslonio na nabavku iz Srbije. Ako Vu\u010di\u0107 nabavlja 20 milijuna doza, za\u0161to BiH ne bi dodala svoja dva milijuna i po\u0161teno platila. Ja sam biznismen. I tko nabavlja ve\u0107e koli\u010dine, lako dolazi do njih. Ovdje je problem \u0161to smo proglasili cijeli dunjaluk da su na\u0161i neprijatelji, a pokazalo se da SDA nema nikakav me\u0111unarodni autoritet i da mo\u017ee s nekim da pravi zdravstvenu koaliciju da se gra\u0111anima pomogne\u201d, naveo je Radon\u010di\u0107.<\/p>\n\n\n\n<p>Komentiraju\u0107i cjepiva koje je Vu\u010di\u0107 donirao BiH, kazao je da je to \u201cglupa sujeta\u201d.<\/p>\n\n\n\n<p>\u201cOvdje treba da se uklju\u010di Turkovi\u0107, da nazove Vu\u010di\u0107a i da ka\u017ee da je u zra\u010dnoj luci obe\u0107ao \u2013 ako vam ne odgovaraju ta cjepiva, izaberite koje ho\u0107ete. Tako se to rje\u0161ava. Treba nazvati Vu\u010di\u0107a i tra\u017eiti da po\u0161alje druga cjepiva\u201d, istaknuo je.<\/p>\n\n\n\n<p>Ipak, rekao je da je optimista da \u0107e BiH dobiti cjepiva, jer su se uklju\u010dile veledrogerije.<\/p>\n\n\n\n<p>Oko uvedenog lockdowna u KS-u je mi\u0161ljena, da se za dva dana ne mo\u017ee ni\u0161ta uraditi.<\/p>\n\n\n\n<p>\u201cLjudi \u0107e putovati u druge kantone. Da ne glumim medicinskog eksperta, vidjet \u0107emo rezultate za 15 dana\u201d, kazao je.<\/p>\n\n\n\n<p>Ima li SDA kapacitet za rekonstrukciju Vlade Federacije?<\/p>\n\n\n\n<p>\u201cImamo lo\u0161u situaciju da je HDZ pune dvije godine ucjenjivao implementaciju izbornih rezultata iz 2018, na na\u010din, prvo nam dajte Izborni zakon pa \u0107emo vam pustit Federalnu vladu. I tu smo izgubili nepotrebno dvije godine. Sad imamo situaciju da se Izetbegovi\u0107 s razlogom boji da li on uop\u0107e ima federalnu ve\u0107inu. Meni se \u010dini da sad Izetbegovi\u0107u odgovara da se ne implementiraju izborni rezultati i to je zaista velika \u0161teta\u201d, istaknuo je, dodaju\u0107i da je pesimista da \u0107e izbor Vlade biti do 2022. godine.<\/p>\n\n\n\n<p>O mogu\u0107oj situaciji da se povuku ministri SBB, da li bi se moglo do\u0107i do toga da se imenuje Vlada, kazao je da o\u010dekuje dogovor \u010covi\u0107a i Izetbegovi\u0107a.<\/p>\n\n\n\n<p>\u201cSDA i HDZ ne mogu ni\u0161ta da se dogovore. Mi mo\u017eemo izvu\u0107i \u010detiri ministra, ugrozit \u0107emo nacionalni balans koji je predvi\u0111en Ustavom Federacije. Zna\u010di, sve \u0161to bi Vlada donijela i rudari, i elektroprivreda, i mirovine, bilo bi nelegalno i mi bismo ubili \u017eivot Federacije da neodgovorno povu\u010demo svoja \u010detiri \u010dovjeka, da ne govorim da ne\u0107emo dozvoliti da HDZ ima vi\u0161e ministara nego SDA, jer to zna\u010di preglasavanje bo\u0161nja\u010dkog korpusa. HDZ bi mogao raditi \u0161to ho\u0107e. Mi to ne \u017eelimo kao odgovorni ljudi ne \u017eelimo uraditi. O\u010dekujemo da se njih dvojica dogovore\u201d, naveo je.<\/p>\n\n\n\n<p>Izborni zakon se ne mo\u017ee dogoditi, istaknuo je, jer je u pitanju promjena Ustava.<\/p>\n\n\n\n<p>\u201cA i bez SDP-a, SBB-a i bez drugih stranaka. To pitanje mora do\u0107i do nas i iz tog procesa nas nitko ne mo\u017ee isklju\u010diti jer \u0107emo im trebati u Parlamentu sa na\u0161im rukama\u201d, zaklju\u010dio je lider SBB-a.<\/p>\n\n\n\n<p>Dnevnik.ba<\/p>\n","protected":false},"excerpt":{"rendered":"<p>\u201cSDA i HDZ ne mogu ni\u0161ta da se dogovore. Mi mo\u017eemo izvu\u0107i \u010detiri ministra, ugrozit \u0107emo nacionalni balans koji je predvi\u0111en Ustavom Federacije. Zna\u010di, sve \u0161to bi Vlada donijela i rudari, i elektroprivreda, i mirovine, bilo bi nelegalno i mi bismo ubili \u017eivot Federacije da neodgovorno povu\u010demo svoja \u010detiri \u010dovjeka, da ne govorim da ne\u0107emo [&hellip;]<\/p>\n","protected":false},"author":2,"featured_media":0,"comment_status":"closed","ping_status":"closed","sticky":false,"template":"","format":"standard","meta":{"h5ap_radio_sources":[],"footnotes":""},"categories":[1],"tags":[],"class_list":["post-2308","post","type-post","status-publish","format-standard","hentry","category-bihiregija"],"yoast_head":"<!-- This site is optimized with the Yoast SEO plugin v27.5 - https:\/\/yoast.com\/product\/yoast-seo-wordpress\/ -->\n<title>Fahrudin Radon\u010di\u0107: Problem je \u0161to smo cijeli dunjaluk proglasili da su na\u0161i neprijatelji - RADIO LJUBU\u0160KI<\/title>\n<meta name=\"robots\" content=\"index, follow, max-snippet:-1, max-image-preview:large, max-video-preview:-1\" \/>\n<link rel=\"canonical\" href=\"https:\/\/radioljubuski.ba\/index.php\/2021\/03\/09\/fahrudin-radoncic-problem-je-sto-smo-cijeli-dunjaluk-proglasili-da-su-nasi-neprijatelji\/\" \/>\n<meta property=\"og:locale\" content=\"hr_HR\" \/>\n<meta property=\"og:type\" content=\"article\" \/>\n<meta property=\"og:title\" content=\"Fahrudin Radon\u010di\u0107: Problem je \u0161to smo cijeli dunjaluk proglasili da su na\u0161i neprijatelji - RADIO LJUBU\u0160KI\" \/>\n<meta property=\"og:description\" content=\"\u201cSDA i HDZ ne mogu ni\u0161ta da se dogovore. Mi mo\u017eemo izvu\u0107i \u010detiri ministra, ugrozit \u0107emo nacionalni balans koji je predvi\u0111en Ustavom Federacije. Zna\u010di, sve \u0161to bi Vlada donijela i rudari, i elektroprivreda, i mirovine, bilo bi nelegalno i mi bismo ubili \u017eivot Federacije da neodgovorno povu\u010demo svoja \u010detiri \u010dovjeka, da ne govorim da ne\u0107emo [&hellip;]\" \/>\n<meta property=\"og:url\" content=\"https:\/\/radioljubuski.ba\/index.php\/2021\/03\/09\/fahrudin-radoncic-problem-je-sto-smo-cijeli-dunjaluk-proglasili-da-su-nasi-neprijatelji\/\" \/>\n<meta property=\"og:site_name\" content=\"RADIO LJUBU\u0160KI\" \/>\n<meta property=\"article:publisher\" content=\"https:\/\/www.facebook.com\/Radiio-Ljubuski-1490835324566332\" \/>\n<meta property=\"article:published_time\" content=\"2021-03-09T20:34:05+00:00\" \/>\n<meta property=\"article:modified_time\" content=\"2021-03-09T20:34:06+00:00\" \/>\n<meta property=\"og:image\" content=\"https:\/\/radioljubuski.ba\/wp-content\/uploads\/2021\/03\/komsic_izetbegovic_radoncic.png\" \/>\n\t<meta property=\"og:image:width\" content=\"840\" \/>\n\t<meta property=\"og:image:height\" content=\"470\" \/>\n\t<meta property=\"og:image:type\" content=\"image\/png\" \/>\n<meta name=\"author\" content=\"Radio Ljubu\u0161ki\" \/>\n<meta name=\"twitter:card\" content=\"summary_large_image\" \/>\n<meta name=\"twitter:creator\" content=\"@radioljubuski\" \/>\n<meta name=\"twitter:site\" content=\"@radioljubuski\" \/>\n<meta name=\"twitter:label1\" content=\"Napisao\/la\" \/>\n\t<meta name=\"twitter:data1\" content=\"Radio Ljubu\u0161ki\" \/>\n\t<meta name=\"twitter:label2\" content=\"Procijenjeno vrijeme \u010ditanja\" \/>\n\t<meta name=\"twitter:data2\" content=\"4 minute\" \/>\n<script type=\"application\/ld+json\" class=\"yoast-schema-graph\">{\"@context\":\"https:\\\/\\\/schema.org\",\"@graph\":[{\"@type\":\"Article\",\"@id\":\"https:\\\/\\\/radioljubuski.ba\\\/index.php\\\/2021\\\/03\\\/09\\\/fahrudin-radoncic-problem-je-sto-smo-cijeli-dunjaluk-proglasili-da-su-nasi-neprijatelji\\\/#article\",\"isPartOf\":{\"@id\":\"https:\\\/\\\/radioljubuski.ba\\\/index.php\\\/2021\\\/03\\\/09\\\/fahrudin-radoncic-problem-je-sto-smo-cijeli-dunjaluk-proglasili-da-su-nasi-neprijatelji\\\/\"},\"author\":{\"name\":\"Radio Ljubu\u0161ki\",\"@id\":\"https:\\\/\\\/radioljubuski.ba\\\/#\\\/schema\\\/person\\\/19fc700381a780f69665d7956c469e3b\"},\"headline\":\"Fahrudin Radon\u010di\u0107: Problem je \u0161to smo cijeli dunjaluk proglasili da su na\u0161i neprijatelji\",\"datePublished\":\"2021-03-09T20:34:05+00:00\",\"dateModified\":\"2021-03-09T20:34:06+00:00\",\"mainEntityOfPage\":{\"@id\":\"https:\\\/\\\/radioljubuski.ba\\\/index.php\\\/2021\\\/03\\\/09\\\/fahrudin-radoncic-problem-je-sto-smo-cijeli-dunjaluk-proglasili-da-su-nasi-neprijatelji\\\/\"},\"wordCount\":914,\"publisher\":{\"@id\":\"https:\\\/\\\/radioljubuski.ba\\\/#organization\"},\"articleSection\":[\"BIH i regija\"],\"inLanguage\":\"hr\"},{\"@type\":\"WebPage\",\"@id\":\"https:\\\/\\\/radioljubuski.ba\\\/index.php\\\/2021\\\/03\\\/09\\\/fahrudin-radoncic-problem-je-sto-smo-cijeli-dunjaluk-proglasili-da-su-nasi-neprijatelji\\\/\",\"url\":\"https:\\\/\\\/radioljubuski.ba\\\/index.php\\\/2021\\\/03\\\/09\\\/fahrudin-radoncic-problem-je-sto-smo-cijeli-dunjaluk-proglasili-da-su-nasi-neprijatelji\\\/\",\"name\":\"Fahrudin Radon\u010di\u0107: Problem je \u0161to smo cijeli dunjaluk proglasili da su na\u0161i neprijatelji - RADIO LJUBU\u0160KI\",\"isPartOf\":{\"@id\":\"https:\\\/\\\/radioljubuski.ba\\\/#website\"},\"datePublished\":\"2021-03-09T20:34:05+00:00\",\"dateModified\":\"2021-03-09T20:34:06+00:00\",\"breadcrumb\":{\"@id\":\"https:\\\/\\\/radioljubuski.ba\\\/index.php\\\/2021\\\/03\\\/09\\\/fahrudin-radoncic-problem-je-sto-smo-cijeli-dunjaluk-proglasili-da-su-nasi-neprijatelji\\\/#breadcrumb\"},\"inLanguage\":\"hr\",\"potentialAction\":[{\"@type\":\"ReadAction\",\"target\":[\"https:\\\/\\\/radioljubuski.ba\\\/index.php\\\/2021\\\/03\\\/09\\\/fahrudin-radoncic-problem-je-sto-smo-cijeli-dunjaluk-proglasili-da-su-nasi-neprijatelji\\\/\"]}]},{\"@type\":\"BreadcrumbList\",\"@id\":\"https:\\\/\\\/radioljubuski.ba\\\/index.php\\\/2021\\\/03\\\/09\\\/fahrudin-radoncic-problem-je-sto-smo-cijeli-dunjaluk-proglasili-da-su-nasi-neprijatelji\\\/#breadcrumb\",\"itemListElement\":[{\"@type\":\"ListItem\",\"position\":1,\"name\":\"Po\u010detna stranica\",\"item\":\"https:\\\/\\\/radioljubuski.ba\\\/\"},{\"@type\":\"ListItem\",\"position\":2,\"name\":\"Fahrudin Radon\u010di\u0107: Problem je \u0161to smo cijeli dunjaluk proglasili da su na\u0161i neprijatelji\"}]},{\"@type\":\"WebSite\",\"@id\":\"https:\\\/\\\/radioljubuski.ba\\\/#website\",\"url\":\"https:\\\/\\\/radioljubuski.ba\\\/\",\"name\":\"Radio Ljubu\u0161ki\",\"description\":\"Sun\u010dana frekvencija Hercegovine\",\"publisher\":{\"@id\":\"https:\\\/\\\/radioljubuski.ba\\\/#organization\"},\"potentialAction\":[{\"@type\":\"SearchAction\",\"target\":{\"@type\":\"EntryPoint\",\"urlTemplate\":\"https:\\\/\\\/radioljubuski.ba\\\/?s={search_term_string}\"},\"query-input\":{\"@type\":\"PropertyValueSpecification\",\"valueRequired\":true,\"valueName\":\"search_term_string\"}}],\"inLanguage\":\"hr\"},{\"@type\":\"Organization\",\"@id\":\"https:\\\/\\\/radioljubuski.ba\\\/#organization\",\"name\":\"Radio Ljubu\u0161ki\",\"url\":\"https:\\\/\\\/radioljubuski.ba\\\/\",\"logo\":{\"@type\":\"ImageObject\",\"inLanguage\":\"hr\",\"@id\":\"https:\\\/\\\/radioljubuski.ba\\\/#\\\/schema\\\/logo\\\/image\\\/\",\"url\":\"https:\\\/\\\/radioljubuski.ba\\\/wp-content\\\/uploads\\\/2021\\\/02\\\/cropped-Radio_Ljubuski_logo1.jpg\",\"contentUrl\":\"https:\\\/\\\/radioljubuski.ba\\\/wp-content\\\/uploads\\\/2021\\\/02\\\/cropped-Radio_Ljubuski_logo1.jpg\",\"width\":512,\"height\":512,\"caption\":\"Radio Ljubu\u0161ki\"},\"image\":{\"@id\":\"https:\\\/\\\/radioljubuski.ba\\\/#\\\/schema\\\/logo\\\/image\\\/\"},\"sameAs\":[\"https:\\\/\\\/www.facebook.com\\\/Radiio-Ljubuski-1490835324566332\",\"https:\\\/\\\/x.com\\\/radioljubuski\",\"https:\\\/\\\/hr.linkedin.com\\\/company\\\/radio-ljubuski\",\"https:\\\/\\\/www.youtube.com\\\/channel\\\/UCHYaeO_n0Db3tjNGudGpXyw\"]},{\"@type\":\"Person\",\"@id\":\"https:\\\/\\\/radioljubuski.ba\\\/#\\\/schema\\\/person\\\/19fc700381a780f69665d7956c469e3b\",\"name\":\"Radio Ljubu\u0161ki\"}]}<\/script>\n<!-- \/ Yoast SEO plugin. -->","yoast_head_json":{"title":"Fahrudin Radon\u010di\u0107: Problem je \u0161to smo cijeli dunjaluk proglasili da su na\u0161i neprijatelji - RADIO LJUBU\u0160KI","robots":{"index":"index","follow":"follow","max-snippet":"max-snippet:-1","max-image-preview":"max-image-preview:large","max-video-preview":"max-video-preview:-1"},"canonical":"https:\/\/radioljubuski.ba\/index.php\/2021\/03\/09\/fahrudin-radoncic-problem-je-sto-smo-cijeli-dunjaluk-proglasili-da-su-nasi-neprijatelji\/","og_locale":"hr_HR","og_type":"article","og_title":"Fahrudin Radon\u010di\u0107: Problem je \u0161to smo cijeli dunjaluk proglasili da su na\u0161i neprijatelji - RADIO LJUBU\u0160KI","og_description":"\u201cSDA i HDZ ne mogu ni\u0161ta da se dogovore. Mi mo\u017eemo izvu\u0107i \u010detiri ministra, ugrozit \u0107emo nacionalni balans koji je predvi\u0111en Ustavom Federacije. Zna\u010di, sve \u0161to bi Vlada donijela i rudari, i elektroprivreda, i mirovine, bilo bi nelegalno i mi bismo ubili \u017eivot Federacije da neodgovorno povu\u010demo svoja \u010detiri \u010dovjeka, da ne govorim da ne\u0107emo [&hellip;]","og_url":"https:\/\/radioljubuski.ba\/index.php\/2021\/03\/09\/fahrudin-radoncic-problem-je-sto-smo-cijeli-dunjaluk-proglasili-da-su-nasi-neprijatelji\/","og_site_name":"RADIO LJUBU\u0160KI","article_publisher":"https:\/\/www.facebook.com\/Radiio-Ljubuski-1490835324566332","article_published_time":"2021-03-09T20:34:05+00:00","article_modified_time":"2021-03-09T20:34:06+00:00","og_image":[{"width":840,"height":470,"url":"https:\/\/radioljubuski.ba\/wp-content\/uploads\/2021\/03\/komsic_izetbegovic_radoncic.png","type":"image\/png"}],"author":"Radio Ljubu\u0161ki","twitter_card":"summary_large_image","twitter_creator":"@radioljubuski","twitter_site":"@radioljubuski","twitter_misc":{"Napisao\/la":"Radio Ljubu\u0161ki","Procijenjeno vrijeme \u010ditanja":"4 minute"},"schema":{"@context":"https:\/\/schema.org","@graph":[{"@type":"Article","@id":"https:\/\/radioljubuski.ba\/index.php\/2021\/03\/09\/fahrudin-radoncic-problem-je-sto-smo-cijeli-dunjaluk-proglasili-da-su-nasi-neprijatelji\/#article","isPartOf":{"@id":"https:\/\/radioljubuski.ba\/index.php\/2021\/03\/09\/fahrudin-radoncic-problem-je-sto-smo-cijeli-dunjaluk-proglasili-da-su-nasi-neprijatelji\/"},"author":{"name":"Radio Ljubu\u0161ki","@id":"https:\/\/radioljubuski.ba\/#\/schema\/person\/19fc700381a780f69665d7956c469e3b"},"headline":"Fahrudin Radon\u010di\u0107: Problem je \u0161to smo cijeli dunjaluk proglasili da su na\u0161i neprijatelji","datePublished":"2021-03-09T20:34:05+00:00","dateModified":"2021-03-09T20:34:06+00:00","mainEntityOfPage":{"@id":"https:\/\/radioljubuski.ba\/index.php\/2021\/03\/09\/fahrudin-radoncic-problem-je-sto-smo-cijeli-dunjaluk-proglasili-da-su-nasi-neprijatelji\/"},"wordCount":914,"publisher":{"@id":"https:\/\/radioljubuski.ba\/#organization"},"articleSection":["BIH i regija"],"inLanguage":"hr"},{"@type":"WebPage","@id":"https:\/\/radioljubuski.ba\/index.php\/2021\/03\/09\/fahrudin-radoncic-problem-je-sto-smo-cijeli-dunjaluk-proglasili-da-su-nasi-neprijatelji\/","url":"https:\/\/radioljubuski.ba\/index.php\/2021\/03\/09\/fahrudin-radoncic-problem-je-sto-smo-cijeli-dunjaluk-proglasili-da-su-nasi-neprijatelji\/","name":"Fahrudin Radon\u010di\u0107: Problem je \u0161to smo cijeli dunjaluk proglasili da su na\u0161i neprijatelji - RADIO LJUBU\u0160KI","isPartOf":{"@id":"https:\/\/radioljubuski.ba\/#website"},"datePublished":"2021-03-09T20:34:05+00:00","dateModified":"2021-03-09T20:34:06+00:00","breadcrumb":{"@id":"https:\/\/radioljubuski.ba\/index.php\/2021\/03\/09\/fahrudin-radoncic-problem-je-sto-smo-cijeli-dunjaluk-proglasili-da-su-nasi-neprijatelji\/#breadcrumb"},"inLanguage":"hr","potentialAction":[{"@type":"ReadAction","target":["https:\/\/radioljubuski.ba\/index.php\/2021\/03\/09\/fahrudin-radoncic-problem-je-sto-smo-cijeli-dunjaluk-proglasili-da-su-nasi-neprijatelji\/"]}]},{"@type":"BreadcrumbList","@id":"https:\/\/radioljubuski.ba\/index.php\/2021\/03\/09\/fahrudin-radoncic-problem-je-sto-smo-cijeli-dunjaluk-proglasili-da-su-nasi-neprijatelji\/#breadcrumb","itemListElement":[{"@type":"ListItem","position":1,"name":"Po\u010detna stranica","item":"https:\/\/radioljubuski.ba\/"},{"@type":"ListItem","position":2,"name":"Fahrudin Radon\u010di\u0107: Problem je \u0161to smo cijeli dunjaluk proglasili da su na\u0161i neprijatelji"}]},{"@type":"WebSite","@id":"https:\/\/radioljubuski.ba\/#website","url":"https:\/\/radioljubuski.ba\/","name":"Radio Ljubu\u0161ki","description":"Sun\u010dana frekvencija Hercegovine","publisher":{"@id":"https:\/\/radioljubuski.ba\/#organization"},"potentialAction":[{"@type":"SearchAction","target":{"@type":"EntryPoint","urlTemplate":"https:\/\/radioljubuski.ba\/?s={search_term_string}"},"query-input":{"@type":"PropertyValueSpecification","valueRequired":true,"valueName":"search_term_string"}}],"inLanguage":"hr"},{"@type":"Organization","@id":"https:\/\/radioljubuski.ba\/#organization","name":"Radio Ljubu\u0161ki","url":"https:\/\/radioljubuski.ba\/","logo":{"@type":"ImageObject","inLanguage":"hr","@id":"https:\/\/radioljubuski.ba\/#\/schema\/logo\/image\/","url":"https:\/\/radioljubuski.ba\/wp-content\/uploads\/2021\/02\/cropped-Radio_Ljubuski_logo1.jpg","contentUrl":"https:\/\/radioljubuski.ba\/wp-content\/uploads\/2021\/02\/cropped-Radio_Ljubuski_logo1.jpg","width":512,"height":512,"caption":"Radio Ljubu\u0161ki"},"image":{"@id":"https:\/\/radioljubuski.ba\/#\/schema\/logo\/image\/"},"sameAs":["https:\/\/www.facebook.com\/Radiio-Ljubuski-1490835324566332","https:\/\/x.com\/radioljubuski","https:\/\/hr.linkedin.com\/company\/radio-ljubuski","https:\/\/www.youtube.com\/channel\/UCHYaeO_n0Db3tjNGudGpXyw"]},{"@type":"Person","@id":"https:\/\/radioljubuski.ba\/#\/schema\/person\/19fc700381a780f69665d7956c469e3b","name":"Radio Ljubu\u0161ki"}]}},"_links":{"self":[{"href":"https:\/\/radioljubuski.ba\/index.php\/wp-json\/wp\/v2\/posts\/2308","targetHints":{"allow":["GET"]}}],"collection":[{"href":"https:\/\/radioljubuski.ba\/index.php\/wp-json\/wp\/v2\/posts"}],"about":[{"href":"https:\/\/radioljubuski.ba\/index.php\/wp-json\/wp\/v2\/types\/post"}],"author":[{"embeddable":true,"href":"https:\/\/radioljubuski.ba\/index.php\/wp-json\/wp\/v2\/users\/2"}],"replies":[{"embeddable":true,"href":"https:\/\/radioljubuski.ba\/index.php\/wp-json\/wp\/v2\/comments?post=2308"}],"version-history":[{"count":1,"href":"https:\/\/radioljubuski.ba\/index.php\/wp-json\/wp\/v2\/posts\/2308\/revisions"}],"predecessor-version":[{"id":2310,"href":"https:\/\/radioljubuski.ba\/index.php\/wp-json\/wp\/v2\/posts\/2308\/revisions\/2310"}],"wp:attachment":[{"href":"https:\/\/radioljubuski.ba\/index.php\/wp-json\/wp\/v2\/media?parent=2308"}],"wp:term":[{"taxonomy":"category","embeddable":true,"href":"https:\/\/radioljubuski.ba\/index.php\/wp-json\/wp\/v2\/categories?post=2308"},{"taxonomy":"post_tag","embeddable":true,"href":"https:\/\/radioljubuski.ba\/index.php\/wp-json\/wp\/v2\/tags?post=2308"}],"curies":[{"name":"wp","href":"https:\/\/api.w.org\/{rel}","templated":true}]}}