{"id":231018,"date":"2026-08-31T12:33:42","date_gmt":"2026-08-31T11:33:42","guid":{"rendered":"https:\/\/radioljubuski.ba\/?p=231018"},"modified":"2026-08-31T12:37:58","modified_gmt":"2026-08-31T11:37:58","slug":"prodaje-se-domace-crno-grozde","status":"publish","type":"post","link":"https:\/\/radioljubuski.ba\/index.php\/2026\/08\/31\/prodaje-se-domace-crno-grozde\/","title":{"rendered":"Prodaje se doma\u0107e crno gro\u017e\u0111e"},"content":{"rendered":"\n<p class=\"wp-block-paragraph\">Prodaje se doma\u0107e crno gro\u017e\u0111e u Crvenom Grmu<\/p>\n\n\n\n<p class=\"wp-block-paragraph\">Za kupce je osiguran transport gro\u017e\u0111a do \u017eeljene lokacije.<\/p>\n\n\n\n<p class=\"wp-block-paragraph\">Tako\u0111er, postoji mogu\u0107nost kori\u0161tenja velike mulja\u010de za gro\u017e\u0111e koja odvaja peteljku, \u0161to dodatno olak\u0161ava pripremu gro\u017e\u0111a za preradu.<\/p>\n\n\n\n<p class=\"wp-block-paragraph\">Za sve informacije i dogovor zainteresirani se mogu javiti na broj: <strong>063 482 866<\/strong><\/p>\n\n\n\n<p class=\"wp-block-paragraph\">Kontakt je dostupan i putem <strong>Vibera<\/strong>.<\/p>\n","protected":false},"excerpt":{"rendered":"<p>Prodaje se doma\u0107e crno gro\u017e\u0111e u Crvenom Grmu Za kupce je osiguran transport gro\u017e\u0111a do \u017eeljene lokacije. Tako\u0111er, postoji mogu\u0107nost kori\u0161tenja velike mulja\u010de za gro\u017e\u0111e koja odvaja peteljku, \u0161to dodatno olak\u0161ava pripremu gro\u017e\u0111a za preradu. Za sve informacije i dogovor zainteresirani se mogu javiti na broj: 063 482 866 Kontakt je dostupan i putem Vibera.<\/p>\n","protected":false},"author":2,"featured_media":231019,"comment_status":"closed","ping_status":"closed","sticky":false,"template":"","format":"standard","meta":{"footnotes":""},"categories":[12],"tags":[],"class_list":["post-231018","post","type-post","status-publish","format-standard","has-post-thumbnail","hentry","category-mali-oglasi"],"yoast_head":"<!-- This site is optimized with the Yoast SEO plugin v28.3 - https:\/\/yoast.com\/product\/yoast-seo-wordpress\/ -->\n<title>Prodaje se doma\u0107e crno gro\u017e\u0111e - RADIO LJUBU\u0160KI<\/title>\n<meta name=\"robots\" content=\"index, follow, max-snippet:-1, max-image-preview:large, max-video-preview:-1\" \/>\n<link rel=\"canonical\" href=\"https:\/\/radioljubuski.ba\/index.php\/2026\/08\/31\/prodaje-se-domace-crno-grozde\/\" \/>\n<meta property=\"og:locale\" content=\"hr_HR\" \/>\n<meta property=\"og:type\" content=\"article\" \/>\n<meta property=\"og:title\" content=\"Prodaje se doma\u0107e crno gro\u017e\u0111e - RADIO LJUBU\u0160KI\" \/>\n<meta property=\"og:description\" content=\"Prodaje se doma\u0107e crno gro\u017e\u0111e u Crvenom Grmu Za kupce je osiguran transport gro\u017e\u0111a do \u017eeljene lokacije. Tako\u0111er, postoji mogu\u0107nost kori\u0161tenja velike mulja\u010de za gro\u017e\u0111e koja odvaja peteljku, \u0161to dodatno olak\u0161ava pripremu gro\u017e\u0111a za preradu. Za sve informacije i dogovor zainteresirani se mogu javiti na broj: 063 482 866 Kontakt je dostupan i putem Vibera.\" \/>\n<meta property=\"og:url\" content=\"https:\/\/radioljubuski.ba\/index.php\/2026\/08\/31\/prodaje-se-domace-crno-grozde\/\" \/>\n<meta property=\"og:site_name\" content=\"RADIO LJUBU\u0160KI\" \/>\n<meta property=\"article:publisher\" content=\"https:\/\/www.facebook.com\/Radiio-Ljubuski-1490835324566332\" \/>\n<meta property=\"article:published_time\" content=\"2026-08-31T11:33:42+00:00\" \/>\n<meta property=\"article:modified_time\" content=\"2026-08-31T11:37:58+00:00\" \/>\n<meta property=\"og:image\" content=\"https:\/\/radioljubuski.ba\/wp-content\/uploads\/2026\/08\/ef304380-c2b0-48e2-b772-1b39597a7058-1024x683.png\" \/>\n\t<meta property=\"og:image:width\" content=\"1024\" \/>\n\t<meta property=\"og:image:height\" content=\"683\" \/>\n\t<meta property=\"og:image:type\" content=\"image\/png\" \/>\n<meta name=\"author\" content=\"Radio Ljubu\u0161ki\" \/>\n<meta name=\"twitter:card\" content=\"summary_large_image\" \/>\n<meta name=\"twitter:creator\" content=\"@radioljubuski\" \/>\n<meta name=\"twitter:site\" content=\"@radioljubuski\" \/>\n<meta name=\"twitter:label1\" content=\"Napisao\/la\" \/>\n\t<meta name=\"twitter:data1\" content=\"Radio Ljubu\u0161ki\" \/>\n\t<meta name=\"twitter:label2\" content=\"Procijenjeno vrijeme \u010ditanja\" \/>\n\t<meta name=\"twitter:data2\" content=\"1 minuta\" \/>\n<script type=\"application\/ld+json\" class=\"yoast-schema-graph\">{\"@context\":\"https:\\\/\\\/schema.org\",\"@graph\":[{\"@type\":\"Article\",\"@id\":\"https:\\\/\\\/radioljubuski.ba\\\/index.php\\\/2026\\\/08\\\/31\\\/prodaje-se-domace-crno-grozde\\\/#article\",\"isPartOf\":{\"@id\":\"https:\\\/\\\/radioljubuski.ba\\\/index.php\\\/2026\\\/08\\\/31\\\/prodaje-se-domace-crno-grozde\\\/\"},\"author\":{\"name\":\"Radio Ljubu\u0161ki\",\"@id\":\"https:\\\/\\\/radioljubuski.ba\\\/#\\\/schema\\\/person\\\/93d6e6a3137cf35dddeb5311d1b312b7\"},\"headline\":\"Prodaje se doma\u0107e crno gro\u017e\u0111e\",\"datePublished\":\"2026-08-31T11:33:42+00:00\",\"dateModified\":\"2026-08-31T11:37:58+00:00\",\"mainEntityOfPage\":{\"@id\":\"https:\\\/\\\/radioljubuski.ba\\\/index.php\\\/2026\\\/08\\\/31\\\/prodaje-se-domace-crno-grozde\\\/\"},\"wordCount\":69,\"publisher\":{\"@id\":\"https:\\\/\\\/radioljubuski.ba\\\/#organization\"},\"image\":{\"@id\":\"https:\\\/\\\/radioljubuski.ba\\\/index.php\\\/2026\\\/08\\\/31\\\/prodaje-se-domace-crno-grozde\\\/#primaryimage\"},\"thumbnailUrl\":\"https:\\\/\\\/radioljubuski.ba\\\/wp-content\\\/uploads\\\/2026\\\/08\\\/ef304380-c2b0-48e2-b772-1b39597a7058.png\",\"articleSection\":[\"Radio oglasnik\"],\"inLanguage\":\"hr\"},{\"@type\":\"WebPage\",\"@id\":\"https:\\\/\\\/radioljubuski.ba\\\/index.php\\\/2026\\\/08\\\/31\\\/prodaje-se-domace-crno-grozde\\\/\",\"url\":\"https:\\\/\\\/radioljubuski.ba\\\/index.php\\\/2026\\\/08\\\/31\\\/prodaje-se-domace-crno-grozde\\\/\",\"name\":\"Prodaje se doma\u0107e crno gro\u017e\u0111e - RADIO LJUBU\u0160KI\",\"isPartOf\":{\"@id\":\"https:\\\/\\\/radioljubuski.ba\\\/#website\"},\"primaryImageOfPage\":{\"@id\":\"https:\\\/\\\/radioljubuski.ba\\\/index.php\\\/2026\\\/08\\\/31\\\/prodaje-se-domace-crno-grozde\\\/#primaryimage\"},\"image\":{\"@id\":\"https:\\\/\\\/radioljubuski.ba\\\/index.php\\\/2026\\\/08\\\/31\\\/prodaje-se-domace-crno-grozde\\\/#primaryimage\"},\"thumbnailUrl\":\"https:\\\/\\\/radioljubuski.ba\\\/wp-content\\\/uploads\\\/2026\\\/08\\\/ef304380-c2b0-48e2-b772-1b39597a7058.png\",\"datePublished\":\"2026-08-31T11:33:42+00:00\",\"dateModified\":\"2026-08-31T11:37:58+00:00\",\"breadcrumb\":{\"@id\":\"https:\\\/\\\/radioljubuski.ba\\\/index.php\\\/2026\\\/08\\\/31\\\/prodaje-se-domace-crno-grozde\\\/#breadcrumb\"},\"inLanguage\":\"hr\",\"potentialAction\":[{\"@type\":\"ReadAction\",\"target\":[\"https:\\\/\\\/radioljubuski.ba\\\/index.php\\\/2026\\\/08\\\/31\\\/prodaje-se-domace-crno-grozde\\\/\"]}]},{\"@type\":\"ImageObject\",\"inLanguage\":\"hr\",\"@id\":\"https:\\\/\\\/radioljubuski.ba\\\/index.php\\\/2026\\\/08\\\/31\\\/prodaje-se-domace-crno-grozde\\\/#primaryimage\",\"url\":\"https:\\\/\\\/radioljubuski.ba\\\/wp-content\\\/uploads\\\/2026\\\/08\\\/ef304380-c2b0-48e2-b772-1b39597a7058.png\",\"contentUrl\":\"https:\\\/\\\/radioljubuski.ba\\\/wp-content\\\/uploads\\\/2026\\\/08\\\/ef304380-c2b0-48e2-b772-1b39597a7058.png\",\"width\":1536,\"height\":1024},{\"@type\":\"BreadcrumbList\",\"@id\":\"https:\\\/\\\/radioljubuski.ba\\\/index.php\\\/2026\\\/08\\\/31\\\/prodaje-se-domace-crno-grozde\\\/#breadcrumb\",\"itemListElement\":[{\"@type\":\"ListItem\",\"position\":1,\"name\":\"Po\u010detna stranica\",\"item\":\"https:\\\/\\\/radioljubuski.ba\\\/\"},{\"@type\":\"ListItem\",\"position\":2,\"name\":\"Prodaje se doma\u0107e crno gro\u017e\u0111e\"}]},{\"@type\":\"WebSite\",\"@id\":\"https:\\\/\\\/radioljubuski.ba\\\/#website\",\"url\":\"https:\\\/\\\/radioljubuski.ba\\\/\",\"name\":\"Radio Ljubu\u0161ki\",\"description\":\"Sun\u010dana frekvencija Hercegovine\",\"publisher\":{\"@id\":\"https:\\\/\\\/radioljubuski.ba\\\/#organization\"},\"potentialAction\":[{\"@type\":\"SearchAction\",\"target\":{\"@type\":\"EntryPoint\",\"urlTemplate\":\"https:\\\/\\\/radioljubuski.ba\\\/?s={search_term_string}\"},\"query-input\":{\"@type\":\"PropertyValueSpecification\",\"valueRequired\":true,\"valueName\":\"search_term_string\"}}],\"inLanguage\":\"hr\"},{\"@type\":\"Organization\",\"@id\":\"https:\\\/\\\/radioljubuski.ba\\\/#organization\",\"name\":\"Radio Ljubu\u0161ki\",\"url\":\"https:\\\/\\\/radioljubuski.ba\\\/\",\"logo\":{\"@type\":\"ImageObject\",\"inLanguage\":\"hr\",\"@id\":\"https:\\\/\\\/radioljubuski.ba\\\/#\\\/schema\\\/logo\\\/image\\\/\",\"url\":\"https:\\\/\\\/radioljubuski.ba\\\/wp-content\\\/uploads\\\/2021\\\/02\\\/cropped-Radio_Ljubuski_logo1.jpg\",\"contentUrl\":\"https:\\\/\\\/radioljubuski.ba\\\/wp-content\\\/uploads\\\/2021\\\/02\\\/cropped-Radio_Ljubuski_logo1.jpg\",\"width\":512,\"height\":512,\"caption\":\"Radio Ljubu\u0161ki\"},\"image\":{\"@id\":\"https:\\\/\\\/radioljubuski.ba\\\/#\\\/schema\\\/logo\\\/image\\\/\"},\"sameAs\":[\"https:\\\/\\\/www.facebook.com\\\/Radiio-Ljubuski-1490835324566332\",\"https:\\\/\\\/x.com\\\/radioljubuski\",\"https:\\\/\\\/hr.linkedin.com\\\/company\\\/radio-ljubuski\",\"https:\\\/\\\/www.youtube.com\\\/channel\\\/UCHYaeO_n0Db3tjNGudGpXyw\"]},{\"@type\":\"Person\",\"@id\":\"https:\\\/\\\/radioljubuski.ba\\\/#\\\/schema\\\/person\\\/93d6e6a3137cf35dddeb5311d1b312b7\",\"name\":\"Radio Ljubu\u0161ki\"}]}<\/script>\n<!-- \/ Yoast SEO plugin. -->","yoast_head_json":{"title":"Prodaje se doma\u0107e crno gro\u017e\u0111e - RADIO LJUBU\u0160KI","robots":{"index":"index","follow":"follow","max-snippet":"max-snippet:-1","max-image-preview":"max-image-preview:large","max-video-preview":"max-video-preview:-1"},"canonical":"https:\/\/radioljubuski.ba\/index.php\/2026\/08\/31\/prodaje-se-domace-crno-grozde\/","og_locale":"hr_HR","og_type":"article","og_title":"Prodaje se doma\u0107e crno gro\u017e\u0111e - RADIO LJUBU\u0160KI","og_description":"Prodaje se doma\u0107e crno gro\u017e\u0111e u Crvenom Grmu Za kupce je osiguran transport gro\u017e\u0111a do \u017eeljene lokacije. Tako\u0111er, postoji mogu\u0107nost kori\u0161tenja velike mulja\u010de za gro\u017e\u0111e koja odvaja peteljku, \u0161to dodatno olak\u0161ava pripremu gro\u017e\u0111a za preradu. Za sve informacije i dogovor zainteresirani se mogu javiti na broj: 063 482 866 Kontakt je dostupan i putem Vibera.","og_url":"https:\/\/radioljubuski.ba\/index.php\/2026\/08\/31\/prodaje-se-domace-crno-grozde\/","og_site_name":"RADIO LJUBU\u0160KI","article_publisher":"https:\/\/www.facebook.com\/Radiio-Ljubuski-1490835324566332","article_published_time":"2026-08-31T11:33:42+00:00","article_modified_time":"2026-08-31T11:37:58+00:00","og_image":[{"width":1024,"height":683,"url":"https:\/\/radioljubuski.ba\/wp-content\/uploads\/2026\/08\/ef304380-c2b0-48e2-b772-1b39597a7058-1024x683.png","type":"image\/png"}],"author":"Radio Ljubu\u0161ki","twitter_card":"summary_large_image","twitter_creator":"@radioljubuski","twitter_site":"@radioljubuski","twitter_misc":{"Napisao\/la":"Radio Ljubu\u0161ki","Procijenjeno vrijeme \u010ditanja":"1 minuta"},"schema":{"@context":"https:\/\/schema.org","@graph":[{"@type":"Article","@id":"https:\/\/radioljubuski.ba\/index.php\/2026\/08\/31\/prodaje-se-domace-crno-grozde\/#article","isPartOf":{"@id":"https:\/\/radioljubuski.ba\/index.php\/2026\/08\/31\/prodaje-se-domace-crno-grozde\/"},"author":{"name":"Radio Ljubu\u0161ki","@id":"https:\/\/radioljubuski.ba\/#\/schema\/person\/93d6e6a3137cf35dddeb5311d1b312b7"},"headline":"Prodaje se doma\u0107e crno gro\u017e\u0111e","datePublished":"2026-08-31T11:33:42+00:00","dateModified":"2026-08-31T11:37:58+00:00","mainEntityOfPage":{"@id":"https:\/\/radioljubuski.ba\/index.php\/2026\/08\/31\/prodaje-se-domace-crno-grozde\/"},"wordCount":69,"publisher":{"@id":"https:\/\/radioljubuski.ba\/#organization"},"image":{"@id":"https:\/\/radioljubuski.ba\/index.php\/2026\/08\/31\/prodaje-se-domace-crno-grozde\/#primaryimage"},"thumbnailUrl":"https:\/\/radioljubuski.ba\/wp-content\/uploads\/2026\/08\/ef304380-c2b0-48e2-b772-1b39597a7058.png","articleSection":["Radio oglasnik"],"inLanguage":"hr"},{"@type":"WebPage","@id":"https:\/\/radioljubuski.ba\/index.php\/2026\/08\/31\/prodaje-se-domace-crno-grozde\/","url":"https:\/\/radioljubuski.ba\/index.php\/2026\/08\/31\/prodaje-se-domace-crno-grozde\/","name":"Prodaje se doma\u0107e crno gro\u017e\u0111e - RADIO LJUBU\u0160KI","isPartOf":{"@id":"https:\/\/radioljubuski.ba\/#website"},"primaryImageOfPage":{"@id":"https:\/\/radioljubuski.ba\/index.php\/2026\/08\/31\/prodaje-se-domace-crno-grozde\/#primaryimage"},"image":{"@id":"https:\/\/radioljubuski.ba\/index.php\/2026\/08\/31\/prodaje-se-domace-crno-grozde\/#primaryimage"},"thumbnailUrl":"https:\/\/radioljubuski.ba\/wp-content\/uploads\/2026\/08\/ef304380-c2b0-48e2-b772-1b39597a7058.png","datePublished":"2026-08-31T11:33:42+00:00","dateModified":"2026-08-31T11:37:58+00:00","breadcrumb":{"@id":"https:\/\/radioljubuski.ba\/index.php\/2026\/08\/31\/prodaje-se-domace-crno-grozde\/#breadcrumb"},"inLanguage":"hr","potentialAction":[{"@type":"ReadAction","target":["https:\/\/radioljubuski.ba\/index.php\/2026\/08\/31\/prodaje-se-domace-crno-grozde\/"]}]},{"@type":"ImageObject","inLanguage":"hr","@id":"https:\/\/radioljubuski.ba\/index.php\/2026\/08\/31\/prodaje-se-domace-crno-grozde\/#primaryimage","url":"https:\/\/radioljubuski.ba\/wp-content\/uploads\/2026\/08\/ef304380-c2b0-48e2-b772-1b39597a7058.png","contentUrl":"https:\/\/radioljubuski.ba\/wp-content\/uploads\/2026\/08\/ef304380-c2b0-48e2-b772-1b39597a7058.png","width":1536,"height":1024},{"@type":"BreadcrumbList","@id":"https:\/\/radioljubuski.ba\/index.php\/2026\/08\/31\/prodaje-se-domace-crno-grozde\/#breadcrumb","itemListElement":[{"@type":"ListItem","position":1,"name":"Po\u010detna stranica","item":"https:\/\/radioljubuski.ba\/"},{"@type":"ListItem","position":2,"name":"Prodaje se doma\u0107e crno gro\u017e\u0111e"}]},{"@type":"WebSite","@id":"https:\/\/radioljubuski.ba\/#website","url":"https:\/\/radioljubuski.ba\/","name":"Radio Ljubu\u0161ki","description":"Sun\u010dana frekvencija Hercegovine","publisher":{"@id":"https:\/\/radioljubuski.ba\/#organization"},"potentialAction":[{"@type":"SearchAction","target":{"@type":"EntryPoint","urlTemplate":"https:\/\/radioljubuski.ba\/?s={search_term_string}"},"query-input":{"@type":"PropertyValueSpecification","valueRequired":true,"valueName":"search_term_string"}}],"inLanguage":"hr"},{"@type":"Organization","@id":"https:\/\/radioljubuski.ba\/#organization","name":"Radio Ljubu\u0161ki","url":"https:\/\/radioljubuski.ba\/","logo":{"@type":"ImageObject","inLanguage":"hr","@id":"https:\/\/radioljubuski.ba\/#\/schema\/logo\/image\/","url":"https:\/\/radioljubuski.ba\/wp-content\/uploads\/2021\/02\/cropped-Radio_Ljubuski_logo1.jpg","contentUrl":"https:\/\/radioljubuski.ba\/wp-content\/uploads\/2021\/02\/cropped-Radio_Ljubuski_logo1.jpg","width":512,"height":512,"caption":"Radio Ljubu\u0161ki"},"image":{"@id":"https:\/\/radioljubuski.ba\/#\/schema\/logo\/image\/"},"sameAs":["https:\/\/www.facebook.com\/Radiio-Ljubuski-1490835324566332","https:\/\/x.com\/radioljubuski","https:\/\/hr.linkedin.com\/company\/radio-ljubuski","https:\/\/www.youtube.com\/channel\/UCHYaeO_n0Db3tjNGudGpXyw"]},{"@type":"Person","@id":"https:\/\/radioljubuski.ba\/#\/schema\/person\/93d6e6a3137cf35dddeb5311d1b312b7","name":"Radio Ljubu\u0161ki"}]}},"_links":{"self":[{"href":"https:\/\/radioljubuski.ba\/index.php\/wp-json\/wp\/v2\/posts\/231018","targetHints":{"allow":["GET"]}}],"collection":[{"href":"https:\/\/radioljubuski.ba\/index.php\/wp-json\/wp\/v2\/posts"}],"about":[{"href":"https:\/\/radioljubuski.ba\/index.php\/wp-json\/wp\/v2\/types\/post"}],"author":[{"embeddable":true,"href":"https:\/\/radioljubuski.ba\/index.php\/wp-json\/wp\/v2\/users\/2"}],"replies":[{"embeddable":true,"href":"https:\/\/radioljubuski.ba\/index.php\/wp-json\/wp\/v2\/comments?post=231018"}],"version-history":[{"count":2,"href":"https:\/\/radioljubuski.ba\/index.php\/wp-json\/wp\/v2\/posts\/231018\/revisions"}],"predecessor-version":[{"id":231021,"href":"https:\/\/radioljubuski.ba\/index.php\/wp-json\/wp\/v2\/posts\/231018\/revisions\/231021"}],"wp:featuredmedia":[{"embeddable":true,"href":"https:\/\/radioljubuski.ba\/index.php\/wp-json\/wp\/v2\/media\/231019"}],"wp:attachment":[{"href":"https:\/\/radioljubuski.ba\/index.php\/wp-json\/wp\/v2\/media?parent=231018"}],"wp:term":[{"taxonomy":"category","embeddable":true,"href":"https:\/\/radioljubuski.ba\/index.php\/wp-json\/wp\/v2\/categories?post=231018"},{"taxonomy":"post_tag","embeddable":true,"href":"https:\/\/radioljubuski.ba\/index.php\/wp-json\/wp\/v2\/tags?post=231018"}],"curies":[{"name":"wp","href":"https:\/\/api.w.org\/{rel}","templated":true}]}}