{"id":231035,"date":"2026-09-01T16:06:16","date_gmt":"2026-09-01T15:06:16","guid":{"rendered":"https:\/\/radioljubuski.ba\/?p=231035"},"modified":"2026-09-01T16:06:17","modified_gmt":"2026-09-01T15:06:17","slug":"struktura-crvenoga-kriza-u-zzh-i-centar-za-socijalni-rad-ljubuski-osigurali-255-000-eura-za-projekte-socijalne-skrbi","status":"publish","type":"post","link":"https:\/\/radioljubuski.ba\/index.php\/2026\/09\/01\/struktura-crvenoga-kriza-u-zzh-i-centar-za-socijalni-rad-ljubuski-osigurali-255-000-eura-za-projekte-socijalne-skrbi\/","title":{"rendered":"Struktura Crvenoga kri\u017ea u \u017dZH i Centar za socijalni rad Ljubu\u0161ki osigurali 255.000 eura za projekte socijalne skrbi"},"content":{"rendered":"\n<p class=\"wp-block-paragraph\"><\/p>\n\n\n\n<p class=\"wp-block-paragraph\">U utorak, 1. rujna 2026. godine, u prostorijama Samostana svetog Franje \u0160kolskih sestara franjevki Krista Kralja u Potocima kod Mostara odr\u017eano je sve\u010dano potpisivanje Ugovora za provedbu projekta potpore Hrvatima u Bosni i Hercegovini u svrhu socijalnog razvoja lokalne zajednice u 2026. godini, u organizaciji Ministarstva rada, mirovinskoga sustava, obitelji i socijalne politike Republike Hrvatske.<\/p>\n\n\n\n<p class=\"wp-block-paragraph\">Me\u0111u odobrenim projektima, ukupne vrijednosti 255.000 eura, nalaze se i projekti s podru\u010dja \u017dupanije Zapadnohercegova\u010dke, kojima se nastavlja financiranje tri projekta ku\u0107ne njege, kao i socijalnih projekata usmjerenih na pobolj\u0161anje polo\u017eaja socijalno ugro\u017eenih i ranjivih osoba te razvoj socijalnih usluga.<\/p>\n\n\n\n<p class=\"wp-block-paragraph\"><\/p>\n\n\n\n<p class=\"wp-block-paragraph\">Nakon potpisivanja ugovora u samostanskoj dvorani odr\u017eana je sve\u010danost na kojoj su se nazo\u010dnima obratili predsjednik Vlade Republike Hrvatske Andrej Plenkovi\u0107, potpredsjednik Vlade RH i ministar prostornoga ure\u0111enja Branko Ba\u010di\u0107, ministar turizma i sporta Ton\u010di Glavina, ministar rada, mirovinskoga sustava, obitelji i socijalne politike Alen Ru\u017ei\u0107, dr\u017eavni tajnik Sredi\u0161njeg dr\u017eavnog ureda za Hrvate izvan Republike Hrvatske Zvonko Milas, gradona\u010delnik Mostara Mario Kordi\u0107 te Darijana Filipovi\u0107, dopredsjednica HDZ-a BiH i zastupnica u Zastupni\u010dkom domu Parlamentarne skup\u0161tine BiH.<\/p>\n\n\n\n<figure class=\"wp-block-image size-large\"><img loading=\"lazy\" decoding=\"async\" width=\"1024\" height=\"682\" src=\"https:\/\/radioljubuski.ba\/wp-content\/uploads\/2026\/09\/36310-1024x682.jpg\" alt=\"\" class=\"wp-image-231037\" srcset=\"https:\/\/radioljubuski.ba\/wp-content\/uploads\/2026\/09\/36310-1024x682.jpg 1024w, https:\/\/radioljubuski.ba\/wp-content\/uploads\/2026\/09\/36310-768x511.jpg 768w, https:\/\/radioljubuski.ba\/wp-content\/uploads\/2026\/09\/36310-300x200.jpg 300w, https:\/\/radioljubuski.ba\/wp-content\/uploads\/2026\/09\/36310.jpg 1286w\" sizes=\"auto, (max-width: 1024px) 100vw, 1024px\" \/><\/figure>\n\n\n\n<p class=\"wp-block-paragraph\">U ime Crvenoga kri\u017ea \u017dupanije Zapadnohercegova\u010dke ugovor je potpisao predsjednik Viktor Grbavac, Crvenoga kri\u017ea \u0160iroki Brijeg predsjednik Sre\u0107ko Sli\u0161kovi\u0107, Crvenoga kri\u017ea Posu\u0161je predsjednik Branko Leko, a Crvenoga kri\u017ea Grude predsjednica dr. Vinka \u0110evenica, dok je Javnoj ustanovi Centar za socijalni rad Ljubu\u0161ki odobren nastavak projekta ku\u0107ne njege.<\/p>\n\n\n\n<p class=\"wp-block-paragraph\">Projekte ku\u0107ne njege, uz potporu Ministarstva rada, mirovinskoga sustava, obitelji i socijalne politike Republike Hrvatske, sufinanciraju Vlada \u017dupanije Zapadnohercegova\u010dke, Grad \u0160iroki Brijeg, Grad Ljubu\u0161ki i Op\u0107ina Posu\u0161je, \u010dime se osigurava kontinuitet besplatne ku\u0107ne njege na podru\u010dju sve \u010detiri jedinice lokalne samouprave, \u0161to predstavlja jedinstven primjer u Bosni i Hercegovini, dok je Crveni kri\u017e \u017dupanije Zapadnohercegova\u010dke partner u projektima te pru\u017ea potporu njihovom povezivanju i unaprje\u0111enju socijalnih usluga.<\/p>\n\n\n\n<p class=\"wp-block-paragraph\">Crveni kri\u017e \u017dupanije Zapadnohercegova\u010dke zahvaljuje Ministarstvu rada, mirovinskoga sustava, obitelji i socijalne politike Republike Hrvatske na kontinuiranoj potpori, kao i svim partnerima i nositeljima projekata na dosada\u0161njoj suradnji.<\/p>\n\n\n\n<p class=\"wp-block-paragraph\">Crveni kri\u017e \u017dZH<\/p>\n","protected":false},"excerpt":{"rendered":"<p>U utorak, 1. rujna 2026. godine, u prostorijama Samostana svetog Franje \u0160kolskih sestara franjevki Krista Kralja u Potocima kod Mostara odr\u017eano je sve\u010dano potpisivanje Ugovora za provedbu projekta potpore Hrvatima u Bosni i Hercegovini u svrhu socijalnog razvoja lokalne zajednice u 2026. godini, u organizaciji Ministarstva rada, mirovinskoga sustava, obitelji i socijalne politike Republike Hrvatske. [&hellip;]<\/p>\n","protected":false},"author":2,"featured_media":231036,"comment_status":"closed","ping_status":"closed","sticky":false,"template":"","format":"standard","meta":{"footnotes":""},"categories":[1,3,30],"tags":[],"class_list":["post-231035","post","type-post","status-publish","format-standard","has-post-thumbnail","hentry","category-bihiregija","category-ljubuski","category-zupanija-zapadnohercegovacka"],"yoast_head":"<!-- This site is optimized with the Yoast SEO plugin v28.3 - https:\/\/yoast.com\/product\/yoast-seo-wordpress\/ -->\n<title>Struktura Crvenoga kri\u017ea u \u017dZH i Centar za socijalni rad Ljubu\u0161ki osigurali 255.000 eura za projekte socijalne skrbi - RADIO LJUBU\u0160KI<\/title>\n<meta name=\"robots\" content=\"index, follow, max-snippet:-1, max-image-preview:large, max-video-preview:-1\" \/>\n<link rel=\"canonical\" href=\"https:\/\/radioljubuski.ba\/index.php\/2026\/09\/01\/struktura-crvenoga-kriza-u-zzh-i-centar-za-socijalni-rad-ljubuski-osigurali-255-000-eura-za-projekte-socijalne-skrbi\/\" \/>\n<meta property=\"og:locale\" content=\"hr_HR\" \/>\n<meta property=\"og:type\" content=\"article\" \/>\n<meta property=\"og:title\" content=\"Struktura Crvenoga kri\u017ea u \u017dZH i Centar za socijalni rad Ljubu\u0161ki osigurali 255.000 eura za projekte socijalne skrbi - RADIO LJUBU\u0160KI\" \/>\n<meta property=\"og:description\" content=\"U utorak, 1. rujna 2026. godine, u prostorijama Samostana svetog Franje \u0160kolskih sestara franjevki Krista Kralja u Potocima kod Mostara odr\u017eano je sve\u010dano potpisivanje Ugovora za provedbu projekta potpore Hrvatima u Bosni i Hercegovini u svrhu socijalnog razvoja lokalne zajednice u 2026. godini, u organizaciji Ministarstva rada, mirovinskoga sustava, obitelji i socijalne politike Republike Hrvatske. [&hellip;]\" \/>\n<meta property=\"og:url\" content=\"https:\/\/radioljubuski.ba\/index.php\/2026\/09\/01\/struktura-crvenoga-kriza-u-zzh-i-centar-za-socijalni-rad-ljubuski-osigurali-255-000-eura-za-projekte-socijalne-skrbi\/\" \/>\n<meta property=\"og:site_name\" content=\"RADIO LJUBU\u0160KI\" \/>\n<meta property=\"article:publisher\" content=\"https:\/\/www.facebook.com\/Radiio-Ljubuski-1490835324566332\" \/>\n<meta property=\"article:published_time\" content=\"2026-09-01T15:06:16+00:00\" \/>\n<meta property=\"article:modified_time\" content=\"2026-09-01T15:06:17+00:00\" \/>\n<meta property=\"og:image\" content=\"https:\/\/radioljubuski.ba\/wp-content\/uploads\/2026\/09\/FB_IMG_1788274888885.jpg\" \/>\n\t<meta property=\"og:image:width\" content=\"1286\" \/>\n\t<meta property=\"og:image:height\" content=\"856\" \/>\n\t<meta property=\"og:image:type\" content=\"image\/jpeg\" \/>\n<meta name=\"author\" content=\"Radio Ljubu\u0161ki\" \/>\n<meta name=\"twitter:card\" content=\"summary_large_image\" \/>\n<meta name=\"twitter:creator\" content=\"@radioljubuski\" \/>\n<meta name=\"twitter:site\" content=\"@radioljubuski\" \/>\n<meta name=\"twitter:label1\" content=\"Napisao\/la\" \/>\n\t<meta name=\"twitter:data1\" content=\"Radio Ljubu\u0161ki\" \/>\n\t<meta name=\"twitter:label2\" content=\"Procijenjeno vrijeme \u010ditanja\" \/>\n\t<meta name=\"twitter:data2\" content=\"3 minute\" \/>\n<script type=\"application\/ld+json\" class=\"yoast-schema-graph\">{\"@context\":\"https:\\\/\\\/schema.org\",\"@graph\":[{\"@type\":\"Article\",\"@id\":\"https:\\\/\\\/radioljubuski.ba\\\/index.php\\\/2026\\\/09\\\/01\\\/struktura-crvenoga-kriza-u-zzh-i-centar-za-socijalni-rad-ljubuski-osigurali-255-000-eura-za-projekte-socijalne-skrbi\\\/#article\",\"isPartOf\":{\"@id\":\"https:\\\/\\\/radioljubuski.ba\\\/index.php\\\/2026\\\/09\\\/01\\\/struktura-crvenoga-kriza-u-zzh-i-centar-za-socijalni-rad-ljubuski-osigurali-255-000-eura-za-projekte-socijalne-skrbi\\\/\"},\"author\":{\"name\":\"Radio Ljubu\u0161ki\",\"@id\":\"https:\\\/\\\/radioljubuski.ba\\\/#\\\/schema\\\/person\\\/93d6e6a3137cf35dddeb5311d1b312b7\"},\"headline\":\"Struktura Crvenoga kri\u017ea u \u017dZH i Centar za socijalni rad Ljubu\u0161ki osigurali 255.000 eura za projekte socijalne skrbi\",\"datePublished\":\"2026-09-01T15:06:16+00:00\",\"dateModified\":\"2026-09-01T15:06:17+00:00\",\"mainEntityOfPage\":{\"@id\":\"https:\\\/\\\/radioljubuski.ba\\\/index.php\\\/2026\\\/09\\\/01\\\/struktura-crvenoga-kriza-u-zzh-i-centar-za-socijalni-rad-ljubuski-osigurali-255-000-eura-za-projekte-socijalne-skrbi\\\/\"},\"wordCount\":375,\"publisher\":{\"@id\":\"https:\\\/\\\/radioljubuski.ba\\\/#organization\"},\"image\":{\"@id\":\"https:\\\/\\\/radioljubuski.ba\\\/index.php\\\/2026\\\/09\\\/01\\\/struktura-crvenoga-kriza-u-zzh-i-centar-za-socijalni-rad-ljubuski-osigurali-255-000-eura-za-projekte-socijalne-skrbi\\\/#primaryimage\"},\"thumbnailUrl\":\"https:\\\/\\\/radioljubuski.ba\\\/wp-content\\\/uploads\\\/2026\\\/09\\\/FB_IMG_1788274888885.jpg\",\"articleSection\":[\"BIH i regija\",\"Ljubu\u0161ki\",\"\u017dupanija Zapadnohercegova\u010dka\"],\"inLanguage\":\"hr\"},{\"@type\":\"WebPage\",\"@id\":\"https:\\\/\\\/radioljubuski.ba\\\/index.php\\\/2026\\\/09\\\/01\\\/struktura-crvenoga-kriza-u-zzh-i-centar-za-socijalni-rad-ljubuski-osigurali-255-000-eura-za-projekte-socijalne-skrbi\\\/\",\"url\":\"https:\\\/\\\/radioljubuski.ba\\\/index.php\\\/2026\\\/09\\\/01\\\/struktura-crvenoga-kriza-u-zzh-i-centar-za-socijalni-rad-ljubuski-osigurali-255-000-eura-za-projekte-socijalne-skrbi\\\/\",\"name\":\"Struktura Crvenoga kri\u017ea u \u017dZH i Centar za socijalni rad Ljubu\u0161ki osigurali 255.000 eura za projekte socijalne skrbi - RADIO LJUBU\u0160KI\",\"isPartOf\":{\"@id\":\"https:\\\/\\\/radioljubuski.ba\\\/#website\"},\"primaryImageOfPage\":{\"@id\":\"https:\\\/\\\/radioljubuski.ba\\\/index.php\\\/2026\\\/09\\\/01\\\/struktura-crvenoga-kriza-u-zzh-i-centar-za-socijalni-rad-ljubuski-osigurali-255-000-eura-za-projekte-socijalne-skrbi\\\/#primaryimage\"},\"image\":{\"@id\":\"https:\\\/\\\/radioljubuski.ba\\\/index.php\\\/2026\\\/09\\\/01\\\/struktura-crvenoga-kriza-u-zzh-i-centar-za-socijalni-rad-ljubuski-osigurali-255-000-eura-za-projekte-socijalne-skrbi\\\/#primaryimage\"},\"thumbnailUrl\":\"https:\\\/\\\/radioljubuski.ba\\\/wp-content\\\/uploads\\\/2026\\\/09\\\/FB_IMG_1788274888885.jpg\",\"datePublished\":\"2026-09-01T15:06:16+00:00\",\"dateModified\":\"2026-09-01T15:06:17+00:00\",\"breadcrumb\":{\"@id\":\"https:\\\/\\\/radioljubuski.ba\\\/index.php\\\/2026\\\/09\\\/01\\\/struktura-crvenoga-kriza-u-zzh-i-centar-za-socijalni-rad-ljubuski-osigurali-255-000-eura-za-projekte-socijalne-skrbi\\\/#breadcrumb\"},\"inLanguage\":\"hr\",\"potentialAction\":[{\"@type\":\"ReadAction\",\"target\":[\"https:\\\/\\\/radioljubuski.ba\\\/index.php\\\/2026\\\/09\\\/01\\\/struktura-crvenoga-kriza-u-zzh-i-centar-za-socijalni-rad-ljubuski-osigurali-255-000-eura-za-projekte-socijalne-skrbi\\\/\"]}]},{\"@type\":\"ImageObject\",\"inLanguage\":\"hr\",\"@id\":\"https:\\\/\\\/radioljubuski.ba\\\/index.php\\\/2026\\\/09\\\/01\\\/struktura-crvenoga-kriza-u-zzh-i-centar-za-socijalni-rad-ljubuski-osigurali-255-000-eura-za-projekte-socijalne-skrbi\\\/#primaryimage\",\"url\":\"https:\\\/\\\/radioljubuski.ba\\\/wp-content\\\/uploads\\\/2026\\\/09\\\/FB_IMG_1788274888885.jpg\",\"contentUrl\":\"https:\\\/\\\/radioljubuski.ba\\\/wp-content\\\/uploads\\\/2026\\\/09\\\/FB_IMG_1788274888885.jpg\",\"width\":1286,\"height\":856},{\"@type\":\"BreadcrumbList\",\"@id\":\"https:\\\/\\\/radioljubuski.ba\\\/index.php\\\/2026\\\/09\\\/01\\\/struktura-crvenoga-kriza-u-zzh-i-centar-za-socijalni-rad-ljubuski-osigurali-255-000-eura-za-projekte-socijalne-skrbi\\\/#breadcrumb\",\"itemListElement\":[{\"@type\":\"ListItem\",\"position\":1,\"name\":\"Po\u010detna stranica\",\"item\":\"https:\\\/\\\/radioljubuski.ba\\\/\"},{\"@type\":\"ListItem\",\"position\":2,\"name\":\"Struktura Crvenoga kri\u017ea u \u017dZH i Centar za socijalni rad Ljubu\u0161ki osigurali 255.000 eura za projekte socijalne skrbi\"}]},{\"@type\":\"WebSite\",\"@id\":\"https:\\\/\\\/radioljubuski.ba\\\/#website\",\"url\":\"https:\\\/\\\/radioljubuski.ba\\\/\",\"name\":\"Radio Ljubu\u0161ki\",\"description\":\"Sun\u010dana frekvencija Hercegovine\",\"publisher\":{\"@id\":\"https:\\\/\\\/radioljubuski.ba\\\/#organization\"},\"potentialAction\":[{\"@type\":\"SearchAction\",\"target\":{\"@type\":\"EntryPoint\",\"urlTemplate\":\"https:\\\/\\\/radioljubuski.ba\\\/?s={search_term_string}\"},\"query-input\":{\"@type\":\"PropertyValueSpecification\",\"valueRequired\":true,\"valueName\":\"search_term_string\"}}],\"inLanguage\":\"hr\"},{\"@type\":\"Organization\",\"@id\":\"https:\\\/\\\/radioljubuski.ba\\\/#organization\",\"name\":\"Radio Ljubu\u0161ki\",\"url\":\"https:\\\/\\\/radioljubuski.ba\\\/\",\"logo\":{\"@type\":\"ImageObject\",\"inLanguage\":\"hr\",\"@id\":\"https:\\\/\\\/radioljubuski.ba\\\/#\\\/schema\\\/logo\\\/image\\\/\",\"url\":\"https:\\\/\\\/radioljubuski.ba\\\/wp-content\\\/uploads\\\/2021\\\/02\\\/cropped-Radio_Ljubuski_logo1.jpg\",\"contentUrl\":\"https:\\\/\\\/radioljubuski.ba\\\/wp-content\\\/uploads\\\/2021\\\/02\\\/cropped-Radio_Ljubuski_logo1.jpg\",\"width\":512,\"height\":512,\"caption\":\"Radio Ljubu\u0161ki\"},\"image\":{\"@id\":\"https:\\\/\\\/radioljubuski.ba\\\/#\\\/schema\\\/logo\\\/image\\\/\"},\"sameAs\":[\"https:\\\/\\\/www.facebook.com\\\/Radiio-Ljubuski-1490835324566332\",\"https:\\\/\\\/x.com\\\/radioljubuski\",\"https:\\\/\\\/hr.linkedin.com\\\/company\\\/radio-ljubuski\",\"https:\\\/\\\/www.youtube.com\\\/channel\\\/UCHYaeO_n0Db3tjNGudGpXyw\"]},{\"@type\":\"Person\",\"@id\":\"https:\\\/\\\/radioljubuski.ba\\\/#\\\/schema\\\/person\\\/93d6e6a3137cf35dddeb5311d1b312b7\",\"name\":\"Radio Ljubu\u0161ki\"}]}<\/script>\n<!-- \/ Yoast SEO plugin. -->","yoast_head_json":{"title":"Struktura Crvenoga kri\u017ea u \u017dZH i Centar za socijalni rad Ljubu\u0161ki osigurali 255.000 eura za projekte socijalne skrbi - RADIO LJUBU\u0160KI","robots":{"index":"index","follow":"follow","max-snippet":"max-snippet:-1","max-image-preview":"max-image-preview:large","max-video-preview":"max-video-preview:-1"},"canonical":"https:\/\/radioljubuski.ba\/index.php\/2026\/09\/01\/struktura-crvenoga-kriza-u-zzh-i-centar-za-socijalni-rad-ljubuski-osigurali-255-000-eura-za-projekte-socijalne-skrbi\/","og_locale":"hr_HR","og_type":"article","og_title":"Struktura Crvenoga kri\u017ea u \u017dZH i Centar za socijalni rad Ljubu\u0161ki osigurali 255.000 eura za projekte socijalne skrbi - RADIO LJUBU\u0160KI","og_description":"U utorak, 1. rujna 2026. godine, u prostorijama Samostana svetog Franje \u0160kolskih sestara franjevki Krista Kralja u Potocima kod Mostara odr\u017eano je sve\u010dano potpisivanje Ugovora za provedbu projekta potpore Hrvatima u Bosni i Hercegovini u svrhu socijalnog razvoja lokalne zajednice u 2026. godini, u organizaciji Ministarstva rada, mirovinskoga sustava, obitelji i socijalne politike Republike Hrvatske. [&hellip;]","og_url":"https:\/\/radioljubuski.ba\/index.php\/2026\/09\/01\/struktura-crvenoga-kriza-u-zzh-i-centar-za-socijalni-rad-ljubuski-osigurali-255-000-eura-za-projekte-socijalne-skrbi\/","og_site_name":"RADIO LJUBU\u0160KI","article_publisher":"https:\/\/www.facebook.com\/Radiio-Ljubuski-1490835324566332","article_published_time":"2026-09-01T15:06:16+00:00","article_modified_time":"2026-09-01T15:06:17+00:00","og_image":[{"width":1286,"height":856,"url":"https:\/\/radioljubuski.ba\/wp-content\/uploads\/2026\/09\/FB_IMG_1788274888885.jpg","type":"image\/jpeg"}],"author":"Radio Ljubu\u0161ki","twitter_card":"summary_large_image","twitter_creator":"@radioljubuski","twitter_site":"@radioljubuski","twitter_misc":{"Napisao\/la":"Radio Ljubu\u0161ki","Procijenjeno vrijeme \u010ditanja":"3 minute"},"schema":{"@context":"https:\/\/schema.org","@graph":[{"@type":"Article","@id":"https:\/\/radioljubuski.ba\/index.php\/2026\/09\/01\/struktura-crvenoga-kriza-u-zzh-i-centar-za-socijalni-rad-ljubuski-osigurali-255-000-eura-za-projekte-socijalne-skrbi\/#article","isPartOf":{"@id":"https:\/\/radioljubuski.ba\/index.php\/2026\/09\/01\/struktura-crvenoga-kriza-u-zzh-i-centar-za-socijalni-rad-ljubuski-osigurali-255-000-eura-za-projekte-socijalne-skrbi\/"},"author":{"name":"Radio Ljubu\u0161ki","@id":"https:\/\/radioljubuski.ba\/#\/schema\/person\/93d6e6a3137cf35dddeb5311d1b312b7"},"headline":"Struktura Crvenoga kri\u017ea u \u017dZH i Centar za socijalni rad Ljubu\u0161ki osigurali 255.000 eura za projekte socijalne skrbi","datePublished":"2026-09-01T15:06:16+00:00","dateModified":"2026-09-01T15:06:17+00:00","mainEntityOfPage":{"@id":"https:\/\/radioljubuski.ba\/index.php\/2026\/09\/01\/struktura-crvenoga-kriza-u-zzh-i-centar-za-socijalni-rad-ljubuski-osigurali-255-000-eura-za-projekte-socijalne-skrbi\/"},"wordCount":375,"publisher":{"@id":"https:\/\/radioljubuski.ba\/#organization"},"image":{"@id":"https:\/\/radioljubuski.ba\/index.php\/2026\/09\/01\/struktura-crvenoga-kriza-u-zzh-i-centar-za-socijalni-rad-ljubuski-osigurali-255-000-eura-za-projekte-socijalne-skrbi\/#primaryimage"},"thumbnailUrl":"https:\/\/radioljubuski.ba\/wp-content\/uploads\/2026\/09\/FB_IMG_1788274888885.jpg","articleSection":["BIH i regija","Ljubu\u0161ki","\u017dupanija Zapadnohercegova\u010dka"],"inLanguage":"hr"},{"@type":"WebPage","@id":"https:\/\/radioljubuski.ba\/index.php\/2026\/09\/01\/struktura-crvenoga-kriza-u-zzh-i-centar-za-socijalni-rad-ljubuski-osigurali-255-000-eura-za-projekte-socijalne-skrbi\/","url":"https:\/\/radioljubuski.ba\/index.php\/2026\/09\/01\/struktura-crvenoga-kriza-u-zzh-i-centar-za-socijalni-rad-ljubuski-osigurali-255-000-eura-za-projekte-socijalne-skrbi\/","name":"Struktura Crvenoga kri\u017ea u \u017dZH i Centar za socijalni rad Ljubu\u0161ki osigurali 255.000 eura za projekte socijalne skrbi - RADIO LJUBU\u0160KI","isPartOf":{"@id":"https:\/\/radioljubuski.ba\/#website"},"primaryImageOfPage":{"@id":"https:\/\/radioljubuski.ba\/index.php\/2026\/09\/01\/struktura-crvenoga-kriza-u-zzh-i-centar-za-socijalni-rad-ljubuski-osigurali-255-000-eura-za-projekte-socijalne-skrbi\/#primaryimage"},"image":{"@id":"https:\/\/radioljubuski.ba\/index.php\/2026\/09\/01\/struktura-crvenoga-kriza-u-zzh-i-centar-za-socijalni-rad-ljubuski-osigurali-255-000-eura-za-projekte-socijalne-skrbi\/#primaryimage"},"thumbnailUrl":"https:\/\/radioljubuski.ba\/wp-content\/uploads\/2026\/09\/FB_IMG_1788274888885.jpg","datePublished":"2026-09-01T15:06:16+00:00","dateModified":"2026-09-01T15:06:17+00:00","breadcrumb":{"@id":"https:\/\/radioljubuski.ba\/index.php\/2026\/09\/01\/struktura-crvenoga-kriza-u-zzh-i-centar-za-socijalni-rad-ljubuski-osigurali-255-000-eura-za-projekte-socijalne-skrbi\/#breadcrumb"},"inLanguage":"hr","potentialAction":[{"@type":"ReadAction","target":["https:\/\/radioljubuski.ba\/index.php\/2026\/09\/01\/struktura-crvenoga-kriza-u-zzh-i-centar-za-socijalni-rad-ljubuski-osigurali-255-000-eura-za-projekte-socijalne-skrbi\/"]}]},{"@type":"ImageObject","inLanguage":"hr","@id":"https:\/\/radioljubuski.ba\/index.php\/2026\/09\/01\/struktura-crvenoga-kriza-u-zzh-i-centar-za-socijalni-rad-ljubuski-osigurali-255-000-eura-za-projekte-socijalne-skrbi\/#primaryimage","url":"https:\/\/radioljubuski.ba\/wp-content\/uploads\/2026\/09\/FB_IMG_1788274888885.jpg","contentUrl":"https:\/\/radioljubuski.ba\/wp-content\/uploads\/2026\/09\/FB_IMG_1788274888885.jpg","width":1286,"height":856},{"@type":"BreadcrumbList","@id":"https:\/\/radioljubuski.ba\/index.php\/2026\/09\/01\/struktura-crvenoga-kriza-u-zzh-i-centar-za-socijalni-rad-ljubuski-osigurali-255-000-eura-za-projekte-socijalne-skrbi\/#breadcrumb","itemListElement":[{"@type":"ListItem","position":1,"name":"Po\u010detna stranica","item":"https:\/\/radioljubuski.ba\/"},{"@type":"ListItem","position":2,"name":"Struktura Crvenoga kri\u017ea u \u017dZH i Centar za socijalni rad Ljubu\u0161ki osigurali 255.000 eura za projekte socijalne skrbi"}]},{"@type":"WebSite","@id":"https:\/\/radioljubuski.ba\/#website","url":"https:\/\/radioljubuski.ba\/","name":"Radio Ljubu\u0161ki","description":"Sun\u010dana frekvencija Hercegovine","publisher":{"@id":"https:\/\/radioljubuski.ba\/#organization"},"potentialAction":[{"@type":"SearchAction","target":{"@type":"EntryPoint","urlTemplate":"https:\/\/radioljubuski.ba\/?s={search_term_string}"},"query-input":{"@type":"PropertyValueSpecification","valueRequired":true,"valueName":"search_term_string"}}],"inLanguage":"hr"},{"@type":"Organization","@id":"https:\/\/radioljubuski.ba\/#organization","name":"Radio Ljubu\u0161ki","url":"https:\/\/radioljubuski.ba\/","logo":{"@type":"ImageObject","inLanguage":"hr","@id":"https:\/\/radioljubuski.ba\/#\/schema\/logo\/image\/","url":"https:\/\/radioljubuski.ba\/wp-content\/uploads\/2021\/02\/cropped-Radio_Ljubuski_logo1.jpg","contentUrl":"https:\/\/radioljubuski.ba\/wp-content\/uploads\/2021\/02\/cropped-Radio_Ljubuski_logo1.jpg","width":512,"height":512,"caption":"Radio Ljubu\u0161ki"},"image":{"@id":"https:\/\/radioljubuski.ba\/#\/schema\/logo\/image\/"},"sameAs":["https:\/\/www.facebook.com\/Radiio-Ljubuski-1490835324566332","https:\/\/x.com\/radioljubuski","https:\/\/hr.linkedin.com\/company\/radio-ljubuski","https:\/\/www.youtube.com\/channel\/UCHYaeO_n0Db3tjNGudGpXyw"]},{"@type":"Person","@id":"https:\/\/radioljubuski.ba\/#\/schema\/person\/93d6e6a3137cf35dddeb5311d1b312b7","name":"Radio Ljubu\u0161ki"}]}},"_links":{"self":[{"href":"https:\/\/radioljubuski.ba\/index.php\/wp-json\/wp\/v2\/posts\/231035","targetHints":{"allow":["GET"]}}],"collection":[{"href":"https:\/\/radioljubuski.ba\/index.php\/wp-json\/wp\/v2\/posts"}],"about":[{"href":"https:\/\/radioljubuski.ba\/index.php\/wp-json\/wp\/v2\/types\/post"}],"author":[{"embeddable":true,"href":"https:\/\/radioljubuski.ba\/index.php\/wp-json\/wp\/v2\/users\/2"}],"replies":[{"embeddable":true,"href":"https:\/\/radioljubuski.ba\/index.php\/wp-json\/wp\/v2\/comments?post=231035"}],"version-history":[{"count":1,"href":"https:\/\/radioljubuski.ba\/index.php\/wp-json\/wp\/v2\/posts\/231035\/revisions"}],"predecessor-version":[{"id":231038,"href":"https:\/\/radioljubuski.ba\/index.php\/wp-json\/wp\/v2\/posts\/231035\/revisions\/231038"}],"wp:featuredmedia":[{"embeddable":true,"href":"https:\/\/radioljubuski.ba\/index.php\/wp-json\/wp\/v2\/media\/231036"}],"wp:attachment":[{"href":"https:\/\/radioljubuski.ba\/index.php\/wp-json\/wp\/v2\/media?parent=231035"}],"wp:term":[{"taxonomy":"category","embeddable":true,"href":"https:\/\/radioljubuski.ba\/index.php\/wp-json\/wp\/v2\/categories?post=231035"},{"taxonomy":"post_tag","embeddable":true,"href":"https:\/\/radioljubuski.ba\/index.php\/wp-json\/wp\/v2\/tags?post=231035"}],"curies":[{"name":"wp","href":"https:\/\/api.w.org\/{rel}","templated":true}]}}