{"id":231039,"date":"2026-09-02T09:53:24","date_gmt":"2026-09-02T08:53:24","guid":{"rendered":"https:\/\/radioljubuski.ba\/?p=231039"},"modified":"2026-09-02T09:54:54","modified_gmt":"2026-09-02T08:54:54","slug":"gradonacelnik-markotic-potpisao-ugovor-od-300-000-eura-potpore-vlade-rh-za-izgradnju-novog-vatrogasnog-doma","status":"publish","type":"post","link":"https:\/\/radioljubuski.ba\/index.php\/2026\/09\/02\/gradonacelnik-markotic-potpisao-ugovor-od-300-000-eura-potpore-vlade-rh-za-izgradnju-novog-vatrogasnog-doma\/","title":{"rendered":"Gradona\u010delnik Markoti\u0107 potpisao ugovor od 300.000 eura potpore Vlade RH za izgradnju novog vatrogasnog doma"},"content":{"rendered":"\n<p class=\"wp-block-paragraph\">Grad Ljubu\u0161ki krajem ove godine kre\u0107e u izgradnju <strong>novog vatrogasnog doma<\/strong>, kojim \u0107e se Profesionalnoj vatrogasnoj postrojbi omogu\u0107iti bolji uvjeti rada te br\u017ee i u\u010dinkovitije intervencije.<\/p>\n\n\n\n<p class=\"wp-block-paragraph\">Novi vatrogasni dom bit \u0107e izgra\u0111en <strong>isto\u010dno od Ljubu\u0161kog, uz put prema Metkovi\u0107u<\/strong>. Vrijednost prve faze radova iznosi <strong>960 tisu\u0107a KM<\/strong>, dok je ukupna vrijednost projekta procijenjena na <strong>2,5 milijuna KM<\/strong>.<\/p>\n\n\n\n<p class=\"wp-block-paragraph\">Projekt je podr\u017eala i Vlada Republike Hrvatske, odnosno Sredi\u0161nji dr\u017eavni ured za Hrvate izvan Republike Hrvatske, koji je za izgradnju doma odobrio <strong>300 tisu\u0107a eura<\/strong>. Ugovor o dodjeli potpore ju\u010der je potpisao gradona\u010delnik Ljubu\u0161kog Vedran Markoti\u0107.<\/p>\n\n\n\n<p class=\"wp-block-paragraph\">Novi objekt imat \u0107e dvije eta\u017ee, veliku parking halu za vatrogasna vozila, operativni centar, alatnicu, strojarnicu, kuhinju i blagovaonicu te prostorije za de\u017eurstvo, obuku, administraciju i odmor vatrogasaca.<\/p>\n\n\n\n<p class=\"wp-block-paragraph\">Gradona\u010delnik Markoti\u0107 istaknuo je kako \u0107e novi dom vatrogascima omogu\u0107iti br\u017ee izlaske na teren i kvalitetnije uvjete rada, a time i pove\u0107ati sigurnost stanovnika Ljubu\u0161kog.<\/p>\n\n\n\n<p class=\"wp-block-paragraph\">Profesionalna vatrogasna postrojba, zajedno s dobrovoljnim vatrogasnim dru\u0161tvima, pokriva cijelo podru\u010dje Ljubu\u0161kog od gotovo <strong>293 \u010detvorna kilometra<\/strong>, a samo pro\u0161le godine vatrogasci su intervenirali na <strong>90 po\u017eara otvorenog prostora<\/strong>, uz po\u017eare na objektima i brojne tehni\u010dke intervencije.<\/p>\n\n\n\n<figure class=\"wp-block-image size-full\"><img loading=\"lazy\" decoding=\"async\" width=\"400\" height=\"284\" src=\"https:\/\/radioljubuski.ba\/wp-content\/uploads\/2026\/09\/Scene-4_1-400x284-1.png\" alt=\"\" class=\"wp-image-231042\" srcset=\"https:\/\/radioljubuski.ba\/wp-content\/uploads\/2026\/09\/Scene-4_1-400x284-1.png 400w, https:\/\/radioljubuski.ba\/wp-content\/uploads\/2026\/09\/Scene-4_1-400x284-1-300x213.png 300w\" sizes=\"auto, (max-width: 400px) 100vw, 400px\" \/><\/figure>\n","protected":false},"excerpt":{"rendered":"<p>Grad Ljubu\u0161ki krajem ove godine kre\u0107e u izgradnju novog vatrogasnog doma, kojim \u0107e se Profesionalnoj vatrogasnoj postrojbi omogu\u0107iti bolji uvjeti rada te br\u017ee i u\u010dinkovitije intervencije. Novi vatrogasni dom bit \u0107e izgra\u0111en isto\u010dno od Ljubu\u0161kog, uz put prema Metkovi\u0107u. Vrijednost prve faze radova iznosi 960 tisu\u0107a KM, dok je ukupna vrijednost projekta procijenjena na 2,5 [&hellip;]<\/p>\n","protected":false},"author":2,"featured_media":231040,"comment_status":"closed","ping_status":"closed","sticky":false,"template":"","format":"standard","meta":{"footnotes":""},"categories":[3,28],"tags":[],"class_list":["post-231039","post","type-post","status-publish","format-standard","has-post-thumbnail","hentry","category-ljubuski","category-novosti"],"yoast_head":"<!-- This site is optimized with the Yoast SEO plugin v28.4 - https:\/\/yoast.com\/product\/yoast-seo-wordpress\/ -->\n<title>Gradona\u010delnik Markoti\u0107 potpisao ugovor od 300.000 eura potpore Vlade RH za izgradnju novog vatrogasnog doma - RADIO LJUBU\u0160KI<\/title>\n<meta name=\"robots\" content=\"index, follow, max-snippet:-1, max-image-preview:large, max-video-preview:-1\" \/>\n<link rel=\"canonical\" href=\"https:\/\/radioljubuski.ba\/index.php\/2026\/09\/02\/gradonacelnik-markotic-potpisao-ugovor-od-300-000-eura-potpore-vlade-rh-za-izgradnju-novog-vatrogasnog-doma\/\" \/>\n<meta property=\"og:locale\" content=\"hr_HR\" \/>\n<meta property=\"og:type\" content=\"article\" \/>\n<meta property=\"og:title\" content=\"Gradona\u010delnik Markoti\u0107 potpisao ugovor od 300.000 eura potpore Vlade RH za izgradnju novog vatrogasnog doma - RADIO LJUBU\u0160KI\" \/>\n<meta property=\"og:description\" content=\"Grad Ljubu\u0161ki krajem ove godine kre\u0107e u izgradnju novog vatrogasnog doma, kojim \u0107e se Profesionalnoj vatrogasnoj postrojbi omogu\u0107iti bolji uvjeti rada te br\u017ee i u\u010dinkovitije intervencije. Novi vatrogasni dom bit \u0107e izgra\u0111en isto\u010dno od Ljubu\u0161kog, uz put prema Metkovi\u0107u. Vrijednost prve faze radova iznosi 960 tisu\u0107a KM, dok je ukupna vrijednost projekta procijenjena na 2,5 [&hellip;]\" \/>\n<meta property=\"og:url\" content=\"https:\/\/radioljubuski.ba\/index.php\/2026\/09\/02\/gradonacelnik-markotic-potpisao-ugovor-od-300-000-eura-potpore-vlade-rh-za-izgradnju-novog-vatrogasnog-doma\/\" \/>\n<meta property=\"og:site_name\" content=\"RADIO LJUBU\u0160KI\" \/>\n<meta property=\"article:publisher\" content=\"https:\/\/www.facebook.com\/Radiio-Ljubuski-1490835324566332\" \/>\n<meta property=\"article:published_time\" content=\"2026-09-02T08:53:24+00:00\" \/>\n<meta property=\"article:modified_time\" content=\"2026-09-02T08:54:54+00:00\" \/>\n<meta property=\"og:image\" content=\"https:\/\/radioljubuski.ba\/wp-content\/uploads\/2026\/09\/IMG-20260901-WA0003-Copy.jpg\" \/>\n\t<meta property=\"og:image:width\" content=\"1454\" \/>\n\t<meta property=\"og:image:height\" content=\"1145\" \/>\n\t<meta property=\"og:image:type\" content=\"image\/jpeg\" \/>\n<meta name=\"author\" content=\"Radio Ljubu\u0161ki\" \/>\n<meta name=\"twitter:card\" content=\"summary_large_image\" \/>\n<meta name=\"twitter:creator\" content=\"@radioljubuski\" \/>\n<meta name=\"twitter:site\" content=\"@radioljubuski\" \/>\n<meta name=\"twitter:label1\" content=\"Napisao\/la\" \/>\n\t<meta name=\"twitter:data1\" content=\"Radio Ljubu\u0161ki\" \/>\n\t<meta name=\"twitter:label2\" content=\"Procijenjeno vrijeme \u010ditanja\" \/>\n\t<meta name=\"twitter:data2\" content=\"2 minute\" \/>\n<script type=\"application\/ld+json\" class=\"yoast-schema-graph\">{\"@context\":\"https:\\\/\\\/schema.org\",\"@graph\":[{\"@type\":\"Article\",\"@id\":\"https:\\\/\\\/radioljubuski.ba\\\/index.php\\\/2026\\\/09\\\/02\\\/gradonacelnik-markotic-potpisao-ugovor-od-300-000-eura-potpore-vlade-rh-za-izgradnju-novog-vatrogasnog-doma\\\/#article\",\"isPartOf\":{\"@id\":\"https:\\\/\\\/radioljubuski.ba\\\/index.php\\\/2026\\\/09\\\/02\\\/gradonacelnik-markotic-potpisao-ugovor-od-300-000-eura-potpore-vlade-rh-za-izgradnju-novog-vatrogasnog-doma\\\/\"},\"author\":{\"name\":\"Radio Ljubu\u0161ki\",\"@id\":\"https:\\\/\\\/radioljubuski.ba\\\/#\\\/schema\\\/person\\\/93d6e6a3137cf35dddeb5311d1b312b7\"},\"headline\":\"Gradona\u010delnik Markoti\u0107 potpisao ugovor od 300.000 eura potpore Vlade RH za izgradnju novog vatrogasnog doma\",\"datePublished\":\"2026-09-02T08:53:24+00:00\",\"dateModified\":\"2026-09-02T08:54:54+00:00\",\"mainEntityOfPage\":{\"@id\":\"https:\\\/\\\/radioljubuski.ba\\\/index.php\\\/2026\\\/09\\\/02\\\/gradonacelnik-markotic-potpisao-ugovor-od-300-000-eura-potpore-vlade-rh-za-izgradnju-novog-vatrogasnog-doma\\\/\"},\"wordCount\":224,\"publisher\":{\"@id\":\"https:\\\/\\\/radioljubuski.ba\\\/#organization\"},\"image\":{\"@id\":\"https:\\\/\\\/radioljubuski.ba\\\/index.php\\\/2026\\\/09\\\/02\\\/gradonacelnik-markotic-potpisao-ugovor-od-300-000-eura-potpore-vlade-rh-za-izgradnju-novog-vatrogasnog-doma\\\/#primaryimage\"},\"thumbnailUrl\":\"https:\\\/\\\/radioljubuski.ba\\\/wp-content\\\/uploads\\\/2026\\\/09\\\/IMG-20260901-WA0003-Copy.jpg\",\"articleSection\":[\"Ljubu\u0161ki\",\"Novosti\"],\"inLanguage\":\"hr\"},{\"@type\":\"WebPage\",\"@id\":\"https:\\\/\\\/radioljubuski.ba\\\/index.php\\\/2026\\\/09\\\/02\\\/gradonacelnik-markotic-potpisao-ugovor-od-300-000-eura-potpore-vlade-rh-za-izgradnju-novog-vatrogasnog-doma\\\/\",\"url\":\"https:\\\/\\\/radioljubuski.ba\\\/index.php\\\/2026\\\/09\\\/02\\\/gradonacelnik-markotic-potpisao-ugovor-od-300-000-eura-potpore-vlade-rh-za-izgradnju-novog-vatrogasnog-doma\\\/\",\"name\":\"Gradona\u010delnik Markoti\u0107 potpisao ugovor od 300.000 eura potpore Vlade RH za izgradnju novog vatrogasnog doma - RADIO LJUBU\u0160KI\",\"isPartOf\":{\"@id\":\"https:\\\/\\\/radioljubuski.ba\\\/#website\"},\"primaryImageOfPage\":{\"@id\":\"https:\\\/\\\/radioljubuski.ba\\\/index.php\\\/2026\\\/09\\\/02\\\/gradonacelnik-markotic-potpisao-ugovor-od-300-000-eura-potpore-vlade-rh-za-izgradnju-novog-vatrogasnog-doma\\\/#primaryimage\"},\"image\":{\"@id\":\"https:\\\/\\\/radioljubuski.ba\\\/index.php\\\/2026\\\/09\\\/02\\\/gradonacelnik-markotic-potpisao-ugovor-od-300-000-eura-potpore-vlade-rh-za-izgradnju-novog-vatrogasnog-doma\\\/#primaryimage\"},\"thumbnailUrl\":\"https:\\\/\\\/radioljubuski.ba\\\/wp-content\\\/uploads\\\/2026\\\/09\\\/IMG-20260901-WA0003-Copy.jpg\",\"datePublished\":\"2026-09-02T08:53:24+00:00\",\"dateModified\":\"2026-09-02T08:54:54+00:00\",\"breadcrumb\":{\"@id\":\"https:\\\/\\\/radioljubuski.ba\\\/index.php\\\/2026\\\/09\\\/02\\\/gradonacelnik-markotic-potpisao-ugovor-od-300-000-eura-potpore-vlade-rh-za-izgradnju-novog-vatrogasnog-doma\\\/#breadcrumb\"},\"inLanguage\":\"hr\",\"potentialAction\":[{\"@type\":\"ReadAction\",\"target\":[\"https:\\\/\\\/radioljubuski.ba\\\/index.php\\\/2026\\\/09\\\/02\\\/gradonacelnik-markotic-potpisao-ugovor-od-300-000-eura-potpore-vlade-rh-za-izgradnju-novog-vatrogasnog-doma\\\/\"]}]},{\"@type\":\"ImageObject\",\"inLanguage\":\"hr\",\"@id\":\"https:\\\/\\\/radioljubuski.ba\\\/index.php\\\/2026\\\/09\\\/02\\\/gradonacelnik-markotic-potpisao-ugovor-od-300-000-eura-potpore-vlade-rh-za-izgradnju-novog-vatrogasnog-doma\\\/#primaryimage\",\"url\":\"https:\\\/\\\/radioljubuski.ba\\\/wp-content\\\/uploads\\\/2026\\\/09\\\/IMG-20260901-WA0003-Copy.jpg\",\"contentUrl\":\"https:\\\/\\\/radioljubuski.ba\\\/wp-content\\\/uploads\\\/2026\\\/09\\\/IMG-20260901-WA0003-Copy.jpg\",\"width\":1454,\"height\":1145},{\"@type\":\"BreadcrumbList\",\"@id\":\"https:\\\/\\\/radioljubuski.ba\\\/index.php\\\/2026\\\/09\\\/02\\\/gradonacelnik-markotic-potpisao-ugovor-od-300-000-eura-potpore-vlade-rh-za-izgradnju-novog-vatrogasnog-doma\\\/#breadcrumb\",\"itemListElement\":[{\"@type\":\"ListItem\",\"position\":1,\"name\":\"Po\u010detna stranica\",\"item\":\"https:\\\/\\\/radioljubuski.ba\\\/\"},{\"@type\":\"ListItem\",\"position\":2,\"name\":\"Gradona\u010delnik Markoti\u0107 potpisao ugovor od 300.000 eura potpore Vlade RH za izgradnju novog vatrogasnog doma\"}]},{\"@type\":\"WebSite\",\"@id\":\"https:\\\/\\\/radioljubuski.ba\\\/#website\",\"url\":\"https:\\\/\\\/radioljubuski.ba\\\/\",\"name\":\"Radio Ljubu\u0161ki\",\"description\":\"Sun\u010dana frekvencija Hercegovine\",\"publisher\":{\"@id\":\"https:\\\/\\\/radioljubuski.ba\\\/#organization\"},\"potentialAction\":[{\"@type\":\"SearchAction\",\"target\":{\"@type\":\"EntryPoint\",\"urlTemplate\":\"https:\\\/\\\/radioljubuski.ba\\\/?s={search_term_string}\"},\"query-input\":{\"@type\":\"PropertyValueSpecification\",\"valueRequired\":true,\"valueName\":\"search_term_string\"}}],\"inLanguage\":\"hr\"},{\"@type\":\"Organization\",\"@id\":\"https:\\\/\\\/radioljubuski.ba\\\/#organization\",\"name\":\"Radio Ljubu\u0161ki\",\"url\":\"https:\\\/\\\/radioljubuski.ba\\\/\",\"logo\":{\"@type\":\"ImageObject\",\"inLanguage\":\"hr\",\"@id\":\"https:\\\/\\\/radioljubuski.ba\\\/#\\\/schema\\\/logo\\\/image\\\/\",\"url\":\"https:\\\/\\\/radioljubuski.ba\\\/wp-content\\\/uploads\\\/2021\\\/02\\\/cropped-Radio_Ljubuski_logo1.jpg\",\"contentUrl\":\"https:\\\/\\\/radioljubuski.ba\\\/wp-content\\\/uploads\\\/2021\\\/02\\\/cropped-Radio_Ljubuski_logo1.jpg\",\"width\":512,\"height\":512,\"caption\":\"Radio Ljubu\u0161ki\"},\"image\":{\"@id\":\"https:\\\/\\\/radioljubuski.ba\\\/#\\\/schema\\\/logo\\\/image\\\/\"},\"sameAs\":[\"https:\\\/\\\/www.facebook.com\\\/Radiio-Ljubuski-1490835324566332\",\"https:\\\/\\\/x.com\\\/radioljubuski\",\"https:\\\/\\\/hr.linkedin.com\\\/company\\\/radio-ljubuski\",\"https:\\\/\\\/www.youtube.com\\\/channel\\\/UCHYaeO_n0Db3tjNGudGpXyw\"]},{\"@type\":\"Person\",\"@id\":\"https:\\\/\\\/radioljubuski.ba\\\/#\\\/schema\\\/person\\\/93d6e6a3137cf35dddeb5311d1b312b7\",\"name\":\"Radio Ljubu\u0161ki\"}]}<\/script>\n<!-- \/ Yoast SEO plugin. -->","yoast_head_json":{"title":"Gradona\u010delnik Markoti\u0107 potpisao ugovor od 300.000 eura potpore Vlade RH za izgradnju novog vatrogasnog doma - RADIO LJUBU\u0160KI","robots":{"index":"index","follow":"follow","max-snippet":"max-snippet:-1","max-image-preview":"max-image-preview:large","max-video-preview":"max-video-preview:-1"},"canonical":"https:\/\/radioljubuski.ba\/index.php\/2026\/09\/02\/gradonacelnik-markotic-potpisao-ugovor-od-300-000-eura-potpore-vlade-rh-za-izgradnju-novog-vatrogasnog-doma\/","og_locale":"hr_HR","og_type":"article","og_title":"Gradona\u010delnik Markoti\u0107 potpisao ugovor od 300.000 eura potpore Vlade RH za izgradnju novog vatrogasnog doma - RADIO LJUBU\u0160KI","og_description":"Grad Ljubu\u0161ki krajem ove godine kre\u0107e u izgradnju novog vatrogasnog doma, kojim \u0107e se Profesionalnoj vatrogasnoj postrojbi omogu\u0107iti bolji uvjeti rada te br\u017ee i u\u010dinkovitije intervencije. Novi vatrogasni dom bit \u0107e izgra\u0111en isto\u010dno od Ljubu\u0161kog, uz put prema Metkovi\u0107u. Vrijednost prve faze radova iznosi 960 tisu\u0107a KM, dok je ukupna vrijednost projekta procijenjena na 2,5 [&hellip;]","og_url":"https:\/\/radioljubuski.ba\/index.php\/2026\/09\/02\/gradonacelnik-markotic-potpisao-ugovor-od-300-000-eura-potpore-vlade-rh-za-izgradnju-novog-vatrogasnog-doma\/","og_site_name":"RADIO LJUBU\u0160KI","article_publisher":"https:\/\/www.facebook.com\/Radiio-Ljubuski-1490835324566332","article_published_time":"2026-09-02T08:53:24+00:00","article_modified_time":"2026-09-02T08:54:54+00:00","og_image":[{"width":1454,"height":1145,"url":"https:\/\/radioljubuski.ba\/wp-content\/uploads\/2026\/09\/IMG-20260901-WA0003-Copy.jpg","type":"image\/jpeg"}],"author":"Radio Ljubu\u0161ki","twitter_card":"summary_large_image","twitter_creator":"@radioljubuski","twitter_site":"@radioljubuski","twitter_misc":{"Napisao\/la":"Radio Ljubu\u0161ki","Procijenjeno vrijeme \u010ditanja":"2 minute"},"schema":{"@context":"https:\/\/schema.org","@graph":[{"@type":"Article","@id":"https:\/\/radioljubuski.ba\/index.php\/2026\/09\/02\/gradonacelnik-markotic-potpisao-ugovor-od-300-000-eura-potpore-vlade-rh-za-izgradnju-novog-vatrogasnog-doma\/#article","isPartOf":{"@id":"https:\/\/radioljubuski.ba\/index.php\/2026\/09\/02\/gradonacelnik-markotic-potpisao-ugovor-od-300-000-eura-potpore-vlade-rh-za-izgradnju-novog-vatrogasnog-doma\/"},"author":{"name":"Radio Ljubu\u0161ki","@id":"https:\/\/radioljubuski.ba\/#\/schema\/person\/93d6e6a3137cf35dddeb5311d1b312b7"},"headline":"Gradona\u010delnik Markoti\u0107 potpisao ugovor od 300.000 eura potpore Vlade RH za izgradnju novog vatrogasnog doma","datePublished":"2026-09-02T08:53:24+00:00","dateModified":"2026-09-02T08:54:54+00:00","mainEntityOfPage":{"@id":"https:\/\/radioljubuski.ba\/index.php\/2026\/09\/02\/gradonacelnik-markotic-potpisao-ugovor-od-300-000-eura-potpore-vlade-rh-za-izgradnju-novog-vatrogasnog-doma\/"},"wordCount":224,"publisher":{"@id":"https:\/\/radioljubuski.ba\/#organization"},"image":{"@id":"https:\/\/radioljubuski.ba\/index.php\/2026\/09\/02\/gradonacelnik-markotic-potpisao-ugovor-od-300-000-eura-potpore-vlade-rh-za-izgradnju-novog-vatrogasnog-doma\/#primaryimage"},"thumbnailUrl":"https:\/\/radioljubuski.ba\/wp-content\/uploads\/2026\/09\/IMG-20260901-WA0003-Copy.jpg","articleSection":["Ljubu\u0161ki","Novosti"],"inLanguage":"hr"},{"@type":"WebPage","@id":"https:\/\/radioljubuski.ba\/index.php\/2026\/09\/02\/gradonacelnik-markotic-potpisao-ugovor-od-300-000-eura-potpore-vlade-rh-za-izgradnju-novog-vatrogasnog-doma\/","url":"https:\/\/radioljubuski.ba\/index.php\/2026\/09\/02\/gradonacelnik-markotic-potpisao-ugovor-od-300-000-eura-potpore-vlade-rh-za-izgradnju-novog-vatrogasnog-doma\/","name":"Gradona\u010delnik Markoti\u0107 potpisao ugovor od 300.000 eura potpore Vlade RH za izgradnju novog vatrogasnog doma - RADIO LJUBU\u0160KI","isPartOf":{"@id":"https:\/\/radioljubuski.ba\/#website"},"primaryImageOfPage":{"@id":"https:\/\/radioljubuski.ba\/index.php\/2026\/09\/02\/gradonacelnik-markotic-potpisao-ugovor-od-300-000-eura-potpore-vlade-rh-za-izgradnju-novog-vatrogasnog-doma\/#primaryimage"},"image":{"@id":"https:\/\/radioljubuski.ba\/index.php\/2026\/09\/02\/gradonacelnik-markotic-potpisao-ugovor-od-300-000-eura-potpore-vlade-rh-za-izgradnju-novog-vatrogasnog-doma\/#primaryimage"},"thumbnailUrl":"https:\/\/radioljubuski.ba\/wp-content\/uploads\/2026\/09\/IMG-20260901-WA0003-Copy.jpg","datePublished":"2026-09-02T08:53:24+00:00","dateModified":"2026-09-02T08:54:54+00:00","breadcrumb":{"@id":"https:\/\/radioljubuski.ba\/index.php\/2026\/09\/02\/gradonacelnik-markotic-potpisao-ugovor-od-300-000-eura-potpore-vlade-rh-za-izgradnju-novog-vatrogasnog-doma\/#breadcrumb"},"inLanguage":"hr","potentialAction":[{"@type":"ReadAction","target":["https:\/\/radioljubuski.ba\/index.php\/2026\/09\/02\/gradonacelnik-markotic-potpisao-ugovor-od-300-000-eura-potpore-vlade-rh-za-izgradnju-novog-vatrogasnog-doma\/"]}]},{"@type":"ImageObject","inLanguage":"hr","@id":"https:\/\/radioljubuski.ba\/index.php\/2026\/09\/02\/gradonacelnik-markotic-potpisao-ugovor-od-300-000-eura-potpore-vlade-rh-za-izgradnju-novog-vatrogasnog-doma\/#primaryimage","url":"https:\/\/radioljubuski.ba\/wp-content\/uploads\/2026\/09\/IMG-20260901-WA0003-Copy.jpg","contentUrl":"https:\/\/radioljubuski.ba\/wp-content\/uploads\/2026\/09\/IMG-20260901-WA0003-Copy.jpg","width":1454,"height":1145},{"@type":"BreadcrumbList","@id":"https:\/\/radioljubuski.ba\/index.php\/2026\/09\/02\/gradonacelnik-markotic-potpisao-ugovor-od-300-000-eura-potpore-vlade-rh-za-izgradnju-novog-vatrogasnog-doma\/#breadcrumb","itemListElement":[{"@type":"ListItem","position":1,"name":"Po\u010detna stranica","item":"https:\/\/radioljubuski.ba\/"},{"@type":"ListItem","position":2,"name":"Gradona\u010delnik Markoti\u0107 potpisao ugovor od 300.000 eura potpore Vlade RH za izgradnju novog vatrogasnog doma"}]},{"@type":"WebSite","@id":"https:\/\/radioljubuski.ba\/#website","url":"https:\/\/radioljubuski.ba\/","name":"Radio Ljubu\u0161ki","description":"Sun\u010dana frekvencija Hercegovine","publisher":{"@id":"https:\/\/radioljubuski.ba\/#organization"},"potentialAction":[{"@type":"SearchAction","target":{"@type":"EntryPoint","urlTemplate":"https:\/\/radioljubuski.ba\/?s={search_term_string}"},"query-input":{"@type":"PropertyValueSpecification","valueRequired":true,"valueName":"search_term_string"}}],"inLanguage":"hr"},{"@type":"Organization","@id":"https:\/\/radioljubuski.ba\/#organization","name":"Radio Ljubu\u0161ki","url":"https:\/\/radioljubuski.ba\/","logo":{"@type":"ImageObject","inLanguage":"hr","@id":"https:\/\/radioljubuski.ba\/#\/schema\/logo\/image\/","url":"https:\/\/radioljubuski.ba\/wp-content\/uploads\/2021\/02\/cropped-Radio_Ljubuski_logo1.jpg","contentUrl":"https:\/\/radioljubuski.ba\/wp-content\/uploads\/2021\/02\/cropped-Radio_Ljubuski_logo1.jpg","width":512,"height":512,"caption":"Radio Ljubu\u0161ki"},"image":{"@id":"https:\/\/radioljubuski.ba\/#\/schema\/logo\/image\/"},"sameAs":["https:\/\/www.facebook.com\/Radiio-Ljubuski-1490835324566332","https:\/\/x.com\/radioljubuski","https:\/\/hr.linkedin.com\/company\/radio-ljubuski","https:\/\/www.youtube.com\/channel\/UCHYaeO_n0Db3tjNGudGpXyw"]},{"@type":"Person","@id":"https:\/\/radioljubuski.ba\/#\/schema\/person\/93d6e6a3137cf35dddeb5311d1b312b7","name":"Radio Ljubu\u0161ki"}]}},"_links":{"self":[{"href":"https:\/\/radioljubuski.ba\/index.php\/wp-json\/wp\/v2\/posts\/231039","targetHints":{"allow":["GET"]}}],"collection":[{"href":"https:\/\/radioljubuski.ba\/index.php\/wp-json\/wp\/v2\/posts"}],"about":[{"href":"https:\/\/radioljubuski.ba\/index.php\/wp-json\/wp\/v2\/types\/post"}],"author":[{"embeddable":true,"href":"https:\/\/radioljubuski.ba\/index.php\/wp-json\/wp\/v2\/users\/2"}],"replies":[{"embeddable":true,"href":"https:\/\/radioljubuski.ba\/index.php\/wp-json\/wp\/v2\/comments?post=231039"}],"version-history":[{"count":2,"href":"https:\/\/radioljubuski.ba\/index.php\/wp-json\/wp\/v2\/posts\/231039\/revisions"}],"predecessor-version":[{"id":231043,"href":"https:\/\/radioljubuski.ba\/index.php\/wp-json\/wp\/v2\/posts\/231039\/revisions\/231043"}],"wp:featuredmedia":[{"embeddable":true,"href":"https:\/\/radioljubuski.ba\/index.php\/wp-json\/wp\/v2\/media\/231040"}],"wp:attachment":[{"href":"https:\/\/radioljubuski.ba\/index.php\/wp-json\/wp\/v2\/media?parent=231039"}],"wp:term":[{"taxonomy":"category","embeddable":true,"href":"https:\/\/radioljubuski.ba\/index.php\/wp-json\/wp\/v2\/categories?post=231039"},{"taxonomy":"post_tag","embeddable":true,"href":"https:\/\/radioljubuski.ba\/index.php\/wp-json\/wp\/v2\/tags?post=231039"}],"curies":[{"name":"wp","href":"https:\/\/api.w.org\/{rel}","templated":true}]}}