{"id":231055,"date":"2026-09-04T12:09:34","date_gmt":"2026-09-04T11:09:34","guid":{"rendered":"https:\/\/radioljubuski.ba\/?p=231055"},"modified":"2026-09-04T15:18:59","modified_gmt":"2026-09-04T14:18:59","slug":"ljubuski-obavijesti-osnovnih-i-glazbene-skole","status":"publish","type":"post","link":"https:\/\/radioljubuski.ba\/index.php\/2026\/09\/04\/ljubuski-obavijesti-osnovnih-i-glazbene-skole\/","title":{"rendered":"Ljubu\u0161ki: Obavijesti osnovnih i glazbene \u0161kole"},"content":{"rendered":"\n<p class=\"wp-block-paragraph\">Nova \u0161kolska 2026.\/2027. godina u \u017dZH po\u010dinje u ponedjeljak, 7. rujna 2026. godine. Donosimo vam obavijesti iz osnovnih  i glazbene \u0161kole s podru\u010dja Grada Ljubu\u0161kog vezano za po\u010detak nastave i podjelu rasporeda sati.<\/p>\n\n\n\n<p class=\"wp-block-paragraph\"><strong>O\u0160 Tina Ujevi\u0107a Vitina<\/strong><\/p>\n\n\n\n<p class=\"wp-block-paragraph\">O B A V I J E S T<\/p>\n\n\n\n<p class=\"wp-block-paragraph\">o po\u010detku nastave u \u0161kolskoj 2026.\/27. godini<\/p>\n\n\n\n<p class=\"wp-block-paragraph\">U ponedjeljak 7.rujna 2026.godine po\u010dinje nova \u0161kolska 2026.\/27. godina. <\/p>\n\n\n\n<p class=\"wp-block-paragraph\">Prvi dan u\u010denici \u0107e dobiti raspored sati i zadu\u017eiti ud\u017ebenike i pribor koji su dobili od Vlade \u017dZH i Grada Ljubu\u0161kog. <\/p>\n\n\n\n<p class=\"wp-block-paragraph\">Svi u\u010denici neka ponesu svoje \u0161kolske torbe u ponedjeljak.<\/p>\n\n\n\n<p class=\"wp-block-paragraph\">Raspored sati \u0107e se odr\u017eati po sljede\u0107oj satnici:    Centralna \u0161kola Vitina:      <\/p>\n\n\n\n<p class=\"wp-block-paragraph\">7.30 sati \u2013 u\u010denici od 6. &#8211; 9. razreda                                               8.00 sati \u2013 u\u010denici od 1. &#8211; 5. razreda.<\/p>\n\n\n\n<p class=\"wp-block-paragraph\">Podru\u010dne \u0161kole Klobuk, Vojni\u0107i, \u0160ipova\u010da, Grab i Grljevi\u0107i  u 8.00 sati svi u\u010denici.<\/p>\n\n\n\n<p class=\"wp-block-paragraph\">Izvo\u0111enje redovite nastave u podru\u010dnim \u0161kolama po\u010dinje u utorak 8.rujna 2026.<\/p>\n\n\n\n<p class=\"wp-block-paragraph\">Svim na\u0161im u\u010denicima, roditeljima i u\u010diteljima \u017eelim sretan po\u010detak nove \u0161kolske godine koja \u0107e se, nadamo se,  pamtiti samo po uspjesima i novim prijateljstvima!    <\/p>\n\n\n\n<p class=\"wp-block-paragraph\">                                                                                                                                                                                                                                                 Ravnateljica \u0161kole:                                                                                                                                Kornelija Bi\u0161ko<\/p>\n\n\n\n<p class=\"wp-block-paragraph\"><strong>O\u0160 Marka Maruli\u0107a<\/strong><\/p>\n\n\n\n<p class=\"wp-block-paragraph\">Obavijest o po\u010detku nastavne godine<\/p>\n\n\n\n<p class=\"wp-block-paragraph\">Dragi u\u010denici, po\u0161tovani roditelji!<\/p>\n\n\n\n<p class=\"wp-block-paragraph\">Nastava u \u0161kolskoj godini 2026.\/2027. po\u010dinje u ponedjeljak 7.rujna podjelom rasporeda sati.<\/p>\n\n\n\n<p class=\"wp-block-paragraph\">Podjela rasporeda odr\u017eat \u0107e se po sljede\u0107oj satnici:<\/p>\n\n\n\n<p class=\"wp-block-paragraph\">u 8 sati za u\u010denike 6.-9. razreda, u 9 sati za u\u010denike 2.-5. razreda, u 9 sati za sve u\u010denike podru\u010dnih \u0161kola<\/p>\n\n\n\n<p class=\"wp-block-paragraph\">Raspored u\u010dionica za podjelu rasporeda ogla\u0161en je i na ulaznim vratima \u0161kole.<\/p>\n\n\n\n<p class=\"wp-block-paragraph\">Prijem u\u010denika prvog razreda u sredi\u0161njoj \u0161koli uprili\u010dit \u0107emo u 10 sati na \u0161kolskom dvori\u0161tu prigodnim programom. <\/p>\n\n\n\n<p class=\"wp-block-paragraph\">U\u010denici \u0107e do\u0107i u pratnji roditelja na dvori\u0161te, a sve potrebne informacije \u0107e potom dobiti od u\u010diteljica u u\u010dionicama odjela. <\/p>\n\n\n\n<p class=\"wp-block-paragraph\">U slu\u010daju ki\u0161e u\u010denici u pratnji roditelja odlaze izravno u u\u010dionicu odjela. <\/p>\n\n\n\n<p class=\"wp-block-paragraph\">Zbog povi\u0161enih temperatura zraka nastavni sat \u0107e u prvom tjednu biti skra\u0107en na 25 minuta.<\/p>\n\n\n\n<p class=\"wp-block-paragraph\">Sve u\u010denike, roditelje i djelatnike molimo za oprez pri kretanju i strpljenje budu\u0107i da \u0107e u na\u0161oj \u0161koli jo\u0161 neko vrijeme trajati gra\u0111evinski radovi.<\/p>\n\n\n\n<p class=\"wp-block-paragraph\">Ministarstvo obrazovanja, znanosti, kulture i \u0161porta \u017dZH osiguralo je ud\u017ebenike za sve u\u010denike, dok je pisa\u0107i pribor i bilje\u017enice osigurao Grad Ljubu\u0161ki. Molimo u\u010denike da sa sobom u ponedjeljak ponesu \u0161kolske torbe.Svima \u017eelimo ugodan po\u010detak nove \u0161kolske godine!<\/p>\n\n\n\n<p class=\"wp-block-paragraph\">S po\u0161tovanjem,<\/p>\n\n\n\n<p class=\"wp-block-paragraph\">                                                                                       RAVNATELJ                                                                                           Tomislav Mati\u0107<\/p>\n\n\n\n<p class=\"wp-block-paragraph\"><\/p>\n\n\n\n<p class=\"wp-block-paragraph\"><strong>O\u0160 Ivane Brli\u0107 Ma\u017eurani\u0107<\/strong><\/p>\n\n\n\n<p class=\"wp-block-paragraph\">\ud83d\udcda OBAVIJEST O PO\u010cETKU \u0160KOLSKE GODINE 2026.\/2027.<\/p>\n\n\n\n<p class=\"wp-block-paragraph\">Po\u0161tovani u\u010denici i roditelji,<\/p>\n\n\n\n<p class=\"wp-block-paragraph\">\u0161kolska godina 2026.\/2027. po\u010dinje u ponedjeljak, 7. rujna 2026. godine podjelom rasporeda u mati\u010dnoj \u0161koli O\u0160 Ivane Brli\u0107-Ma\u017eurani\u0107 i podru\u010dnim \u0161kolama.<\/p>\n\n\n\n<p class=\"wp-block-paragraph\">Jutarnja smjena  u 7:30 sati, poslijepodnevna smjena  u 08:00 sati.<\/p>\n\n\n\n<p class=\"wp-block-paragraph\">\ud83c\udf92 Dobro nam do\u0161li, prva\u0161i\u0107i!<\/p>\n\n\n\n<p class=\"wp-block-paragraph\">Posebno se veselimo dolasku na\u0161ih najmla\u0111ih u\u010denika koji \u0107e ove godine po prvi put sjesti u \u0161kolske klupe.<\/p>\n\n\n\n<p class=\"wp-block-paragraph\">Priredba dobrodo\u0161lice za u\u010denike prvih razreda odr\u017eat \u0107e se u holu \u0161kole u 9:00 sati. Priredbu je pripremila u\u010diteljica Anamarija Milas sa svojim u\u010denicima.<\/p>\n\n\n\n<p class=\"wp-block-paragraph\">Raspored u\u010dionica <\/p>\n\n\n\n<figure class=\"wp-block-image size-large\"><img loading=\"lazy\" decoding=\"async\" width=\"768\" height=\"1024\" src=\"https:\/\/radioljubuski.ba\/wp-content\/uploads\/2026\/09\/36778-768x1024-1.jpg\" alt=\"\" class=\"wp-image-231077\" srcset=\"https:\/\/radioljubuski.ba\/wp-content\/uploads\/2026\/09\/36778-768x1024-1.jpg 768w, https:\/\/radioljubuski.ba\/wp-content\/uploads\/2026\/09\/36778-225x300.jpg 225w, https:\/\/radioljubuski.ba\/wp-content\/uploads\/2026\/09\/36778-1152x1536.jpg 1152w, https:\/\/radioljubuski.ba\/wp-content\/uploads\/2026\/09\/36778.jpg 1500w\" sizes=\"auto, (max-width: 768px) 100vw, 768px\" \/><\/figure>\n\n\n\n<figure class=\"wp-block-image size-large\"><img loading=\"lazy\" decoding=\"async\" width=\"768\" height=\"1024\" src=\"https:\/\/radioljubuski.ba\/wp-content\/uploads\/2026\/09\/36779-768x1024-1.jpg\" alt=\"\" class=\"wp-image-231076\" srcset=\"https:\/\/radioljubuski.ba\/wp-content\/uploads\/2026\/09\/36779-768x1024-1.jpg 768w, https:\/\/radioljubuski.ba\/wp-content\/uploads\/2026\/09\/36779-225x300.jpg 225w, https:\/\/radioljubuski.ba\/wp-content\/uploads\/2026\/09\/36779-1152x1536.jpg 1152w, https:\/\/radioljubuski.ba\/wp-content\/uploads\/2026\/09\/36779.jpg 1500w\" sizes=\"auto, (max-width: 768px) 100vw, 768px\" \/><\/figure>\n\n\n\n<p class=\"wp-block-paragraph\">Ravnateljica Danijela Planini\u0107<\/p>\n\n\n\n<p class=\"wp-block-paragraph\"><\/p>\n\n\n\n<p class=\"wp-block-paragraph\"><strong>Glazbena \u0161kola Ljubu\u0161ki<\/strong><\/p>\n\n\n\n<p class=\"wp-block-paragraph\">Dragi u\u010denici i roditelji, dobro nam do\u0161li u jo\u0161 jednu godinu ispunjenu glazbom, u\u010denjem i zajedni\u010dkim muziciranjem. Kako bismo \u0161to bolje organizirali po\u010detak nastave, u nastavku donosimo termine za dogovor rasporeda teorijske nastave.<\/p>\n\n\n\n<figure class=\"wp-block-image size-large\"><img loading=\"lazy\" decoding=\"async\" width=\"953\" height=\"1024\" src=\"https:\/\/radioljubuski.ba\/wp-content\/uploads\/2026\/09\/36755-1-953x1024.jpg\" alt=\"\" class=\"wp-image-231075\" srcset=\"https:\/\/radioljubuski.ba\/wp-content\/uploads\/2026\/09\/36755-1-953x1024.jpg 953w, https:\/\/radioljubuski.ba\/wp-content\/uploads\/2026\/09\/36755-1-279x300.jpg 279w, https:\/\/radioljubuski.ba\/wp-content\/uploads\/2026\/09\/36755-1-768x825.jpg 768w, https:\/\/radioljubuski.ba\/wp-content\/uploads\/2026\/09\/36755-1.jpg 1280w\" sizes=\"auto, (max-width: 953px) 100vw, 953px\" \/><\/figure>\n\n\n\n<p class=\"wp-block-paragraph\">Ravnateljica Ivana \u0160aravanja <\/p>\n\n\n\n<p class=\"wp-block-paragraph\"><\/p>\n\n\n\n<p class=\"wp-block-paragraph\">Radio Ljubu\u0161ki<\/p>\n","protected":false},"excerpt":{"rendered":"<p>Nova \u0161kolska 2026.\/2027. godina u \u017dZH po\u010dinje u ponedjeljak, 7. rujna 2026. godine. Donosimo vam obavijesti iz osnovnih i glazbene \u0161kole s podru\u010dja Grada Ljubu\u0161kog vezano za po\u010detak nastave i podjelu rasporeda sati. O\u0160 Tina Ujevi\u0107a Vitina O B A V I J E S T o po\u010detku nastave u \u0161kolskoj 2026.\/27. godini U ponedjeljak [&hellip;]<\/p>\n","protected":false},"author":2,"featured_media":208222,"comment_status":"closed","ping_status":"closed","sticky":false,"template":"","format":"standard","meta":{"footnotes":""},"categories":[1,3,28],"tags":[],"class_list":["post-231055","post","type-post","status-publish","format-standard","has-post-thumbnail","hentry","category-bihiregija","category-ljubuski","category-novosti"],"yoast_head":"<!-- This site is optimized with the Yoast SEO plugin v28.4 - https:\/\/yoast.com\/product\/yoast-seo-wordpress\/ -->\n<title>Ljubu\u0161ki: Obavijesti osnovnih i glazbene \u0161kole - RADIO LJUBU\u0160KI<\/title>\n<meta name=\"robots\" content=\"index, follow, max-snippet:-1, max-image-preview:large, max-video-preview:-1\" \/>\n<link rel=\"canonical\" href=\"https:\/\/radioljubuski.ba\/index.php\/2026\/09\/04\/ljubuski-obavijesti-osnovnih-i-glazbene-skole\/\" \/>\n<meta property=\"og:locale\" content=\"hr_HR\" \/>\n<meta property=\"og:type\" content=\"article\" \/>\n<meta property=\"og:title\" content=\"Ljubu\u0161ki: Obavijesti osnovnih i glazbene \u0161kole - RADIO LJUBU\u0160KI\" \/>\n<meta property=\"og:description\" content=\"Nova \u0161kolska 2026.\/2027. godina u \u017dZH po\u010dinje u ponedjeljak, 7. rujna 2026. godine. Donosimo vam obavijesti iz osnovnih i glazbene \u0161kole s podru\u010dja Grada Ljubu\u0161kog vezano za po\u010detak nastave i podjelu rasporeda sati. O\u0160 Tina Ujevi\u0107a Vitina O B A V I J E S T o po\u010detku nastave u \u0161kolskoj 2026.\/27. godini U ponedjeljak [&hellip;]\" \/>\n<meta property=\"og:url\" content=\"https:\/\/radioljubuski.ba\/index.php\/2026\/09\/04\/ljubuski-obavijesti-osnovnih-i-glazbene-skole\/\" \/>\n<meta property=\"og:site_name\" content=\"RADIO LJUBU\u0160KI\" \/>\n<meta property=\"article:publisher\" content=\"https:\/\/www.facebook.com\/Radiio-Ljubuski-1490835324566332\" \/>\n<meta property=\"article:published_time\" content=\"2026-09-04T11:09:34+00:00\" \/>\n<meta property=\"article:modified_time\" content=\"2026-09-04T14:18:59+00:00\" \/>\n<meta property=\"og:image\" content=\"https:\/\/radioljubuski.ba\/wp-content\/uploads\/2024\/09\/skole-2-scaled-1.jpg\" \/>\n\t<meta property=\"og:image:width\" content=\"2560\" \/>\n\t<meta property=\"og:image:height\" content=\"2560\" \/>\n\t<meta property=\"og:image:type\" content=\"image\/jpeg\" \/>\n<meta name=\"author\" content=\"Radio Ljubu\u0161ki\" \/>\n<meta name=\"twitter:card\" content=\"summary_large_image\" \/>\n<meta name=\"twitter:creator\" content=\"@radioljubuski\" \/>\n<meta name=\"twitter:site\" content=\"@radioljubuski\" \/>\n<meta name=\"twitter:label1\" content=\"Napisao\/la\" \/>\n\t<meta name=\"twitter:data1\" content=\"Radio Ljubu\u0161ki\" \/>\n\t<meta name=\"twitter:label2\" content=\"Procijenjeno vrijeme \u010ditanja\" \/>\n\t<meta name=\"twitter:data2\" content=\"4 minute\" \/>\n<script type=\"application\/ld+json\" class=\"yoast-schema-graph\">{\"@context\":\"https:\\\/\\\/schema.org\",\"@graph\":[{\"@type\":\"Article\",\"@id\":\"https:\\\/\\\/radioljubuski.ba\\\/index.php\\\/2026\\\/09\\\/04\\\/ljubuski-obavijesti-osnovnih-i-glazbene-skole\\\/#article\",\"isPartOf\":{\"@id\":\"https:\\\/\\\/radioljubuski.ba\\\/index.php\\\/2026\\\/09\\\/04\\\/ljubuski-obavijesti-osnovnih-i-glazbene-skole\\\/\"},\"author\":{\"name\":\"Radio Ljubu\u0161ki\",\"@id\":\"https:\\\/\\\/radioljubuski.ba\\\/#\\\/schema\\\/person\\\/93d6e6a3137cf35dddeb5311d1b312b7\"},\"headline\":\"Ljubu\u0161ki: Obavijesti osnovnih i glazbene \u0161kole\",\"datePublished\":\"2026-09-04T11:09:34+00:00\",\"dateModified\":\"2026-09-04T14:18:59+00:00\",\"mainEntityOfPage\":{\"@id\":\"https:\\\/\\\/radioljubuski.ba\\\/index.php\\\/2026\\\/09\\\/04\\\/ljubuski-obavijesti-osnovnih-i-glazbene-skole\\\/\"},\"wordCount\":584,\"publisher\":{\"@id\":\"https:\\\/\\\/radioljubuski.ba\\\/#organization\"},\"image\":{\"@id\":\"https:\\\/\\\/radioljubuski.ba\\\/index.php\\\/2026\\\/09\\\/04\\\/ljubuski-obavijesti-osnovnih-i-glazbene-skole\\\/#primaryimage\"},\"thumbnailUrl\":\"https:\\\/\\\/radioljubuski.ba\\\/wp-content\\\/uploads\\\/2024\\\/09\\\/skole-2-scaled-1.jpg\",\"articleSection\":[\"BIH i regija\",\"Ljubu\u0161ki\",\"Novosti\"],\"inLanguage\":\"hr\"},{\"@type\":\"WebPage\",\"@id\":\"https:\\\/\\\/radioljubuski.ba\\\/index.php\\\/2026\\\/09\\\/04\\\/ljubuski-obavijesti-osnovnih-i-glazbene-skole\\\/\",\"url\":\"https:\\\/\\\/radioljubuski.ba\\\/index.php\\\/2026\\\/09\\\/04\\\/ljubuski-obavijesti-osnovnih-i-glazbene-skole\\\/\",\"name\":\"Ljubu\u0161ki: Obavijesti osnovnih i glazbene \u0161kole - RADIO LJUBU\u0160KI\",\"isPartOf\":{\"@id\":\"https:\\\/\\\/radioljubuski.ba\\\/#website\"},\"primaryImageOfPage\":{\"@id\":\"https:\\\/\\\/radioljubuski.ba\\\/index.php\\\/2026\\\/09\\\/04\\\/ljubuski-obavijesti-osnovnih-i-glazbene-skole\\\/#primaryimage\"},\"image\":{\"@id\":\"https:\\\/\\\/radioljubuski.ba\\\/index.php\\\/2026\\\/09\\\/04\\\/ljubuski-obavijesti-osnovnih-i-glazbene-skole\\\/#primaryimage\"},\"thumbnailUrl\":\"https:\\\/\\\/radioljubuski.ba\\\/wp-content\\\/uploads\\\/2024\\\/09\\\/skole-2-scaled-1.jpg\",\"datePublished\":\"2026-09-04T11:09:34+00:00\",\"dateModified\":\"2026-09-04T14:18:59+00:00\",\"breadcrumb\":{\"@id\":\"https:\\\/\\\/radioljubuski.ba\\\/index.php\\\/2026\\\/09\\\/04\\\/ljubuski-obavijesti-osnovnih-i-glazbene-skole\\\/#breadcrumb\"},\"inLanguage\":\"hr\",\"potentialAction\":[{\"@type\":\"ReadAction\",\"target\":[\"https:\\\/\\\/radioljubuski.ba\\\/index.php\\\/2026\\\/09\\\/04\\\/ljubuski-obavijesti-osnovnih-i-glazbene-skole\\\/\"]}]},{\"@type\":\"ImageObject\",\"inLanguage\":\"hr\",\"@id\":\"https:\\\/\\\/radioljubuski.ba\\\/index.php\\\/2026\\\/09\\\/04\\\/ljubuski-obavijesti-osnovnih-i-glazbene-skole\\\/#primaryimage\",\"url\":\"https:\\\/\\\/radioljubuski.ba\\\/wp-content\\\/uploads\\\/2024\\\/09\\\/skole-2-scaled-1.jpg\",\"contentUrl\":\"https:\\\/\\\/radioljubuski.ba\\\/wp-content\\\/uploads\\\/2024\\\/09\\\/skole-2-scaled-1.jpg\",\"width\":2560,\"height\":2560},{\"@type\":\"BreadcrumbList\",\"@id\":\"https:\\\/\\\/radioljubuski.ba\\\/index.php\\\/2026\\\/09\\\/04\\\/ljubuski-obavijesti-osnovnih-i-glazbene-skole\\\/#breadcrumb\",\"itemListElement\":[{\"@type\":\"ListItem\",\"position\":1,\"name\":\"Po\u010detna stranica\",\"item\":\"https:\\\/\\\/radioljubuski.ba\\\/\"},{\"@type\":\"ListItem\",\"position\":2,\"name\":\"Ljubu\u0161ki: Obavijesti osnovnih i glazbene \u0161kole\"}]},{\"@type\":\"WebSite\",\"@id\":\"https:\\\/\\\/radioljubuski.ba\\\/#website\",\"url\":\"https:\\\/\\\/radioljubuski.ba\\\/\",\"name\":\"Radio Ljubu\u0161ki\",\"description\":\"Sun\u010dana frekvencija Hercegovine\",\"publisher\":{\"@id\":\"https:\\\/\\\/radioljubuski.ba\\\/#organization\"},\"potentialAction\":[{\"@type\":\"SearchAction\",\"target\":{\"@type\":\"EntryPoint\",\"urlTemplate\":\"https:\\\/\\\/radioljubuski.ba\\\/?s={search_term_string}\"},\"query-input\":{\"@type\":\"PropertyValueSpecification\",\"valueRequired\":true,\"valueName\":\"search_term_string\"}}],\"inLanguage\":\"hr\"},{\"@type\":\"Organization\",\"@id\":\"https:\\\/\\\/radioljubuski.ba\\\/#organization\",\"name\":\"Radio Ljubu\u0161ki\",\"url\":\"https:\\\/\\\/radioljubuski.ba\\\/\",\"logo\":{\"@type\":\"ImageObject\",\"inLanguage\":\"hr\",\"@id\":\"https:\\\/\\\/radioljubuski.ba\\\/#\\\/schema\\\/logo\\\/image\\\/\",\"url\":\"https:\\\/\\\/radioljubuski.ba\\\/wp-content\\\/uploads\\\/2021\\\/02\\\/cropped-Radio_Ljubuski_logo1.jpg\",\"contentUrl\":\"https:\\\/\\\/radioljubuski.ba\\\/wp-content\\\/uploads\\\/2021\\\/02\\\/cropped-Radio_Ljubuski_logo1.jpg\",\"width\":512,\"height\":512,\"caption\":\"Radio Ljubu\u0161ki\"},\"image\":{\"@id\":\"https:\\\/\\\/radioljubuski.ba\\\/#\\\/schema\\\/logo\\\/image\\\/\"},\"sameAs\":[\"https:\\\/\\\/www.facebook.com\\\/Radiio-Ljubuski-1490835324566332\",\"https:\\\/\\\/x.com\\\/radioljubuski\",\"https:\\\/\\\/hr.linkedin.com\\\/company\\\/radio-ljubuski\",\"https:\\\/\\\/www.youtube.com\\\/channel\\\/UCHYaeO_n0Db3tjNGudGpXyw\"]},{\"@type\":\"Person\",\"@id\":\"https:\\\/\\\/radioljubuski.ba\\\/#\\\/schema\\\/person\\\/93d6e6a3137cf35dddeb5311d1b312b7\",\"name\":\"Radio Ljubu\u0161ki\"}]}<\/script>\n<!-- \/ Yoast SEO plugin. -->","yoast_head_json":{"title":"Ljubu\u0161ki: Obavijesti osnovnih i glazbene \u0161kole - RADIO LJUBU\u0160KI","robots":{"index":"index","follow":"follow","max-snippet":"max-snippet:-1","max-image-preview":"max-image-preview:large","max-video-preview":"max-video-preview:-1"},"canonical":"https:\/\/radioljubuski.ba\/index.php\/2026\/09\/04\/ljubuski-obavijesti-osnovnih-i-glazbene-skole\/","og_locale":"hr_HR","og_type":"article","og_title":"Ljubu\u0161ki: Obavijesti osnovnih i glazbene \u0161kole - RADIO LJUBU\u0160KI","og_description":"Nova \u0161kolska 2026.\/2027. godina u \u017dZH po\u010dinje u ponedjeljak, 7. rujna 2026. godine. Donosimo vam obavijesti iz osnovnih i glazbene \u0161kole s podru\u010dja Grada Ljubu\u0161kog vezano za po\u010detak nastave i podjelu rasporeda sati. O\u0160 Tina Ujevi\u0107a Vitina O B A V I J E S T o po\u010detku nastave u \u0161kolskoj 2026.\/27. godini U ponedjeljak [&hellip;]","og_url":"https:\/\/radioljubuski.ba\/index.php\/2026\/09\/04\/ljubuski-obavijesti-osnovnih-i-glazbene-skole\/","og_site_name":"RADIO LJUBU\u0160KI","article_publisher":"https:\/\/www.facebook.com\/Radiio-Ljubuski-1490835324566332","article_published_time":"2026-09-04T11:09:34+00:00","article_modified_time":"2026-09-04T14:18:59+00:00","og_image":[{"width":2560,"height":2560,"url":"https:\/\/radioljubuski.ba\/wp-content\/uploads\/2024\/09\/skole-2-scaled-1.jpg","type":"image\/jpeg"}],"author":"Radio Ljubu\u0161ki","twitter_card":"summary_large_image","twitter_creator":"@radioljubuski","twitter_site":"@radioljubuski","twitter_misc":{"Napisao\/la":"Radio Ljubu\u0161ki","Procijenjeno vrijeme \u010ditanja":"4 minute"},"schema":{"@context":"https:\/\/schema.org","@graph":[{"@type":"Article","@id":"https:\/\/radioljubuski.ba\/index.php\/2026\/09\/04\/ljubuski-obavijesti-osnovnih-i-glazbene-skole\/#article","isPartOf":{"@id":"https:\/\/radioljubuski.ba\/index.php\/2026\/09\/04\/ljubuski-obavijesti-osnovnih-i-glazbene-skole\/"},"author":{"name":"Radio Ljubu\u0161ki","@id":"https:\/\/radioljubuski.ba\/#\/schema\/person\/93d6e6a3137cf35dddeb5311d1b312b7"},"headline":"Ljubu\u0161ki: Obavijesti osnovnih i glazbene \u0161kole","datePublished":"2026-09-04T11:09:34+00:00","dateModified":"2026-09-04T14:18:59+00:00","mainEntityOfPage":{"@id":"https:\/\/radioljubuski.ba\/index.php\/2026\/09\/04\/ljubuski-obavijesti-osnovnih-i-glazbene-skole\/"},"wordCount":584,"publisher":{"@id":"https:\/\/radioljubuski.ba\/#organization"},"image":{"@id":"https:\/\/radioljubuski.ba\/index.php\/2026\/09\/04\/ljubuski-obavijesti-osnovnih-i-glazbene-skole\/#primaryimage"},"thumbnailUrl":"https:\/\/radioljubuski.ba\/wp-content\/uploads\/2024\/09\/skole-2-scaled-1.jpg","articleSection":["BIH i regija","Ljubu\u0161ki","Novosti"],"inLanguage":"hr"},{"@type":"WebPage","@id":"https:\/\/radioljubuski.ba\/index.php\/2026\/09\/04\/ljubuski-obavijesti-osnovnih-i-glazbene-skole\/","url":"https:\/\/radioljubuski.ba\/index.php\/2026\/09\/04\/ljubuski-obavijesti-osnovnih-i-glazbene-skole\/","name":"Ljubu\u0161ki: Obavijesti osnovnih i glazbene \u0161kole - RADIO LJUBU\u0160KI","isPartOf":{"@id":"https:\/\/radioljubuski.ba\/#website"},"primaryImageOfPage":{"@id":"https:\/\/radioljubuski.ba\/index.php\/2026\/09\/04\/ljubuski-obavijesti-osnovnih-i-glazbene-skole\/#primaryimage"},"image":{"@id":"https:\/\/radioljubuski.ba\/index.php\/2026\/09\/04\/ljubuski-obavijesti-osnovnih-i-glazbene-skole\/#primaryimage"},"thumbnailUrl":"https:\/\/radioljubuski.ba\/wp-content\/uploads\/2024\/09\/skole-2-scaled-1.jpg","datePublished":"2026-09-04T11:09:34+00:00","dateModified":"2026-09-04T14:18:59+00:00","breadcrumb":{"@id":"https:\/\/radioljubuski.ba\/index.php\/2026\/09\/04\/ljubuski-obavijesti-osnovnih-i-glazbene-skole\/#breadcrumb"},"inLanguage":"hr","potentialAction":[{"@type":"ReadAction","target":["https:\/\/radioljubuski.ba\/index.php\/2026\/09\/04\/ljubuski-obavijesti-osnovnih-i-glazbene-skole\/"]}]},{"@type":"ImageObject","inLanguage":"hr","@id":"https:\/\/radioljubuski.ba\/index.php\/2026\/09\/04\/ljubuski-obavijesti-osnovnih-i-glazbene-skole\/#primaryimage","url":"https:\/\/radioljubuski.ba\/wp-content\/uploads\/2024\/09\/skole-2-scaled-1.jpg","contentUrl":"https:\/\/radioljubuski.ba\/wp-content\/uploads\/2024\/09\/skole-2-scaled-1.jpg","width":2560,"height":2560},{"@type":"BreadcrumbList","@id":"https:\/\/radioljubuski.ba\/index.php\/2026\/09\/04\/ljubuski-obavijesti-osnovnih-i-glazbene-skole\/#breadcrumb","itemListElement":[{"@type":"ListItem","position":1,"name":"Po\u010detna stranica","item":"https:\/\/radioljubuski.ba\/"},{"@type":"ListItem","position":2,"name":"Ljubu\u0161ki: Obavijesti osnovnih i glazbene \u0161kole"}]},{"@type":"WebSite","@id":"https:\/\/radioljubuski.ba\/#website","url":"https:\/\/radioljubuski.ba\/","name":"Radio Ljubu\u0161ki","description":"Sun\u010dana frekvencija Hercegovine","publisher":{"@id":"https:\/\/radioljubuski.ba\/#organization"},"potentialAction":[{"@type":"SearchAction","target":{"@type":"EntryPoint","urlTemplate":"https:\/\/radioljubuski.ba\/?s={search_term_string}"},"query-input":{"@type":"PropertyValueSpecification","valueRequired":true,"valueName":"search_term_string"}}],"inLanguage":"hr"},{"@type":"Organization","@id":"https:\/\/radioljubuski.ba\/#organization","name":"Radio Ljubu\u0161ki","url":"https:\/\/radioljubuski.ba\/","logo":{"@type":"ImageObject","inLanguage":"hr","@id":"https:\/\/radioljubuski.ba\/#\/schema\/logo\/image\/","url":"https:\/\/radioljubuski.ba\/wp-content\/uploads\/2021\/02\/cropped-Radio_Ljubuski_logo1.jpg","contentUrl":"https:\/\/radioljubuski.ba\/wp-content\/uploads\/2021\/02\/cropped-Radio_Ljubuski_logo1.jpg","width":512,"height":512,"caption":"Radio Ljubu\u0161ki"},"image":{"@id":"https:\/\/radioljubuski.ba\/#\/schema\/logo\/image\/"},"sameAs":["https:\/\/www.facebook.com\/Radiio-Ljubuski-1490835324566332","https:\/\/x.com\/radioljubuski","https:\/\/hr.linkedin.com\/company\/radio-ljubuski","https:\/\/www.youtube.com\/channel\/UCHYaeO_n0Db3tjNGudGpXyw"]},{"@type":"Person","@id":"https:\/\/radioljubuski.ba\/#\/schema\/person\/93d6e6a3137cf35dddeb5311d1b312b7","name":"Radio Ljubu\u0161ki"}]}},"_links":{"self":[{"href":"https:\/\/radioljubuski.ba\/index.php\/wp-json\/wp\/v2\/posts\/231055","targetHints":{"allow":["GET"]}}],"collection":[{"href":"https:\/\/radioljubuski.ba\/index.php\/wp-json\/wp\/v2\/posts"}],"about":[{"href":"https:\/\/radioljubuski.ba\/index.php\/wp-json\/wp\/v2\/types\/post"}],"author":[{"embeddable":true,"href":"https:\/\/radioljubuski.ba\/index.php\/wp-json\/wp\/v2\/users\/2"}],"replies":[{"embeddable":true,"href":"https:\/\/radioljubuski.ba\/index.php\/wp-json\/wp\/v2\/comments?post=231055"}],"version-history":[{"count":7,"href":"https:\/\/radioljubuski.ba\/index.php\/wp-json\/wp\/v2\/posts\/231055\/revisions"}],"predecessor-version":[{"id":231083,"href":"https:\/\/radioljubuski.ba\/index.php\/wp-json\/wp\/v2\/posts\/231055\/revisions\/231083"}],"wp:featuredmedia":[{"embeddable":true,"href":"https:\/\/radioljubuski.ba\/index.php\/wp-json\/wp\/v2\/media\/208222"}],"wp:attachment":[{"href":"https:\/\/radioljubuski.ba\/index.php\/wp-json\/wp\/v2\/media?parent=231055"}],"wp:term":[{"taxonomy":"category","embeddable":true,"href":"https:\/\/radioljubuski.ba\/index.php\/wp-json\/wp\/v2\/categories?post=231055"},{"taxonomy":"post_tag","embeddable":true,"href":"https:\/\/radioljubuski.ba\/index.php\/wp-json\/wp\/v2\/tags?post=231055"}],"curies":[{"name":"wp","href":"https:\/\/api.w.org\/{rel}","templated":true}]}}