{"id":231063,"date":"2026-09-04T10:46:27","date_gmt":"2026-09-04T09:46:27","guid":{"rendered":"https:\/\/radioljubuski.ba\/?p=231063"},"modified":"2026-09-04T10:46:29","modified_gmt":"2026-09-04T09:46:29","slug":"povjerenje-se-nastavlja-koncern-agram-i-dalje-generalni-sponzor-rk-izvidac-agram","status":"publish","type":"post","link":"https:\/\/radioljubuski.ba\/index.php\/2026\/09\/04\/povjerenje-se-nastavlja-koncern-agram-i-dalje-generalni-sponzor-rk-izvidac-agram\/","title":{"rendered":"Povjerenje se nastavlja \u2013 Koncern Agram i dalje generalni sponzor RK Izvi\u0111a\u010d Agram"},"content":{"rendered":"\n<p class=\"wp-block-paragraph\">RK Izvi\u0111a\u010d Agram i Koncern Agram nastavljaju uspje\u0161nu suradnju i u natjecateljskoj sezoni 2026.\/2027. <\/p>\n\n\n\n<p class=\"wp-block-paragraph\">\u010celni ljudi Kluba i vodstvo Koncerna Agram, na obostrano zadovoljstvo, dogovorili su nastavak partnerstva, \u010dime Agram ostaje generalni sponzor na\u0161eg Kluba.<\/p>\n\n\n\n<p class=\"wp-block-paragraph\">Novi ugovor predstavlja nastavak uspje\u0161ne suradnje i potvrdu me\u0111usobnog povjerenja koje se gradilo tijekom proteklih sezona. <\/p>\n\n\n\n<p class=\"wp-block-paragraph\">RK Izvi\u0111a\u010d i u sezoni 2026.\/2027. u svom \u0107e nazivu nositi ime generalnog sponzora te nastupati kao RK Izvi\u0111a\u010d Agram.<\/p>\n\n\n\n<p class=\"wp-block-paragraph\">Potvrda me\u0111usobnog povjerenja<\/p>\n\n\n\n<p class=\"wp-block-paragraph\">Produ\u017eenje suradnje za na\u0161 Klub ima posebno zna\u010denje. Povjerenje koje nam je ukazano nastojali smo opravdati ozbiljnim radom, sportskim rezultatima i dostojnim predstavljanjem imena Izvi\u0111a\u010da i na\u0161eg generalnog sponzora na doma\u0107oj i europskoj rukometnoj sceni.<\/p>\n\n\n\n<p class=\"wp-block-paragraph\">Nastavak partnerstva predstavlja ne samo va\u017enu potporu Klubu pred novu natjecateljsku sezonu nego i potvrdu da je dosada\u0161nja suradnja ostvarila svoj cilj te stvorila \u010dvrste temelje za njezin nastavak.<\/p>\n\n\n\n<p class=\"wp-block-paragraph\">Zahvala Koncernu Agram<\/p>\n\n\n\n<p class=\"wp-block-paragraph\">Zahvaljujemo vodstvu Koncerna Agram na nastavku potpore i povjerenja u na\u0161 Klub, a posebnu zahvalnost upu\u0107ujemo prof. dr. sc. Dubravku Grgi\u0107u, na\u0161em Ljubu\u0161aku i biv\u0161em rukometa\u0161u Izvi\u0111a\u010da, na dugogodi\u0161njoj podr\u0161ci, povjerenju i povezanosti s Klubom.<\/p>\n\n\n\n<p class=\"wp-block-paragraph\">Koncern Agram jedna je od vode\u0107ih poslovnih grupacija u ovom dijelu Europe, koja posluje i djeluje na tr\u017ei\u0161tima Republike Hrvatske, Bosne i Hercegovine, Talijanske Republike i Republike Austrije.<\/p>\n\n\n\n<p class=\"wp-block-paragraph\">Zajedno u nove izazove<\/p>\n\n\n\n<p class=\"wp-block-paragraph\">Pred RK Izvi\u0111a\u010d Agramom nova je zahtjevna sezona i novi izazovi na doma\u0107oj i europskoj rukometnoj sceni. Nastavak suradnje s generalnim sponzorom daje nam dodatnu sigurnost, ali i obvezu da svojim radom i rezultatima nastavimo opravdavati ukazano povjerenje.<\/p>\n\n\n\n<p class=\"wp-block-paragraph\">Povjerenje smo opravdali. Povjerenje se nastavlja. Zajedno u nove izazove \u2013 RK Izvi\u0111a\u010d Agram i Koncern Agram!<\/p>\n\n\n\n<p class=\"wp-block-paragraph\">RK Izvi\u0111a\u010d Agram <\/p>\n","protected":false},"excerpt":{"rendered":"<p>RK Izvi\u0111a\u010d Agram i Koncern Agram nastavljaju uspje\u0161nu suradnju i u natjecateljskoj sezoni 2026.\/2027. \u010celni ljudi Kluba i vodstvo Koncerna Agram, na obostrano zadovoljstvo, dogovorili su nastavak partnerstva, \u010dime Agram ostaje generalni sponzor na\u0161eg Kluba. Novi ugovor predstavlja nastavak uspje\u0161ne suradnje i potvrdu me\u0111usobnog povjerenja koje se gradilo tijekom proteklih sezona. RK Izvi\u0111a\u010d i u [&hellip;]<\/p>\n","protected":false},"author":2,"featured_media":231064,"comment_status":"closed","ping_status":"closed","sticky":false,"template":"","format":"standard","meta":{"footnotes":""},"categories":[1,46,3],"tags":[],"class_list":["post-231063","post","type-post","status-publish","format-standard","has-post-thumbnail","hentry","category-bihiregija","category-kultura-i-sport","category-ljubuski"],"yoast_head":"<!-- This site is optimized with the Yoast SEO plugin v28.4 - https:\/\/yoast.com\/product\/yoast-seo-wordpress\/ -->\n<title>Povjerenje se nastavlja \u2013 Koncern Agram i dalje generalni sponzor RK Izvi\u0111a\u010d Agram - RADIO LJUBU\u0160KI<\/title>\n<meta name=\"robots\" content=\"index, follow, max-snippet:-1, max-image-preview:large, max-video-preview:-1\" \/>\n<link rel=\"canonical\" href=\"https:\/\/radioljubuski.ba\/index.php\/2026\/09\/04\/povjerenje-se-nastavlja-koncern-agram-i-dalje-generalni-sponzor-rk-izvidac-agram\/\" \/>\n<meta property=\"og:locale\" content=\"hr_HR\" \/>\n<meta property=\"og:type\" content=\"article\" \/>\n<meta property=\"og:title\" content=\"Povjerenje se nastavlja \u2013 Koncern Agram i dalje generalni sponzor RK Izvi\u0111a\u010d Agram - RADIO LJUBU\u0160KI\" \/>\n<meta property=\"og:description\" content=\"RK Izvi\u0111a\u010d Agram i Koncern Agram nastavljaju uspje\u0161nu suradnju i u natjecateljskoj sezoni 2026.\/2027. \u010celni ljudi Kluba i vodstvo Koncerna Agram, na obostrano zadovoljstvo, dogovorili su nastavak partnerstva, \u010dime Agram ostaje generalni sponzor na\u0161eg Kluba. Novi ugovor predstavlja nastavak uspje\u0161ne suradnje i potvrdu me\u0111usobnog povjerenja koje se gradilo tijekom proteklih sezona. RK Izvi\u0111a\u010d i u [&hellip;]\" \/>\n<meta property=\"og:url\" content=\"https:\/\/radioljubuski.ba\/index.php\/2026\/09\/04\/povjerenje-se-nastavlja-koncern-agram-i-dalje-generalni-sponzor-rk-izvidac-agram\/\" \/>\n<meta property=\"og:site_name\" content=\"RADIO LJUBU\u0160KI\" \/>\n<meta property=\"article:publisher\" content=\"https:\/\/www.facebook.com\/Radiio-Ljubuski-1490835324566332\" \/>\n<meta property=\"article:published_time\" content=\"2026-09-04T09:46:27+00:00\" \/>\n<meta property=\"article:modified_time\" content=\"2026-09-04T09:46:29+00:00\" \/>\n<meta property=\"og:image\" content=\"https:\/\/radioljubuski.ba\/wp-content\/uploads\/2026\/09\/IMG_20260904_114544.jpg\" \/>\n\t<meta property=\"og:image:width\" content=\"1136\" \/>\n\t<meta property=\"og:image:height\" content=\"748\" \/>\n\t<meta property=\"og:image:type\" content=\"image\/jpeg\" \/>\n<meta name=\"author\" content=\"Radio Ljubu\u0161ki\" \/>\n<meta name=\"twitter:card\" content=\"summary_large_image\" \/>\n<meta name=\"twitter:creator\" content=\"@radioljubuski\" \/>\n<meta name=\"twitter:site\" content=\"@radioljubuski\" \/>\n<meta name=\"twitter:label1\" content=\"Napisao\/la\" \/>\n\t<meta name=\"twitter:data1\" content=\"Radio Ljubu\u0161ki\" \/>\n\t<meta name=\"twitter:label2\" content=\"Procijenjeno vrijeme \u010ditanja\" \/>\n\t<meta name=\"twitter:data2\" content=\"2 minute\" \/>\n<script type=\"application\/ld+json\" class=\"yoast-schema-graph\">{\"@context\":\"https:\\\/\\\/schema.org\",\"@graph\":[{\"@type\":\"Article\",\"@id\":\"https:\\\/\\\/radioljubuski.ba\\\/index.php\\\/2026\\\/09\\\/04\\\/povjerenje-se-nastavlja-koncern-agram-i-dalje-generalni-sponzor-rk-izvidac-agram\\\/#article\",\"isPartOf\":{\"@id\":\"https:\\\/\\\/radioljubuski.ba\\\/index.php\\\/2026\\\/09\\\/04\\\/povjerenje-se-nastavlja-koncern-agram-i-dalje-generalni-sponzor-rk-izvidac-agram\\\/\"},\"author\":{\"name\":\"Radio Ljubu\u0161ki\",\"@id\":\"https:\\\/\\\/radioljubuski.ba\\\/#\\\/schema\\\/person\\\/93d6e6a3137cf35dddeb5311d1b312b7\"},\"headline\":\"Povjerenje se nastavlja \u2013 Koncern Agram i dalje generalni sponzor RK Izvi\u0111a\u010d Agram\",\"datePublished\":\"2026-09-04T09:46:27+00:00\",\"dateModified\":\"2026-09-04T09:46:29+00:00\",\"mainEntityOfPage\":{\"@id\":\"https:\\\/\\\/radioljubuski.ba\\\/index.php\\\/2026\\\/09\\\/04\\\/povjerenje-se-nastavlja-koncern-agram-i-dalje-generalni-sponzor-rk-izvidac-agram\\\/\"},\"wordCount\":309,\"publisher\":{\"@id\":\"https:\\\/\\\/radioljubuski.ba\\\/#organization\"},\"image\":{\"@id\":\"https:\\\/\\\/radioljubuski.ba\\\/index.php\\\/2026\\\/09\\\/04\\\/povjerenje-se-nastavlja-koncern-agram-i-dalje-generalni-sponzor-rk-izvidac-agram\\\/#primaryimage\"},\"thumbnailUrl\":\"https:\\\/\\\/radioljubuski.ba\\\/wp-content\\\/uploads\\\/2026\\\/09\\\/IMG_20260904_114544.jpg\",\"articleSection\":[\"BIH i regija\",\"Kultura i sport\",\"Ljubu\u0161ki\"],\"inLanguage\":\"hr\"},{\"@type\":\"WebPage\",\"@id\":\"https:\\\/\\\/radioljubuski.ba\\\/index.php\\\/2026\\\/09\\\/04\\\/povjerenje-se-nastavlja-koncern-agram-i-dalje-generalni-sponzor-rk-izvidac-agram\\\/\",\"url\":\"https:\\\/\\\/radioljubuski.ba\\\/index.php\\\/2026\\\/09\\\/04\\\/povjerenje-se-nastavlja-koncern-agram-i-dalje-generalni-sponzor-rk-izvidac-agram\\\/\",\"name\":\"Povjerenje se nastavlja \u2013 Koncern Agram i dalje generalni sponzor RK Izvi\u0111a\u010d Agram - RADIO LJUBU\u0160KI\",\"isPartOf\":{\"@id\":\"https:\\\/\\\/radioljubuski.ba\\\/#website\"},\"primaryImageOfPage\":{\"@id\":\"https:\\\/\\\/radioljubuski.ba\\\/index.php\\\/2026\\\/09\\\/04\\\/povjerenje-se-nastavlja-koncern-agram-i-dalje-generalni-sponzor-rk-izvidac-agram\\\/#primaryimage\"},\"image\":{\"@id\":\"https:\\\/\\\/radioljubuski.ba\\\/index.php\\\/2026\\\/09\\\/04\\\/povjerenje-se-nastavlja-koncern-agram-i-dalje-generalni-sponzor-rk-izvidac-agram\\\/#primaryimage\"},\"thumbnailUrl\":\"https:\\\/\\\/radioljubuski.ba\\\/wp-content\\\/uploads\\\/2026\\\/09\\\/IMG_20260904_114544.jpg\",\"datePublished\":\"2026-09-04T09:46:27+00:00\",\"dateModified\":\"2026-09-04T09:46:29+00:00\",\"breadcrumb\":{\"@id\":\"https:\\\/\\\/radioljubuski.ba\\\/index.php\\\/2026\\\/09\\\/04\\\/povjerenje-se-nastavlja-koncern-agram-i-dalje-generalni-sponzor-rk-izvidac-agram\\\/#breadcrumb\"},\"inLanguage\":\"hr\",\"potentialAction\":[{\"@type\":\"ReadAction\",\"target\":[\"https:\\\/\\\/radioljubuski.ba\\\/index.php\\\/2026\\\/09\\\/04\\\/povjerenje-se-nastavlja-koncern-agram-i-dalje-generalni-sponzor-rk-izvidac-agram\\\/\"]}]},{\"@type\":\"ImageObject\",\"inLanguage\":\"hr\",\"@id\":\"https:\\\/\\\/radioljubuski.ba\\\/index.php\\\/2026\\\/09\\\/04\\\/povjerenje-se-nastavlja-koncern-agram-i-dalje-generalni-sponzor-rk-izvidac-agram\\\/#primaryimage\",\"url\":\"https:\\\/\\\/radioljubuski.ba\\\/wp-content\\\/uploads\\\/2026\\\/09\\\/IMG_20260904_114544.jpg\",\"contentUrl\":\"https:\\\/\\\/radioljubuski.ba\\\/wp-content\\\/uploads\\\/2026\\\/09\\\/IMG_20260904_114544.jpg\",\"width\":1136,\"height\":748},{\"@type\":\"BreadcrumbList\",\"@id\":\"https:\\\/\\\/radioljubuski.ba\\\/index.php\\\/2026\\\/09\\\/04\\\/povjerenje-se-nastavlja-koncern-agram-i-dalje-generalni-sponzor-rk-izvidac-agram\\\/#breadcrumb\",\"itemListElement\":[{\"@type\":\"ListItem\",\"position\":1,\"name\":\"Po\u010detna stranica\",\"item\":\"https:\\\/\\\/radioljubuski.ba\\\/\"},{\"@type\":\"ListItem\",\"position\":2,\"name\":\"Povjerenje se nastavlja \u2013 Koncern Agram i dalje generalni sponzor RK Izvi\u0111a\u010d Agram\"}]},{\"@type\":\"WebSite\",\"@id\":\"https:\\\/\\\/radioljubuski.ba\\\/#website\",\"url\":\"https:\\\/\\\/radioljubuski.ba\\\/\",\"name\":\"Radio Ljubu\u0161ki\",\"description\":\"Sun\u010dana frekvencija Hercegovine\",\"publisher\":{\"@id\":\"https:\\\/\\\/radioljubuski.ba\\\/#organization\"},\"potentialAction\":[{\"@type\":\"SearchAction\",\"target\":{\"@type\":\"EntryPoint\",\"urlTemplate\":\"https:\\\/\\\/radioljubuski.ba\\\/?s={search_term_string}\"},\"query-input\":{\"@type\":\"PropertyValueSpecification\",\"valueRequired\":true,\"valueName\":\"search_term_string\"}}],\"inLanguage\":\"hr\"},{\"@type\":\"Organization\",\"@id\":\"https:\\\/\\\/radioljubuski.ba\\\/#organization\",\"name\":\"Radio Ljubu\u0161ki\",\"url\":\"https:\\\/\\\/radioljubuski.ba\\\/\",\"logo\":{\"@type\":\"ImageObject\",\"inLanguage\":\"hr\",\"@id\":\"https:\\\/\\\/radioljubuski.ba\\\/#\\\/schema\\\/logo\\\/image\\\/\",\"url\":\"https:\\\/\\\/radioljubuski.ba\\\/wp-content\\\/uploads\\\/2021\\\/02\\\/cropped-Radio_Ljubuski_logo1.jpg\",\"contentUrl\":\"https:\\\/\\\/radioljubuski.ba\\\/wp-content\\\/uploads\\\/2021\\\/02\\\/cropped-Radio_Ljubuski_logo1.jpg\",\"width\":512,\"height\":512,\"caption\":\"Radio Ljubu\u0161ki\"},\"image\":{\"@id\":\"https:\\\/\\\/radioljubuski.ba\\\/#\\\/schema\\\/logo\\\/image\\\/\"},\"sameAs\":[\"https:\\\/\\\/www.facebook.com\\\/Radiio-Ljubuski-1490835324566332\",\"https:\\\/\\\/x.com\\\/radioljubuski\",\"https:\\\/\\\/hr.linkedin.com\\\/company\\\/radio-ljubuski\",\"https:\\\/\\\/www.youtube.com\\\/channel\\\/UCHYaeO_n0Db3tjNGudGpXyw\"]},{\"@type\":\"Person\",\"@id\":\"https:\\\/\\\/radioljubuski.ba\\\/#\\\/schema\\\/person\\\/93d6e6a3137cf35dddeb5311d1b312b7\",\"name\":\"Radio Ljubu\u0161ki\"}]}<\/script>\n<!-- \/ Yoast SEO plugin. -->","yoast_head_json":{"title":"Povjerenje se nastavlja \u2013 Koncern Agram i dalje generalni sponzor RK Izvi\u0111a\u010d Agram - RADIO LJUBU\u0160KI","robots":{"index":"index","follow":"follow","max-snippet":"max-snippet:-1","max-image-preview":"max-image-preview:large","max-video-preview":"max-video-preview:-1"},"canonical":"https:\/\/radioljubuski.ba\/index.php\/2026\/09\/04\/povjerenje-se-nastavlja-koncern-agram-i-dalje-generalni-sponzor-rk-izvidac-agram\/","og_locale":"hr_HR","og_type":"article","og_title":"Povjerenje se nastavlja \u2013 Koncern Agram i dalje generalni sponzor RK Izvi\u0111a\u010d Agram - RADIO LJUBU\u0160KI","og_description":"RK Izvi\u0111a\u010d Agram i Koncern Agram nastavljaju uspje\u0161nu suradnju i u natjecateljskoj sezoni 2026.\/2027. \u010celni ljudi Kluba i vodstvo Koncerna Agram, na obostrano zadovoljstvo, dogovorili su nastavak partnerstva, \u010dime Agram ostaje generalni sponzor na\u0161eg Kluba. Novi ugovor predstavlja nastavak uspje\u0161ne suradnje i potvrdu me\u0111usobnog povjerenja koje se gradilo tijekom proteklih sezona. RK Izvi\u0111a\u010d i u [&hellip;]","og_url":"https:\/\/radioljubuski.ba\/index.php\/2026\/09\/04\/povjerenje-se-nastavlja-koncern-agram-i-dalje-generalni-sponzor-rk-izvidac-agram\/","og_site_name":"RADIO LJUBU\u0160KI","article_publisher":"https:\/\/www.facebook.com\/Radiio-Ljubuski-1490835324566332","article_published_time":"2026-09-04T09:46:27+00:00","article_modified_time":"2026-09-04T09:46:29+00:00","og_image":[{"width":1136,"height":748,"url":"https:\/\/radioljubuski.ba\/wp-content\/uploads\/2026\/09\/IMG_20260904_114544.jpg","type":"image\/jpeg"}],"author":"Radio Ljubu\u0161ki","twitter_card":"summary_large_image","twitter_creator":"@radioljubuski","twitter_site":"@radioljubuski","twitter_misc":{"Napisao\/la":"Radio Ljubu\u0161ki","Procijenjeno vrijeme \u010ditanja":"2 minute"},"schema":{"@context":"https:\/\/schema.org","@graph":[{"@type":"Article","@id":"https:\/\/radioljubuski.ba\/index.php\/2026\/09\/04\/povjerenje-se-nastavlja-koncern-agram-i-dalje-generalni-sponzor-rk-izvidac-agram\/#article","isPartOf":{"@id":"https:\/\/radioljubuski.ba\/index.php\/2026\/09\/04\/povjerenje-se-nastavlja-koncern-agram-i-dalje-generalni-sponzor-rk-izvidac-agram\/"},"author":{"name":"Radio Ljubu\u0161ki","@id":"https:\/\/radioljubuski.ba\/#\/schema\/person\/93d6e6a3137cf35dddeb5311d1b312b7"},"headline":"Povjerenje se nastavlja \u2013 Koncern Agram i dalje generalni sponzor RK Izvi\u0111a\u010d Agram","datePublished":"2026-09-04T09:46:27+00:00","dateModified":"2026-09-04T09:46:29+00:00","mainEntityOfPage":{"@id":"https:\/\/radioljubuski.ba\/index.php\/2026\/09\/04\/povjerenje-se-nastavlja-koncern-agram-i-dalje-generalni-sponzor-rk-izvidac-agram\/"},"wordCount":309,"publisher":{"@id":"https:\/\/radioljubuski.ba\/#organization"},"image":{"@id":"https:\/\/radioljubuski.ba\/index.php\/2026\/09\/04\/povjerenje-se-nastavlja-koncern-agram-i-dalje-generalni-sponzor-rk-izvidac-agram\/#primaryimage"},"thumbnailUrl":"https:\/\/radioljubuski.ba\/wp-content\/uploads\/2026\/09\/IMG_20260904_114544.jpg","articleSection":["BIH i regija","Kultura i sport","Ljubu\u0161ki"],"inLanguage":"hr"},{"@type":"WebPage","@id":"https:\/\/radioljubuski.ba\/index.php\/2026\/09\/04\/povjerenje-se-nastavlja-koncern-agram-i-dalje-generalni-sponzor-rk-izvidac-agram\/","url":"https:\/\/radioljubuski.ba\/index.php\/2026\/09\/04\/povjerenje-se-nastavlja-koncern-agram-i-dalje-generalni-sponzor-rk-izvidac-agram\/","name":"Povjerenje se nastavlja \u2013 Koncern Agram i dalje generalni sponzor RK Izvi\u0111a\u010d Agram - RADIO LJUBU\u0160KI","isPartOf":{"@id":"https:\/\/radioljubuski.ba\/#website"},"primaryImageOfPage":{"@id":"https:\/\/radioljubuski.ba\/index.php\/2026\/09\/04\/povjerenje-se-nastavlja-koncern-agram-i-dalje-generalni-sponzor-rk-izvidac-agram\/#primaryimage"},"image":{"@id":"https:\/\/radioljubuski.ba\/index.php\/2026\/09\/04\/povjerenje-se-nastavlja-koncern-agram-i-dalje-generalni-sponzor-rk-izvidac-agram\/#primaryimage"},"thumbnailUrl":"https:\/\/radioljubuski.ba\/wp-content\/uploads\/2026\/09\/IMG_20260904_114544.jpg","datePublished":"2026-09-04T09:46:27+00:00","dateModified":"2026-09-04T09:46:29+00:00","breadcrumb":{"@id":"https:\/\/radioljubuski.ba\/index.php\/2026\/09\/04\/povjerenje-se-nastavlja-koncern-agram-i-dalje-generalni-sponzor-rk-izvidac-agram\/#breadcrumb"},"inLanguage":"hr","potentialAction":[{"@type":"ReadAction","target":["https:\/\/radioljubuski.ba\/index.php\/2026\/09\/04\/povjerenje-se-nastavlja-koncern-agram-i-dalje-generalni-sponzor-rk-izvidac-agram\/"]}]},{"@type":"ImageObject","inLanguage":"hr","@id":"https:\/\/radioljubuski.ba\/index.php\/2026\/09\/04\/povjerenje-se-nastavlja-koncern-agram-i-dalje-generalni-sponzor-rk-izvidac-agram\/#primaryimage","url":"https:\/\/radioljubuski.ba\/wp-content\/uploads\/2026\/09\/IMG_20260904_114544.jpg","contentUrl":"https:\/\/radioljubuski.ba\/wp-content\/uploads\/2026\/09\/IMG_20260904_114544.jpg","width":1136,"height":748},{"@type":"BreadcrumbList","@id":"https:\/\/radioljubuski.ba\/index.php\/2026\/09\/04\/povjerenje-se-nastavlja-koncern-agram-i-dalje-generalni-sponzor-rk-izvidac-agram\/#breadcrumb","itemListElement":[{"@type":"ListItem","position":1,"name":"Po\u010detna stranica","item":"https:\/\/radioljubuski.ba\/"},{"@type":"ListItem","position":2,"name":"Povjerenje se nastavlja \u2013 Koncern Agram i dalje generalni sponzor RK Izvi\u0111a\u010d Agram"}]},{"@type":"WebSite","@id":"https:\/\/radioljubuski.ba\/#website","url":"https:\/\/radioljubuski.ba\/","name":"Radio Ljubu\u0161ki","description":"Sun\u010dana frekvencija Hercegovine","publisher":{"@id":"https:\/\/radioljubuski.ba\/#organization"},"potentialAction":[{"@type":"SearchAction","target":{"@type":"EntryPoint","urlTemplate":"https:\/\/radioljubuski.ba\/?s={search_term_string}"},"query-input":{"@type":"PropertyValueSpecification","valueRequired":true,"valueName":"search_term_string"}}],"inLanguage":"hr"},{"@type":"Organization","@id":"https:\/\/radioljubuski.ba\/#organization","name":"Radio Ljubu\u0161ki","url":"https:\/\/radioljubuski.ba\/","logo":{"@type":"ImageObject","inLanguage":"hr","@id":"https:\/\/radioljubuski.ba\/#\/schema\/logo\/image\/","url":"https:\/\/radioljubuski.ba\/wp-content\/uploads\/2021\/02\/cropped-Radio_Ljubuski_logo1.jpg","contentUrl":"https:\/\/radioljubuski.ba\/wp-content\/uploads\/2021\/02\/cropped-Radio_Ljubuski_logo1.jpg","width":512,"height":512,"caption":"Radio Ljubu\u0161ki"},"image":{"@id":"https:\/\/radioljubuski.ba\/#\/schema\/logo\/image\/"},"sameAs":["https:\/\/www.facebook.com\/Radiio-Ljubuski-1490835324566332","https:\/\/x.com\/radioljubuski","https:\/\/hr.linkedin.com\/company\/radio-ljubuski","https:\/\/www.youtube.com\/channel\/UCHYaeO_n0Db3tjNGudGpXyw"]},{"@type":"Person","@id":"https:\/\/radioljubuski.ba\/#\/schema\/person\/93d6e6a3137cf35dddeb5311d1b312b7","name":"Radio Ljubu\u0161ki"}]}},"_links":{"self":[{"href":"https:\/\/radioljubuski.ba\/index.php\/wp-json\/wp\/v2\/posts\/231063","targetHints":{"allow":["GET"]}}],"collection":[{"href":"https:\/\/radioljubuski.ba\/index.php\/wp-json\/wp\/v2\/posts"}],"about":[{"href":"https:\/\/radioljubuski.ba\/index.php\/wp-json\/wp\/v2\/types\/post"}],"author":[{"embeddable":true,"href":"https:\/\/radioljubuski.ba\/index.php\/wp-json\/wp\/v2\/users\/2"}],"replies":[{"embeddable":true,"href":"https:\/\/radioljubuski.ba\/index.php\/wp-json\/wp\/v2\/comments?post=231063"}],"version-history":[{"count":1,"href":"https:\/\/radioljubuski.ba\/index.php\/wp-json\/wp\/v2\/posts\/231063\/revisions"}],"predecessor-version":[{"id":231065,"href":"https:\/\/radioljubuski.ba\/index.php\/wp-json\/wp\/v2\/posts\/231063\/revisions\/231065"}],"wp:featuredmedia":[{"embeddable":true,"href":"https:\/\/radioljubuski.ba\/index.php\/wp-json\/wp\/v2\/media\/231064"}],"wp:attachment":[{"href":"https:\/\/radioljubuski.ba\/index.php\/wp-json\/wp\/v2\/media?parent=231063"}],"wp:term":[{"taxonomy":"category","embeddable":true,"href":"https:\/\/radioljubuski.ba\/index.php\/wp-json\/wp\/v2\/categories?post=231063"},{"taxonomy":"post_tag","embeddable":true,"href":"https:\/\/radioljubuski.ba\/index.php\/wp-json\/wp\/v2\/tags?post=231063"}],"curies":[{"name":"wp","href":"https:\/\/api.w.org\/{rel}","templated":true}]}}