{"id":231114,"date":"2026-09-05T10:30:42","date_gmt":"2026-09-05T09:30:42","guid":{"rendered":"https:\/\/radioljubuski.ba\/?p=231114"},"modified":"2026-09-05T10:30:43","modified_gmt":"2026-09-05T09:30:43","slug":"ljubuska-biciklijada-ove-nedjelje","status":"publish","type":"post","link":"https:\/\/radioljubuski.ba\/index.php\/2026\/09\/05\/ljubuska-biciklijada-ove-nedjelje\/","title":{"rendered":"Ljubu\u0161ka biciklijada ove nedjelje !"},"content":{"rendered":"\n<p class=\"wp-block-paragraph\"><\/p>\n\n\n\n<p class=\"wp-block-paragraph\"> OBAVIJEST \u2013 LJUBU\u0160KA BICIKLIJADA 2026<\/p>\n\n\n\n<p class=\"wp-block-paragraph\">Dragi ljubitelji biciklizma i dobre atmosfere,<\/p>\n\n\n\n<p class=\"wp-block-paragraph\">ove godine smo u organizaciji Ljubu\u0161ke biciklijade odlu\u010dili napraviti malu promjenu! <\/p>\n\n\n\n<p class=\"wp-block-paragraph\">\ud83d\udeb4\u200d\u2640\ufe0f\ud83c\udf3fRuta nas i ove godine vodi kroz prekrasnu prirodu, a ono najva\u017enije \u2013 nije duga ni zahtjevna. Kao i prethodnih godina, polazimo iz grada, s Trga u Ljubu\u0161kom.<\/p>\n\n\n\n<p class=\"wp-block-paragraph\">\ud83c\udf0a NOVITET \u2013 CILJ JE KAMP BAJTA!<\/p>\n\n\n\n<p class=\"wp-block-paragraph\">Ove godine biciklijada zavr\u0161ava u kampu Bajta, uz rijeku Studen\u010dicu, gdje nas \u010deka pravo dru\u017eenje! <\/p>\n\n\n\n<p class=\"wp-block-paragraph\">\ud83d\ude0dNakon vo\u017enje slijedi:\ud83d\udd25 ro\u0161tilj\ud83e\udd64 osvje\u017eenje i pi\u0107e\ud83c\udfca kupanje u rijeci Studen\u010dici \ud83c\udfb6 dru\u017eenje i odli\u010dna atmosfera.<\/p>\n\n\n\n<p class=\"wp-block-paragraph\">Za one koji nisu spremni na povratak biciklom, bit \u0107e organiziran povratak u grad.<\/p>\n\n\n\n<p class=\"wp-block-paragraph\">Od kampa Bajta do Ljubu\u0161kog ima oko 7 kilometara. <\/p>\n\n\n\n<p class=\"wp-block-paragraph\">Pozivamo vas da nam se pridru\u017eite, povedete dobru volju, bicikl i kupa\u0107i \u2013 i zajedno provedemo jo\u0161 jednu nedjelju u znaku biciklizma, prirode i dru\u017eenja! <\/p>\n\n\n\n<p class=\"wp-block-paragraph\">Veselimo se svakom sudioniku i dobroj energiji kakva nas je pratila svih ovih godina.<\/p>\n\n\n\n<p class=\"wp-block-paragraph\"> Nedjelja, 6. rujna\ud83d\udd5a Polazak u 11:00 sati\ud83d\udccd Trg dr. Franje Tu\u0111mana u Ljubu\u0161kom.<\/p>\n\n\n\n<p class=\"wp-block-paragraph\">Vidimo se u nedjelju! \ud83d\udeb4\u200d\u2642\ufe0f\ud83d\udc9aBK Ljubu\u0161ki<\/p>\n\n\n\n<figure class=\"wp-block-image size-large\"><img loading=\"lazy\" decoding=\"async\" width=\"768\" height=\"1024\" src=\"https:\/\/radioljubuski.ba\/wp-content\/uploads\/2026\/09\/37015-768x1024-1.jpg\" alt=\"\" class=\"wp-image-231115\" srcset=\"https:\/\/radioljubuski.ba\/wp-content\/uploads\/2026\/09\/37015-768x1024-1.jpg 768w, https:\/\/radioljubuski.ba\/wp-content\/uploads\/2026\/09\/37015-225x300.jpg 225w, https:\/\/radioljubuski.ba\/wp-content\/uploads\/2026\/09\/37015-1152x1536.jpg 1152w, https:\/\/radioljubuski.ba\/wp-content\/uploads\/2026\/09\/37015.jpg 1286w\" sizes=\"auto, (max-width: 768px) 100vw, 768px\" \/><\/figure>\n","protected":false},"excerpt":{"rendered":"<p>OBAVIJEST \u2013 LJUBU\u0160KA BICIKLIJADA 2026 Dragi ljubitelji biciklizma i dobre atmosfere, ove godine smo u organizaciji Ljubu\u0161ke biciklijade odlu\u010dili napraviti malu promjenu! \ud83d\udeb4\u200d\u2640\ufe0f\ud83c\udf3fRuta nas i ove godine vodi kroz prekrasnu prirodu, a ono najva\u017enije \u2013 nije duga ni zahtjevna. Kao i prethodnih godina, polazimo iz grada, s Trga u Ljubu\u0161kom. \ud83c\udf0a NOVITET \u2013 CILJ JE [&hellip;]<\/p>\n","protected":false},"author":2,"featured_media":231113,"comment_status":"closed","ping_status":"closed","sticky":false,"template":"","format":"standard","meta":{"footnotes":""},"categories":[3],"tags":[],"class_list":["post-231114","post","type-post","status-publish","format-standard","has-post-thumbnail","hentry","category-ljubuski"],"yoast_head":"<!-- This site is optimized with the Yoast SEO plugin v28.4 - https:\/\/yoast.com\/product\/yoast-seo-wordpress\/ -->\n<title>Ljubu\u0161ka biciklijada ove nedjelje ! - RADIO LJUBU\u0160KI<\/title>\n<meta name=\"robots\" content=\"index, follow, max-snippet:-1, max-image-preview:large, max-video-preview:-1\" \/>\n<link rel=\"canonical\" href=\"https:\/\/radioljubuski.ba\/index.php\/2026\/09\/05\/ljubuska-biciklijada-ove-nedjelje\/\" \/>\n<meta property=\"og:locale\" content=\"hr_HR\" \/>\n<meta property=\"og:type\" content=\"article\" \/>\n<meta property=\"og:title\" content=\"Ljubu\u0161ka biciklijada ove nedjelje ! - RADIO LJUBU\u0160KI\" \/>\n<meta property=\"og:description\" content=\"OBAVIJEST \u2013 LJUBU\u0160KA BICIKLIJADA 2026 Dragi ljubitelji biciklizma i dobre atmosfere, ove godine smo u organizaciji Ljubu\u0161ke biciklijade odlu\u010dili napraviti malu promjenu! \ud83d\udeb4\u200d\u2640\ufe0f\ud83c\udf3fRuta nas i ove godine vodi kroz prekrasnu prirodu, a ono najva\u017enije \u2013 nije duga ni zahtjevna. Kao i prethodnih godina, polazimo iz grada, s Trga u Ljubu\u0161kom. \ud83c\udf0a NOVITET \u2013 CILJ JE [&hellip;]\" \/>\n<meta property=\"og:url\" content=\"https:\/\/radioljubuski.ba\/index.php\/2026\/09\/05\/ljubuska-biciklijada-ove-nedjelje\/\" \/>\n<meta property=\"og:site_name\" content=\"RADIO LJUBU\u0160KI\" \/>\n<meta property=\"article:publisher\" content=\"https:\/\/www.facebook.com\/Radiio-Ljubuski-1490835324566332\" \/>\n<meta property=\"article:published_time\" content=\"2026-09-05T09:30:42+00:00\" \/>\n<meta property=\"article:modified_time\" content=\"2026-09-05T09:30:43+00:00\" \/>\n<meta property=\"og:image\" content=\"https:\/\/radioljubuski.ba\/wp-content\/uploads\/2026\/09\/FB_IMG_1788600225360.jpg\" \/>\n\t<meta property=\"og:image:width\" content=\"1280\" \/>\n\t<meta property=\"og:image:height\" content=\"720\" \/>\n\t<meta property=\"og:image:type\" content=\"image\/jpeg\" \/>\n<meta name=\"author\" content=\"Radio Ljubu\u0161ki\" \/>\n<meta name=\"twitter:card\" content=\"summary_large_image\" \/>\n<meta name=\"twitter:creator\" content=\"@radioljubuski\" \/>\n<meta name=\"twitter:site\" content=\"@radioljubuski\" \/>\n<meta name=\"twitter:label1\" content=\"Napisao\/la\" \/>\n\t<meta name=\"twitter:data1\" content=\"Radio Ljubu\u0161ki\" \/>\n\t<meta name=\"twitter:label2\" content=\"Procijenjeno vrijeme \u010ditanja\" \/>\n\t<meta name=\"twitter:data2\" content=\"2 minute\" \/>\n<script type=\"application\/ld+json\" class=\"yoast-schema-graph\">{\"@context\":\"https:\\\/\\\/schema.org\",\"@graph\":[{\"@type\":\"Article\",\"@id\":\"https:\\\/\\\/radioljubuski.ba\\\/index.php\\\/2026\\\/09\\\/05\\\/ljubuska-biciklijada-ove-nedjelje\\\/#article\",\"isPartOf\":{\"@id\":\"https:\\\/\\\/radioljubuski.ba\\\/index.php\\\/2026\\\/09\\\/05\\\/ljubuska-biciklijada-ove-nedjelje\\\/\"},\"author\":{\"name\":\"Radio Ljubu\u0161ki\",\"@id\":\"https:\\\/\\\/radioljubuski.ba\\\/#\\\/schema\\\/person\\\/93d6e6a3137cf35dddeb5311d1b312b7\"},\"headline\":\"Ljubu\u0161ka biciklijada ove nedjelje !\",\"datePublished\":\"2026-09-05T09:30:42+00:00\",\"dateModified\":\"2026-09-05T09:30:43+00:00\",\"mainEntityOfPage\":{\"@id\":\"https:\\\/\\\/radioljubuski.ba\\\/index.php\\\/2026\\\/09\\\/05\\\/ljubuska-biciklijada-ove-nedjelje\\\/\"},\"wordCount\":186,\"publisher\":{\"@id\":\"https:\\\/\\\/radioljubuski.ba\\\/#organization\"},\"image\":{\"@id\":\"https:\\\/\\\/radioljubuski.ba\\\/index.php\\\/2026\\\/09\\\/05\\\/ljubuska-biciklijada-ove-nedjelje\\\/#primaryimage\"},\"thumbnailUrl\":\"https:\\\/\\\/radioljubuski.ba\\\/wp-content\\\/uploads\\\/2026\\\/09\\\/FB_IMG_1788600225360.jpg\",\"articleSection\":[\"Ljubu\u0161ki\"],\"inLanguage\":\"hr\"},{\"@type\":\"WebPage\",\"@id\":\"https:\\\/\\\/radioljubuski.ba\\\/index.php\\\/2026\\\/09\\\/05\\\/ljubuska-biciklijada-ove-nedjelje\\\/\",\"url\":\"https:\\\/\\\/radioljubuski.ba\\\/index.php\\\/2026\\\/09\\\/05\\\/ljubuska-biciklijada-ove-nedjelje\\\/\",\"name\":\"Ljubu\u0161ka biciklijada ove nedjelje ! - RADIO LJUBU\u0160KI\",\"isPartOf\":{\"@id\":\"https:\\\/\\\/radioljubuski.ba\\\/#website\"},\"primaryImageOfPage\":{\"@id\":\"https:\\\/\\\/radioljubuski.ba\\\/index.php\\\/2026\\\/09\\\/05\\\/ljubuska-biciklijada-ove-nedjelje\\\/#primaryimage\"},\"image\":{\"@id\":\"https:\\\/\\\/radioljubuski.ba\\\/index.php\\\/2026\\\/09\\\/05\\\/ljubuska-biciklijada-ove-nedjelje\\\/#primaryimage\"},\"thumbnailUrl\":\"https:\\\/\\\/radioljubuski.ba\\\/wp-content\\\/uploads\\\/2026\\\/09\\\/FB_IMG_1788600225360.jpg\",\"datePublished\":\"2026-09-05T09:30:42+00:00\",\"dateModified\":\"2026-09-05T09:30:43+00:00\",\"breadcrumb\":{\"@id\":\"https:\\\/\\\/radioljubuski.ba\\\/index.php\\\/2026\\\/09\\\/05\\\/ljubuska-biciklijada-ove-nedjelje\\\/#breadcrumb\"},\"inLanguage\":\"hr\",\"potentialAction\":[{\"@type\":\"ReadAction\",\"target\":[\"https:\\\/\\\/radioljubuski.ba\\\/index.php\\\/2026\\\/09\\\/05\\\/ljubuska-biciklijada-ove-nedjelje\\\/\"]}]},{\"@type\":\"ImageObject\",\"inLanguage\":\"hr\",\"@id\":\"https:\\\/\\\/radioljubuski.ba\\\/index.php\\\/2026\\\/09\\\/05\\\/ljubuska-biciklijada-ove-nedjelje\\\/#primaryimage\",\"url\":\"https:\\\/\\\/radioljubuski.ba\\\/wp-content\\\/uploads\\\/2026\\\/09\\\/FB_IMG_1788600225360.jpg\",\"contentUrl\":\"https:\\\/\\\/radioljubuski.ba\\\/wp-content\\\/uploads\\\/2026\\\/09\\\/FB_IMG_1788600225360.jpg\",\"width\":1280,\"height\":720},{\"@type\":\"BreadcrumbList\",\"@id\":\"https:\\\/\\\/radioljubuski.ba\\\/index.php\\\/2026\\\/09\\\/05\\\/ljubuska-biciklijada-ove-nedjelje\\\/#breadcrumb\",\"itemListElement\":[{\"@type\":\"ListItem\",\"position\":1,\"name\":\"Po\u010detna stranica\",\"item\":\"https:\\\/\\\/radioljubuski.ba\\\/\"},{\"@type\":\"ListItem\",\"position\":2,\"name\":\"Ljubu\u0161ka biciklijada ove nedjelje !\"}]},{\"@type\":\"WebSite\",\"@id\":\"https:\\\/\\\/radioljubuski.ba\\\/#website\",\"url\":\"https:\\\/\\\/radioljubuski.ba\\\/\",\"name\":\"Radio Ljubu\u0161ki\",\"description\":\"Sun\u010dana frekvencija Hercegovine\",\"publisher\":{\"@id\":\"https:\\\/\\\/radioljubuski.ba\\\/#organization\"},\"potentialAction\":[{\"@type\":\"SearchAction\",\"target\":{\"@type\":\"EntryPoint\",\"urlTemplate\":\"https:\\\/\\\/radioljubuski.ba\\\/?s={search_term_string}\"},\"query-input\":{\"@type\":\"PropertyValueSpecification\",\"valueRequired\":true,\"valueName\":\"search_term_string\"}}],\"inLanguage\":\"hr\"},{\"@type\":\"Organization\",\"@id\":\"https:\\\/\\\/radioljubuski.ba\\\/#organization\",\"name\":\"Radio Ljubu\u0161ki\",\"url\":\"https:\\\/\\\/radioljubuski.ba\\\/\",\"logo\":{\"@type\":\"ImageObject\",\"inLanguage\":\"hr\",\"@id\":\"https:\\\/\\\/radioljubuski.ba\\\/#\\\/schema\\\/logo\\\/image\\\/\",\"url\":\"https:\\\/\\\/radioljubuski.ba\\\/wp-content\\\/uploads\\\/2021\\\/02\\\/cropped-Radio_Ljubuski_logo1.jpg\",\"contentUrl\":\"https:\\\/\\\/radioljubuski.ba\\\/wp-content\\\/uploads\\\/2021\\\/02\\\/cropped-Radio_Ljubuski_logo1.jpg\",\"width\":512,\"height\":512,\"caption\":\"Radio Ljubu\u0161ki\"},\"image\":{\"@id\":\"https:\\\/\\\/radioljubuski.ba\\\/#\\\/schema\\\/logo\\\/image\\\/\"},\"sameAs\":[\"https:\\\/\\\/www.facebook.com\\\/Radiio-Ljubuski-1490835324566332\",\"https:\\\/\\\/x.com\\\/radioljubuski\",\"https:\\\/\\\/hr.linkedin.com\\\/company\\\/radio-ljubuski\",\"https:\\\/\\\/www.youtube.com\\\/channel\\\/UCHYaeO_n0Db3tjNGudGpXyw\"]},{\"@type\":\"Person\",\"@id\":\"https:\\\/\\\/radioljubuski.ba\\\/#\\\/schema\\\/person\\\/93d6e6a3137cf35dddeb5311d1b312b7\",\"name\":\"Radio Ljubu\u0161ki\"}]}<\/script>\n<!-- \/ Yoast SEO plugin. -->","yoast_head_json":{"title":"Ljubu\u0161ka biciklijada ove nedjelje ! - RADIO LJUBU\u0160KI","robots":{"index":"index","follow":"follow","max-snippet":"max-snippet:-1","max-image-preview":"max-image-preview:large","max-video-preview":"max-video-preview:-1"},"canonical":"https:\/\/radioljubuski.ba\/index.php\/2026\/09\/05\/ljubuska-biciklijada-ove-nedjelje\/","og_locale":"hr_HR","og_type":"article","og_title":"Ljubu\u0161ka biciklijada ove nedjelje ! - RADIO LJUBU\u0160KI","og_description":"OBAVIJEST \u2013 LJUBU\u0160KA BICIKLIJADA 2026 Dragi ljubitelji biciklizma i dobre atmosfere, ove godine smo u organizaciji Ljubu\u0161ke biciklijade odlu\u010dili napraviti malu promjenu! \ud83d\udeb4\u200d\u2640\ufe0f\ud83c\udf3fRuta nas i ove godine vodi kroz prekrasnu prirodu, a ono najva\u017enije \u2013 nije duga ni zahtjevna. Kao i prethodnih godina, polazimo iz grada, s Trga u Ljubu\u0161kom. \ud83c\udf0a NOVITET \u2013 CILJ JE [&hellip;]","og_url":"https:\/\/radioljubuski.ba\/index.php\/2026\/09\/05\/ljubuska-biciklijada-ove-nedjelje\/","og_site_name":"RADIO LJUBU\u0160KI","article_publisher":"https:\/\/www.facebook.com\/Radiio-Ljubuski-1490835324566332","article_published_time":"2026-09-05T09:30:42+00:00","article_modified_time":"2026-09-05T09:30:43+00:00","og_image":[{"width":1280,"height":720,"url":"https:\/\/radioljubuski.ba\/wp-content\/uploads\/2026\/09\/FB_IMG_1788600225360.jpg","type":"image\/jpeg"}],"author":"Radio Ljubu\u0161ki","twitter_card":"summary_large_image","twitter_creator":"@radioljubuski","twitter_site":"@radioljubuski","twitter_misc":{"Napisao\/la":"Radio Ljubu\u0161ki","Procijenjeno vrijeme \u010ditanja":"2 minute"},"schema":{"@context":"https:\/\/schema.org","@graph":[{"@type":"Article","@id":"https:\/\/radioljubuski.ba\/index.php\/2026\/09\/05\/ljubuska-biciklijada-ove-nedjelje\/#article","isPartOf":{"@id":"https:\/\/radioljubuski.ba\/index.php\/2026\/09\/05\/ljubuska-biciklijada-ove-nedjelje\/"},"author":{"name":"Radio Ljubu\u0161ki","@id":"https:\/\/radioljubuski.ba\/#\/schema\/person\/93d6e6a3137cf35dddeb5311d1b312b7"},"headline":"Ljubu\u0161ka biciklijada ove nedjelje !","datePublished":"2026-09-05T09:30:42+00:00","dateModified":"2026-09-05T09:30:43+00:00","mainEntityOfPage":{"@id":"https:\/\/radioljubuski.ba\/index.php\/2026\/09\/05\/ljubuska-biciklijada-ove-nedjelje\/"},"wordCount":186,"publisher":{"@id":"https:\/\/radioljubuski.ba\/#organization"},"image":{"@id":"https:\/\/radioljubuski.ba\/index.php\/2026\/09\/05\/ljubuska-biciklijada-ove-nedjelje\/#primaryimage"},"thumbnailUrl":"https:\/\/radioljubuski.ba\/wp-content\/uploads\/2026\/09\/FB_IMG_1788600225360.jpg","articleSection":["Ljubu\u0161ki"],"inLanguage":"hr"},{"@type":"WebPage","@id":"https:\/\/radioljubuski.ba\/index.php\/2026\/09\/05\/ljubuska-biciklijada-ove-nedjelje\/","url":"https:\/\/radioljubuski.ba\/index.php\/2026\/09\/05\/ljubuska-biciklijada-ove-nedjelje\/","name":"Ljubu\u0161ka biciklijada ove nedjelje ! - RADIO LJUBU\u0160KI","isPartOf":{"@id":"https:\/\/radioljubuski.ba\/#website"},"primaryImageOfPage":{"@id":"https:\/\/radioljubuski.ba\/index.php\/2026\/09\/05\/ljubuska-biciklijada-ove-nedjelje\/#primaryimage"},"image":{"@id":"https:\/\/radioljubuski.ba\/index.php\/2026\/09\/05\/ljubuska-biciklijada-ove-nedjelje\/#primaryimage"},"thumbnailUrl":"https:\/\/radioljubuski.ba\/wp-content\/uploads\/2026\/09\/FB_IMG_1788600225360.jpg","datePublished":"2026-09-05T09:30:42+00:00","dateModified":"2026-09-05T09:30:43+00:00","breadcrumb":{"@id":"https:\/\/radioljubuski.ba\/index.php\/2026\/09\/05\/ljubuska-biciklijada-ove-nedjelje\/#breadcrumb"},"inLanguage":"hr","potentialAction":[{"@type":"ReadAction","target":["https:\/\/radioljubuski.ba\/index.php\/2026\/09\/05\/ljubuska-biciklijada-ove-nedjelje\/"]}]},{"@type":"ImageObject","inLanguage":"hr","@id":"https:\/\/radioljubuski.ba\/index.php\/2026\/09\/05\/ljubuska-biciklijada-ove-nedjelje\/#primaryimage","url":"https:\/\/radioljubuski.ba\/wp-content\/uploads\/2026\/09\/FB_IMG_1788600225360.jpg","contentUrl":"https:\/\/radioljubuski.ba\/wp-content\/uploads\/2026\/09\/FB_IMG_1788600225360.jpg","width":1280,"height":720},{"@type":"BreadcrumbList","@id":"https:\/\/radioljubuski.ba\/index.php\/2026\/09\/05\/ljubuska-biciklijada-ove-nedjelje\/#breadcrumb","itemListElement":[{"@type":"ListItem","position":1,"name":"Po\u010detna stranica","item":"https:\/\/radioljubuski.ba\/"},{"@type":"ListItem","position":2,"name":"Ljubu\u0161ka biciklijada ove nedjelje !"}]},{"@type":"WebSite","@id":"https:\/\/radioljubuski.ba\/#website","url":"https:\/\/radioljubuski.ba\/","name":"Radio Ljubu\u0161ki","description":"Sun\u010dana frekvencija Hercegovine","publisher":{"@id":"https:\/\/radioljubuski.ba\/#organization"},"potentialAction":[{"@type":"SearchAction","target":{"@type":"EntryPoint","urlTemplate":"https:\/\/radioljubuski.ba\/?s={search_term_string}"},"query-input":{"@type":"PropertyValueSpecification","valueRequired":true,"valueName":"search_term_string"}}],"inLanguage":"hr"},{"@type":"Organization","@id":"https:\/\/radioljubuski.ba\/#organization","name":"Radio Ljubu\u0161ki","url":"https:\/\/radioljubuski.ba\/","logo":{"@type":"ImageObject","inLanguage":"hr","@id":"https:\/\/radioljubuski.ba\/#\/schema\/logo\/image\/","url":"https:\/\/radioljubuski.ba\/wp-content\/uploads\/2021\/02\/cropped-Radio_Ljubuski_logo1.jpg","contentUrl":"https:\/\/radioljubuski.ba\/wp-content\/uploads\/2021\/02\/cropped-Radio_Ljubuski_logo1.jpg","width":512,"height":512,"caption":"Radio Ljubu\u0161ki"},"image":{"@id":"https:\/\/radioljubuski.ba\/#\/schema\/logo\/image\/"},"sameAs":["https:\/\/www.facebook.com\/Radiio-Ljubuski-1490835324566332","https:\/\/x.com\/radioljubuski","https:\/\/hr.linkedin.com\/company\/radio-ljubuski","https:\/\/www.youtube.com\/channel\/UCHYaeO_n0Db3tjNGudGpXyw"]},{"@type":"Person","@id":"https:\/\/radioljubuski.ba\/#\/schema\/person\/93d6e6a3137cf35dddeb5311d1b312b7","name":"Radio Ljubu\u0161ki"}]}},"_links":{"self":[{"href":"https:\/\/radioljubuski.ba\/index.php\/wp-json\/wp\/v2\/posts\/231114","targetHints":{"allow":["GET"]}}],"collection":[{"href":"https:\/\/radioljubuski.ba\/index.php\/wp-json\/wp\/v2\/posts"}],"about":[{"href":"https:\/\/radioljubuski.ba\/index.php\/wp-json\/wp\/v2\/types\/post"}],"author":[{"embeddable":true,"href":"https:\/\/radioljubuski.ba\/index.php\/wp-json\/wp\/v2\/users\/2"}],"replies":[{"embeddable":true,"href":"https:\/\/radioljubuski.ba\/index.php\/wp-json\/wp\/v2\/comments?post=231114"}],"version-history":[{"count":1,"href":"https:\/\/radioljubuski.ba\/index.php\/wp-json\/wp\/v2\/posts\/231114\/revisions"}],"predecessor-version":[{"id":231116,"href":"https:\/\/radioljubuski.ba\/index.php\/wp-json\/wp\/v2\/posts\/231114\/revisions\/231116"}],"wp:attachment":[{"href":"https:\/\/radioljubuski.ba\/index.php\/wp-json\/wp\/v2\/media?parent=231114"}],"wp:term":[{"taxonomy":"category","embeddable":true,"href":"https:\/\/radioljubuski.ba\/index.php\/wp-json\/wp\/v2\/categories?post=231114"},{"taxonomy":"post_tag","embeddable":true,"href":"https:\/\/radioljubuski.ba\/index.php\/wp-json\/wp\/v2\/tags?post=231114"}],"curies":[{"name":"wp","href":"https:\/\/api.w.org\/{rel}","templated":true}]}}