{"id":231137,"date":"2026-09-06T15:39:24","date_gmt":"2026-09-06T14:39:24","guid":{"rendered":"https:\/\/radioljubuski.ba\/?p=231137"},"modified":"2026-09-06T16:54:58","modified_gmt":"2026-09-06T15:54:58","slug":"ljubuski-pozar-otvorenog-prostora-uz-cestu-kocusa-veljaci","status":"publish","type":"post","link":"https:\/\/radioljubuski.ba\/index.php\/2026\/09\/06\/ljubuski-pozar-otvorenog-prostora-uz-cestu-kocusa-veljaci\/","title":{"rendered":"Ljubu\u0161ki: Po\u017ear otvorenog prostora uz cestu Ko\u0107u\u0161a-Veljaci"},"content":{"rendered":"\n<p class=\"wp-block-paragraph\"><\/p>\n\n\n\n<p class=\"wp-block-paragraph\">Ne\u0161to iza 15 sati izbio je po\u017ear otvorenog prostora na podru\u010dju Grada Ljubu\u0161kog, uz cestovni pravac Ko\u0107u\u0161a\u2013Vojni\u0107i.<\/p>\n\n\n\n<p class=\"wp-block-paragraph\"> Gori \u0161uma, trava i nisko raslinje, a po\u017ear je zahvatio ve\u0107e podru\u010dje nepristupa\u010dnog terena.<\/p>\n\n\n\n<p class=\"wp-block-paragraph\">U ga\u0161enju po\u017eara sudjeluju pripadnici Profesionalne vatrogasne postrojbe Ljubu\u0161ki i Dobrovoljnog vatrogasnog dru\u0161tva Trebi\u017eat.<\/p>\n\n\n\n<figure class=\"wp-block-image size-full\"><img loading=\"lazy\" decoding=\"async\" width=\"924\" height=\"1002\" src=\"https:\/\/radioljubuski.ba\/wp-content\/uploads\/2026\/09\/37448.jpg\" alt=\"\" class=\"wp-image-231139\" srcset=\"https:\/\/radioljubuski.ba\/wp-content\/uploads\/2026\/09\/37448.jpg 924w, https:\/\/radioljubuski.ba\/wp-content\/uploads\/2026\/09\/37448-277x300.jpg 277w, https:\/\/radioljubuski.ba\/wp-content\/uploads\/2026\/09\/37448-767x832.jpg 767w\" sizes=\"auto, (max-width: 924px) 100vw, 924px\" \/><\/figure>\n\n\n\n<p class=\"wp-block-paragraph\">Zbog razmjera po\u017eara i nepristupa\u010dnosti terena zatra\u017eena je pomo\u0107 iz zraka. Prema podru\u010dju Ljubu\u0161kog trebao bi sti\u0107i Air Tractor, koji bi se u akciju ga\u0161enja trebao uklju\u010diti u narednih 15-ak minuta.<\/p>\n\n\n\n<p class=\"wp-block-paragraph\">Pomo\u0107 ljubu\u0161kim vatrogascima upu\u0107ena je i iz susjednih podru\u010dja.<\/p>\n\n\n\n<p class=\"wp-block-paragraph\"> Prema Ljubu\u0161kom su krenuli pripadnici DVD-a Jare, DVD-a Gorica i DVD-a Ko\u010derin kako bi pomogli kolegama u borbi s vatrenom stihijom. <\/p>\n\n\n\n<p class=\"wp-block-paragraph\">&#8220;Situacija se prati, a vatrogasne ekipe nastavljaju s aktivnostima na ga\u0161enju po\u017eara.&#8221; <\/p>\n\n\n\n<p class=\"wp-block-paragraph\">Ljubu\u0161ki 06. rujna u 16.30 sati.<\/p>\n\n\n\n<p class=\"wp-block-paragraph\">Foto\/Uprava civilne za\u0161tite \u017dupanije Zapadnohercegova\u010dke<\/p>\n\n\n\n<p class=\"wp-block-paragraph\">Radio Ljubu\u0161ki<\/p>\n","protected":false},"excerpt":{"rendered":"<p>Ne\u0161to iza 15 sati izbio je po\u017ear otvorenog prostora na podru\u010dju Grada Ljubu\u0161kog, uz cestovni pravac Ko\u0107u\u0161a\u2013Vojni\u0107i. Gori \u0161uma, trava i nisko raslinje, a po\u017ear je zahvatio ve\u0107e podru\u010dje nepristupa\u010dnog terena. U ga\u0161enju po\u017eara sudjeluju pripadnici Profesionalne vatrogasne postrojbe Ljubu\u0161ki i Dobrovoljnog vatrogasnog dru\u0161tva Trebi\u017eat. Zbog razmjera po\u017eara i nepristupa\u010dnosti terena zatra\u017eena je pomo\u0107 iz [&hellip;]<\/p>\n","protected":false},"author":2,"featured_media":231138,"comment_status":"closed","ping_status":"closed","sticky":false,"template":"","format":"standard","meta":{"footnotes":""},"categories":[28],"tags":[],"class_list":["post-231137","post","type-post","status-publish","format-standard","has-post-thumbnail","hentry","category-novosti"],"yoast_head":"<!-- This site is optimized with the Yoast SEO plugin v28.4 - https:\/\/yoast.com\/product\/yoast-seo-wordpress\/ -->\n<title>Ljubu\u0161ki: Po\u017ear otvorenog prostora uz cestu Ko\u0107u\u0161a-Veljaci - RADIO LJUBU\u0160KI<\/title>\n<meta name=\"robots\" content=\"index, follow, max-snippet:-1, max-image-preview:large, max-video-preview:-1\" \/>\n<link rel=\"canonical\" href=\"https:\/\/radioljubuski.ba\/index.php\/2026\/09\/06\/ljubuski-pozar-otvorenog-prostora-uz-cestu-kocusa-veljaci\/\" \/>\n<meta property=\"og:locale\" content=\"hr_HR\" \/>\n<meta property=\"og:type\" content=\"article\" \/>\n<meta property=\"og:title\" content=\"Ljubu\u0161ki: Po\u017ear otvorenog prostora uz cestu Ko\u0107u\u0161a-Veljaci - RADIO LJUBU\u0160KI\" \/>\n<meta property=\"og:description\" content=\"Ne\u0161to iza 15 sati izbio je po\u017ear otvorenog prostora na podru\u010dju Grada Ljubu\u0161kog, uz cestovni pravac Ko\u0107u\u0161a\u2013Vojni\u0107i. Gori \u0161uma, trava i nisko raslinje, a po\u017ear je zahvatio ve\u0107e podru\u010dje nepristupa\u010dnog terena. U ga\u0161enju po\u017eara sudjeluju pripadnici Profesionalne vatrogasne postrojbe Ljubu\u0161ki i Dobrovoljnog vatrogasnog dru\u0161tva Trebi\u017eat. Zbog razmjera po\u017eara i nepristupa\u010dnosti terena zatra\u017eena je pomo\u0107 iz [&hellip;]\" \/>\n<meta property=\"og:url\" content=\"https:\/\/radioljubuski.ba\/index.php\/2026\/09\/06\/ljubuski-pozar-otvorenog-prostora-uz-cestu-kocusa-veljaci\/\" \/>\n<meta property=\"og:site_name\" content=\"RADIO LJUBU\u0160KI\" \/>\n<meta property=\"article:publisher\" content=\"https:\/\/www.facebook.com\/Radiio-Ljubuski-1490835324566332\" \/>\n<meta property=\"article:published_time\" content=\"2026-09-06T14:39:24+00:00\" \/>\n<meta property=\"article:modified_time\" content=\"2026-09-06T15:54:58+00:00\" \/>\n<meta property=\"og:image\" content=\"https:\/\/radioljubuski.ba\/wp-content\/uploads\/2026\/09\/IMG_20260906_163428.jpg\" \/>\n\t<meta property=\"og:image:width\" content=\"924\" \/>\n\t<meta property=\"og:image:height\" content=\"840\" \/>\n\t<meta property=\"og:image:type\" content=\"image\/jpeg\" \/>\n<meta name=\"author\" content=\"Radio Ljubu\u0161ki\" \/>\n<meta name=\"twitter:card\" content=\"summary_large_image\" \/>\n<meta name=\"twitter:creator\" content=\"@radioljubuski\" \/>\n<meta name=\"twitter:site\" content=\"@radioljubuski\" \/>\n<meta name=\"twitter:label1\" content=\"Napisao\/la\" \/>\n\t<meta name=\"twitter:data1\" content=\"Radio Ljubu\u0161ki\" \/>\n\t<meta name=\"twitter:label2\" content=\"Procijenjeno vrijeme \u010ditanja\" \/>\n\t<meta name=\"twitter:data2\" content=\"2 minute\" \/>\n<script type=\"application\/ld+json\" class=\"yoast-schema-graph\">{\"@context\":\"https:\\\/\\\/schema.org\",\"@graph\":[{\"@type\":\"Article\",\"@id\":\"https:\\\/\\\/radioljubuski.ba\\\/index.php\\\/2026\\\/09\\\/06\\\/ljubuski-pozar-otvorenog-prostora-uz-cestu-kocusa-veljaci\\\/#article\",\"isPartOf\":{\"@id\":\"https:\\\/\\\/radioljubuski.ba\\\/index.php\\\/2026\\\/09\\\/06\\\/ljubuski-pozar-otvorenog-prostora-uz-cestu-kocusa-veljaci\\\/\"},\"author\":{\"name\":\"Radio Ljubu\u0161ki\",\"@id\":\"https:\\\/\\\/radioljubuski.ba\\\/#\\\/schema\\\/person\\\/93d6e6a3137cf35dddeb5311d1b312b7\"},\"headline\":\"Ljubu\u0161ki: Po\u017ear otvorenog prostora uz cestu Ko\u0107u\u0161a-Veljaci\",\"datePublished\":\"2026-09-06T14:39:24+00:00\",\"dateModified\":\"2026-09-06T15:54:58+00:00\",\"mainEntityOfPage\":{\"@id\":\"https:\\\/\\\/radioljubuski.ba\\\/index.php\\\/2026\\\/09\\\/06\\\/ljubuski-pozar-otvorenog-prostora-uz-cestu-kocusa-veljaci\\\/\"},\"wordCount\":176,\"publisher\":{\"@id\":\"https:\\\/\\\/radioljubuski.ba\\\/#organization\"},\"image\":{\"@id\":\"https:\\\/\\\/radioljubuski.ba\\\/index.php\\\/2026\\\/09\\\/06\\\/ljubuski-pozar-otvorenog-prostora-uz-cestu-kocusa-veljaci\\\/#primaryimage\"},\"thumbnailUrl\":\"https:\\\/\\\/radioljubuski.ba\\\/wp-content\\\/uploads\\\/2026\\\/09\\\/IMG_20260906_163428.jpg\",\"articleSection\":[\"Novosti\"],\"inLanguage\":\"hr\"},{\"@type\":\"WebPage\",\"@id\":\"https:\\\/\\\/radioljubuski.ba\\\/index.php\\\/2026\\\/09\\\/06\\\/ljubuski-pozar-otvorenog-prostora-uz-cestu-kocusa-veljaci\\\/\",\"url\":\"https:\\\/\\\/radioljubuski.ba\\\/index.php\\\/2026\\\/09\\\/06\\\/ljubuski-pozar-otvorenog-prostora-uz-cestu-kocusa-veljaci\\\/\",\"name\":\"Ljubu\u0161ki: Po\u017ear otvorenog prostora uz cestu Ko\u0107u\u0161a-Veljaci - RADIO LJUBU\u0160KI\",\"isPartOf\":{\"@id\":\"https:\\\/\\\/radioljubuski.ba\\\/#website\"},\"primaryImageOfPage\":{\"@id\":\"https:\\\/\\\/radioljubuski.ba\\\/index.php\\\/2026\\\/09\\\/06\\\/ljubuski-pozar-otvorenog-prostora-uz-cestu-kocusa-veljaci\\\/#primaryimage\"},\"image\":{\"@id\":\"https:\\\/\\\/radioljubuski.ba\\\/index.php\\\/2026\\\/09\\\/06\\\/ljubuski-pozar-otvorenog-prostora-uz-cestu-kocusa-veljaci\\\/#primaryimage\"},\"thumbnailUrl\":\"https:\\\/\\\/radioljubuski.ba\\\/wp-content\\\/uploads\\\/2026\\\/09\\\/IMG_20260906_163428.jpg\",\"datePublished\":\"2026-09-06T14:39:24+00:00\",\"dateModified\":\"2026-09-06T15:54:58+00:00\",\"breadcrumb\":{\"@id\":\"https:\\\/\\\/radioljubuski.ba\\\/index.php\\\/2026\\\/09\\\/06\\\/ljubuski-pozar-otvorenog-prostora-uz-cestu-kocusa-veljaci\\\/#breadcrumb\"},\"inLanguage\":\"hr\",\"potentialAction\":[{\"@type\":\"ReadAction\",\"target\":[\"https:\\\/\\\/radioljubuski.ba\\\/index.php\\\/2026\\\/09\\\/06\\\/ljubuski-pozar-otvorenog-prostora-uz-cestu-kocusa-veljaci\\\/\"]}]},{\"@type\":\"ImageObject\",\"inLanguage\":\"hr\",\"@id\":\"https:\\\/\\\/radioljubuski.ba\\\/index.php\\\/2026\\\/09\\\/06\\\/ljubuski-pozar-otvorenog-prostora-uz-cestu-kocusa-veljaci\\\/#primaryimage\",\"url\":\"https:\\\/\\\/radioljubuski.ba\\\/wp-content\\\/uploads\\\/2026\\\/09\\\/IMG_20260906_163428.jpg\",\"contentUrl\":\"https:\\\/\\\/radioljubuski.ba\\\/wp-content\\\/uploads\\\/2026\\\/09\\\/IMG_20260906_163428.jpg\",\"width\":924,\"height\":840},{\"@type\":\"BreadcrumbList\",\"@id\":\"https:\\\/\\\/radioljubuski.ba\\\/index.php\\\/2026\\\/09\\\/06\\\/ljubuski-pozar-otvorenog-prostora-uz-cestu-kocusa-veljaci\\\/#breadcrumb\",\"itemListElement\":[{\"@type\":\"ListItem\",\"position\":1,\"name\":\"Po\u010detna stranica\",\"item\":\"https:\\\/\\\/radioljubuski.ba\\\/\"},{\"@type\":\"ListItem\",\"position\":2,\"name\":\"Ljubu\u0161ki: Po\u017ear otvorenog prostora uz cestu Ko\u0107u\u0161a-Veljaci\"}]},{\"@type\":\"WebSite\",\"@id\":\"https:\\\/\\\/radioljubuski.ba\\\/#website\",\"url\":\"https:\\\/\\\/radioljubuski.ba\\\/\",\"name\":\"Radio Ljubu\u0161ki\",\"description\":\"Sun\u010dana frekvencija Hercegovine\",\"publisher\":{\"@id\":\"https:\\\/\\\/radioljubuski.ba\\\/#organization\"},\"potentialAction\":[{\"@type\":\"SearchAction\",\"target\":{\"@type\":\"EntryPoint\",\"urlTemplate\":\"https:\\\/\\\/radioljubuski.ba\\\/?s={search_term_string}\"},\"query-input\":{\"@type\":\"PropertyValueSpecification\",\"valueRequired\":true,\"valueName\":\"search_term_string\"}}],\"inLanguage\":\"hr\"},{\"@type\":\"Organization\",\"@id\":\"https:\\\/\\\/radioljubuski.ba\\\/#organization\",\"name\":\"Radio Ljubu\u0161ki\",\"url\":\"https:\\\/\\\/radioljubuski.ba\\\/\",\"logo\":{\"@type\":\"ImageObject\",\"inLanguage\":\"hr\",\"@id\":\"https:\\\/\\\/radioljubuski.ba\\\/#\\\/schema\\\/logo\\\/image\\\/\",\"url\":\"https:\\\/\\\/radioljubuski.ba\\\/wp-content\\\/uploads\\\/2021\\\/02\\\/cropped-Radio_Ljubuski_logo1.jpg\",\"contentUrl\":\"https:\\\/\\\/radioljubuski.ba\\\/wp-content\\\/uploads\\\/2021\\\/02\\\/cropped-Radio_Ljubuski_logo1.jpg\",\"width\":512,\"height\":512,\"caption\":\"Radio Ljubu\u0161ki\"},\"image\":{\"@id\":\"https:\\\/\\\/radioljubuski.ba\\\/#\\\/schema\\\/logo\\\/image\\\/\"},\"sameAs\":[\"https:\\\/\\\/www.facebook.com\\\/Radiio-Ljubuski-1490835324566332\",\"https:\\\/\\\/x.com\\\/radioljubuski\",\"https:\\\/\\\/hr.linkedin.com\\\/company\\\/radio-ljubuski\",\"https:\\\/\\\/www.youtube.com\\\/channel\\\/UCHYaeO_n0Db3tjNGudGpXyw\"]},{\"@type\":\"Person\",\"@id\":\"https:\\\/\\\/radioljubuski.ba\\\/#\\\/schema\\\/person\\\/93d6e6a3137cf35dddeb5311d1b312b7\",\"name\":\"Radio Ljubu\u0161ki\"}]}<\/script>\n<!-- \/ Yoast SEO plugin. -->","yoast_head_json":{"title":"Ljubu\u0161ki: Po\u017ear otvorenog prostora uz cestu Ko\u0107u\u0161a-Veljaci - RADIO LJUBU\u0160KI","robots":{"index":"index","follow":"follow","max-snippet":"max-snippet:-1","max-image-preview":"max-image-preview:large","max-video-preview":"max-video-preview:-1"},"canonical":"https:\/\/radioljubuski.ba\/index.php\/2026\/09\/06\/ljubuski-pozar-otvorenog-prostora-uz-cestu-kocusa-veljaci\/","og_locale":"hr_HR","og_type":"article","og_title":"Ljubu\u0161ki: Po\u017ear otvorenog prostora uz cestu Ko\u0107u\u0161a-Veljaci - RADIO LJUBU\u0160KI","og_description":"Ne\u0161to iza 15 sati izbio je po\u017ear otvorenog prostora na podru\u010dju Grada Ljubu\u0161kog, uz cestovni pravac Ko\u0107u\u0161a\u2013Vojni\u0107i. Gori \u0161uma, trava i nisko raslinje, a po\u017ear je zahvatio ve\u0107e podru\u010dje nepristupa\u010dnog terena. U ga\u0161enju po\u017eara sudjeluju pripadnici Profesionalne vatrogasne postrojbe Ljubu\u0161ki i Dobrovoljnog vatrogasnog dru\u0161tva Trebi\u017eat. Zbog razmjera po\u017eara i nepristupa\u010dnosti terena zatra\u017eena je pomo\u0107 iz [&hellip;]","og_url":"https:\/\/radioljubuski.ba\/index.php\/2026\/09\/06\/ljubuski-pozar-otvorenog-prostora-uz-cestu-kocusa-veljaci\/","og_site_name":"RADIO LJUBU\u0160KI","article_publisher":"https:\/\/www.facebook.com\/Radiio-Ljubuski-1490835324566332","article_published_time":"2026-09-06T14:39:24+00:00","article_modified_time":"2026-09-06T15:54:58+00:00","og_image":[{"width":924,"height":840,"url":"https:\/\/radioljubuski.ba\/wp-content\/uploads\/2026\/09\/IMG_20260906_163428.jpg","type":"image\/jpeg"}],"author":"Radio Ljubu\u0161ki","twitter_card":"summary_large_image","twitter_creator":"@radioljubuski","twitter_site":"@radioljubuski","twitter_misc":{"Napisao\/la":"Radio Ljubu\u0161ki","Procijenjeno vrijeme \u010ditanja":"2 minute"},"schema":{"@context":"https:\/\/schema.org","@graph":[{"@type":"Article","@id":"https:\/\/radioljubuski.ba\/index.php\/2026\/09\/06\/ljubuski-pozar-otvorenog-prostora-uz-cestu-kocusa-veljaci\/#article","isPartOf":{"@id":"https:\/\/radioljubuski.ba\/index.php\/2026\/09\/06\/ljubuski-pozar-otvorenog-prostora-uz-cestu-kocusa-veljaci\/"},"author":{"name":"Radio Ljubu\u0161ki","@id":"https:\/\/radioljubuski.ba\/#\/schema\/person\/93d6e6a3137cf35dddeb5311d1b312b7"},"headline":"Ljubu\u0161ki: Po\u017ear otvorenog prostora uz cestu Ko\u0107u\u0161a-Veljaci","datePublished":"2026-09-06T14:39:24+00:00","dateModified":"2026-09-06T15:54:58+00:00","mainEntityOfPage":{"@id":"https:\/\/radioljubuski.ba\/index.php\/2026\/09\/06\/ljubuski-pozar-otvorenog-prostora-uz-cestu-kocusa-veljaci\/"},"wordCount":176,"publisher":{"@id":"https:\/\/radioljubuski.ba\/#organization"},"image":{"@id":"https:\/\/radioljubuski.ba\/index.php\/2026\/09\/06\/ljubuski-pozar-otvorenog-prostora-uz-cestu-kocusa-veljaci\/#primaryimage"},"thumbnailUrl":"https:\/\/radioljubuski.ba\/wp-content\/uploads\/2026\/09\/IMG_20260906_163428.jpg","articleSection":["Novosti"],"inLanguage":"hr"},{"@type":"WebPage","@id":"https:\/\/radioljubuski.ba\/index.php\/2026\/09\/06\/ljubuski-pozar-otvorenog-prostora-uz-cestu-kocusa-veljaci\/","url":"https:\/\/radioljubuski.ba\/index.php\/2026\/09\/06\/ljubuski-pozar-otvorenog-prostora-uz-cestu-kocusa-veljaci\/","name":"Ljubu\u0161ki: Po\u017ear otvorenog prostora uz cestu Ko\u0107u\u0161a-Veljaci - RADIO LJUBU\u0160KI","isPartOf":{"@id":"https:\/\/radioljubuski.ba\/#website"},"primaryImageOfPage":{"@id":"https:\/\/radioljubuski.ba\/index.php\/2026\/09\/06\/ljubuski-pozar-otvorenog-prostora-uz-cestu-kocusa-veljaci\/#primaryimage"},"image":{"@id":"https:\/\/radioljubuski.ba\/index.php\/2026\/09\/06\/ljubuski-pozar-otvorenog-prostora-uz-cestu-kocusa-veljaci\/#primaryimage"},"thumbnailUrl":"https:\/\/radioljubuski.ba\/wp-content\/uploads\/2026\/09\/IMG_20260906_163428.jpg","datePublished":"2026-09-06T14:39:24+00:00","dateModified":"2026-09-06T15:54:58+00:00","breadcrumb":{"@id":"https:\/\/radioljubuski.ba\/index.php\/2026\/09\/06\/ljubuski-pozar-otvorenog-prostora-uz-cestu-kocusa-veljaci\/#breadcrumb"},"inLanguage":"hr","potentialAction":[{"@type":"ReadAction","target":["https:\/\/radioljubuski.ba\/index.php\/2026\/09\/06\/ljubuski-pozar-otvorenog-prostora-uz-cestu-kocusa-veljaci\/"]}]},{"@type":"ImageObject","inLanguage":"hr","@id":"https:\/\/radioljubuski.ba\/index.php\/2026\/09\/06\/ljubuski-pozar-otvorenog-prostora-uz-cestu-kocusa-veljaci\/#primaryimage","url":"https:\/\/radioljubuski.ba\/wp-content\/uploads\/2026\/09\/IMG_20260906_163428.jpg","contentUrl":"https:\/\/radioljubuski.ba\/wp-content\/uploads\/2026\/09\/IMG_20260906_163428.jpg","width":924,"height":840},{"@type":"BreadcrumbList","@id":"https:\/\/radioljubuski.ba\/index.php\/2026\/09\/06\/ljubuski-pozar-otvorenog-prostora-uz-cestu-kocusa-veljaci\/#breadcrumb","itemListElement":[{"@type":"ListItem","position":1,"name":"Po\u010detna stranica","item":"https:\/\/radioljubuski.ba\/"},{"@type":"ListItem","position":2,"name":"Ljubu\u0161ki: Po\u017ear otvorenog prostora uz cestu Ko\u0107u\u0161a-Veljaci"}]},{"@type":"WebSite","@id":"https:\/\/radioljubuski.ba\/#website","url":"https:\/\/radioljubuski.ba\/","name":"Radio Ljubu\u0161ki","description":"Sun\u010dana frekvencija Hercegovine","publisher":{"@id":"https:\/\/radioljubuski.ba\/#organization"},"potentialAction":[{"@type":"SearchAction","target":{"@type":"EntryPoint","urlTemplate":"https:\/\/radioljubuski.ba\/?s={search_term_string}"},"query-input":{"@type":"PropertyValueSpecification","valueRequired":true,"valueName":"search_term_string"}}],"inLanguage":"hr"},{"@type":"Organization","@id":"https:\/\/radioljubuski.ba\/#organization","name":"Radio Ljubu\u0161ki","url":"https:\/\/radioljubuski.ba\/","logo":{"@type":"ImageObject","inLanguage":"hr","@id":"https:\/\/radioljubuski.ba\/#\/schema\/logo\/image\/","url":"https:\/\/radioljubuski.ba\/wp-content\/uploads\/2021\/02\/cropped-Radio_Ljubuski_logo1.jpg","contentUrl":"https:\/\/radioljubuski.ba\/wp-content\/uploads\/2021\/02\/cropped-Radio_Ljubuski_logo1.jpg","width":512,"height":512,"caption":"Radio Ljubu\u0161ki"},"image":{"@id":"https:\/\/radioljubuski.ba\/#\/schema\/logo\/image\/"},"sameAs":["https:\/\/www.facebook.com\/Radiio-Ljubuski-1490835324566332","https:\/\/x.com\/radioljubuski","https:\/\/hr.linkedin.com\/company\/radio-ljubuski","https:\/\/www.youtube.com\/channel\/UCHYaeO_n0Db3tjNGudGpXyw"]},{"@type":"Person","@id":"https:\/\/radioljubuski.ba\/#\/schema\/person\/93d6e6a3137cf35dddeb5311d1b312b7","name":"Radio Ljubu\u0161ki"}]}},"_links":{"self":[{"href":"https:\/\/radioljubuski.ba\/index.php\/wp-json\/wp\/v2\/posts\/231137","targetHints":{"allow":["GET"]}}],"collection":[{"href":"https:\/\/radioljubuski.ba\/index.php\/wp-json\/wp\/v2\/posts"}],"about":[{"href":"https:\/\/radioljubuski.ba\/index.php\/wp-json\/wp\/v2\/types\/post"}],"author":[{"embeddable":true,"href":"https:\/\/radioljubuski.ba\/index.php\/wp-json\/wp\/v2\/users\/2"}],"replies":[{"embeddable":true,"href":"https:\/\/radioljubuski.ba\/index.php\/wp-json\/wp\/v2\/comments?post=231137"}],"version-history":[{"count":2,"href":"https:\/\/radioljubuski.ba\/index.php\/wp-json\/wp\/v2\/posts\/231137\/revisions"}],"predecessor-version":[{"id":231142,"href":"https:\/\/radioljubuski.ba\/index.php\/wp-json\/wp\/v2\/posts\/231137\/revisions\/231142"}],"wp:featuredmedia":[{"embeddable":true,"href":"https:\/\/radioljubuski.ba\/index.php\/wp-json\/wp\/v2\/media\/231138"}],"wp:attachment":[{"href":"https:\/\/radioljubuski.ba\/index.php\/wp-json\/wp\/v2\/media?parent=231137"}],"wp:term":[{"taxonomy":"category","embeddable":true,"href":"https:\/\/radioljubuski.ba\/index.php\/wp-json\/wp\/v2\/categories?post=231137"},{"taxonomy":"post_tag","embeddable":true,"href":"https:\/\/radioljubuski.ba\/index.php\/wp-json\/wp\/v2\/tags?post=231137"}],"curies":[{"name":"wp","href":"https:\/\/api.w.org\/{rel}","templated":true}]}}