{"id":2350,"date":"2021-03-10T00:36:02","date_gmt":"2021-03-09T23:36:02","guid":{"rendered":"https:\/\/radioljubuski.ba\/?p=2350"},"modified":"2021-03-10T00:36:03","modified_gmt":"2021-03-09T23:36:03","slug":"je-li-bisera-turkovic-pokusala-uci-u-njemacku-s-krivotvorenim-pcr-testom","status":"publish","type":"post","link":"https:\/\/radioljubuski.ba\/index.php\/2021\/03\/10\/je-li-bisera-turkovic-pokusala-uci-u-njemacku-s-krivotvorenim-pcr-testom\/","title":{"rendered":"Je li Bisera Turkovi\u0107 poku\u0161ala u\u0107i u Njema\u010dku s krivotvorenim PCR testom?"},"content":{"rendered":"\n<p><strong>Bisera Turkovi\u0107, ministrica vanjskih poslova BiH, poku\u0161ala je navodno u\u0107i u Njema\u010dku s krivotvorenim PCR testom, objavio je na svom blogu novinar Slobodan Vaskovi\u0107.<\/strong><\/p>\n\n\n\n<p>Novinari portala Klix.ba poku\u0161ali su stupiti u kontakt s Turkovi\u0107 ali im se nije javila na mobilni telefon. No, potom se u kratkoj poruci ipak osvrnula na medijske napise.<\/p>\n\n\n\n<p>\u201cZgro\u017eena sam koli\u010dinom medijskih la\u017ei\u201d, napisala je Turkovi\u0107 u odgovoru za spomenuti sarajevski portal.<\/p>\n\n\n\n<p>Ranije su kontaktirali \u0161efa njenog kabineta Denisa Had\u017eovi\u0107a, koji je rekao da nije upoznat s ovim doga\u0111anjima.<\/p>\n\n\n\n<p>\u201cSjedi\u0161te Ministarstva u Sarajevu nije informirano o ovome niti ima ikakvih saznanja. Znamo samo da se njena posjeta odvija prema planu\u201d, rekao je Had\u017eovi\u0107.<\/p>\n\n\n\n<p>Ina\u010de, prema Vaskovi\u0107evim tvrdnjama, cijela pri\u010da po\u010dinje odlaskom Turkovi\u0107 u Albaniju, gdje je provela 6. i 7. o\u017eujka, da bi u Be\u010d stigla 8. o\u017eujka ove godine.<\/p>\n\n\n\n<p>Kako on poja\u0161njava, njen PCR test, kao i njene pratnje, isticao je ju\u010der u 16 sati, a ona je avionski let za Berlin imala u 18.<\/p>\n\n\n\n<p>To zna\u010di da je validnost njenog PCR testa istekla prije ulaska u Njema\u010dku, jer se u tu dr\u017eavu mo\u017ee u\u0107i samo s testom ne starijim od 48 sati.<\/p>\n\n\n\n<p>Tijekom komunikacije Turkovi\u0107 s du\u017enosnicima njema\u010dkih vlasti ukazano joj je na tu \u010dinjenicu i preporu\u010deno joj je da uradi novi test u Be\u010du. Me\u0111utim, Turkovi\u0107 nije imala vremena za to, jer je do leta ostalo samo dva sata.<\/p>\n\n\n\n<p>\u201cTurkovi\u0107 je pozvala Sarajevo i nekom od podre\u0111enih naredila da njema\u010dkim vlastima po\u0161alju PCR test koji je ona \u2018uradila\u2019 8. o\u017eujka u glavnom gradu BiH, iako je u tom trenutku bila u Be\u010du, pa to nije bilo izvodljivo. Taj test, koji je krivotvoren, jer ga Turkovi\u0107 nije mogla uraditi u Sarajevu, po\u0161to je bila u Be\u010du, poslan je u Berlin\u201d, pi\u0161e Vaskovi\u0107.<\/p>\n\n\n\n<p>Njema\u010dke vlasti ministricu su, kako navodi, jasno stavile do znanja da su svjesne da im je iz Sarajeva poslan krivotvoreni PCR test.<\/p>\n\n\n\n<p>Vlasti Njema\u010dke su stoga zatra\u017eile da im se dostavi PCR test koji je Turkovi\u0107 uradila prije odlaska u Albaniju, \u0161to je i u\u010dinjeno i na kraju su je pustili u Njema\u010dku, navodi se u blogu.<\/p>\n\n\n\n<p>Turkovi\u0107 se u Berlinu sastala s Heikom Maasom, ministrom vanjskih poslova Njema\u010dke.<\/p>\n\n\n\n<p>\/HMS\/<\/p>\n","protected":false},"excerpt":{"rendered":"<p>Bisera Turkovi\u0107, ministrica vanjskih poslova BiH, poku\u0161ala je navodno u\u0107i u Njema\u010dku s krivotvorenim PCR testom, objavio je na svom blogu novinar Slobodan Vaskovi\u0107. Novinari portala Klix.ba poku\u0161ali su stupiti u kontakt s Turkovi\u0107 ali im se nije javila na mobilni telefon. No, potom se u kratkoj poruci ipak osvrnula na medijske napise. \u201cZgro\u017eena sam [&hellip;]<\/p>\n","protected":false},"author":2,"featured_media":2351,"comment_status":"closed","ping_status":"closed","sticky":false,"template":"","format":"standard","meta":{"h5ap_radio_sources":[],"footnotes":""},"categories":[1],"tags":[],"class_list":["post-2350","post","type-post","status-publish","format-standard","has-post-thumbnail","hentry","category-bihiregija"],"yoast_head":"<!-- This site is optimized with the Yoast SEO plugin v27.5 - https:\/\/yoast.com\/product\/yoast-seo-wordpress\/ -->\n<title>Je li Bisera Turkovi\u0107 poku\u0161ala u\u0107i u Njema\u010dku s krivotvorenim PCR testom? - RADIO LJUBU\u0160KI<\/title>\n<meta name=\"robots\" content=\"index, follow, max-snippet:-1, max-image-preview:large, max-video-preview:-1\" \/>\n<link rel=\"canonical\" href=\"https:\/\/radioljubuski.ba\/index.php\/2021\/03\/10\/je-li-bisera-turkovic-pokusala-uci-u-njemacku-s-krivotvorenim-pcr-testom\/\" \/>\n<meta property=\"og:locale\" content=\"hr_HR\" \/>\n<meta property=\"og:type\" content=\"article\" \/>\n<meta property=\"og:title\" content=\"Je li Bisera Turkovi\u0107 poku\u0161ala u\u0107i u Njema\u010dku s krivotvorenim PCR testom? - RADIO LJUBU\u0160KI\" \/>\n<meta property=\"og:description\" content=\"Bisera Turkovi\u0107, ministrica vanjskih poslova BiH, poku\u0161ala je navodno u\u0107i u Njema\u010dku s krivotvorenim PCR testom, objavio je na svom blogu novinar Slobodan Vaskovi\u0107. Novinari portala Klix.ba poku\u0161ali su stupiti u kontakt s Turkovi\u0107 ali im se nije javila na mobilni telefon. No, potom se u kratkoj poruci ipak osvrnula na medijske napise. \u201cZgro\u017eena sam [&hellip;]\" \/>\n<meta property=\"og:url\" content=\"https:\/\/radioljubuski.ba\/index.php\/2021\/03\/10\/je-li-bisera-turkovic-pokusala-uci-u-njemacku-s-krivotvorenim-pcr-testom\/\" \/>\n<meta property=\"og:site_name\" content=\"RADIO LJUBU\u0160KI\" \/>\n<meta property=\"article:publisher\" content=\"https:\/\/www.facebook.com\/Radiio-Ljubuski-1490835324566332\" \/>\n<meta property=\"article:published_time\" content=\"2021-03-09T23:36:02+00:00\" \/>\n<meta property=\"article:modified_time\" content=\"2021-03-09T23:36:03+00:00\" \/>\n<meta property=\"og:image\" content=\"https:\/\/radioljubuski.ba\/wp-content\/uploads\/2021\/03\/bisera-turkovic4444.jpg\" \/>\n\t<meta property=\"og:image:width\" content=\"840\" \/>\n\t<meta property=\"og:image:height\" content=\"470\" \/>\n\t<meta property=\"og:image:type\" content=\"image\/jpeg\" \/>\n<meta name=\"author\" content=\"Radio Ljubu\u0161ki\" \/>\n<meta name=\"twitter:card\" content=\"summary_large_image\" \/>\n<meta name=\"twitter:creator\" content=\"@radioljubuski\" \/>\n<meta name=\"twitter:site\" content=\"@radioljubuski\" \/>\n<meta name=\"twitter:label1\" content=\"Napisao\/la\" \/>\n\t<meta name=\"twitter:data1\" content=\"Radio Ljubu\u0161ki\" \/>\n\t<meta name=\"twitter:label2\" content=\"Procijenjeno vrijeme \u010ditanja\" \/>\n\t<meta name=\"twitter:data2\" content=\"2 minute\" \/>\n<script type=\"application\/ld+json\" class=\"yoast-schema-graph\">{\"@context\":\"https:\\\/\\\/schema.org\",\"@graph\":[{\"@type\":\"Article\",\"@id\":\"https:\\\/\\\/radioljubuski.ba\\\/index.php\\\/2021\\\/03\\\/10\\\/je-li-bisera-turkovic-pokusala-uci-u-njemacku-s-krivotvorenim-pcr-testom\\\/#article\",\"isPartOf\":{\"@id\":\"https:\\\/\\\/radioljubuski.ba\\\/index.php\\\/2021\\\/03\\\/10\\\/je-li-bisera-turkovic-pokusala-uci-u-njemacku-s-krivotvorenim-pcr-testom\\\/\"},\"author\":{\"name\":\"Radio Ljubu\u0161ki\",\"@id\":\"https:\\\/\\\/radioljubuski.ba\\\/#\\\/schema\\\/person\\\/19fc700381a780f69665d7956c469e3b\"},\"headline\":\"Je li Bisera Turkovi\u0107 poku\u0161ala u\u0107i u Njema\u010dku s krivotvorenim PCR testom?\",\"datePublished\":\"2021-03-09T23:36:02+00:00\",\"dateModified\":\"2021-03-09T23:36:03+00:00\",\"mainEntityOfPage\":{\"@id\":\"https:\\\/\\\/radioljubuski.ba\\\/index.php\\\/2021\\\/03\\\/10\\\/je-li-bisera-turkovic-pokusala-uci-u-njemacku-s-krivotvorenim-pcr-testom\\\/\"},\"wordCount\":412,\"publisher\":{\"@id\":\"https:\\\/\\\/radioljubuski.ba\\\/#organization\"},\"image\":{\"@id\":\"https:\\\/\\\/radioljubuski.ba\\\/index.php\\\/2021\\\/03\\\/10\\\/je-li-bisera-turkovic-pokusala-uci-u-njemacku-s-krivotvorenim-pcr-testom\\\/#primaryimage\"},\"thumbnailUrl\":\"https:\\\/\\\/radioljubuski.ba\\\/wp-content\\\/uploads\\\/2021\\\/03\\\/bisera-turkovic4444.jpg\",\"articleSection\":[\"BIH i regija\"],\"inLanguage\":\"hr\"},{\"@type\":\"WebPage\",\"@id\":\"https:\\\/\\\/radioljubuski.ba\\\/index.php\\\/2021\\\/03\\\/10\\\/je-li-bisera-turkovic-pokusala-uci-u-njemacku-s-krivotvorenim-pcr-testom\\\/\",\"url\":\"https:\\\/\\\/radioljubuski.ba\\\/index.php\\\/2021\\\/03\\\/10\\\/je-li-bisera-turkovic-pokusala-uci-u-njemacku-s-krivotvorenim-pcr-testom\\\/\",\"name\":\"Je li Bisera Turkovi\u0107 poku\u0161ala u\u0107i u Njema\u010dku s krivotvorenim PCR testom? - RADIO LJUBU\u0160KI\",\"isPartOf\":{\"@id\":\"https:\\\/\\\/radioljubuski.ba\\\/#website\"},\"primaryImageOfPage\":{\"@id\":\"https:\\\/\\\/radioljubuski.ba\\\/index.php\\\/2021\\\/03\\\/10\\\/je-li-bisera-turkovic-pokusala-uci-u-njemacku-s-krivotvorenim-pcr-testom\\\/#primaryimage\"},\"image\":{\"@id\":\"https:\\\/\\\/radioljubuski.ba\\\/index.php\\\/2021\\\/03\\\/10\\\/je-li-bisera-turkovic-pokusala-uci-u-njemacku-s-krivotvorenim-pcr-testom\\\/#primaryimage\"},\"thumbnailUrl\":\"https:\\\/\\\/radioljubuski.ba\\\/wp-content\\\/uploads\\\/2021\\\/03\\\/bisera-turkovic4444.jpg\",\"datePublished\":\"2021-03-09T23:36:02+00:00\",\"dateModified\":\"2021-03-09T23:36:03+00:00\",\"breadcrumb\":{\"@id\":\"https:\\\/\\\/radioljubuski.ba\\\/index.php\\\/2021\\\/03\\\/10\\\/je-li-bisera-turkovic-pokusala-uci-u-njemacku-s-krivotvorenim-pcr-testom\\\/#breadcrumb\"},\"inLanguage\":\"hr\",\"potentialAction\":[{\"@type\":\"ReadAction\",\"target\":[\"https:\\\/\\\/radioljubuski.ba\\\/index.php\\\/2021\\\/03\\\/10\\\/je-li-bisera-turkovic-pokusala-uci-u-njemacku-s-krivotvorenim-pcr-testom\\\/\"]}]},{\"@type\":\"ImageObject\",\"inLanguage\":\"hr\",\"@id\":\"https:\\\/\\\/radioljubuski.ba\\\/index.php\\\/2021\\\/03\\\/10\\\/je-li-bisera-turkovic-pokusala-uci-u-njemacku-s-krivotvorenim-pcr-testom\\\/#primaryimage\",\"url\":\"https:\\\/\\\/radioljubuski.ba\\\/wp-content\\\/uploads\\\/2021\\\/03\\\/bisera-turkovic4444.jpg\",\"contentUrl\":\"https:\\\/\\\/radioljubuski.ba\\\/wp-content\\\/uploads\\\/2021\\\/03\\\/bisera-turkovic4444.jpg\",\"width\":840,\"height\":470},{\"@type\":\"BreadcrumbList\",\"@id\":\"https:\\\/\\\/radioljubuski.ba\\\/index.php\\\/2021\\\/03\\\/10\\\/je-li-bisera-turkovic-pokusala-uci-u-njemacku-s-krivotvorenim-pcr-testom\\\/#breadcrumb\",\"itemListElement\":[{\"@type\":\"ListItem\",\"position\":1,\"name\":\"Po\u010detna stranica\",\"item\":\"https:\\\/\\\/radioljubuski.ba\\\/\"},{\"@type\":\"ListItem\",\"position\":2,\"name\":\"Je li Bisera Turkovi\u0107 poku\u0161ala u\u0107i u Njema\u010dku s krivotvorenim PCR testom?\"}]},{\"@type\":\"WebSite\",\"@id\":\"https:\\\/\\\/radioljubuski.ba\\\/#website\",\"url\":\"https:\\\/\\\/radioljubuski.ba\\\/\",\"name\":\"Radio Ljubu\u0161ki\",\"description\":\"Sun\u010dana frekvencija Hercegovine\",\"publisher\":{\"@id\":\"https:\\\/\\\/radioljubuski.ba\\\/#organization\"},\"potentialAction\":[{\"@type\":\"SearchAction\",\"target\":{\"@type\":\"EntryPoint\",\"urlTemplate\":\"https:\\\/\\\/radioljubuski.ba\\\/?s={search_term_string}\"},\"query-input\":{\"@type\":\"PropertyValueSpecification\",\"valueRequired\":true,\"valueName\":\"search_term_string\"}}],\"inLanguage\":\"hr\"},{\"@type\":\"Organization\",\"@id\":\"https:\\\/\\\/radioljubuski.ba\\\/#organization\",\"name\":\"Radio Ljubu\u0161ki\",\"url\":\"https:\\\/\\\/radioljubuski.ba\\\/\",\"logo\":{\"@type\":\"ImageObject\",\"inLanguage\":\"hr\",\"@id\":\"https:\\\/\\\/radioljubuski.ba\\\/#\\\/schema\\\/logo\\\/image\\\/\",\"url\":\"https:\\\/\\\/radioljubuski.ba\\\/wp-content\\\/uploads\\\/2021\\\/02\\\/cropped-Radio_Ljubuski_logo1.jpg\",\"contentUrl\":\"https:\\\/\\\/radioljubuski.ba\\\/wp-content\\\/uploads\\\/2021\\\/02\\\/cropped-Radio_Ljubuski_logo1.jpg\",\"width\":512,\"height\":512,\"caption\":\"Radio Ljubu\u0161ki\"},\"image\":{\"@id\":\"https:\\\/\\\/radioljubuski.ba\\\/#\\\/schema\\\/logo\\\/image\\\/\"},\"sameAs\":[\"https:\\\/\\\/www.facebook.com\\\/Radiio-Ljubuski-1490835324566332\",\"https:\\\/\\\/x.com\\\/radioljubuski\",\"https:\\\/\\\/hr.linkedin.com\\\/company\\\/radio-ljubuski\",\"https:\\\/\\\/www.youtube.com\\\/channel\\\/UCHYaeO_n0Db3tjNGudGpXyw\"]},{\"@type\":\"Person\",\"@id\":\"https:\\\/\\\/radioljubuski.ba\\\/#\\\/schema\\\/person\\\/19fc700381a780f69665d7956c469e3b\",\"name\":\"Radio Ljubu\u0161ki\"}]}<\/script>\n<!-- \/ Yoast SEO plugin. -->","yoast_head_json":{"title":"Je li Bisera Turkovi\u0107 poku\u0161ala u\u0107i u Njema\u010dku s krivotvorenim PCR testom? - RADIO LJUBU\u0160KI","robots":{"index":"index","follow":"follow","max-snippet":"max-snippet:-1","max-image-preview":"max-image-preview:large","max-video-preview":"max-video-preview:-1"},"canonical":"https:\/\/radioljubuski.ba\/index.php\/2021\/03\/10\/je-li-bisera-turkovic-pokusala-uci-u-njemacku-s-krivotvorenim-pcr-testom\/","og_locale":"hr_HR","og_type":"article","og_title":"Je li Bisera Turkovi\u0107 poku\u0161ala u\u0107i u Njema\u010dku s krivotvorenim PCR testom? - RADIO LJUBU\u0160KI","og_description":"Bisera Turkovi\u0107, ministrica vanjskih poslova BiH, poku\u0161ala je navodno u\u0107i u Njema\u010dku s krivotvorenim PCR testom, objavio je na svom blogu novinar Slobodan Vaskovi\u0107. Novinari portala Klix.ba poku\u0161ali su stupiti u kontakt s Turkovi\u0107 ali im se nije javila na mobilni telefon. No, potom se u kratkoj poruci ipak osvrnula na medijske napise. \u201cZgro\u017eena sam [&hellip;]","og_url":"https:\/\/radioljubuski.ba\/index.php\/2021\/03\/10\/je-li-bisera-turkovic-pokusala-uci-u-njemacku-s-krivotvorenim-pcr-testom\/","og_site_name":"RADIO LJUBU\u0160KI","article_publisher":"https:\/\/www.facebook.com\/Radiio-Ljubuski-1490835324566332","article_published_time":"2021-03-09T23:36:02+00:00","article_modified_time":"2021-03-09T23:36:03+00:00","og_image":[{"width":840,"height":470,"url":"https:\/\/radioljubuski.ba\/wp-content\/uploads\/2021\/03\/bisera-turkovic4444.jpg","type":"image\/jpeg"}],"author":"Radio Ljubu\u0161ki","twitter_card":"summary_large_image","twitter_creator":"@radioljubuski","twitter_site":"@radioljubuski","twitter_misc":{"Napisao\/la":"Radio Ljubu\u0161ki","Procijenjeno vrijeme \u010ditanja":"2 minute"},"schema":{"@context":"https:\/\/schema.org","@graph":[{"@type":"Article","@id":"https:\/\/radioljubuski.ba\/index.php\/2021\/03\/10\/je-li-bisera-turkovic-pokusala-uci-u-njemacku-s-krivotvorenim-pcr-testom\/#article","isPartOf":{"@id":"https:\/\/radioljubuski.ba\/index.php\/2021\/03\/10\/je-li-bisera-turkovic-pokusala-uci-u-njemacku-s-krivotvorenim-pcr-testom\/"},"author":{"name":"Radio Ljubu\u0161ki","@id":"https:\/\/radioljubuski.ba\/#\/schema\/person\/19fc700381a780f69665d7956c469e3b"},"headline":"Je li Bisera Turkovi\u0107 poku\u0161ala u\u0107i u Njema\u010dku s krivotvorenim PCR testom?","datePublished":"2021-03-09T23:36:02+00:00","dateModified":"2021-03-09T23:36:03+00:00","mainEntityOfPage":{"@id":"https:\/\/radioljubuski.ba\/index.php\/2021\/03\/10\/je-li-bisera-turkovic-pokusala-uci-u-njemacku-s-krivotvorenim-pcr-testom\/"},"wordCount":412,"publisher":{"@id":"https:\/\/radioljubuski.ba\/#organization"},"image":{"@id":"https:\/\/radioljubuski.ba\/index.php\/2021\/03\/10\/je-li-bisera-turkovic-pokusala-uci-u-njemacku-s-krivotvorenim-pcr-testom\/#primaryimage"},"thumbnailUrl":"https:\/\/radioljubuski.ba\/wp-content\/uploads\/2021\/03\/bisera-turkovic4444.jpg","articleSection":["BIH i regija"],"inLanguage":"hr"},{"@type":"WebPage","@id":"https:\/\/radioljubuski.ba\/index.php\/2021\/03\/10\/je-li-bisera-turkovic-pokusala-uci-u-njemacku-s-krivotvorenim-pcr-testom\/","url":"https:\/\/radioljubuski.ba\/index.php\/2021\/03\/10\/je-li-bisera-turkovic-pokusala-uci-u-njemacku-s-krivotvorenim-pcr-testom\/","name":"Je li Bisera Turkovi\u0107 poku\u0161ala u\u0107i u Njema\u010dku s krivotvorenim PCR testom? - RADIO LJUBU\u0160KI","isPartOf":{"@id":"https:\/\/radioljubuski.ba\/#website"},"primaryImageOfPage":{"@id":"https:\/\/radioljubuski.ba\/index.php\/2021\/03\/10\/je-li-bisera-turkovic-pokusala-uci-u-njemacku-s-krivotvorenim-pcr-testom\/#primaryimage"},"image":{"@id":"https:\/\/radioljubuski.ba\/index.php\/2021\/03\/10\/je-li-bisera-turkovic-pokusala-uci-u-njemacku-s-krivotvorenim-pcr-testom\/#primaryimage"},"thumbnailUrl":"https:\/\/radioljubuski.ba\/wp-content\/uploads\/2021\/03\/bisera-turkovic4444.jpg","datePublished":"2021-03-09T23:36:02+00:00","dateModified":"2021-03-09T23:36:03+00:00","breadcrumb":{"@id":"https:\/\/radioljubuski.ba\/index.php\/2021\/03\/10\/je-li-bisera-turkovic-pokusala-uci-u-njemacku-s-krivotvorenim-pcr-testom\/#breadcrumb"},"inLanguage":"hr","potentialAction":[{"@type":"ReadAction","target":["https:\/\/radioljubuski.ba\/index.php\/2021\/03\/10\/je-li-bisera-turkovic-pokusala-uci-u-njemacku-s-krivotvorenim-pcr-testom\/"]}]},{"@type":"ImageObject","inLanguage":"hr","@id":"https:\/\/radioljubuski.ba\/index.php\/2021\/03\/10\/je-li-bisera-turkovic-pokusala-uci-u-njemacku-s-krivotvorenim-pcr-testom\/#primaryimage","url":"https:\/\/radioljubuski.ba\/wp-content\/uploads\/2021\/03\/bisera-turkovic4444.jpg","contentUrl":"https:\/\/radioljubuski.ba\/wp-content\/uploads\/2021\/03\/bisera-turkovic4444.jpg","width":840,"height":470},{"@type":"BreadcrumbList","@id":"https:\/\/radioljubuski.ba\/index.php\/2021\/03\/10\/je-li-bisera-turkovic-pokusala-uci-u-njemacku-s-krivotvorenim-pcr-testom\/#breadcrumb","itemListElement":[{"@type":"ListItem","position":1,"name":"Po\u010detna stranica","item":"https:\/\/radioljubuski.ba\/"},{"@type":"ListItem","position":2,"name":"Je li Bisera Turkovi\u0107 poku\u0161ala u\u0107i u Njema\u010dku s krivotvorenim PCR testom?"}]},{"@type":"WebSite","@id":"https:\/\/radioljubuski.ba\/#website","url":"https:\/\/radioljubuski.ba\/","name":"Radio Ljubu\u0161ki","description":"Sun\u010dana frekvencija Hercegovine","publisher":{"@id":"https:\/\/radioljubuski.ba\/#organization"},"potentialAction":[{"@type":"SearchAction","target":{"@type":"EntryPoint","urlTemplate":"https:\/\/radioljubuski.ba\/?s={search_term_string}"},"query-input":{"@type":"PropertyValueSpecification","valueRequired":true,"valueName":"search_term_string"}}],"inLanguage":"hr"},{"@type":"Organization","@id":"https:\/\/radioljubuski.ba\/#organization","name":"Radio Ljubu\u0161ki","url":"https:\/\/radioljubuski.ba\/","logo":{"@type":"ImageObject","inLanguage":"hr","@id":"https:\/\/radioljubuski.ba\/#\/schema\/logo\/image\/","url":"https:\/\/radioljubuski.ba\/wp-content\/uploads\/2021\/02\/cropped-Radio_Ljubuski_logo1.jpg","contentUrl":"https:\/\/radioljubuski.ba\/wp-content\/uploads\/2021\/02\/cropped-Radio_Ljubuski_logo1.jpg","width":512,"height":512,"caption":"Radio Ljubu\u0161ki"},"image":{"@id":"https:\/\/radioljubuski.ba\/#\/schema\/logo\/image\/"},"sameAs":["https:\/\/www.facebook.com\/Radiio-Ljubuski-1490835324566332","https:\/\/x.com\/radioljubuski","https:\/\/hr.linkedin.com\/company\/radio-ljubuski","https:\/\/www.youtube.com\/channel\/UCHYaeO_n0Db3tjNGudGpXyw"]},{"@type":"Person","@id":"https:\/\/radioljubuski.ba\/#\/schema\/person\/19fc700381a780f69665d7956c469e3b","name":"Radio Ljubu\u0161ki"}]}},"_links":{"self":[{"href":"https:\/\/radioljubuski.ba\/index.php\/wp-json\/wp\/v2\/posts\/2350","targetHints":{"allow":["GET"]}}],"collection":[{"href":"https:\/\/radioljubuski.ba\/index.php\/wp-json\/wp\/v2\/posts"}],"about":[{"href":"https:\/\/radioljubuski.ba\/index.php\/wp-json\/wp\/v2\/types\/post"}],"author":[{"embeddable":true,"href":"https:\/\/radioljubuski.ba\/index.php\/wp-json\/wp\/v2\/users\/2"}],"replies":[{"embeddable":true,"href":"https:\/\/radioljubuski.ba\/index.php\/wp-json\/wp\/v2\/comments?post=2350"}],"version-history":[{"count":1,"href":"https:\/\/radioljubuski.ba\/index.php\/wp-json\/wp\/v2\/posts\/2350\/revisions"}],"predecessor-version":[{"id":2352,"href":"https:\/\/radioljubuski.ba\/index.php\/wp-json\/wp\/v2\/posts\/2350\/revisions\/2352"}],"wp:featuredmedia":[{"embeddable":true,"href":"https:\/\/radioljubuski.ba\/index.php\/wp-json\/wp\/v2\/media\/2351"}],"wp:attachment":[{"href":"https:\/\/radioljubuski.ba\/index.php\/wp-json\/wp\/v2\/media?parent=2350"}],"wp:term":[{"taxonomy":"category","embeddable":true,"href":"https:\/\/radioljubuski.ba\/index.php\/wp-json\/wp\/v2\/categories?post=2350"},{"taxonomy":"post_tag","embeddable":true,"href":"https:\/\/radioljubuski.ba\/index.php\/wp-json\/wp\/v2\/tags?post=2350"}],"curies":[{"name":"wp","href":"https:\/\/api.w.org\/{rel}","templated":true}]}}