{"id":23527,"date":"2021-05-20T19:14:57","date_gmt":"2021-05-20T18:14:57","guid":{"rendered":"https:\/\/radioljubuski.ba\/?p=23527"},"modified":"2021-05-20T19:14:58","modified_gmt":"2021-05-20T18:14:58","slug":"skoro-mene-se-nitko-ne-boji-ne-prijetim-ja-zaposlenicima-holdinga","status":"publish","type":"post","link":"https:\/\/radioljubuski.ba\/index.php\/2021\/05\/20\/skoro-mene-se-nitko-ne-boji-ne-prijetim-ja-zaposlenicima-holdinga\/","title":{"rendered":"\u0160koro: Mene se nitko ne boji, ne prijetim ja zaposlenicima Holdinga"},"content":{"rendered":"\n<p><strong>Miroslav \u0160koro<\/strong><strong>, kandidat Domovinskog pokreta za gradona\u010delnika Zagreba, ve\u010deras je u HTV-ovom Dnevniku odbacio kritike na ra\u010dun svoje kampanje iz tabora svog protukandidata&nbsp;Tomislava Toma\u0161evi\u0107a&nbsp;(Mo\u017eemo!) poru\u010div\u0161i kako se radi o zamjeni teza.<\/strong><\/p>\n\n\n\n<p>\u0160koro je, govore\u0107i o drugom krugu lokalnih izbora, poru\u010dio kako \u0107e se 30. svibnja dogoditi &#8220;jedan referendum&#8221;.<br><br>&#8211; Izme\u0111u toga \u017eele li Zagrep\u010dani da ih vodi, ne znam, aktivist ljevice ili da to radi netko tko dolazi iz poduzetni\u010dkih demokr\u0161\u0107anskih voda, rekao je \u0160koro.<\/p>\n\n\n\n<div style=\"width: 640px;\" class=\"wp-video\"><video class=\"wp-video-shortcode\" id=\"video-23527-1\" width=\"640\" height=\"360\" preload=\"metadata\" controls=\"controls\"><source type=\"video\/mp4\" src=\"https:\/\/api.hrt.hr\/media\/c9\/65\/skoro-tvd2-20210520174738.mp4?_=1\" \/><a href=\"https:\/\/api.hrt.hr\/media\/c9\/65\/skoro-tvd2-20210520174738.mp4\">https:\/\/api.hrt.hr\/media\/c9\/65\/skoro-tvd2-20210520174738.mp4<\/a><\/video><\/div>\n\n\n\n<p>Na pitanje o tvrdnjama njegova protukandidata<strong>&nbsp;Tomislava Toma\u0161evi\u0107a<\/strong>&nbsp;(Mo\u017eemo!), koji je u prvom krugu osvojio najvi\u0161e glasova, da se \u0160koro uglavnom bavi napadima na njega te optu\u017ebama za kampanju straha i hu\u0161ka\u010dku retoriku, \u0160koro je odgovorio kako se radi o zamjeni teza te da ne hoda on okolo sa stisnutom \u0161akom.<\/p>\n\n\n\n<p>&#8211; Ovo sigurno nije simbol mira. To radi netko drugi, to rade oni. Mene se nitko ne boji. Ne prijetim ja zaposlenicima Holdinga, Grada Zagreba, da \u0107emo ih otpustiti, da moraju dati mandate na raspolaganje&#8230; To je njihova inverzija teza. Pritom, ako se netko nekoga boji, ja se sla\u017eem &#8211; oni se boje mene u drugom krugu jer sam ja njihova no\u0107na mora, poru\u010dio je \u0160koro.<\/p>\n\n\n\n<p><strong>O bankomatu i Mili Kekinu<\/strong><br><br>\u0160koro je rekao kako ga je jako povrijedilo \u0161to su, kako je rekao, neki dan ni\u010dim izazvani rekli da je Grad Zagreb bankomat HDZ-a i njega.<\/p>\n\n\n\n<p>&#8211; Moj bankomat? Ja kada sam, primjerice, svirao za Grad Zagreb, za Dan hrvatskih zagreba\u010dkih branitelja, ja sam naplatio s 15 glazbenika 67.000 kuna s PDV-om, dok je, recimo, njihov&nbsp;<strong>Mile Kekin<\/strong>&nbsp;godinu dana poslije za njih petoricu uzeo 240.000 kuna, rekao je \u0160koro.<br><br>\u0160koro je rekao da je Toma\u0161evi\u0107 dobio 20 posto glasova ukupnog broja bira\u010da te da je na njemu da animira sve one koji do sada nisu iza\u0161li, a one koji su iza\u0161li da povedu barem jo\u0161 jednoga sa sobom.<\/p>\n\n\n\n<p>&#8211; Ja sam uvijek u svemu \u0161to sam radio u \u017eivotu uspijevao, hvala Bogu, do sada, dodao je.<br><br>\u0160koro je rekao da \u0107e financijsko izvje\u0161\u0107e za kampanju podnijeti kad bude zakonski rok za to. Dodao je da je do sada potro\u0161io 160-170 tisu\u0107a kuna osobno te da je jo\u0161 dio novca potro\u0161en za skup\u0161tinsku listu.<\/p>\n\n\n\n<p><strong>&#8220;Apsolutno nema suradnje s SDP-om&#8221;<\/strong><\/p>\n\n\n\n<p>Odbacio je navode o koaliciji s SDP-om i&nbsp;<strong>Damirom Bajsom<\/strong>&nbsp;u Bjelovarsko-bilogorskoj \u017eupaniji, rekav\u0161i kako je vodstvo Domovinskog pokreta, \u010diji je on predsjednik, jo\u0161 prije prvog kruga poslalo jasnu poruku da nema pregovora do okon\u010danja drugog kruga.<\/p>\n\n\n\n<p>&#8211; Prema tome, to jednostavno stoji i ne dr\u017ei vodu. Svaki od na\u0161ih bira\u010da mo\u017ee birati kako ho\u0107e, ali, podsje\u0107am, mi smo demokr\u0161\u0107anska, konzervativna stranka, poru\u010dio je \u0160koro.<\/p>\n\n\n\n<p>Zna\u010di, nema suradnje s SDP-om?<\/p>\n\n\n\n<p>&#8211; Apsolutno ne, zaklju\u010dio je.<\/p>\n\n\n\n<p>Izvor:hrt.hr<\/p>\n","protected":false},"excerpt":{"rendered":"<p>Miroslav \u0160koro, kandidat Domovinskog pokreta za gradona\u010delnika Zagreba, ve\u010deras je u HTV-ovom Dnevniku odbacio kritike na ra\u010dun svoje kampanje iz tabora svog protukandidata&nbsp;Tomislava Toma\u0161evi\u0107a&nbsp;(Mo\u017eemo!) poru\u010div\u0161i kako se radi o zamjeni teza. \u0160koro je, govore\u0107i o drugom krugu lokalnih izbora, poru\u010dio kako \u0107e se 30. svibnja dogoditi &#8220;jedan referendum&#8221;. &#8211; Izme\u0111u toga \u017eele li Zagrep\u010dani da [&hellip;]<\/p>\n","protected":false},"author":2,"featured_media":23528,"comment_status":"closed","ping_status":"closed","sticky":false,"template":"","format":"standard","meta":{"h5ap_radio_sources":[],"footnotes":""},"categories":[1],"tags":[],"class_list":["post-23527","post","type-post","status-publish","format-standard","has-post-thumbnail","hentry","category-bihiregija"],"yoast_head":"<!-- This site is optimized with the Yoast SEO plugin v27.5 - https:\/\/yoast.com\/product\/yoast-seo-wordpress\/ -->\n<title>\u0160koro: Mene se nitko ne boji, ne prijetim ja zaposlenicima Holdinga - RADIO LJUBU\u0160KI<\/title>\n<meta name=\"robots\" content=\"index, follow, max-snippet:-1, max-image-preview:large, max-video-preview:-1\" \/>\n<link rel=\"canonical\" href=\"https:\/\/radioljubuski.ba\/index.php\/2021\/05\/20\/skoro-mene-se-nitko-ne-boji-ne-prijetim-ja-zaposlenicima-holdinga\/\" \/>\n<meta property=\"og:locale\" content=\"hr_HR\" \/>\n<meta property=\"og:type\" content=\"article\" \/>\n<meta property=\"og:title\" content=\"\u0160koro: Mene se nitko ne boji, ne prijetim ja zaposlenicima Holdinga - RADIO LJUBU\u0160KI\" \/>\n<meta property=\"og:description\" content=\"Miroslav \u0160koro, kandidat Domovinskog pokreta za gradona\u010delnika Zagreba, ve\u010deras je u HTV-ovom Dnevniku odbacio kritike na ra\u010dun svoje kampanje iz tabora svog protukandidata&nbsp;Tomislava Toma\u0161evi\u0107a&nbsp;(Mo\u017eemo!) poru\u010div\u0161i kako se radi o zamjeni teza. \u0160koro je, govore\u0107i o drugom krugu lokalnih izbora, poru\u010dio kako \u0107e se 30. svibnja dogoditi &#8220;jedan referendum&#8221;. &#8211; Izme\u0111u toga \u017eele li Zagrep\u010dani da [&hellip;]\" \/>\n<meta property=\"og:url\" content=\"https:\/\/radioljubuski.ba\/index.php\/2021\/05\/20\/skoro-mene-se-nitko-ne-boji-ne-prijetim-ja-zaposlenicima-holdinga\/\" \/>\n<meta property=\"og:site_name\" content=\"RADIO LJUBU\u0160KI\" \/>\n<meta property=\"article:publisher\" content=\"https:\/\/www.facebook.com\/Radiio-Ljubuski-1490835324566332\" \/>\n<meta property=\"article:published_time\" content=\"2021-05-20T18:14:57+00:00\" \/>\n<meta property=\"article:modified_time\" content=\"2021-05-20T18:14:58+00:00\" \/>\n<meta property=\"og:image\" content=\"https:\/\/radioljubuski.ba\/wp-content\/uploads\/2021\/05\/t-skoro-tvd2-20210520174738.jpg\" \/>\n\t<meta property=\"og:image:width\" content=\"1920\" \/>\n\t<meta property=\"og:image:height\" content=\"1080\" \/>\n\t<meta property=\"og:image:type\" content=\"image\/jpeg\" \/>\n<meta name=\"author\" content=\"Radio Ljubu\u0161ki\" \/>\n<meta name=\"twitter:card\" content=\"summary_large_image\" \/>\n<meta name=\"twitter:creator\" content=\"@radioljubuski\" \/>\n<meta name=\"twitter:site\" content=\"@radioljubuski\" \/>\n<meta name=\"twitter:label1\" content=\"Napisao\/la\" \/>\n\t<meta name=\"twitter:data1\" content=\"Radio Ljubu\u0161ki\" \/>\n\t<meta name=\"twitter:label2\" content=\"Procijenjeno vrijeme \u010ditanja\" \/>\n\t<meta name=\"twitter:data2\" content=\"2 minute\" \/>\n<script type=\"application\/ld+json\" class=\"yoast-schema-graph\">{\"@context\":\"https:\\\/\\\/schema.org\",\"@graph\":[{\"@type\":\"Article\",\"@id\":\"https:\\\/\\\/radioljubuski.ba\\\/index.php\\\/2021\\\/05\\\/20\\\/skoro-mene-se-nitko-ne-boji-ne-prijetim-ja-zaposlenicima-holdinga\\\/#article\",\"isPartOf\":{\"@id\":\"https:\\\/\\\/radioljubuski.ba\\\/index.php\\\/2021\\\/05\\\/20\\\/skoro-mene-se-nitko-ne-boji-ne-prijetim-ja-zaposlenicima-holdinga\\\/\"},\"author\":{\"name\":\"Radio Ljubu\u0161ki\",\"@id\":\"https:\\\/\\\/radioljubuski.ba\\\/#\\\/schema\\\/person\\\/19fc700381a780f69665d7956c469e3b\"},\"headline\":\"\u0160koro: Mene se nitko ne boji, ne prijetim ja zaposlenicima Holdinga\",\"datePublished\":\"2021-05-20T18:14:57+00:00\",\"dateModified\":\"2021-05-20T18:14:58+00:00\",\"mainEntityOfPage\":{\"@id\":\"https:\\\/\\\/radioljubuski.ba\\\/index.php\\\/2021\\\/05\\\/20\\\/skoro-mene-se-nitko-ne-boji-ne-prijetim-ja-zaposlenicima-holdinga\\\/\"},\"wordCount\":516,\"publisher\":{\"@id\":\"https:\\\/\\\/radioljubuski.ba\\\/#organization\"},\"image\":{\"@id\":\"https:\\\/\\\/radioljubuski.ba\\\/index.php\\\/2021\\\/05\\\/20\\\/skoro-mene-se-nitko-ne-boji-ne-prijetim-ja-zaposlenicima-holdinga\\\/#primaryimage\"},\"thumbnailUrl\":\"https:\\\/\\\/radioljubuski.ba\\\/wp-content\\\/uploads\\\/2021\\\/05\\\/t-skoro-tvd2-20210520174738.jpg\",\"articleSection\":[\"BIH i regija\"],\"inLanguage\":\"hr\"},{\"@type\":\"WebPage\",\"@id\":\"https:\\\/\\\/radioljubuski.ba\\\/index.php\\\/2021\\\/05\\\/20\\\/skoro-mene-se-nitko-ne-boji-ne-prijetim-ja-zaposlenicima-holdinga\\\/\",\"url\":\"https:\\\/\\\/radioljubuski.ba\\\/index.php\\\/2021\\\/05\\\/20\\\/skoro-mene-se-nitko-ne-boji-ne-prijetim-ja-zaposlenicima-holdinga\\\/\",\"name\":\"\u0160koro: Mene se nitko ne boji, ne prijetim ja zaposlenicima Holdinga - RADIO LJUBU\u0160KI\",\"isPartOf\":{\"@id\":\"https:\\\/\\\/radioljubuski.ba\\\/#website\"},\"primaryImageOfPage\":{\"@id\":\"https:\\\/\\\/radioljubuski.ba\\\/index.php\\\/2021\\\/05\\\/20\\\/skoro-mene-se-nitko-ne-boji-ne-prijetim-ja-zaposlenicima-holdinga\\\/#primaryimage\"},\"image\":{\"@id\":\"https:\\\/\\\/radioljubuski.ba\\\/index.php\\\/2021\\\/05\\\/20\\\/skoro-mene-se-nitko-ne-boji-ne-prijetim-ja-zaposlenicima-holdinga\\\/#primaryimage\"},\"thumbnailUrl\":\"https:\\\/\\\/radioljubuski.ba\\\/wp-content\\\/uploads\\\/2021\\\/05\\\/t-skoro-tvd2-20210520174738.jpg\",\"datePublished\":\"2021-05-20T18:14:57+00:00\",\"dateModified\":\"2021-05-20T18:14:58+00:00\",\"breadcrumb\":{\"@id\":\"https:\\\/\\\/radioljubuski.ba\\\/index.php\\\/2021\\\/05\\\/20\\\/skoro-mene-se-nitko-ne-boji-ne-prijetim-ja-zaposlenicima-holdinga\\\/#breadcrumb\"},\"inLanguage\":\"hr\",\"potentialAction\":[{\"@type\":\"ReadAction\",\"target\":[\"https:\\\/\\\/radioljubuski.ba\\\/index.php\\\/2021\\\/05\\\/20\\\/skoro-mene-se-nitko-ne-boji-ne-prijetim-ja-zaposlenicima-holdinga\\\/\"]}]},{\"@type\":\"ImageObject\",\"inLanguage\":\"hr\",\"@id\":\"https:\\\/\\\/radioljubuski.ba\\\/index.php\\\/2021\\\/05\\\/20\\\/skoro-mene-se-nitko-ne-boji-ne-prijetim-ja-zaposlenicima-holdinga\\\/#primaryimage\",\"url\":\"https:\\\/\\\/radioljubuski.ba\\\/wp-content\\\/uploads\\\/2021\\\/05\\\/t-skoro-tvd2-20210520174738.jpg\",\"contentUrl\":\"https:\\\/\\\/radioljubuski.ba\\\/wp-content\\\/uploads\\\/2021\\\/05\\\/t-skoro-tvd2-20210520174738.jpg\",\"width\":1920,\"height\":1080},{\"@type\":\"BreadcrumbList\",\"@id\":\"https:\\\/\\\/radioljubuski.ba\\\/index.php\\\/2021\\\/05\\\/20\\\/skoro-mene-se-nitko-ne-boji-ne-prijetim-ja-zaposlenicima-holdinga\\\/#breadcrumb\",\"itemListElement\":[{\"@type\":\"ListItem\",\"position\":1,\"name\":\"Po\u010detna stranica\",\"item\":\"https:\\\/\\\/radioljubuski.ba\\\/\"},{\"@type\":\"ListItem\",\"position\":2,\"name\":\"\u0160koro: Mene se nitko ne boji, ne prijetim ja zaposlenicima Holdinga\"}]},{\"@type\":\"WebSite\",\"@id\":\"https:\\\/\\\/radioljubuski.ba\\\/#website\",\"url\":\"https:\\\/\\\/radioljubuski.ba\\\/\",\"name\":\"Radio Ljubu\u0161ki\",\"description\":\"Sun\u010dana frekvencija Hercegovine\",\"publisher\":{\"@id\":\"https:\\\/\\\/radioljubuski.ba\\\/#organization\"},\"potentialAction\":[{\"@type\":\"SearchAction\",\"target\":{\"@type\":\"EntryPoint\",\"urlTemplate\":\"https:\\\/\\\/radioljubuski.ba\\\/?s={search_term_string}\"},\"query-input\":{\"@type\":\"PropertyValueSpecification\",\"valueRequired\":true,\"valueName\":\"search_term_string\"}}],\"inLanguage\":\"hr\"},{\"@type\":\"Organization\",\"@id\":\"https:\\\/\\\/radioljubuski.ba\\\/#organization\",\"name\":\"Radio Ljubu\u0161ki\",\"url\":\"https:\\\/\\\/radioljubuski.ba\\\/\",\"logo\":{\"@type\":\"ImageObject\",\"inLanguage\":\"hr\",\"@id\":\"https:\\\/\\\/radioljubuski.ba\\\/#\\\/schema\\\/logo\\\/image\\\/\",\"url\":\"https:\\\/\\\/radioljubuski.ba\\\/wp-content\\\/uploads\\\/2021\\\/02\\\/cropped-Radio_Ljubuski_logo1.jpg\",\"contentUrl\":\"https:\\\/\\\/radioljubuski.ba\\\/wp-content\\\/uploads\\\/2021\\\/02\\\/cropped-Radio_Ljubuski_logo1.jpg\",\"width\":512,\"height\":512,\"caption\":\"Radio Ljubu\u0161ki\"},\"image\":{\"@id\":\"https:\\\/\\\/radioljubuski.ba\\\/#\\\/schema\\\/logo\\\/image\\\/\"},\"sameAs\":[\"https:\\\/\\\/www.facebook.com\\\/Radiio-Ljubuski-1490835324566332\",\"https:\\\/\\\/x.com\\\/radioljubuski\",\"https:\\\/\\\/hr.linkedin.com\\\/company\\\/radio-ljubuski\",\"https:\\\/\\\/www.youtube.com\\\/channel\\\/UCHYaeO_n0Db3tjNGudGpXyw\"]},{\"@type\":\"Person\",\"@id\":\"https:\\\/\\\/radioljubuski.ba\\\/#\\\/schema\\\/person\\\/19fc700381a780f69665d7956c469e3b\",\"name\":\"Radio Ljubu\u0161ki\"}]}<\/script>\n<!-- \/ Yoast SEO plugin. -->","yoast_head_json":{"title":"\u0160koro: Mene se nitko ne boji, ne prijetim ja zaposlenicima Holdinga - RADIO LJUBU\u0160KI","robots":{"index":"index","follow":"follow","max-snippet":"max-snippet:-1","max-image-preview":"max-image-preview:large","max-video-preview":"max-video-preview:-1"},"canonical":"https:\/\/radioljubuski.ba\/index.php\/2021\/05\/20\/skoro-mene-se-nitko-ne-boji-ne-prijetim-ja-zaposlenicima-holdinga\/","og_locale":"hr_HR","og_type":"article","og_title":"\u0160koro: Mene se nitko ne boji, ne prijetim ja zaposlenicima Holdinga - RADIO LJUBU\u0160KI","og_description":"Miroslav \u0160koro, kandidat Domovinskog pokreta za gradona\u010delnika Zagreba, ve\u010deras je u HTV-ovom Dnevniku odbacio kritike na ra\u010dun svoje kampanje iz tabora svog protukandidata&nbsp;Tomislava Toma\u0161evi\u0107a&nbsp;(Mo\u017eemo!) poru\u010div\u0161i kako se radi o zamjeni teza. \u0160koro je, govore\u0107i o drugom krugu lokalnih izbora, poru\u010dio kako \u0107e se 30. svibnja dogoditi &#8220;jedan referendum&#8221;. &#8211; Izme\u0111u toga \u017eele li Zagrep\u010dani da [&hellip;]","og_url":"https:\/\/radioljubuski.ba\/index.php\/2021\/05\/20\/skoro-mene-se-nitko-ne-boji-ne-prijetim-ja-zaposlenicima-holdinga\/","og_site_name":"RADIO LJUBU\u0160KI","article_publisher":"https:\/\/www.facebook.com\/Radiio-Ljubuski-1490835324566332","article_published_time":"2021-05-20T18:14:57+00:00","article_modified_time":"2021-05-20T18:14:58+00:00","og_image":[{"width":1920,"height":1080,"url":"https:\/\/radioljubuski.ba\/wp-content\/uploads\/2021\/05\/t-skoro-tvd2-20210520174738.jpg","type":"image\/jpeg"}],"author":"Radio Ljubu\u0161ki","twitter_card":"summary_large_image","twitter_creator":"@radioljubuski","twitter_site":"@radioljubuski","twitter_misc":{"Napisao\/la":"Radio Ljubu\u0161ki","Procijenjeno vrijeme \u010ditanja":"2 minute"},"schema":{"@context":"https:\/\/schema.org","@graph":[{"@type":"Article","@id":"https:\/\/radioljubuski.ba\/index.php\/2021\/05\/20\/skoro-mene-se-nitko-ne-boji-ne-prijetim-ja-zaposlenicima-holdinga\/#article","isPartOf":{"@id":"https:\/\/radioljubuski.ba\/index.php\/2021\/05\/20\/skoro-mene-se-nitko-ne-boji-ne-prijetim-ja-zaposlenicima-holdinga\/"},"author":{"name":"Radio Ljubu\u0161ki","@id":"https:\/\/radioljubuski.ba\/#\/schema\/person\/19fc700381a780f69665d7956c469e3b"},"headline":"\u0160koro: Mene se nitko ne boji, ne prijetim ja zaposlenicima Holdinga","datePublished":"2021-05-20T18:14:57+00:00","dateModified":"2021-05-20T18:14:58+00:00","mainEntityOfPage":{"@id":"https:\/\/radioljubuski.ba\/index.php\/2021\/05\/20\/skoro-mene-se-nitko-ne-boji-ne-prijetim-ja-zaposlenicima-holdinga\/"},"wordCount":516,"publisher":{"@id":"https:\/\/radioljubuski.ba\/#organization"},"image":{"@id":"https:\/\/radioljubuski.ba\/index.php\/2021\/05\/20\/skoro-mene-se-nitko-ne-boji-ne-prijetim-ja-zaposlenicima-holdinga\/#primaryimage"},"thumbnailUrl":"https:\/\/radioljubuski.ba\/wp-content\/uploads\/2021\/05\/t-skoro-tvd2-20210520174738.jpg","articleSection":["BIH i regija"],"inLanguage":"hr"},{"@type":"WebPage","@id":"https:\/\/radioljubuski.ba\/index.php\/2021\/05\/20\/skoro-mene-se-nitko-ne-boji-ne-prijetim-ja-zaposlenicima-holdinga\/","url":"https:\/\/radioljubuski.ba\/index.php\/2021\/05\/20\/skoro-mene-se-nitko-ne-boji-ne-prijetim-ja-zaposlenicima-holdinga\/","name":"\u0160koro: Mene se nitko ne boji, ne prijetim ja zaposlenicima Holdinga - RADIO LJUBU\u0160KI","isPartOf":{"@id":"https:\/\/radioljubuski.ba\/#website"},"primaryImageOfPage":{"@id":"https:\/\/radioljubuski.ba\/index.php\/2021\/05\/20\/skoro-mene-se-nitko-ne-boji-ne-prijetim-ja-zaposlenicima-holdinga\/#primaryimage"},"image":{"@id":"https:\/\/radioljubuski.ba\/index.php\/2021\/05\/20\/skoro-mene-se-nitko-ne-boji-ne-prijetim-ja-zaposlenicima-holdinga\/#primaryimage"},"thumbnailUrl":"https:\/\/radioljubuski.ba\/wp-content\/uploads\/2021\/05\/t-skoro-tvd2-20210520174738.jpg","datePublished":"2021-05-20T18:14:57+00:00","dateModified":"2021-05-20T18:14:58+00:00","breadcrumb":{"@id":"https:\/\/radioljubuski.ba\/index.php\/2021\/05\/20\/skoro-mene-se-nitko-ne-boji-ne-prijetim-ja-zaposlenicima-holdinga\/#breadcrumb"},"inLanguage":"hr","potentialAction":[{"@type":"ReadAction","target":["https:\/\/radioljubuski.ba\/index.php\/2021\/05\/20\/skoro-mene-se-nitko-ne-boji-ne-prijetim-ja-zaposlenicima-holdinga\/"]}]},{"@type":"ImageObject","inLanguage":"hr","@id":"https:\/\/radioljubuski.ba\/index.php\/2021\/05\/20\/skoro-mene-se-nitko-ne-boji-ne-prijetim-ja-zaposlenicima-holdinga\/#primaryimage","url":"https:\/\/radioljubuski.ba\/wp-content\/uploads\/2021\/05\/t-skoro-tvd2-20210520174738.jpg","contentUrl":"https:\/\/radioljubuski.ba\/wp-content\/uploads\/2021\/05\/t-skoro-tvd2-20210520174738.jpg","width":1920,"height":1080},{"@type":"BreadcrumbList","@id":"https:\/\/radioljubuski.ba\/index.php\/2021\/05\/20\/skoro-mene-se-nitko-ne-boji-ne-prijetim-ja-zaposlenicima-holdinga\/#breadcrumb","itemListElement":[{"@type":"ListItem","position":1,"name":"Po\u010detna stranica","item":"https:\/\/radioljubuski.ba\/"},{"@type":"ListItem","position":2,"name":"\u0160koro: Mene se nitko ne boji, ne prijetim ja zaposlenicima Holdinga"}]},{"@type":"WebSite","@id":"https:\/\/radioljubuski.ba\/#website","url":"https:\/\/radioljubuski.ba\/","name":"Radio Ljubu\u0161ki","description":"Sun\u010dana frekvencija Hercegovine","publisher":{"@id":"https:\/\/radioljubuski.ba\/#organization"},"potentialAction":[{"@type":"SearchAction","target":{"@type":"EntryPoint","urlTemplate":"https:\/\/radioljubuski.ba\/?s={search_term_string}"},"query-input":{"@type":"PropertyValueSpecification","valueRequired":true,"valueName":"search_term_string"}}],"inLanguage":"hr"},{"@type":"Organization","@id":"https:\/\/radioljubuski.ba\/#organization","name":"Radio Ljubu\u0161ki","url":"https:\/\/radioljubuski.ba\/","logo":{"@type":"ImageObject","inLanguage":"hr","@id":"https:\/\/radioljubuski.ba\/#\/schema\/logo\/image\/","url":"https:\/\/radioljubuski.ba\/wp-content\/uploads\/2021\/02\/cropped-Radio_Ljubuski_logo1.jpg","contentUrl":"https:\/\/radioljubuski.ba\/wp-content\/uploads\/2021\/02\/cropped-Radio_Ljubuski_logo1.jpg","width":512,"height":512,"caption":"Radio Ljubu\u0161ki"},"image":{"@id":"https:\/\/radioljubuski.ba\/#\/schema\/logo\/image\/"},"sameAs":["https:\/\/www.facebook.com\/Radiio-Ljubuski-1490835324566332","https:\/\/x.com\/radioljubuski","https:\/\/hr.linkedin.com\/company\/radio-ljubuski","https:\/\/www.youtube.com\/channel\/UCHYaeO_n0Db3tjNGudGpXyw"]},{"@type":"Person","@id":"https:\/\/radioljubuski.ba\/#\/schema\/person\/19fc700381a780f69665d7956c469e3b","name":"Radio Ljubu\u0161ki"}]}},"_links":{"self":[{"href":"https:\/\/radioljubuski.ba\/index.php\/wp-json\/wp\/v2\/posts\/23527","targetHints":{"allow":["GET"]}}],"collection":[{"href":"https:\/\/radioljubuski.ba\/index.php\/wp-json\/wp\/v2\/posts"}],"about":[{"href":"https:\/\/radioljubuski.ba\/index.php\/wp-json\/wp\/v2\/types\/post"}],"author":[{"embeddable":true,"href":"https:\/\/radioljubuski.ba\/index.php\/wp-json\/wp\/v2\/users\/2"}],"replies":[{"embeddable":true,"href":"https:\/\/radioljubuski.ba\/index.php\/wp-json\/wp\/v2\/comments?post=23527"}],"version-history":[{"count":1,"href":"https:\/\/radioljubuski.ba\/index.php\/wp-json\/wp\/v2\/posts\/23527\/revisions"}],"predecessor-version":[{"id":23529,"href":"https:\/\/radioljubuski.ba\/index.php\/wp-json\/wp\/v2\/posts\/23527\/revisions\/23529"}],"wp:featuredmedia":[{"embeddable":true,"href":"https:\/\/radioljubuski.ba\/index.php\/wp-json\/wp\/v2\/media\/23528"}],"wp:attachment":[{"href":"https:\/\/radioljubuski.ba\/index.php\/wp-json\/wp\/v2\/media?parent=23527"}],"wp:term":[{"taxonomy":"category","embeddable":true,"href":"https:\/\/radioljubuski.ba\/index.php\/wp-json\/wp\/v2\/categories?post=23527"},{"taxonomy":"post_tag","embeddable":true,"href":"https:\/\/radioljubuski.ba\/index.php\/wp-json\/wp\/v2\/tags?post=23527"}],"curies":[{"name":"wp","href":"https:\/\/api.w.org\/{rel}","templated":true}]}}