{"id":23551,"date":"2021-05-20T19:26:25","date_gmt":"2021-05-20T18:26:25","guid":{"rendered":"https:\/\/radioljubuski.ba\/?p=23551"},"modified":"2021-05-20T19:26:26","modified_gmt":"2021-05-20T18:26:26","slug":"dvije-vlade-razgovarale-o-epidemiloskoj-situaciji-turizmu-i-o-provedenim-aktivnostima-u-cilju-sprecavanja-negativnih-posljedica-pandemije-na-gospodarstvo","status":"publish","type":"post","link":"https:\/\/radioljubuski.ba\/index.php\/2021\/05\/20\/dvije-vlade-razgovarale-o-epidemiloskoj-situaciji-turizmu-i-o-provedenim-aktivnostima-u-cilju-sprecavanja-negativnih-posljedica-pandemije-na-gospodarstvo\/","title":{"rendered":"Dvije Vlade razgovarale o epidemilo\u0161koj situaciji, turizmu i o provedenim aktivnostima u cilju spre\u010davanja negativnih posljedica pandemije na gospodarstvo&#8230;"},"content":{"rendered":"\n<p>Izaslanstvo Vlade Federacije BiH kojeg su \u010dinili predsjednik Fadil Novali\u0107, dopredsjednici Jelka Mili\u0107evi\u0107 i Vesko Drlja\u010da, te ministri: Edita \u0110apo i Denis Lasi\u0107 boravilo je danas u radnoj posjeti Vladi Hercegova\u010dko-neretvanske \u017eupanije gdje su se susreli s izaslanstvom Vlade u sastavu: predsjednik dr. sc. Nevenko Herceg, te ministri Stjepan Krasi\u0107, Donko Jovi\u0107, \u017deljko Laketi\u0107 i Adnan Falad\u017ei\u0107.<br><br>Na prvom sastanku na ovoj razini koji se odr\u017eava u produljenim mandatima dvije vlade, razgovarano je o trenutnoj epidemiolo\u0161koj situaciji, te su istaknuti podaci Zavoda za javno zdravstvo HN\u017d iz kojih je razvidno smanjenje broja novooboljelih, hospitaliziranih i umrlih u HN\u017d. Naime, tjedna incidencija, odnosno broj oboljelih na 100.000 stanovnika od 10. do 16.5.\u00a0 iznosi 54,94, ali prema najnovijim pokazateljima incidencija u zadnjih 7 dana iznosi 36. Stoga se o\u010dekuje kako \u0107e ve\u0107 danas Krizni sto\u017eer ministarstva zdravstva, rada i socijalne skrbi imati sjednicu, te \u0107e od sutra biti na snazi nove relaksirane mjere osobito vezano za rad ugostiteljskih objekata. Istaknuto je kako su mjere koje su se donosile poput ograni\u010denja kretanja i rada ugostiteljskih objekata, te izvo\u0111enja glazbe u\u017eivo dale najbolji u\u010dinak.<br><br>U tom kontekstu pozdravljena je i odluka Vlade FBiH, donesena na dana\u0161njoj sjednici, kojom se ukida ograni\u010denje kretanja gra\u0111ana, te olak\u0161avaju druge donesene mjere.<br><br>Tako\u0111er, sudionici sastanka razgovarali su o provedenim aktivnostima u cilju spre\u010davanja negativnih posljedica pandemije na gospodarstvo.<br><br>Predsjednik Herceg istaknuo je dono\u0161enje \u017eupanijskog tzv Korona zakona, zahvaljuju\u0107i kojem je Vlada HN\u017d, uz sredstva s federalne razine, potpomogla ukupno 1914 poslovnih subjekata, odnosno 83 % subjekata koji su se prijavili na Javni poziv i time dala potporu o\u010duvanju radnih mjesta u gospodarstvu i o\u010duvanju krajnje potro\u0161nje.<br><br>\u201eZajedno s Razvojnom bankom FBiH realiziramo i kreditnu liniju za likvidnost gospodarstvenicima i obrtnicima po kamatnoj stopi koju u cijelosti preuzima HN\u017d. Za krajnjeg korisnika to zna\u010di da nema obveze po osnovu kamate i tro\u0161kova obrade i s rokom otplate do 36 mjeseci, uz grace period od 12 mjeseci. Radi se o 500.000 KM koje su izdvojene iz Prora\u010duna HN\u017d\u201c, kazao je predsjednik Herceg isti\u010du\u0107i namjeru za nastavkom takvog aran\u017emana, pro\u0161irenja kreditne linije i pove\u0107anja kreditnog portfolia.<br><br>Jedna od tema razgovora bila je i turizam, odnosno potreba da se, u skladu s o\u010ditim pobolj\u0161anjem epidemiolo\u0161ke situacije, \u017eurno donesu nove mjere vezane za\u00a0 ubla\u017eavanje re\u017eima prelaska dr\u017eavne granice. Zajedni\u010dki je ocijenjeno kako je potrebno poduzeti sve potrebne aktivnosti kako bi se spasio turisti\u010dki sektor i ovogodi\u0161nja sezona, osobito u ovom dijelu Hercegovine.<br><br>Sudionici sastanka osvrnuli su se i na Zakon o raspodjeli javnih prihoda FBiH, osobito u svjetlu evidentnog pada \u017eupanijskih prihoda do kojeg je do\u0161lo zbog krize vezane za pandemiju.<br><br>\u201eOd 2006. godine, odnosno od po\u010detka primjene Zakona o pripadnosti javnih prihoda FBiH, na\u0161a \u017eupanija ostala je bez najmanje jednog godi\u0161njeg prora\u010duna. Postoji \u0161iroki konsenzus izvr\u0161ne i politi\u010dke vlasti u \u017eupaniji kako se dosada\u0161nji model mora izmijeniti i kako je on neodr\u017eiv. Na\u0161 stav po tom pitanju dijeli i velika ve\u0107ina drugih \u017eupanija\u201c, naglasio je predsjednik Herceg.<br><br>U tom kontekstu \u017eelim posebice naglasiti na\u0161u posebnu obvezu financiranja zajedni\u010dkih institucija kao \u0161to su Sveu\u010dili\u0161na klini\u010dka bolnica Mostar, Univerzitet \u201eD\u017eemal Bijedi\u0107\u201c, Op\u0107a bolnica u Konjicu, kazali\u0161ta, akademije, parkovi prirode, instituti, te brojne \u0161portske i kulturne institucije.<br><br>Predstavnici Vlade HN\u017d zahvalili su federalnoj Vladi za dostavljena sredstva iz aran\u017emana s MMF-om za 2020. godinu za \u0161to \u0107e se uskoro opravdati njihov namjenski utro\u0161ak, isti\u010du\u0107i kako, s obzirom na pad javnih prihoda, o\u010dekuju dodatnu potporu s federalne razine, odnosno sli\u010dan aran\u017eman s MMF-om u ovoj godini.<\/p>\n\n\n\n<figure class=\"wp-block-image size-large\"><img loading=\"lazy\" decoding=\"async\" width=\"742\" height=\"532\" src=\"https:\/\/radioljubuski.ba\/wp-content\/uploads\/2021\/05\/image.png\" alt=\"\" class=\"wp-image-23553\" srcset=\"https:\/\/radioljubuski.ba\/wp-content\/uploads\/2021\/05\/image.png 742w, https:\/\/radioljubuski.ba\/wp-content\/uploads\/2021\/05\/image-300x215.png 300w, https:\/\/radioljubuski.ba\/wp-content\/uploads\/2021\/05\/image-16x12.png 16w\" sizes=\"auto, (max-width: 742px) 100vw, 742px\" \/><\/figure>\n\n\n\n<p><br><br>\u201ePro\u0161le godine izdvojili smo 200 milijuna KM kao potporu prevazila\u017eenju ekonomskih, socijalnih i zdravstvenih pote\u0161ko\u0107a prouzrokovanih pandemijom. Tako\u0111er, s istim ciljem izdvojili smo 30 milijuna KM op\u0107inama. Aktivnosti na potpori u istom iznosu nastavljamo i ove godine. Isti\u010dem kako su sredstva za ovu namjenu najbolje iskori\u0161tena upravo u HN\u017d. Stoga sam se i osobno zahvalio predsjedniku Hercegu i Vladi HN\u017d jer su svojim primjerom pokazali kako treba raditi\u201c, kazao je predsjednik Novali\u0107 u izjavi nakon odr\u017eanog sastanka dodav\u0161i kako je Vlada FBiH pro\u0161le godine osigurala vi\u0161e od 60 milijuna KM izravne financijske potpore HN\u017d-u za saniranje posljedica pandemije.<\/p>\n\n\n\n<p>Izvor:pogled.ba<\/p>\n","protected":false},"excerpt":{"rendered":"<p>Izaslanstvo Vlade Federacije BiH kojeg su \u010dinili predsjednik Fadil Novali\u0107, dopredsjednici Jelka Mili\u0107evi\u0107 i Vesko Drlja\u010da, te ministri: Edita \u0110apo i Denis Lasi\u0107 boravilo je danas u radnoj posjeti Vladi Hercegova\u010dko-neretvanske \u017eupanije gdje su se susreli s izaslanstvom Vlade u sastavu: predsjednik dr. sc. Nevenko Herceg, te ministri Stjepan Krasi\u0107, Donko Jovi\u0107, \u017deljko Laketi\u0107 i [&hellip;]<\/p>\n","protected":false},"author":2,"featured_media":23552,"comment_status":"closed","ping_status":"closed","sticky":false,"template":"","format":"standard","meta":{"h5ap_radio_sources":[],"footnotes":""},"categories":[1],"tags":[],"class_list":["post-23551","post","type-post","status-publish","format-standard","has-post-thumbnail","hentry","category-bihiregija"],"yoast_head":"<!-- This site is optimized with the Yoast SEO plugin v27.5 - https:\/\/yoast.com\/product\/yoast-seo-wordpress\/ -->\n<title>Dvije Vlade razgovarale o epidemilo\u0161koj situaciji, turizmu i o provedenim aktivnostima u cilju spre\u010davanja negativnih posljedica pandemije na gospodarstvo... - RADIO LJUBU\u0160KI<\/title>\n<meta name=\"robots\" content=\"index, follow, max-snippet:-1, max-image-preview:large, max-video-preview:-1\" \/>\n<link rel=\"canonical\" href=\"https:\/\/radioljubuski.ba\/index.php\/2021\/05\/20\/dvije-vlade-razgovarale-o-epidemiloskoj-situaciji-turizmu-i-o-provedenim-aktivnostima-u-cilju-sprecavanja-negativnih-posljedica-pandemije-na-gospodarstvo\/\" \/>\n<meta property=\"og:locale\" content=\"hr_HR\" \/>\n<meta property=\"og:type\" content=\"article\" \/>\n<meta property=\"og:title\" content=\"Dvije Vlade razgovarale o epidemilo\u0161koj situaciji, turizmu i o provedenim aktivnostima u cilju spre\u010davanja negativnih posljedica pandemije na gospodarstvo... - RADIO LJUBU\u0160KI\" \/>\n<meta property=\"og:description\" content=\"Izaslanstvo Vlade Federacije BiH kojeg su \u010dinili predsjednik Fadil Novali\u0107, dopredsjednici Jelka Mili\u0107evi\u0107 i Vesko Drlja\u010da, te ministri: Edita \u0110apo i Denis Lasi\u0107 boravilo je danas u radnoj posjeti Vladi Hercegova\u010dko-neretvanske \u017eupanije gdje su se susreli s izaslanstvom Vlade u sastavu: predsjednik dr. sc. Nevenko Herceg, te ministri Stjepan Krasi\u0107, Donko Jovi\u0107, \u017deljko Laketi\u0107 i [&hellip;]\" \/>\n<meta property=\"og:url\" content=\"https:\/\/radioljubuski.ba\/index.php\/2021\/05\/20\/dvije-vlade-razgovarale-o-epidemiloskoj-situaciji-turizmu-i-o-provedenim-aktivnostima-u-cilju-sprecavanja-negativnih-posljedica-pandemije-na-gospodarstvo\/\" \/>\n<meta property=\"og:site_name\" content=\"RADIO LJUBU\u0160KI\" \/>\n<meta property=\"article:publisher\" content=\"https:\/\/www.facebook.com\/Radiio-Ljubuski-1490835324566332\" \/>\n<meta property=\"article:published_time\" content=\"2021-05-20T18:26:25+00:00\" \/>\n<meta property=\"article:modified_time\" content=\"2021-05-20T18:26:26+00:00\" \/>\n<meta property=\"og:image\" content=\"https:\/\/radioljubuski.ba\/wp-content\/uploads\/2021\/05\/8-2021-05-20-15-59-27-IZASLANSTVO-VLADE-HNZ-I-FBIH.jpg\" \/>\n\t<meta property=\"og:image:width\" content=\"1000\" \/>\n\t<meta property=\"og:image:height\" content=\"625\" \/>\n\t<meta property=\"og:image:type\" content=\"image\/jpeg\" \/>\n<meta name=\"author\" content=\"Radio Ljubu\u0161ki\" \/>\n<meta name=\"twitter:card\" content=\"summary_large_image\" \/>\n<meta name=\"twitter:creator\" content=\"@radioljubuski\" \/>\n<meta name=\"twitter:site\" content=\"@radioljubuski\" \/>\n<meta name=\"twitter:label1\" content=\"Napisao\/la\" \/>\n\t<meta name=\"twitter:data1\" content=\"Radio Ljubu\u0161ki\" \/>\n\t<meta name=\"twitter:label2\" content=\"Procijenjeno vrijeme \u010ditanja\" \/>\n\t<meta name=\"twitter:data2\" content=\"4 minute\" \/>\n<script type=\"application\/ld+json\" class=\"yoast-schema-graph\">{\"@context\":\"https:\\\/\\\/schema.org\",\"@graph\":[{\"@type\":\"Article\",\"@id\":\"https:\\\/\\\/radioljubuski.ba\\\/index.php\\\/2021\\\/05\\\/20\\\/dvije-vlade-razgovarale-o-epidemiloskoj-situaciji-turizmu-i-o-provedenim-aktivnostima-u-cilju-sprecavanja-negativnih-posljedica-pandemije-na-gospodarstvo\\\/#article\",\"isPartOf\":{\"@id\":\"https:\\\/\\\/radioljubuski.ba\\\/index.php\\\/2021\\\/05\\\/20\\\/dvije-vlade-razgovarale-o-epidemiloskoj-situaciji-turizmu-i-o-provedenim-aktivnostima-u-cilju-sprecavanja-negativnih-posljedica-pandemije-na-gospodarstvo\\\/\"},\"author\":{\"name\":\"Radio Ljubu\u0161ki\",\"@id\":\"https:\\\/\\\/radioljubuski.ba\\\/#\\\/schema\\\/person\\\/19fc700381a780f69665d7956c469e3b\"},\"headline\":\"Dvije Vlade razgovarale o epidemilo\u0161koj situaciji, turizmu i o provedenim aktivnostima u cilju spre\u010davanja negativnih posljedica pandemije na gospodarstvo&#8230;\",\"datePublished\":\"2021-05-20T18:26:25+00:00\",\"dateModified\":\"2021-05-20T18:26:26+00:00\",\"mainEntityOfPage\":{\"@id\":\"https:\\\/\\\/radioljubuski.ba\\\/index.php\\\/2021\\\/05\\\/20\\\/dvije-vlade-razgovarale-o-epidemiloskoj-situaciji-turizmu-i-o-provedenim-aktivnostima-u-cilju-sprecavanja-negativnih-posljedica-pandemije-na-gospodarstvo\\\/\"},\"wordCount\":753,\"publisher\":{\"@id\":\"https:\\\/\\\/radioljubuski.ba\\\/#organization\"},\"image\":{\"@id\":\"https:\\\/\\\/radioljubuski.ba\\\/index.php\\\/2021\\\/05\\\/20\\\/dvije-vlade-razgovarale-o-epidemiloskoj-situaciji-turizmu-i-o-provedenim-aktivnostima-u-cilju-sprecavanja-negativnih-posljedica-pandemije-na-gospodarstvo\\\/#primaryimage\"},\"thumbnailUrl\":\"https:\\\/\\\/radioljubuski.ba\\\/wp-content\\\/uploads\\\/2021\\\/05\\\/8-2021-05-20-15-59-27-IZASLANSTVO-VLADE-HNZ-I-FBIH.jpg\",\"articleSection\":[\"BIH i regija\"],\"inLanguage\":\"hr\"},{\"@type\":\"WebPage\",\"@id\":\"https:\\\/\\\/radioljubuski.ba\\\/index.php\\\/2021\\\/05\\\/20\\\/dvije-vlade-razgovarale-o-epidemiloskoj-situaciji-turizmu-i-o-provedenim-aktivnostima-u-cilju-sprecavanja-negativnih-posljedica-pandemije-na-gospodarstvo\\\/\",\"url\":\"https:\\\/\\\/radioljubuski.ba\\\/index.php\\\/2021\\\/05\\\/20\\\/dvije-vlade-razgovarale-o-epidemiloskoj-situaciji-turizmu-i-o-provedenim-aktivnostima-u-cilju-sprecavanja-negativnih-posljedica-pandemije-na-gospodarstvo\\\/\",\"name\":\"Dvije Vlade razgovarale o epidemilo\u0161koj situaciji, turizmu i o provedenim aktivnostima u cilju spre\u010davanja negativnih posljedica pandemije na gospodarstvo... - RADIO LJUBU\u0160KI\",\"isPartOf\":{\"@id\":\"https:\\\/\\\/radioljubuski.ba\\\/#website\"},\"primaryImageOfPage\":{\"@id\":\"https:\\\/\\\/radioljubuski.ba\\\/index.php\\\/2021\\\/05\\\/20\\\/dvije-vlade-razgovarale-o-epidemiloskoj-situaciji-turizmu-i-o-provedenim-aktivnostima-u-cilju-sprecavanja-negativnih-posljedica-pandemije-na-gospodarstvo\\\/#primaryimage\"},\"image\":{\"@id\":\"https:\\\/\\\/radioljubuski.ba\\\/index.php\\\/2021\\\/05\\\/20\\\/dvije-vlade-razgovarale-o-epidemiloskoj-situaciji-turizmu-i-o-provedenim-aktivnostima-u-cilju-sprecavanja-negativnih-posljedica-pandemije-na-gospodarstvo\\\/#primaryimage\"},\"thumbnailUrl\":\"https:\\\/\\\/radioljubuski.ba\\\/wp-content\\\/uploads\\\/2021\\\/05\\\/8-2021-05-20-15-59-27-IZASLANSTVO-VLADE-HNZ-I-FBIH.jpg\",\"datePublished\":\"2021-05-20T18:26:25+00:00\",\"dateModified\":\"2021-05-20T18:26:26+00:00\",\"breadcrumb\":{\"@id\":\"https:\\\/\\\/radioljubuski.ba\\\/index.php\\\/2021\\\/05\\\/20\\\/dvije-vlade-razgovarale-o-epidemiloskoj-situaciji-turizmu-i-o-provedenim-aktivnostima-u-cilju-sprecavanja-negativnih-posljedica-pandemije-na-gospodarstvo\\\/#breadcrumb\"},\"inLanguage\":\"hr\",\"potentialAction\":[{\"@type\":\"ReadAction\",\"target\":[\"https:\\\/\\\/radioljubuski.ba\\\/index.php\\\/2021\\\/05\\\/20\\\/dvije-vlade-razgovarale-o-epidemiloskoj-situaciji-turizmu-i-o-provedenim-aktivnostima-u-cilju-sprecavanja-negativnih-posljedica-pandemije-na-gospodarstvo\\\/\"]}]},{\"@type\":\"ImageObject\",\"inLanguage\":\"hr\",\"@id\":\"https:\\\/\\\/radioljubuski.ba\\\/index.php\\\/2021\\\/05\\\/20\\\/dvije-vlade-razgovarale-o-epidemiloskoj-situaciji-turizmu-i-o-provedenim-aktivnostima-u-cilju-sprecavanja-negativnih-posljedica-pandemije-na-gospodarstvo\\\/#primaryimage\",\"url\":\"https:\\\/\\\/radioljubuski.ba\\\/wp-content\\\/uploads\\\/2021\\\/05\\\/8-2021-05-20-15-59-27-IZASLANSTVO-VLADE-HNZ-I-FBIH.jpg\",\"contentUrl\":\"https:\\\/\\\/radioljubuski.ba\\\/wp-content\\\/uploads\\\/2021\\\/05\\\/8-2021-05-20-15-59-27-IZASLANSTVO-VLADE-HNZ-I-FBIH.jpg\",\"width\":1000,\"height\":625},{\"@type\":\"BreadcrumbList\",\"@id\":\"https:\\\/\\\/radioljubuski.ba\\\/index.php\\\/2021\\\/05\\\/20\\\/dvije-vlade-razgovarale-o-epidemiloskoj-situaciji-turizmu-i-o-provedenim-aktivnostima-u-cilju-sprecavanja-negativnih-posljedica-pandemije-na-gospodarstvo\\\/#breadcrumb\",\"itemListElement\":[{\"@type\":\"ListItem\",\"position\":1,\"name\":\"Po\u010detna stranica\",\"item\":\"https:\\\/\\\/radioljubuski.ba\\\/\"},{\"@type\":\"ListItem\",\"position\":2,\"name\":\"Dvije Vlade razgovarale o epidemilo\u0161koj situaciji, turizmu i o provedenim aktivnostima u cilju spre\u010davanja negativnih posljedica pandemije na gospodarstvo&#8230;\"}]},{\"@type\":\"WebSite\",\"@id\":\"https:\\\/\\\/radioljubuski.ba\\\/#website\",\"url\":\"https:\\\/\\\/radioljubuski.ba\\\/\",\"name\":\"Radio Ljubu\u0161ki\",\"description\":\"Sun\u010dana frekvencija Hercegovine\",\"publisher\":{\"@id\":\"https:\\\/\\\/radioljubuski.ba\\\/#organization\"},\"potentialAction\":[{\"@type\":\"SearchAction\",\"target\":{\"@type\":\"EntryPoint\",\"urlTemplate\":\"https:\\\/\\\/radioljubuski.ba\\\/?s={search_term_string}\"},\"query-input\":{\"@type\":\"PropertyValueSpecification\",\"valueRequired\":true,\"valueName\":\"search_term_string\"}}],\"inLanguage\":\"hr\"},{\"@type\":\"Organization\",\"@id\":\"https:\\\/\\\/radioljubuski.ba\\\/#organization\",\"name\":\"Radio Ljubu\u0161ki\",\"url\":\"https:\\\/\\\/radioljubuski.ba\\\/\",\"logo\":{\"@type\":\"ImageObject\",\"inLanguage\":\"hr\",\"@id\":\"https:\\\/\\\/radioljubuski.ba\\\/#\\\/schema\\\/logo\\\/image\\\/\",\"url\":\"https:\\\/\\\/radioljubuski.ba\\\/wp-content\\\/uploads\\\/2021\\\/02\\\/cropped-Radio_Ljubuski_logo1.jpg\",\"contentUrl\":\"https:\\\/\\\/radioljubuski.ba\\\/wp-content\\\/uploads\\\/2021\\\/02\\\/cropped-Radio_Ljubuski_logo1.jpg\",\"width\":512,\"height\":512,\"caption\":\"Radio Ljubu\u0161ki\"},\"image\":{\"@id\":\"https:\\\/\\\/radioljubuski.ba\\\/#\\\/schema\\\/logo\\\/image\\\/\"},\"sameAs\":[\"https:\\\/\\\/www.facebook.com\\\/Radiio-Ljubuski-1490835324566332\",\"https:\\\/\\\/x.com\\\/radioljubuski\",\"https:\\\/\\\/hr.linkedin.com\\\/company\\\/radio-ljubuski\",\"https:\\\/\\\/www.youtube.com\\\/channel\\\/UCHYaeO_n0Db3tjNGudGpXyw\"]},{\"@type\":\"Person\",\"@id\":\"https:\\\/\\\/radioljubuski.ba\\\/#\\\/schema\\\/person\\\/19fc700381a780f69665d7956c469e3b\",\"name\":\"Radio Ljubu\u0161ki\"}]}<\/script>\n<!-- \/ Yoast SEO plugin. -->","yoast_head_json":{"title":"Dvije Vlade razgovarale o epidemilo\u0161koj situaciji, turizmu i o provedenim aktivnostima u cilju spre\u010davanja negativnih posljedica pandemije na gospodarstvo... - RADIO LJUBU\u0160KI","robots":{"index":"index","follow":"follow","max-snippet":"max-snippet:-1","max-image-preview":"max-image-preview:large","max-video-preview":"max-video-preview:-1"},"canonical":"https:\/\/radioljubuski.ba\/index.php\/2021\/05\/20\/dvije-vlade-razgovarale-o-epidemiloskoj-situaciji-turizmu-i-o-provedenim-aktivnostima-u-cilju-sprecavanja-negativnih-posljedica-pandemije-na-gospodarstvo\/","og_locale":"hr_HR","og_type":"article","og_title":"Dvije Vlade razgovarale o epidemilo\u0161koj situaciji, turizmu i o provedenim aktivnostima u cilju spre\u010davanja negativnih posljedica pandemije na gospodarstvo... - RADIO LJUBU\u0160KI","og_description":"Izaslanstvo Vlade Federacije BiH kojeg su \u010dinili predsjednik Fadil Novali\u0107, dopredsjednici Jelka Mili\u0107evi\u0107 i Vesko Drlja\u010da, te ministri: Edita \u0110apo i Denis Lasi\u0107 boravilo je danas u radnoj posjeti Vladi Hercegova\u010dko-neretvanske \u017eupanije gdje su se susreli s izaslanstvom Vlade u sastavu: predsjednik dr. sc. Nevenko Herceg, te ministri Stjepan Krasi\u0107, Donko Jovi\u0107, \u017deljko Laketi\u0107 i [&hellip;]","og_url":"https:\/\/radioljubuski.ba\/index.php\/2021\/05\/20\/dvije-vlade-razgovarale-o-epidemiloskoj-situaciji-turizmu-i-o-provedenim-aktivnostima-u-cilju-sprecavanja-negativnih-posljedica-pandemije-na-gospodarstvo\/","og_site_name":"RADIO LJUBU\u0160KI","article_publisher":"https:\/\/www.facebook.com\/Radiio-Ljubuski-1490835324566332","article_published_time":"2021-05-20T18:26:25+00:00","article_modified_time":"2021-05-20T18:26:26+00:00","og_image":[{"width":1000,"height":625,"url":"https:\/\/radioljubuski.ba\/wp-content\/uploads\/2021\/05\/8-2021-05-20-15-59-27-IZASLANSTVO-VLADE-HNZ-I-FBIH.jpg","type":"image\/jpeg"}],"author":"Radio Ljubu\u0161ki","twitter_card":"summary_large_image","twitter_creator":"@radioljubuski","twitter_site":"@radioljubuski","twitter_misc":{"Napisao\/la":"Radio Ljubu\u0161ki","Procijenjeno vrijeme \u010ditanja":"4 minute"},"schema":{"@context":"https:\/\/schema.org","@graph":[{"@type":"Article","@id":"https:\/\/radioljubuski.ba\/index.php\/2021\/05\/20\/dvije-vlade-razgovarale-o-epidemiloskoj-situaciji-turizmu-i-o-provedenim-aktivnostima-u-cilju-sprecavanja-negativnih-posljedica-pandemije-na-gospodarstvo\/#article","isPartOf":{"@id":"https:\/\/radioljubuski.ba\/index.php\/2021\/05\/20\/dvije-vlade-razgovarale-o-epidemiloskoj-situaciji-turizmu-i-o-provedenim-aktivnostima-u-cilju-sprecavanja-negativnih-posljedica-pandemije-na-gospodarstvo\/"},"author":{"name":"Radio Ljubu\u0161ki","@id":"https:\/\/radioljubuski.ba\/#\/schema\/person\/19fc700381a780f69665d7956c469e3b"},"headline":"Dvije Vlade razgovarale o epidemilo\u0161koj situaciji, turizmu i o provedenim aktivnostima u cilju spre\u010davanja negativnih posljedica pandemije na gospodarstvo&#8230;","datePublished":"2021-05-20T18:26:25+00:00","dateModified":"2021-05-20T18:26:26+00:00","mainEntityOfPage":{"@id":"https:\/\/radioljubuski.ba\/index.php\/2021\/05\/20\/dvije-vlade-razgovarale-o-epidemiloskoj-situaciji-turizmu-i-o-provedenim-aktivnostima-u-cilju-sprecavanja-negativnih-posljedica-pandemije-na-gospodarstvo\/"},"wordCount":753,"publisher":{"@id":"https:\/\/radioljubuski.ba\/#organization"},"image":{"@id":"https:\/\/radioljubuski.ba\/index.php\/2021\/05\/20\/dvije-vlade-razgovarale-o-epidemiloskoj-situaciji-turizmu-i-o-provedenim-aktivnostima-u-cilju-sprecavanja-negativnih-posljedica-pandemije-na-gospodarstvo\/#primaryimage"},"thumbnailUrl":"https:\/\/radioljubuski.ba\/wp-content\/uploads\/2021\/05\/8-2021-05-20-15-59-27-IZASLANSTVO-VLADE-HNZ-I-FBIH.jpg","articleSection":["BIH i regija"],"inLanguage":"hr"},{"@type":"WebPage","@id":"https:\/\/radioljubuski.ba\/index.php\/2021\/05\/20\/dvije-vlade-razgovarale-o-epidemiloskoj-situaciji-turizmu-i-o-provedenim-aktivnostima-u-cilju-sprecavanja-negativnih-posljedica-pandemije-na-gospodarstvo\/","url":"https:\/\/radioljubuski.ba\/index.php\/2021\/05\/20\/dvije-vlade-razgovarale-o-epidemiloskoj-situaciji-turizmu-i-o-provedenim-aktivnostima-u-cilju-sprecavanja-negativnih-posljedica-pandemije-na-gospodarstvo\/","name":"Dvije Vlade razgovarale o epidemilo\u0161koj situaciji, turizmu i o provedenim aktivnostima u cilju spre\u010davanja negativnih posljedica pandemije na gospodarstvo... - RADIO LJUBU\u0160KI","isPartOf":{"@id":"https:\/\/radioljubuski.ba\/#website"},"primaryImageOfPage":{"@id":"https:\/\/radioljubuski.ba\/index.php\/2021\/05\/20\/dvije-vlade-razgovarale-o-epidemiloskoj-situaciji-turizmu-i-o-provedenim-aktivnostima-u-cilju-sprecavanja-negativnih-posljedica-pandemije-na-gospodarstvo\/#primaryimage"},"image":{"@id":"https:\/\/radioljubuski.ba\/index.php\/2021\/05\/20\/dvije-vlade-razgovarale-o-epidemiloskoj-situaciji-turizmu-i-o-provedenim-aktivnostima-u-cilju-sprecavanja-negativnih-posljedica-pandemije-na-gospodarstvo\/#primaryimage"},"thumbnailUrl":"https:\/\/radioljubuski.ba\/wp-content\/uploads\/2021\/05\/8-2021-05-20-15-59-27-IZASLANSTVO-VLADE-HNZ-I-FBIH.jpg","datePublished":"2021-05-20T18:26:25+00:00","dateModified":"2021-05-20T18:26:26+00:00","breadcrumb":{"@id":"https:\/\/radioljubuski.ba\/index.php\/2021\/05\/20\/dvije-vlade-razgovarale-o-epidemiloskoj-situaciji-turizmu-i-o-provedenim-aktivnostima-u-cilju-sprecavanja-negativnih-posljedica-pandemije-na-gospodarstvo\/#breadcrumb"},"inLanguage":"hr","potentialAction":[{"@type":"ReadAction","target":["https:\/\/radioljubuski.ba\/index.php\/2021\/05\/20\/dvije-vlade-razgovarale-o-epidemiloskoj-situaciji-turizmu-i-o-provedenim-aktivnostima-u-cilju-sprecavanja-negativnih-posljedica-pandemije-na-gospodarstvo\/"]}]},{"@type":"ImageObject","inLanguage":"hr","@id":"https:\/\/radioljubuski.ba\/index.php\/2021\/05\/20\/dvije-vlade-razgovarale-o-epidemiloskoj-situaciji-turizmu-i-o-provedenim-aktivnostima-u-cilju-sprecavanja-negativnih-posljedica-pandemije-na-gospodarstvo\/#primaryimage","url":"https:\/\/radioljubuski.ba\/wp-content\/uploads\/2021\/05\/8-2021-05-20-15-59-27-IZASLANSTVO-VLADE-HNZ-I-FBIH.jpg","contentUrl":"https:\/\/radioljubuski.ba\/wp-content\/uploads\/2021\/05\/8-2021-05-20-15-59-27-IZASLANSTVO-VLADE-HNZ-I-FBIH.jpg","width":1000,"height":625},{"@type":"BreadcrumbList","@id":"https:\/\/radioljubuski.ba\/index.php\/2021\/05\/20\/dvije-vlade-razgovarale-o-epidemiloskoj-situaciji-turizmu-i-o-provedenim-aktivnostima-u-cilju-sprecavanja-negativnih-posljedica-pandemije-na-gospodarstvo\/#breadcrumb","itemListElement":[{"@type":"ListItem","position":1,"name":"Po\u010detna stranica","item":"https:\/\/radioljubuski.ba\/"},{"@type":"ListItem","position":2,"name":"Dvije Vlade razgovarale o epidemilo\u0161koj situaciji, turizmu i o provedenim aktivnostima u cilju spre\u010davanja negativnih posljedica pandemije na gospodarstvo&#8230;"}]},{"@type":"WebSite","@id":"https:\/\/radioljubuski.ba\/#website","url":"https:\/\/radioljubuski.ba\/","name":"Radio Ljubu\u0161ki","description":"Sun\u010dana frekvencija Hercegovine","publisher":{"@id":"https:\/\/radioljubuski.ba\/#organization"},"potentialAction":[{"@type":"SearchAction","target":{"@type":"EntryPoint","urlTemplate":"https:\/\/radioljubuski.ba\/?s={search_term_string}"},"query-input":{"@type":"PropertyValueSpecification","valueRequired":true,"valueName":"search_term_string"}}],"inLanguage":"hr"},{"@type":"Organization","@id":"https:\/\/radioljubuski.ba\/#organization","name":"Radio Ljubu\u0161ki","url":"https:\/\/radioljubuski.ba\/","logo":{"@type":"ImageObject","inLanguage":"hr","@id":"https:\/\/radioljubuski.ba\/#\/schema\/logo\/image\/","url":"https:\/\/radioljubuski.ba\/wp-content\/uploads\/2021\/02\/cropped-Radio_Ljubuski_logo1.jpg","contentUrl":"https:\/\/radioljubuski.ba\/wp-content\/uploads\/2021\/02\/cropped-Radio_Ljubuski_logo1.jpg","width":512,"height":512,"caption":"Radio Ljubu\u0161ki"},"image":{"@id":"https:\/\/radioljubuski.ba\/#\/schema\/logo\/image\/"},"sameAs":["https:\/\/www.facebook.com\/Radiio-Ljubuski-1490835324566332","https:\/\/x.com\/radioljubuski","https:\/\/hr.linkedin.com\/company\/radio-ljubuski","https:\/\/www.youtube.com\/channel\/UCHYaeO_n0Db3tjNGudGpXyw"]},{"@type":"Person","@id":"https:\/\/radioljubuski.ba\/#\/schema\/person\/19fc700381a780f69665d7956c469e3b","name":"Radio Ljubu\u0161ki"}]}},"_links":{"self":[{"href":"https:\/\/radioljubuski.ba\/index.php\/wp-json\/wp\/v2\/posts\/23551","targetHints":{"allow":["GET"]}}],"collection":[{"href":"https:\/\/radioljubuski.ba\/index.php\/wp-json\/wp\/v2\/posts"}],"about":[{"href":"https:\/\/radioljubuski.ba\/index.php\/wp-json\/wp\/v2\/types\/post"}],"author":[{"embeddable":true,"href":"https:\/\/radioljubuski.ba\/index.php\/wp-json\/wp\/v2\/users\/2"}],"replies":[{"embeddable":true,"href":"https:\/\/radioljubuski.ba\/index.php\/wp-json\/wp\/v2\/comments?post=23551"}],"version-history":[{"count":1,"href":"https:\/\/radioljubuski.ba\/index.php\/wp-json\/wp\/v2\/posts\/23551\/revisions"}],"predecessor-version":[{"id":23554,"href":"https:\/\/radioljubuski.ba\/index.php\/wp-json\/wp\/v2\/posts\/23551\/revisions\/23554"}],"wp:featuredmedia":[{"embeddable":true,"href":"https:\/\/radioljubuski.ba\/index.php\/wp-json\/wp\/v2\/media\/23552"}],"wp:attachment":[{"href":"https:\/\/radioljubuski.ba\/index.php\/wp-json\/wp\/v2\/media?parent=23551"}],"wp:term":[{"taxonomy":"category","embeddable":true,"href":"https:\/\/radioljubuski.ba\/index.php\/wp-json\/wp\/v2\/categories?post=23551"},{"taxonomy":"post_tag","embeddable":true,"href":"https:\/\/radioljubuski.ba\/index.php\/wp-json\/wp\/v2\/tags?post=23551"}],"curies":[{"name":"wp","href":"https:\/\/api.w.org\/{rel}","templated":true}]}}