{"id":2393,"date":"2021-03-10T09:26:40","date_gmt":"2021-03-10T08:26:40","guid":{"rendered":"https:\/\/radioljubuski.ba\/?p=2393"},"modified":"2021-03-10T09:26:41","modified_gmt":"2021-03-10T08:26:41","slug":"deset-godina-od-fukushime-zivot-se-tesko-obnavlja","status":"publish","type":"post","link":"https:\/\/radioljubuski.ba\/index.php\/2021\/03\/10\/deset-godina-od-fukushime-zivot-se-tesko-obnavlja\/","title":{"rendered":"Deset godina od Fukushime, \u017eivot se te\u0161ko obnavlja"},"content":{"rendered":"\n<p>Kad je 11. o\u017eujka 2011. sna\u017ean potres pra\u0107en cunamijem pogodio Japan, razoriv\u0161i gradove i izazvav\u0161i taljenje jezgri nuklearnih reaktora u Fukushimi, svijet je u\u017easnuto promatrao kaoti\u010dnu borbu s najgorom svjetskom nuklearnom katastrofom nakon \u010cernobila.<\/p>\n\n\n\n<p>Razorni valovi izazvani potresom magnitude 9,0 stupnjeva pogodili su sjeveroisto\u010dnu obalu zemlje, ubili gotovo 20.000 ljudi i uni\u0161tili nuklearnu elektranu Fukushima. &nbsp;<\/p>\n\n\n\n<p>Vi\u0161e od 160.000 ljudi pobjeglo je pred radijacijom.<\/p>\n\n\n\n<p>Neki su tada, uklju\u010duju\u0107i premijera Naoto Kana, strahovali da \u0107e evakuiran morati biti i Tokio ili neki drugi gradovi.<\/p>\n\n\n\n<p>Kiyoshi Kurokawa vodio je istragu koja je zaklju\u010dila da je za katastrofu odgovoran \u010dovjek.<\/p>\n\n\n\n<p>Vlada je potro\u0161ila gotovo 300 milijardi ameri\u010dkih dolara za obnovu regije Tohoku koju je uni\u0161tio cunami, ali u podru\u010dja oko nuklearke u Fukushimi pristup i dalje nije mogu\u0107, radijacija i dalje izaziva zabrinutost, a mnogi koji su oti\u0161li nastanili su se drugdje i ondje i ostali.<\/p>\n\n\n\n<p>Dekomisija nuklearke trajat \u0107e desetlje\u0107ima i stajati milijarde dolara.<\/p>\n\n\n\n<p>Masakazu Daibo ponovno je otvorio obiteljski restoran u dijelu Japana koji je progla\u0161en zatvorenom zonom nakon nuklearne katastrofe 2011., ali gotovo da nema susjeda.<\/p>\n\n\n\n<p>Deset godina nakon \u0161to je radijacija primorala tisu\u0107e ljudi da pobjegnu iz svojih domova u Fuku\u0161imi, neki gradovi u toj regiji i dalje se te\u0161ko nose s pitanjem kako obnoviti \u017eivot u zajednici.&nbsp;<\/p>\n\n\n\n<p>U 12 % prefekture Fukushime nije bio dopu\u0161ten pristup nakon katastrofe i oko 165.000 ljudi pobjeglo je iz svojih domova ili za vrijeme evakuacije ili dobrovoljno.<\/p>\n\n\n\n<p>Mnogobrojna podru\u010dja od tada su progla\u0161ena sigurnima nakon detaljne dekontaminacije i ljudima se nude poticaji da se vrate. Ali mnogi oklijevaju.<\/p>\n\n\n\n<p>Daibo se vratio tek pro\u0161le godine, ponovno otvoriv\u0161i restoran koji je otvorio njegov djed u gradu Namieju, oko devet kilometara od nuklearne elektrane.<\/p>\n\n\n\n<p>Namie i 11 susjednih zajednica bili su dio zatvorene zone oko elektrane i Daibo je godinama mogao do\u0107i samo u kratke posjete.<\/p>\n\n\n\n<p>Nije bilo ljudi, ali grad je ostao. Bilo je zaista kao na filmskom setu, rekao je taj 65-godi\u0161njak AFP-u.<\/p>\n\n\n\n<p>Nisam \u010duo ljudske glasove, ali vidio sam samo divlje pse, krave, svinje. Sve u restoranu morao je baciti jer je bilo radioaktivno.<\/p>\n\n\n\n<p>Daibo i njegova supruga oklijevali su vratiti se, ali nakon \u0161to su restrikcije ukinute 2017. odlu\u010dili su da \u0107e poku\u0161ati o\u017eivjeti pro\u0161lost.<\/p>\n\n\n\n<p>&#8211; Nadam se da \u0107e moje prisustvo baciti svjetlo na ovaj grad, rekao je Daibo, ali rijetki su ga slijedili.<\/p>\n\n\n\n<p>Restoran okru\u017euju prazne parcele obrasle korovom.<\/p>\n\n\n\n<p>Restrikcije su ukinute za samo 20 % Namieja, a u gradu \u017eivi samo sedam % od nekada\u0161njih 21.000 stanovnika, unato\u010d poticajima koji uklju\u010duju sni\u017eene najamnine i novac za selidbu i obnovu.<\/p>\n\n\n\n<p>Oko 36 % stanovnika su u dobi od 65 godina ili vi\u0161e, dok je nacionalni prosjek 29 godina, a samo 30 u\u010denika poha\u0111a lokalnu osnovnu i srednju \u0161kolu, prema gotovo 1800 prije.<\/p>\n\n\n\n<p>Japan se bori s niskim natalitetom i starenjem stanovni\u0161tva, a u Namieju to je i vi\u0161e nego o\u010dito.<\/p>\n\n\n\n<p>Osje\u0107amo se kao da smo se iznenada na\u0161li u budu\u0107nosti udaljenoj 20 godina od sada, rekao je gradski du\u017enosnik Takanori Matsumoto.<\/p>\n\n\n\n<p>Namie se nada da \u0107e pove\u0107ati broj stanovnika na 8000 do 2035., uz pomo\u0107 nacionalnih subvencija do 18.000 dolara po novoj obitelji koja se doseli.<\/p>\n\n\n\n<p>Najva\u017enije nam je pre\u017eivjeti kao zajednica, rekao je Matsumoto.<\/p>\n\n\n\n<p>Samo ne\u0161to preko dva % Fukushime i dalje je pod obvezom evakuacije, a broj evakuiranih slu\u017ebeno iznosi oko 35.700, premda neki stru\u010dnjaci smatraju da bi mogao biti i dva puta ve\u0107i.<\/p>\n\n\n\n<p>No ne postoji rok za ukidanje evakuacije, a mnogi sumnjaju da dekomisija nuklearke mo\u017ee biti dovr\u0161ena u roku do 2041.<\/p>\n\n\n\n<p>Mnogi ljudi boje se vratiti zbog straha od radijacije i nepovjerenja u dekontaminaciju.<\/p>\n\n\n\n<p>&#8211; Nije da se ne\u0107u vratiti. Vi\u0161e je da se ne mogu vratiti, rekla je Megumi Okada, koja je u vrijeme katastrofe bila trudna s tre\u0107im djetetom, a oti\u0161la je unato\u010d tome \u0161to je bila izvan slu\u017ebene zone za evakuaciju.<\/p>\n\n\n\n<p>Da sam sama, vratila bih se ku\u0107i, dodala je 38-godi\u0161njakinja, sada majka \u010detvero djece koja \u017eivi u Tokiju, ali kao majka \u017eelim izbje\u0107i rizike za svoju djecu.<\/p>\n\n\n\n<p>Gotovo dvije tre\u0107ine evakuiranih iz Fukuime ne planiraju se vratiti, po ispitivanju Sveu\u010dili\u0161ta Kwansei Gakuin iz 2020.<\/p>\n\n\n\n<p>Mnogi ka\u017eu da ne mogu vjerovati u dekomisiju i njihovo nepovjerenje u vladine mjere je duboko, rekao je Yoko Saito, izvanredni profesor koji je sudjelovao u istra\u017eivanju.<\/p>\n\n\n\n<p>Stopa povratnika u ponovno otvorena podru\u010dja jako varira.<\/p>\n\n\n\n<p>U Kawauchiju,koji je ukinuo posljednju naredbu o evakuaciji 2016., sada \u017eivi 68 % stanovnika u odnosu na razdoblje prije 2011.<\/p>\n\n\n\n<p>U Fubati je situacija druga\u010dija. Pro\u0161le godine otvoren je samo jedan mali dio grada, ali nitko se nije vratio.<\/p>\n\n\n\n<p>Sve ceste koje vode u zone koje su zatvorene blokiraju barikade, a oni koji ulaze moraju nositi plasti\u010dna odjela i prekriti kosu i cipele. Kada odlaze mjeri se koliko su ozra\u010deni.<\/p>\n\n\n\n<p>Podru\u010dje je puno ru\u0161evnih zgrada o kojima se nitko ne brine zbog radijacije.<\/p>\n\n\n\n<p>Mnogima koji su se vratili u ponovno otvorena podru\u010dja povratak izaziva kontradiktorne osje\u0107aje.<\/p>\n\n\n\n<p>Takao Kohata vratio se u Minamisomu nakon \u0161to su vlasti ukinule restrikcije, ali i dalje ga progoni strah od radijacije.<\/p>\n\n\n\n<p>Vladini du\u017enosnici hvale se da strogo kontroliraju hranu u regiji, ali mnogi su i dalje nervozni, rekao je 83-godi\u0161njak. Ima \u010detvero unuka, ali njihovi roditelji ne dopu\u0161taju mu da ga posjete jer se boje radijacije.<\/p>\n\n\n\n<p>Sasvim ih razumijem, ali osje\u0107am se pomalo tu\u017eno i usamljeno, rekao je.<\/p>\n\n\n\n<p>Neki evakuirani kazali su da osje\u0107aju da ih se prisiljava da se vrate jer im vlada postupno ukida potpore.<\/p>\n\n\n\n<p>Na kraju ostaju oni koji nemaju kamo i imaju mala primanja, rekao je Shohei Yamane, socijalni radnik koji radi s evakuiranima. Ova katastrofa ne\u0107e zavr\u0161iti dok god budu postojali evakuirani kojima treba pomo\u0107, dodao je.<\/p>\n\n\n\n<p>Neki koji su se vratili shvatili su da je potrebno vi\u0161e od obnove da bi se obnovile zajednice.<\/p>\n\n\n\n<p>Yuko Hikichi poma\u017ee organizirati okupljanja i grupna vje\u017ebanja kako bi oja\u010dale veze me\u0111u ljudima u Namieju.<\/p>\n\n\n\n<p>Tek smo na po\u010detku&#8230; Izgradnja zajednice nije laka. Nema kraja, kazala je.<\/p>\n\n\n\n<p>Masaru Kumakawa to jako dobro zna. U Namie se vratio prije tri godine, unato\u010d tome \u0161to je ostao bez supruge u cunamiju, a sada \u017eivi sam u novoj \u010detvrti. Taj 83-godi\u0161njak vodi lokalnu udrugu, ali te\u0161ko uspostavlja kontakt sa susjedima.<\/p>\n\n\n\n<p>Predugo su \u017eivjeli u evakuaciji, rekao je u novosagra\u0111enom dru\u0161tvenom domu.<\/p>\n\n\n\n<p>Zvonimo na vrata, ali nitko ne izlazi.<\/p>\n\n\n\n<p><strong>Izvor: pogled.ba<\/strong><\/p>\n","protected":false},"excerpt":{"rendered":"<p>Kad je 11. o\u017eujka 2011. sna\u017ean potres pra\u0107en cunamijem pogodio Japan, razoriv\u0161i gradove i izazvav\u0161i taljenje jezgri nuklearnih reaktora u Fukushimi, svijet je u\u017easnuto promatrao kaoti\u010dnu borbu s najgorom svjetskom nuklearnom katastrofom nakon \u010cernobila. Razorni valovi izazvani potresom magnitude 9,0 stupnjeva pogodili su sjeveroisto\u010dnu obalu zemlje, ubili gotovo 20.000 ljudi i uni\u0161tili nuklearnu elektranu Fukushima. [&hellip;]<\/p>\n","protected":false},"author":2,"featured_media":2394,"comment_status":"closed","ping_status":"closed","sticky":false,"template":"","format":"standard","meta":{"h5ap_radio_sources":[],"footnotes":""},"categories":[1],"tags":[],"class_list":["post-2393","post","type-post","status-publish","format-standard","has-post-thumbnail","hentry","category-bihiregija"],"yoast_head":"<!-- This site is optimized with the Yoast SEO plugin v27.5 - https:\/\/yoast.com\/product\/yoast-seo-wordpress\/ -->\n<title>Deset godina od Fukushime, \u017eivot se te\u0161ko obnavlja - RADIO LJUBU\u0160KI<\/title>\n<meta name=\"robots\" content=\"index, follow, max-snippet:-1, max-image-preview:large, max-video-preview:-1\" \/>\n<link rel=\"canonical\" href=\"https:\/\/radioljubuski.ba\/index.php\/2021\/03\/10\/deset-godina-od-fukushime-zivot-se-tesko-obnavlja\/\" \/>\n<meta property=\"og:locale\" content=\"hr_HR\" \/>\n<meta property=\"og:type\" content=\"article\" \/>\n<meta property=\"og:title\" content=\"Deset godina od Fukushime, \u017eivot se te\u0161ko obnavlja - RADIO LJUBU\u0160KI\" \/>\n<meta property=\"og:description\" content=\"Kad je 11. o\u017eujka 2011. sna\u017ean potres pra\u0107en cunamijem pogodio Japan, razoriv\u0161i gradove i izazvav\u0161i taljenje jezgri nuklearnih reaktora u Fukushimi, svijet je u\u017easnuto promatrao kaoti\u010dnu borbu s najgorom svjetskom nuklearnom katastrofom nakon \u010cernobila. Razorni valovi izazvani potresom magnitude 9,0 stupnjeva pogodili su sjeveroisto\u010dnu obalu zemlje, ubili gotovo 20.000 ljudi i uni\u0161tili nuklearnu elektranu Fukushima. [&hellip;]\" \/>\n<meta property=\"og:url\" content=\"https:\/\/radioljubuski.ba\/index.php\/2021\/03\/10\/deset-godina-od-fukushime-zivot-se-tesko-obnavlja\/\" \/>\n<meta property=\"og:site_name\" content=\"RADIO LJUBU\u0160KI\" \/>\n<meta property=\"article:publisher\" content=\"https:\/\/www.facebook.com\/Radiio-Ljubuski-1490835324566332\" \/>\n<meta property=\"article:published_time\" content=\"2021-03-10T08:26:40+00:00\" \/>\n<meta property=\"article:modified_time\" content=\"2021-03-10T08:26:41+00:00\" \/>\n<meta property=\"og:image\" content=\"https:\/\/radioljubuski.ba\/wp-content\/uploads\/2021\/03\/fukushima.jpg\" \/>\n\t<meta property=\"og:image:width\" content=\"1000\" \/>\n\t<meta property=\"og:image:height\" content=\"625\" \/>\n\t<meta property=\"og:image:type\" content=\"image\/jpeg\" \/>\n<meta name=\"author\" content=\"Radio Ljubu\u0161ki\" \/>\n<meta name=\"twitter:card\" content=\"summary_large_image\" \/>\n<meta name=\"twitter:creator\" content=\"@radioljubuski\" \/>\n<meta name=\"twitter:site\" content=\"@radioljubuski\" \/>\n<meta name=\"twitter:label1\" content=\"Napisao\/la\" \/>\n\t<meta name=\"twitter:data1\" content=\"Radio Ljubu\u0161ki\" \/>\n\t<meta name=\"twitter:label2\" content=\"Procijenjeno vrijeme \u010ditanja\" \/>\n\t<meta name=\"twitter:data2\" content=\"5 minuta\" \/>\n<script type=\"application\/ld+json\" class=\"yoast-schema-graph\">{\"@context\":\"https:\\\/\\\/schema.org\",\"@graph\":[{\"@type\":\"Article\",\"@id\":\"https:\\\/\\\/radioljubuski.ba\\\/index.php\\\/2021\\\/03\\\/10\\\/deset-godina-od-fukushime-zivot-se-tesko-obnavlja\\\/#article\",\"isPartOf\":{\"@id\":\"https:\\\/\\\/radioljubuski.ba\\\/index.php\\\/2021\\\/03\\\/10\\\/deset-godina-od-fukushime-zivot-se-tesko-obnavlja\\\/\"},\"author\":{\"name\":\"Radio Ljubu\u0161ki\",\"@id\":\"https:\\\/\\\/radioljubuski.ba\\\/#\\\/schema\\\/person\\\/19fc700381a780f69665d7956c469e3b\"},\"headline\":\"Deset godina od Fukushime, \u017eivot se te\u0161ko obnavlja\",\"datePublished\":\"2021-03-10T08:26:40+00:00\",\"dateModified\":\"2021-03-10T08:26:41+00:00\",\"mainEntityOfPage\":{\"@id\":\"https:\\\/\\\/radioljubuski.ba\\\/index.php\\\/2021\\\/03\\\/10\\\/deset-godina-od-fukushime-zivot-se-tesko-obnavlja\\\/\"},\"wordCount\":1107,\"publisher\":{\"@id\":\"https:\\\/\\\/radioljubuski.ba\\\/#organization\"},\"image\":{\"@id\":\"https:\\\/\\\/radioljubuski.ba\\\/index.php\\\/2021\\\/03\\\/10\\\/deset-godina-od-fukushime-zivot-se-tesko-obnavlja\\\/#primaryimage\"},\"thumbnailUrl\":\"https:\\\/\\\/radioljubuski.ba\\\/wp-content\\\/uploads\\\/2021\\\/03\\\/fukushima.jpg\",\"articleSection\":[\"BIH i regija\"],\"inLanguage\":\"hr\"},{\"@type\":\"WebPage\",\"@id\":\"https:\\\/\\\/radioljubuski.ba\\\/index.php\\\/2021\\\/03\\\/10\\\/deset-godina-od-fukushime-zivot-se-tesko-obnavlja\\\/\",\"url\":\"https:\\\/\\\/radioljubuski.ba\\\/index.php\\\/2021\\\/03\\\/10\\\/deset-godina-od-fukushime-zivot-se-tesko-obnavlja\\\/\",\"name\":\"Deset godina od Fukushime, \u017eivot se te\u0161ko obnavlja - RADIO LJUBU\u0160KI\",\"isPartOf\":{\"@id\":\"https:\\\/\\\/radioljubuski.ba\\\/#website\"},\"primaryImageOfPage\":{\"@id\":\"https:\\\/\\\/radioljubuski.ba\\\/index.php\\\/2021\\\/03\\\/10\\\/deset-godina-od-fukushime-zivot-se-tesko-obnavlja\\\/#primaryimage\"},\"image\":{\"@id\":\"https:\\\/\\\/radioljubuski.ba\\\/index.php\\\/2021\\\/03\\\/10\\\/deset-godina-od-fukushime-zivot-se-tesko-obnavlja\\\/#primaryimage\"},\"thumbnailUrl\":\"https:\\\/\\\/radioljubuski.ba\\\/wp-content\\\/uploads\\\/2021\\\/03\\\/fukushima.jpg\",\"datePublished\":\"2021-03-10T08:26:40+00:00\",\"dateModified\":\"2021-03-10T08:26:41+00:00\",\"breadcrumb\":{\"@id\":\"https:\\\/\\\/radioljubuski.ba\\\/index.php\\\/2021\\\/03\\\/10\\\/deset-godina-od-fukushime-zivot-se-tesko-obnavlja\\\/#breadcrumb\"},\"inLanguage\":\"hr\",\"potentialAction\":[{\"@type\":\"ReadAction\",\"target\":[\"https:\\\/\\\/radioljubuski.ba\\\/index.php\\\/2021\\\/03\\\/10\\\/deset-godina-od-fukushime-zivot-se-tesko-obnavlja\\\/\"]}]},{\"@type\":\"ImageObject\",\"inLanguage\":\"hr\",\"@id\":\"https:\\\/\\\/radioljubuski.ba\\\/index.php\\\/2021\\\/03\\\/10\\\/deset-godina-od-fukushime-zivot-se-tesko-obnavlja\\\/#primaryimage\",\"url\":\"https:\\\/\\\/radioljubuski.ba\\\/wp-content\\\/uploads\\\/2021\\\/03\\\/fukushima.jpg\",\"contentUrl\":\"https:\\\/\\\/radioljubuski.ba\\\/wp-content\\\/uploads\\\/2021\\\/03\\\/fukushima.jpg\",\"width\":1000,\"height\":625},{\"@type\":\"BreadcrumbList\",\"@id\":\"https:\\\/\\\/radioljubuski.ba\\\/index.php\\\/2021\\\/03\\\/10\\\/deset-godina-od-fukushime-zivot-se-tesko-obnavlja\\\/#breadcrumb\",\"itemListElement\":[{\"@type\":\"ListItem\",\"position\":1,\"name\":\"Po\u010detna stranica\",\"item\":\"https:\\\/\\\/radioljubuski.ba\\\/\"},{\"@type\":\"ListItem\",\"position\":2,\"name\":\"Deset godina od Fukushime, \u017eivot se te\u0161ko obnavlja\"}]},{\"@type\":\"WebSite\",\"@id\":\"https:\\\/\\\/radioljubuski.ba\\\/#website\",\"url\":\"https:\\\/\\\/radioljubuski.ba\\\/\",\"name\":\"Radio Ljubu\u0161ki\",\"description\":\"Sun\u010dana frekvencija Hercegovine\",\"publisher\":{\"@id\":\"https:\\\/\\\/radioljubuski.ba\\\/#organization\"},\"potentialAction\":[{\"@type\":\"SearchAction\",\"target\":{\"@type\":\"EntryPoint\",\"urlTemplate\":\"https:\\\/\\\/radioljubuski.ba\\\/?s={search_term_string}\"},\"query-input\":{\"@type\":\"PropertyValueSpecification\",\"valueRequired\":true,\"valueName\":\"search_term_string\"}}],\"inLanguage\":\"hr\"},{\"@type\":\"Organization\",\"@id\":\"https:\\\/\\\/radioljubuski.ba\\\/#organization\",\"name\":\"Radio Ljubu\u0161ki\",\"url\":\"https:\\\/\\\/radioljubuski.ba\\\/\",\"logo\":{\"@type\":\"ImageObject\",\"inLanguage\":\"hr\",\"@id\":\"https:\\\/\\\/radioljubuski.ba\\\/#\\\/schema\\\/logo\\\/image\\\/\",\"url\":\"https:\\\/\\\/radioljubuski.ba\\\/wp-content\\\/uploads\\\/2021\\\/02\\\/cropped-Radio_Ljubuski_logo1.jpg\",\"contentUrl\":\"https:\\\/\\\/radioljubuski.ba\\\/wp-content\\\/uploads\\\/2021\\\/02\\\/cropped-Radio_Ljubuski_logo1.jpg\",\"width\":512,\"height\":512,\"caption\":\"Radio Ljubu\u0161ki\"},\"image\":{\"@id\":\"https:\\\/\\\/radioljubuski.ba\\\/#\\\/schema\\\/logo\\\/image\\\/\"},\"sameAs\":[\"https:\\\/\\\/www.facebook.com\\\/Radiio-Ljubuski-1490835324566332\",\"https:\\\/\\\/x.com\\\/radioljubuski\",\"https:\\\/\\\/hr.linkedin.com\\\/company\\\/radio-ljubuski\",\"https:\\\/\\\/www.youtube.com\\\/channel\\\/UCHYaeO_n0Db3tjNGudGpXyw\"]},{\"@type\":\"Person\",\"@id\":\"https:\\\/\\\/radioljubuski.ba\\\/#\\\/schema\\\/person\\\/19fc700381a780f69665d7956c469e3b\",\"name\":\"Radio Ljubu\u0161ki\"}]}<\/script>\n<!-- \/ Yoast SEO plugin. -->","yoast_head_json":{"title":"Deset godina od Fukushime, \u017eivot se te\u0161ko obnavlja - RADIO LJUBU\u0160KI","robots":{"index":"index","follow":"follow","max-snippet":"max-snippet:-1","max-image-preview":"max-image-preview:large","max-video-preview":"max-video-preview:-1"},"canonical":"https:\/\/radioljubuski.ba\/index.php\/2021\/03\/10\/deset-godina-od-fukushime-zivot-se-tesko-obnavlja\/","og_locale":"hr_HR","og_type":"article","og_title":"Deset godina od Fukushime, \u017eivot se te\u0161ko obnavlja - RADIO LJUBU\u0160KI","og_description":"Kad je 11. o\u017eujka 2011. sna\u017ean potres pra\u0107en cunamijem pogodio Japan, razoriv\u0161i gradove i izazvav\u0161i taljenje jezgri nuklearnih reaktora u Fukushimi, svijet je u\u017easnuto promatrao kaoti\u010dnu borbu s najgorom svjetskom nuklearnom katastrofom nakon \u010cernobila. Razorni valovi izazvani potresom magnitude 9,0 stupnjeva pogodili su sjeveroisto\u010dnu obalu zemlje, ubili gotovo 20.000 ljudi i uni\u0161tili nuklearnu elektranu Fukushima. [&hellip;]","og_url":"https:\/\/radioljubuski.ba\/index.php\/2021\/03\/10\/deset-godina-od-fukushime-zivot-se-tesko-obnavlja\/","og_site_name":"RADIO LJUBU\u0160KI","article_publisher":"https:\/\/www.facebook.com\/Radiio-Ljubuski-1490835324566332","article_published_time":"2021-03-10T08:26:40+00:00","article_modified_time":"2021-03-10T08:26:41+00:00","og_image":[{"width":1000,"height":625,"url":"https:\/\/radioljubuski.ba\/wp-content\/uploads\/2021\/03\/fukushima.jpg","type":"image\/jpeg"}],"author":"Radio Ljubu\u0161ki","twitter_card":"summary_large_image","twitter_creator":"@radioljubuski","twitter_site":"@radioljubuski","twitter_misc":{"Napisao\/la":"Radio Ljubu\u0161ki","Procijenjeno vrijeme \u010ditanja":"5 minuta"},"schema":{"@context":"https:\/\/schema.org","@graph":[{"@type":"Article","@id":"https:\/\/radioljubuski.ba\/index.php\/2021\/03\/10\/deset-godina-od-fukushime-zivot-se-tesko-obnavlja\/#article","isPartOf":{"@id":"https:\/\/radioljubuski.ba\/index.php\/2021\/03\/10\/deset-godina-od-fukushime-zivot-se-tesko-obnavlja\/"},"author":{"name":"Radio Ljubu\u0161ki","@id":"https:\/\/radioljubuski.ba\/#\/schema\/person\/19fc700381a780f69665d7956c469e3b"},"headline":"Deset godina od Fukushime, \u017eivot se te\u0161ko obnavlja","datePublished":"2021-03-10T08:26:40+00:00","dateModified":"2021-03-10T08:26:41+00:00","mainEntityOfPage":{"@id":"https:\/\/radioljubuski.ba\/index.php\/2021\/03\/10\/deset-godina-od-fukushime-zivot-se-tesko-obnavlja\/"},"wordCount":1107,"publisher":{"@id":"https:\/\/radioljubuski.ba\/#organization"},"image":{"@id":"https:\/\/radioljubuski.ba\/index.php\/2021\/03\/10\/deset-godina-od-fukushime-zivot-se-tesko-obnavlja\/#primaryimage"},"thumbnailUrl":"https:\/\/radioljubuski.ba\/wp-content\/uploads\/2021\/03\/fukushima.jpg","articleSection":["BIH i regija"],"inLanguage":"hr"},{"@type":"WebPage","@id":"https:\/\/radioljubuski.ba\/index.php\/2021\/03\/10\/deset-godina-od-fukushime-zivot-se-tesko-obnavlja\/","url":"https:\/\/radioljubuski.ba\/index.php\/2021\/03\/10\/deset-godina-od-fukushime-zivot-se-tesko-obnavlja\/","name":"Deset godina od Fukushime, \u017eivot se te\u0161ko obnavlja - RADIO LJUBU\u0160KI","isPartOf":{"@id":"https:\/\/radioljubuski.ba\/#website"},"primaryImageOfPage":{"@id":"https:\/\/radioljubuski.ba\/index.php\/2021\/03\/10\/deset-godina-od-fukushime-zivot-se-tesko-obnavlja\/#primaryimage"},"image":{"@id":"https:\/\/radioljubuski.ba\/index.php\/2021\/03\/10\/deset-godina-od-fukushime-zivot-se-tesko-obnavlja\/#primaryimage"},"thumbnailUrl":"https:\/\/radioljubuski.ba\/wp-content\/uploads\/2021\/03\/fukushima.jpg","datePublished":"2021-03-10T08:26:40+00:00","dateModified":"2021-03-10T08:26:41+00:00","breadcrumb":{"@id":"https:\/\/radioljubuski.ba\/index.php\/2021\/03\/10\/deset-godina-od-fukushime-zivot-se-tesko-obnavlja\/#breadcrumb"},"inLanguage":"hr","potentialAction":[{"@type":"ReadAction","target":["https:\/\/radioljubuski.ba\/index.php\/2021\/03\/10\/deset-godina-od-fukushime-zivot-se-tesko-obnavlja\/"]}]},{"@type":"ImageObject","inLanguage":"hr","@id":"https:\/\/radioljubuski.ba\/index.php\/2021\/03\/10\/deset-godina-od-fukushime-zivot-se-tesko-obnavlja\/#primaryimage","url":"https:\/\/radioljubuski.ba\/wp-content\/uploads\/2021\/03\/fukushima.jpg","contentUrl":"https:\/\/radioljubuski.ba\/wp-content\/uploads\/2021\/03\/fukushima.jpg","width":1000,"height":625},{"@type":"BreadcrumbList","@id":"https:\/\/radioljubuski.ba\/index.php\/2021\/03\/10\/deset-godina-od-fukushime-zivot-se-tesko-obnavlja\/#breadcrumb","itemListElement":[{"@type":"ListItem","position":1,"name":"Po\u010detna stranica","item":"https:\/\/radioljubuski.ba\/"},{"@type":"ListItem","position":2,"name":"Deset godina od Fukushime, \u017eivot se te\u0161ko obnavlja"}]},{"@type":"WebSite","@id":"https:\/\/radioljubuski.ba\/#website","url":"https:\/\/radioljubuski.ba\/","name":"Radio Ljubu\u0161ki","description":"Sun\u010dana frekvencija Hercegovine","publisher":{"@id":"https:\/\/radioljubuski.ba\/#organization"},"potentialAction":[{"@type":"SearchAction","target":{"@type":"EntryPoint","urlTemplate":"https:\/\/radioljubuski.ba\/?s={search_term_string}"},"query-input":{"@type":"PropertyValueSpecification","valueRequired":true,"valueName":"search_term_string"}}],"inLanguage":"hr"},{"@type":"Organization","@id":"https:\/\/radioljubuski.ba\/#organization","name":"Radio Ljubu\u0161ki","url":"https:\/\/radioljubuski.ba\/","logo":{"@type":"ImageObject","inLanguage":"hr","@id":"https:\/\/radioljubuski.ba\/#\/schema\/logo\/image\/","url":"https:\/\/radioljubuski.ba\/wp-content\/uploads\/2021\/02\/cropped-Radio_Ljubuski_logo1.jpg","contentUrl":"https:\/\/radioljubuski.ba\/wp-content\/uploads\/2021\/02\/cropped-Radio_Ljubuski_logo1.jpg","width":512,"height":512,"caption":"Radio Ljubu\u0161ki"},"image":{"@id":"https:\/\/radioljubuski.ba\/#\/schema\/logo\/image\/"},"sameAs":["https:\/\/www.facebook.com\/Radiio-Ljubuski-1490835324566332","https:\/\/x.com\/radioljubuski","https:\/\/hr.linkedin.com\/company\/radio-ljubuski","https:\/\/www.youtube.com\/channel\/UCHYaeO_n0Db3tjNGudGpXyw"]},{"@type":"Person","@id":"https:\/\/radioljubuski.ba\/#\/schema\/person\/19fc700381a780f69665d7956c469e3b","name":"Radio Ljubu\u0161ki"}]}},"_links":{"self":[{"href":"https:\/\/radioljubuski.ba\/index.php\/wp-json\/wp\/v2\/posts\/2393","targetHints":{"allow":["GET"]}}],"collection":[{"href":"https:\/\/radioljubuski.ba\/index.php\/wp-json\/wp\/v2\/posts"}],"about":[{"href":"https:\/\/radioljubuski.ba\/index.php\/wp-json\/wp\/v2\/types\/post"}],"author":[{"embeddable":true,"href":"https:\/\/radioljubuski.ba\/index.php\/wp-json\/wp\/v2\/users\/2"}],"replies":[{"embeddable":true,"href":"https:\/\/radioljubuski.ba\/index.php\/wp-json\/wp\/v2\/comments?post=2393"}],"version-history":[{"count":1,"href":"https:\/\/radioljubuski.ba\/index.php\/wp-json\/wp\/v2\/posts\/2393\/revisions"}],"predecessor-version":[{"id":2395,"href":"https:\/\/radioljubuski.ba\/index.php\/wp-json\/wp\/v2\/posts\/2393\/revisions\/2395"}],"wp:featuredmedia":[{"embeddable":true,"href":"https:\/\/radioljubuski.ba\/index.php\/wp-json\/wp\/v2\/media\/2394"}],"wp:attachment":[{"href":"https:\/\/radioljubuski.ba\/index.php\/wp-json\/wp\/v2\/media?parent=2393"}],"wp:term":[{"taxonomy":"category","embeddable":true,"href":"https:\/\/radioljubuski.ba\/index.php\/wp-json\/wp\/v2\/categories?post=2393"},{"taxonomy":"post_tag","embeddable":true,"href":"https:\/\/radioljubuski.ba\/index.php\/wp-json\/wp\/v2\/tags?post=2393"}],"curies":[{"name":"wp","href":"https:\/\/api.w.org\/{rel}","templated":true}]}}