{"id":24063,"date":"2021-05-22T15:29:19","date_gmt":"2021-05-22T14:29:19","guid":{"rendered":"https:\/\/radioljubuski.ba\/?p=24063"},"modified":"2021-05-22T15:29:20","modified_gmt":"2021-05-22T14:29:20","slug":"prica-o-djevojackim-pokrovima","status":"publish","type":"post","link":"https:\/\/radioljubuski.ba\/index.php\/2021\/05\/22\/prica-o-djevojackim-pokrovima\/","title":{"rendered":"Pri\u010da o djevoja\u010dkim pokrovima"},"content":{"rendered":"\n<p>U prelijepom zdanju samostana i duhovnog centra \u201eKarmel sv. Ilije\u201c na obalama Bu\u0161koj jezera, u op\u0107ini Tomislavgrad, nalazi se jedinstvena etnografska zbirka tradicijskog nakita i odje\u0107e Hrvata, Srba i Bo\u0161njaka u BiH. Du\u0161a tog projekta je otac Zvonko Marti\u0107. Na\u0161a ekipa iz Livna imala je privilegij nazo\u010diti stvaranju nove umjetni\u010dke fotografije kojom \u0107e otac Zvonko i umjetni\u010dki fotograf iz Sarajeva Jasmin Fazlagi\u0107 trajno sa\u010duvati jo\u0161 jednu posebnu pri\u010da, pi\u0161e Federalna.ba.<\/p>\n\n\n\n<p>Veliki ljubitelj folklora, no\u0161nje je po\u010deo prikupljati koncem devedesetih godina pro\u0161log stolje\u0107a, a kao znanstvenik ve\u0107 desetlje\u0107ima istra\u017euje utjecaj bh. naroda jednih na druge. To istra\u017eivanje odvelo ga je do \u0160ujice, a mi smo na lokalitetu koji ambijentalno odgovara pri\u010di, nazo\u010dili stvaranju djela koje govori o tome kako su Bo\u0161njakinje tradicionalno vezle pokrove za djevojke katolkinje.<\/p>\n\n\n\n<p>\u201eVjerovalo se da pripadnici drugih vjerskih zajednica, njihovi rituali, mogu imati za\u0161titni\u010dku ulogu, po\u0161to je mladenka sa sobom nosila pokrov za svekra, svekrvu, za sebe i za dijete, jer jednostavno to je bilo vrijeme kada je puno \u017eena mladih umiralo u porodu\u201c, obja\u0161njava ot. Zvonko Marti\u0107, doktor etnologije, antropolog.<\/p>\n\n\n\n<p>A u tom kontekstu vezova stvarale su se i odre\u0111ene komunikacije izme\u0111u katolika i muslimana u \u0160ujici, pa i prijateljstva kroz \u0161i\u0161ana kumstva.<\/p>\n\n\n\n<p>\u201eU \u0160ujici jo\u0161 ima dosta \u017eivih i relativno mladih ljudi koji su \u0161i\u0161ani kumovi katolicima muslimani i obrnuto. Ovo je bila ba\u0161 specifi\u010dnost na koju nisam nailazio u drugim mjestima kroz BiH unutar tih interetni\u010dkih i interreligijskih odnosa\u201c, dodaje Marti\u0107.<\/p>\n\n\n\n<p>Sa \u017eeljom da te lokalne specifi\u010dnosti poka\u017ee na fotografiji, pozvao je svog dugogodi\u0161njeg suradnika, umjetni\u010dkog fotografa Jasmina Fazlagi\u0107a. Po\u010detak njihove suradnje za obojicu je bio velika nepoznanica.<\/p>\n\n\n\n<p>\u201eOn se prvo pla\u0161io po\u0161to sam ja dosta u to vrijeme radio modnu fotografiju. Me\u0111utim, kada je vidio prve fotografije koje smo uradili, onda je vidio da je to stvarno dobitna kombinacija &#8211; njegovo poznavanje te materije i moj prikaz toga kroz jedan moderan sadr\u017eaj, ali opet na na\u010din da taj etnografski dio ostane o\u010duvan\u201c, pri\u010da Fazlagi\u0107.<\/p>\n\n\n\n<p>Kroz cijeli niz projekata razli\u010ditih tematskih sadr\u017eaja nastalo je na stotine iznimnih fotografija, i za pro\u0161lost i za budu\u0107nost, a Jasminova i Zvonkina suradnja prerasla u pravo prijateljstvo.<\/p>\n\n\n\n<p>Izvor:federalna.ba<\/p>\n","protected":false},"excerpt":{"rendered":"<p>U prelijepom zdanju samostana i duhovnog centra \u201eKarmel sv. Ilije\u201c na obalama Bu\u0161koj jezera, u op\u0107ini Tomislavgrad, nalazi se jedinstvena etnografska zbirka tradicijskog nakita i odje\u0107e Hrvata, Srba i Bo\u0161njaka u BiH. Du\u0161a tog projekta je otac Zvonko Marti\u0107. Na\u0161a ekipa iz Livna imala je privilegij nazo\u010diti stvaranju nove umjetni\u010dke fotografije kojom \u0107e otac Zvonko [&hellip;]<\/p>\n","protected":false},"author":2,"featured_media":24064,"comment_status":"closed","ping_status":"closed","sticky":false,"template":"","format":"standard","meta":{"h5ap_radio_sources":[],"footnotes":""},"categories":[1],"tags":[],"class_list":["post-24063","post","type-post","status-publish","format-standard","has-post-thumbnail","hentry","category-bihiregija"],"yoast_head":"<!-- This site is optimized with the Yoast SEO plugin v27.4 - https:\/\/yoast.com\/product\/yoast-seo-wordpress\/ -->\n<title>Pri\u010da o djevoja\u010dkim pokrovima - RADIO LJUBU\u0160KI<\/title>\n<meta name=\"robots\" content=\"index, follow, max-snippet:-1, max-image-preview:large, max-video-preview:-1\" \/>\n<link rel=\"canonical\" href=\"https:\/\/radioljubuski.ba\/index.php\/2021\/05\/22\/prica-o-djevojackim-pokrovima\/\" \/>\n<meta property=\"og:locale\" content=\"hr_HR\" \/>\n<meta property=\"og:type\" content=\"article\" \/>\n<meta property=\"og:title\" content=\"Pri\u010da o djevoja\u010dkim pokrovima - RADIO LJUBU\u0160KI\" \/>\n<meta property=\"og:description\" content=\"U prelijepom zdanju samostana i duhovnog centra \u201eKarmel sv. Ilije\u201c na obalama Bu\u0161koj jezera, u op\u0107ini Tomislavgrad, nalazi se jedinstvena etnografska zbirka tradicijskog nakita i odje\u0107e Hrvata, Srba i Bo\u0161njaka u BiH. Du\u0161a tog projekta je otac Zvonko Marti\u0107. Na\u0161a ekipa iz Livna imala je privilegij nazo\u010diti stvaranju nove umjetni\u010dke fotografije kojom \u0107e otac Zvonko [&hellip;]\" \/>\n<meta property=\"og:url\" content=\"https:\/\/radioljubuski.ba\/index.php\/2021\/05\/22\/prica-o-djevojackim-pokrovima\/\" \/>\n<meta property=\"og:site_name\" content=\"RADIO LJUBU\u0160KI\" \/>\n<meta property=\"article:publisher\" content=\"https:\/\/www.facebook.com\/Radiio-Ljubuski-1490835324566332\" \/>\n<meta property=\"article:published_time\" content=\"2021-05-22T14:29:19+00:00\" \/>\n<meta property=\"article:modified_time\" content=\"2021-05-22T14:29:20+00:00\" \/>\n<meta property=\"og:image\" content=\"https:\/\/radioljubuski.ba\/wp-content\/uploads\/2021\/05\/2-2021-05-22-12-25-00-TKANINA.png\" \/>\n\t<meta property=\"og:image:width\" content=\"1000\" \/>\n\t<meta property=\"og:image:height\" content=\"625\" \/>\n\t<meta property=\"og:image:type\" content=\"image\/png\" \/>\n<meta name=\"author\" content=\"Radio Ljubu\u0161ki\" \/>\n<meta name=\"twitter:card\" content=\"summary_large_image\" \/>\n<meta name=\"twitter:creator\" content=\"@radioljubuski\" \/>\n<meta name=\"twitter:site\" content=\"@radioljubuski\" \/>\n<meta name=\"twitter:label1\" content=\"Napisao\/la\" \/>\n\t<meta name=\"twitter:data1\" content=\"Radio Ljubu\u0161ki\" \/>\n\t<meta name=\"twitter:label2\" content=\"Procijenjeno vrijeme \u010ditanja\" \/>\n\t<meta name=\"twitter:data2\" content=\"2 minute\" \/>\n<script type=\"application\/ld+json\" class=\"yoast-schema-graph\">{\"@context\":\"https:\\\/\\\/schema.org\",\"@graph\":[{\"@type\":\"Article\",\"@id\":\"https:\\\/\\\/radioljubuski.ba\\\/index.php\\\/2021\\\/05\\\/22\\\/prica-o-djevojackim-pokrovima\\\/#article\",\"isPartOf\":{\"@id\":\"https:\\\/\\\/radioljubuski.ba\\\/index.php\\\/2021\\\/05\\\/22\\\/prica-o-djevojackim-pokrovima\\\/\"},\"author\":{\"name\":\"Radio Ljubu\u0161ki\",\"@id\":\"https:\\\/\\\/radioljubuski.ba\\\/#\\\/schema\\\/person\\\/19fc700381a780f69665d7956c469e3b\"},\"headline\":\"Pri\u010da o djevoja\u010dkim pokrovima\",\"datePublished\":\"2021-05-22T14:29:19+00:00\",\"dateModified\":\"2021-05-22T14:29:20+00:00\",\"mainEntityOfPage\":{\"@id\":\"https:\\\/\\\/radioljubuski.ba\\\/index.php\\\/2021\\\/05\\\/22\\\/prica-o-djevojackim-pokrovima\\\/\"},\"wordCount\":409,\"publisher\":{\"@id\":\"https:\\\/\\\/radioljubuski.ba\\\/#organization\"},\"image\":{\"@id\":\"https:\\\/\\\/radioljubuski.ba\\\/index.php\\\/2021\\\/05\\\/22\\\/prica-o-djevojackim-pokrovima\\\/#primaryimage\"},\"thumbnailUrl\":\"https:\\\/\\\/radioljubuski.ba\\\/wp-content\\\/uploads\\\/2021\\\/05\\\/2-2021-05-22-12-25-00-TKANINA.png\",\"articleSection\":[\"BIH i regija\"],\"inLanguage\":\"hr\"},{\"@type\":\"WebPage\",\"@id\":\"https:\\\/\\\/radioljubuski.ba\\\/index.php\\\/2021\\\/05\\\/22\\\/prica-o-djevojackim-pokrovima\\\/\",\"url\":\"https:\\\/\\\/radioljubuski.ba\\\/index.php\\\/2021\\\/05\\\/22\\\/prica-o-djevojackim-pokrovima\\\/\",\"name\":\"Pri\u010da o djevoja\u010dkim pokrovima - RADIO LJUBU\u0160KI\",\"isPartOf\":{\"@id\":\"https:\\\/\\\/radioljubuski.ba\\\/#website\"},\"primaryImageOfPage\":{\"@id\":\"https:\\\/\\\/radioljubuski.ba\\\/index.php\\\/2021\\\/05\\\/22\\\/prica-o-djevojackim-pokrovima\\\/#primaryimage\"},\"image\":{\"@id\":\"https:\\\/\\\/radioljubuski.ba\\\/index.php\\\/2021\\\/05\\\/22\\\/prica-o-djevojackim-pokrovima\\\/#primaryimage\"},\"thumbnailUrl\":\"https:\\\/\\\/radioljubuski.ba\\\/wp-content\\\/uploads\\\/2021\\\/05\\\/2-2021-05-22-12-25-00-TKANINA.png\",\"datePublished\":\"2021-05-22T14:29:19+00:00\",\"dateModified\":\"2021-05-22T14:29:20+00:00\",\"breadcrumb\":{\"@id\":\"https:\\\/\\\/radioljubuski.ba\\\/index.php\\\/2021\\\/05\\\/22\\\/prica-o-djevojackim-pokrovima\\\/#breadcrumb\"},\"inLanguage\":\"hr\",\"potentialAction\":[{\"@type\":\"ReadAction\",\"target\":[\"https:\\\/\\\/radioljubuski.ba\\\/index.php\\\/2021\\\/05\\\/22\\\/prica-o-djevojackim-pokrovima\\\/\"]}]},{\"@type\":\"ImageObject\",\"inLanguage\":\"hr\",\"@id\":\"https:\\\/\\\/radioljubuski.ba\\\/index.php\\\/2021\\\/05\\\/22\\\/prica-o-djevojackim-pokrovima\\\/#primaryimage\",\"url\":\"https:\\\/\\\/radioljubuski.ba\\\/wp-content\\\/uploads\\\/2021\\\/05\\\/2-2021-05-22-12-25-00-TKANINA.png\",\"contentUrl\":\"https:\\\/\\\/radioljubuski.ba\\\/wp-content\\\/uploads\\\/2021\\\/05\\\/2-2021-05-22-12-25-00-TKANINA.png\",\"width\":1000,\"height\":625},{\"@type\":\"BreadcrumbList\",\"@id\":\"https:\\\/\\\/radioljubuski.ba\\\/index.php\\\/2021\\\/05\\\/22\\\/prica-o-djevojackim-pokrovima\\\/#breadcrumb\",\"itemListElement\":[{\"@type\":\"ListItem\",\"position\":1,\"name\":\"Po\u010detna stranica\",\"item\":\"https:\\\/\\\/radioljubuski.ba\\\/\"},{\"@type\":\"ListItem\",\"position\":2,\"name\":\"Pri\u010da o djevoja\u010dkim pokrovima\"}]},{\"@type\":\"WebSite\",\"@id\":\"https:\\\/\\\/radioljubuski.ba\\\/#website\",\"url\":\"https:\\\/\\\/radioljubuski.ba\\\/\",\"name\":\"Radio Ljubu\u0161ki\",\"description\":\"Sun\u010dana frekvencija Hercegovine\",\"publisher\":{\"@id\":\"https:\\\/\\\/radioljubuski.ba\\\/#organization\"},\"potentialAction\":[{\"@type\":\"SearchAction\",\"target\":{\"@type\":\"EntryPoint\",\"urlTemplate\":\"https:\\\/\\\/radioljubuski.ba\\\/?s={search_term_string}\"},\"query-input\":{\"@type\":\"PropertyValueSpecification\",\"valueRequired\":true,\"valueName\":\"search_term_string\"}}],\"inLanguage\":\"hr\"},{\"@type\":\"Organization\",\"@id\":\"https:\\\/\\\/radioljubuski.ba\\\/#organization\",\"name\":\"Radio Ljubu\u0161ki\",\"url\":\"https:\\\/\\\/radioljubuski.ba\\\/\",\"logo\":{\"@type\":\"ImageObject\",\"inLanguage\":\"hr\",\"@id\":\"https:\\\/\\\/radioljubuski.ba\\\/#\\\/schema\\\/logo\\\/image\\\/\",\"url\":\"https:\\\/\\\/radioljubuski.ba\\\/wp-content\\\/uploads\\\/2021\\\/02\\\/cropped-Radio_Ljubuski_logo1.jpg\",\"contentUrl\":\"https:\\\/\\\/radioljubuski.ba\\\/wp-content\\\/uploads\\\/2021\\\/02\\\/cropped-Radio_Ljubuski_logo1.jpg\",\"width\":512,\"height\":512,\"caption\":\"Radio Ljubu\u0161ki\"},\"image\":{\"@id\":\"https:\\\/\\\/radioljubuski.ba\\\/#\\\/schema\\\/logo\\\/image\\\/\"},\"sameAs\":[\"https:\\\/\\\/www.facebook.com\\\/Radiio-Ljubuski-1490835324566332\",\"https:\\\/\\\/x.com\\\/radioljubuski\",\"https:\\\/\\\/hr.linkedin.com\\\/company\\\/radio-ljubuski\",\"https:\\\/\\\/www.youtube.com\\\/channel\\\/UCHYaeO_n0Db3tjNGudGpXyw\"]},{\"@type\":\"Person\",\"@id\":\"https:\\\/\\\/radioljubuski.ba\\\/#\\\/schema\\\/person\\\/19fc700381a780f69665d7956c469e3b\",\"name\":\"Radio Ljubu\u0161ki\"}]}<\/script>\n<!-- \/ Yoast SEO plugin. -->","yoast_head_json":{"title":"Pri\u010da o djevoja\u010dkim pokrovima - RADIO LJUBU\u0160KI","robots":{"index":"index","follow":"follow","max-snippet":"max-snippet:-1","max-image-preview":"max-image-preview:large","max-video-preview":"max-video-preview:-1"},"canonical":"https:\/\/radioljubuski.ba\/index.php\/2021\/05\/22\/prica-o-djevojackim-pokrovima\/","og_locale":"hr_HR","og_type":"article","og_title":"Pri\u010da o djevoja\u010dkim pokrovima - RADIO LJUBU\u0160KI","og_description":"U prelijepom zdanju samostana i duhovnog centra \u201eKarmel sv. Ilije\u201c na obalama Bu\u0161koj jezera, u op\u0107ini Tomislavgrad, nalazi se jedinstvena etnografska zbirka tradicijskog nakita i odje\u0107e Hrvata, Srba i Bo\u0161njaka u BiH. Du\u0161a tog projekta je otac Zvonko Marti\u0107. Na\u0161a ekipa iz Livna imala je privilegij nazo\u010diti stvaranju nove umjetni\u010dke fotografije kojom \u0107e otac Zvonko [&hellip;]","og_url":"https:\/\/radioljubuski.ba\/index.php\/2021\/05\/22\/prica-o-djevojackim-pokrovima\/","og_site_name":"RADIO LJUBU\u0160KI","article_publisher":"https:\/\/www.facebook.com\/Radiio-Ljubuski-1490835324566332","article_published_time":"2021-05-22T14:29:19+00:00","article_modified_time":"2021-05-22T14:29:20+00:00","og_image":[{"width":1000,"height":625,"url":"https:\/\/radioljubuski.ba\/wp-content\/uploads\/2021\/05\/2-2021-05-22-12-25-00-TKANINA.png","type":"image\/png"}],"author":"Radio Ljubu\u0161ki","twitter_card":"summary_large_image","twitter_creator":"@radioljubuski","twitter_site":"@radioljubuski","twitter_misc":{"Napisao\/la":"Radio Ljubu\u0161ki","Procijenjeno vrijeme \u010ditanja":"2 minute"},"schema":{"@context":"https:\/\/schema.org","@graph":[{"@type":"Article","@id":"https:\/\/radioljubuski.ba\/index.php\/2021\/05\/22\/prica-o-djevojackim-pokrovima\/#article","isPartOf":{"@id":"https:\/\/radioljubuski.ba\/index.php\/2021\/05\/22\/prica-o-djevojackim-pokrovima\/"},"author":{"name":"Radio Ljubu\u0161ki","@id":"https:\/\/radioljubuski.ba\/#\/schema\/person\/19fc700381a780f69665d7956c469e3b"},"headline":"Pri\u010da o djevoja\u010dkim pokrovima","datePublished":"2021-05-22T14:29:19+00:00","dateModified":"2021-05-22T14:29:20+00:00","mainEntityOfPage":{"@id":"https:\/\/radioljubuski.ba\/index.php\/2021\/05\/22\/prica-o-djevojackim-pokrovima\/"},"wordCount":409,"publisher":{"@id":"https:\/\/radioljubuski.ba\/#organization"},"image":{"@id":"https:\/\/radioljubuski.ba\/index.php\/2021\/05\/22\/prica-o-djevojackim-pokrovima\/#primaryimage"},"thumbnailUrl":"https:\/\/radioljubuski.ba\/wp-content\/uploads\/2021\/05\/2-2021-05-22-12-25-00-TKANINA.png","articleSection":["BIH i regija"],"inLanguage":"hr"},{"@type":"WebPage","@id":"https:\/\/radioljubuski.ba\/index.php\/2021\/05\/22\/prica-o-djevojackim-pokrovima\/","url":"https:\/\/radioljubuski.ba\/index.php\/2021\/05\/22\/prica-o-djevojackim-pokrovima\/","name":"Pri\u010da o djevoja\u010dkim pokrovima - RADIO LJUBU\u0160KI","isPartOf":{"@id":"https:\/\/radioljubuski.ba\/#website"},"primaryImageOfPage":{"@id":"https:\/\/radioljubuski.ba\/index.php\/2021\/05\/22\/prica-o-djevojackim-pokrovima\/#primaryimage"},"image":{"@id":"https:\/\/radioljubuski.ba\/index.php\/2021\/05\/22\/prica-o-djevojackim-pokrovima\/#primaryimage"},"thumbnailUrl":"https:\/\/radioljubuski.ba\/wp-content\/uploads\/2021\/05\/2-2021-05-22-12-25-00-TKANINA.png","datePublished":"2021-05-22T14:29:19+00:00","dateModified":"2021-05-22T14:29:20+00:00","breadcrumb":{"@id":"https:\/\/radioljubuski.ba\/index.php\/2021\/05\/22\/prica-o-djevojackim-pokrovima\/#breadcrumb"},"inLanguage":"hr","potentialAction":[{"@type":"ReadAction","target":["https:\/\/radioljubuski.ba\/index.php\/2021\/05\/22\/prica-o-djevojackim-pokrovima\/"]}]},{"@type":"ImageObject","inLanguage":"hr","@id":"https:\/\/radioljubuski.ba\/index.php\/2021\/05\/22\/prica-o-djevojackim-pokrovima\/#primaryimage","url":"https:\/\/radioljubuski.ba\/wp-content\/uploads\/2021\/05\/2-2021-05-22-12-25-00-TKANINA.png","contentUrl":"https:\/\/radioljubuski.ba\/wp-content\/uploads\/2021\/05\/2-2021-05-22-12-25-00-TKANINA.png","width":1000,"height":625},{"@type":"BreadcrumbList","@id":"https:\/\/radioljubuski.ba\/index.php\/2021\/05\/22\/prica-o-djevojackim-pokrovima\/#breadcrumb","itemListElement":[{"@type":"ListItem","position":1,"name":"Po\u010detna stranica","item":"https:\/\/radioljubuski.ba\/"},{"@type":"ListItem","position":2,"name":"Pri\u010da o djevoja\u010dkim pokrovima"}]},{"@type":"WebSite","@id":"https:\/\/radioljubuski.ba\/#website","url":"https:\/\/radioljubuski.ba\/","name":"Radio Ljubu\u0161ki","description":"Sun\u010dana frekvencija Hercegovine","publisher":{"@id":"https:\/\/radioljubuski.ba\/#organization"},"potentialAction":[{"@type":"SearchAction","target":{"@type":"EntryPoint","urlTemplate":"https:\/\/radioljubuski.ba\/?s={search_term_string}"},"query-input":{"@type":"PropertyValueSpecification","valueRequired":true,"valueName":"search_term_string"}}],"inLanguage":"hr"},{"@type":"Organization","@id":"https:\/\/radioljubuski.ba\/#organization","name":"Radio Ljubu\u0161ki","url":"https:\/\/radioljubuski.ba\/","logo":{"@type":"ImageObject","inLanguage":"hr","@id":"https:\/\/radioljubuski.ba\/#\/schema\/logo\/image\/","url":"https:\/\/radioljubuski.ba\/wp-content\/uploads\/2021\/02\/cropped-Radio_Ljubuski_logo1.jpg","contentUrl":"https:\/\/radioljubuski.ba\/wp-content\/uploads\/2021\/02\/cropped-Radio_Ljubuski_logo1.jpg","width":512,"height":512,"caption":"Radio Ljubu\u0161ki"},"image":{"@id":"https:\/\/radioljubuski.ba\/#\/schema\/logo\/image\/"},"sameAs":["https:\/\/www.facebook.com\/Radiio-Ljubuski-1490835324566332","https:\/\/x.com\/radioljubuski","https:\/\/hr.linkedin.com\/company\/radio-ljubuski","https:\/\/www.youtube.com\/channel\/UCHYaeO_n0Db3tjNGudGpXyw"]},{"@type":"Person","@id":"https:\/\/radioljubuski.ba\/#\/schema\/person\/19fc700381a780f69665d7956c469e3b","name":"Radio Ljubu\u0161ki"}]}},"_links":{"self":[{"href":"https:\/\/radioljubuski.ba\/index.php\/wp-json\/wp\/v2\/posts\/24063","targetHints":{"allow":["GET"]}}],"collection":[{"href":"https:\/\/radioljubuski.ba\/index.php\/wp-json\/wp\/v2\/posts"}],"about":[{"href":"https:\/\/radioljubuski.ba\/index.php\/wp-json\/wp\/v2\/types\/post"}],"author":[{"embeddable":true,"href":"https:\/\/radioljubuski.ba\/index.php\/wp-json\/wp\/v2\/users\/2"}],"replies":[{"embeddable":true,"href":"https:\/\/radioljubuski.ba\/index.php\/wp-json\/wp\/v2\/comments?post=24063"}],"version-history":[{"count":1,"href":"https:\/\/radioljubuski.ba\/index.php\/wp-json\/wp\/v2\/posts\/24063\/revisions"}],"predecessor-version":[{"id":24065,"href":"https:\/\/radioljubuski.ba\/index.php\/wp-json\/wp\/v2\/posts\/24063\/revisions\/24065"}],"wp:featuredmedia":[{"embeddable":true,"href":"https:\/\/radioljubuski.ba\/index.php\/wp-json\/wp\/v2\/media\/24064"}],"wp:attachment":[{"href":"https:\/\/radioljubuski.ba\/index.php\/wp-json\/wp\/v2\/media?parent=24063"}],"wp:term":[{"taxonomy":"category","embeddable":true,"href":"https:\/\/radioljubuski.ba\/index.php\/wp-json\/wp\/v2\/categories?post=24063"},{"taxonomy":"post_tag","embeddable":true,"href":"https:\/\/radioljubuski.ba\/index.php\/wp-json\/wp\/v2\/tags?post=24063"}],"curies":[{"name":"wp","href":"https:\/\/api.w.org\/{rel}","templated":true}]}}