{"id":24127,"date":"2021-05-22T16:34:42","date_gmt":"2021-05-22T15:34:42","guid":{"rendered":"https:\/\/radioljubuski.ba\/?p=24127"},"modified":"2021-05-22T16:34:43","modified_gmt":"2021-05-22T15:34:43","slug":"croatia-airlines-povezuje-dubrovnik-s-medunarodnim-odredistima","status":"publish","type":"post","link":"https:\/\/radioljubuski.ba\/index.php\/2021\/05\/22\/croatia-airlines-povezuje-dubrovnik-s-medunarodnim-odredistima\/","title":{"rendered":"Croatia Airlines povezuje Dubrovnik s me\u0111unarodnim odredi\u0161tima"},"content":{"rendered":"\n<p>Slijetanjem zrakoplova sa 45 putnika iz Frankfurta u Zra\u010dnu luku Dubrovnik nacionalni avioprijevoznik Croatia Airlines u petak je zapo\u010deo ovogodi\u0161nje izravno povezivanje Dubrovnika s va\u017enim europskim odredi\u0161tima.<\/p>\n\n\n\n<p>Komercijalni direktor Croatia Airlinesa Slaven \u017dabo istaknuo je kako je tom linijom krajnji jug Hrvatske povezan s nizom europskih i svjetskih odredi\u0161ta, \u0161to \u0107e zna\u010diti punu podr\u0161ku dubrova\u010dkom turizmu.<\/p>\n\n\n\n<p>\u201cKako bi se postigao puni turisti\u010dki potencijal u sezoni uspostavit \u0107emo tijekom lipnja iz Dubrovnika jo\u0161 \u0161est me\u0111unarodnih zra\u010dnih linija\u201d, rekao je \u017dabo.<\/p>\n\n\n\n<p>Direktor Zra\u010dne luke Dubrovnik Frano Lueti\u0107 istaknuo je zna\u010daj zra\u010dne linije za Frankfurt, budu\u0107i da je rije\u010d o najva\u017enijem prometnom \u010dvori\u0161tu za Europu i svijet.<\/p>\n\n\n\n<p>\u201cS obzirom na prometnu izoliranost ova nam je linija va\u017ena. Odli\u010dne su najave i za ostale avioprijevoznike. Od srpnja lete ameri\u010dki Delta Airlines i United Airlines. Uvodimo i letove Aeroflota iz Moskve te KLM-a iz Amsterdama, kao i Air Francea. Ve\u0107 smo povezani s Madridom, Barcelonom, Var\u0161avom i Minhenom. Nadamo se i gostima iz Ujedinjenog Kraljevstva od 21. lipnja\u201d, naveo je Lueti\u0107.<\/p>\n\n\n\n<p>Dodao je kako \u0107e Dubrovnik s europskim odredi\u0161tima povezivati i niskotarifni Ryanair, a prvi put \u0107e dubrova\u010dka zra\u010dna luka biti baza za ma\u0111arski Wizz Air. \u201cNadamo se da \u0107emo se kroz nekoliko godina dosti\u0107i rekordnu 2019. godinu. Turisti u Dubrovnik dolaze zbog grada, a ne zra\u010dne luke. Popunjenost letova \u0107e ovisiti o prodaji smje\u0161taja\u201d, rekao je Lueti\u0107.<\/p>\n\n\n\n<p>Direktorica dubrova\u010dke Turisti\u010dke zajednice Ana Hrni\u0107 istaknula je kako je pandemijska 2020. godina pokazala koliko je Dubrovnik ovisan o me\u0111unarodnim zra\u010dnim linijama. \u201cSretni smo \u0161to optimisti\u010dno po\u010dinjemo turisti\u010dku sezonu, uz pobolj\u0161ano epidemiolo\u0161ko stanje i porast procijepljenosti, a ohrabruju i izvrsne najave za druge letove, prije svega SAD i Moskvu. Nadamo se uspje\u0161noj sezoni, uz \u017eelju da ova linija prometuje tijekom cijele godine\u201d, rekla je Hrni\u0107.<\/p>\n\n\n\n<p>Croatia Airlines ove godine namjerava povezati hrvatske zra\u010dne luke s ukupno 18 europskih odredi\u0161ta, uz vi\u0161e od 200 izravnih \u010darter linija za Hrvatsku. U ljetnoj sezoni na linijama za Hrvatsku ponudit \u0107e ukupno 80.000 tisu\u0107a sjedala mjese\u010dno.<\/p>\n\n\n\n<p>Izvor:pogled.ba<\/p>\n","protected":false},"excerpt":{"rendered":"<p>Slijetanjem zrakoplova sa 45 putnika iz Frankfurta u Zra\u010dnu luku Dubrovnik nacionalni avioprijevoznik Croatia Airlines u petak je zapo\u010deo ovogodi\u0161nje izravno povezivanje Dubrovnika s va\u017enim europskim odredi\u0161tima. Komercijalni direktor Croatia Airlinesa Slaven \u017dabo istaknuo je kako je tom linijom krajnji jug Hrvatske povezan s nizom europskih i svjetskih odredi\u0161ta, \u0161to \u0107e zna\u010diti punu podr\u0161ku dubrova\u010dkom [&hellip;]<\/p>\n","protected":false},"author":2,"featured_media":24128,"comment_status":"closed","ping_status":"closed","sticky":false,"template":"","format":"standard","meta":{"h5ap_radio_sources":[],"footnotes":""},"categories":[1],"tags":[],"class_list":["post-24127","post","type-post","status-publish","format-standard","has-post-thumbnail","hentry","category-bihiregija"],"yoast_head":"<!-- This site is optimized with the Yoast SEO plugin v27.4 - https:\/\/yoast.com\/product\/yoast-seo-wordpress\/ -->\n<title>Croatia Airlines povezuje Dubrovnik s me\u0111unarodnim odredi\u0161tima - RADIO LJUBU\u0160KI<\/title>\n<meta name=\"robots\" content=\"index, follow, max-snippet:-1, max-image-preview:large, max-video-preview:-1\" \/>\n<link rel=\"canonical\" href=\"https:\/\/radioljubuski.ba\/index.php\/2021\/05\/22\/croatia-airlines-povezuje-dubrovnik-s-medunarodnim-odredistima\/\" \/>\n<meta property=\"og:locale\" content=\"hr_HR\" \/>\n<meta property=\"og:type\" content=\"article\" \/>\n<meta property=\"og:title\" content=\"Croatia Airlines povezuje Dubrovnik s me\u0111unarodnim odredi\u0161tima - RADIO LJUBU\u0160KI\" \/>\n<meta property=\"og:description\" content=\"Slijetanjem zrakoplova sa 45 putnika iz Frankfurta u Zra\u010dnu luku Dubrovnik nacionalni avioprijevoznik Croatia Airlines u petak je zapo\u010deo ovogodi\u0161nje izravno povezivanje Dubrovnika s va\u017enim europskim odredi\u0161tima. Komercijalni direktor Croatia Airlinesa Slaven \u017dabo istaknuo je kako je tom linijom krajnji jug Hrvatske povezan s nizom europskih i svjetskih odredi\u0161ta, \u0161to \u0107e zna\u010diti punu podr\u0161ku dubrova\u010dkom [&hellip;]\" \/>\n<meta property=\"og:url\" content=\"https:\/\/radioljubuski.ba\/index.php\/2021\/05\/22\/croatia-airlines-povezuje-dubrovnik-s-medunarodnim-odredistima\/\" \/>\n<meta property=\"og:site_name\" content=\"RADIO LJUBU\u0160KI\" \/>\n<meta property=\"article:publisher\" content=\"https:\/\/www.facebook.com\/Radiio-Ljubuski-1490835324566332\" \/>\n<meta property=\"article:published_time\" content=\"2021-05-22T15:34:42+00:00\" \/>\n<meta property=\"article:modified_time\" content=\"2021-05-22T15:34:43+00:00\" \/>\n<meta property=\"og:image\" content=\"https:\/\/radioljubuski.ba\/wp-content\/uploads\/2021\/05\/4LweZMxl_Croatia_Airlines_zrakoplov_810x405.jpg\" \/>\n\t<meta property=\"og:image:width\" content=\"1000\" \/>\n\t<meta property=\"og:image:height\" content=\"625\" \/>\n\t<meta property=\"og:image:type\" content=\"image\/jpeg\" \/>\n<meta name=\"author\" content=\"Radio Ljubu\u0161ki\" \/>\n<meta name=\"twitter:card\" content=\"summary_large_image\" \/>\n<meta name=\"twitter:creator\" content=\"@radioljubuski\" \/>\n<meta name=\"twitter:site\" content=\"@radioljubuski\" \/>\n<meta name=\"twitter:label1\" content=\"Napisao\/la\" \/>\n\t<meta name=\"twitter:data1\" content=\"Radio Ljubu\u0161ki\" \/>\n\t<meta name=\"twitter:label2\" content=\"Procijenjeno vrijeme \u010ditanja\" \/>\n\t<meta name=\"twitter:data2\" content=\"2 minute\" \/>\n<script type=\"application\/ld+json\" class=\"yoast-schema-graph\">{\"@context\":\"https:\\\/\\\/schema.org\",\"@graph\":[{\"@type\":\"Article\",\"@id\":\"https:\\\/\\\/radioljubuski.ba\\\/index.php\\\/2021\\\/05\\\/22\\\/croatia-airlines-povezuje-dubrovnik-s-medunarodnim-odredistima\\\/#article\",\"isPartOf\":{\"@id\":\"https:\\\/\\\/radioljubuski.ba\\\/index.php\\\/2021\\\/05\\\/22\\\/croatia-airlines-povezuje-dubrovnik-s-medunarodnim-odredistima\\\/\"},\"author\":{\"name\":\"Radio Ljubu\u0161ki\",\"@id\":\"https:\\\/\\\/radioljubuski.ba\\\/#\\\/schema\\\/person\\\/19fc700381a780f69665d7956c469e3b\"},\"headline\":\"Croatia Airlines povezuje Dubrovnik s me\u0111unarodnim odredi\u0161tima\",\"datePublished\":\"2021-05-22T15:34:42+00:00\",\"dateModified\":\"2021-05-22T15:34:43+00:00\",\"mainEntityOfPage\":{\"@id\":\"https:\\\/\\\/radioljubuski.ba\\\/index.php\\\/2021\\\/05\\\/22\\\/croatia-airlines-povezuje-dubrovnik-s-medunarodnim-odredistima\\\/\"},\"wordCount\":374,\"publisher\":{\"@id\":\"https:\\\/\\\/radioljubuski.ba\\\/#organization\"},\"image\":{\"@id\":\"https:\\\/\\\/radioljubuski.ba\\\/index.php\\\/2021\\\/05\\\/22\\\/croatia-airlines-povezuje-dubrovnik-s-medunarodnim-odredistima\\\/#primaryimage\"},\"thumbnailUrl\":\"https:\\\/\\\/radioljubuski.ba\\\/wp-content\\\/uploads\\\/2021\\\/05\\\/4LweZMxl_Croatia_Airlines_zrakoplov_810x405.jpg\",\"articleSection\":[\"BIH i regija\"],\"inLanguage\":\"hr\"},{\"@type\":\"WebPage\",\"@id\":\"https:\\\/\\\/radioljubuski.ba\\\/index.php\\\/2021\\\/05\\\/22\\\/croatia-airlines-povezuje-dubrovnik-s-medunarodnim-odredistima\\\/\",\"url\":\"https:\\\/\\\/radioljubuski.ba\\\/index.php\\\/2021\\\/05\\\/22\\\/croatia-airlines-povezuje-dubrovnik-s-medunarodnim-odredistima\\\/\",\"name\":\"Croatia Airlines povezuje Dubrovnik s me\u0111unarodnim odredi\u0161tima - RADIO LJUBU\u0160KI\",\"isPartOf\":{\"@id\":\"https:\\\/\\\/radioljubuski.ba\\\/#website\"},\"primaryImageOfPage\":{\"@id\":\"https:\\\/\\\/radioljubuski.ba\\\/index.php\\\/2021\\\/05\\\/22\\\/croatia-airlines-povezuje-dubrovnik-s-medunarodnim-odredistima\\\/#primaryimage\"},\"image\":{\"@id\":\"https:\\\/\\\/radioljubuski.ba\\\/index.php\\\/2021\\\/05\\\/22\\\/croatia-airlines-povezuje-dubrovnik-s-medunarodnim-odredistima\\\/#primaryimage\"},\"thumbnailUrl\":\"https:\\\/\\\/radioljubuski.ba\\\/wp-content\\\/uploads\\\/2021\\\/05\\\/4LweZMxl_Croatia_Airlines_zrakoplov_810x405.jpg\",\"datePublished\":\"2021-05-22T15:34:42+00:00\",\"dateModified\":\"2021-05-22T15:34:43+00:00\",\"breadcrumb\":{\"@id\":\"https:\\\/\\\/radioljubuski.ba\\\/index.php\\\/2021\\\/05\\\/22\\\/croatia-airlines-povezuje-dubrovnik-s-medunarodnim-odredistima\\\/#breadcrumb\"},\"inLanguage\":\"hr\",\"potentialAction\":[{\"@type\":\"ReadAction\",\"target\":[\"https:\\\/\\\/radioljubuski.ba\\\/index.php\\\/2021\\\/05\\\/22\\\/croatia-airlines-povezuje-dubrovnik-s-medunarodnim-odredistima\\\/\"]}]},{\"@type\":\"ImageObject\",\"inLanguage\":\"hr\",\"@id\":\"https:\\\/\\\/radioljubuski.ba\\\/index.php\\\/2021\\\/05\\\/22\\\/croatia-airlines-povezuje-dubrovnik-s-medunarodnim-odredistima\\\/#primaryimage\",\"url\":\"https:\\\/\\\/radioljubuski.ba\\\/wp-content\\\/uploads\\\/2021\\\/05\\\/4LweZMxl_Croatia_Airlines_zrakoplov_810x405.jpg\",\"contentUrl\":\"https:\\\/\\\/radioljubuski.ba\\\/wp-content\\\/uploads\\\/2021\\\/05\\\/4LweZMxl_Croatia_Airlines_zrakoplov_810x405.jpg\",\"width\":1000,\"height\":625},{\"@type\":\"BreadcrumbList\",\"@id\":\"https:\\\/\\\/radioljubuski.ba\\\/index.php\\\/2021\\\/05\\\/22\\\/croatia-airlines-povezuje-dubrovnik-s-medunarodnim-odredistima\\\/#breadcrumb\",\"itemListElement\":[{\"@type\":\"ListItem\",\"position\":1,\"name\":\"Po\u010detna stranica\",\"item\":\"https:\\\/\\\/radioljubuski.ba\\\/\"},{\"@type\":\"ListItem\",\"position\":2,\"name\":\"Croatia Airlines povezuje Dubrovnik s me\u0111unarodnim odredi\u0161tima\"}]},{\"@type\":\"WebSite\",\"@id\":\"https:\\\/\\\/radioljubuski.ba\\\/#website\",\"url\":\"https:\\\/\\\/radioljubuski.ba\\\/\",\"name\":\"Radio Ljubu\u0161ki\",\"description\":\"Sun\u010dana frekvencija Hercegovine\",\"publisher\":{\"@id\":\"https:\\\/\\\/radioljubuski.ba\\\/#organization\"},\"potentialAction\":[{\"@type\":\"SearchAction\",\"target\":{\"@type\":\"EntryPoint\",\"urlTemplate\":\"https:\\\/\\\/radioljubuski.ba\\\/?s={search_term_string}\"},\"query-input\":{\"@type\":\"PropertyValueSpecification\",\"valueRequired\":true,\"valueName\":\"search_term_string\"}}],\"inLanguage\":\"hr\"},{\"@type\":\"Organization\",\"@id\":\"https:\\\/\\\/radioljubuski.ba\\\/#organization\",\"name\":\"Radio Ljubu\u0161ki\",\"url\":\"https:\\\/\\\/radioljubuski.ba\\\/\",\"logo\":{\"@type\":\"ImageObject\",\"inLanguage\":\"hr\",\"@id\":\"https:\\\/\\\/radioljubuski.ba\\\/#\\\/schema\\\/logo\\\/image\\\/\",\"url\":\"https:\\\/\\\/radioljubuski.ba\\\/wp-content\\\/uploads\\\/2021\\\/02\\\/cropped-Radio_Ljubuski_logo1.jpg\",\"contentUrl\":\"https:\\\/\\\/radioljubuski.ba\\\/wp-content\\\/uploads\\\/2021\\\/02\\\/cropped-Radio_Ljubuski_logo1.jpg\",\"width\":512,\"height\":512,\"caption\":\"Radio Ljubu\u0161ki\"},\"image\":{\"@id\":\"https:\\\/\\\/radioljubuski.ba\\\/#\\\/schema\\\/logo\\\/image\\\/\"},\"sameAs\":[\"https:\\\/\\\/www.facebook.com\\\/Radiio-Ljubuski-1490835324566332\",\"https:\\\/\\\/x.com\\\/radioljubuski\",\"https:\\\/\\\/hr.linkedin.com\\\/company\\\/radio-ljubuski\",\"https:\\\/\\\/www.youtube.com\\\/channel\\\/UCHYaeO_n0Db3tjNGudGpXyw\"]},{\"@type\":\"Person\",\"@id\":\"https:\\\/\\\/radioljubuski.ba\\\/#\\\/schema\\\/person\\\/19fc700381a780f69665d7956c469e3b\",\"name\":\"Radio Ljubu\u0161ki\"}]}<\/script>\n<!-- \/ Yoast SEO plugin. -->","yoast_head_json":{"title":"Croatia Airlines povezuje Dubrovnik s me\u0111unarodnim odredi\u0161tima - RADIO LJUBU\u0160KI","robots":{"index":"index","follow":"follow","max-snippet":"max-snippet:-1","max-image-preview":"max-image-preview:large","max-video-preview":"max-video-preview:-1"},"canonical":"https:\/\/radioljubuski.ba\/index.php\/2021\/05\/22\/croatia-airlines-povezuje-dubrovnik-s-medunarodnim-odredistima\/","og_locale":"hr_HR","og_type":"article","og_title":"Croatia Airlines povezuje Dubrovnik s me\u0111unarodnim odredi\u0161tima - RADIO LJUBU\u0160KI","og_description":"Slijetanjem zrakoplova sa 45 putnika iz Frankfurta u Zra\u010dnu luku Dubrovnik nacionalni avioprijevoznik Croatia Airlines u petak je zapo\u010deo ovogodi\u0161nje izravno povezivanje Dubrovnika s va\u017enim europskim odredi\u0161tima. Komercijalni direktor Croatia Airlinesa Slaven \u017dabo istaknuo je kako je tom linijom krajnji jug Hrvatske povezan s nizom europskih i svjetskih odredi\u0161ta, \u0161to \u0107e zna\u010diti punu podr\u0161ku dubrova\u010dkom [&hellip;]","og_url":"https:\/\/radioljubuski.ba\/index.php\/2021\/05\/22\/croatia-airlines-povezuje-dubrovnik-s-medunarodnim-odredistima\/","og_site_name":"RADIO LJUBU\u0160KI","article_publisher":"https:\/\/www.facebook.com\/Radiio-Ljubuski-1490835324566332","article_published_time":"2021-05-22T15:34:42+00:00","article_modified_time":"2021-05-22T15:34:43+00:00","og_image":[{"width":1000,"height":625,"url":"https:\/\/radioljubuski.ba\/wp-content\/uploads\/2021\/05\/4LweZMxl_Croatia_Airlines_zrakoplov_810x405.jpg","type":"image\/jpeg"}],"author":"Radio Ljubu\u0161ki","twitter_card":"summary_large_image","twitter_creator":"@radioljubuski","twitter_site":"@radioljubuski","twitter_misc":{"Napisao\/la":"Radio Ljubu\u0161ki","Procijenjeno vrijeme \u010ditanja":"2 minute"},"schema":{"@context":"https:\/\/schema.org","@graph":[{"@type":"Article","@id":"https:\/\/radioljubuski.ba\/index.php\/2021\/05\/22\/croatia-airlines-povezuje-dubrovnik-s-medunarodnim-odredistima\/#article","isPartOf":{"@id":"https:\/\/radioljubuski.ba\/index.php\/2021\/05\/22\/croatia-airlines-povezuje-dubrovnik-s-medunarodnim-odredistima\/"},"author":{"name":"Radio Ljubu\u0161ki","@id":"https:\/\/radioljubuski.ba\/#\/schema\/person\/19fc700381a780f69665d7956c469e3b"},"headline":"Croatia Airlines povezuje Dubrovnik s me\u0111unarodnim odredi\u0161tima","datePublished":"2021-05-22T15:34:42+00:00","dateModified":"2021-05-22T15:34:43+00:00","mainEntityOfPage":{"@id":"https:\/\/radioljubuski.ba\/index.php\/2021\/05\/22\/croatia-airlines-povezuje-dubrovnik-s-medunarodnim-odredistima\/"},"wordCount":374,"publisher":{"@id":"https:\/\/radioljubuski.ba\/#organization"},"image":{"@id":"https:\/\/radioljubuski.ba\/index.php\/2021\/05\/22\/croatia-airlines-povezuje-dubrovnik-s-medunarodnim-odredistima\/#primaryimage"},"thumbnailUrl":"https:\/\/radioljubuski.ba\/wp-content\/uploads\/2021\/05\/4LweZMxl_Croatia_Airlines_zrakoplov_810x405.jpg","articleSection":["BIH i regija"],"inLanguage":"hr"},{"@type":"WebPage","@id":"https:\/\/radioljubuski.ba\/index.php\/2021\/05\/22\/croatia-airlines-povezuje-dubrovnik-s-medunarodnim-odredistima\/","url":"https:\/\/radioljubuski.ba\/index.php\/2021\/05\/22\/croatia-airlines-povezuje-dubrovnik-s-medunarodnim-odredistima\/","name":"Croatia Airlines povezuje Dubrovnik s me\u0111unarodnim odredi\u0161tima - RADIO LJUBU\u0160KI","isPartOf":{"@id":"https:\/\/radioljubuski.ba\/#website"},"primaryImageOfPage":{"@id":"https:\/\/radioljubuski.ba\/index.php\/2021\/05\/22\/croatia-airlines-povezuje-dubrovnik-s-medunarodnim-odredistima\/#primaryimage"},"image":{"@id":"https:\/\/radioljubuski.ba\/index.php\/2021\/05\/22\/croatia-airlines-povezuje-dubrovnik-s-medunarodnim-odredistima\/#primaryimage"},"thumbnailUrl":"https:\/\/radioljubuski.ba\/wp-content\/uploads\/2021\/05\/4LweZMxl_Croatia_Airlines_zrakoplov_810x405.jpg","datePublished":"2021-05-22T15:34:42+00:00","dateModified":"2021-05-22T15:34:43+00:00","breadcrumb":{"@id":"https:\/\/radioljubuski.ba\/index.php\/2021\/05\/22\/croatia-airlines-povezuje-dubrovnik-s-medunarodnim-odredistima\/#breadcrumb"},"inLanguage":"hr","potentialAction":[{"@type":"ReadAction","target":["https:\/\/radioljubuski.ba\/index.php\/2021\/05\/22\/croatia-airlines-povezuje-dubrovnik-s-medunarodnim-odredistima\/"]}]},{"@type":"ImageObject","inLanguage":"hr","@id":"https:\/\/radioljubuski.ba\/index.php\/2021\/05\/22\/croatia-airlines-povezuje-dubrovnik-s-medunarodnim-odredistima\/#primaryimage","url":"https:\/\/radioljubuski.ba\/wp-content\/uploads\/2021\/05\/4LweZMxl_Croatia_Airlines_zrakoplov_810x405.jpg","contentUrl":"https:\/\/radioljubuski.ba\/wp-content\/uploads\/2021\/05\/4LweZMxl_Croatia_Airlines_zrakoplov_810x405.jpg","width":1000,"height":625},{"@type":"BreadcrumbList","@id":"https:\/\/radioljubuski.ba\/index.php\/2021\/05\/22\/croatia-airlines-povezuje-dubrovnik-s-medunarodnim-odredistima\/#breadcrumb","itemListElement":[{"@type":"ListItem","position":1,"name":"Po\u010detna stranica","item":"https:\/\/radioljubuski.ba\/"},{"@type":"ListItem","position":2,"name":"Croatia Airlines povezuje Dubrovnik s me\u0111unarodnim odredi\u0161tima"}]},{"@type":"WebSite","@id":"https:\/\/radioljubuski.ba\/#website","url":"https:\/\/radioljubuski.ba\/","name":"Radio Ljubu\u0161ki","description":"Sun\u010dana frekvencija Hercegovine","publisher":{"@id":"https:\/\/radioljubuski.ba\/#organization"},"potentialAction":[{"@type":"SearchAction","target":{"@type":"EntryPoint","urlTemplate":"https:\/\/radioljubuski.ba\/?s={search_term_string}"},"query-input":{"@type":"PropertyValueSpecification","valueRequired":true,"valueName":"search_term_string"}}],"inLanguage":"hr"},{"@type":"Organization","@id":"https:\/\/radioljubuski.ba\/#organization","name":"Radio Ljubu\u0161ki","url":"https:\/\/radioljubuski.ba\/","logo":{"@type":"ImageObject","inLanguage":"hr","@id":"https:\/\/radioljubuski.ba\/#\/schema\/logo\/image\/","url":"https:\/\/radioljubuski.ba\/wp-content\/uploads\/2021\/02\/cropped-Radio_Ljubuski_logo1.jpg","contentUrl":"https:\/\/radioljubuski.ba\/wp-content\/uploads\/2021\/02\/cropped-Radio_Ljubuski_logo1.jpg","width":512,"height":512,"caption":"Radio Ljubu\u0161ki"},"image":{"@id":"https:\/\/radioljubuski.ba\/#\/schema\/logo\/image\/"},"sameAs":["https:\/\/www.facebook.com\/Radiio-Ljubuski-1490835324566332","https:\/\/x.com\/radioljubuski","https:\/\/hr.linkedin.com\/company\/radio-ljubuski","https:\/\/www.youtube.com\/channel\/UCHYaeO_n0Db3tjNGudGpXyw"]},{"@type":"Person","@id":"https:\/\/radioljubuski.ba\/#\/schema\/person\/19fc700381a780f69665d7956c469e3b","name":"Radio Ljubu\u0161ki"}]}},"_links":{"self":[{"href":"https:\/\/radioljubuski.ba\/index.php\/wp-json\/wp\/v2\/posts\/24127","targetHints":{"allow":["GET"]}}],"collection":[{"href":"https:\/\/radioljubuski.ba\/index.php\/wp-json\/wp\/v2\/posts"}],"about":[{"href":"https:\/\/radioljubuski.ba\/index.php\/wp-json\/wp\/v2\/types\/post"}],"author":[{"embeddable":true,"href":"https:\/\/radioljubuski.ba\/index.php\/wp-json\/wp\/v2\/users\/2"}],"replies":[{"embeddable":true,"href":"https:\/\/radioljubuski.ba\/index.php\/wp-json\/wp\/v2\/comments?post=24127"}],"version-history":[{"count":1,"href":"https:\/\/radioljubuski.ba\/index.php\/wp-json\/wp\/v2\/posts\/24127\/revisions"}],"predecessor-version":[{"id":24129,"href":"https:\/\/radioljubuski.ba\/index.php\/wp-json\/wp\/v2\/posts\/24127\/revisions\/24129"}],"wp:featuredmedia":[{"embeddable":true,"href":"https:\/\/radioljubuski.ba\/index.php\/wp-json\/wp\/v2\/media\/24128"}],"wp:attachment":[{"href":"https:\/\/radioljubuski.ba\/index.php\/wp-json\/wp\/v2\/media?parent=24127"}],"wp:term":[{"taxonomy":"category","embeddable":true,"href":"https:\/\/radioljubuski.ba\/index.php\/wp-json\/wp\/v2\/categories?post=24127"},{"taxonomy":"post_tag","embeddable":true,"href":"https:\/\/radioljubuski.ba\/index.php\/wp-json\/wp\/v2\/tags?post=24127"}],"curies":[{"name":"wp","href":"https:\/\/api.w.org\/{rel}","templated":true}]}}