{"id":24130,"date":"2021-05-22T16:35:59","date_gmt":"2021-05-22T15:35:59","guid":{"rendered":"https:\/\/radioljubuski.ba\/?p=24130"},"modified":"2021-05-22T16:35:59","modified_gmt":"2021-05-22T15:35:59","slug":"mostarski-studenti-rade-na-razvoju-informatickih-rjesenja-u-poljoprivredi","status":"publish","type":"post","link":"https:\/\/radioljubuski.ba\/index.php\/2021\/05\/22\/mostarski-studenti-rade-na-razvoju-informatickih-rjesenja-u-poljoprivredi\/","title":{"rendered":"Mostarski studenti rade na razvoju informati\u010dkih rje\u0161enja u poljoprivredi"},"content":{"rendered":"\n<p>Viral hackathon, posve\u0107en primjeni informacijskih tehnologija u poljoprivredi, sve\u010dano je otvoren u petak u Tehnolo\u0161kom parku Intera u Mostaru, gdje \u0107e sljede\u0107a dva dana vi\u0161e od 20 studenata mostarskih fakulteta raditi na razvoju inovativnih rje\u0161enja.<\/p>\n\n\n\n<p>Tijekom sljede\u0107ih 48 sati pet timova radit \u0107e na izradi prototipa svojih mobilnih, web ili desktop aplikacija kojima \u017eele doprinijeti rje\u0161avanju izazova s kojima se u svakodnevnom poslovanju susre\u0107u lokalna poduze\u0107a iz poljoprivrednog sektora, priop\u0107eno je iz Intere.<\/p>\n\n\n\n<p>Na po\u010detku hackathona sudionici su o ovim izazovima imali priliku \u010duti od samih poduze\u0107a koja su im otkrila sve detalje i stavila se na raspolaganje za odgovor na sva dodatna pitanja.<\/p>\n\n\n\n<p>Na ta pitanja odgovore tijekom vikenda sudionici \u0107e mo\u0107i dobiti i od iskusnih mentora iz svijeta programiranja, dizajna, poljoprivrede, marketinga i drugih podru\u010dja, a dodatno \u0107e imati priliku \u010duti iskustva nekada\u0161njih pobjednika hackathona, kao i sudjelovati na radionici prezentacijskih vje\u0161tina.<\/p>\n\n\n\n<p>&#8220;Odli\u010dna suradnja s mostarskim fakultetima ovog je puta okrunjena zajedni\u010dkom organizacijom hackathona kojim jo\u0161 jednom \u017eelimo pru\u017eiti mogu\u0107nost studentima da svoja znanja i vje\u0161tine unaprijede kroz prakti\u010dan rad i suradnju s iskusnim mentorima, ali i podi\u0107i svijest svih uklju\u010denih o va\u017enosti i benefitima primjene informacijskih tehnologija u razli\u010ditim sektorima. Ne sumnjamo da \u0107e i ovaj hackathon biti nezaboravno iskustvo, kako za studente, tako i za ostale sudionike&#8221;, kazala je Ana Bogdanovi\u0107 iz Intere.<\/p>\n\n\n\n<p>Voditelj projekta VIRAL, sufinanciranog sredstvima Europske unije kroz Erasmus+ program, je Univerzitet u Banja Luci, a projekt provode Univerzitet D\u017eemal Bijedi\u0107 Mostar, Sveu\u010dili\u0161te u Mostaru, Univerzitet u Tuzli\/Elektrotehni\u010dki fakultet, Univerzitet Bijeljina, Univerzitet Donja Gorica, Univerzitet Waigeningen, Univerzitet Maribor, Univerzitet Bukure\u0161t, Agro-vo\u0107e, Jaffa-komerc, Planta\u017ee 13. jul, Western Balkans Institute, Inovacioni centar Banja Luka, Inovaciono preduzetni\u010dki centar Tehnopolis, INTERA Tehnolo\u0161ki Park i Crnogorska Asocijacija za nove tehnologije MANT.<\/p>\n\n\n\n<p>Najbolje timove o\u010dekuju vrijedne nov\u010dane nagrade i edukativni te\u010dajevi.<\/p>\n\n\n\n<p>Izvor:pogled.ba<\/p>\n","protected":false},"excerpt":{"rendered":"<p>Viral hackathon, posve\u0107en primjeni informacijskih tehnologija u poljoprivredi, sve\u010dano je otvoren u petak u Tehnolo\u0161kom parku Intera u Mostaru, gdje \u0107e sljede\u0107a dva dana vi\u0161e od 20 studenata mostarskih fakulteta raditi na razvoju inovativnih rje\u0161enja. Tijekom sljede\u0107ih 48 sati pet timova radit \u0107e na izradi prototipa svojih mobilnih, web ili desktop aplikacija kojima \u017eele doprinijeti [&hellip;]<\/p>\n","protected":false},"author":2,"featured_media":24131,"comment_status":"closed","ping_status":"closed","sticky":false,"template":"","format":"standard","meta":{"h5ap_radio_sources":[],"footnotes":""},"categories":[1],"tags":[],"class_list":["post-24130","post","type-post","status-publish","format-standard","has-post-thumbnail","hentry","category-bihiregija"],"yoast_head":"<!-- This site is optimized with the Yoast SEO plugin v27.4 - https:\/\/yoast.com\/product\/yoast-seo-wordpress\/ -->\n<title>Mostarski studenti rade na razvoju informati\u010dkih rje\u0161enja u poljoprivredi - RADIO LJUBU\u0160KI<\/title>\n<meta name=\"robots\" content=\"index, follow, max-snippet:-1, max-image-preview:large, max-video-preview:-1\" \/>\n<link rel=\"canonical\" href=\"https:\/\/radioljubuski.ba\/index.php\/2021\/05\/22\/mostarski-studenti-rade-na-razvoju-informatickih-rjesenja-u-poljoprivredi\/\" \/>\n<meta property=\"og:locale\" content=\"hr_HR\" \/>\n<meta property=\"og:type\" content=\"article\" \/>\n<meta property=\"og:title\" content=\"Mostarski studenti rade na razvoju informati\u010dkih rje\u0161enja u poljoprivredi - RADIO LJUBU\u0160KI\" \/>\n<meta property=\"og:description\" content=\"Viral hackathon, posve\u0107en primjeni informacijskih tehnologija u poljoprivredi, sve\u010dano je otvoren u petak u Tehnolo\u0161kom parku Intera u Mostaru, gdje \u0107e sljede\u0107a dva dana vi\u0161e od 20 studenata mostarskih fakulteta raditi na razvoju inovativnih rje\u0161enja. Tijekom sljede\u0107ih 48 sati pet timova radit \u0107e na izradi prototipa svojih mobilnih, web ili desktop aplikacija kojima \u017eele doprinijeti [&hellip;]\" \/>\n<meta property=\"og:url\" content=\"https:\/\/radioljubuski.ba\/index.php\/2021\/05\/22\/mostarski-studenti-rade-na-razvoju-informatickih-rjesenja-u-poljoprivredi\/\" \/>\n<meta property=\"og:site_name\" content=\"RADIO LJUBU\u0160KI\" \/>\n<meta property=\"article:publisher\" content=\"https:\/\/www.facebook.com\/Radiio-Ljubuski-1490835324566332\" \/>\n<meta property=\"article:published_time\" content=\"2021-05-22T15:35:59+00:00\" \/>\n<meta property=\"og:image\" content=\"https:\/\/radioljubuski.ba\/wp-content\/uploads\/2021\/05\/9-2021-05-21-18-22-34-intera.png\" \/>\n\t<meta property=\"og:image:width\" content=\"1000\" \/>\n\t<meta property=\"og:image:height\" content=\"625\" \/>\n\t<meta property=\"og:image:type\" content=\"image\/png\" \/>\n<meta name=\"author\" content=\"Radio Ljubu\u0161ki\" \/>\n<meta name=\"twitter:card\" content=\"summary_large_image\" \/>\n<meta name=\"twitter:creator\" content=\"@radioljubuski\" \/>\n<meta name=\"twitter:site\" content=\"@radioljubuski\" \/>\n<meta name=\"twitter:label1\" content=\"Napisao\/la\" \/>\n\t<meta name=\"twitter:data1\" content=\"Radio Ljubu\u0161ki\" \/>\n\t<meta name=\"twitter:label2\" content=\"Procijenjeno vrijeme \u010ditanja\" \/>\n\t<meta name=\"twitter:data2\" content=\"2 minute\" \/>\n<script type=\"application\/ld+json\" class=\"yoast-schema-graph\">{\"@context\":\"https:\\\/\\\/schema.org\",\"@graph\":[{\"@type\":\"Article\",\"@id\":\"https:\\\/\\\/radioljubuski.ba\\\/index.php\\\/2021\\\/05\\\/22\\\/mostarski-studenti-rade-na-razvoju-informatickih-rjesenja-u-poljoprivredi\\\/#article\",\"isPartOf\":{\"@id\":\"https:\\\/\\\/radioljubuski.ba\\\/index.php\\\/2021\\\/05\\\/22\\\/mostarski-studenti-rade-na-razvoju-informatickih-rjesenja-u-poljoprivredi\\\/\"},\"author\":{\"name\":\"Radio Ljubu\u0161ki\",\"@id\":\"https:\\\/\\\/radioljubuski.ba\\\/#\\\/schema\\\/person\\\/19fc700381a780f69665d7956c469e3b\"},\"headline\":\"Mostarski studenti rade na razvoju informati\u010dkih rje\u0161enja u poljoprivredi\",\"datePublished\":\"2021-05-22T15:35:59+00:00\",\"mainEntityOfPage\":{\"@id\":\"https:\\\/\\\/radioljubuski.ba\\\/index.php\\\/2021\\\/05\\\/22\\\/mostarski-studenti-rade-na-razvoju-informatickih-rjesenja-u-poljoprivredi\\\/\"},\"wordCount\":343,\"publisher\":{\"@id\":\"https:\\\/\\\/radioljubuski.ba\\\/#organization\"},\"image\":{\"@id\":\"https:\\\/\\\/radioljubuski.ba\\\/index.php\\\/2021\\\/05\\\/22\\\/mostarski-studenti-rade-na-razvoju-informatickih-rjesenja-u-poljoprivredi\\\/#primaryimage\"},\"thumbnailUrl\":\"https:\\\/\\\/radioljubuski.ba\\\/wp-content\\\/uploads\\\/2021\\\/05\\\/9-2021-05-21-18-22-34-intera.png\",\"articleSection\":[\"BIH i regija\"],\"inLanguage\":\"hr\"},{\"@type\":\"WebPage\",\"@id\":\"https:\\\/\\\/radioljubuski.ba\\\/index.php\\\/2021\\\/05\\\/22\\\/mostarski-studenti-rade-na-razvoju-informatickih-rjesenja-u-poljoprivredi\\\/\",\"url\":\"https:\\\/\\\/radioljubuski.ba\\\/index.php\\\/2021\\\/05\\\/22\\\/mostarski-studenti-rade-na-razvoju-informatickih-rjesenja-u-poljoprivredi\\\/\",\"name\":\"Mostarski studenti rade na razvoju informati\u010dkih rje\u0161enja u poljoprivredi - RADIO LJUBU\u0160KI\",\"isPartOf\":{\"@id\":\"https:\\\/\\\/radioljubuski.ba\\\/#website\"},\"primaryImageOfPage\":{\"@id\":\"https:\\\/\\\/radioljubuski.ba\\\/index.php\\\/2021\\\/05\\\/22\\\/mostarski-studenti-rade-na-razvoju-informatickih-rjesenja-u-poljoprivredi\\\/#primaryimage\"},\"image\":{\"@id\":\"https:\\\/\\\/radioljubuski.ba\\\/index.php\\\/2021\\\/05\\\/22\\\/mostarski-studenti-rade-na-razvoju-informatickih-rjesenja-u-poljoprivredi\\\/#primaryimage\"},\"thumbnailUrl\":\"https:\\\/\\\/radioljubuski.ba\\\/wp-content\\\/uploads\\\/2021\\\/05\\\/9-2021-05-21-18-22-34-intera.png\",\"datePublished\":\"2021-05-22T15:35:59+00:00\",\"breadcrumb\":{\"@id\":\"https:\\\/\\\/radioljubuski.ba\\\/index.php\\\/2021\\\/05\\\/22\\\/mostarski-studenti-rade-na-razvoju-informatickih-rjesenja-u-poljoprivredi\\\/#breadcrumb\"},\"inLanguage\":\"hr\",\"potentialAction\":[{\"@type\":\"ReadAction\",\"target\":[\"https:\\\/\\\/radioljubuski.ba\\\/index.php\\\/2021\\\/05\\\/22\\\/mostarski-studenti-rade-na-razvoju-informatickih-rjesenja-u-poljoprivredi\\\/\"]}]},{\"@type\":\"ImageObject\",\"inLanguage\":\"hr\",\"@id\":\"https:\\\/\\\/radioljubuski.ba\\\/index.php\\\/2021\\\/05\\\/22\\\/mostarski-studenti-rade-na-razvoju-informatickih-rjesenja-u-poljoprivredi\\\/#primaryimage\",\"url\":\"https:\\\/\\\/radioljubuski.ba\\\/wp-content\\\/uploads\\\/2021\\\/05\\\/9-2021-05-21-18-22-34-intera.png\",\"contentUrl\":\"https:\\\/\\\/radioljubuski.ba\\\/wp-content\\\/uploads\\\/2021\\\/05\\\/9-2021-05-21-18-22-34-intera.png\",\"width\":1000,\"height\":625},{\"@type\":\"BreadcrumbList\",\"@id\":\"https:\\\/\\\/radioljubuski.ba\\\/index.php\\\/2021\\\/05\\\/22\\\/mostarski-studenti-rade-na-razvoju-informatickih-rjesenja-u-poljoprivredi\\\/#breadcrumb\",\"itemListElement\":[{\"@type\":\"ListItem\",\"position\":1,\"name\":\"Po\u010detna stranica\",\"item\":\"https:\\\/\\\/radioljubuski.ba\\\/\"},{\"@type\":\"ListItem\",\"position\":2,\"name\":\"Mostarski studenti rade na razvoju informati\u010dkih rje\u0161enja u poljoprivredi\"}]},{\"@type\":\"WebSite\",\"@id\":\"https:\\\/\\\/radioljubuski.ba\\\/#website\",\"url\":\"https:\\\/\\\/radioljubuski.ba\\\/\",\"name\":\"Radio Ljubu\u0161ki\",\"description\":\"Sun\u010dana frekvencija Hercegovine\",\"publisher\":{\"@id\":\"https:\\\/\\\/radioljubuski.ba\\\/#organization\"},\"potentialAction\":[{\"@type\":\"SearchAction\",\"target\":{\"@type\":\"EntryPoint\",\"urlTemplate\":\"https:\\\/\\\/radioljubuski.ba\\\/?s={search_term_string}\"},\"query-input\":{\"@type\":\"PropertyValueSpecification\",\"valueRequired\":true,\"valueName\":\"search_term_string\"}}],\"inLanguage\":\"hr\"},{\"@type\":\"Organization\",\"@id\":\"https:\\\/\\\/radioljubuski.ba\\\/#organization\",\"name\":\"Radio Ljubu\u0161ki\",\"url\":\"https:\\\/\\\/radioljubuski.ba\\\/\",\"logo\":{\"@type\":\"ImageObject\",\"inLanguage\":\"hr\",\"@id\":\"https:\\\/\\\/radioljubuski.ba\\\/#\\\/schema\\\/logo\\\/image\\\/\",\"url\":\"https:\\\/\\\/radioljubuski.ba\\\/wp-content\\\/uploads\\\/2021\\\/02\\\/cropped-Radio_Ljubuski_logo1.jpg\",\"contentUrl\":\"https:\\\/\\\/radioljubuski.ba\\\/wp-content\\\/uploads\\\/2021\\\/02\\\/cropped-Radio_Ljubuski_logo1.jpg\",\"width\":512,\"height\":512,\"caption\":\"Radio Ljubu\u0161ki\"},\"image\":{\"@id\":\"https:\\\/\\\/radioljubuski.ba\\\/#\\\/schema\\\/logo\\\/image\\\/\"},\"sameAs\":[\"https:\\\/\\\/www.facebook.com\\\/Radiio-Ljubuski-1490835324566332\",\"https:\\\/\\\/x.com\\\/radioljubuski\",\"https:\\\/\\\/hr.linkedin.com\\\/company\\\/radio-ljubuski\",\"https:\\\/\\\/www.youtube.com\\\/channel\\\/UCHYaeO_n0Db3tjNGudGpXyw\"]},{\"@type\":\"Person\",\"@id\":\"https:\\\/\\\/radioljubuski.ba\\\/#\\\/schema\\\/person\\\/19fc700381a780f69665d7956c469e3b\",\"name\":\"Radio Ljubu\u0161ki\"}]}<\/script>\n<!-- \/ Yoast SEO plugin. -->","yoast_head_json":{"title":"Mostarski studenti rade na razvoju informati\u010dkih rje\u0161enja u poljoprivredi - RADIO LJUBU\u0160KI","robots":{"index":"index","follow":"follow","max-snippet":"max-snippet:-1","max-image-preview":"max-image-preview:large","max-video-preview":"max-video-preview:-1"},"canonical":"https:\/\/radioljubuski.ba\/index.php\/2021\/05\/22\/mostarski-studenti-rade-na-razvoju-informatickih-rjesenja-u-poljoprivredi\/","og_locale":"hr_HR","og_type":"article","og_title":"Mostarski studenti rade na razvoju informati\u010dkih rje\u0161enja u poljoprivredi - RADIO LJUBU\u0160KI","og_description":"Viral hackathon, posve\u0107en primjeni informacijskih tehnologija u poljoprivredi, sve\u010dano je otvoren u petak u Tehnolo\u0161kom parku Intera u Mostaru, gdje \u0107e sljede\u0107a dva dana vi\u0161e od 20 studenata mostarskih fakulteta raditi na razvoju inovativnih rje\u0161enja. Tijekom sljede\u0107ih 48 sati pet timova radit \u0107e na izradi prototipa svojih mobilnih, web ili desktop aplikacija kojima \u017eele doprinijeti [&hellip;]","og_url":"https:\/\/radioljubuski.ba\/index.php\/2021\/05\/22\/mostarski-studenti-rade-na-razvoju-informatickih-rjesenja-u-poljoprivredi\/","og_site_name":"RADIO LJUBU\u0160KI","article_publisher":"https:\/\/www.facebook.com\/Radiio-Ljubuski-1490835324566332","article_published_time":"2021-05-22T15:35:59+00:00","og_image":[{"width":1000,"height":625,"url":"https:\/\/radioljubuski.ba\/wp-content\/uploads\/2021\/05\/9-2021-05-21-18-22-34-intera.png","type":"image\/png"}],"author":"Radio Ljubu\u0161ki","twitter_card":"summary_large_image","twitter_creator":"@radioljubuski","twitter_site":"@radioljubuski","twitter_misc":{"Napisao\/la":"Radio Ljubu\u0161ki","Procijenjeno vrijeme \u010ditanja":"2 minute"},"schema":{"@context":"https:\/\/schema.org","@graph":[{"@type":"Article","@id":"https:\/\/radioljubuski.ba\/index.php\/2021\/05\/22\/mostarski-studenti-rade-na-razvoju-informatickih-rjesenja-u-poljoprivredi\/#article","isPartOf":{"@id":"https:\/\/radioljubuski.ba\/index.php\/2021\/05\/22\/mostarski-studenti-rade-na-razvoju-informatickih-rjesenja-u-poljoprivredi\/"},"author":{"name":"Radio Ljubu\u0161ki","@id":"https:\/\/radioljubuski.ba\/#\/schema\/person\/19fc700381a780f69665d7956c469e3b"},"headline":"Mostarski studenti rade na razvoju informati\u010dkih rje\u0161enja u poljoprivredi","datePublished":"2021-05-22T15:35:59+00:00","mainEntityOfPage":{"@id":"https:\/\/radioljubuski.ba\/index.php\/2021\/05\/22\/mostarski-studenti-rade-na-razvoju-informatickih-rjesenja-u-poljoprivredi\/"},"wordCount":343,"publisher":{"@id":"https:\/\/radioljubuski.ba\/#organization"},"image":{"@id":"https:\/\/radioljubuski.ba\/index.php\/2021\/05\/22\/mostarski-studenti-rade-na-razvoju-informatickih-rjesenja-u-poljoprivredi\/#primaryimage"},"thumbnailUrl":"https:\/\/radioljubuski.ba\/wp-content\/uploads\/2021\/05\/9-2021-05-21-18-22-34-intera.png","articleSection":["BIH i regija"],"inLanguage":"hr"},{"@type":"WebPage","@id":"https:\/\/radioljubuski.ba\/index.php\/2021\/05\/22\/mostarski-studenti-rade-na-razvoju-informatickih-rjesenja-u-poljoprivredi\/","url":"https:\/\/radioljubuski.ba\/index.php\/2021\/05\/22\/mostarski-studenti-rade-na-razvoju-informatickih-rjesenja-u-poljoprivredi\/","name":"Mostarski studenti rade na razvoju informati\u010dkih rje\u0161enja u poljoprivredi - RADIO LJUBU\u0160KI","isPartOf":{"@id":"https:\/\/radioljubuski.ba\/#website"},"primaryImageOfPage":{"@id":"https:\/\/radioljubuski.ba\/index.php\/2021\/05\/22\/mostarski-studenti-rade-na-razvoju-informatickih-rjesenja-u-poljoprivredi\/#primaryimage"},"image":{"@id":"https:\/\/radioljubuski.ba\/index.php\/2021\/05\/22\/mostarski-studenti-rade-na-razvoju-informatickih-rjesenja-u-poljoprivredi\/#primaryimage"},"thumbnailUrl":"https:\/\/radioljubuski.ba\/wp-content\/uploads\/2021\/05\/9-2021-05-21-18-22-34-intera.png","datePublished":"2021-05-22T15:35:59+00:00","breadcrumb":{"@id":"https:\/\/radioljubuski.ba\/index.php\/2021\/05\/22\/mostarski-studenti-rade-na-razvoju-informatickih-rjesenja-u-poljoprivredi\/#breadcrumb"},"inLanguage":"hr","potentialAction":[{"@type":"ReadAction","target":["https:\/\/radioljubuski.ba\/index.php\/2021\/05\/22\/mostarski-studenti-rade-na-razvoju-informatickih-rjesenja-u-poljoprivredi\/"]}]},{"@type":"ImageObject","inLanguage":"hr","@id":"https:\/\/radioljubuski.ba\/index.php\/2021\/05\/22\/mostarski-studenti-rade-na-razvoju-informatickih-rjesenja-u-poljoprivredi\/#primaryimage","url":"https:\/\/radioljubuski.ba\/wp-content\/uploads\/2021\/05\/9-2021-05-21-18-22-34-intera.png","contentUrl":"https:\/\/radioljubuski.ba\/wp-content\/uploads\/2021\/05\/9-2021-05-21-18-22-34-intera.png","width":1000,"height":625},{"@type":"BreadcrumbList","@id":"https:\/\/radioljubuski.ba\/index.php\/2021\/05\/22\/mostarski-studenti-rade-na-razvoju-informatickih-rjesenja-u-poljoprivredi\/#breadcrumb","itemListElement":[{"@type":"ListItem","position":1,"name":"Po\u010detna stranica","item":"https:\/\/radioljubuski.ba\/"},{"@type":"ListItem","position":2,"name":"Mostarski studenti rade na razvoju informati\u010dkih rje\u0161enja u poljoprivredi"}]},{"@type":"WebSite","@id":"https:\/\/radioljubuski.ba\/#website","url":"https:\/\/radioljubuski.ba\/","name":"Radio Ljubu\u0161ki","description":"Sun\u010dana frekvencija Hercegovine","publisher":{"@id":"https:\/\/radioljubuski.ba\/#organization"},"potentialAction":[{"@type":"SearchAction","target":{"@type":"EntryPoint","urlTemplate":"https:\/\/radioljubuski.ba\/?s={search_term_string}"},"query-input":{"@type":"PropertyValueSpecification","valueRequired":true,"valueName":"search_term_string"}}],"inLanguage":"hr"},{"@type":"Organization","@id":"https:\/\/radioljubuski.ba\/#organization","name":"Radio Ljubu\u0161ki","url":"https:\/\/radioljubuski.ba\/","logo":{"@type":"ImageObject","inLanguage":"hr","@id":"https:\/\/radioljubuski.ba\/#\/schema\/logo\/image\/","url":"https:\/\/radioljubuski.ba\/wp-content\/uploads\/2021\/02\/cropped-Radio_Ljubuski_logo1.jpg","contentUrl":"https:\/\/radioljubuski.ba\/wp-content\/uploads\/2021\/02\/cropped-Radio_Ljubuski_logo1.jpg","width":512,"height":512,"caption":"Radio Ljubu\u0161ki"},"image":{"@id":"https:\/\/radioljubuski.ba\/#\/schema\/logo\/image\/"},"sameAs":["https:\/\/www.facebook.com\/Radiio-Ljubuski-1490835324566332","https:\/\/x.com\/radioljubuski","https:\/\/hr.linkedin.com\/company\/radio-ljubuski","https:\/\/www.youtube.com\/channel\/UCHYaeO_n0Db3tjNGudGpXyw"]},{"@type":"Person","@id":"https:\/\/radioljubuski.ba\/#\/schema\/person\/19fc700381a780f69665d7956c469e3b","name":"Radio Ljubu\u0161ki"}]}},"_links":{"self":[{"href":"https:\/\/radioljubuski.ba\/index.php\/wp-json\/wp\/v2\/posts\/24130","targetHints":{"allow":["GET"]}}],"collection":[{"href":"https:\/\/radioljubuski.ba\/index.php\/wp-json\/wp\/v2\/posts"}],"about":[{"href":"https:\/\/radioljubuski.ba\/index.php\/wp-json\/wp\/v2\/types\/post"}],"author":[{"embeddable":true,"href":"https:\/\/radioljubuski.ba\/index.php\/wp-json\/wp\/v2\/users\/2"}],"replies":[{"embeddable":true,"href":"https:\/\/radioljubuski.ba\/index.php\/wp-json\/wp\/v2\/comments?post=24130"}],"version-history":[{"count":1,"href":"https:\/\/radioljubuski.ba\/index.php\/wp-json\/wp\/v2\/posts\/24130\/revisions"}],"predecessor-version":[{"id":24132,"href":"https:\/\/radioljubuski.ba\/index.php\/wp-json\/wp\/v2\/posts\/24130\/revisions\/24132"}],"wp:featuredmedia":[{"embeddable":true,"href":"https:\/\/radioljubuski.ba\/index.php\/wp-json\/wp\/v2\/media\/24131"}],"wp:attachment":[{"href":"https:\/\/radioljubuski.ba\/index.php\/wp-json\/wp\/v2\/media?parent=24130"}],"wp:term":[{"taxonomy":"category","embeddable":true,"href":"https:\/\/radioljubuski.ba\/index.php\/wp-json\/wp\/v2\/categories?post=24130"},{"taxonomy":"post_tag","embeddable":true,"href":"https:\/\/radioljubuski.ba\/index.php\/wp-json\/wp\/v2\/tags?post=24130"}],"curies":[{"name":"wp","href":"https:\/\/api.w.org\/{rel}","templated":true}]}}