{"id":24173,"date":"2021-05-22T17:06:31","date_gmt":"2021-05-22T16:06:31","guid":{"rendered":"https:\/\/radioljubuski.ba\/?p=24173"},"modified":"2021-05-22T17:06:32","modified_gmt":"2021-05-22T16:06:32","slug":"rat-u-svetoj-zemlji-un-mnoge-razocarao-pasivnoscu","status":"publish","type":"post","link":"https:\/\/radioljubuski.ba\/index.php\/2021\/05\/22\/rat-u-svetoj-zemlji-un-mnoge-razocarao-pasivnoscu\/","title":{"rendered":"Rat u Svetoj Zemlji: UN mnoge razo\u010darao pasivno\u0161\u0107u"},"content":{"rendered":"\n<p><strong>Nakon 11 dana \u017eestokih sukoba, uglavnom raketiranja, progla\u0161eno je primirje izme\u0111u Izraelaca i Palestinaca. Posljedice najnovijeg nasilja u vi\u0161edesetljetnom sukobu je prije svega oko 250 mrtvih, od kojih golema ve\u0107ina na palestinskoj strani. Izraelski izvori tvrde da su likvidirali 25 visokih du\u017enosnika i oko 200 operativaca Hamasa, Palestinci pak navode kako su me\u0111u \u017ertvama i deseci \u017eena i djece.&nbsp;<\/strong><\/p>\n\n\n\n<p>Jedanaest dana i no\u0107i odjekivale su rakete i bombe Svetom Zemljom. Posvuda dokazi razaranja. Mrtvi i ranjeni na obje strane. Strah i bijes pomije\u0161an sa \u017eeljom za osvetom, ali i apatijom.&nbsp;\u010cetvrti rat Izraela i Hamasa u ne\u0161to vi\u0161e od deset godina, ionako slab zdravstveni sustav u Pojasu Gaze bacio je na koljena.<br><br>U \u0161kolama pod upravom UN-a za\u0161titu su potra\u017eili deseci tisu\u0107a ljudi, me\u0111u njima je i stanovnica Gaze&nbsp;<strong>Nawal al-Danaf&nbsp;<\/strong>i njezino petero djece. Biv\u0161u u\u010dionicu dijele s jo\u0161 pet obitelji.<br><br>&#8211; \u0160kola je sigurna od rata, ali \u0161to se ti\u010de koronavirusa, u jednoj u\u010dionici ima pet obitelji; jedan zarazi drugog, drugi zarazi tre\u0107eg. \u010cak i ako netko ima gripu, zarazit \u0107e svu djecu, \u0161to tako\u0111er uop\u0107e nije ugodno, ka\u017ee ona.<br><br>Koliko je te\u0161ko u Gazi, najbolje pokazuju podaci da je tijekom posljednjeg rata Hamasa i Izraela 2014., koji je trajao 50 dan,a bez domova ostalo 50 tisu\u0107a ljudi. Sada je za samo 11 dana vi\u0161e od 70 tisu\u0107a ljudi postalo besku\u0107nicima. O\u0161te\u0107eno je najmanje 18 bolnica i klinika. Da nevolje ne idu same, potvr\u0111uje i podatak da je u Gazi zabilje\u017eeno vi\u0161e od 105 000 slu\u010dajeva koronavirusa.<br><br>Sirene, sati granatiranja, velika o\u0161te\u0107enja i upla\u0161eni ljudi &#8211; slika je i s one druge strane granice. Prekid vatre mnogima nije donio olak\u0161anje.<\/p>\n\n\n\n<p>Tek jedanaestog dana sukoba u Izrael je stiglo izaslanstvo Europske unije s porukom &#8211; rat mora prestati. A ba\u0161 Europska unija poru\u010dila je da je jednostavno nemo\u0107na i da zaustaviti sukob mo\u017ee jedino SAD, samo ako \u017eeli. Nema dvojbe da se napadnuti Izrael ima pravo braniti, smatra Bruxelles, no nema pravo kr\u0161iti me\u0111unarodno pravo.<br><br>UN je mnoge razo\u010darao pasivno\u0161\u0107u, \u010dak i one koji pa\u017eljivo prate njegov rad. Novinari koji su sli\u010dan konflikt pratili 2009. godine, isti\u010du kako se tada\u0161nji glavni tajnik UN-a&nbsp;<strong>Ban Ki-moon&nbsp;<\/strong>ukrcao na zrakoplov i oti\u0161ao u Tel Aviv razgovarati s izraelskom vladom. Smatraju da bi se&nbsp;<strong>Ant\u00f3nio Guterres&nbsp;<\/strong>mogao ugledati na svog prethodnika.<br><br>&#8211; Svaki glavni tajnik ima svoje metode sudjelovanja u tim vrstama doga\u0111aja, a mi \u0107emo dopustiti povjesni\u010darima da uspore\u0111uju vrijeme od 2009. do 2014. s godinom 2021. Glavni tajnik je bio potpuno anga\u017eiran i vrlo ga (sukob, op.a.) pa\u017eljivo prati. Pokrenuo je ovo pitanje u kontaktima s Rusima, Amerikancima, kraljem Jordana, Palestincima, uskoro i s Izraelcima. Ovlastio je svog \u010dovjeka na terenu,&nbsp;<strong>Tora Wenneslanda,<\/strong>&nbsp;da se uklju\u010di u vrlo aktivnu diplomaciju kako bi se postigao trenutni prekid neprijateljstava, opravdava aktualnog prvog \u010dovjeka UN-a<strong>&nbsp;<\/strong>njegov glasnogovornik&nbsp;<strong>St\u00e9phane Dujarric<\/strong>.<\/p>\n\n\n\n<p><br>Guterresu zamjeraju \u0161to u cijelom ovom razdoblju bombardiranja nije razgovarao s izraelskim premijerom.<br><br>Nakon 11 dana ratovanja, uz posredovanje Egipta i Katara, na snagu je stupio prekid vatre. Kratki prekid vatre stanovnicima s obje strane donijet \u0107e predah i malo mira &#8211; i ni\u0161ta vi\u0161e. Tisu\u0107e ispaljenih Hamasovih raketa na jug Izraela pokazale su kako je tijekom 14-godi\u0161nje izraelsko-egipatske blokade Pojasa Gaze vojni arsenal te enklave samo narastao.<br><br>&#8211; Tri su glavna izvora gdje Hamas nabavlja svoju vojnu opremu, uklju\u010duju\u0107i rakete, od kojih je jedan izravan uvoz od vanjskih partnera poput Irana. Drugi na\u010din na koji dolaze do raketa, kombinacija je unutarnjih i vanjskih komponenata. Koriste\u0107i se nekim komponentama koje nabavljaju iz Irana, koje se krijum\u010dare u Gazu, kombiniraju ih s komponentama iz lokalnog izvora, poput cijevi i stvari koje mogu lokalno obra\u0111ivati, obja\u0161njava\u00a0<strong>Ian Williams<\/strong>\u00a0iz washingtonskog Centra za strate\u0161ke i me\u0111unarodne studije, dodaju\u0107i kako je tu i lokalno proizvedeno oru\u017eje, obi\u010dno s najkra\u0107im dometom, ina\u010de najmanje pouzdano i najmanje precizno.<br><br>&#8211; U ovom sukobu vidimo da se Hamas koristio boljom taktikom u pogledu lansiranja raketa. Ispaljuju ih intenzivnije. \u010cini se da je njihova preciznost malo pobolj\u0161ana u odnosu na prethodne sukobe. \u010cini se da su napadi bolje koordinirani i intenzivniji, dodaje zaklju\u010duju\u0107i da je vjerojatno rije\u010d o utjecaju savjetnika Quds Forcea koji poma\u017eu Hamasu.<br><br>S druge strane dio izraelskih medija optu\u017euje vladu da nikada nije tako lo\u0161e vodila neki rat. Smatraju da je rije\u010d o ozbiljnom vojnom i diplomatskom neuspjehu koji je razotkrio lo\u0161u pripremu i vo\u0111enje vojske kao i nemo\u0107 vlade Benjamina Netanyahua na odlasku. Takav Izrael ne mo\u017ee neutralizirati Hamasove vojne kapacitete. Likvidacija nekoliko desetaka njegovih pripadnika sigurno ga ne\u0107e oslabiti niti odvratiti od novih poku\u0161aja da napadne Jeruzalem.<\/p>\n\n\n\n<div style=\"width: 640px;\" class=\"wp-video\"><video class=\"wp-video-shortcode\" id=\"video-24173-1\" width=\"640\" height=\"360\" preload=\"metadata\" controls=\"controls\"><source type=\"video\/mp4\" src=\"https:\/\/api.hrt.hr\/media\/1f\/f8\/primirje-izrael-hamas-220521-20210522113026.mp4?_=1\" \/><a href=\"https:\/\/api.hrt.hr\/media\/1f\/f8\/primirje-izrael-hamas-220521-20210522113026.mp4\">https:\/\/api.hrt.hr\/media\/1f\/f8\/primirje-izrael-hamas-220521-20210522113026.mp4<\/a><\/video><\/div>\n\n\n\n<p>Izvor:hrt.hr<\/p>\n","protected":false},"excerpt":{"rendered":"<p>Nakon 11 dana \u017eestokih sukoba, uglavnom raketiranja, progla\u0161eno je primirje izme\u0111u Izraelaca i Palestinaca. Posljedice najnovijeg nasilja u vi\u0161edesetljetnom sukobu je prije svega oko 250 mrtvih, od kojih golema ve\u0107ina na palestinskoj strani. Izraelski izvori tvrde da su likvidirali 25 visokih du\u017enosnika i oko 200 operativaca Hamasa, Palestinci pak navode kako su me\u0111u \u017ertvama i [&hellip;]<\/p>\n","protected":false},"author":2,"featured_media":24174,"comment_status":"closed","ping_status":"closed","sticky":false,"template":"","format":"standard","meta":{"h5ap_radio_sources":[],"footnotes":""},"categories":[1],"tags":[],"class_list":["post-24173","post","type-post","status-publish","format-standard","has-post-thumbnail","hentry","category-bihiregija"],"yoast_head":"<!-- This site is optimized with the Yoast SEO plugin v27.4 - https:\/\/yoast.com\/product\/yoast-seo-wordpress\/ -->\n<title>Rat u Svetoj Zemlji: UN mnoge razo\u010darao pasivno\u0161\u0107u - RADIO LJUBU\u0160KI<\/title>\n<meta name=\"robots\" content=\"index, follow, max-snippet:-1, max-image-preview:large, max-video-preview:-1\" \/>\n<link rel=\"canonical\" href=\"https:\/\/radioljubuski.ba\/index.php\/2021\/05\/22\/rat-u-svetoj-zemlji-un-mnoge-razocarao-pasivnoscu\/\" \/>\n<meta property=\"og:locale\" content=\"hr_HR\" \/>\n<meta property=\"og:type\" content=\"article\" \/>\n<meta property=\"og:title\" content=\"Rat u Svetoj Zemlji: UN mnoge razo\u010darao pasivno\u0161\u0107u - RADIO LJUBU\u0160KI\" \/>\n<meta property=\"og:description\" content=\"Nakon 11 dana \u017eestokih sukoba, uglavnom raketiranja, progla\u0161eno je primirje izme\u0111u Izraelaca i Palestinaca. Posljedice najnovijeg nasilja u vi\u0161edesetljetnom sukobu je prije svega oko 250 mrtvih, od kojih golema ve\u0107ina na palestinskoj strani. Izraelski izvori tvrde da su likvidirali 25 visokih du\u017enosnika i oko 200 operativaca Hamasa, Palestinci pak navode kako su me\u0111u \u017ertvama i [&hellip;]\" \/>\n<meta property=\"og:url\" content=\"https:\/\/radioljubuski.ba\/index.php\/2021\/05\/22\/rat-u-svetoj-zemlji-un-mnoge-razocarao-pasivnoscu\/\" \/>\n<meta property=\"og:site_name\" content=\"RADIO LJUBU\u0160KI\" \/>\n<meta property=\"article:publisher\" content=\"https:\/\/www.facebook.com\/Radiio-Ljubuski-1490835324566332\" \/>\n<meta property=\"article:published_time\" content=\"2021-05-22T16:06:31+00:00\" \/>\n<meta property=\"article:modified_time\" content=\"2021-05-22T16:06:32+00:00\" \/>\n<meta property=\"og:image\" content=\"https:\/\/radioljubuski.ba\/wp-content\/uploads\/2021\/05\/pogreb-20210522070321.jpg\" \/>\n\t<meta property=\"og:image:width\" content=\"1000\" \/>\n\t<meta property=\"og:image:height\" content=\"667\" \/>\n\t<meta property=\"og:image:type\" content=\"image\/jpeg\" \/>\n<meta name=\"author\" content=\"Radio Ljubu\u0161ki\" \/>\n<meta name=\"twitter:card\" content=\"summary_large_image\" \/>\n<meta name=\"twitter:creator\" content=\"@radioljubuski\" \/>\n<meta name=\"twitter:site\" content=\"@radioljubuski\" \/>\n<meta name=\"twitter:label1\" content=\"Napisao\/la\" \/>\n\t<meta name=\"twitter:data1\" content=\"Radio Ljubu\u0161ki\" \/>\n\t<meta name=\"twitter:label2\" content=\"Procijenjeno vrijeme \u010ditanja\" \/>\n\t<meta name=\"twitter:data2\" content=\"4 minute\" \/>\n<script type=\"application\/ld+json\" class=\"yoast-schema-graph\">{\"@context\":\"https:\\\/\\\/schema.org\",\"@graph\":[{\"@type\":\"Article\",\"@id\":\"https:\\\/\\\/radioljubuski.ba\\\/index.php\\\/2021\\\/05\\\/22\\\/rat-u-svetoj-zemlji-un-mnoge-razocarao-pasivnoscu\\\/#article\",\"isPartOf\":{\"@id\":\"https:\\\/\\\/radioljubuski.ba\\\/index.php\\\/2021\\\/05\\\/22\\\/rat-u-svetoj-zemlji-un-mnoge-razocarao-pasivnoscu\\\/\"},\"author\":{\"name\":\"Radio Ljubu\u0161ki\",\"@id\":\"https:\\\/\\\/radioljubuski.ba\\\/#\\\/schema\\\/person\\\/19fc700381a780f69665d7956c469e3b\"},\"headline\":\"Rat u Svetoj Zemlji: UN mnoge razo\u010darao pasivno\u0161\u0107u\",\"datePublished\":\"2021-05-22T16:06:31+00:00\",\"dateModified\":\"2021-05-22T16:06:32+00:00\",\"mainEntityOfPage\":{\"@id\":\"https:\\\/\\\/radioljubuski.ba\\\/index.php\\\/2021\\\/05\\\/22\\\/rat-u-svetoj-zemlji-un-mnoge-razocarao-pasivnoscu\\\/\"},\"wordCount\":855,\"publisher\":{\"@id\":\"https:\\\/\\\/radioljubuski.ba\\\/#organization\"},\"image\":{\"@id\":\"https:\\\/\\\/radioljubuski.ba\\\/index.php\\\/2021\\\/05\\\/22\\\/rat-u-svetoj-zemlji-un-mnoge-razocarao-pasivnoscu\\\/#primaryimage\"},\"thumbnailUrl\":\"https:\\\/\\\/radioljubuski.ba\\\/wp-content\\\/uploads\\\/2021\\\/05\\\/pogreb-20210522070321.jpg\",\"articleSection\":[\"BIH i regija\"],\"inLanguage\":\"hr\"},{\"@type\":\"WebPage\",\"@id\":\"https:\\\/\\\/radioljubuski.ba\\\/index.php\\\/2021\\\/05\\\/22\\\/rat-u-svetoj-zemlji-un-mnoge-razocarao-pasivnoscu\\\/\",\"url\":\"https:\\\/\\\/radioljubuski.ba\\\/index.php\\\/2021\\\/05\\\/22\\\/rat-u-svetoj-zemlji-un-mnoge-razocarao-pasivnoscu\\\/\",\"name\":\"Rat u Svetoj Zemlji: UN mnoge razo\u010darao pasivno\u0161\u0107u - RADIO LJUBU\u0160KI\",\"isPartOf\":{\"@id\":\"https:\\\/\\\/radioljubuski.ba\\\/#website\"},\"primaryImageOfPage\":{\"@id\":\"https:\\\/\\\/radioljubuski.ba\\\/index.php\\\/2021\\\/05\\\/22\\\/rat-u-svetoj-zemlji-un-mnoge-razocarao-pasivnoscu\\\/#primaryimage\"},\"image\":{\"@id\":\"https:\\\/\\\/radioljubuski.ba\\\/index.php\\\/2021\\\/05\\\/22\\\/rat-u-svetoj-zemlji-un-mnoge-razocarao-pasivnoscu\\\/#primaryimage\"},\"thumbnailUrl\":\"https:\\\/\\\/radioljubuski.ba\\\/wp-content\\\/uploads\\\/2021\\\/05\\\/pogreb-20210522070321.jpg\",\"datePublished\":\"2021-05-22T16:06:31+00:00\",\"dateModified\":\"2021-05-22T16:06:32+00:00\",\"breadcrumb\":{\"@id\":\"https:\\\/\\\/radioljubuski.ba\\\/index.php\\\/2021\\\/05\\\/22\\\/rat-u-svetoj-zemlji-un-mnoge-razocarao-pasivnoscu\\\/#breadcrumb\"},\"inLanguage\":\"hr\",\"potentialAction\":[{\"@type\":\"ReadAction\",\"target\":[\"https:\\\/\\\/radioljubuski.ba\\\/index.php\\\/2021\\\/05\\\/22\\\/rat-u-svetoj-zemlji-un-mnoge-razocarao-pasivnoscu\\\/\"]}]},{\"@type\":\"ImageObject\",\"inLanguage\":\"hr\",\"@id\":\"https:\\\/\\\/radioljubuski.ba\\\/index.php\\\/2021\\\/05\\\/22\\\/rat-u-svetoj-zemlji-un-mnoge-razocarao-pasivnoscu\\\/#primaryimage\",\"url\":\"https:\\\/\\\/radioljubuski.ba\\\/wp-content\\\/uploads\\\/2021\\\/05\\\/pogreb-20210522070321.jpg\",\"contentUrl\":\"https:\\\/\\\/radioljubuski.ba\\\/wp-content\\\/uploads\\\/2021\\\/05\\\/pogreb-20210522070321.jpg\",\"width\":1000,\"height\":667},{\"@type\":\"BreadcrumbList\",\"@id\":\"https:\\\/\\\/radioljubuski.ba\\\/index.php\\\/2021\\\/05\\\/22\\\/rat-u-svetoj-zemlji-un-mnoge-razocarao-pasivnoscu\\\/#breadcrumb\",\"itemListElement\":[{\"@type\":\"ListItem\",\"position\":1,\"name\":\"Po\u010detna stranica\",\"item\":\"https:\\\/\\\/radioljubuski.ba\\\/\"},{\"@type\":\"ListItem\",\"position\":2,\"name\":\"Rat u Svetoj Zemlji: UN mnoge razo\u010darao pasivno\u0161\u0107u\"}]},{\"@type\":\"WebSite\",\"@id\":\"https:\\\/\\\/radioljubuski.ba\\\/#website\",\"url\":\"https:\\\/\\\/radioljubuski.ba\\\/\",\"name\":\"Radio Ljubu\u0161ki\",\"description\":\"Sun\u010dana frekvencija Hercegovine\",\"publisher\":{\"@id\":\"https:\\\/\\\/radioljubuski.ba\\\/#organization\"},\"potentialAction\":[{\"@type\":\"SearchAction\",\"target\":{\"@type\":\"EntryPoint\",\"urlTemplate\":\"https:\\\/\\\/radioljubuski.ba\\\/?s={search_term_string}\"},\"query-input\":{\"@type\":\"PropertyValueSpecification\",\"valueRequired\":true,\"valueName\":\"search_term_string\"}}],\"inLanguage\":\"hr\"},{\"@type\":\"Organization\",\"@id\":\"https:\\\/\\\/radioljubuski.ba\\\/#organization\",\"name\":\"Radio Ljubu\u0161ki\",\"url\":\"https:\\\/\\\/radioljubuski.ba\\\/\",\"logo\":{\"@type\":\"ImageObject\",\"inLanguage\":\"hr\",\"@id\":\"https:\\\/\\\/radioljubuski.ba\\\/#\\\/schema\\\/logo\\\/image\\\/\",\"url\":\"https:\\\/\\\/radioljubuski.ba\\\/wp-content\\\/uploads\\\/2021\\\/02\\\/cropped-Radio_Ljubuski_logo1.jpg\",\"contentUrl\":\"https:\\\/\\\/radioljubuski.ba\\\/wp-content\\\/uploads\\\/2021\\\/02\\\/cropped-Radio_Ljubuski_logo1.jpg\",\"width\":512,\"height\":512,\"caption\":\"Radio Ljubu\u0161ki\"},\"image\":{\"@id\":\"https:\\\/\\\/radioljubuski.ba\\\/#\\\/schema\\\/logo\\\/image\\\/\"},\"sameAs\":[\"https:\\\/\\\/www.facebook.com\\\/Radiio-Ljubuski-1490835324566332\",\"https:\\\/\\\/x.com\\\/radioljubuski\",\"https:\\\/\\\/hr.linkedin.com\\\/company\\\/radio-ljubuski\",\"https:\\\/\\\/www.youtube.com\\\/channel\\\/UCHYaeO_n0Db3tjNGudGpXyw\"]},{\"@type\":\"Person\",\"@id\":\"https:\\\/\\\/radioljubuski.ba\\\/#\\\/schema\\\/person\\\/19fc700381a780f69665d7956c469e3b\",\"name\":\"Radio Ljubu\u0161ki\"}]}<\/script>\n<!-- \/ Yoast SEO plugin. -->","yoast_head_json":{"title":"Rat u Svetoj Zemlji: UN mnoge razo\u010darao pasivno\u0161\u0107u - RADIO LJUBU\u0160KI","robots":{"index":"index","follow":"follow","max-snippet":"max-snippet:-1","max-image-preview":"max-image-preview:large","max-video-preview":"max-video-preview:-1"},"canonical":"https:\/\/radioljubuski.ba\/index.php\/2021\/05\/22\/rat-u-svetoj-zemlji-un-mnoge-razocarao-pasivnoscu\/","og_locale":"hr_HR","og_type":"article","og_title":"Rat u Svetoj Zemlji: UN mnoge razo\u010darao pasivno\u0161\u0107u - RADIO LJUBU\u0160KI","og_description":"Nakon 11 dana \u017eestokih sukoba, uglavnom raketiranja, progla\u0161eno je primirje izme\u0111u Izraelaca i Palestinaca. Posljedice najnovijeg nasilja u vi\u0161edesetljetnom sukobu je prije svega oko 250 mrtvih, od kojih golema ve\u0107ina na palestinskoj strani. Izraelski izvori tvrde da su likvidirali 25 visokih du\u017enosnika i oko 200 operativaca Hamasa, Palestinci pak navode kako su me\u0111u \u017ertvama i [&hellip;]","og_url":"https:\/\/radioljubuski.ba\/index.php\/2021\/05\/22\/rat-u-svetoj-zemlji-un-mnoge-razocarao-pasivnoscu\/","og_site_name":"RADIO LJUBU\u0160KI","article_publisher":"https:\/\/www.facebook.com\/Radiio-Ljubuski-1490835324566332","article_published_time":"2021-05-22T16:06:31+00:00","article_modified_time":"2021-05-22T16:06:32+00:00","og_image":[{"width":1000,"height":667,"url":"https:\/\/radioljubuski.ba\/wp-content\/uploads\/2021\/05\/pogreb-20210522070321.jpg","type":"image\/jpeg"}],"author":"Radio Ljubu\u0161ki","twitter_card":"summary_large_image","twitter_creator":"@radioljubuski","twitter_site":"@radioljubuski","twitter_misc":{"Napisao\/la":"Radio Ljubu\u0161ki","Procijenjeno vrijeme \u010ditanja":"4 minute"},"schema":{"@context":"https:\/\/schema.org","@graph":[{"@type":"Article","@id":"https:\/\/radioljubuski.ba\/index.php\/2021\/05\/22\/rat-u-svetoj-zemlji-un-mnoge-razocarao-pasivnoscu\/#article","isPartOf":{"@id":"https:\/\/radioljubuski.ba\/index.php\/2021\/05\/22\/rat-u-svetoj-zemlji-un-mnoge-razocarao-pasivnoscu\/"},"author":{"name":"Radio Ljubu\u0161ki","@id":"https:\/\/radioljubuski.ba\/#\/schema\/person\/19fc700381a780f69665d7956c469e3b"},"headline":"Rat u Svetoj Zemlji: UN mnoge razo\u010darao pasivno\u0161\u0107u","datePublished":"2021-05-22T16:06:31+00:00","dateModified":"2021-05-22T16:06:32+00:00","mainEntityOfPage":{"@id":"https:\/\/radioljubuski.ba\/index.php\/2021\/05\/22\/rat-u-svetoj-zemlji-un-mnoge-razocarao-pasivnoscu\/"},"wordCount":855,"publisher":{"@id":"https:\/\/radioljubuski.ba\/#organization"},"image":{"@id":"https:\/\/radioljubuski.ba\/index.php\/2021\/05\/22\/rat-u-svetoj-zemlji-un-mnoge-razocarao-pasivnoscu\/#primaryimage"},"thumbnailUrl":"https:\/\/radioljubuski.ba\/wp-content\/uploads\/2021\/05\/pogreb-20210522070321.jpg","articleSection":["BIH i regija"],"inLanguage":"hr"},{"@type":"WebPage","@id":"https:\/\/radioljubuski.ba\/index.php\/2021\/05\/22\/rat-u-svetoj-zemlji-un-mnoge-razocarao-pasivnoscu\/","url":"https:\/\/radioljubuski.ba\/index.php\/2021\/05\/22\/rat-u-svetoj-zemlji-un-mnoge-razocarao-pasivnoscu\/","name":"Rat u Svetoj Zemlji: UN mnoge razo\u010darao pasivno\u0161\u0107u - RADIO LJUBU\u0160KI","isPartOf":{"@id":"https:\/\/radioljubuski.ba\/#website"},"primaryImageOfPage":{"@id":"https:\/\/radioljubuski.ba\/index.php\/2021\/05\/22\/rat-u-svetoj-zemlji-un-mnoge-razocarao-pasivnoscu\/#primaryimage"},"image":{"@id":"https:\/\/radioljubuski.ba\/index.php\/2021\/05\/22\/rat-u-svetoj-zemlji-un-mnoge-razocarao-pasivnoscu\/#primaryimage"},"thumbnailUrl":"https:\/\/radioljubuski.ba\/wp-content\/uploads\/2021\/05\/pogreb-20210522070321.jpg","datePublished":"2021-05-22T16:06:31+00:00","dateModified":"2021-05-22T16:06:32+00:00","breadcrumb":{"@id":"https:\/\/radioljubuski.ba\/index.php\/2021\/05\/22\/rat-u-svetoj-zemlji-un-mnoge-razocarao-pasivnoscu\/#breadcrumb"},"inLanguage":"hr","potentialAction":[{"@type":"ReadAction","target":["https:\/\/radioljubuski.ba\/index.php\/2021\/05\/22\/rat-u-svetoj-zemlji-un-mnoge-razocarao-pasivnoscu\/"]}]},{"@type":"ImageObject","inLanguage":"hr","@id":"https:\/\/radioljubuski.ba\/index.php\/2021\/05\/22\/rat-u-svetoj-zemlji-un-mnoge-razocarao-pasivnoscu\/#primaryimage","url":"https:\/\/radioljubuski.ba\/wp-content\/uploads\/2021\/05\/pogreb-20210522070321.jpg","contentUrl":"https:\/\/radioljubuski.ba\/wp-content\/uploads\/2021\/05\/pogreb-20210522070321.jpg","width":1000,"height":667},{"@type":"BreadcrumbList","@id":"https:\/\/radioljubuski.ba\/index.php\/2021\/05\/22\/rat-u-svetoj-zemlji-un-mnoge-razocarao-pasivnoscu\/#breadcrumb","itemListElement":[{"@type":"ListItem","position":1,"name":"Po\u010detna stranica","item":"https:\/\/radioljubuski.ba\/"},{"@type":"ListItem","position":2,"name":"Rat u Svetoj Zemlji: UN mnoge razo\u010darao pasivno\u0161\u0107u"}]},{"@type":"WebSite","@id":"https:\/\/radioljubuski.ba\/#website","url":"https:\/\/radioljubuski.ba\/","name":"Radio Ljubu\u0161ki","description":"Sun\u010dana frekvencija Hercegovine","publisher":{"@id":"https:\/\/radioljubuski.ba\/#organization"},"potentialAction":[{"@type":"SearchAction","target":{"@type":"EntryPoint","urlTemplate":"https:\/\/radioljubuski.ba\/?s={search_term_string}"},"query-input":{"@type":"PropertyValueSpecification","valueRequired":true,"valueName":"search_term_string"}}],"inLanguage":"hr"},{"@type":"Organization","@id":"https:\/\/radioljubuski.ba\/#organization","name":"Radio Ljubu\u0161ki","url":"https:\/\/radioljubuski.ba\/","logo":{"@type":"ImageObject","inLanguage":"hr","@id":"https:\/\/radioljubuski.ba\/#\/schema\/logo\/image\/","url":"https:\/\/radioljubuski.ba\/wp-content\/uploads\/2021\/02\/cropped-Radio_Ljubuski_logo1.jpg","contentUrl":"https:\/\/radioljubuski.ba\/wp-content\/uploads\/2021\/02\/cropped-Radio_Ljubuski_logo1.jpg","width":512,"height":512,"caption":"Radio Ljubu\u0161ki"},"image":{"@id":"https:\/\/radioljubuski.ba\/#\/schema\/logo\/image\/"},"sameAs":["https:\/\/www.facebook.com\/Radiio-Ljubuski-1490835324566332","https:\/\/x.com\/radioljubuski","https:\/\/hr.linkedin.com\/company\/radio-ljubuski","https:\/\/www.youtube.com\/channel\/UCHYaeO_n0Db3tjNGudGpXyw"]},{"@type":"Person","@id":"https:\/\/radioljubuski.ba\/#\/schema\/person\/19fc700381a780f69665d7956c469e3b","name":"Radio Ljubu\u0161ki"}]}},"_links":{"self":[{"href":"https:\/\/radioljubuski.ba\/index.php\/wp-json\/wp\/v2\/posts\/24173","targetHints":{"allow":["GET"]}}],"collection":[{"href":"https:\/\/radioljubuski.ba\/index.php\/wp-json\/wp\/v2\/posts"}],"about":[{"href":"https:\/\/radioljubuski.ba\/index.php\/wp-json\/wp\/v2\/types\/post"}],"author":[{"embeddable":true,"href":"https:\/\/radioljubuski.ba\/index.php\/wp-json\/wp\/v2\/users\/2"}],"replies":[{"embeddable":true,"href":"https:\/\/radioljubuski.ba\/index.php\/wp-json\/wp\/v2\/comments?post=24173"}],"version-history":[{"count":1,"href":"https:\/\/radioljubuski.ba\/index.php\/wp-json\/wp\/v2\/posts\/24173\/revisions"}],"predecessor-version":[{"id":24175,"href":"https:\/\/radioljubuski.ba\/index.php\/wp-json\/wp\/v2\/posts\/24173\/revisions\/24175"}],"wp:featuredmedia":[{"embeddable":true,"href":"https:\/\/radioljubuski.ba\/index.php\/wp-json\/wp\/v2\/media\/24174"}],"wp:attachment":[{"href":"https:\/\/radioljubuski.ba\/index.php\/wp-json\/wp\/v2\/media?parent=24173"}],"wp:term":[{"taxonomy":"category","embeddable":true,"href":"https:\/\/radioljubuski.ba\/index.php\/wp-json\/wp\/v2\/categories?post=24173"},{"taxonomy":"post_tag","embeddable":true,"href":"https:\/\/radioljubuski.ba\/index.php\/wp-json\/wp\/v2\/tags?post=24173"}],"curies":[{"name":"wp","href":"https:\/\/api.w.org\/{rel}","templated":true}]}}