{"id":24182,"date":"2021-05-22T17:12:14","date_gmt":"2021-05-22T16:12:14","guid":{"rendered":"https:\/\/radioljubuski.ba\/?p=24182"},"modified":"2021-05-22T17:12:16","modified_gmt":"2021-05-22T16:12:16","slug":"biljni-i-zivotinjski-svijet-u-bih-najbogatiji-u-europi","status":"publish","type":"post","link":"https:\/\/radioljubuski.ba\/index.php\/2021\/05\/22\/biljni-i-zivotinjski-svijet-u-bih-najbogatiji-u-europi\/","title":{"rendered":"Biljni i \u017eivotinjski svijet u BiH najbogatiji u Europi"},"content":{"rendered":"\n<p>Me\u0111unarodni dan biolo\u0161ke raznovrsnosti, odnosno biodiverziteta, obilje\u017eava se u subotu, 22. svibnja, s ciljem da se javnost podsjeti na ugro\u017eenost raznolikosti \u017eivog svijeta na planetu i zna\u010daj njenog o\u010duvanja, kazao je Milan Mataruga, profesor sa \u0160umarskog fakulteta u Banja Luci.<\/p>\n\n\n\n<p>Isti\u010de da je biodiverzitet raznovrsnost svih \u017eivih bi\u0107a na Zemlji. &#8220;Upravo ta raznolikost biljnog i \u017eivotinjskog svijeta, sadr\u017eana u mnogobrojnim eko-sistemima, vrstama i genima, danas osigurava hranu i vodu, kao i sve druge prirodne resurse od esencijalnog zna\u010daja za \u017eivot. On je temelj na kojem gradimo \u017eivot, \u010desto ne prepoznaju\u0107i njegov zna\u010daj i va\u017enost&#8221;, isti\u010de za &#8216;Nezavisne&#8217; Mataruga.<\/p>\n\n\n\n<p>Prema njegovim rije\u010dima, posljednjih godina svjedoci smo sve intenzivnijeg izumiranja razli\u010ditih biljnih i \u017eivotinjskih vrsta, \u0161to se uglavnom direktno ili indirektno pripisuje djelovanju \u010dovjeka. &#8220;Prema podacima Me\u0111unarodne unije za za\u0161titu prirode (IUCN), danas je na Zemlji ugro\u017eeno 116.000 vrsta, dok je 31.000 vrsta pred izumiranjem.<\/p>\n\n\n\n<p>Negativan utjecaj na biodiverzitet mo\u017ee dovesti do toga da milijuni ljudi u budu\u0107nosti budu suo\u010deni s nesta\u0161icom hrane i vode za pi\u0107e&#8221;, kazao je Mataruga.<\/p>\n\n\n\n<p>\u0160to se ti\u010de biodiverziteta u BiH, mo\u017ee se okarakterizirati kao podru\u010dje s najvi\u0161im stupnjem biolo\u0161ke raznolikosti u Europi. &#8220;Na ovom podru\u010dju do danas je opisano vi\u0161e od 5.000 taksona, \u0161to isti\u010de bogatstvo biljnog i \u017eivotinjskog svijeta, \u010dime se ne mogu pohvaliti ni dr\u017eave koje su povr\u0161inom mnogo ve\u0107e. U isto vrijeme zbog nedovoljne istra\u017eenosti mi jo\u0161 nemamo pouzdane i to\u010dne podatke o brojnosti pojedinih grupa organizama, te se mo\u017ee o\u010dekivati da bi ovaj broj mogao biti i zna\u010dajno ve\u0107i&#8221;, poja\u0161njava Mataruga.<\/p>\n\n\n\n<p>Isti\u010de da se procjenjuje da se oko 30 posto endemi\u010dne flore Balkana, oko 1.800 vrsta, nalazi upravo na podru\u010dju BiH. &#8220;Najnovija istra\u017eivanja geneti\u010dkog diverziteta drvenastih vrsta npr. bukve, hrasta kitnjaka, koja su objavljena u visokorangiranim me\u0111unarodnim znanstvenim \u010dasopisima, prepoznaju i isti\u010du superiornost i geneti\u010dki potencijal na\u0161ih populacija kao jedinstven u Europi&#8221;, poja\u0161njava Mataruga i isti\u010de da je diverzitet i njegov dalji opstanak prirodno bogatstvo kojim raspola\u017eemo, upravljamo i za njega smo odgovorni.<\/p>\n\n\n\n<p>\u0160to se ti\u010de aktivnosti koje trebamo poduzeti da sa\u010duvamo biodiverzitet, Mataruga isti\u010de da je ostvaren zna\u010dajan napredak u izdvajanju za\u0161ti\u0107enih podru\u010dja u RS-u. Kako ka\u017ee, samo zajedni\u010dkim snagama mo\u017eemo posti\u0107i efikasniju za\u0161titu biodiverziteta kod nas. &#8220;Svi mi donosimo odluke o na\u010dinu \u017eivljenja kojim direktno ili indirektno utje\u010demo na stanje prirode. Ovdje prvenstveno mislim na racionalnu potro\u0161nju prirodnih resursa, hrane, vode, drveta, energije, na\u010din odlaganja otpada te direktne aktivnosti tijekom boravka u prirodi&#8221;, pojasnio je Mataruga.<\/p>\n\n\n\n<p>Zaklju\u010duje da imamo sre\u0107u i mogu\u0107nost da na ovim prostorima u\u017eivamo u jedinstvenim prirodnim ljepotama.<\/p>\n\n\n\n<p>Izvor:nezavisne.com<\/p>\n","protected":false},"excerpt":{"rendered":"<p>Me\u0111unarodni dan biolo\u0161ke raznovrsnosti, odnosno biodiverziteta, obilje\u017eava se u subotu, 22. svibnja, s ciljem da se javnost podsjeti na ugro\u017eenost raznolikosti \u017eivog svijeta na planetu i zna\u010daj njenog o\u010duvanja, kazao je Milan Mataruga, profesor sa \u0160umarskog fakulteta u Banja Luci. Isti\u010de da je biodiverzitet raznovrsnost svih \u017eivih bi\u0107a na Zemlji. &#8220;Upravo ta raznolikost biljnog i [&hellip;]<\/p>\n","protected":false},"author":2,"featured_media":24183,"comment_status":"closed","ping_status":"closed","sticky":false,"template":"","format":"standard","meta":{"h5ap_radio_sources":[],"footnotes":""},"categories":[1],"tags":[],"class_list":["post-24182","post","type-post","status-publish","format-standard","has-post-thumbnail","hentry","category-bihiregija"],"yoast_head":"<!-- This site is optimized with the Yoast SEO plugin v27.4 - https:\/\/yoast.com\/product\/yoast-seo-wordpress\/ -->\n<title>Biljni i \u017eivotinjski svijet u BiH najbogatiji u Europi - RADIO LJUBU\u0160KI<\/title>\n<meta name=\"robots\" content=\"index, follow, max-snippet:-1, max-image-preview:large, max-video-preview:-1\" \/>\n<link rel=\"canonical\" href=\"https:\/\/radioljubuski.ba\/index.php\/2021\/05\/22\/biljni-i-zivotinjski-svijet-u-bih-najbogatiji-u-europi\/\" \/>\n<meta property=\"og:locale\" content=\"hr_HR\" \/>\n<meta property=\"og:type\" content=\"article\" \/>\n<meta property=\"og:title\" content=\"Biljni i \u017eivotinjski svijet u BiH najbogatiji u Europi - RADIO LJUBU\u0160KI\" \/>\n<meta property=\"og:description\" content=\"Me\u0111unarodni dan biolo\u0161ke raznovrsnosti, odnosno biodiverziteta, obilje\u017eava se u subotu, 22. svibnja, s ciljem da se javnost podsjeti na ugro\u017eenost raznolikosti \u017eivog svijeta na planetu i zna\u010daj njenog o\u010duvanja, kazao je Milan Mataruga, profesor sa \u0160umarskog fakulteta u Banja Luci. Isti\u010de da je biodiverzitet raznovrsnost svih \u017eivih bi\u0107a na Zemlji. &#8220;Upravo ta raznolikost biljnog i [&hellip;]\" \/>\n<meta property=\"og:url\" content=\"https:\/\/radioljubuski.ba\/index.php\/2021\/05\/22\/biljni-i-zivotinjski-svijet-u-bih-najbogatiji-u-europi\/\" \/>\n<meta property=\"og:site_name\" content=\"RADIO LJUBU\u0160KI\" \/>\n<meta property=\"article:publisher\" content=\"https:\/\/www.facebook.com\/Radiio-Ljubuski-1490835324566332\" \/>\n<meta property=\"article:published_time\" content=\"2021-05-22T16:12:14+00:00\" \/>\n<meta property=\"article:modified_time\" content=\"2021-05-22T16:12:16+00:00\" \/>\n<meta property=\"og:image\" content=\"https:\/\/radioljubuski.ba\/wp-content\/uploads\/2021\/05\/YfPdsi9H_priroda.jpg\" \/>\n\t<meta property=\"og:image:width\" content=\"1000\" \/>\n\t<meta property=\"og:image:height\" content=\"625\" \/>\n\t<meta property=\"og:image:type\" content=\"image\/jpeg\" \/>\n<meta name=\"author\" content=\"Radio Ljubu\u0161ki\" \/>\n<meta name=\"twitter:card\" content=\"summary_large_image\" \/>\n<meta name=\"twitter:creator\" content=\"@radioljubuski\" \/>\n<meta name=\"twitter:site\" content=\"@radioljubuski\" \/>\n<meta name=\"twitter:label1\" content=\"Napisao\/la\" \/>\n\t<meta name=\"twitter:data1\" content=\"Radio Ljubu\u0161ki\" \/>\n\t<meta name=\"twitter:label2\" content=\"Procijenjeno vrijeme \u010ditanja\" \/>\n\t<meta name=\"twitter:data2\" content=\"2 minute\" \/>\n<script type=\"application\/ld+json\" class=\"yoast-schema-graph\">{\"@context\":\"https:\\\/\\\/schema.org\",\"@graph\":[{\"@type\":\"Article\",\"@id\":\"https:\\\/\\\/radioljubuski.ba\\\/index.php\\\/2021\\\/05\\\/22\\\/biljni-i-zivotinjski-svijet-u-bih-najbogatiji-u-europi\\\/#article\",\"isPartOf\":{\"@id\":\"https:\\\/\\\/radioljubuski.ba\\\/index.php\\\/2021\\\/05\\\/22\\\/biljni-i-zivotinjski-svijet-u-bih-najbogatiji-u-europi\\\/\"},\"author\":{\"name\":\"Radio Ljubu\u0161ki\",\"@id\":\"https:\\\/\\\/radioljubuski.ba\\\/#\\\/schema\\\/person\\\/19fc700381a780f69665d7956c469e3b\"},\"headline\":\"Biljni i \u017eivotinjski svijet u BiH najbogatiji u Europi\",\"datePublished\":\"2021-05-22T16:12:14+00:00\",\"dateModified\":\"2021-05-22T16:12:16+00:00\",\"mainEntityOfPage\":{\"@id\":\"https:\\\/\\\/radioljubuski.ba\\\/index.php\\\/2021\\\/05\\\/22\\\/biljni-i-zivotinjski-svijet-u-bih-najbogatiji-u-europi\\\/\"},\"wordCount\":491,\"publisher\":{\"@id\":\"https:\\\/\\\/radioljubuski.ba\\\/#organization\"},\"image\":{\"@id\":\"https:\\\/\\\/radioljubuski.ba\\\/index.php\\\/2021\\\/05\\\/22\\\/biljni-i-zivotinjski-svijet-u-bih-najbogatiji-u-europi\\\/#primaryimage\"},\"thumbnailUrl\":\"https:\\\/\\\/radioljubuski.ba\\\/wp-content\\\/uploads\\\/2021\\\/05\\\/YfPdsi9H_priroda.jpg\",\"articleSection\":[\"BIH i regija\"],\"inLanguage\":\"hr\"},{\"@type\":\"WebPage\",\"@id\":\"https:\\\/\\\/radioljubuski.ba\\\/index.php\\\/2021\\\/05\\\/22\\\/biljni-i-zivotinjski-svijet-u-bih-najbogatiji-u-europi\\\/\",\"url\":\"https:\\\/\\\/radioljubuski.ba\\\/index.php\\\/2021\\\/05\\\/22\\\/biljni-i-zivotinjski-svijet-u-bih-najbogatiji-u-europi\\\/\",\"name\":\"Biljni i \u017eivotinjski svijet u BiH najbogatiji u Europi - RADIO LJUBU\u0160KI\",\"isPartOf\":{\"@id\":\"https:\\\/\\\/radioljubuski.ba\\\/#website\"},\"primaryImageOfPage\":{\"@id\":\"https:\\\/\\\/radioljubuski.ba\\\/index.php\\\/2021\\\/05\\\/22\\\/biljni-i-zivotinjski-svijet-u-bih-najbogatiji-u-europi\\\/#primaryimage\"},\"image\":{\"@id\":\"https:\\\/\\\/radioljubuski.ba\\\/index.php\\\/2021\\\/05\\\/22\\\/biljni-i-zivotinjski-svijet-u-bih-najbogatiji-u-europi\\\/#primaryimage\"},\"thumbnailUrl\":\"https:\\\/\\\/radioljubuski.ba\\\/wp-content\\\/uploads\\\/2021\\\/05\\\/YfPdsi9H_priroda.jpg\",\"datePublished\":\"2021-05-22T16:12:14+00:00\",\"dateModified\":\"2021-05-22T16:12:16+00:00\",\"breadcrumb\":{\"@id\":\"https:\\\/\\\/radioljubuski.ba\\\/index.php\\\/2021\\\/05\\\/22\\\/biljni-i-zivotinjski-svijet-u-bih-najbogatiji-u-europi\\\/#breadcrumb\"},\"inLanguage\":\"hr\",\"potentialAction\":[{\"@type\":\"ReadAction\",\"target\":[\"https:\\\/\\\/radioljubuski.ba\\\/index.php\\\/2021\\\/05\\\/22\\\/biljni-i-zivotinjski-svijet-u-bih-najbogatiji-u-europi\\\/\"]}]},{\"@type\":\"ImageObject\",\"inLanguage\":\"hr\",\"@id\":\"https:\\\/\\\/radioljubuski.ba\\\/index.php\\\/2021\\\/05\\\/22\\\/biljni-i-zivotinjski-svijet-u-bih-najbogatiji-u-europi\\\/#primaryimage\",\"url\":\"https:\\\/\\\/radioljubuski.ba\\\/wp-content\\\/uploads\\\/2021\\\/05\\\/YfPdsi9H_priroda.jpg\",\"contentUrl\":\"https:\\\/\\\/radioljubuski.ba\\\/wp-content\\\/uploads\\\/2021\\\/05\\\/YfPdsi9H_priroda.jpg\",\"width\":1000,\"height\":625},{\"@type\":\"BreadcrumbList\",\"@id\":\"https:\\\/\\\/radioljubuski.ba\\\/index.php\\\/2021\\\/05\\\/22\\\/biljni-i-zivotinjski-svijet-u-bih-najbogatiji-u-europi\\\/#breadcrumb\",\"itemListElement\":[{\"@type\":\"ListItem\",\"position\":1,\"name\":\"Po\u010detna stranica\",\"item\":\"https:\\\/\\\/radioljubuski.ba\\\/\"},{\"@type\":\"ListItem\",\"position\":2,\"name\":\"Biljni i \u017eivotinjski svijet u BiH najbogatiji u Europi\"}]},{\"@type\":\"WebSite\",\"@id\":\"https:\\\/\\\/radioljubuski.ba\\\/#website\",\"url\":\"https:\\\/\\\/radioljubuski.ba\\\/\",\"name\":\"Radio Ljubu\u0161ki\",\"description\":\"Sun\u010dana frekvencija Hercegovine\",\"publisher\":{\"@id\":\"https:\\\/\\\/radioljubuski.ba\\\/#organization\"},\"potentialAction\":[{\"@type\":\"SearchAction\",\"target\":{\"@type\":\"EntryPoint\",\"urlTemplate\":\"https:\\\/\\\/radioljubuski.ba\\\/?s={search_term_string}\"},\"query-input\":{\"@type\":\"PropertyValueSpecification\",\"valueRequired\":true,\"valueName\":\"search_term_string\"}}],\"inLanguage\":\"hr\"},{\"@type\":\"Organization\",\"@id\":\"https:\\\/\\\/radioljubuski.ba\\\/#organization\",\"name\":\"Radio Ljubu\u0161ki\",\"url\":\"https:\\\/\\\/radioljubuski.ba\\\/\",\"logo\":{\"@type\":\"ImageObject\",\"inLanguage\":\"hr\",\"@id\":\"https:\\\/\\\/radioljubuski.ba\\\/#\\\/schema\\\/logo\\\/image\\\/\",\"url\":\"https:\\\/\\\/radioljubuski.ba\\\/wp-content\\\/uploads\\\/2021\\\/02\\\/cropped-Radio_Ljubuski_logo1.jpg\",\"contentUrl\":\"https:\\\/\\\/radioljubuski.ba\\\/wp-content\\\/uploads\\\/2021\\\/02\\\/cropped-Radio_Ljubuski_logo1.jpg\",\"width\":512,\"height\":512,\"caption\":\"Radio Ljubu\u0161ki\"},\"image\":{\"@id\":\"https:\\\/\\\/radioljubuski.ba\\\/#\\\/schema\\\/logo\\\/image\\\/\"},\"sameAs\":[\"https:\\\/\\\/www.facebook.com\\\/Radiio-Ljubuski-1490835324566332\",\"https:\\\/\\\/x.com\\\/radioljubuski\",\"https:\\\/\\\/hr.linkedin.com\\\/company\\\/radio-ljubuski\",\"https:\\\/\\\/www.youtube.com\\\/channel\\\/UCHYaeO_n0Db3tjNGudGpXyw\"]},{\"@type\":\"Person\",\"@id\":\"https:\\\/\\\/radioljubuski.ba\\\/#\\\/schema\\\/person\\\/19fc700381a780f69665d7956c469e3b\",\"name\":\"Radio Ljubu\u0161ki\"}]}<\/script>\n<!-- \/ Yoast SEO plugin. -->","yoast_head_json":{"title":"Biljni i \u017eivotinjski svijet u BiH najbogatiji u Europi - RADIO LJUBU\u0160KI","robots":{"index":"index","follow":"follow","max-snippet":"max-snippet:-1","max-image-preview":"max-image-preview:large","max-video-preview":"max-video-preview:-1"},"canonical":"https:\/\/radioljubuski.ba\/index.php\/2021\/05\/22\/biljni-i-zivotinjski-svijet-u-bih-najbogatiji-u-europi\/","og_locale":"hr_HR","og_type":"article","og_title":"Biljni i \u017eivotinjski svijet u BiH najbogatiji u Europi - RADIO LJUBU\u0160KI","og_description":"Me\u0111unarodni dan biolo\u0161ke raznovrsnosti, odnosno biodiverziteta, obilje\u017eava se u subotu, 22. svibnja, s ciljem da se javnost podsjeti na ugro\u017eenost raznolikosti \u017eivog svijeta na planetu i zna\u010daj njenog o\u010duvanja, kazao je Milan Mataruga, profesor sa \u0160umarskog fakulteta u Banja Luci. Isti\u010de da je biodiverzitet raznovrsnost svih \u017eivih bi\u0107a na Zemlji. &#8220;Upravo ta raznolikost biljnog i [&hellip;]","og_url":"https:\/\/radioljubuski.ba\/index.php\/2021\/05\/22\/biljni-i-zivotinjski-svijet-u-bih-najbogatiji-u-europi\/","og_site_name":"RADIO LJUBU\u0160KI","article_publisher":"https:\/\/www.facebook.com\/Radiio-Ljubuski-1490835324566332","article_published_time":"2021-05-22T16:12:14+00:00","article_modified_time":"2021-05-22T16:12:16+00:00","og_image":[{"width":1000,"height":625,"url":"https:\/\/radioljubuski.ba\/wp-content\/uploads\/2021\/05\/YfPdsi9H_priroda.jpg","type":"image\/jpeg"}],"author":"Radio Ljubu\u0161ki","twitter_card":"summary_large_image","twitter_creator":"@radioljubuski","twitter_site":"@radioljubuski","twitter_misc":{"Napisao\/la":"Radio Ljubu\u0161ki","Procijenjeno vrijeme \u010ditanja":"2 minute"},"schema":{"@context":"https:\/\/schema.org","@graph":[{"@type":"Article","@id":"https:\/\/radioljubuski.ba\/index.php\/2021\/05\/22\/biljni-i-zivotinjski-svijet-u-bih-najbogatiji-u-europi\/#article","isPartOf":{"@id":"https:\/\/radioljubuski.ba\/index.php\/2021\/05\/22\/biljni-i-zivotinjski-svijet-u-bih-najbogatiji-u-europi\/"},"author":{"name":"Radio Ljubu\u0161ki","@id":"https:\/\/radioljubuski.ba\/#\/schema\/person\/19fc700381a780f69665d7956c469e3b"},"headline":"Biljni i \u017eivotinjski svijet u BiH najbogatiji u Europi","datePublished":"2021-05-22T16:12:14+00:00","dateModified":"2021-05-22T16:12:16+00:00","mainEntityOfPage":{"@id":"https:\/\/radioljubuski.ba\/index.php\/2021\/05\/22\/biljni-i-zivotinjski-svijet-u-bih-najbogatiji-u-europi\/"},"wordCount":491,"publisher":{"@id":"https:\/\/radioljubuski.ba\/#organization"},"image":{"@id":"https:\/\/radioljubuski.ba\/index.php\/2021\/05\/22\/biljni-i-zivotinjski-svijet-u-bih-najbogatiji-u-europi\/#primaryimage"},"thumbnailUrl":"https:\/\/radioljubuski.ba\/wp-content\/uploads\/2021\/05\/YfPdsi9H_priroda.jpg","articleSection":["BIH i regija"],"inLanguage":"hr"},{"@type":"WebPage","@id":"https:\/\/radioljubuski.ba\/index.php\/2021\/05\/22\/biljni-i-zivotinjski-svijet-u-bih-najbogatiji-u-europi\/","url":"https:\/\/radioljubuski.ba\/index.php\/2021\/05\/22\/biljni-i-zivotinjski-svijet-u-bih-najbogatiji-u-europi\/","name":"Biljni i \u017eivotinjski svijet u BiH najbogatiji u Europi - RADIO LJUBU\u0160KI","isPartOf":{"@id":"https:\/\/radioljubuski.ba\/#website"},"primaryImageOfPage":{"@id":"https:\/\/radioljubuski.ba\/index.php\/2021\/05\/22\/biljni-i-zivotinjski-svijet-u-bih-najbogatiji-u-europi\/#primaryimage"},"image":{"@id":"https:\/\/radioljubuski.ba\/index.php\/2021\/05\/22\/biljni-i-zivotinjski-svijet-u-bih-najbogatiji-u-europi\/#primaryimage"},"thumbnailUrl":"https:\/\/radioljubuski.ba\/wp-content\/uploads\/2021\/05\/YfPdsi9H_priroda.jpg","datePublished":"2021-05-22T16:12:14+00:00","dateModified":"2021-05-22T16:12:16+00:00","breadcrumb":{"@id":"https:\/\/radioljubuski.ba\/index.php\/2021\/05\/22\/biljni-i-zivotinjski-svijet-u-bih-najbogatiji-u-europi\/#breadcrumb"},"inLanguage":"hr","potentialAction":[{"@type":"ReadAction","target":["https:\/\/radioljubuski.ba\/index.php\/2021\/05\/22\/biljni-i-zivotinjski-svijet-u-bih-najbogatiji-u-europi\/"]}]},{"@type":"ImageObject","inLanguage":"hr","@id":"https:\/\/radioljubuski.ba\/index.php\/2021\/05\/22\/biljni-i-zivotinjski-svijet-u-bih-najbogatiji-u-europi\/#primaryimage","url":"https:\/\/radioljubuski.ba\/wp-content\/uploads\/2021\/05\/YfPdsi9H_priroda.jpg","contentUrl":"https:\/\/radioljubuski.ba\/wp-content\/uploads\/2021\/05\/YfPdsi9H_priroda.jpg","width":1000,"height":625},{"@type":"BreadcrumbList","@id":"https:\/\/radioljubuski.ba\/index.php\/2021\/05\/22\/biljni-i-zivotinjski-svijet-u-bih-najbogatiji-u-europi\/#breadcrumb","itemListElement":[{"@type":"ListItem","position":1,"name":"Po\u010detna stranica","item":"https:\/\/radioljubuski.ba\/"},{"@type":"ListItem","position":2,"name":"Biljni i \u017eivotinjski svijet u BiH najbogatiji u Europi"}]},{"@type":"WebSite","@id":"https:\/\/radioljubuski.ba\/#website","url":"https:\/\/radioljubuski.ba\/","name":"Radio Ljubu\u0161ki","description":"Sun\u010dana frekvencija Hercegovine","publisher":{"@id":"https:\/\/radioljubuski.ba\/#organization"},"potentialAction":[{"@type":"SearchAction","target":{"@type":"EntryPoint","urlTemplate":"https:\/\/radioljubuski.ba\/?s={search_term_string}"},"query-input":{"@type":"PropertyValueSpecification","valueRequired":true,"valueName":"search_term_string"}}],"inLanguage":"hr"},{"@type":"Organization","@id":"https:\/\/radioljubuski.ba\/#organization","name":"Radio Ljubu\u0161ki","url":"https:\/\/radioljubuski.ba\/","logo":{"@type":"ImageObject","inLanguage":"hr","@id":"https:\/\/radioljubuski.ba\/#\/schema\/logo\/image\/","url":"https:\/\/radioljubuski.ba\/wp-content\/uploads\/2021\/02\/cropped-Radio_Ljubuski_logo1.jpg","contentUrl":"https:\/\/radioljubuski.ba\/wp-content\/uploads\/2021\/02\/cropped-Radio_Ljubuski_logo1.jpg","width":512,"height":512,"caption":"Radio Ljubu\u0161ki"},"image":{"@id":"https:\/\/radioljubuski.ba\/#\/schema\/logo\/image\/"},"sameAs":["https:\/\/www.facebook.com\/Radiio-Ljubuski-1490835324566332","https:\/\/x.com\/radioljubuski","https:\/\/hr.linkedin.com\/company\/radio-ljubuski","https:\/\/www.youtube.com\/channel\/UCHYaeO_n0Db3tjNGudGpXyw"]},{"@type":"Person","@id":"https:\/\/radioljubuski.ba\/#\/schema\/person\/19fc700381a780f69665d7956c469e3b","name":"Radio Ljubu\u0161ki"}]}},"_links":{"self":[{"href":"https:\/\/radioljubuski.ba\/index.php\/wp-json\/wp\/v2\/posts\/24182","targetHints":{"allow":["GET"]}}],"collection":[{"href":"https:\/\/radioljubuski.ba\/index.php\/wp-json\/wp\/v2\/posts"}],"about":[{"href":"https:\/\/radioljubuski.ba\/index.php\/wp-json\/wp\/v2\/types\/post"}],"author":[{"embeddable":true,"href":"https:\/\/radioljubuski.ba\/index.php\/wp-json\/wp\/v2\/users\/2"}],"replies":[{"embeddable":true,"href":"https:\/\/radioljubuski.ba\/index.php\/wp-json\/wp\/v2\/comments?post=24182"}],"version-history":[{"count":1,"href":"https:\/\/radioljubuski.ba\/index.php\/wp-json\/wp\/v2\/posts\/24182\/revisions"}],"predecessor-version":[{"id":24184,"href":"https:\/\/radioljubuski.ba\/index.php\/wp-json\/wp\/v2\/posts\/24182\/revisions\/24184"}],"wp:featuredmedia":[{"embeddable":true,"href":"https:\/\/radioljubuski.ba\/index.php\/wp-json\/wp\/v2\/media\/24183"}],"wp:attachment":[{"href":"https:\/\/radioljubuski.ba\/index.php\/wp-json\/wp\/v2\/media?parent=24182"}],"wp:term":[{"taxonomy":"category","embeddable":true,"href":"https:\/\/radioljubuski.ba\/index.php\/wp-json\/wp\/v2\/categories?post=24182"},{"taxonomy":"post_tag","embeddable":true,"href":"https:\/\/radioljubuski.ba\/index.php\/wp-json\/wp\/v2\/tags?post=24182"}],"curies":[{"name":"wp","href":"https:\/\/api.w.org\/{rel}","templated":true}]}}