{"id":24846,"date":"2021-05-25T10:14:23","date_gmt":"2021-05-25T09:14:23","guid":{"rendered":"https:\/\/radioljubuski.ba\/?p=24846"},"modified":"2021-05-25T11:18:29","modified_gmt":"2021-05-25T10:18:29","slug":"muradif-pajt-optuzuje-direktoricu-kcus-a-sebija-je-ukrala-magisterij","status":"publish","type":"post","link":"https:\/\/radioljubuski.ba\/index.php\/2021\/05\/25\/muradif-pajt-optuzuje-direktoricu-kcus-a-sebija-je-ukrala-magisterij\/","title":{"rendered":"Muradif Pajt optu\u017euje direktoricu KCUS-a: Sebija je ukrala magisterij?!"},"content":{"rendered":"\n<p><strong>Ugledni lije\u010dnik, akademik Asim Kurjak pokrenuo je lavinu reakcija nakon \u0161to je, gostuju\u0107i na Face TV-u, izjavio da nije bio mentor direktorici Klini\u010dkog centra Univerziteta u Sarajevu Sebiji Izetbegovi\u0107, kao i da ona nije bila njegova u\u010denica.<\/strong><\/p>\n\n\n\n<p>\u2013 To\u010dno je da je bila kod mene, ali tek nekoliko mjeseci, tijekom rata u BiH \u2013 rekao je Kurjak.<\/p>\n\n\n\n<p><strong>Kupila kutu<\/strong><\/p>\n\n\n\n<p>\u0160kolovanje Izetbegovi\u0107 je pod velom tajni. U \u017eivotopisu prof. Izetbegovi\u0107 navedeno je da je specijalizirala ginekologiju i aku\u0161erstvo. Sve to trajalo je od 18. kolovoza 1994. do 7. velja\u010de 1996. godine u Zagrebu. Ina\u010de, specijalizacija traje \u010detiri godine.<\/p>\n\n\n\n<p>Dok je bila u Zagrebu, Izetbegovi\u0107 je \u017eivjela s prof. dr. Aidom Cviko, koja danas \u017eivi u SAD i ugledni je stru\u010dnjak u oblasti dje\u010dije patologije. O razdoblju Sebijinog \u017eivota u Zagrebu za <a href=\"https:\/\/avaz.ba\/vijesti\/bih\/653803\/muradif-pajt-optuzuje-direktoricu-kcus-a-sebija-je-ukrala-magisterij\" target=\"_blank\" rel=\"noreferrer noopener\">\u201eAvaz\u201c<\/a> je govorio biv\u0161i suprug Aide Cviko Muradif Pajt.<\/p>\n\n\n\n<p>\u2013 Upoznao sam je 20. studenog 1991. godine, kada me Alija Izetbegovi\u0107 doveo na prvi Kongres SDA u Sarajevu. Na tom Kongresu sam upoznao i svoju budu\u0107u suprugu. One su zajedno \u017eivjele kod Salema \u0160abi\u0107a, u istom apartmanu. Pred sami rat smo se vjen\u010dali, a poslije, mislim da je bio lipanj 1992. godine, moja punica je Sebiju dovela kod nas u Zagreb, da \u017eivi s nama \u2013 kazao je Pajt za <a href=\"https:\/\/avaz.ba\/vijesti\/bih\/653803\/muradif-pajt-optuzuje-direktoricu-kcus-a-sebija-je-ukrala-magisterij\" target=\"_blank\" rel=\"noreferrer noopener\">\u201cAvaz\u201d<\/a>.<\/p>\n\n\n\n<p>U rujnu iste godine, kako je rekao, posudio je Sebiji 4.500 KM za magisterij. Nekoliko dana poslije kupila je kutu (bijeli mantil) na kojoj je pisalo Sebija Izetbegovi\u0107.<\/p>\n\n\n\n<p>\u2013 Otad nikad vi\u0161e nije oti\u0161la na predavanja, \u010dak sumnjam da je ikako uplatila taj magistarski, da budem iskren, jer kutu mo\u017ee\u0161 kupiti i izvesti ime. Nikad mi nije vratila novac, nema veze. U studenom je oti\u0161la u Tursku. Sve vrijeme, umjesto na fakultetu, boravila je u klubu \u201eGrada\u010dac\u201c. To je bio zavi\u010dajni klub. Dr\u017eala je kojekakva predavanja, vazila. Sa znano\u0161\u0107u ona nije imala ni\u0161ta \u2013 ispri\u010dao je Pajt.<\/p>\n\n\n\n<p>Godinu poslije se, kako dalje pri\u010da, sa suprugom spremao krenuti za Ameriku. Supruga Aida sakupljala je dokumentaciju da bi nastavila raditi te je primijetila da joj nedostaju magisterij i doktorat.<\/p>\n\n\n\n<p>\u2013 Pitala me gdje joj je magisterij. Govorio sam joj: \u201eOtkud znam, nemam blage veze, moja Aida.\u201c Nakon nekoliko dana ona je shvatila da je to Seka uzela. Nazovem Sebiju i pitam je: \u201eDa slu\u010dajno ne zna\u0161 gdje je Aidin magisterij?\u201c Po\u010dela mi se odmah ispri\u010davati \u2013 \u201eHalali, oprosti\u201c, govorila mi je. Kazala je da ga je slu\u010dajno ponijela sa sobom. Rekoh: \u201cNema problema, prvim avionom dolazim\u201d \u2013 rekao je Pajt.<\/p>\n\n\n\n<figure class=\"wp-block-image\"><img decoding=\"async\" src=\"https:\/\/hms.ba\/wp-content\/uploads\/2020\/04\/SEBIJA.jpg\" alt=\"\" class=\"wp-image-349141\"\/><\/figure>\n\n\n\n<p>Potom je sa suprugom oti\u0161ao u Tursku te kontaktirao Sebiju Izetbegovi\u0107. Nakon nekoliko sati, na dogovoreno mjesto nije do\u0161la ona, nego, kako ka\u017ee Pajt, \u201eneki tip\u201c.<\/p>\n\n\n\n<p><strong>Bez reakcije<\/strong><\/p>\n\n\n\n<p>\u2013 Donosi nam kesu u kojoj su bili magisterij i doktorat. Kada je supruga otvorila kesu da vidi \u0161to je unutra, primijetila je da nedostaje prvih nekoliko stranica na kojima su pisala imena mentora, \u010dlanova komisije\u2026 Supruga me samo tu\u017eno pogledala i meni je sve bilo jasno. Ne ka\u017eem da je prepisala ili plagirala magisterij moje supruge, nego da je ukrala rad. Ne znam \u0161to je s tim radila i za\u0161to je iskidala stranice.<\/p>\n\n\n\n<p>Simptomati\u010dno je da je akademika Asima Kurjaka vidjela jednom ili dva puta u \u017eivotu, a da je navedeno da joj je bio mentor. Sve \u0161to je gospodin Kurjak rekao je od rije\u010di do rije\u010di ono \u0161to ja godinama govorim. Ona nikad nije demantirala ni moje tvrdnje, a ni gospodina Kurjaka, nikad nije tu\u017eila za klevetu. Ni ona ni Bakir ni njihovi botovi. Ona nema sa znano\u0161\u0107u blage veze. Zakonski nije imala pravo da se uop\u0107e prijavi na magisterij jer nije polo\u017eila ni jedan ispit. To je sve krivotvorina \u2013 kazao je Pajt.<\/p>\n\n\n\n<p><strong>Domet joj je dom zdravlja<\/strong><\/p>\n\n\n\n<p>Posljednji put Pajt je Sebiju Izetbegovi\u0107 vidio 1992. godine u Zagrebu.<\/p>\n\n\n\n<p>\u2013 Nemam nikakav kontakt s njoj. Njen domet je da radi u nekom domu zdravlja. Znam je kao nadripisara, nadrilije\u010dnika. Znam je kao kriminalca, jer su to kaznena djela \u0161to je uradila \u2013 rekao je Pajt za <a href=\"https:\/\/avaz.ba\/vijesti\/bih\/653803\/muradif-pajt-optuzuje-direktoricu-kcus-a-sebija-je-ukrala-magisterij\" target=\"_blank\" rel=\"noreferrer noopener\">\u201cAvaz\u201d<\/a>.<\/p>\n\n\n\n<p>\/HMS\/<\/p>\n","protected":false},"excerpt":{"rendered":"<p>Ugledni lije\u010dnik, akademik Asim Kurjak pokrenuo je lavinu reakcija nakon \u0161to je, gostuju\u0107i na Face TV-u, izjavio da nije bio mentor direktorici Klini\u010dkog centra Univerziteta u Sarajevu Sebiji Izetbegovi\u0107, kao i da ona nije bila njegova u\u010denica. \u2013 To\u010dno je da je bila kod mene, ali tek nekoliko mjeseci, tijekom rata u BiH \u2013 rekao [&hellip;]<\/p>\n","protected":false},"author":2,"featured_media":24847,"comment_status":"closed","ping_status":"closed","sticky":false,"template":"","format":"standard","meta":{"h5ap_radio_sources":[],"footnotes":""},"categories":[1],"tags":[],"class_list":["post-24846","post","type-post","status-publish","format-standard","has-post-thumbnail","hentry","category-bihiregija"],"yoast_head":"<!-- This site is optimized with the Yoast SEO plugin v27.4 - https:\/\/yoast.com\/product\/yoast-seo-wordpress\/ -->\n<title>Muradif Pajt optu\u017euje direktoricu KCUS-a: Sebija je ukrala magisterij?! - RADIO LJUBU\u0160KI<\/title>\n<meta name=\"robots\" content=\"index, follow, max-snippet:-1, max-image-preview:large, max-video-preview:-1\" \/>\n<link rel=\"canonical\" href=\"https:\/\/radioljubuski.ba\/index.php\/2021\/05\/25\/muradif-pajt-optuzuje-direktoricu-kcus-a-sebija-je-ukrala-magisterij\/\" \/>\n<meta property=\"og:locale\" content=\"hr_HR\" \/>\n<meta property=\"og:type\" content=\"article\" \/>\n<meta property=\"og:title\" content=\"Muradif Pajt optu\u017euje direktoricu KCUS-a: Sebija je ukrala magisterij?! - RADIO LJUBU\u0160KI\" \/>\n<meta property=\"og:description\" content=\"Ugledni lije\u010dnik, akademik Asim Kurjak pokrenuo je lavinu reakcija nakon \u0161to je, gostuju\u0107i na Face TV-u, izjavio da nije bio mentor direktorici Klini\u010dkog centra Univerziteta u Sarajevu Sebiji Izetbegovi\u0107, kao i da ona nije bila njegova u\u010denica. \u2013 To\u010dno je da je bila kod mene, ali tek nekoliko mjeseci, tijekom rata u BiH \u2013 rekao [&hellip;]\" \/>\n<meta property=\"og:url\" content=\"https:\/\/radioljubuski.ba\/index.php\/2021\/05\/25\/muradif-pajt-optuzuje-direktoricu-kcus-a-sebija-je-ukrala-magisterij\/\" \/>\n<meta property=\"og:site_name\" content=\"RADIO LJUBU\u0160KI\" \/>\n<meta property=\"article:publisher\" content=\"https:\/\/www.facebook.com\/Radiio-Ljubuski-1490835324566332\" \/>\n<meta property=\"article:published_time\" content=\"2021-05-25T09:14:23+00:00\" \/>\n<meta property=\"article:modified_time\" content=\"2021-05-25T10:18:29+00:00\" \/>\n<meta property=\"og:image\" content=\"https:\/\/radioljubuski.ba\/wp-content\/uploads\/2021\/05\/pajt.jpg\" \/>\n\t<meta property=\"og:image:width\" content=\"737\" \/>\n\t<meta property=\"og:image:height\" content=\"553\" \/>\n\t<meta property=\"og:image:type\" content=\"image\/jpeg\" \/>\n<meta name=\"author\" content=\"Radio Ljubu\u0161ki\" \/>\n<meta name=\"twitter:card\" content=\"summary_large_image\" \/>\n<meta name=\"twitter:creator\" content=\"@radioljubuski\" \/>\n<meta name=\"twitter:site\" content=\"@radioljubuski\" \/>\n<meta name=\"twitter:label1\" content=\"Napisao\/la\" \/>\n\t<meta name=\"twitter:data1\" content=\"Radio Ljubu\u0161ki\" \/>\n\t<meta name=\"twitter:label2\" content=\"Procijenjeno vrijeme \u010ditanja\" \/>\n\t<meta name=\"twitter:data2\" content=\"4 minute\" \/>\n<script type=\"application\/ld+json\" class=\"yoast-schema-graph\">{\"@context\":\"https:\\\/\\\/schema.org\",\"@graph\":[{\"@type\":\"Article\",\"@id\":\"https:\\\/\\\/radioljubuski.ba\\\/index.php\\\/2021\\\/05\\\/25\\\/muradif-pajt-optuzuje-direktoricu-kcus-a-sebija-je-ukrala-magisterij\\\/#article\",\"isPartOf\":{\"@id\":\"https:\\\/\\\/radioljubuski.ba\\\/index.php\\\/2021\\\/05\\\/25\\\/muradif-pajt-optuzuje-direktoricu-kcus-a-sebija-je-ukrala-magisterij\\\/\"},\"author\":{\"name\":\"Radio Ljubu\u0161ki\",\"@id\":\"https:\\\/\\\/radioljubuski.ba\\\/#\\\/schema\\\/person\\\/19fc700381a780f69665d7956c469e3b\"},\"headline\":\"Muradif Pajt optu\u017euje direktoricu KCUS-a: Sebija je ukrala magisterij?!\",\"datePublished\":\"2021-05-25T09:14:23+00:00\",\"dateModified\":\"2021-05-25T10:18:29+00:00\",\"mainEntityOfPage\":{\"@id\":\"https:\\\/\\\/radioljubuski.ba\\\/index.php\\\/2021\\\/05\\\/25\\\/muradif-pajt-optuzuje-direktoricu-kcus-a-sebija-je-ukrala-magisterij\\\/\"},\"wordCount\":689,\"publisher\":{\"@id\":\"https:\\\/\\\/radioljubuski.ba\\\/#organization\"},\"image\":{\"@id\":\"https:\\\/\\\/radioljubuski.ba\\\/index.php\\\/2021\\\/05\\\/25\\\/muradif-pajt-optuzuje-direktoricu-kcus-a-sebija-je-ukrala-magisterij\\\/#primaryimage\"},\"thumbnailUrl\":\"https:\\\/\\\/radioljubuski.ba\\\/wp-content\\\/uploads\\\/2021\\\/05\\\/pajt.jpg\",\"articleSection\":[\"BIH i regija\"],\"inLanguage\":\"hr\"},{\"@type\":\"WebPage\",\"@id\":\"https:\\\/\\\/radioljubuski.ba\\\/index.php\\\/2021\\\/05\\\/25\\\/muradif-pajt-optuzuje-direktoricu-kcus-a-sebija-je-ukrala-magisterij\\\/\",\"url\":\"https:\\\/\\\/radioljubuski.ba\\\/index.php\\\/2021\\\/05\\\/25\\\/muradif-pajt-optuzuje-direktoricu-kcus-a-sebija-je-ukrala-magisterij\\\/\",\"name\":\"Muradif Pajt optu\u017euje direktoricu KCUS-a: Sebija je ukrala magisterij?! - RADIO LJUBU\u0160KI\",\"isPartOf\":{\"@id\":\"https:\\\/\\\/radioljubuski.ba\\\/#website\"},\"primaryImageOfPage\":{\"@id\":\"https:\\\/\\\/radioljubuski.ba\\\/index.php\\\/2021\\\/05\\\/25\\\/muradif-pajt-optuzuje-direktoricu-kcus-a-sebija-je-ukrala-magisterij\\\/#primaryimage\"},\"image\":{\"@id\":\"https:\\\/\\\/radioljubuski.ba\\\/index.php\\\/2021\\\/05\\\/25\\\/muradif-pajt-optuzuje-direktoricu-kcus-a-sebija-je-ukrala-magisterij\\\/#primaryimage\"},\"thumbnailUrl\":\"https:\\\/\\\/radioljubuski.ba\\\/wp-content\\\/uploads\\\/2021\\\/05\\\/pajt.jpg\",\"datePublished\":\"2021-05-25T09:14:23+00:00\",\"dateModified\":\"2021-05-25T10:18:29+00:00\",\"breadcrumb\":{\"@id\":\"https:\\\/\\\/radioljubuski.ba\\\/index.php\\\/2021\\\/05\\\/25\\\/muradif-pajt-optuzuje-direktoricu-kcus-a-sebija-je-ukrala-magisterij\\\/#breadcrumb\"},\"inLanguage\":\"hr\",\"potentialAction\":[{\"@type\":\"ReadAction\",\"target\":[\"https:\\\/\\\/radioljubuski.ba\\\/index.php\\\/2021\\\/05\\\/25\\\/muradif-pajt-optuzuje-direktoricu-kcus-a-sebija-je-ukrala-magisterij\\\/\"]}]},{\"@type\":\"ImageObject\",\"inLanguage\":\"hr\",\"@id\":\"https:\\\/\\\/radioljubuski.ba\\\/index.php\\\/2021\\\/05\\\/25\\\/muradif-pajt-optuzuje-direktoricu-kcus-a-sebija-je-ukrala-magisterij\\\/#primaryimage\",\"url\":\"https:\\\/\\\/radioljubuski.ba\\\/wp-content\\\/uploads\\\/2021\\\/05\\\/pajt.jpg\",\"contentUrl\":\"https:\\\/\\\/radioljubuski.ba\\\/wp-content\\\/uploads\\\/2021\\\/05\\\/pajt.jpg\",\"width\":737,\"height\":553},{\"@type\":\"BreadcrumbList\",\"@id\":\"https:\\\/\\\/radioljubuski.ba\\\/index.php\\\/2021\\\/05\\\/25\\\/muradif-pajt-optuzuje-direktoricu-kcus-a-sebija-je-ukrala-magisterij\\\/#breadcrumb\",\"itemListElement\":[{\"@type\":\"ListItem\",\"position\":1,\"name\":\"Po\u010detna stranica\",\"item\":\"https:\\\/\\\/radioljubuski.ba\\\/\"},{\"@type\":\"ListItem\",\"position\":2,\"name\":\"Muradif Pajt optu\u017euje direktoricu KCUS-a: Sebija je ukrala magisterij?!\"}]},{\"@type\":\"WebSite\",\"@id\":\"https:\\\/\\\/radioljubuski.ba\\\/#website\",\"url\":\"https:\\\/\\\/radioljubuski.ba\\\/\",\"name\":\"Radio Ljubu\u0161ki\",\"description\":\"Sun\u010dana frekvencija Hercegovine\",\"publisher\":{\"@id\":\"https:\\\/\\\/radioljubuski.ba\\\/#organization\"},\"potentialAction\":[{\"@type\":\"SearchAction\",\"target\":{\"@type\":\"EntryPoint\",\"urlTemplate\":\"https:\\\/\\\/radioljubuski.ba\\\/?s={search_term_string}\"},\"query-input\":{\"@type\":\"PropertyValueSpecification\",\"valueRequired\":true,\"valueName\":\"search_term_string\"}}],\"inLanguage\":\"hr\"},{\"@type\":\"Organization\",\"@id\":\"https:\\\/\\\/radioljubuski.ba\\\/#organization\",\"name\":\"Radio Ljubu\u0161ki\",\"url\":\"https:\\\/\\\/radioljubuski.ba\\\/\",\"logo\":{\"@type\":\"ImageObject\",\"inLanguage\":\"hr\",\"@id\":\"https:\\\/\\\/radioljubuski.ba\\\/#\\\/schema\\\/logo\\\/image\\\/\",\"url\":\"https:\\\/\\\/radioljubuski.ba\\\/wp-content\\\/uploads\\\/2021\\\/02\\\/cropped-Radio_Ljubuski_logo1.jpg\",\"contentUrl\":\"https:\\\/\\\/radioljubuski.ba\\\/wp-content\\\/uploads\\\/2021\\\/02\\\/cropped-Radio_Ljubuski_logo1.jpg\",\"width\":512,\"height\":512,\"caption\":\"Radio Ljubu\u0161ki\"},\"image\":{\"@id\":\"https:\\\/\\\/radioljubuski.ba\\\/#\\\/schema\\\/logo\\\/image\\\/\"},\"sameAs\":[\"https:\\\/\\\/www.facebook.com\\\/Radiio-Ljubuski-1490835324566332\",\"https:\\\/\\\/x.com\\\/radioljubuski\",\"https:\\\/\\\/hr.linkedin.com\\\/company\\\/radio-ljubuski\",\"https:\\\/\\\/www.youtube.com\\\/channel\\\/UCHYaeO_n0Db3tjNGudGpXyw\"]},{\"@type\":\"Person\",\"@id\":\"https:\\\/\\\/radioljubuski.ba\\\/#\\\/schema\\\/person\\\/19fc700381a780f69665d7956c469e3b\",\"name\":\"Radio Ljubu\u0161ki\"}]}<\/script>\n<!-- \/ Yoast SEO plugin. -->","yoast_head_json":{"title":"Muradif Pajt optu\u017euje direktoricu KCUS-a: Sebija je ukrala magisterij?! - RADIO LJUBU\u0160KI","robots":{"index":"index","follow":"follow","max-snippet":"max-snippet:-1","max-image-preview":"max-image-preview:large","max-video-preview":"max-video-preview:-1"},"canonical":"https:\/\/radioljubuski.ba\/index.php\/2021\/05\/25\/muradif-pajt-optuzuje-direktoricu-kcus-a-sebija-je-ukrala-magisterij\/","og_locale":"hr_HR","og_type":"article","og_title":"Muradif Pajt optu\u017euje direktoricu KCUS-a: Sebija je ukrala magisterij?! - RADIO LJUBU\u0160KI","og_description":"Ugledni lije\u010dnik, akademik Asim Kurjak pokrenuo je lavinu reakcija nakon \u0161to je, gostuju\u0107i na Face TV-u, izjavio da nije bio mentor direktorici Klini\u010dkog centra Univerziteta u Sarajevu Sebiji Izetbegovi\u0107, kao i da ona nije bila njegova u\u010denica. \u2013 To\u010dno je da je bila kod mene, ali tek nekoliko mjeseci, tijekom rata u BiH \u2013 rekao [&hellip;]","og_url":"https:\/\/radioljubuski.ba\/index.php\/2021\/05\/25\/muradif-pajt-optuzuje-direktoricu-kcus-a-sebija-je-ukrala-magisterij\/","og_site_name":"RADIO LJUBU\u0160KI","article_publisher":"https:\/\/www.facebook.com\/Radiio-Ljubuski-1490835324566332","article_published_time":"2021-05-25T09:14:23+00:00","article_modified_time":"2021-05-25T10:18:29+00:00","og_image":[{"width":737,"height":553,"url":"https:\/\/radioljubuski.ba\/wp-content\/uploads\/2021\/05\/pajt.jpg","type":"image\/jpeg"}],"author":"Radio Ljubu\u0161ki","twitter_card":"summary_large_image","twitter_creator":"@radioljubuski","twitter_site":"@radioljubuski","twitter_misc":{"Napisao\/la":"Radio Ljubu\u0161ki","Procijenjeno vrijeme \u010ditanja":"4 minute"},"schema":{"@context":"https:\/\/schema.org","@graph":[{"@type":"Article","@id":"https:\/\/radioljubuski.ba\/index.php\/2021\/05\/25\/muradif-pajt-optuzuje-direktoricu-kcus-a-sebija-je-ukrala-magisterij\/#article","isPartOf":{"@id":"https:\/\/radioljubuski.ba\/index.php\/2021\/05\/25\/muradif-pajt-optuzuje-direktoricu-kcus-a-sebija-je-ukrala-magisterij\/"},"author":{"name":"Radio Ljubu\u0161ki","@id":"https:\/\/radioljubuski.ba\/#\/schema\/person\/19fc700381a780f69665d7956c469e3b"},"headline":"Muradif Pajt optu\u017euje direktoricu KCUS-a: Sebija je ukrala magisterij?!","datePublished":"2021-05-25T09:14:23+00:00","dateModified":"2021-05-25T10:18:29+00:00","mainEntityOfPage":{"@id":"https:\/\/radioljubuski.ba\/index.php\/2021\/05\/25\/muradif-pajt-optuzuje-direktoricu-kcus-a-sebija-je-ukrala-magisterij\/"},"wordCount":689,"publisher":{"@id":"https:\/\/radioljubuski.ba\/#organization"},"image":{"@id":"https:\/\/radioljubuski.ba\/index.php\/2021\/05\/25\/muradif-pajt-optuzuje-direktoricu-kcus-a-sebija-je-ukrala-magisterij\/#primaryimage"},"thumbnailUrl":"https:\/\/radioljubuski.ba\/wp-content\/uploads\/2021\/05\/pajt.jpg","articleSection":["BIH i regija"],"inLanguage":"hr"},{"@type":"WebPage","@id":"https:\/\/radioljubuski.ba\/index.php\/2021\/05\/25\/muradif-pajt-optuzuje-direktoricu-kcus-a-sebija-je-ukrala-magisterij\/","url":"https:\/\/radioljubuski.ba\/index.php\/2021\/05\/25\/muradif-pajt-optuzuje-direktoricu-kcus-a-sebija-je-ukrala-magisterij\/","name":"Muradif Pajt optu\u017euje direktoricu KCUS-a: Sebija je ukrala magisterij?! - RADIO LJUBU\u0160KI","isPartOf":{"@id":"https:\/\/radioljubuski.ba\/#website"},"primaryImageOfPage":{"@id":"https:\/\/radioljubuski.ba\/index.php\/2021\/05\/25\/muradif-pajt-optuzuje-direktoricu-kcus-a-sebija-je-ukrala-magisterij\/#primaryimage"},"image":{"@id":"https:\/\/radioljubuski.ba\/index.php\/2021\/05\/25\/muradif-pajt-optuzuje-direktoricu-kcus-a-sebija-je-ukrala-magisterij\/#primaryimage"},"thumbnailUrl":"https:\/\/radioljubuski.ba\/wp-content\/uploads\/2021\/05\/pajt.jpg","datePublished":"2021-05-25T09:14:23+00:00","dateModified":"2021-05-25T10:18:29+00:00","breadcrumb":{"@id":"https:\/\/radioljubuski.ba\/index.php\/2021\/05\/25\/muradif-pajt-optuzuje-direktoricu-kcus-a-sebija-je-ukrala-magisterij\/#breadcrumb"},"inLanguage":"hr","potentialAction":[{"@type":"ReadAction","target":["https:\/\/radioljubuski.ba\/index.php\/2021\/05\/25\/muradif-pajt-optuzuje-direktoricu-kcus-a-sebija-je-ukrala-magisterij\/"]}]},{"@type":"ImageObject","inLanguage":"hr","@id":"https:\/\/radioljubuski.ba\/index.php\/2021\/05\/25\/muradif-pajt-optuzuje-direktoricu-kcus-a-sebija-je-ukrala-magisterij\/#primaryimage","url":"https:\/\/radioljubuski.ba\/wp-content\/uploads\/2021\/05\/pajt.jpg","contentUrl":"https:\/\/radioljubuski.ba\/wp-content\/uploads\/2021\/05\/pajt.jpg","width":737,"height":553},{"@type":"BreadcrumbList","@id":"https:\/\/radioljubuski.ba\/index.php\/2021\/05\/25\/muradif-pajt-optuzuje-direktoricu-kcus-a-sebija-je-ukrala-magisterij\/#breadcrumb","itemListElement":[{"@type":"ListItem","position":1,"name":"Po\u010detna stranica","item":"https:\/\/radioljubuski.ba\/"},{"@type":"ListItem","position":2,"name":"Muradif Pajt optu\u017euje direktoricu KCUS-a: Sebija je ukrala magisterij?!"}]},{"@type":"WebSite","@id":"https:\/\/radioljubuski.ba\/#website","url":"https:\/\/radioljubuski.ba\/","name":"Radio Ljubu\u0161ki","description":"Sun\u010dana frekvencija Hercegovine","publisher":{"@id":"https:\/\/radioljubuski.ba\/#organization"},"potentialAction":[{"@type":"SearchAction","target":{"@type":"EntryPoint","urlTemplate":"https:\/\/radioljubuski.ba\/?s={search_term_string}"},"query-input":{"@type":"PropertyValueSpecification","valueRequired":true,"valueName":"search_term_string"}}],"inLanguage":"hr"},{"@type":"Organization","@id":"https:\/\/radioljubuski.ba\/#organization","name":"Radio Ljubu\u0161ki","url":"https:\/\/radioljubuski.ba\/","logo":{"@type":"ImageObject","inLanguage":"hr","@id":"https:\/\/radioljubuski.ba\/#\/schema\/logo\/image\/","url":"https:\/\/radioljubuski.ba\/wp-content\/uploads\/2021\/02\/cropped-Radio_Ljubuski_logo1.jpg","contentUrl":"https:\/\/radioljubuski.ba\/wp-content\/uploads\/2021\/02\/cropped-Radio_Ljubuski_logo1.jpg","width":512,"height":512,"caption":"Radio Ljubu\u0161ki"},"image":{"@id":"https:\/\/radioljubuski.ba\/#\/schema\/logo\/image\/"},"sameAs":["https:\/\/www.facebook.com\/Radiio-Ljubuski-1490835324566332","https:\/\/x.com\/radioljubuski","https:\/\/hr.linkedin.com\/company\/radio-ljubuski","https:\/\/www.youtube.com\/channel\/UCHYaeO_n0Db3tjNGudGpXyw"]},{"@type":"Person","@id":"https:\/\/radioljubuski.ba\/#\/schema\/person\/19fc700381a780f69665d7956c469e3b","name":"Radio Ljubu\u0161ki"}]}},"_links":{"self":[{"href":"https:\/\/radioljubuski.ba\/index.php\/wp-json\/wp\/v2\/posts\/24846","targetHints":{"allow":["GET"]}}],"collection":[{"href":"https:\/\/radioljubuski.ba\/index.php\/wp-json\/wp\/v2\/posts"}],"about":[{"href":"https:\/\/radioljubuski.ba\/index.php\/wp-json\/wp\/v2\/types\/post"}],"author":[{"embeddable":true,"href":"https:\/\/radioljubuski.ba\/index.php\/wp-json\/wp\/v2\/users\/2"}],"replies":[{"embeddable":true,"href":"https:\/\/radioljubuski.ba\/index.php\/wp-json\/wp\/v2\/comments?post=24846"}],"version-history":[{"count":1,"href":"https:\/\/radioljubuski.ba\/index.php\/wp-json\/wp\/v2\/posts\/24846\/revisions"}],"predecessor-version":[{"id":24848,"href":"https:\/\/radioljubuski.ba\/index.php\/wp-json\/wp\/v2\/posts\/24846\/revisions\/24848"}],"wp:featuredmedia":[{"embeddable":true,"href":"https:\/\/radioljubuski.ba\/index.php\/wp-json\/wp\/v2\/media\/24847"}],"wp:attachment":[{"href":"https:\/\/radioljubuski.ba\/index.php\/wp-json\/wp\/v2\/media?parent=24846"}],"wp:term":[{"taxonomy":"category","embeddable":true,"href":"https:\/\/radioljubuski.ba\/index.php\/wp-json\/wp\/v2\/categories?post=24846"},{"taxonomy":"post_tag","embeddable":true,"href":"https:\/\/radioljubuski.ba\/index.php\/wp-json\/wp\/v2\/tags?post=24846"}],"curies":[{"name":"wp","href":"https:\/\/api.w.org\/{rel}","templated":true}]}}