{"id":24920,"date":"2021-05-25T12:04:50","date_gmt":"2021-05-25T11:04:50","guid":{"rendered":"https:\/\/radioljubuski.ba\/?p=24920"},"modified":"2021-05-25T12:04:51","modified_gmt":"2021-05-25T11:04:51","slug":"vijece-ministara-bih-sutra-razmatra-odluku-o-izmjeni-uvjeta-za-ulazak-u-bih","status":"publish","type":"post","link":"https:\/\/radioljubuski.ba\/index.php\/2021\/05\/25\/vijece-ministara-bih-sutra-razmatra-odluku-o-izmjeni-uvjeta-za-ulazak-u-bih\/","title":{"rendered":"Vije\u0107e ministara BiH sutra razmatra odluku o izmjeni uvjeta za ulazak u BiH"},"content":{"rendered":"\n<p>Vije\u0107e ministara Bosne i Hercegovine trebalo bi na sjednici koja je zakazana za sutra, 26. svibnja, razmatrati izmjenu odluke o ulasku stranaca u Bosnu i Hercegovinu koja je posljednji put donijeta u rujnu pro\u0161le godine zbog koronavirusa.<\/p>\n\n\n\n<p>Potvrdio je to danas ministar sigurnosti BiH Selmo Cikoti\u0107 odgovaraju\u0107i na taj na\u010din poslanici Saveza za bolju budu\u0107nost (SBB) u Zastupni\u010dkom domu Parlamentarne skup\u0161tine BiH Editi \u0110apo, koja je upozorila na to jer va\u017ee\u0107a odluka ne prepoznaje imunizirane gra\u0111ane ili one koji su u posljednjih \u0161est mjeseci preboljeli Covid-19.<\/p>\n\n\n\n<p>Cikoti\u0107 je naveo da je Ministarstvom na \u010dijem je \u010delu, jo\u0161 po\u010detkom svibnja uputilo izmjene i dopune te odluke Generalnom sekretarijatu Vije\u0107a ministara, zbog \u010dega bi dr\u017eavni ministri trebali sutra i da je razmotre. &nbsp;Cikoti\u0107 se, tako\u0111er, nada da \u0107e ona sutra biti usvojena.<\/p>\n\n\n\n<p>\u0110apo je tijekom postavljanja pitanja ministru na dana\u0161njoj sjednici Predstavni\u010dkog doma upozorila da gra\u0111anima i dalje treba negativan PCR test te da odluka ne prepoznaje cijepljene osobe ili osobe koja su preboljele Covid-19.<\/p>\n\n\n\n<p>&#8211; Po\u0161to takve osobe ne predstavljaju zdravstvenu opasnost treba se i\u0107i u revidiranje ove odluke te ohrabruje da \u0107e Vije\u0107e ministara donijeti odluku o re\u017eimu ulaska u BiH, imaju\u0107i u vidu da se bli\u017ei ljetna sezona te dolazak dijaspore i ostalih turista &#8211; kazala je \u0110apo.<\/p>\n\n\n\n<p>Ona je tako\u0111er zatra\u017eila od Vije\u0107a ministara da preispita odluku kojom gra\u0111ani Crne Gore moraju u BiH u\u0107i direktno i ne mogu koristiti najbolji i najbr\u017ei magistralni put preko Srbije koji skra\u0107uje putovanje za oko dva sata.<\/p>\n\n\n\n<p>&#8211; Gra\u0111ani Crne Gore moraju direktno u BiH ulaziti preko Pljevalja neadekvatnim putem koji je katastrofalan i produ\u017euje putovanje za dva sata umjesto da idu preko Piboja i Prijepolja koji je bolji i kra\u0107i &#8211; kazala je \u0110apo.<\/p>\n\n\n\n<p>IZVOR:pogled.ba<\/p>\n","protected":false},"excerpt":{"rendered":"<p>Vije\u0107e ministara Bosne i Hercegovine trebalo bi na sjednici koja je zakazana za sutra, 26. svibnja, razmatrati izmjenu odluke o ulasku stranaca u Bosnu i Hercegovinu koja je posljednji put donijeta u rujnu pro\u0161le godine zbog koronavirusa. Potvrdio je to danas ministar sigurnosti BiH Selmo Cikoti\u0107 odgovaraju\u0107i na taj na\u010din poslanici Saveza za bolju budu\u0107nost [&hellip;]<\/p>\n","protected":false},"author":2,"featured_media":24921,"comment_status":"closed","ping_status":"closed","sticky":false,"template":"","format":"standard","meta":{"h5ap_radio_sources":[],"footnotes":""},"categories":[1],"tags":[],"class_list":["post-24920","post","type-post","status-publish","format-standard","has-post-thumbnail","hentry","category-bihiregija"],"yoast_head":"<!-- This site is optimized with the Yoast SEO plugin v27.4 - https:\/\/yoast.com\/product\/yoast-seo-wordpress\/ -->\n<title>Vije\u0107e ministara BiH sutra razmatra odluku o izmjeni uvjeta za ulazak u BiH - RADIO LJUBU\u0160KI<\/title>\n<meta name=\"robots\" content=\"index, follow, max-snippet:-1, max-image-preview:large, max-video-preview:-1\" \/>\n<link rel=\"canonical\" href=\"https:\/\/radioljubuski.ba\/index.php\/2021\/05\/25\/vijece-ministara-bih-sutra-razmatra-odluku-o-izmjeni-uvjeta-za-ulazak-u-bih\/\" \/>\n<meta property=\"og:locale\" content=\"hr_HR\" \/>\n<meta property=\"og:type\" content=\"article\" \/>\n<meta property=\"og:title\" content=\"Vije\u0107e ministara BiH sutra razmatra odluku o izmjeni uvjeta za ulazak u BiH - RADIO LJUBU\u0160KI\" \/>\n<meta property=\"og:description\" content=\"Vije\u0107e ministara Bosne i Hercegovine trebalo bi na sjednici koja je zakazana za sutra, 26. svibnja, razmatrati izmjenu odluke o ulasku stranaca u Bosnu i Hercegovinu koja je posljednji put donijeta u rujnu pro\u0161le godine zbog koronavirusa. Potvrdio je to danas ministar sigurnosti BiH Selmo Cikoti\u0107 odgovaraju\u0107i na taj na\u010din poslanici Saveza za bolju budu\u0107nost [&hellip;]\" \/>\n<meta property=\"og:url\" content=\"https:\/\/radioljubuski.ba\/index.php\/2021\/05\/25\/vijece-ministara-bih-sutra-razmatra-odluku-o-izmjeni-uvjeta-za-ulazak-u-bih\/\" \/>\n<meta property=\"og:site_name\" content=\"RADIO LJUBU\u0160KI\" \/>\n<meta property=\"article:publisher\" content=\"https:\/\/www.facebook.com\/Radiio-Ljubuski-1490835324566332\" \/>\n<meta property=\"article:published_time\" content=\"2021-05-25T11:04:50+00:00\" \/>\n<meta property=\"article:modified_time\" content=\"2021-05-25T11:04:51+00:00\" \/>\n<meta property=\"og:image\" content=\"https:\/\/radioljubuski.ba\/wp-content\/uploads\/2021\/05\/2-2021-05-25-12-22-22-selmo.jpg\" \/>\n\t<meta property=\"og:image:width\" content=\"1000\" \/>\n\t<meta property=\"og:image:height\" content=\"625\" \/>\n\t<meta property=\"og:image:type\" content=\"image\/jpeg\" \/>\n<meta name=\"author\" content=\"Radio Ljubu\u0161ki\" \/>\n<meta name=\"twitter:card\" content=\"summary_large_image\" \/>\n<meta name=\"twitter:creator\" content=\"@radioljubuski\" \/>\n<meta name=\"twitter:site\" content=\"@radioljubuski\" \/>\n<meta name=\"twitter:label1\" content=\"Napisao\/la\" \/>\n\t<meta name=\"twitter:data1\" content=\"Radio Ljubu\u0161ki\" \/>\n\t<meta name=\"twitter:label2\" content=\"Procijenjeno vrijeme \u010ditanja\" \/>\n\t<meta name=\"twitter:data2\" content=\"2 minute\" \/>\n<script type=\"application\/ld+json\" class=\"yoast-schema-graph\">{\"@context\":\"https:\\\/\\\/schema.org\",\"@graph\":[{\"@type\":\"Article\",\"@id\":\"https:\\\/\\\/radioljubuski.ba\\\/index.php\\\/2021\\\/05\\\/25\\\/vijece-ministara-bih-sutra-razmatra-odluku-o-izmjeni-uvjeta-za-ulazak-u-bih\\\/#article\",\"isPartOf\":{\"@id\":\"https:\\\/\\\/radioljubuski.ba\\\/index.php\\\/2021\\\/05\\\/25\\\/vijece-ministara-bih-sutra-razmatra-odluku-o-izmjeni-uvjeta-za-ulazak-u-bih\\\/\"},\"author\":{\"name\":\"Radio Ljubu\u0161ki\",\"@id\":\"https:\\\/\\\/radioljubuski.ba\\\/#\\\/schema\\\/person\\\/19fc700381a780f69665d7956c469e3b\"},\"headline\":\"Vije\u0107e ministara BiH sutra razmatra odluku o izmjeni uvjeta za ulazak u BiH\",\"datePublished\":\"2021-05-25T11:04:50+00:00\",\"dateModified\":\"2021-05-25T11:04:51+00:00\",\"mainEntityOfPage\":{\"@id\":\"https:\\\/\\\/radioljubuski.ba\\\/index.php\\\/2021\\\/05\\\/25\\\/vijece-ministara-bih-sutra-razmatra-odluku-o-izmjeni-uvjeta-za-ulazak-u-bih\\\/\"},\"wordCount\":334,\"publisher\":{\"@id\":\"https:\\\/\\\/radioljubuski.ba\\\/#organization\"},\"image\":{\"@id\":\"https:\\\/\\\/radioljubuski.ba\\\/index.php\\\/2021\\\/05\\\/25\\\/vijece-ministara-bih-sutra-razmatra-odluku-o-izmjeni-uvjeta-za-ulazak-u-bih\\\/#primaryimage\"},\"thumbnailUrl\":\"https:\\\/\\\/radioljubuski.ba\\\/wp-content\\\/uploads\\\/2021\\\/05\\\/2-2021-05-25-12-22-22-selmo.jpg\",\"articleSection\":[\"BIH i regija\"],\"inLanguage\":\"hr\"},{\"@type\":\"WebPage\",\"@id\":\"https:\\\/\\\/radioljubuski.ba\\\/index.php\\\/2021\\\/05\\\/25\\\/vijece-ministara-bih-sutra-razmatra-odluku-o-izmjeni-uvjeta-za-ulazak-u-bih\\\/\",\"url\":\"https:\\\/\\\/radioljubuski.ba\\\/index.php\\\/2021\\\/05\\\/25\\\/vijece-ministara-bih-sutra-razmatra-odluku-o-izmjeni-uvjeta-za-ulazak-u-bih\\\/\",\"name\":\"Vije\u0107e ministara BiH sutra razmatra odluku o izmjeni uvjeta za ulazak u BiH - RADIO LJUBU\u0160KI\",\"isPartOf\":{\"@id\":\"https:\\\/\\\/radioljubuski.ba\\\/#website\"},\"primaryImageOfPage\":{\"@id\":\"https:\\\/\\\/radioljubuski.ba\\\/index.php\\\/2021\\\/05\\\/25\\\/vijece-ministara-bih-sutra-razmatra-odluku-o-izmjeni-uvjeta-za-ulazak-u-bih\\\/#primaryimage\"},\"image\":{\"@id\":\"https:\\\/\\\/radioljubuski.ba\\\/index.php\\\/2021\\\/05\\\/25\\\/vijece-ministara-bih-sutra-razmatra-odluku-o-izmjeni-uvjeta-za-ulazak-u-bih\\\/#primaryimage\"},\"thumbnailUrl\":\"https:\\\/\\\/radioljubuski.ba\\\/wp-content\\\/uploads\\\/2021\\\/05\\\/2-2021-05-25-12-22-22-selmo.jpg\",\"datePublished\":\"2021-05-25T11:04:50+00:00\",\"dateModified\":\"2021-05-25T11:04:51+00:00\",\"breadcrumb\":{\"@id\":\"https:\\\/\\\/radioljubuski.ba\\\/index.php\\\/2021\\\/05\\\/25\\\/vijece-ministara-bih-sutra-razmatra-odluku-o-izmjeni-uvjeta-za-ulazak-u-bih\\\/#breadcrumb\"},\"inLanguage\":\"hr\",\"potentialAction\":[{\"@type\":\"ReadAction\",\"target\":[\"https:\\\/\\\/radioljubuski.ba\\\/index.php\\\/2021\\\/05\\\/25\\\/vijece-ministara-bih-sutra-razmatra-odluku-o-izmjeni-uvjeta-za-ulazak-u-bih\\\/\"]}]},{\"@type\":\"ImageObject\",\"inLanguage\":\"hr\",\"@id\":\"https:\\\/\\\/radioljubuski.ba\\\/index.php\\\/2021\\\/05\\\/25\\\/vijece-ministara-bih-sutra-razmatra-odluku-o-izmjeni-uvjeta-za-ulazak-u-bih\\\/#primaryimage\",\"url\":\"https:\\\/\\\/radioljubuski.ba\\\/wp-content\\\/uploads\\\/2021\\\/05\\\/2-2021-05-25-12-22-22-selmo.jpg\",\"contentUrl\":\"https:\\\/\\\/radioljubuski.ba\\\/wp-content\\\/uploads\\\/2021\\\/05\\\/2-2021-05-25-12-22-22-selmo.jpg\",\"width\":1000,\"height\":625},{\"@type\":\"BreadcrumbList\",\"@id\":\"https:\\\/\\\/radioljubuski.ba\\\/index.php\\\/2021\\\/05\\\/25\\\/vijece-ministara-bih-sutra-razmatra-odluku-o-izmjeni-uvjeta-za-ulazak-u-bih\\\/#breadcrumb\",\"itemListElement\":[{\"@type\":\"ListItem\",\"position\":1,\"name\":\"Po\u010detna stranica\",\"item\":\"https:\\\/\\\/radioljubuski.ba\\\/\"},{\"@type\":\"ListItem\",\"position\":2,\"name\":\"Vije\u0107e ministara BiH sutra razmatra odluku o izmjeni uvjeta za ulazak u BiH\"}]},{\"@type\":\"WebSite\",\"@id\":\"https:\\\/\\\/radioljubuski.ba\\\/#website\",\"url\":\"https:\\\/\\\/radioljubuski.ba\\\/\",\"name\":\"Radio Ljubu\u0161ki\",\"description\":\"Sun\u010dana frekvencija Hercegovine\",\"publisher\":{\"@id\":\"https:\\\/\\\/radioljubuski.ba\\\/#organization\"},\"potentialAction\":[{\"@type\":\"SearchAction\",\"target\":{\"@type\":\"EntryPoint\",\"urlTemplate\":\"https:\\\/\\\/radioljubuski.ba\\\/?s={search_term_string}\"},\"query-input\":{\"@type\":\"PropertyValueSpecification\",\"valueRequired\":true,\"valueName\":\"search_term_string\"}}],\"inLanguage\":\"hr\"},{\"@type\":\"Organization\",\"@id\":\"https:\\\/\\\/radioljubuski.ba\\\/#organization\",\"name\":\"Radio Ljubu\u0161ki\",\"url\":\"https:\\\/\\\/radioljubuski.ba\\\/\",\"logo\":{\"@type\":\"ImageObject\",\"inLanguage\":\"hr\",\"@id\":\"https:\\\/\\\/radioljubuski.ba\\\/#\\\/schema\\\/logo\\\/image\\\/\",\"url\":\"https:\\\/\\\/radioljubuski.ba\\\/wp-content\\\/uploads\\\/2021\\\/02\\\/cropped-Radio_Ljubuski_logo1.jpg\",\"contentUrl\":\"https:\\\/\\\/radioljubuski.ba\\\/wp-content\\\/uploads\\\/2021\\\/02\\\/cropped-Radio_Ljubuski_logo1.jpg\",\"width\":512,\"height\":512,\"caption\":\"Radio Ljubu\u0161ki\"},\"image\":{\"@id\":\"https:\\\/\\\/radioljubuski.ba\\\/#\\\/schema\\\/logo\\\/image\\\/\"},\"sameAs\":[\"https:\\\/\\\/www.facebook.com\\\/Radiio-Ljubuski-1490835324566332\",\"https:\\\/\\\/x.com\\\/radioljubuski\",\"https:\\\/\\\/hr.linkedin.com\\\/company\\\/radio-ljubuski\",\"https:\\\/\\\/www.youtube.com\\\/channel\\\/UCHYaeO_n0Db3tjNGudGpXyw\"]},{\"@type\":\"Person\",\"@id\":\"https:\\\/\\\/radioljubuski.ba\\\/#\\\/schema\\\/person\\\/19fc700381a780f69665d7956c469e3b\",\"name\":\"Radio Ljubu\u0161ki\"}]}<\/script>\n<!-- \/ Yoast SEO plugin. -->","yoast_head_json":{"title":"Vije\u0107e ministara BiH sutra razmatra odluku o izmjeni uvjeta za ulazak u BiH - RADIO LJUBU\u0160KI","robots":{"index":"index","follow":"follow","max-snippet":"max-snippet:-1","max-image-preview":"max-image-preview:large","max-video-preview":"max-video-preview:-1"},"canonical":"https:\/\/radioljubuski.ba\/index.php\/2021\/05\/25\/vijece-ministara-bih-sutra-razmatra-odluku-o-izmjeni-uvjeta-za-ulazak-u-bih\/","og_locale":"hr_HR","og_type":"article","og_title":"Vije\u0107e ministara BiH sutra razmatra odluku o izmjeni uvjeta za ulazak u BiH - RADIO LJUBU\u0160KI","og_description":"Vije\u0107e ministara Bosne i Hercegovine trebalo bi na sjednici koja je zakazana za sutra, 26. svibnja, razmatrati izmjenu odluke o ulasku stranaca u Bosnu i Hercegovinu koja je posljednji put donijeta u rujnu pro\u0161le godine zbog koronavirusa. Potvrdio je to danas ministar sigurnosti BiH Selmo Cikoti\u0107 odgovaraju\u0107i na taj na\u010din poslanici Saveza za bolju budu\u0107nost [&hellip;]","og_url":"https:\/\/radioljubuski.ba\/index.php\/2021\/05\/25\/vijece-ministara-bih-sutra-razmatra-odluku-o-izmjeni-uvjeta-za-ulazak-u-bih\/","og_site_name":"RADIO LJUBU\u0160KI","article_publisher":"https:\/\/www.facebook.com\/Radiio-Ljubuski-1490835324566332","article_published_time":"2021-05-25T11:04:50+00:00","article_modified_time":"2021-05-25T11:04:51+00:00","og_image":[{"width":1000,"height":625,"url":"https:\/\/radioljubuski.ba\/wp-content\/uploads\/2021\/05\/2-2021-05-25-12-22-22-selmo.jpg","type":"image\/jpeg"}],"author":"Radio Ljubu\u0161ki","twitter_card":"summary_large_image","twitter_creator":"@radioljubuski","twitter_site":"@radioljubuski","twitter_misc":{"Napisao\/la":"Radio Ljubu\u0161ki","Procijenjeno vrijeme \u010ditanja":"2 minute"},"schema":{"@context":"https:\/\/schema.org","@graph":[{"@type":"Article","@id":"https:\/\/radioljubuski.ba\/index.php\/2021\/05\/25\/vijece-ministara-bih-sutra-razmatra-odluku-o-izmjeni-uvjeta-za-ulazak-u-bih\/#article","isPartOf":{"@id":"https:\/\/radioljubuski.ba\/index.php\/2021\/05\/25\/vijece-ministara-bih-sutra-razmatra-odluku-o-izmjeni-uvjeta-za-ulazak-u-bih\/"},"author":{"name":"Radio Ljubu\u0161ki","@id":"https:\/\/radioljubuski.ba\/#\/schema\/person\/19fc700381a780f69665d7956c469e3b"},"headline":"Vije\u0107e ministara BiH sutra razmatra odluku o izmjeni uvjeta za ulazak u BiH","datePublished":"2021-05-25T11:04:50+00:00","dateModified":"2021-05-25T11:04:51+00:00","mainEntityOfPage":{"@id":"https:\/\/radioljubuski.ba\/index.php\/2021\/05\/25\/vijece-ministara-bih-sutra-razmatra-odluku-o-izmjeni-uvjeta-za-ulazak-u-bih\/"},"wordCount":334,"publisher":{"@id":"https:\/\/radioljubuski.ba\/#organization"},"image":{"@id":"https:\/\/radioljubuski.ba\/index.php\/2021\/05\/25\/vijece-ministara-bih-sutra-razmatra-odluku-o-izmjeni-uvjeta-za-ulazak-u-bih\/#primaryimage"},"thumbnailUrl":"https:\/\/radioljubuski.ba\/wp-content\/uploads\/2021\/05\/2-2021-05-25-12-22-22-selmo.jpg","articleSection":["BIH i regija"],"inLanguage":"hr"},{"@type":"WebPage","@id":"https:\/\/radioljubuski.ba\/index.php\/2021\/05\/25\/vijece-ministara-bih-sutra-razmatra-odluku-o-izmjeni-uvjeta-za-ulazak-u-bih\/","url":"https:\/\/radioljubuski.ba\/index.php\/2021\/05\/25\/vijece-ministara-bih-sutra-razmatra-odluku-o-izmjeni-uvjeta-za-ulazak-u-bih\/","name":"Vije\u0107e ministara BiH sutra razmatra odluku o izmjeni uvjeta za ulazak u BiH - RADIO LJUBU\u0160KI","isPartOf":{"@id":"https:\/\/radioljubuski.ba\/#website"},"primaryImageOfPage":{"@id":"https:\/\/radioljubuski.ba\/index.php\/2021\/05\/25\/vijece-ministara-bih-sutra-razmatra-odluku-o-izmjeni-uvjeta-za-ulazak-u-bih\/#primaryimage"},"image":{"@id":"https:\/\/radioljubuski.ba\/index.php\/2021\/05\/25\/vijece-ministara-bih-sutra-razmatra-odluku-o-izmjeni-uvjeta-za-ulazak-u-bih\/#primaryimage"},"thumbnailUrl":"https:\/\/radioljubuski.ba\/wp-content\/uploads\/2021\/05\/2-2021-05-25-12-22-22-selmo.jpg","datePublished":"2021-05-25T11:04:50+00:00","dateModified":"2021-05-25T11:04:51+00:00","breadcrumb":{"@id":"https:\/\/radioljubuski.ba\/index.php\/2021\/05\/25\/vijece-ministara-bih-sutra-razmatra-odluku-o-izmjeni-uvjeta-za-ulazak-u-bih\/#breadcrumb"},"inLanguage":"hr","potentialAction":[{"@type":"ReadAction","target":["https:\/\/radioljubuski.ba\/index.php\/2021\/05\/25\/vijece-ministara-bih-sutra-razmatra-odluku-o-izmjeni-uvjeta-za-ulazak-u-bih\/"]}]},{"@type":"ImageObject","inLanguage":"hr","@id":"https:\/\/radioljubuski.ba\/index.php\/2021\/05\/25\/vijece-ministara-bih-sutra-razmatra-odluku-o-izmjeni-uvjeta-za-ulazak-u-bih\/#primaryimage","url":"https:\/\/radioljubuski.ba\/wp-content\/uploads\/2021\/05\/2-2021-05-25-12-22-22-selmo.jpg","contentUrl":"https:\/\/radioljubuski.ba\/wp-content\/uploads\/2021\/05\/2-2021-05-25-12-22-22-selmo.jpg","width":1000,"height":625},{"@type":"BreadcrumbList","@id":"https:\/\/radioljubuski.ba\/index.php\/2021\/05\/25\/vijece-ministara-bih-sutra-razmatra-odluku-o-izmjeni-uvjeta-za-ulazak-u-bih\/#breadcrumb","itemListElement":[{"@type":"ListItem","position":1,"name":"Po\u010detna stranica","item":"https:\/\/radioljubuski.ba\/"},{"@type":"ListItem","position":2,"name":"Vije\u0107e ministara BiH sutra razmatra odluku o izmjeni uvjeta za ulazak u BiH"}]},{"@type":"WebSite","@id":"https:\/\/radioljubuski.ba\/#website","url":"https:\/\/radioljubuski.ba\/","name":"Radio Ljubu\u0161ki","description":"Sun\u010dana frekvencija Hercegovine","publisher":{"@id":"https:\/\/radioljubuski.ba\/#organization"},"potentialAction":[{"@type":"SearchAction","target":{"@type":"EntryPoint","urlTemplate":"https:\/\/radioljubuski.ba\/?s={search_term_string}"},"query-input":{"@type":"PropertyValueSpecification","valueRequired":true,"valueName":"search_term_string"}}],"inLanguage":"hr"},{"@type":"Organization","@id":"https:\/\/radioljubuski.ba\/#organization","name":"Radio Ljubu\u0161ki","url":"https:\/\/radioljubuski.ba\/","logo":{"@type":"ImageObject","inLanguage":"hr","@id":"https:\/\/radioljubuski.ba\/#\/schema\/logo\/image\/","url":"https:\/\/radioljubuski.ba\/wp-content\/uploads\/2021\/02\/cropped-Radio_Ljubuski_logo1.jpg","contentUrl":"https:\/\/radioljubuski.ba\/wp-content\/uploads\/2021\/02\/cropped-Radio_Ljubuski_logo1.jpg","width":512,"height":512,"caption":"Radio Ljubu\u0161ki"},"image":{"@id":"https:\/\/radioljubuski.ba\/#\/schema\/logo\/image\/"},"sameAs":["https:\/\/www.facebook.com\/Radiio-Ljubuski-1490835324566332","https:\/\/x.com\/radioljubuski","https:\/\/hr.linkedin.com\/company\/radio-ljubuski","https:\/\/www.youtube.com\/channel\/UCHYaeO_n0Db3tjNGudGpXyw"]},{"@type":"Person","@id":"https:\/\/radioljubuski.ba\/#\/schema\/person\/19fc700381a780f69665d7956c469e3b","name":"Radio Ljubu\u0161ki"}]}},"_links":{"self":[{"href":"https:\/\/radioljubuski.ba\/index.php\/wp-json\/wp\/v2\/posts\/24920","targetHints":{"allow":["GET"]}}],"collection":[{"href":"https:\/\/radioljubuski.ba\/index.php\/wp-json\/wp\/v2\/posts"}],"about":[{"href":"https:\/\/radioljubuski.ba\/index.php\/wp-json\/wp\/v2\/types\/post"}],"author":[{"embeddable":true,"href":"https:\/\/radioljubuski.ba\/index.php\/wp-json\/wp\/v2\/users\/2"}],"replies":[{"embeddable":true,"href":"https:\/\/radioljubuski.ba\/index.php\/wp-json\/wp\/v2\/comments?post=24920"}],"version-history":[{"count":1,"href":"https:\/\/radioljubuski.ba\/index.php\/wp-json\/wp\/v2\/posts\/24920\/revisions"}],"predecessor-version":[{"id":24922,"href":"https:\/\/radioljubuski.ba\/index.php\/wp-json\/wp\/v2\/posts\/24920\/revisions\/24922"}],"wp:featuredmedia":[{"embeddable":true,"href":"https:\/\/radioljubuski.ba\/index.php\/wp-json\/wp\/v2\/media\/24921"}],"wp:attachment":[{"href":"https:\/\/radioljubuski.ba\/index.php\/wp-json\/wp\/v2\/media?parent=24920"}],"wp:term":[{"taxonomy":"category","embeddable":true,"href":"https:\/\/radioljubuski.ba\/index.php\/wp-json\/wp\/v2\/categories?post=24920"},{"taxonomy":"post_tag","embeddable":true,"href":"https:\/\/radioljubuski.ba\/index.php\/wp-json\/wp\/v2\/tags?post=24920"}],"curies":[{"name":"wp","href":"https:\/\/api.w.org\/{rel}","templated":true}]}}