{"id":24986,"date":"2021-05-25T17:40:40","date_gmt":"2021-05-25T16:40:40","guid":{"rendered":"https:\/\/radioljubuski.ba\/?p=24986"},"modified":"2021-05-25T17:40:41","modified_gmt":"2021-05-25T16:40:41","slug":"colina-ove-sezone-smo-bili-mentalno-cvrsci-nego-je-itko-ocekivao","status":"publish","type":"post","link":"https:\/\/radioljubuski.ba\/index.php\/2021\/05\/25\/colina-ove-sezone-smo-bili-mentalno-cvrsci-nego-je-itko-ocekivao\/","title":{"rendered":"\u010colina: Ove sezone smo bili mentalno \u010dvr\u0161\u0107i nego je itko o\u010dekivao"},"content":{"rendered":"\n<p>Rukometa\u0161i ljubu\u0161kog Izvi\u0111a\u010da su ukupno osmi put (2000., 2002., 2004., 2005., 2016., 2018., 2019., 2021.), osvojili naslov prvaka Bosne i Hercegovine i tako presko\u010dili sarajevsku Bosnu koja je skupila 7 naslova.<\/p>\n\n\n\n<p>U posljednjoj, odlu\u010duju\u0107oj utakmici su savladali Krivaju u Zavidovi\u0107ima sa 28:23.<\/p>\n\n\n\n<p><strong><em>Bila je nervozna utakmica na otvaranju s obzirom na veliki ulog. Bili smo stati\u010dni u prvih 10 minuta, a nikad \u017eivlji je bio golman Matej Mandi\u0107 koji nas je odr\u017eao u egalu. Kasnije smo postojali samo mi na terenu. Me\u0111utim prvih 10 minuta je bilo jako stresno<\/em><\/strong>, komentar je trenera Tonija \u010coline kojeg smo zamolili da se osvrne na kompletnu sezonu iza ekipe.<\/p>\n\n\n\n<p><strong><em>Mislim da smo mentalno bili \u010dvr\u0161\u0107i nego je itko o\u010dekivao. Mislim da nas je period bez utakmica u lockdownu, od o\u017eujka do lipnja pro\u0161le godine, dosta oja\u010dao i ujedinio, pokazao da mo\u017eemo sve izdr\u017eati. Nama je prakti\u010dki svaki kiks u drugom dijelu zna\u010dio da se opra\u0161tamo od utrke za titulu, a mi smo tad bili najstabilniji i najbolji. Ostali su kiksali, a mi smo bili \u010dvrsto na nogama i svaku utakmicu pru\u017eali maksimum<\/em><\/strong>.<\/p>\n\n\n\n<p><strong>Nauk iz jeseni<\/strong><\/p>\n\n\n\n<p>Dodatno iskustvo su pokazali u proljetnom dijelu prvenstva u odnosu na jesen gdje su Skauti upisali nekoliko neo\u010dekivanih kikseva.<\/p>\n\n\n\n<p><strong><em>Prve polusezone smo napravili neke nevjerojatne kikseve, gdje smo gubili po jedan razlike. Tu smo sigurno trebali nau\u010diti za sve ovo \u0161to se doga\u0111alo poslije. Nismo dozvolili da ne nau\u010dimo ni\u0161ta iz tih poraza. Stvarno smo dobro reagirali na svaki taj neuspjeh<\/em><\/strong>, ka\u017ee \u010colina.<\/p>\n\n\n\n<p>Borac je u ovo prvenstvo u\u0161ao kao ve\u0107i favorit nego sezonu prije. Ostali konkurenti su tako\u0111er bili jaki, dobojska Sloga je osvojila jesensku titulu.<\/p>\n\n\n\n<p><strong><em>Meni imponira i drago mi je \u0161to je Borac anga\u017eirao Veselina Vujovi\u0107a jer to daje te\u017einu kompletnoj ligi, tako\u0111er i dolazak Marija Kelentri\u0107a u Slogu. Pokojni Edo Sir\u0107o, potom Davor Kadi\u0107 iz Slobode, Adem Ba\u0161i\u0107 u Vogo\u0161\u0107i\u2026 sigurno da je bila \u010dast igrati i biti motiviran protiv takvih trenera. Bez njih to sve ne bi bilo isto. Svako novo igra\u010dko i trenersko poja\u010danje kod konkurenata nam je imponiralo te bilo satisfakcija natjecati se s njima. Izazov je pripremati se za njih i igrati. To je super stvar za \u010ditavu ligu<\/em><\/strong>, istakao je \u010colina.<\/p>\n\n\n\n<p><strong>Fokus na Kupu<\/strong><\/p>\n\n\n\n<p>Nema predaha jer se idu\u0107eg vikenda u Tuzli igra Final Four Kupa BiH. Sloboda \u2013 Izvi\u0111a\u010d, Gra\u010danica \u2013 Vogo\u0161\u0107a su parovi polufinala, a dan kasnije se igra finale.<\/p>\n\n\n\n<p><strong><em>Ve\u0107 se pripremamo samo za Slobodu, ona nam je puni fokus. Sloboda je osim nas me\u0111u tri najozbiljnije ekipe, kolektiv koji mo\u017ee igrati odli\u010dan rukomet. Tu su reprezentativci Ov\u010dina i Klis, uz Tufek\u010di\u0107a, Suhonji\u0107a, Be\u010di\u0107a, Halilkovi\u0107a i sa Stojanovi\u0107em na golu je mo\u017eda me\u0111u najkvalitetnijim ekipama u ligi, \u0161to pokazuje i njihov plasman u prvenstvu, kao i u zavr\u0161nicu Kupa. Oni su jedna od rijetkih ekipa koja nas je dobila, tako da o\u010dekujem veliku borbu i nadam se na\u0161em slavlju<\/em><\/strong>, ka\u017ee \u010colina.<\/p>\n\n\n\n<p>S obzirom da je Sloboda uz to i doma\u0107in zavr\u0161nice, ali i branitelj titule u Kupu, djeluje kao da je to finale prije finala.<\/p>\n\n\n\n<p><strong><em>Mo\u017ee tako nekome djelovati, ali ne smijemo podcijeniti Gra\u010danicu i Vogo\u0161\u0107u. To su ekipe kojima je u zadnje vrijeme sav fokus na Kupu, tako da ne\u0107e biti tako lako s njima<\/em><\/strong>, zaklju\u010dio je Toni \u010colina.<\/p>\n\n\n\n<p><strong>Nositelji naslova prvaka BiH<\/strong><\/p>\n\n\n\n<p>Titulu prvaka BiH je osvojio sljede\u0107i kolektiv:&nbsp;<strong>Dijano \u0106e\u0161ko, Luka Bubalo, Ivano Pavlovi\u0107, Filip Odak, Stipe Pavlovi\u0107, Fran Pavlovi\u0107, Petar Medi\u0107, Milo\u0161 Kos, Mihael Bebek, Matej Mandi\u0107, Mirko Mi\u0161eti\u0107, Ivan Herceg, Domagoj Alilovi\u0107, Milan Vuk\u0161i\u0107, Nikola Primorac, Amir Muhovi\u0107, Stjepan Jozinovi\u0107, Ante Grbavac, Dragan \u0160olji\u0107, Mladen Bo\u0161kovi\u0107, Ivan Mili\u010devi\u0107<\/strong>. Stru\u010dno vodstvo:&nbsp;<strong>Toni \u010colina, Adis Jaki\u0107, Milan Toli\u0107, Ante Bunoza, Denis Bunti\u0107 i Nedan Zovak<\/strong>.<\/p>\n\n\n\n<p><strong>Ersan Bjedi\u0107\/dnevni.ba<\/strong><\/p>\n","protected":false},"excerpt":{"rendered":"<p>Rukometa\u0161i ljubu\u0161kog Izvi\u0111a\u010da su ukupno osmi put (2000., 2002., 2004., 2005., 2016., 2018., 2019., 2021.), osvojili naslov prvaka Bosne i Hercegovine i tako presko\u010dili sarajevsku Bosnu koja je skupila 7 naslova. U posljednjoj, odlu\u010duju\u0107oj utakmici su savladali Krivaju u Zavidovi\u0107ima sa 28:23. Bila je nervozna utakmica na otvaranju s obzirom na veliki ulog. Bili smo [&hellip;]<\/p>\n","protected":false},"author":2,"featured_media":517,"comment_status":"closed","ping_status":"closed","sticky":false,"template":"","format":"standard","meta":{"h5ap_radio_sources":[],"footnotes":""},"categories":[3],"tags":[],"class_list":["post-24986","post","type-post","status-publish","format-standard","has-post-thumbnail","hentry","category-ljubuski"],"yoast_head":"<!-- This site is optimized with the Yoast SEO plugin v27.4 - https:\/\/yoast.com\/product\/yoast-seo-wordpress\/ -->\n<title>\u010colina: Ove sezone smo bili mentalno \u010dvr\u0161\u0107i nego je itko o\u010dekivao - RADIO LJUBU\u0160KI<\/title>\n<meta name=\"robots\" content=\"index, follow, max-snippet:-1, max-image-preview:large, max-video-preview:-1\" \/>\n<link rel=\"canonical\" href=\"https:\/\/radioljubuski.ba\/index.php\/2021\/05\/25\/colina-ove-sezone-smo-bili-mentalno-cvrsci-nego-je-itko-ocekivao\/\" \/>\n<meta property=\"og:locale\" content=\"hr_HR\" \/>\n<meta property=\"og:type\" content=\"article\" \/>\n<meta property=\"og:title\" content=\"\u010colina: Ove sezone smo bili mentalno \u010dvr\u0161\u0107i nego je itko o\u010dekivao - RADIO LJUBU\u0160KI\" \/>\n<meta property=\"og:description\" content=\"Rukometa\u0161i ljubu\u0161kog Izvi\u0111a\u010da su ukupno osmi put (2000., 2002., 2004., 2005., 2016., 2018., 2019., 2021.), osvojili naslov prvaka Bosne i Hercegovine i tako presko\u010dili sarajevsku Bosnu koja je skupila 7 naslova. U posljednjoj, odlu\u010duju\u0107oj utakmici su savladali Krivaju u Zavidovi\u0107ima sa 28:23. Bila je nervozna utakmica na otvaranju s obzirom na veliki ulog. Bili smo [&hellip;]\" \/>\n<meta property=\"og:url\" content=\"https:\/\/radioljubuski.ba\/index.php\/2021\/05\/25\/colina-ove-sezone-smo-bili-mentalno-cvrsci-nego-je-itko-ocekivao\/\" \/>\n<meta property=\"og:site_name\" content=\"RADIO LJUBU\u0160KI\" \/>\n<meta property=\"article:publisher\" content=\"https:\/\/www.facebook.com\/Radiio-Ljubuski-1490835324566332\" \/>\n<meta property=\"article:published_time\" content=\"2021-05-25T16:40:40+00:00\" \/>\n<meta property=\"article:modified_time\" content=\"2021-05-25T16:40:41+00:00\" \/>\n<meta property=\"og:image\" content=\"https:\/\/radioljubuski.ba\/wp-content\/uploads\/2021\/03\/toni-colina.jpg\" \/>\n\t<meta property=\"og:image:width\" content=\"1200\" \/>\n\t<meta property=\"og:image:height\" content=\"1200\" \/>\n\t<meta property=\"og:image:type\" content=\"image\/jpeg\" \/>\n<meta name=\"author\" content=\"Radio Ljubu\u0161ki\" \/>\n<meta name=\"twitter:card\" content=\"summary_large_image\" \/>\n<meta name=\"twitter:creator\" content=\"@radioljubuski\" \/>\n<meta name=\"twitter:site\" content=\"@radioljubuski\" \/>\n<meta name=\"twitter:label1\" content=\"Napisao\/la\" \/>\n\t<meta name=\"twitter:data1\" content=\"Radio Ljubu\u0161ki\" \/>\n\t<meta name=\"twitter:label2\" content=\"Procijenjeno vrijeme \u010ditanja\" \/>\n\t<meta name=\"twitter:data2\" content=\"3 minute\" \/>\n<script type=\"application\/ld+json\" class=\"yoast-schema-graph\">{\"@context\":\"https:\\\/\\\/schema.org\",\"@graph\":[{\"@type\":\"Article\",\"@id\":\"https:\\\/\\\/radioljubuski.ba\\\/index.php\\\/2021\\\/05\\\/25\\\/colina-ove-sezone-smo-bili-mentalno-cvrsci-nego-je-itko-ocekivao\\\/#article\",\"isPartOf\":{\"@id\":\"https:\\\/\\\/radioljubuski.ba\\\/index.php\\\/2021\\\/05\\\/25\\\/colina-ove-sezone-smo-bili-mentalno-cvrsci-nego-je-itko-ocekivao\\\/\"},\"author\":{\"name\":\"Radio Ljubu\u0161ki\",\"@id\":\"https:\\\/\\\/radioljubuski.ba\\\/#\\\/schema\\\/person\\\/19fc700381a780f69665d7956c469e3b\"},\"headline\":\"\u010colina: Ove sezone smo bili mentalno \u010dvr\u0161\u0107i nego je itko o\u010dekivao\",\"datePublished\":\"2021-05-25T16:40:40+00:00\",\"dateModified\":\"2021-05-25T16:40:41+00:00\",\"mainEntityOfPage\":{\"@id\":\"https:\\\/\\\/radioljubuski.ba\\\/index.php\\\/2021\\\/05\\\/25\\\/colina-ove-sezone-smo-bili-mentalno-cvrsci-nego-je-itko-ocekivao\\\/\"},\"wordCount\":682,\"publisher\":{\"@id\":\"https:\\\/\\\/radioljubuski.ba\\\/#organization\"},\"image\":{\"@id\":\"https:\\\/\\\/radioljubuski.ba\\\/index.php\\\/2021\\\/05\\\/25\\\/colina-ove-sezone-smo-bili-mentalno-cvrsci-nego-je-itko-ocekivao\\\/#primaryimage\"},\"thumbnailUrl\":\"https:\\\/\\\/radioljubuski.ba\\\/wp-content\\\/uploads\\\/2021\\\/03\\\/toni-colina.jpg\",\"articleSection\":[\"Ljubu\u0161ki\"],\"inLanguage\":\"hr\"},{\"@type\":\"WebPage\",\"@id\":\"https:\\\/\\\/radioljubuski.ba\\\/index.php\\\/2021\\\/05\\\/25\\\/colina-ove-sezone-smo-bili-mentalno-cvrsci-nego-je-itko-ocekivao\\\/\",\"url\":\"https:\\\/\\\/radioljubuski.ba\\\/index.php\\\/2021\\\/05\\\/25\\\/colina-ove-sezone-smo-bili-mentalno-cvrsci-nego-je-itko-ocekivao\\\/\",\"name\":\"\u010colina: Ove sezone smo bili mentalno \u010dvr\u0161\u0107i nego je itko o\u010dekivao - RADIO LJUBU\u0160KI\",\"isPartOf\":{\"@id\":\"https:\\\/\\\/radioljubuski.ba\\\/#website\"},\"primaryImageOfPage\":{\"@id\":\"https:\\\/\\\/radioljubuski.ba\\\/index.php\\\/2021\\\/05\\\/25\\\/colina-ove-sezone-smo-bili-mentalno-cvrsci-nego-je-itko-ocekivao\\\/#primaryimage\"},\"image\":{\"@id\":\"https:\\\/\\\/radioljubuski.ba\\\/index.php\\\/2021\\\/05\\\/25\\\/colina-ove-sezone-smo-bili-mentalno-cvrsci-nego-je-itko-ocekivao\\\/#primaryimage\"},\"thumbnailUrl\":\"https:\\\/\\\/radioljubuski.ba\\\/wp-content\\\/uploads\\\/2021\\\/03\\\/toni-colina.jpg\",\"datePublished\":\"2021-05-25T16:40:40+00:00\",\"dateModified\":\"2021-05-25T16:40:41+00:00\",\"breadcrumb\":{\"@id\":\"https:\\\/\\\/radioljubuski.ba\\\/index.php\\\/2021\\\/05\\\/25\\\/colina-ove-sezone-smo-bili-mentalno-cvrsci-nego-je-itko-ocekivao\\\/#breadcrumb\"},\"inLanguage\":\"hr\",\"potentialAction\":[{\"@type\":\"ReadAction\",\"target\":[\"https:\\\/\\\/radioljubuski.ba\\\/index.php\\\/2021\\\/05\\\/25\\\/colina-ove-sezone-smo-bili-mentalno-cvrsci-nego-je-itko-ocekivao\\\/\"]}]},{\"@type\":\"ImageObject\",\"inLanguage\":\"hr\",\"@id\":\"https:\\\/\\\/radioljubuski.ba\\\/index.php\\\/2021\\\/05\\\/25\\\/colina-ove-sezone-smo-bili-mentalno-cvrsci-nego-je-itko-ocekivao\\\/#primaryimage\",\"url\":\"https:\\\/\\\/radioljubuski.ba\\\/wp-content\\\/uploads\\\/2021\\\/03\\\/toni-colina.jpg\",\"contentUrl\":\"https:\\\/\\\/radioljubuski.ba\\\/wp-content\\\/uploads\\\/2021\\\/03\\\/toni-colina.jpg\",\"width\":1200,\"height\":1200},{\"@type\":\"BreadcrumbList\",\"@id\":\"https:\\\/\\\/radioljubuski.ba\\\/index.php\\\/2021\\\/05\\\/25\\\/colina-ove-sezone-smo-bili-mentalno-cvrsci-nego-je-itko-ocekivao\\\/#breadcrumb\",\"itemListElement\":[{\"@type\":\"ListItem\",\"position\":1,\"name\":\"Po\u010detna stranica\",\"item\":\"https:\\\/\\\/radioljubuski.ba\\\/\"},{\"@type\":\"ListItem\",\"position\":2,\"name\":\"\u010colina: Ove sezone smo bili mentalno \u010dvr\u0161\u0107i nego je itko o\u010dekivao\"}]},{\"@type\":\"WebSite\",\"@id\":\"https:\\\/\\\/radioljubuski.ba\\\/#website\",\"url\":\"https:\\\/\\\/radioljubuski.ba\\\/\",\"name\":\"Radio Ljubu\u0161ki\",\"description\":\"Sun\u010dana frekvencija Hercegovine\",\"publisher\":{\"@id\":\"https:\\\/\\\/radioljubuski.ba\\\/#organization\"},\"potentialAction\":[{\"@type\":\"SearchAction\",\"target\":{\"@type\":\"EntryPoint\",\"urlTemplate\":\"https:\\\/\\\/radioljubuski.ba\\\/?s={search_term_string}\"},\"query-input\":{\"@type\":\"PropertyValueSpecification\",\"valueRequired\":true,\"valueName\":\"search_term_string\"}}],\"inLanguage\":\"hr\"},{\"@type\":\"Organization\",\"@id\":\"https:\\\/\\\/radioljubuski.ba\\\/#organization\",\"name\":\"Radio Ljubu\u0161ki\",\"url\":\"https:\\\/\\\/radioljubuski.ba\\\/\",\"logo\":{\"@type\":\"ImageObject\",\"inLanguage\":\"hr\",\"@id\":\"https:\\\/\\\/radioljubuski.ba\\\/#\\\/schema\\\/logo\\\/image\\\/\",\"url\":\"https:\\\/\\\/radioljubuski.ba\\\/wp-content\\\/uploads\\\/2021\\\/02\\\/cropped-Radio_Ljubuski_logo1.jpg\",\"contentUrl\":\"https:\\\/\\\/radioljubuski.ba\\\/wp-content\\\/uploads\\\/2021\\\/02\\\/cropped-Radio_Ljubuski_logo1.jpg\",\"width\":512,\"height\":512,\"caption\":\"Radio Ljubu\u0161ki\"},\"image\":{\"@id\":\"https:\\\/\\\/radioljubuski.ba\\\/#\\\/schema\\\/logo\\\/image\\\/\"},\"sameAs\":[\"https:\\\/\\\/www.facebook.com\\\/Radiio-Ljubuski-1490835324566332\",\"https:\\\/\\\/x.com\\\/radioljubuski\",\"https:\\\/\\\/hr.linkedin.com\\\/company\\\/radio-ljubuski\",\"https:\\\/\\\/www.youtube.com\\\/channel\\\/UCHYaeO_n0Db3tjNGudGpXyw\"]},{\"@type\":\"Person\",\"@id\":\"https:\\\/\\\/radioljubuski.ba\\\/#\\\/schema\\\/person\\\/19fc700381a780f69665d7956c469e3b\",\"name\":\"Radio Ljubu\u0161ki\"}]}<\/script>\n<!-- \/ Yoast SEO plugin. -->","yoast_head_json":{"title":"\u010colina: Ove sezone smo bili mentalno \u010dvr\u0161\u0107i nego je itko o\u010dekivao - RADIO LJUBU\u0160KI","robots":{"index":"index","follow":"follow","max-snippet":"max-snippet:-1","max-image-preview":"max-image-preview:large","max-video-preview":"max-video-preview:-1"},"canonical":"https:\/\/radioljubuski.ba\/index.php\/2021\/05\/25\/colina-ove-sezone-smo-bili-mentalno-cvrsci-nego-je-itko-ocekivao\/","og_locale":"hr_HR","og_type":"article","og_title":"\u010colina: Ove sezone smo bili mentalno \u010dvr\u0161\u0107i nego je itko o\u010dekivao - RADIO LJUBU\u0160KI","og_description":"Rukometa\u0161i ljubu\u0161kog Izvi\u0111a\u010da su ukupno osmi put (2000., 2002., 2004., 2005., 2016., 2018., 2019., 2021.), osvojili naslov prvaka Bosne i Hercegovine i tako presko\u010dili sarajevsku Bosnu koja je skupila 7 naslova. U posljednjoj, odlu\u010duju\u0107oj utakmici su savladali Krivaju u Zavidovi\u0107ima sa 28:23. Bila je nervozna utakmica na otvaranju s obzirom na veliki ulog. Bili smo [&hellip;]","og_url":"https:\/\/radioljubuski.ba\/index.php\/2021\/05\/25\/colina-ove-sezone-smo-bili-mentalno-cvrsci-nego-je-itko-ocekivao\/","og_site_name":"RADIO LJUBU\u0160KI","article_publisher":"https:\/\/www.facebook.com\/Radiio-Ljubuski-1490835324566332","article_published_time":"2021-05-25T16:40:40+00:00","article_modified_time":"2021-05-25T16:40:41+00:00","og_image":[{"width":1200,"height":1200,"url":"https:\/\/radioljubuski.ba\/wp-content\/uploads\/2021\/03\/toni-colina.jpg","type":"image\/jpeg"}],"author":"Radio Ljubu\u0161ki","twitter_card":"summary_large_image","twitter_creator":"@radioljubuski","twitter_site":"@radioljubuski","twitter_misc":{"Napisao\/la":"Radio Ljubu\u0161ki","Procijenjeno vrijeme \u010ditanja":"3 minute"},"schema":{"@context":"https:\/\/schema.org","@graph":[{"@type":"Article","@id":"https:\/\/radioljubuski.ba\/index.php\/2021\/05\/25\/colina-ove-sezone-smo-bili-mentalno-cvrsci-nego-je-itko-ocekivao\/#article","isPartOf":{"@id":"https:\/\/radioljubuski.ba\/index.php\/2021\/05\/25\/colina-ove-sezone-smo-bili-mentalno-cvrsci-nego-je-itko-ocekivao\/"},"author":{"name":"Radio Ljubu\u0161ki","@id":"https:\/\/radioljubuski.ba\/#\/schema\/person\/19fc700381a780f69665d7956c469e3b"},"headline":"\u010colina: Ove sezone smo bili mentalno \u010dvr\u0161\u0107i nego je itko o\u010dekivao","datePublished":"2021-05-25T16:40:40+00:00","dateModified":"2021-05-25T16:40:41+00:00","mainEntityOfPage":{"@id":"https:\/\/radioljubuski.ba\/index.php\/2021\/05\/25\/colina-ove-sezone-smo-bili-mentalno-cvrsci-nego-je-itko-ocekivao\/"},"wordCount":682,"publisher":{"@id":"https:\/\/radioljubuski.ba\/#organization"},"image":{"@id":"https:\/\/radioljubuski.ba\/index.php\/2021\/05\/25\/colina-ove-sezone-smo-bili-mentalno-cvrsci-nego-je-itko-ocekivao\/#primaryimage"},"thumbnailUrl":"https:\/\/radioljubuski.ba\/wp-content\/uploads\/2021\/03\/toni-colina.jpg","articleSection":["Ljubu\u0161ki"],"inLanguage":"hr"},{"@type":"WebPage","@id":"https:\/\/radioljubuski.ba\/index.php\/2021\/05\/25\/colina-ove-sezone-smo-bili-mentalno-cvrsci-nego-je-itko-ocekivao\/","url":"https:\/\/radioljubuski.ba\/index.php\/2021\/05\/25\/colina-ove-sezone-smo-bili-mentalno-cvrsci-nego-je-itko-ocekivao\/","name":"\u010colina: Ove sezone smo bili mentalno \u010dvr\u0161\u0107i nego je itko o\u010dekivao - RADIO LJUBU\u0160KI","isPartOf":{"@id":"https:\/\/radioljubuski.ba\/#website"},"primaryImageOfPage":{"@id":"https:\/\/radioljubuski.ba\/index.php\/2021\/05\/25\/colina-ove-sezone-smo-bili-mentalno-cvrsci-nego-je-itko-ocekivao\/#primaryimage"},"image":{"@id":"https:\/\/radioljubuski.ba\/index.php\/2021\/05\/25\/colina-ove-sezone-smo-bili-mentalno-cvrsci-nego-je-itko-ocekivao\/#primaryimage"},"thumbnailUrl":"https:\/\/radioljubuski.ba\/wp-content\/uploads\/2021\/03\/toni-colina.jpg","datePublished":"2021-05-25T16:40:40+00:00","dateModified":"2021-05-25T16:40:41+00:00","breadcrumb":{"@id":"https:\/\/radioljubuski.ba\/index.php\/2021\/05\/25\/colina-ove-sezone-smo-bili-mentalno-cvrsci-nego-je-itko-ocekivao\/#breadcrumb"},"inLanguage":"hr","potentialAction":[{"@type":"ReadAction","target":["https:\/\/radioljubuski.ba\/index.php\/2021\/05\/25\/colina-ove-sezone-smo-bili-mentalno-cvrsci-nego-je-itko-ocekivao\/"]}]},{"@type":"ImageObject","inLanguage":"hr","@id":"https:\/\/radioljubuski.ba\/index.php\/2021\/05\/25\/colina-ove-sezone-smo-bili-mentalno-cvrsci-nego-je-itko-ocekivao\/#primaryimage","url":"https:\/\/radioljubuski.ba\/wp-content\/uploads\/2021\/03\/toni-colina.jpg","contentUrl":"https:\/\/radioljubuski.ba\/wp-content\/uploads\/2021\/03\/toni-colina.jpg","width":1200,"height":1200},{"@type":"BreadcrumbList","@id":"https:\/\/radioljubuski.ba\/index.php\/2021\/05\/25\/colina-ove-sezone-smo-bili-mentalno-cvrsci-nego-je-itko-ocekivao\/#breadcrumb","itemListElement":[{"@type":"ListItem","position":1,"name":"Po\u010detna stranica","item":"https:\/\/radioljubuski.ba\/"},{"@type":"ListItem","position":2,"name":"\u010colina: Ove sezone smo bili mentalno \u010dvr\u0161\u0107i nego je itko o\u010dekivao"}]},{"@type":"WebSite","@id":"https:\/\/radioljubuski.ba\/#website","url":"https:\/\/radioljubuski.ba\/","name":"Radio Ljubu\u0161ki","description":"Sun\u010dana frekvencija Hercegovine","publisher":{"@id":"https:\/\/radioljubuski.ba\/#organization"},"potentialAction":[{"@type":"SearchAction","target":{"@type":"EntryPoint","urlTemplate":"https:\/\/radioljubuski.ba\/?s={search_term_string}"},"query-input":{"@type":"PropertyValueSpecification","valueRequired":true,"valueName":"search_term_string"}}],"inLanguage":"hr"},{"@type":"Organization","@id":"https:\/\/radioljubuski.ba\/#organization","name":"Radio Ljubu\u0161ki","url":"https:\/\/radioljubuski.ba\/","logo":{"@type":"ImageObject","inLanguage":"hr","@id":"https:\/\/radioljubuski.ba\/#\/schema\/logo\/image\/","url":"https:\/\/radioljubuski.ba\/wp-content\/uploads\/2021\/02\/cropped-Radio_Ljubuski_logo1.jpg","contentUrl":"https:\/\/radioljubuski.ba\/wp-content\/uploads\/2021\/02\/cropped-Radio_Ljubuski_logo1.jpg","width":512,"height":512,"caption":"Radio Ljubu\u0161ki"},"image":{"@id":"https:\/\/radioljubuski.ba\/#\/schema\/logo\/image\/"},"sameAs":["https:\/\/www.facebook.com\/Radiio-Ljubuski-1490835324566332","https:\/\/x.com\/radioljubuski","https:\/\/hr.linkedin.com\/company\/radio-ljubuski","https:\/\/www.youtube.com\/channel\/UCHYaeO_n0Db3tjNGudGpXyw"]},{"@type":"Person","@id":"https:\/\/radioljubuski.ba\/#\/schema\/person\/19fc700381a780f69665d7956c469e3b","name":"Radio Ljubu\u0161ki"}]}},"_links":{"self":[{"href":"https:\/\/radioljubuski.ba\/index.php\/wp-json\/wp\/v2\/posts\/24986","targetHints":{"allow":["GET"]}}],"collection":[{"href":"https:\/\/radioljubuski.ba\/index.php\/wp-json\/wp\/v2\/posts"}],"about":[{"href":"https:\/\/radioljubuski.ba\/index.php\/wp-json\/wp\/v2\/types\/post"}],"author":[{"embeddable":true,"href":"https:\/\/radioljubuski.ba\/index.php\/wp-json\/wp\/v2\/users\/2"}],"replies":[{"embeddable":true,"href":"https:\/\/radioljubuski.ba\/index.php\/wp-json\/wp\/v2\/comments?post=24986"}],"version-history":[{"count":1,"href":"https:\/\/radioljubuski.ba\/index.php\/wp-json\/wp\/v2\/posts\/24986\/revisions"}],"predecessor-version":[{"id":24987,"href":"https:\/\/radioljubuski.ba\/index.php\/wp-json\/wp\/v2\/posts\/24986\/revisions\/24987"}],"wp:featuredmedia":[{"embeddable":true,"href":"https:\/\/radioljubuski.ba\/index.php\/wp-json\/wp\/v2\/media\/517"}],"wp:attachment":[{"href":"https:\/\/radioljubuski.ba\/index.php\/wp-json\/wp\/v2\/media?parent=24986"}],"wp:term":[{"taxonomy":"category","embeddable":true,"href":"https:\/\/radioljubuski.ba\/index.php\/wp-json\/wp\/v2\/categories?post=24986"},{"taxonomy":"post_tag","embeddable":true,"href":"https:\/\/radioljubuski.ba\/index.php\/wp-json\/wp\/v2\/tags?post=24986"}],"curies":[{"name":"wp","href":"https:\/\/api.w.org\/{rel}","templated":true}]}}