{"id":25085,"date":"2021-05-25T22:34:44","date_gmt":"2021-05-25T21:34:44","guid":{"rendered":"https:\/\/radioljubuski.ba\/?p=25085"},"modified":"2021-05-25T22:34:44","modified_gmt":"2021-05-25T21:34:44","slug":"donosenje-mjera-za-strane-goste-koje-ce-ici-na-ruku-turizmu-bih","status":"publish","type":"post","link":"https:\/\/radioljubuski.ba\/index.php\/2021\/05\/25\/donosenje-mjera-za-strane-goste-koje-ce-ici-na-ruku-turizmu-bih\/","title":{"rendered":"Dono\u0161enje mjera za strane goste koje \u0107e i\u0107i na ruku turizmu BiH"},"content":{"rendered":"\n<p>Uzimaju\u0107i u obzir \u010dinjenicu da je pandemija koronavirusa u \u010ditavome svijetu razorno pogodila turisti\u010dku bran\u0161u, smatramo kako je do\u0161lo vrijeme da vlasti na svim nivoima u BiH usvoje mjere i propise koji \u0107e omogu\u0107iti jednostavniji ulazak stranim gostima u na\u0161u zemlju.<br>Tim prije jer su resursi turisti\u010dkih agencija, hotela, ugostiteljskih i drugih pravnih subjekata unutar turisti\u010dke oblasti u tolikoj mjeri iscrpljeni da jo\u0161 jednu lo\u0161u sezonu ve\u0107ina ne bi pre\u017eivjela.<\/p>\n\n\n\n<p>S obzirom da je epidemiolo\u0161ka situacija vidno pobolj\u0161ana, Asocijacija poduzetnika Hercegovine podr\u017eava prijedloge turisti\u010dkih udru\u017eenja i stru\u010dnjaka iz te oblasti koji tra\u017ee hitno usvajanje propisa za ulazak stranih gostiju u na\u0161u zemlju na na\u010din da se dolazak stranaca poti\u010de i u\u010dini sigurnijim i jednostavnijim, bez komplikacija i nepotrebnih tro\u0161kova.<\/p>\n\n\n\n<p>U tom smislu mi\u0161ljenja smo da bi ulazak u Bosnu &nbsp;i Hercegovinu trebalo omogu\u0107iti na osnovu:<\/p>\n\n\n\n<p>Negativnog antigenskog testa, koji je cijenom znatno povoljniji od PCR testa ili<br>Potvrde da je osoba preboljela Covid ili&nbsp;<\/p>\n\n\n\n<p>Potvrde o cijepljenju, \u0161to je ve\u0107 postalo standardom u ve\u0107ini zemalja&nbsp;<\/p>\n\n\n\n<p>Hercegovina sa svojim atraktivnim turisti\u010dkim destinacijama, me\u0111u kojima prednja\u010de Mostar, Neum, Blagaj i Me\u0111ugorje, mo\u017ee vrlo lako postati podru\u010dje koje strani i doma\u0107i gosti zaobilaze, ukoliko im se putem jasnih propisa ne poka\u017ee da su dobrodo\u0161li.<br>Navedeni prijedlozi kriterija za ulazak u na\u0161u zemlju naslanjaju se na spremnost turisti\u010dkih doma\u0107ina da gostu osiguraju potrebnu sigurnost, zdravstvenu za\u0161titu i sve potrebne vrste testova u slu\u010dajevima koji to budu zahtijevali.<br>Sigurni smo da su turisti\u010dki radnici dobro iskoristili vrijeme u kojem nisu imali goste kako bi se pripremili za novonastalu situaciju te ih u tom smislu treba naj\u0161ire podr\u017eati.<\/p>\n\n\n\n<p>Izvor:pogled.ba<\/p>\n","protected":false},"excerpt":{"rendered":"<p>Uzimaju\u0107i u obzir \u010dinjenicu da je pandemija koronavirusa u \u010ditavome svijetu razorno pogodila turisti\u010dku bran\u0161u, smatramo kako je do\u0161lo vrijeme da vlasti na svim nivoima u BiH usvoje mjere i propise koji \u0107e omogu\u0107iti jednostavniji ulazak stranim gostima u na\u0161u zemlju.Tim prije jer su resursi turisti\u010dkih agencija, hotela, ugostiteljskih i drugih pravnih subjekata unutar turisti\u010dke [&hellip;]<\/p>\n","protected":false},"author":2,"featured_media":25086,"comment_status":"closed","ping_status":"closed","sticky":false,"template":"","format":"standard","meta":{"h5ap_radio_sources":[],"footnotes":""},"categories":[1],"tags":[],"class_list":["post-25085","post","type-post","status-publish","format-standard","has-post-thumbnail","hentry","category-bihiregija"],"yoast_head":"<!-- This site is optimized with the Yoast SEO plugin v27.4 - https:\/\/yoast.com\/product\/yoast-seo-wordpress\/ -->\n<title>Dono\u0161enje mjera za strane goste koje \u0107e i\u0107i na ruku turizmu BiH - RADIO LJUBU\u0160KI<\/title>\n<meta name=\"robots\" content=\"index, follow, max-snippet:-1, max-image-preview:large, max-video-preview:-1\" \/>\n<link rel=\"canonical\" href=\"https:\/\/radioljubuski.ba\/index.php\/2021\/05\/25\/donosenje-mjera-za-strane-goste-koje-ce-ici-na-ruku-turizmu-bih\/\" \/>\n<meta property=\"og:locale\" content=\"hr_HR\" \/>\n<meta property=\"og:type\" content=\"article\" \/>\n<meta property=\"og:title\" content=\"Dono\u0161enje mjera za strane goste koje \u0107e i\u0107i na ruku turizmu BiH - RADIO LJUBU\u0160KI\" \/>\n<meta property=\"og:description\" content=\"Uzimaju\u0107i u obzir \u010dinjenicu da je pandemija koronavirusa u \u010ditavome svijetu razorno pogodila turisti\u010dku bran\u0161u, smatramo kako je do\u0161lo vrijeme da vlasti na svim nivoima u BiH usvoje mjere i propise koji \u0107e omogu\u0107iti jednostavniji ulazak stranim gostima u na\u0161u zemlju.Tim prije jer su resursi turisti\u010dkih agencija, hotela, ugostiteljskih i drugih pravnih subjekata unutar turisti\u010dke [&hellip;]\" \/>\n<meta property=\"og:url\" content=\"https:\/\/radioljubuski.ba\/index.php\/2021\/05\/25\/donosenje-mjera-za-strane-goste-koje-ce-ici-na-ruku-turizmu-bih\/\" \/>\n<meta property=\"og:site_name\" content=\"RADIO LJUBU\u0160KI\" \/>\n<meta property=\"article:publisher\" content=\"https:\/\/www.facebook.com\/Radiio-Ljubuski-1490835324566332\" \/>\n<meta property=\"article:published_time\" content=\"2021-05-25T21:34:44+00:00\" \/>\n<meta property=\"og:image\" content=\"https:\/\/radioljubuski.ba\/wp-content\/uploads\/2021\/05\/seXgLZWk_mostar_turizam40_060619.jpg\" \/>\n\t<meta property=\"og:image:width\" content=\"1000\" \/>\n\t<meta property=\"og:image:height\" content=\"625\" \/>\n\t<meta property=\"og:image:type\" content=\"image\/jpeg\" \/>\n<meta name=\"author\" content=\"Radio Ljubu\u0161ki\" \/>\n<meta name=\"twitter:card\" content=\"summary_large_image\" \/>\n<meta name=\"twitter:creator\" content=\"@radioljubuski\" \/>\n<meta name=\"twitter:site\" content=\"@radioljubuski\" \/>\n<meta name=\"twitter:label1\" content=\"Napisao\/la\" \/>\n\t<meta name=\"twitter:data1\" content=\"Radio Ljubu\u0161ki\" \/>\n\t<meta name=\"twitter:label2\" content=\"Procijenjeno vrijeme \u010ditanja\" \/>\n\t<meta name=\"twitter:data2\" content=\"2 minute\" \/>\n<script type=\"application\/ld+json\" class=\"yoast-schema-graph\">{\"@context\":\"https:\\\/\\\/schema.org\",\"@graph\":[{\"@type\":\"Article\",\"@id\":\"https:\\\/\\\/radioljubuski.ba\\\/index.php\\\/2021\\\/05\\\/25\\\/donosenje-mjera-za-strane-goste-koje-ce-ici-na-ruku-turizmu-bih\\\/#article\",\"isPartOf\":{\"@id\":\"https:\\\/\\\/radioljubuski.ba\\\/index.php\\\/2021\\\/05\\\/25\\\/donosenje-mjera-za-strane-goste-koje-ce-ici-na-ruku-turizmu-bih\\\/\"},\"author\":{\"name\":\"Radio Ljubu\u0161ki\",\"@id\":\"https:\\\/\\\/radioljubuski.ba\\\/#\\\/schema\\\/person\\\/19fc700381a780f69665d7956c469e3b\"},\"headline\":\"Dono\u0161enje mjera za strane goste koje \u0107e i\u0107i na ruku turizmu BiH\",\"datePublished\":\"2021-05-25T21:34:44+00:00\",\"mainEntityOfPage\":{\"@id\":\"https:\\\/\\\/radioljubuski.ba\\\/index.php\\\/2021\\\/05\\\/25\\\/donosenje-mjera-za-strane-goste-koje-ce-ici-na-ruku-turizmu-bih\\\/\"},\"wordCount\":324,\"publisher\":{\"@id\":\"https:\\\/\\\/radioljubuski.ba\\\/#organization\"},\"image\":{\"@id\":\"https:\\\/\\\/radioljubuski.ba\\\/index.php\\\/2021\\\/05\\\/25\\\/donosenje-mjera-za-strane-goste-koje-ce-ici-na-ruku-turizmu-bih\\\/#primaryimage\"},\"thumbnailUrl\":\"https:\\\/\\\/radioljubuski.ba\\\/wp-content\\\/uploads\\\/2021\\\/05\\\/seXgLZWk_mostar_turizam40_060619.jpg\",\"articleSection\":[\"BIH i regija\"],\"inLanguage\":\"hr\"},{\"@type\":\"WebPage\",\"@id\":\"https:\\\/\\\/radioljubuski.ba\\\/index.php\\\/2021\\\/05\\\/25\\\/donosenje-mjera-za-strane-goste-koje-ce-ici-na-ruku-turizmu-bih\\\/\",\"url\":\"https:\\\/\\\/radioljubuski.ba\\\/index.php\\\/2021\\\/05\\\/25\\\/donosenje-mjera-za-strane-goste-koje-ce-ici-na-ruku-turizmu-bih\\\/\",\"name\":\"Dono\u0161enje mjera za strane goste koje \u0107e i\u0107i na ruku turizmu BiH - RADIO LJUBU\u0160KI\",\"isPartOf\":{\"@id\":\"https:\\\/\\\/radioljubuski.ba\\\/#website\"},\"primaryImageOfPage\":{\"@id\":\"https:\\\/\\\/radioljubuski.ba\\\/index.php\\\/2021\\\/05\\\/25\\\/donosenje-mjera-za-strane-goste-koje-ce-ici-na-ruku-turizmu-bih\\\/#primaryimage\"},\"image\":{\"@id\":\"https:\\\/\\\/radioljubuski.ba\\\/index.php\\\/2021\\\/05\\\/25\\\/donosenje-mjera-za-strane-goste-koje-ce-ici-na-ruku-turizmu-bih\\\/#primaryimage\"},\"thumbnailUrl\":\"https:\\\/\\\/radioljubuski.ba\\\/wp-content\\\/uploads\\\/2021\\\/05\\\/seXgLZWk_mostar_turizam40_060619.jpg\",\"datePublished\":\"2021-05-25T21:34:44+00:00\",\"breadcrumb\":{\"@id\":\"https:\\\/\\\/radioljubuski.ba\\\/index.php\\\/2021\\\/05\\\/25\\\/donosenje-mjera-za-strane-goste-koje-ce-ici-na-ruku-turizmu-bih\\\/#breadcrumb\"},\"inLanguage\":\"hr\",\"potentialAction\":[{\"@type\":\"ReadAction\",\"target\":[\"https:\\\/\\\/radioljubuski.ba\\\/index.php\\\/2021\\\/05\\\/25\\\/donosenje-mjera-za-strane-goste-koje-ce-ici-na-ruku-turizmu-bih\\\/\"]}]},{\"@type\":\"ImageObject\",\"inLanguage\":\"hr\",\"@id\":\"https:\\\/\\\/radioljubuski.ba\\\/index.php\\\/2021\\\/05\\\/25\\\/donosenje-mjera-za-strane-goste-koje-ce-ici-na-ruku-turizmu-bih\\\/#primaryimage\",\"url\":\"https:\\\/\\\/radioljubuski.ba\\\/wp-content\\\/uploads\\\/2021\\\/05\\\/seXgLZWk_mostar_turizam40_060619.jpg\",\"contentUrl\":\"https:\\\/\\\/radioljubuski.ba\\\/wp-content\\\/uploads\\\/2021\\\/05\\\/seXgLZWk_mostar_turizam40_060619.jpg\",\"width\":1000,\"height\":625},{\"@type\":\"BreadcrumbList\",\"@id\":\"https:\\\/\\\/radioljubuski.ba\\\/index.php\\\/2021\\\/05\\\/25\\\/donosenje-mjera-za-strane-goste-koje-ce-ici-na-ruku-turizmu-bih\\\/#breadcrumb\",\"itemListElement\":[{\"@type\":\"ListItem\",\"position\":1,\"name\":\"Po\u010detna stranica\",\"item\":\"https:\\\/\\\/radioljubuski.ba\\\/\"},{\"@type\":\"ListItem\",\"position\":2,\"name\":\"Dono\u0161enje mjera za strane goste koje \u0107e i\u0107i na ruku turizmu BiH\"}]},{\"@type\":\"WebSite\",\"@id\":\"https:\\\/\\\/radioljubuski.ba\\\/#website\",\"url\":\"https:\\\/\\\/radioljubuski.ba\\\/\",\"name\":\"Radio Ljubu\u0161ki\",\"description\":\"Sun\u010dana frekvencija Hercegovine\",\"publisher\":{\"@id\":\"https:\\\/\\\/radioljubuski.ba\\\/#organization\"},\"potentialAction\":[{\"@type\":\"SearchAction\",\"target\":{\"@type\":\"EntryPoint\",\"urlTemplate\":\"https:\\\/\\\/radioljubuski.ba\\\/?s={search_term_string}\"},\"query-input\":{\"@type\":\"PropertyValueSpecification\",\"valueRequired\":true,\"valueName\":\"search_term_string\"}}],\"inLanguage\":\"hr\"},{\"@type\":\"Organization\",\"@id\":\"https:\\\/\\\/radioljubuski.ba\\\/#organization\",\"name\":\"Radio Ljubu\u0161ki\",\"url\":\"https:\\\/\\\/radioljubuski.ba\\\/\",\"logo\":{\"@type\":\"ImageObject\",\"inLanguage\":\"hr\",\"@id\":\"https:\\\/\\\/radioljubuski.ba\\\/#\\\/schema\\\/logo\\\/image\\\/\",\"url\":\"https:\\\/\\\/radioljubuski.ba\\\/wp-content\\\/uploads\\\/2021\\\/02\\\/cropped-Radio_Ljubuski_logo1.jpg\",\"contentUrl\":\"https:\\\/\\\/radioljubuski.ba\\\/wp-content\\\/uploads\\\/2021\\\/02\\\/cropped-Radio_Ljubuski_logo1.jpg\",\"width\":512,\"height\":512,\"caption\":\"Radio Ljubu\u0161ki\"},\"image\":{\"@id\":\"https:\\\/\\\/radioljubuski.ba\\\/#\\\/schema\\\/logo\\\/image\\\/\"},\"sameAs\":[\"https:\\\/\\\/www.facebook.com\\\/Radiio-Ljubuski-1490835324566332\",\"https:\\\/\\\/x.com\\\/radioljubuski\",\"https:\\\/\\\/hr.linkedin.com\\\/company\\\/radio-ljubuski\",\"https:\\\/\\\/www.youtube.com\\\/channel\\\/UCHYaeO_n0Db3tjNGudGpXyw\"]},{\"@type\":\"Person\",\"@id\":\"https:\\\/\\\/radioljubuski.ba\\\/#\\\/schema\\\/person\\\/19fc700381a780f69665d7956c469e3b\",\"name\":\"Radio Ljubu\u0161ki\"}]}<\/script>\n<!-- \/ Yoast SEO plugin. -->","yoast_head_json":{"title":"Dono\u0161enje mjera za strane goste koje \u0107e i\u0107i na ruku turizmu BiH - RADIO LJUBU\u0160KI","robots":{"index":"index","follow":"follow","max-snippet":"max-snippet:-1","max-image-preview":"max-image-preview:large","max-video-preview":"max-video-preview:-1"},"canonical":"https:\/\/radioljubuski.ba\/index.php\/2021\/05\/25\/donosenje-mjera-za-strane-goste-koje-ce-ici-na-ruku-turizmu-bih\/","og_locale":"hr_HR","og_type":"article","og_title":"Dono\u0161enje mjera za strane goste koje \u0107e i\u0107i na ruku turizmu BiH - RADIO LJUBU\u0160KI","og_description":"Uzimaju\u0107i u obzir \u010dinjenicu da je pandemija koronavirusa u \u010ditavome svijetu razorno pogodila turisti\u010dku bran\u0161u, smatramo kako je do\u0161lo vrijeme da vlasti na svim nivoima u BiH usvoje mjere i propise koji \u0107e omogu\u0107iti jednostavniji ulazak stranim gostima u na\u0161u zemlju.Tim prije jer su resursi turisti\u010dkih agencija, hotela, ugostiteljskih i drugih pravnih subjekata unutar turisti\u010dke [&hellip;]","og_url":"https:\/\/radioljubuski.ba\/index.php\/2021\/05\/25\/donosenje-mjera-za-strane-goste-koje-ce-ici-na-ruku-turizmu-bih\/","og_site_name":"RADIO LJUBU\u0160KI","article_publisher":"https:\/\/www.facebook.com\/Radiio-Ljubuski-1490835324566332","article_published_time":"2021-05-25T21:34:44+00:00","og_image":[{"width":1000,"height":625,"url":"https:\/\/radioljubuski.ba\/wp-content\/uploads\/2021\/05\/seXgLZWk_mostar_turizam40_060619.jpg","type":"image\/jpeg"}],"author":"Radio Ljubu\u0161ki","twitter_card":"summary_large_image","twitter_creator":"@radioljubuski","twitter_site":"@radioljubuski","twitter_misc":{"Napisao\/la":"Radio Ljubu\u0161ki","Procijenjeno vrijeme \u010ditanja":"2 minute"},"schema":{"@context":"https:\/\/schema.org","@graph":[{"@type":"Article","@id":"https:\/\/radioljubuski.ba\/index.php\/2021\/05\/25\/donosenje-mjera-za-strane-goste-koje-ce-ici-na-ruku-turizmu-bih\/#article","isPartOf":{"@id":"https:\/\/radioljubuski.ba\/index.php\/2021\/05\/25\/donosenje-mjera-za-strane-goste-koje-ce-ici-na-ruku-turizmu-bih\/"},"author":{"name":"Radio Ljubu\u0161ki","@id":"https:\/\/radioljubuski.ba\/#\/schema\/person\/19fc700381a780f69665d7956c469e3b"},"headline":"Dono\u0161enje mjera za strane goste koje \u0107e i\u0107i na ruku turizmu BiH","datePublished":"2021-05-25T21:34:44+00:00","mainEntityOfPage":{"@id":"https:\/\/radioljubuski.ba\/index.php\/2021\/05\/25\/donosenje-mjera-za-strane-goste-koje-ce-ici-na-ruku-turizmu-bih\/"},"wordCount":324,"publisher":{"@id":"https:\/\/radioljubuski.ba\/#organization"},"image":{"@id":"https:\/\/radioljubuski.ba\/index.php\/2021\/05\/25\/donosenje-mjera-za-strane-goste-koje-ce-ici-na-ruku-turizmu-bih\/#primaryimage"},"thumbnailUrl":"https:\/\/radioljubuski.ba\/wp-content\/uploads\/2021\/05\/seXgLZWk_mostar_turizam40_060619.jpg","articleSection":["BIH i regija"],"inLanguage":"hr"},{"@type":"WebPage","@id":"https:\/\/radioljubuski.ba\/index.php\/2021\/05\/25\/donosenje-mjera-za-strane-goste-koje-ce-ici-na-ruku-turizmu-bih\/","url":"https:\/\/radioljubuski.ba\/index.php\/2021\/05\/25\/donosenje-mjera-za-strane-goste-koje-ce-ici-na-ruku-turizmu-bih\/","name":"Dono\u0161enje mjera za strane goste koje \u0107e i\u0107i na ruku turizmu BiH - RADIO LJUBU\u0160KI","isPartOf":{"@id":"https:\/\/radioljubuski.ba\/#website"},"primaryImageOfPage":{"@id":"https:\/\/radioljubuski.ba\/index.php\/2021\/05\/25\/donosenje-mjera-za-strane-goste-koje-ce-ici-na-ruku-turizmu-bih\/#primaryimage"},"image":{"@id":"https:\/\/radioljubuski.ba\/index.php\/2021\/05\/25\/donosenje-mjera-za-strane-goste-koje-ce-ici-na-ruku-turizmu-bih\/#primaryimage"},"thumbnailUrl":"https:\/\/radioljubuski.ba\/wp-content\/uploads\/2021\/05\/seXgLZWk_mostar_turizam40_060619.jpg","datePublished":"2021-05-25T21:34:44+00:00","breadcrumb":{"@id":"https:\/\/radioljubuski.ba\/index.php\/2021\/05\/25\/donosenje-mjera-za-strane-goste-koje-ce-ici-na-ruku-turizmu-bih\/#breadcrumb"},"inLanguage":"hr","potentialAction":[{"@type":"ReadAction","target":["https:\/\/radioljubuski.ba\/index.php\/2021\/05\/25\/donosenje-mjera-za-strane-goste-koje-ce-ici-na-ruku-turizmu-bih\/"]}]},{"@type":"ImageObject","inLanguage":"hr","@id":"https:\/\/radioljubuski.ba\/index.php\/2021\/05\/25\/donosenje-mjera-za-strane-goste-koje-ce-ici-na-ruku-turizmu-bih\/#primaryimage","url":"https:\/\/radioljubuski.ba\/wp-content\/uploads\/2021\/05\/seXgLZWk_mostar_turizam40_060619.jpg","contentUrl":"https:\/\/radioljubuski.ba\/wp-content\/uploads\/2021\/05\/seXgLZWk_mostar_turizam40_060619.jpg","width":1000,"height":625},{"@type":"BreadcrumbList","@id":"https:\/\/radioljubuski.ba\/index.php\/2021\/05\/25\/donosenje-mjera-za-strane-goste-koje-ce-ici-na-ruku-turizmu-bih\/#breadcrumb","itemListElement":[{"@type":"ListItem","position":1,"name":"Po\u010detna stranica","item":"https:\/\/radioljubuski.ba\/"},{"@type":"ListItem","position":2,"name":"Dono\u0161enje mjera za strane goste koje \u0107e i\u0107i na ruku turizmu BiH"}]},{"@type":"WebSite","@id":"https:\/\/radioljubuski.ba\/#website","url":"https:\/\/radioljubuski.ba\/","name":"Radio Ljubu\u0161ki","description":"Sun\u010dana frekvencija Hercegovine","publisher":{"@id":"https:\/\/radioljubuski.ba\/#organization"},"potentialAction":[{"@type":"SearchAction","target":{"@type":"EntryPoint","urlTemplate":"https:\/\/radioljubuski.ba\/?s={search_term_string}"},"query-input":{"@type":"PropertyValueSpecification","valueRequired":true,"valueName":"search_term_string"}}],"inLanguage":"hr"},{"@type":"Organization","@id":"https:\/\/radioljubuski.ba\/#organization","name":"Radio Ljubu\u0161ki","url":"https:\/\/radioljubuski.ba\/","logo":{"@type":"ImageObject","inLanguage":"hr","@id":"https:\/\/radioljubuski.ba\/#\/schema\/logo\/image\/","url":"https:\/\/radioljubuski.ba\/wp-content\/uploads\/2021\/02\/cropped-Radio_Ljubuski_logo1.jpg","contentUrl":"https:\/\/radioljubuski.ba\/wp-content\/uploads\/2021\/02\/cropped-Radio_Ljubuski_logo1.jpg","width":512,"height":512,"caption":"Radio Ljubu\u0161ki"},"image":{"@id":"https:\/\/radioljubuski.ba\/#\/schema\/logo\/image\/"},"sameAs":["https:\/\/www.facebook.com\/Radiio-Ljubuski-1490835324566332","https:\/\/x.com\/radioljubuski","https:\/\/hr.linkedin.com\/company\/radio-ljubuski","https:\/\/www.youtube.com\/channel\/UCHYaeO_n0Db3tjNGudGpXyw"]},{"@type":"Person","@id":"https:\/\/radioljubuski.ba\/#\/schema\/person\/19fc700381a780f69665d7956c469e3b","name":"Radio Ljubu\u0161ki"}]}},"_links":{"self":[{"href":"https:\/\/radioljubuski.ba\/index.php\/wp-json\/wp\/v2\/posts\/25085","targetHints":{"allow":["GET"]}}],"collection":[{"href":"https:\/\/radioljubuski.ba\/index.php\/wp-json\/wp\/v2\/posts"}],"about":[{"href":"https:\/\/radioljubuski.ba\/index.php\/wp-json\/wp\/v2\/types\/post"}],"author":[{"embeddable":true,"href":"https:\/\/radioljubuski.ba\/index.php\/wp-json\/wp\/v2\/users\/2"}],"replies":[{"embeddable":true,"href":"https:\/\/radioljubuski.ba\/index.php\/wp-json\/wp\/v2\/comments?post=25085"}],"version-history":[{"count":1,"href":"https:\/\/radioljubuski.ba\/index.php\/wp-json\/wp\/v2\/posts\/25085\/revisions"}],"predecessor-version":[{"id":25087,"href":"https:\/\/radioljubuski.ba\/index.php\/wp-json\/wp\/v2\/posts\/25085\/revisions\/25087"}],"wp:featuredmedia":[{"embeddable":true,"href":"https:\/\/radioljubuski.ba\/index.php\/wp-json\/wp\/v2\/media\/25086"}],"wp:attachment":[{"href":"https:\/\/radioljubuski.ba\/index.php\/wp-json\/wp\/v2\/media?parent=25085"}],"wp:term":[{"taxonomy":"category","embeddable":true,"href":"https:\/\/radioljubuski.ba\/index.php\/wp-json\/wp\/v2\/categories?post=25085"},{"taxonomy":"post_tag","embeddable":true,"href":"https:\/\/radioljubuski.ba\/index.php\/wp-json\/wp\/v2\/tags?post=25085"}],"curies":[{"name":"wp","href":"https:\/\/api.w.org\/{rel}","templated":true}]}}