{"id":25097,"date":"2021-05-25T22:40:41","date_gmt":"2021-05-25T21:40:41","guid":{"rendered":"https:\/\/radioljubuski.ba\/?p=25097"},"modified":"2021-05-25T22:40:42","modified_gmt":"2021-05-25T21:40:42","slug":"pojasnjenje-ministarstva-prometa-rh-dosadasnje-rute-za-teretni-tranzitni-promet-izmedu-hrvatske-i-bih-nisu-ukinute","status":"publish","type":"post","link":"https:\/\/radioljubuski.ba\/index.php\/2021\/05\/25\/pojasnjenje-ministarstva-prometa-rh-dosadasnje-rute-za-teretni-tranzitni-promet-izmedu-hrvatske-i-bih-nisu-ukinute\/","title":{"rendered":"Poja\u0161njenje Ministarstva prometa RH: Dosada\u0161nje rute za teretni tranzitni promet izme\u0111u Hrvatske i BiH nisu ukinute"},"content":{"rendered":"\n<p><strong>Ministarstvo mora, prometa i infrastrukture Republike Hrvatske novim Pravilnikom o odre\u0111ivanju javnih cesta kojima se mora odvijati tranzitni promet teretnih vozila kroz Hrvatsku nije ukinulo dosada\u0161nje rute za teretni tranzitni promet izme\u0111u Republike Hrvatske i Bosne i Hercegovine, potvr\u0111eno je Feni iz tog ministarstva.<\/strong><\/p>\n\n\n\n<p>Kako su istakli, i prethodnom Odlukom o odre\u0111ivanju javnih cesta po kojima se mora odvijati tranzitni promet teretnih vozila kroz Republiku Hrvatsku, koja je bila na snazi od 1. januara 2009. godine, do stupanja na snagu novog Pravilnika, nije bio dozvoljeno prometovanje teretnih vozila u tranzitu iznad 7,5 t ndm i duljine preko 14 metara na grani\u010dnim prijelazima Ivanica- Gornji Brgat, Velika Kladu\u0161a- Maljevac, Strmica- Strmica, te Osoje- Vinjani Gornji.<\/p>\n\n\n\n<p>Na grani\u010dnom prijelazu Br\u010dko- Gunja teretni promet zbog starosti i dotrajalosti mosta preko rijeke Save prekinut je prije vi\u0161e od dvije godine na inicijativu Bosne i Hercegovine, dodali su iz hrvatskog ministarstva.<\/p>\n\n\n\n<p>Ministar vanjske trgovine i ekonomskih odnosa BiH Sta\u0161a Ko\u0161arac ranije je izjavio, povodom informacija da Hrvatska planira zatvoriti pet grani\u010dnih prijelaza s BiH, da je to neprihvatljivo s obzirom na \u010dinjenicu da to mo\u017ee prouzrokovati zastoj u plasmanu roba proizvedenih u BiH te poslovnoj zajednici uzrokovati pove\u0107anje transportnih tro\u0161kova.<\/p>\n\n\n\n<p>\u2013 Rije\u010d je o jednostranoj odluci Hrvatske i vjerujem da se ta odluka mo\u017ee ispraviti. Veoma je zna\u010dajno i va\u017eno da imamo dobre susjedske odnose s Hrvatskom, odnosno da imamo dobre odnose sa svim zemljama EU koja je na\u0161 klju\u010dni vanjskopoliti\u010dki cilj \u2013 rekao je Ko\u0161arac na konferenciji za medije u Sarajevu.<\/p>\n\n\n\n<p>Ko\u0161arac je dodao da su danas imali nekoliko razgovora s predstavnicima poslovne zajednice, kao i da su obavijestili Delegaciju EU o ovom pitanju jer smatraju da se ovakva jednostrana odluka hrvatskih vlasti treba promijeniti.<\/p>\n\n\n\n<p>\/HMS\/<\/p>\n","protected":false},"excerpt":{"rendered":"<p>Ministarstvo mora, prometa i infrastrukture Republike Hrvatske novim Pravilnikom o odre\u0111ivanju javnih cesta kojima se mora odvijati tranzitni promet teretnih vozila kroz Hrvatsku nije ukinulo dosada\u0161nje rute za teretni tranzitni promet izme\u0111u Republike Hrvatske i Bosne i Hercegovine, potvr\u0111eno je Feni iz tog ministarstva. Kako su istakli, i prethodnom Odlukom o odre\u0111ivanju javnih cesta po [&hellip;]<\/p>\n","protected":false},"author":2,"featured_media":25098,"comment_status":"closed","ping_status":"closed","sticky":false,"template":"","format":"standard","meta":{"h5ap_radio_sources":[],"footnotes":""},"categories":[1],"tags":[],"class_list":["post-25097","post","type-post","status-publish","format-standard","has-post-thumbnail","hentry","category-bihiregija"],"yoast_head":"<!-- This site is optimized with the Yoast SEO plugin v27.4 - https:\/\/yoast.com\/product\/yoast-seo-wordpress\/ -->\n<title>Poja\u0161njenje Ministarstva prometa RH: Dosada\u0161nje rute za teretni tranzitni promet izme\u0111u Hrvatske i BiH nisu ukinute - RADIO LJUBU\u0160KI<\/title>\n<meta name=\"robots\" content=\"index, follow, max-snippet:-1, max-image-preview:large, max-video-preview:-1\" \/>\n<link rel=\"canonical\" href=\"https:\/\/radioljubuski.ba\/index.php\/2021\/05\/25\/pojasnjenje-ministarstva-prometa-rh-dosadasnje-rute-za-teretni-tranzitni-promet-izmedu-hrvatske-i-bih-nisu-ukinute\/\" \/>\n<meta property=\"og:locale\" content=\"hr_HR\" \/>\n<meta property=\"og:type\" content=\"article\" \/>\n<meta property=\"og:title\" content=\"Poja\u0161njenje Ministarstva prometa RH: Dosada\u0161nje rute za teretni tranzitni promet izme\u0111u Hrvatske i BiH nisu ukinute - RADIO LJUBU\u0160KI\" \/>\n<meta property=\"og:description\" content=\"Ministarstvo mora, prometa i infrastrukture Republike Hrvatske novim Pravilnikom o odre\u0111ivanju javnih cesta kojima se mora odvijati tranzitni promet teretnih vozila kroz Hrvatsku nije ukinulo dosada\u0161nje rute za teretni tranzitni promet izme\u0111u Republike Hrvatske i Bosne i Hercegovine, potvr\u0111eno je Feni iz tog ministarstva. Kako su istakli, i prethodnom Odlukom o odre\u0111ivanju javnih cesta po [&hellip;]\" \/>\n<meta property=\"og:url\" content=\"https:\/\/radioljubuski.ba\/index.php\/2021\/05\/25\/pojasnjenje-ministarstva-prometa-rh-dosadasnje-rute-za-teretni-tranzitni-promet-izmedu-hrvatske-i-bih-nisu-ukinute\/\" \/>\n<meta property=\"og:site_name\" content=\"RADIO LJUBU\u0160KI\" \/>\n<meta property=\"article:publisher\" content=\"https:\/\/www.facebook.com\/Radiio-Ljubuski-1490835324566332\" \/>\n<meta property=\"article:published_time\" content=\"2021-05-25T21:40:41+00:00\" \/>\n<meta property=\"article:modified_time\" content=\"2021-05-25T21:40:42+00:00\" \/>\n<meta property=\"og:image\" content=\"https:\/\/radioljubuski.ba\/wp-content\/uploads\/2021\/05\/hrvatska-granica.jpg\" \/>\n\t<meta property=\"og:image:width\" content=\"604\" \/>\n\t<meta property=\"og:image:height\" content=\"345\" \/>\n\t<meta property=\"og:image:type\" content=\"image\/jpeg\" \/>\n<meta name=\"author\" content=\"Radio Ljubu\u0161ki\" \/>\n<meta name=\"twitter:card\" content=\"summary_large_image\" \/>\n<meta name=\"twitter:creator\" content=\"@radioljubuski\" \/>\n<meta name=\"twitter:site\" content=\"@radioljubuski\" \/>\n<meta name=\"twitter:label1\" content=\"Napisao\/la\" \/>\n\t<meta name=\"twitter:data1\" content=\"Radio Ljubu\u0161ki\" \/>\n\t<meta name=\"twitter:label2\" content=\"Procijenjeno vrijeme \u010ditanja\" \/>\n\t<meta name=\"twitter:data2\" content=\"2 minute\" \/>\n<script type=\"application\/ld+json\" class=\"yoast-schema-graph\">{\"@context\":\"https:\\\/\\\/schema.org\",\"@graph\":[{\"@type\":\"Article\",\"@id\":\"https:\\\/\\\/radioljubuski.ba\\\/index.php\\\/2021\\\/05\\\/25\\\/pojasnjenje-ministarstva-prometa-rh-dosadasnje-rute-za-teretni-tranzitni-promet-izmedu-hrvatske-i-bih-nisu-ukinute\\\/#article\",\"isPartOf\":{\"@id\":\"https:\\\/\\\/radioljubuski.ba\\\/index.php\\\/2021\\\/05\\\/25\\\/pojasnjenje-ministarstva-prometa-rh-dosadasnje-rute-za-teretni-tranzitni-promet-izmedu-hrvatske-i-bih-nisu-ukinute\\\/\"},\"author\":{\"name\":\"Radio Ljubu\u0161ki\",\"@id\":\"https:\\\/\\\/radioljubuski.ba\\\/#\\\/schema\\\/person\\\/19fc700381a780f69665d7956c469e3b\"},\"headline\":\"Poja\u0161njenje Ministarstva prometa RH: Dosada\u0161nje rute za teretni tranzitni promet izme\u0111u Hrvatske i BiH nisu ukinute\",\"datePublished\":\"2021-05-25T21:40:41+00:00\",\"dateModified\":\"2021-05-25T21:40:42+00:00\",\"mainEntityOfPage\":{\"@id\":\"https:\\\/\\\/radioljubuski.ba\\\/index.php\\\/2021\\\/05\\\/25\\\/pojasnjenje-ministarstva-prometa-rh-dosadasnje-rute-za-teretni-tranzitni-promet-izmedu-hrvatske-i-bih-nisu-ukinute\\\/\"},\"wordCount\":318,\"publisher\":{\"@id\":\"https:\\\/\\\/radioljubuski.ba\\\/#organization\"},\"image\":{\"@id\":\"https:\\\/\\\/radioljubuski.ba\\\/index.php\\\/2021\\\/05\\\/25\\\/pojasnjenje-ministarstva-prometa-rh-dosadasnje-rute-za-teretni-tranzitni-promet-izmedu-hrvatske-i-bih-nisu-ukinute\\\/#primaryimage\"},\"thumbnailUrl\":\"https:\\\/\\\/radioljubuski.ba\\\/wp-content\\\/uploads\\\/2021\\\/05\\\/hrvatska-granica.jpg\",\"articleSection\":[\"BIH i regija\"],\"inLanguage\":\"hr\"},{\"@type\":\"WebPage\",\"@id\":\"https:\\\/\\\/radioljubuski.ba\\\/index.php\\\/2021\\\/05\\\/25\\\/pojasnjenje-ministarstva-prometa-rh-dosadasnje-rute-za-teretni-tranzitni-promet-izmedu-hrvatske-i-bih-nisu-ukinute\\\/\",\"url\":\"https:\\\/\\\/radioljubuski.ba\\\/index.php\\\/2021\\\/05\\\/25\\\/pojasnjenje-ministarstva-prometa-rh-dosadasnje-rute-za-teretni-tranzitni-promet-izmedu-hrvatske-i-bih-nisu-ukinute\\\/\",\"name\":\"Poja\u0161njenje Ministarstva prometa RH: Dosada\u0161nje rute za teretni tranzitni promet izme\u0111u Hrvatske i BiH nisu ukinute - RADIO LJUBU\u0160KI\",\"isPartOf\":{\"@id\":\"https:\\\/\\\/radioljubuski.ba\\\/#website\"},\"primaryImageOfPage\":{\"@id\":\"https:\\\/\\\/radioljubuski.ba\\\/index.php\\\/2021\\\/05\\\/25\\\/pojasnjenje-ministarstva-prometa-rh-dosadasnje-rute-za-teretni-tranzitni-promet-izmedu-hrvatske-i-bih-nisu-ukinute\\\/#primaryimage\"},\"image\":{\"@id\":\"https:\\\/\\\/radioljubuski.ba\\\/index.php\\\/2021\\\/05\\\/25\\\/pojasnjenje-ministarstva-prometa-rh-dosadasnje-rute-za-teretni-tranzitni-promet-izmedu-hrvatske-i-bih-nisu-ukinute\\\/#primaryimage\"},\"thumbnailUrl\":\"https:\\\/\\\/radioljubuski.ba\\\/wp-content\\\/uploads\\\/2021\\\/05\\\/hrvatska-granica.jpg\",\"datePublished\":\"2021-05-25T21:40:41+00:00\",\"dateModified\":\"2021-05-25T21:40:42+00:00\",\"breadcrumb\":{\"@id\":\"https:\\\/\\\/radioljubuski.ba\\\/index.php\\\/2021\\\/05\\\/25\\\/pojasnjenje-ministarstva-prometa-rh-dosadasnje-rute-za-teretni-tranzitni-promet-izmedu-hrvatske-i-bih-nisu-ukinute\\\/#breadcrumb\"},\"inLanguage\":\"hr\",\"potentialAction\":[{\"@type\":\"ReadAction\",\"target\":[\"https:\\\/\\\/radioljubuski.ba\\\/index.php\\\/2021\\\/05\\\/25\\\/pojasnjenje-ministarstva-prometa-rh-dosadasnje-rute-za-teretni-tranzitni-promet-izmedu-hrvatske-i-bih-nisu-ukinute\\\/\"]}]},{\"@type\":\"ImageObject\",\"inLanguage\":\"hr\",\"@id\":\"https:\\\/\\\/radioljubuski.ba\\\/index.php\\\/2021\\\/05\\\/25\\\/pojasnjenje-ministarstva-prometa-rh-dosadasnje-rute-za-teretni-tranzitni-promet-izmedu-hrvatske-i-bih-nisu-ukinute\\\/#primaryimage\",\"url\":\"https:\\\/\\\/radioljubuski.ba\\\/wp-content\\\/uploads\\\/2021\\\/05\\\/hrvatska-granica.jpg\",\"contentUrl\":\"https:\\\/\\\/radioljubuski.ba\\\/wp-content\\\/uploads\\\/2021\\\/05\\\/hrvatska-granica.jpg\",\"width\":604,\"height\":345},{\"@type\":\"BreadcrumbList\",\"@id\":\"https:\\\/\\\/radioljubuski.ba\\\/index.php\\\/2021\\\/05\\\/25\\\/pojasnjenje-ministarstva-prometa-rh-dosadasnje-rute-za-teretni-tranzitni-promet-izmedu-hrvatske-i-bih-nisu-ukinute\\\/#breadcrumb\",\"itemListElement\":[{\"@type\":\"ListItem\",\"position\":1,\"name\":\"Po\u010detna stranica\",\"item\":\"https:\\\/\\\/radioljubuski.ba\\\/\"},{\"@type\":\"ListItem\",\"position\":2,\"name\":\"Poja\u0161njenje Ministarstva prometa RH: Dosada\u0161nje rute za teretni tranzitni promet izme\u0111u Hrvatske i BiH nisu ukinute\"}]},{\"@type\":\"WebSite\",\"@id\":\"https:\\\/\\\/radioljubuski.ba\\\/#website\",\"url\":\"https:\\\/\\\/radioljubuski.ba\\\/\",\"name\":\"Radio Ljubu\u0161ki\",\"description\":\"Sun\u010dana frekvencija Hercegovine\",\"publisher\":{\"@id\":\"https:\\\/\\\/radioljubuski.ba\\\/#organization\"},\"potentialAction\":[{\"@type\":\"SearchAction\",\"target\":{\"@type\":\"EntryPoint\",\"urlTemplate\":\"https:\\\/\\\/radioljubuski.ba\\\/?s={search_term_string}\"},\"query-input\":{\"@type\":\"PropertyValueSpecification\",\"valueRequired\":true,\"valueName\":\"search_term_string\"}}],\"inLanguage\":\"hr\"},{\"@type\":\"Organization\",\"@id\":\"https:\\\/\\\/radioljubuski.ba\\\/#organization\",\"name\":\"Radio Ljubu\u0161ki\",\"url\":\"https:\\\/\\\/radioljubuski.ba\\\/\",\"logo\":{\"@type\":\"ImageObject\",\"inLanguage\":\"hr\",\"@id\":\"https:\\\/\\\/radioljubuski.ba\\\/#\\\/schema\\\/logo\\\/image\\\/\",\"url\":\"https:\\\/\\\/radioljubuski.ba\\\/wp-content\\\/uploads\\\/2021\\\/02\\\/cropped-Radio_Ljubuski_logo1.jpg\",\"contentUrl\":\"https:\\\/\\\/radioljubuski.ba\\\/wp-content\\\/uploads\\\/2021\\\/02\\\/cropped-Radio_Ljubuski_logo1.jpg\",\"width\":512,\"height\":512,\"caption\":\"Radio Ljubu\u0161ki\"},\"image\":{\"@id\":\"https:\\\/\\\/radioljubuski.ba\\\/#\\\/schema\\\/logo\\\/image\\\/\"},\"sameAs\":[\"https:\\\/\\\/www.facebook.com\\\/Radiio-Ljubuski-1490835324566332\",\"https:\\\/\\\/x.com\\\/radioljubuski\",\"https:\\\/\\\/hr.linkedin.com\\\/company\\\/radio-ljubuski\",\"https:\\\/\\\/www.youtube.com\\\/channel\\\/UCHYaeO_n0Db3tjNGudGpXyw\"]},{\"@type\":\"Person\",\"@id\":\"https:\\\/\\\/radioljubuski.ba\\\/#\\\/schema\\\/person\\\/19fc700381a780f69665d7956c469e3b\",\"name\":\"Radio Ljubu\u0161ki\"}]}<\/script>\n<!-- \/ Yoast SEO plugin. -->","yoast_head_json":{"title":"Poja\u0161njenje Ministarstva prometa RH: Dosada\u0161nje rute za teretni tranzitni promet izme\u0111u Hrvatske i BiH nisu ukinute - RADIO LJUBU\u0160KI","robots":{"index":"index","follow":"follow","max-snippet":"max-snippet:-1","max-image-preview":"max-image-preview:large","max-video-preview":"max-video-preview:-1"},"canonical":"https:\/\/radioljubuski.ba\/index.php\/2021\/05\/25\/pojasnjenje-ministarstva-prometa-rh-dosadasnje-rute-za-teretni-tranzitni-promet-izmedu-hrvatske-i-bih-nisu-ukinute\/","og_locale":"hr_HR","og_type":"article","og_title":"Poja\u0161njenje Ministarstva prometa RH: Dosada\u0161nje rute za teretni tranzitni promet izme\u0111u Hrvatske i BiH nisu ukinute - RADIO LJUBU\u0160KI","og_description":"Ministarstvo mora, prometa i infrastrukture Republike Hrvatske novim Pravilnikom o odre\u0111ivanju javnih cesta kojima se mora odvijati tranzitni promet teretnih vozila kroz Hrvatsku nije ukinulo dosada\u0161nje rute za teretni tranzitni promet izme\u0111u Republike Hrvatske i Bosne i Hercegovine, potvr\u0111eno je Feni iz tog ministarstva. Kako su istakli, i prethodnom Odlukom o odre\u0111ivanju javnih cesta po [&hellip;]","og_url":"https:\/\/radioljubuski.ba\/index.php\/2021\/05\/25\/pojasnjenje-ministarstva-prometa-rh-dosadasnje-rute-za-teretni-tranzitni-promet-izmedu-hrvatske-i-bih-nisu-ukinute\/","og_site_name":"RADIO LJUBU\u0160KI","article_publisher":"https:\/\/www.facebook.com\/Radiio-Ljubuski-1490835324566332","article_published_time":"2021-05-25T21:40:41+00:00","article_modified_time":"2021-05-25T21:40:42+00:00","og_image":[{"width":604,"height":345,"url":"https:\/\/radioljubuski.ba\/wp-content\/uploads\/2021\/05\/hrvatska-granica.jpg","type":"image\/jpeg"}],"author":"Radio Ljubu\u0161ki","twitter_card":"summary_large_image","twitter_creator":"@radioljubuski","twitter_site":"@radioljubuski","twitter_misc":{"Napisao\/la":"Radio Ljubu\u0161ki","Procijenjeno vrijeme \u010ditanja":"2 minute"},"schema":{"@context":"https:\/\/schema.org","@graph":[{"@type":"Article","@id":"https:\/\/radioljubuski.ba\/index.php\/2021\/05\/25\/pojasnjenje-ministarstva-prometa-rh-dosadasnje-rute-za-teretni-tranzitni-promet-izmedu-hrvatske-i-bih-nisu-ukinute\/#article","isPartOf":{"@id":"https:\/\/radioljubuski.ba\/index.php\/2021\/05\/25\/pojasnjenje-ministarstva-prometa-rh-dosadasnje-rute-za-teretni-tranzitni-promet-izmedu-hrvatske-i-bih-nisu-ukinute\/"},"author":{"name":"Radio Ljubu\u0161ki","@id":"https:\/\/radioljubuski.ba\/#\/schema\/person\/19fc700381a780f69665d7956c469e3b"},"headline":"Poja\u0161njenje Ministarstva prometa RH: Dosada\u0161nje rute za teretni tranzitni promet izme\u0111u Hrvatske i BiH nisu ukinute","datePublished":"2021-05-25T21:40:41+00:00","dateModified":"2021-05-25T21:40:42+00:00","mainEntityOfPage":{"@id":"https:\/\/radioljubuski.ba\/index.php\/2021\/05\/25\/pojasnjenje-ministarstva-prometa-rh-dosadasnje-rute-za-teretni-tranzitni-promet-izmedu-hrvatske-i-bih-nisu-ukinute\/"},"wordCount":318,"publisher":{"@id":"https:\/\/radioljubuski.ba\/#organization"},"image":{"@id":"https:\/\/radioljubuski.ba\/index.php\/2021\/05\/25\/pojasnjenje-ministarstva-prometa-rh-dosadasnje-rute-za-teretni-tranzitni-promet-izmedu-hrvatske-i-bih-nisu-ukinute\/#primaryimage"},"thumbnailUrl":"https:\/\/radioljubuski.ba\/wp-content\/uploads\/2021\/05\/hrvatska-granica.jpg","articleSection":["BIH i regija"],"inLanguage":"hr"},{"@type":"WebPage","@id":"https:\/\/radioljubuski.ba\/index.php\/2021\/05\/25\/pojasnjenje-ministarstva-prometa-rh-dosadasnje-rute-za-teretni-tranzitni-promet-izmedu-hrvatske-i-bih-nisu-ukinute\/","url":"https:\/\/radioljubuski.ba\/index.php\/2021\/05\/25\/pojasnjenje-ministarstva-prometa-rh-dosadasnje-rute-za-teretni-tranzitni-promet-izmedu-hrvatske-i-bih-nisu-ukinute\/","name":"Poja\u0161njenje Ministarstva prometa RH: Dosada\u0161nje rute za teretni tranzitni promet izme\u0111u Hrvatske i BiH nisu ukinute - RADIO LJUBU\u0160KI","isPartOf":{"@id":"https:\/\/radioljubuski.ba\/#website"},"primaryImageOfPage":{"@id":"https:\/\/radioljubuski.ba\/index.php\/2021\/05\/25\/pojasnjenje-ministarstva-prometa-rh-dosadasnje-rute-za-teretni-tranzitni-promet-izmedu-hrvatske-i-bih-nisu-ukinute\/#primaryimage"},"image":{"@id":"https:\/\/radioljubuski.ba\/index.php\/2021\/05\/25\/pojasnjenje-ministarstva-prometa-rh-dosadasnje-rute-za-teretni-tranzitni-promet-izmedu-hrvatske-i-bih-nisu-ukinute\/#primaryimage"},"thumbnailUrl":"https:\/\/radioljubuski.ba\/wp-content\/uploads\/2021\/05\/hrvatska-granica.jpg","datePublished":"2021-05-25T21:40:41+00:00","dateModified":"2021-05-25T21:40:42+00:00","breadcrumb":{"@id":"https:\/\/radioljubuski.ba\/index.php\/2021\/05\/25\/pojasnjenje-ministarstva-prometa-rh-dosadasnje-rute-za-teretni-tranzitni-promet-izmedu-hrvatske-i-bih-nisu-ukinute\/#breadcrumb"},"inLanguage":"hr","potentialAction":[{"@type":"ReadAction","target":["https:\/\/radioljubuski.ba\/index.php\/2021\/05\/25\/pojasnjenje-ministarstva-prometa-rh-dosadasnje-rute-za-teretni-tranzitni-promet-izmedu-hrvatske-i-bih-nisu-ukinute\/"]}]},{"@type":"ImageObject","inLanguage":"hr","@id":"https:\/\/radioljubuski.ba\/index.php\/2021\/05\/25\/pojasnjenje-ministarstva-prometa-rh-dosadasnje-rute-za-teretni-tranzitni-promet-izmedu-hrvatske-i-bih-nisu-ukinute\/#primaryimage","url":"https:\/\/radioljubuski.ba\/wp-content\/uploads\/2021\/05\/hrvatska-granica.jpg","contentUrl":"https:\/\/radioljubuski.ba\/wp-content\/uploads\/2021\/05\/hrvatska-granica.jpg","width":604,"height":345},{"@type":"BreadcrumbList","@id":"https:\/\/radioljubuski.ba\/index.php\/2021\/05\/25\/pojasnjenje-ministarstva-prometa-rh-dosadasnje-rute-za-teretni-tranzitni-promet-izmedu-hrvatske-i-bih-nisu-ukinute\/#breadcrumb","itemListElement":[{"@type":"ListItem","position":1,"name":"Po\u010detna stranica","item":"https:\/\/radioljubuski.ba\/"},{"@type":"ListItem","position":2,"name":"Poja\u0161njenje Ministarstva prometa RH: Dosada\u0161nje rute za teretni tranzitni promet izme\u0111u Hrvatske i BiH nisu ukinute"}]},{"@type":"WebSite","@id":"https:\/\/radioljubuski.ba\/#website","url":"https:\/\/radioljubuski.ba\/","name":"Radio Ljubu\u0161ki","description":"Sun\u010dana frekvencija Hercegovine","publisher":{"@id":"https:\/\/radioljubuski.ba\/#organization"},"potentialAction":[{"@type":"SearchAction","target":{"@type":"EntryPoint","urlTemplate":"https:\/\/radioljubuski.ba\/?s={search_term_string}"},"query-input":{"@type":"PropertyValueSpecification","valueRequired":true,"valueName":"search_term_string"}}],"inLanguage":"hr"},{"@type":"Organization","@id":"https:\/\/radioljubuski.ba\/#organization","name":"Radio Ljubu\u0161ki","url":"https:\/\/radioljubuski.ba\/","logo":{"@type":"ImageObject","inLanguage":"hr","@id":"https:\/\/radioljubuski.ba\/#\/schema\/logo\/image\/","url":"https:\/\/radioljubuski.ba\/wp-content\/uploads\/2021\/02\/cropped-Radio_Ljubuski_logo1.jpg","contentUrl":"https:\/\/radioljubuski.ba\/wp-content\/uploads\/2021\/02\/cropped-Radio_Ljubuski_logo1.jpg","width":512,"height":512,"caption":"Radio Ljubu\u0161ki"},"image":{"@id":"https:\/\/radioljubuski.ba\/#\/schema\/logo\/image\/"},"sameAs":["https:\/\/www.facebook.com\/Radiio-Ljubuski-1490835324566332","https:\/\/x.com\/radioljubuski","https:\/\/hr.linkedin.com\/company\/radio-ljubuski","https:\/\/www.youtube.com\/channel\/UCHYaeO_n0Db3tjNGudGpXyw"]},{"@type":"Person","@id":"https:\/\/radioljubuski.ba\/#\/schema\/person\/19fc700381a780f69665d7956c469e3b","name":"Radio Ljubu\u0161ki"}]}},"_links":{"self":[{"href":"https:\/\/radioljubuski.ba\/index.php\/wp-json\/wp\/v2\/posts\/25097","targetHints":{"allow":["GET"]}}],"collection":[{"href":"https:\/\/radioljubuski.ba\/index.php\/wp-json\/wp\/v2\/posts"}],"about":[{"href":"https:\/\/radioljubuski.ba\/index.php\/wp-json\/wp\/v2\/types\/post"}],"author":[{"embeddable":true,"href":"https:\/\/radioljubuski.ba\/index.php\/wp-json\/wp\/v2\/users\/2"}],"replies":[{"embeddable":true,"href":"https:\/\/radioljubuski.ba\/index.php\/wp-json\/wp\/v2\/comments?post=25097"}],"version-history":[{"count":1,"href":"https:\/\/radioljubuski.ba\/index.php\/wp-json\/wp\/v2\/posts\/25097\/revisions"}],"predecessor-version":[{"id":25099,"href":"https:\/\/radioljubuski.ba\/index.php\/wp-json\/wp\/v2\/posts\/25097\/revisions\/25099"}],"wp:featuredmedia":[{"embeddable":true,"href":"https:\/\/radioljubuski.ba\/index.php\/wp-json\/wp\/v2\/media\/25098"}],"wp:attachment":[{"href":"https:\/\/radioljubuski.ba\/index.php\/wp-json\/wp\/v2\/media?parent=25097"}],"wp:term":[{"taxonomy":"category","embeddable":true,"href":"https:\/\/radioljubuski.ba\/index.php\/wp-json\/wp\/v2\/categories?post=25097"},{"taxonomy":"post_tag","embeddable":true,"href":"https:\/\/radioljubuski.ba\/index.php\/wp-json\/wp\/v2\/tags?post=25097"}],"curies":[{"name":"wp","href":"https:\/\/api.w.org\/{rel}","templated":true}]}}