{"id":25137,"date":"2021-05-25T23:54:53","date_gmt":"2021-05-25T22:54:53","guid":{"rendered":"https:\/\/radioljubuski.ba\/?p=25137"},"modified":"2021-05-25T23:54:54","modified_gmt":"2021-05-25T22:54:54","slug":"u-sad-u-u-potpunosti-cijepljeno-50-posto-odraslih-stanovnika","status":"publish","type":"post","link":"https:\/\/radioljubuski.ba\/index.php\/2021\/05\/25\/u-sad-u-u-potpunosti-cijepljeno-50-posto-odraslih-stanovnika\/","title":{"rendered":"U SAD-u u potpunosti cijepljeno 50 posto odraslih stanovnika"},"content":{"rendered":"\n<p>U utorak je u Sjedinjenim Dr\u017eavama prije\u0111en prag od 50 posto potpuno cijepljenih odraslih osoba, objavila je Bijela ku\u0107a.<\/p>\n\n\n\n<p>Vi\u0161e od 60 posto odraslih (ili blizu 160 milijuna ljudi) primilo je najmanje jednu dozu jednog od tri odobrena cjepiva u zemlji.<\/p>\n\n\n\n<p>&#8220;Sada je 50 posto svih odraslih Amerikanaca u potpunosti cijepljeno!&#8221;, tvitao je Cyrus Shahpar, zadu\u017een za pra\u0107enje podataka za Bijelu ku\u0107u. To zna\u010di da su te osobe primile dvije injekcije Modernina ili Pfizer\/BioNTechova cjepiva, ili jednu dozu cjepiva Johnson &amp; Johnson.<\/p>\n\n\n\n<p>Nakon sporog po\u010detka krajem 2020. godine, administracija predsjednika Joea Bidena je predvodila kampanju masovnog cijepljenja.<\/p>\n\n\n\n<p>Tempo kampanje cijepljenja je padao izme\u0111u sredine travnja i sredine svibnja kada je trebalo nagovoriti najskepti\u010dnije i najravnodu\u0161nije.<\/p>\n\n\n\n<p>Broj dnevno cijepljenjih je ipak nedavno po\u010deo rasti. Cijepljenje Pfizerovim cjepivom pokrenuto je prije dva tjedan za mlade od 12 godina, kao i brojni poticajni programi za cijepljenje osobe, poput lutrije.<\/p>\n\n\n\n<p>Predsjednik si je odredio cilj da do 4. srpnja s najmanje jednom dozom bude cijepljeno 70 posto odraslih u Sjedinjenim Dr\u017eavama.<\/p>\n\n\n\n<p>Izvor:pogled.ba<\/p>\n","protected":false},"excerpt":{"rendered":"<p>U utorak je u Sjedinjenim Dr\u017eavama prije\u0111en prag od 50 posto potpuno cijepljenih odraslih osoba, objavila je Bijela ku\u0107a. Vi\u0161e od 60 posto odraslih (ili blizu 160 milijuna ljudi) primilo je najmanje jednu dozu jednog od tri odobrena cjepiva u zemlji. &#8220;Sada je 50 posto svih odraslih Amerikanaca u potpunosti cijepljeno!&#8221;, tvitao je Cyrus Shahpar, [&hellip;]<\/p>\n","protected":false},"author":2,"featured_media":18811,"comment_status":"closed","ping_status":"closed","sticky":false,"template":"","format":"standard","meta":{"h5ap_radio_sources":[],"footnotes":""},"categories":[1],"tags":[],"class_list":["post-25137","post","type-post","status-publish","format-standard","has-post-thumbnail","hentry","category-bihiregija"],"yoast_head":"<!-- This site is optimized with the Yoast SEO plugin v27.4 - https:\/\/yoast.com\/product\/yoast-seo-wordpress\/ -->\n<title>U SAD-u u potpunosti cijepljeno 50 posto odraslih stanovnika - RADIO LJUBU\u0160KI<\/title>\n<meta name=\"robots\" content=\"index, follow, max-snippet:-1, max-image-preview:large, max-video-preview:-1\" \/>\n<link rel=\"canonical\" href=\"https:\/\/radioljubuski.ba\/index.php\/2021\/05\/25\/u-sad-u-u-potpunosti-cijepljeno-50-posto-odraslih-stanovnika\/\" \/>\n<meta property=\"og:locale\" content=\"hr_HR\" \/>\n<meta property=\"og:type\" content=\"article\" \/>\n<meta property=\"og:title\" content=\"U SAD-u u potpunosti cijepljeno 50 posto odraslih stanovnika - RADIO LJUBU\u0160KI\" \/>\n<meta property=\"og:description\" content=\"U utorak je u Sjedinjenim Dr\u017eavama prije\u0111en prag od 50 posto potpuno cijepljenih odraslih osoba, objavila je Bijela ku\u0107a. Vi\u0161e od 60 posto odraslih (ili blizu 160 milijuna ljudi) primilo je najmanje jednu dozu jednog od tri odobrena cjepiva u zemlji. &#8220;Sada je 50 posto svih odraslih Amerikanaca u potpunosti cijepljeno!&#8221;, tvitao je Cyrus Shahpar, [&hellip;]\" \/>\n<meta property=\"og:url\" content=\"https:\/\/radioljubuski.ba\/index.php\/2021\/05\/25\/u-sad-u-u-potpunosti-cijepljeno-50-posto-odraslih-stanovnika\/\" \/>\n<meta property=\"og:site_name\" content=\"RADIO LJUBU\u0160KI\" \/>\n<meta property=\"article:publisher\" content=\"https:\/\/www.facebook.com\/Radiio-Ljubuski-1490835324566332\" \/>\n<meta property=\"article:published_time\" content=\"2021-05-25T22:54:53+00:00\" \/>\n<meta property=\"article:modified_time\" content=\"2021-05-25T22:54:54+00:00\" \/>\n<meta property=\"og:image\" content=\"https:\/\/radioljubuski.ba\/wp-content\/uploads\/2021\/05\/pxl-040521-32754622-20210505105252-scaled.jpg\" \/>\n\t<meta property=\"og:image:width\" content=\"2560\" \/>\n\t<meta property=\"og:image:height\" content=\"1706\" \/>\n\t<meta property=\"og:image:type\" content=\"image\/jpeg\" \/>\n<meta name=\"author\" content=\"Radio Ljubu\u0161ki\" \/>\n<meta name=\"twitter:card\" content=\"summary_large_image\" \/>\n<meta name=\"twitter:creator\" content=\"@radioljubuski\" \/>\n<meta name=\"twitter:site\" content=\"@radioljubuski\" \/>\n<meta name=\"twitter:label1\" content=\"Napisao\/la\" \/>\n\t<meta name=\"twitter:data1\" content=\"Radio Ljubu\u0161ki\" \/>\n\t<meta name=\"twitter:label2\" content=\"Procijenjeno vrijeme \u010ditanja\" \/>\n\t<meta name=\"twitter:data2\" content=\"1 minuta\" \/>\n<script type=\"application\/ld+json\" class=\"yoast-schema-graph\">{\"@context\":\"https:\\\/\\\/schema.org\",\"@graph\":[{\"@type\":\"Article\",\"@id\":\"https:\\\/\\\/radioljubuski.ba\\\/index.php\\\/2021\\\/05\\\/25\\\/u-sad-u-u-potpunosti-cijepljeno-50-posto-odraslih-stanovnika\\\/#article\",\"isPartOf\":{\"@id\":\"https:\\\/\\\/radioljubuski.ba\\\/index.php\\\/2021\\\/05\\\/25\\\/u-sad-u-u-potpunosti-cijepljeno-50-posto-odraslih-stanovnika\\\/\"},\"author\":{\"name\":\"Radio Ljubu\u0161ki\",\"@id\":\"https:\\\/\\\/radioljubuski.ba\\\/#\\\/schema\\\/person\\\/19fc700381a780f69665d7956c469e3b\"},\"headline\":\"U SAD-u u potpunosti cijepljeno 50 posto odraslih stanovnika\",\"datePublished\":\"2021-05-25T22:54:53+00:00\",\"dateModified\":\"2021-05-25T22:54:54+00:00\",\"mainEntityOfPage\":{\"@id\":\"https:\\\/\\\/radioljubuski.ba\\\/index.php\\\/2021\\\/05\\\/25\\\/u-sad-u-u-potpunosti-cijepljeno-50-posto-odraslih-stanovnika\\\/\"},\"wordCount\":185,\"publisher\":{\"@id\":\"https:\\\/\\\/radioljubuski.ba\\\/#organization\"},\"image\":{\"@id\":\"https:\\\/\\\/radioljubuski.ba\\\/index.php\\\/2021\\\/05\\\/25\\\/u-sad-u-u-potpunosti-cijepljeno-50-posto-odraslih-stanovnika\\\/#primaryimage\"},\"thumbnailUrl\":\"https:\\\/\\\/radioljubuski.ba\\\/wp-content\\\/uploads\\\/2021\\\/05\\\/pxl-040521-32754622-20210505105252-scaled.jpg\",\"articleSection\":[\"BIH i regija\"],\"inLanguage\":\"hr\"},{\"@type\":\"WebPage\",\"@id\":\"https:\\\/\\\/radioljubuski.ba\\\/index.php\\\/2021\\\/05\\\/25\\\/u-sad-u-u-potpunosti-cijepljeno-50-posto-odraslih-stanovnika\\\/\",\"url\":\"https:\\\/\\\/radioljubuski.ba\\\/index.php\\\/2021\\\/05\\\/25\\\/u-sad-u-u-potpunosti-cijepljeno-50-posto-odraslih-stanovnika\\\/\",\"name\":\"U SAD-u u potpunosti cijepljeno 50 posto odraslih stanovnika - RADIO LJUBU\u0160KI\",\"isPartOf\":{\"@id\":\"https:\\\/\\\/radioljubuski.ba\\\/#website\"},\"primaryImageOfPage\":{\"@id\":\"https:\\\/\\\/radioljubuski.ba\\\/index.php\\\/2021\\\/05\\\/25\\\/u-sad-u-u-potpunosti-cijepljeno-50-posto-odraslih-stanovnika\\\/#primaryimage\"},\"image\":{\"@id\":\"https:\\\/\\\/radioljubuski.ba\\\/index.php\\\/2021\\\/05\\\/25\\\/u-sad-u-u-potpunosti-cijepljeno-50-posto-odraslih-stanovnika\\\/#primaryimage\"},\"thumbnailUrl\":\"https:\\\/\\\/radioljubuski.ba\\\/wp-content\\\/uploads\\\/2021\\\/05\\\/pxl-040521-32754622-20210505105252-scaled.jpg\",\"datePublished\":\"2021-05-25T22:54:53+00:00\",\"dateModified\":\"2021-05-25T22:54:54+00:00\",\"breadcrumb\":{\"@id\":\"https:\\\/\\\/radioljubuski.ba\\\/index.php\\\/2021\\\/05\\\/25\\\/u-sad-u-u-potpunosti-cijepljeno-50-posto-odraslih-stanovnika\\\/#breadcrumb\"},\"inLanguage\":\"hr\",\"potentialAction\":[{\"@type\":\"ReadAction\",\"target\":[\"https:\\\/\\\/radioljubuski.ba\\\/index.php\\\/2021\\\/05\\\/25\\\/u-sad-u-u-potpunosti-cijepljeno-50-posto-odraslih-stanovnika\\\/\"]}]},{\"@type\":\"ImageObject\",\"inLanguage\":\"hr\",\"@id\":\"https:\\\/\\\/radioljubuski.ba\\\/index.php\\\/2021\\\/05\\\/25\\\/u-sad-u-u-potpunosti-cijepljeno-50-posto-odraslih-stanovnika\\\/#primaryimage\",\"url\":\"https:\\\/\\\/radioljubuski.ba\\\/wp-content\\\/uploads\\\/2021\\\/05\\\/pxl-040521-32754622-20210505105252-scaled.jpg\",\"contentUrl\":\"https:\\\/\\\/radioljubuski.ba\\\/wp-content\\\/uploads\\\/2021\\\/05\\\/pxl-040521-32754622-20210505105252-scaled.jpg\",\"width\":2560,\"height\":1706,\"caption\":\"04.05.2021., Zagreb - Novi punkt za masovno cijepljenje u gradu Zagrebu otvoren je u Domu sportova. Danas je odrzano probno cijepljenje za 100 gradjana, a sutra bi se trebalo cijepiti 1500 gradjana. Photo: Luka Stanzl\\\/PIXSELL\"},{\"@type\":\"BreadcrumbList\",\"@id\":\"https:\\\/\\\/radioljubuski.ba\\\/index.php\\\/2021\\\/05\\\/25\\\/u-sad-u-u-potpunosti-cijepljeno-50-posto-odraslih-stanovnika\\\/#breadcrumb\",\"itemListElement\":[{\"@type\":\"ListItem\",\"position\":1,\"name\":\"Po\u010detna stranica\",\"item\":\"https:\\\/\\\/radioljubuski.ba\\\/\"},{\"@type\":\"ListItem\",\"position\":2,\"name\":\"U SAD-u u potpunosti cijepljeno 50 posto odraslih stanovnika\"}]},{\"@type\":\"WebSite\",\"@id\":\"https:\\\/\\\/radioljubuski.ba\\\/#website\",\"url\":\"https:\\\/\\\/radioljubuski.ba\\\/\",\"name\":\"Radio Ljubu\u0161ki\",\"description\":\"Sun\u010dana frekvencija Hercegovine\",\"publisher\":{\"@id\":\"https:\\\/\\\/radioljubuski.ba\\\/#organization\"},\"potentialAction\":[{\"@type\":\"SearchAction\",\"target\":{\"@type\":\"EntryPoint\",\"urlTemplate\":\"https:\\\/\\\/radioljubuski.ba\\\/?s={search_term_string}\"},\"query-input\":{\"@type\":\"PropertyValueSpecification\",\"valueRequired\":true,\"valueName\":\"search_term_string\"}}],\"inLanguage\":\"hr\"},{\"@type\":\"Organization\",\"@id\":\"https:\\\/\\\/radioljubuski.ba\\\/#organization\",\"name\":\"Radio Ljubu\u0161ki\",\"url\":\"https:\\\/\\\/radioljubuski.ba\\\/\",\"logo\":{\"@type\":\"ImageObject\",\"inLanguage\":\"hr\",\"@id\":\"https:\\\/\\\/radioljubuski.ba\\\/#\\\/schema\\\/logo\\\/image\\\/\",\"url\":\"https:\\\/\\\/radioljubuski.ba\\\/wp-content\\\/uploads\\\/2021\\\/02\\\/cropped-Radio_Ljubuski_logo1.jpg\",\"contentUrl\":\"https:\\\/\\\/radioljubuski.ba\\\/wp-content\\\/uploads\\\/2021\\\/02\\\/cropped-Radio_Ljubuski_logo1.jpg\",\"width\":512,\"height\":512,\"caption\":\"Radio Ljubu\u0161ki\"},\"image\":{\"@id\":\"https:\\\/\\\/radioljubuski.ba\\\/#\\\/schema\\\/logo\\\/image\\\/\"},\"sameAs\":[\"https:\\\/\\\/www.facebook.com\\\/Radiio-Ljubuski-1490835324566332\",\"https:\\\/\\\/x.com\\\/radioljubuski\",\"https:\\\/\\\/hr.linkedin.com\\\/company\\\/radio-ljubuski\",\"https:\\\/\\\/www.youtube.com\\\/channel\\\/UCHYaeO_n0Db3tjNGudGpXyw\"]},{\"@type\":\"Person\",\"@id\":\"https:\\\/\\\/radioljubuski.ba\\\/#\\\/schema\\\/person\\\/19fc700381a780f69665d7956c469e3b\",\"name\":\"Radio Ljubu\u0161ki\"}]}<\/script>\n<!-- \/ Yoast SEO plugin. -->","yoast_head_json":{"title":"U SAD-u u potpunosti cijepljeno 50 posto odraslih stanovnika - RADIO LJUBU\u0160KI","robots":{"index":"index","follow":"follow","max-snippet":"max-snippet:-1","max-image-preview":"max-image-preview:large","max-video-preview":"max-video-preview:-1"},"canonical":"https:\/\/radioljubuski.ba\/index.php\/2021\/05\/25\/u-sad-u-u-potpunosti-cijepljeno-50-posto-odraslih-stanovnika\/","og_locale":"hr_HR","og_type":"article","og_title":"U SAD-u u potpunosti cijepljeno 50 posto odraslih stanovnika - RADIO LJUBU\u0160KI","og_description":"U utorak je u Sjedinjenim Dr\u017eavama prije\u0111en prag od 50 posto potpuno cijepljenih odraslih osoba, objavila je Bijela ku\u0107a. Vi\u0161e od 60 posto odraslih (ili blizu 160 milijuna ljudi) primilo je najmanje jednu dozu jednog od tri odobrena cjepiva u zemlji. &#8220;Sada je 50 posto svih odraslih Amerikanaca u potpunosti cijepljeno!&#8221;, tvitao je Cyrus Shahpar, [&hellip;]","og_url":"https:\/\/radioljubuski.ba\/index.php\/2021\/05\/25\/u-sad-u-u-potpunosti-cijepljeno-50-posto-odraslih-stanovnika\/","og_site_name":"RADIO LJUBU\u0160KI","article_publisher":"https:\/\/www.facebook.com\/Radiio-Ljubuski-1490835324566332","article_published_time":"2021-05-25T22:54:53+00:00","article_modified_time":"2021-05-25T22:54:54+00:00","og_image":[{"width":2560,"height":1706,"url":"https:\/\/radioljubuski.ba\/wp-content\/uploads\/2021\/05\/pxl-040521-32754622-20210505105252-scaled.jpg","type":"image\/jpeg"}],"author":"Radio Ljubu\u0161ki","twitter_card":"summary_large_image","twitter_creator":"@radioljubuski","twitter_site":"@radioljubuski","twitter_misc":{"Napisao\/la":"Radio Ljubu\u0161ki","Procijenjeno vrijeme \u010ditanja":"1 minuta"},"schema":{"@context":"https:\/\/schema.org","@graph":[{"@type":"Article","@id":"https:\/\/radioljubuski.ba\/index.php\/2021\/05\/25\/u-sad-u-u-potpunosti-cijepljeno-50-posto-odraslih-stanovnika\/#article","isPartOf":{"@id":"https:\/\/radioljubuski.ba\/index.php\/2021\/05\/25\/u-sad-u-u-potpunosti-cijepljeno-50-posto-odraslih-stanovnika\/"},"author":{"name":"Radio Ljubu\u0161ki","@id":"https:\/\/radioljubuski.ba\/#\/schema\/person\/19fc700381a780f69665d7956c469e3b"},"headline":"U SAD-u u potpunosti cijepljeno 50 posto odraslih stanovnika","datePublished":"2021-05-25T22:54:53+00:00","dateModified":"2021-05-25T22:54:54+00:00","mainEntityOfPage":{"@id":"https:\/\/radioljubuski.ba\/index.php\/2021\/05\/25\/u-sad-u-u-potpunosti-cijepljeno-50-posto-odraslih-stanovnika\/"},"wordCount":185,"publisher":{"@id":"https:\/\/radioljubuski.ba\/#organization"},"image":{"@id":"https:\/\/radioljubuski.ba\/index.php\/2021\/05\/25\/u-sad-u-u-potpunosti-cijepljeno-50-posto-odraslih-stanovnika\/#primaryimage"},"thumbnailUrl":"https:\/\/radioljubuski.ba\/wp-content\/uploads\/2021\/05\/pxl-040521-32754622-20210505105252-scaled.jpg","articleSection":["BIH i regija"],"inLanguage":"hr"},{"@type":"WebPage","@id":"https:\/\/radioljubuski.ba\/index.php\/2021\/05\/25\/u-sad-u-u-potpunosti-cijepljeno-50-posto-odraslih-stanovnika\/","url":"https:\/\/radioljubuski.ba\/index.php\/2021\/05\/25\/u-sad-u-u-potpunosti-cijepljeno-50-posto-odraslih-stanovnika\/","name":"U SAD-u u potpunosti cijepljeno 50 posto odraslih stanovnika - RADIO LJUBU\u0160KI","isPartOf":{"@id":"https:\/\/radioljubuski.ba\/#website"},"primaryImageOfPage":{"@id":"https:\/\/radioljubuski.ba\/index.php\/2021\/05\/25\/u-sad-u-u-potpunosti-cijepljeno-50-posto-odraslih-stanovnika\/#primaryimage"},"image":{"@id":"https:\/\/radioljubuski.ba\/index.php\/2021\/05\/25\/u-sad-u-u-potpunosti-cijepljeno-50-posto-odraslih-stanovnika\/#primaryimage"},"thumbnailUrl":"https:\/\/radioljubuski.ba\/wp-content\/uploads\/2021\/05\/pxl-040521-32754622-20210505105252-scaled.jpg","datePublished":"2021-05-25T22:54:53+00:00","dateModified":"2021-05-25T22:54:54+00:00","breadcrumb":{"@id":"https:\/\/radioljubuski.ba\/index.php\/2021\/05\/25\/u-sad-u-u-potpunosti-cijepljeno-50-posto-odraslih-stanovnika\/#breadcrumb"},"inLanguage":"hr","potentialAction":[{"@type":"ReadAction","target":["https:\/\/radioljubuski.ba\/index.php\/2021\/05\/25\/u-sad-u-u-potpunosti-cijepljeno-50-posto-odraslih-stanovnika\/"]}]},{"@type":"ImageObject","inLanguage":"hr","@id":"https:\/\/radioljubuski.ba\/index.php\/2021\/05\/25\/u-sad-u-u-potpunosti-cijepljeno-50-posto-odraslih-stanovnika\/#primaryimage","url":"https:\/\/radioljubuski.ba\/wp-content\/uploads\/2021\/05\/pxl-040521-32754622-20210505105252-scaled.jpg","contentUrl":"https:\/\/radioljubuski.ba\/wp-content\/uploads\/2021\/05\/pxl-040521-32754622-20210505105252-scaled.jpg","width":2560,"height":1706,"caption":"04.05.2021., Zagreb - Novi punkt za masovno cijepljenje u gradu Zagrebu otvoren je u Domu sportova. Danas je odrzano probno cijepljenje za 100 gradjana, a sutra bi se trebalo cijepiti 1500 gradjana. Photo: Luka Stanzl\/PIXSELL"},{"@type":"BreadcrumbList","@id":"https:\/\/radioljubuski.ba\/index.php\/2021\/05\/25\/u-sad-u-u-potpunosti-cijepljeno-50-posto-odraslih-stanovnika\/#breadcrumb","itemListElement":[{"@type":"ListItem","position":1,"name":"Po\u010detna stranica","item":"https:\/\/radioljubuski.ba\/"},{"@type":"ListItem","position":2,"name":"U SAD-u u potpunosti cijepljeno 50 posto odraslih stanovnika"}]},{"@type":"WebSite","@id":"https:\/\/radioljubuski.ba\/#website","url":"https:\/\/radioljubuski.ba\/","name":"Radio Ljubu\u0161ki","description":"Sun\u010dana frekvencija Hercegovine","publisher":{"@id":"https:\/\/radioljubuski.ba\/#organization"},"potentialAction":[{"@type":"SearchAction","target":{"@type":"EntryPoint","urlTemplate":"https:\/\/radioljubuski.ba\/?s={search_term_string}"},"query-input":{"@type":"PropertyValueSpecification","valueRequired":true,"valueName":"search_term_string"}}],"inLanguage":"hr"},{"@type":"Organization","@id":"https:\/\/radioljubuski.ba\/#organization","name":"Radio Ljubu\u0161ki","url":"https:\/\/radioljubuski.ba\/","logo":{"@type":"ImageObject","inLanguage":"hr","@id":"https:\/\/radioljubuski.ba\/#\/schema\/logo\/image\/","url":"https:\/\/radioljubuski.ba\/wp-content\/uploads\/2021\/02\/cropped-Radio_Ljubuski_logo1.jpg","contentUrl":"https:\/\/radioljubuski.ba\/wp-content\/uploads\/2021\/02\/cropped-Radio_Ljubuski_logo1.jpg","width":512,"height":512,"caption":"Radio Ljubu\u0161ki"},"image":{"@id":"https:\/\/radioljubuski.ba\/#\/schema\/logo\/image\/"},"sameAs":["https:\/\/www.facebook.com\/Radiio-Ljubuski-1490835324566332","https:\/\/x.com\/radioljubuski","https:\/\/hr.linkedin.com\/company\/radio-ljubuski","https:\/\/www.youtube.com\/channel\/UCHYaeO_n0Db3tjNGudGpXyw"]},{"@type":"Person","@id":"https:\/\/radioljubuski.ba\/#\/schema\/person\/19fc700381a780f69665d7956c469e3b","name":"Radio Ljubu\u0161ki"}]}},"_links":{"self":[{"href":"https:\/\/radioljubuski.ba\/index.php\/wp-json\/wp\/v2\/posts\/25137","targetHints":{"allow":["GET"]}}],"collection":[{"href":"https:\/\/radioljubuski.ba\/index.php\/wp-json\/wp\/v2\/posts"}],"about":[{"href":"https:\/\/radioljubuski.ba\/index.php\/wp-json\/wp\/v2\/types\/post"}],"author":[{"embeddable":true,"href":"https:\/\/radioljubuski.ba\/index.php\/wp-json\/wp\/v2\/users\/2"}],"replies":[{"embeddable":true,"href":"https:\/\/radioljubuski.ba\/index.php\/wp-json\/wp\/v2\/comments?post=25137"}],"version-history":[{"count":1,"href":"https:\/\/radioljubuski.ba\/index.php\/wp-json\/wp\/v2\/posts\/25137\/revisions"}],"predecessor-version":[{"id":25138,"href":"https:\/\/radioljubuski.ba\/index.php\/wp-json\/wp\/v2\/posts\/25137\/revisions\/25138"}],"wp:featuredmedia":[{"embeddable":true,"href":"https:\/\/radioljubuski.ba\/index.php\/wp-json\/wp\/v2\/media\/18811"}],"wp:attachment":[{"href":"https:\/\/radioljubuski.ba\/index.php\/wp-json\/wp\/v2\/media?parent=25137"}],"wp:term":[{"taxonomy":"category","embeddable":true,"href":"https:\/\/radioljubuski.ba\/index.php\/wp-json\/wp\/v2\/categories?post=25137"},{"taxonomy":"post_tag","embeddable":true,"href":"https:\/\/radioljubuski.ba\/index.php\/wp-json\/wp\/v2\/tags?post=25137"}],"curies":[{"name":"wp","href":"https:\/\/api.w.org\/{rel}","templated":true}]}}