{"id":25210,"date":"2021-05-26T01:07:59","date_gmt":"2021-05-26T00:07:59","guid":{"rendered":"https:\/\/radioljubuski.ba\/?p=25210"},"modified":"2021-05-26T01:08:00","modified_gmt":"2021-05-26T00:08:00","slug":"zasto-se-cjepivo-protiv-covida-ubrizgava-u-nadlakticni-misic","status":"publish","type":"post","link":"https:\/\/radioljubuski.ba\/index.php\/2021\/05\/26\/zasto-se-cjepivo-protiv-covida-ubrizgava-u-nadlakticni-misic\/","title":{"rendered":"Za\u0161to se cjepivo protiv covida ubrizgava u nadlakti\u010dni mi\u0161i\u0107?"},"content":{"rendered":"\n<p><strong>Milijuni ljudi u posljednjih su nekoliko mjeseci zasukali rukave da bi primili cjepivo protiv covida-19, no za\u0161to umjesto rukava nisu &#8216;zasukali&#8217; nogavice hla\u010da? I za\u0161to naj\u010de\u0161\u0107e primamo cjepivo u nadlakti\u010dni mi\u0161i\u0107?<\/strong><\/p>\n\n\n\n<p>Kao izvanredna profesorica sestrinstva na&nbsp;<strong>Sveu\u010dili\u0161tu Purdue&nbsp;<\/strong>s iskustvom u javnom zdravstvu i kao majka dvoje znati\u017eeljne djece,&nbsp;<strong>Libby Richards&nbsp;<\/strong>ovo pitanje \u010duje prili\u010dno \u010desto pa je s laicima odlu\u010dila podijeliti &#8216;nauku&#8217; koja stoji iza njega.<\/p>\n\n\n\n<p>Najprije treba re\u0107i da se ve\u0107ina, ali ne sva cjepiva, daju u mi\u0161i\u0107. To se naziva intramuskularna injekcija, prenosi portal ScienceAlert.<\/p>\n\n\n\n<p>Neka me\u0111u njima, poput cjepiva protiv rotavirusa daju se oralno, a tre\u0107a se ubrizgavaju u potko\u017eno tkivo, poput cjepiva protiv ospica, zau\u0161njaka i rubeole.<\/p>\n\n\n\n<p>No zbog \u010dega je mi\u0161i\u0107 toliko va\u017ean i je li va\u017eno mjesto uboda? I za\u0161to se cjepivo ubrizgava u takozvani deltoidni mi\u0161i\u0107, trokutasti mi\u0161i\u0107 ramena?<\/p>\n\n\n\n<p><strong>Mi\u0161i\u0107no tkivo sadr\u017ei va\u017ene imunosne stanice<\/strong><\/p>\n\n\n\n<p>Mi\u0161i\u0107i su izvrsno mjesto za primjenu cjepiva jer njihovo tkivo sadr\u017ei va\u017ene imunosne stanice koje prepoznaju antigen, sitan fragment virusa ili bakterije koja se uvodi cjepivom i stimulira imunosnu reakciju.<\/p>\n\n\n\n<p>U slu\u010daju cjepiva protiv&nbsp;<strong>covida-19<\/strong>, ono ne uvodi antigen, ve\u0107 daje upute za proizvodnju antigena. Imunosne stanice u mi\u0161i\u0107nom tkivu prikupljaju antigene i predo\u010davaju ih limfnim \u010dvorovima.<\/p>\n\n\n\n<p>Ubrizgavanje cjepiva u mi\u0161i\u0107no tkivo odr\u017eava cjepivo lokaliziranim, omogu\u0107uju\u0107i imunosnim stanicama da alarmiraju ostale imunosne stanice i prionu poslu. \u010cim imunosne stanice u mi\u0161i\u0107u prepoznaju cjepivo, one prenose antigen u limfne \u017eile, koje zatim transportiraju imunosne stanice s antigenom do limfnih \u010dvorova.<\/p>\n\n\n\n<p>Limfni \u010dvorovi, klju\u010dna komponenta na\u0161ega imunosnog sustava, sadr\u017ee vi\u0161e imunosnih stanica koje prepoznaju antigene iz cjepiva te zapo\u010dinju imunolo\u0161ki proces stvaranja antitijela.<\/p>\n\n\n\n<p>Grupe limfnih \u010dvorova nalaze se u podru\u010djima blizu mjesta primjene cjepiva. Primjerice, mnoga se cjepiva ubrizgavaju u deltoidni mi\u0161i\u0107 jer se nalazi blizu limfnih \u010dvorova smje\u0161tenih ispod pazuha. Kad se cjepiva daju u podru\u010dje bedra, limfne \u017eile su nedaleko od grupe limfnih \u010dvorova u preponama.<\/p>\n\n\n\n<p><strong>Mi\u0161i\u0107i odr\u017eavaju aktivnost lokaliziranom<\/strong><\/p>\n\n\n\n<p>Mi\u0161i\u0107no tkivo istodobno nastoji zadr\u017eati reakciju na cjepivo lokaliziranom, odnosno ograni\u010denom na odre\u0111eno mjesto. Zato ubrizgavanje cjepiva u deltoidni mi\u0161i\u0107 mo\u017ee rezultirati lokalnom upalom ili boli na mjestu uboda.<\/p>\n\n\n\n<p>Ako se odre\u0111ene vrste cjepiva ubrizgaju u masno tkivo, pove\u0107avaju se izgledi za iritacije ili upalne reakcije jer je masno tkivo slabije opskrbljeno krvlju, \u0161to rezultira i slabijom apsorpcijom nekih sastojaka cjepiva.<\/p>\n\n\n\n<p>Cjepiva kod kojih su potrebna pomo\u0107na sredstva ili sastojci koji poja\u010davaju imunosni odgovor na antigen, moraju se ubrizgati u mi\u0161i\u0107 da bi se izbjegla ve\u0107a iritacija i upala. Ti dodaci djeluju na razne na\u010dine da bi potaknuli \u0161to ja\u010du imunosnu reakciju.<\/p>\n\n\n\n<p>Postoji jo\u0161 jedan odlu\u010duju\u0107i \u010dimbenik kada je posrijedi mjesto primjene cjepiva, a to je veli\u010dina mi\u0161i\u0107a. Odrasli i djeca u dobi od tri i vi\u0161e godina cjepivo dobivaju u deltoidni mi\u0161i\u0107 nadlaktice, a mla\u0111a djeca cjepivo \u0107e dobiti na sredini bedrenog mi\u0161i\u0107a jer su im mi\u0161i\u0107i ruku maleni i jo\u0161 uvijek slabije razvijeni.<\/p>\n\n\n\n<p>&#8211; Sljede\u0107e pitanje u sklopu primjene cjepiva odnosi se na prakti\u010dnost, ka\u017ee Richards te postavlja jedno retori\u010dko: &#8220;Mo\u017eete li zamisliti ljude kako skidaju hla\u010de u prostoru u kojemu se obavlja masovno cijepljenje? Zasukati rukav puno je jednostavnije i prikladnije.&#8221;<\/p>\n\n\n\n<p>Razne zarazne bolesti, poput sezonske gripe ili epidemije covida-19, zahtijevaju da se kroz sustav javnog zdravstva cijepi \u0161to vi\u0161e ljudi u \u0161to kra\u0107em razdoblju.&nbsp;Kada se u obzir uzme sve navedeno, u slu\u010daju cijepljenja protiv&nbsp;<strong>gripe&nbsp;<\/strong>ili&nbsp;<strong>covida<\/strong>, mi\u0161i\u0107 nadlaktice se preferira je taj dio ruke najlak\u0161e dostupan medicinskom osoblju.<\/p>\n\n\n\n<p>Izvor:hrt.hr<\/p>\n","protected":false},"excerpt":{"rendered":"<p>Milijuni ljudi u posljednjih su nekoliko mjeseci zasukali rukave da bi primili cjepivo protiv covida-19, no za\u0161to umjesto rukava nisu &#8216;zasukali&#8217; nogavice hla\u010da? I za\u0161to naj\u010de\u0161\u0107e primamo cjepivo u nadlakti\u010dni mi\u0161i\u0107? Kao izvanredna profesorica sestrinstva na&nbsp;Sveu\u010dili\u0161tu Purdue&nbsp;s iskustvom u javnom zdravstvu i kao majka dvoje znati\u017eeljne djece,&nbsp;Libby Richards&nbsp;ovo pitanje \u010duje prili\u010dno \u010desto pa je s [&hellip;]<\/p>\n","protected":false},"author":2,"featured_media":21770,"comment_status":"closed","ping_status":"closed","sticky":false,"template":"","format":"standard","meta":{"h5ap_radio_sources":[],"footnotes":""},"categories":[1],"tags":[],"class_list":["post-25210","post","type-post","status-publish","format-standard","has-post-thumbnail","hentry","category-bihiregija"],"yoast_head":"<!-- This site is optimized with the Yoast SEO plugin v27.4 - https:\/\/yoast.com\/product\/yoast-seo-wordpress\/ -->\n<title>Za\u0161to se cjepivo protiv covida ubrizgava u nadlakti\u010dni mi\u0161i\u0107? - RADIO LJUBU\u0160KI<\/title>\n<meta name=\"robots\" content=\"index, follow, max-snippet:-1, max-image-preview:large, max-video-preview:-1\" \/>\n<link rel=\"canonical\" href=\"https:\/\/radioljubuski.ba\/index.php\/2021\/05\/26\/zasto-se-cjepivo-protiv-covida-ubrizgava-u-nadlakticni-misic\/\" \/>\n<meta property=\"og:locale\" content=\"hr_HR\" \/>\n<meta property=\"og:type\" content=\"article\" \/>\n<meta property=\"og:title\" content=\"Za\u0161to se cjepivo protiv covida ubrizgava u nadlakti\u010dni mi\u0161i\u0107? - RADIO LJUBU\u0160KI\" \/>\n<meta property=\"og:description\" content=\"Milijuni ljudi u posljednjih su nekoliko mjeseci zasukali rukave da bi primili cjepivo protiv covida-19, no za\u0161to umjesto rukava nisu &#8216;zasukali&#8217; nogavice hla\u010da? I za\u0161to naj\u010de\u0161\u0107e primamo cjepivo u nadlakti\u010dni mi\u0161i\u0107? Kao izvanredna profesorica sestrinstva na&nbsp;Sveu\u010dili\u0161tu Purdue&nbsp;s iskustvom u javnom zdravstvu i kao majka dvoje znati\u017eeljne djece,&nbsp;Libby Richards&nbsp;ovo pitanje \u010duje prili\u010dno \u010desto pa je s [&hellip;]\" \/>\n<meta property=\"og:url\" content=\"https:\/\/radioljubuski.ba\/index.php\/2021\/05\/26\/zasto-se-cjepivo-protiv-covida-ubrizgava-u-nadlakticni-misic\/\" \/>\n<meta property=\"og:site_name\" content=\"RADIO LJUBU\u0160KI\" \/>\n<meta property=\"article:publisher\" content=\"https:\/\/www.facebook.com\/Radiio-Ljubuski-1490835324566332\" \/>\n<meta property=\"article:published_time\" content=\"2021-05-26T00:07:59+00:00\" \/>\n<meta property=\"article:modified_time\" content=\"2021-05-26T00:08:00+00:00\" \/>\n<meta property=\"og:image\" content=\"https:\/\/radioljubuski.ba\/wp-content\/uploads\/2021\/05\/uGkWeOrm_cijepljenje.jpg\" \/>\n\t<meta property=\"og:image:width\" content=\"1000\" \/>\n\t<meta property=\"og:image:height\" content=\"625\" \/>\n\t<meta property=\"og:image:type\" content=\"image\/jpeg\" \/>\n<meta name=\"author\" content=\"Radio Ljubu\u0161ki\" \/>\n<meta name=\"twitter:card\" content=\"summary_large_image\" \/>\n<meta name=\"twitter:creator\" content=\"@radioljubuski\" \/>\n<meta name=\"twitter:site\" content=\"@radioljubuski\" \/>\n<meta name=\"twitter:label1\" content=\"Napisao\/la\" \/>\n\t<meta name=\"twitter:data1\" content=\"Radio Ljubu\u0161ki\" \/>\n\t<meta name=\"twitter:label2\" content=\"Procijenjeno vrijeme \u010ditanja\" \/>\n\t<meta name=\"twitter:data2\" content=\"3 minute\" \/>\n<script type=\"application\/ld+json\" class=\"yoast-schema-graph\">{\"@context\":\"https:\\\/\\\/schema.org\",\"@graph\":[{\"@type\":\"Article\",\"@id\":\"https:\\\/\\\/radioljubuski.ba\\\/index.php\\\/2021\\\/05\\\/26\\\/zasto-se-cjepivo-protiv-covida-ubrizgava-u-nadlakticni-misic\\\/#article\",\"isPartOf\":{\"@id\":\"https:\\\/\\\/radioljubuski.ba\\\/index.php\\\/2021\\\/05\\\/26\\\/zasto-se-cjepivo-protiv-covida-ubrizgava-u-nadlakticni-misic\\\/\"},\"author\":{\"name\":\"Radio Ljubu\u0161ki\",\"@id\":\"https:\\\/\\\/radioljubuski.ba\\\/#\\\/schema\\\/person\\\/19fc700381a780f69665d7956c469e3b\"},\"headline\":\"Za\u0161to se cjepivo protiv covida ubrizgava u nadlakti\u010dni mi\u0161i\u0107?\",\"datePublished\":\"2021-05-26T00:07:59+00:00\",\"dateModified\":\"2021-05-26T00:08:00+00:00\",\"mainEntityOfPage\":{\"@id\":\"https:\\\/\\\/radioljubuski.ba\\\/index.php\\\/2021\\\/05\\\/26\\\/zasto-se-cjepivo-protiv-covida-ubrizgava-u-nadlakticni-misic\\\/\"},\"wordCount\":676,\"publisher\":{\"@id\":\"https:\\\/\\\/radioljubuski.ba\\\/#organization\"},\"image\":{\"@id\":\"https:\\\/\\\/radioljubuski.ba\\\/index.php\\\/2021\\\/05\\\/26\\\/zasto-se-cjepivo-protiv-covida-ubrizgava-u-nadlakticni-misic\\\/#primaryimage\"},\"thumbnailUrl\":\"https:\\\/\\\/radioljubuski.ba\\\/wp-content\\\/uploads\\\/2021\\\/05\\\/uGkWeOrm_cijepljenje.jpg\",\"articleSection\":[\"BIH i regija\"],\"inLanguage\":\"hr\"},{\"@type\":\"WebPage\",\"@id\":\"https:\\\/\\\/radioljubuski.ba\\\/index.php\\\/2021\\\/05\\\/26\\\/zasto-se-cjepivo-protiv-covida-ubrizgava-u-nadlakticni-misic\\\/\",\"url\":\"https:\\\/\\\/radioljubuski.ba\\\/index.php\\\/2021\\\/05\\\/26\\\/zasto-se-cjepivo-protiv-covida-ubrizgava-u-nadlakticni-misic\\\/\",\"name\":\"Za\u0161to se cjepivo protiv covida ubrizgava u nadlakti\u010dni mi\u0161i\u0107? - RADIO LJUBU\u0160KI\",\"isPartOf\":{\"@id\":\"https:\\\/\\\/radioljubuski.ba\\\/#website\"},\"primaryImageOfPage\":{\"@id\":\"https:\\\/\\\/radioljubuski.ba\\\/index.php\\\/2021\\\/05\\\/26\\\/zasto-se-cjepivo-protiv-covida-ubrizgava-u-nadlakticni-misic\\\/#primaryimage\"},\"image\":{\"@id\":\"https:\\\/\\\/radioljubuski.ba\\\/index.php\\\/2021\\\/05\\\/26\\\/zasto-se-cjepivo-protiv-covida-ubrizgava-u-nadlakticni-misic\\\/#primaryimage\"},\"thumbnailUrl\":\"https:\\\/\\\/radioljubuski.ba\\\/wp-content\\\/uploads\\\/2021\\\/05\\\/uGkWeOrm_cijepljenje.jpg\",\"datePublished\":\"2021-05-26T00:07:59+00:00\",\"dateModified\":\"2021-05-26T00:08:00+00:00\",\"breadcrumb\":{\"@id\":\"https:\\\/\\\/radioljubuski.ba\\\/index.php\\\/2021\\\/05\\\/26\\\/zasto-se-cjepivo-protiv-covida-ubrizgava-u-nadlakticni-misic\\\/#breadcrumb\"},\"inLanguage\":\"hr\",\"potentialAction\":[{\"@type\":\"ReadAction\",\"target\":[\"https:\\\/\\\/radioljubuski.ba\\\/index.php\\\/2021\\\/05\\\/26\\\/zasto-se-cjepivo-protiv-covida-ubrizgava-u-nadlakticni-misic\\\/\"]}]},{\"@type\":\"ImageObject\",\"inLanguage\":\"hr\",\"@id\":\"https:\\\/\\\/radioljubuski.ba\\\/index.php\\\/2021\\\/05\\\/26\\\/zasto-se-cjepivo-protiv-covida-ubrizgava-u-nadlakticni-misic\\\/#primaryimage\",\"url\":\"https:\\\/\\\/radioljubuski.ba\\\/wp-content\\\/uploads\\\/2021\\\/05\\\/uGkWeOrm_cijepljenje.jpg\",\"contentUrl\":\"https:\\\/\\\/radioljubuski.ba\\\/wp-content\\\/uploads\\\/2021\\\/05\\\/uGkWeOrm_cijepljenje.jpg\",\"width\":1000,\"height\":625},{\"@type\":\"BreadcrumbList\",\"@id\":\"https:\\\/\\\/radioljubuski.ba\\\/index.php\\\/2021\\\/05\\\/26\\\/zasto-se-cjepivo-protiv-covida-ubrizgava-u-nadlakticni-misic\\\/#breadcrumb\",\"itemListElement\":[{\"@type\":\"ListItem\",\"position\":1,\"name\":\"Po\u010detna stranica\",\"item\":\"https:\\\/\\\/radioljubuski.ba\\\/\"},{\"@type\":\"ListItem\",\"position\":2,\"name\":\"Za\u0161to se cjepivo protiv covida ubrizgava u nadlakti\u010dni mi\u0161i\u0107?\"}]},{\"@type\":\"WebSite\",\"@id\":\"https:\\\/\\\/radioljubuski.ba\\\/#website\",\"url\":\"https:\\\/\\\/radioljubuski.ba\\\/\",\"name\":\"Radio Ljubu\u0161ki\",\"description\":\"Sun\u010dana frekvencija Hercegovine\",\"publisher\":{\"@id\":\"https:\\\/\\\/radioljubuski.ba\\\/#organization\"},\"potentialAction\":[{\"@type\":\"SearchAction\",\"target\":{\"@type\":\"EntryPoint\",\"urlTemplate\":\"https:\\\/\\\/radioljubuski.ba\\\/?s={search_term_string}\"},\"query-input\":{\"@type\":\"PropertyValueSpecification\",\"valueRequired\":true,\"valueName\":\"search_term_string\"}}],\"inLanguage\":\"hr\"},{\"@type\":\"Organization\",\"@id\":\"https:\\\/\\\/radioljubuski.ba\\\/#organization\",\"name\":\"Radio Ljubu\u0161ki\",\"url\":\"https:\\\/\\\/radioljubuski.ba\\\/\",\"logo\":{\"@type\":\"ImageObject\",\"inLanguage\":\"hr\",\"@id\":\"https:\\\/\\\/radioljubuski.ba\\\/#\\\/schema\\\/logo\\\/image\\\/\",\"url\":\"https:\\\/\\\/radioljubuski.ba\\\/wp-content\\\/uploads\\\/2021\\\/02\\\/cropped-Radio_Ljubuski_logo1.jpg\",\"contentUrl\":\"https:\\\/\\\/radioljubuski.ba\\\/wp-content\\\/uploads\\\/2021\\\/02\\\/cropped-Radio_Ljubuski_logo1.jpg\",\"width\":512,\"height\":512,\"caption\":\"Radio Ljubu\u0161ki\"},\"image\":{\"@id\":\"https:\\\/\\\/radioljubuski.ba\\\/#\\\/schema\\\/logo\\\/image\\\/\"},\"sameAs\":[\"https:\\\/\\\/www.facebook.com\\\/Radiio-Ljubuski-1490835324566332\",\"https:\\\/\\\/x.com\\\/radioljubuski\",\"https:\\\/\\\/hr.linkedin.com\\\/company\\\/radio-ljubuski\",\"https:\\\/\\\/www.youtube.com\\\/channel\\\/UCHYaeO_n0Db3tjNGudGpXyw\"]},{\"@type\":\"Person\",\"@id\":\"https:\\\/\\\/radioljubuski.ba\\\/#\\\/schema\\\/person\\\/19fc700381a780f69665d7956c469e3b\",\"name\":\"Radio Ljubu\u0161ki\"}]}<\/script>\n<!-- \/ Yoast SEO plugin. -->","yoast_head_json":{"title":"Za\u0161to se cjepivo protiv covida ubrizgava u nadlakti\u010dni mi\u0161i\u0107? - RADIO LJUBU\u0160KI","robots":{"index":"index","follow":"follow","max-snippet":"max-snippet:-1","max-image-preview":"max-image-preview:large","max-video-preview":"max-video-preview:-1"},"canonical":"https:\/\/radioljubuski.ba\/index.php\/2021\/05\/26\/zasto-se-cjepivo-protiv-covida-ubrizgava-u-nadlakticni-misic\/","og_locale":"hr_HR","og_type":"article","og_title":"Za\u0161to se cjepivo protiv covida ubrizgava u nadlakti\u010dni mi\u0161i\u0107? - RADIO LJUBU\u0160KI","og_description":"Milijuni ljudi u posljednjih su nekoliko mjeseci zasukali rukave da bi primili cjepivo protiv covida-19, no za\u0161to umjesto rukava nisu &#8216;zasukali&#8217; nogavice hla\u010da? I za\u0161to naj\u010de\u0161\u0107e primamo cjepivo u nadlakti\u010dni mi\u0161i\u0107? Kao izvanredna profesorica sestrinstva na&nbsp;Sveu\u010dili\u0161tu Purdue&nbsp;s iskustvom u javnom zdravstvu i kao majka dvoje znati\u017eeljne djece,&nbsp;Libby Richards&nbsp;ovo pitanje \u010duje prili\u010dno \u010desto pa je s [&hellip;]","og_url":"https:\/\/radioljubuski.ba\/index.php\/2021\/05\/26\/zasto-se-cjepivo-protiv-covida-ubrizgava-u-nadlakticni-misic\/","og_site_name":"RADIO LJUBU\u0160KI","article_publisher":"https:\/\/www.facebook.com\/Radiio-Ljubuski-1490835324566332","article_published_time":"2021-05-26T00:07:59+00:00","article_modified_time":"2021-05-26T00:08:00+00:00","og_image":[{"width":1000,"height":625,"url":"https:\/\/radioljubuski.ba\/wp-content\/uploads\/2021\/05\/uGkWeOrm_cijepljenje.jpg","type":"image\/jpeg"}],"author":"Radio Ljubu\u0161ki","twitter_card":"summary_large_image","twitter_creator":"@radioljubuski","twitter_site":"@radioljubuski","twitter_misc":{"Napisao\/la":"Radio Ljubu\u0161ki","Procijenjeno vrijeme \u010ditanja":"3 minute"},"schema":{"@context":"https:\/\/schema.org","@graph":[{"@type":"Article","@id":"https:\/\/radioljubuski.ba\/index.php\/2021\/05\/26\/zasto-se-cjepivo-protiv-covida-ubrizgava-u-nadlakticni-misic\/#article","isPartOf":{"@id":"https:\/\/radioljubuski.ba\/index.php\/2021\/05\/26\/zasto-se-cjepivo-protiv-covida-ubrizgava-u-nadlakticni-misic\/"},"author":{"name":"Radio Ljubu\u0161ki","@id":"https:\/\/radioljubuski.ba\/#\/schema\/person\/19fc700381a780f69665d7956c469e3b"},"headline":"Za\u0161to se cjepivo protiv covida ubrizgava u nadlakti\u010dni mi\u0161i\u0107?","datePublished":"2021-05-26T00:07:59+00:00","dateModified":"2021-05-26T00:08:00+00:00","mainEntityOfPage":{"@id":"https:\/\/radioljubuski.ba\/index.php\/2021\/05\/26\/zasto-se-cjepivo-protiv-covida-ubrizgava-u-nadlakticni-misic\/"},"wordCount":676,"publisher":{"@id":"https:\/\/radioljubuski.ba\/#organization"},"image":{"@id":"https:\/\/radioljubuski.ba\/index.php\/2021\/05\/26\/zasto-se-cjepivo-protiv-covida-ubrizgava-u-nadlakticni-misic\/#primaryimage"},"thumbnailUrl":"https:\/\/radioljubuski.ba\/wp-content\/uploads\/2021\/05\/uGkWeOrm_cijepljenje.jpg","articleSection":["BIH i regija"],"inLanguage":"hr"},{"@type":"WebPage","@id":"https:\/\/radioljubuski.ba\/index.php\/2021\/05\/26\/zasto-se-cjepivo-protiv-covida-ubrizgava-u-nadlakticni-misic\/","url":"https:\/\/radioljubuski.ba\/index.php\/2021\/05\/26\/zasto-se-cjepivo-protiv-covida-ubrizgava-u-nadlakticni-misic\/","name":"Za\u0161to se cjepivo protiv covida ubrizgava u nadlakti\u010dni mi\u0161i\u0107? - RADIO LJUBU\u0160KI","isPartOf":{"@id":"https:\/\/radioljubuski.ba\/#website"},"primaryImageOfPage":{"@id":"https:\/\/radioljubuski.ba\/index.php\/2021\/05\/26\/zasto-se-cjepivo-protiv-covida-ubrizgava-u-nadlakticni-misic\/#primaryimage"},"image":{"@id":"https:\/\/radioljubuski.ba\/index.php\/2021\/05\/26\/zasto-se-cjepivo-protiv-covida-ubrizgava-u-nadlakticni-misic\/#primaryimage"},"thumbnailUrl":"https:\/\/radioljubuski.ba\/wp-content\/uploads\/2021\/05\/uGkWeOrm_cijepljenje.jpg","datePublished":"2021-05-26T00:07:59+00:00","dateModified":"2021-05-26T00:08:00+00:00","breadcrumb":{"@id":"https:\/\/radioljubuski.ba\/index.php\/2021\/05\/26\/zasto-se-cjepivo-protiv-covida-ubrizgava-u-nadlakticni-misic\/#breadcrumb"},"inLanguage":"hr","potentialAction":[{"@type":"ReadAction","target":["https:\/\/radioljubuski.ba\/index.php\/2021\/05\/26\/zasto-se-cjepivo-protiv-covida-ubrizgava-u-nadlakticni-misic\/"]}]},{"@type":"ImageObject","inLanguage":"hr","@id":"https:\/\/radioljubuski.ba\/index.php\/2021\/05\/26\/zasto-se-cjepivo-protiv-covida-ubrizgava-u-nadlakticni-misic\/#primaryimage","url":"https:\/\/radioljubuski.ba\/wp-content\/uploads\/2021\/05\/uGkWeOrm_cijepljenje.jpg","contentUrl":"https:\/\/radioljubuski.ba\/wp-content\/uploads\/2021\/05\/uGkWeOrm_cijepljenje.jpg","width":1000,"height":625},{"@type":"BreadcrumbList","@id":"https:\/\/radioljubuski.ba\/index.php\/2021\/05\/26\/zasto-se-cjepivo-protiv-covida-ubrizgava-u-nadlakticni-misic\/#breadcrumb","itemListElement":[{"@type":"ListItem","position":1,"name":"Po\u010detna stranica","item":"https:\/\/radioljubuski.ba\/"},{"@type":"ListItem","position":2,"name":"Za\u0161to se cjepivo protiv covida ubrizgava u nadlakti\u010dni mi\u0161i\u0107?"}]},{"@type":"WebSite","@id":"https:\/\/radioljubuski.ba\/#website","url":"https:\/\/radioljubuski.ba\/","name":"Radio Ljubu\u0161ki","description":"Sun\u010dana frekvencija Hercegovine","publisher":{"@id":"https:\/\/radioljubuski.ba\/#organization"},"potentialAction":[{"@type":"SearchAction","target":{"@type":"EntryPoint","urlTemplate":"https:\/\/radioljubuski.ba\/?s={search_term_string}"},"query-input":{"@type":"PropertyValueSpecification","valueRequired":true,"valueName":"search_term_string"}}],"inLanguage":"hr"},{"@type":"Organization","@id":"https:\/\/radioljubuski.ba\/#organization","name":"Radio Ljubu\u0161ki","url":"https:\/\/radioljubuski.ba\/","logo":{"@type":"ImageObject","inLanguage":"hr","@id":"https:\/\/radioljubuski.ba\/#\/schema\/logo\/image\/","url":"https:\/\/radioljubuski.ba\/wp-content\/uploads\/2021\/02\/cropped-Radio_Ljubuski_logo1.jpg","contentUrl":"https:\/\/radioljubuski.ba\/wp-content\/uploads\/2021\/02\/cropped-Radio_Ljubuski_logo1.jpg","width":512,"height":512,"caption":"Radio Ljubu\u0161ki"},"image":{"@id":"https:\/\/radioljubuski.ba\/#\/schema\/logo\/image\/"},"sameAs":["https:\/\/www.facebook.com\/Radiio-Ljubuski-1490835324566332","https:\/\/x.com\/radioljubuski","https:\/\/hr.linkedin.com\/company\/radio-ljubuski","https:\/\/www.youtube.com\/channel\/UCHYaeO_n0Db3tjNGudGpXyw"]},{"@type":"Person","@id":"https:\/\/radioljubuski.ba\/#\/schema\/person\/19fc700381a780f69665d7956c469e3b","name":"Radio Ljubu\u0161ki"}]}},"_links":{"self":[{"href":"https:\/\/radioljubuski.ba\/index.php\/wp-json\/wp\/v2\/posts\/25210","targetHints":{"allow":["GET"]}}],"collection":[{"href":"https:\/\/radioljubuski.ba\/index.php\/wp-json\/wp\/v2\/posts"}],"about":[{"href":"https:\/\/radioljubuski.ba\/index.php\/wp-json\/wp\/v2\/types\/post"}],"author":[{"embeddable":true,"href":"https:\/\/radioljubuski.ba\/index.php\/wp-json\/wp\/v2\/users\/2"}],"replies":[{"embeddable":true,"href":"https:\/\/radioljubuski.ba\/index.php\/wp-json\/wp\/v2\/comments?post=25210"}],"version-history":[{"count":1,"href":"https:\/\/radioljubuski.ba\/index.php\/wp-json\/wp\/v2\/posts\/25210\/revisions"}],"predecessor-version":[{"id":25211,"href":"https:\/\/radioljubuski.ba\/index.php\/wp-json\/wp\/v2\/posts\/25210\/revisions\/25211"}],"wp:featuredmedia":[{"embeddable":true,"href":"https:\/\/radioljubuski.ba\/index.php\/wp-json\/wp\/v2\/media\/21770"}],"wp:attachment":[{"href":"https:\/\/radioljubuski.ba\/index.php\/wp-json\/wp\/v2\/media?parent=25210"}],"wp:term":[{"taxonomy":"category","embeddable":true,"href":"https:\/\/radioljubuski.ba\/index.php\/wp-json\/wp\/v2\/categories?post=25210"},{"taxonomy":"post_tag","embeddable":true,"href":"https:\/\/radioljubuski.ba\/index.php\/wp-json\/wp\/v2\/tags?post=25210"}],"curies":[{"name":"wp","href":"https:\/\/api.w.org\/{rel}","templated":true}]}}