{"id":25227,"date":"2021-05-26T01:16:21","date_gmt":"2021-05-26T00:16:21","guid":{"rendered":"https:\/\/radioljubuski.ba\/?p=25227"},"modified":"2021-05-26T01:16:21","modified_gmt":"2021-05-26T00:16:21","slug":"hoce-li-bh-gradani-dolaziti-na-ljeto-iz-njemacke-zbog-pcr-testa-mnogi-nece-na-odmor","status":"publish","type":"post","link":"https:\/\/radioljubuski.ba\/index.php\/2021\/05\/26\/hoce-li-bh-gradani-dolaziti-na-ljeto-iz-njemacke-zbog-pcr-testa-mnogi-nece-na-odmor\/","title":{"rendered":"Ho\u0107e li bh. gra\u0111ani dolaziti na ljeto iz Njema\u010dke: Zbog PCR testa mnogi ne\u0107e na odmor"},"content":{"rendered":"\n<p>Nakon mjeseci \u201clockdowna\u201d mnogi stanovnici Njema\u010dke \u017eeljno i\u0161\u010dekuju ljeto i odlazak na godi\u0161nji odmor. No, oni koji \u017eele putovati izvan Njema\u010dke moraju biti spremni na dodatne tro\u0161kove jer mnoge zemlje od turista tra\u017ee PCR negativan test na koronavirus.<\/p>\n\n\n\n<p>Kao primjer, njema\u010dki RTL donosi reporta\u017eu o obitelji Holler iz Dresdena koja planira putovanje na Kretu. Putovanje su rezervirali za sredinu kolovoza. Za odlazak na Kretu moraju imati negativni PCR test na koronavirus. Kako pi\u0161e RTL.de, ako PCR test naprave u ljekarni ko\u0161tat \u0107e ih 89 eura po osobi, a centru za testiranje \u010dak 150 eura po osobi.<\/p>\n\n\n\n<p>To zna\u010di kako \u0107e jedna \u010detvero\u010dlana obitelj za PCR test morati izdvojiti od 356 do 600 eura. To je cijena testova samo za odlazak na odmor. Vjerojatno toliko \u0107e jo\u0161 potro\u0161iti na testove po povratku u Njema\u010dku. \u2013 Bit \u0107u iskrena pa \u0107u re\u0107i kako je ovo \u0161to vlasti o\u010dekuju i zahtijevaju zapravo kra\u0111a \u2013 ka\u017ee Anne Holler, prenosi Fenix-magazin. Isto misli i ekonomski politi\u010dar FDP-a Gerald Ullrich. On zahtijeva besplatni PCR test za sve koji odlaze na odmor izvan Njema\u010dke a koji jo\u0161 nisu dobili poziv za cijepljenje do ljetnih praznika. \u2013 Obiteljima je u ovoj korona krizi ionako bilo te\u0161ko. Ako je potreban PCR test, \u010detvero\u010dlana obitelj mogla bi imati dodatnih tro\u0161kova od 800 eura.<\/p>\n\n\n\n<p>Savezna vlada trebala bi prona\u0107i jednostavan na\u010din na koji \u0107e oni koji odlaze na putovanje mo\u0107i besplatno odraditi PCR test za svaku osobu prije odlaska iz Njema\u010dke, ali i kad se vra\u0107aju u Njema\u010dku \u2013 rekao je Ullrich. Hrvatska centrala za turizam (Kroatische Zentrale f\u00fcr Tourismus) iz Frankfurta, koju vodi direktor Romeo Draghicchio, uputila je njema\u010dkim i hrvatskim medijima u Njema\u010dkoj obavijest o promijenjenim uvjetima putovanju iz Njema\u010dke u Hrvatsku nakon \u0161to je Njema\u010dka skinula Hrvatsku, zajedno sa Francuskom i Slovenijom, sa liste visokorizi\u010dnih zemalja.<\/p>\n\n\n\n<p>U obavijesti se navodi kako je ljetni odmor za goste iz Njema\u010dke u Hrvatskoj mogu\u0107 od nedjelje, 23. svibnja 2021.godine kada su znatno ubla\u017eena i pravila za one koji se vra\u0107aju u Njema\u010dku iz Hrvatske. Tako putnici koji se vra\u0107aju s negativnim testom ili oni koji su potpuno cijepljeni ili oporavljeni, izuzeti su od odlaska u karantenu nakon \u0161to se vrate u Njema\u010dku. Ho\u0107e li mnogi bh. gra\u0111ani mo\u0107i do\u0107i u BiH na ljetni odmor iz Njema\u010dke neizvjesno je i dalje, jer s brojnim pravilima na granicama to postaje prevelik tro\u0161ak.<\/p>\n\n\n\n<p>Izvor:vecernji.ba<\/p>\n","protected":false},"excerpt":{"rendered":"<p>Nakon mjeseci \u201clockdowna\u201d mnogi stanovnici Njema\u010dke \u017eeljno i\u0161\u010dekuju ljeto i odlazak na godi\u0161nji odmor. No, oni koji \u017eele putovati izvan Njema\u010dke moraju biti spremni na dodatne tro\u0161kove jer mnoge zemlje od turista tra\u017ee PCR negativan test na koronavirus. Kao primjer, njema\u010dki RTL donosi reporta\u017eu o obitelji Holler iz Dresdena koja planira putovanje na Kretu. Putovanje [&hellip;]<\/p>\n","protected":false},"author":2,"featured_media":25228,"comment_status":"closed","ping_status":"closed","sticky":false,"template":"","format":"standard","meta":{"h5ap_radio_sources":[],"footnotes":""},"categories":[1],"tags":[],"class_list":["post-25227","post","type-post","status-publish","format-standard","has-post-thumbnail","hentry","category-bihiregija"],"yoast_head":"<!-- This site is optimized with the Yoast SEO plugin v27.4 - https:\/\/yoast.com\/product\/yoast-seo-wordpress\/ -->\n<title>Ho\u0107e li bh. gra\u0111ani dolaziti na ljeto iz Njema\u010dke: Zbog PCR testa mnogi ne\u0107e na odmor - RADIO LJUBU\u0160KI<\/title>\n<meta name=\"robots\" content=\"index, follow, max-snippet:-1, max-image-preview:large, max-video-preview:-1\" \/>\n<link rel=\"canonical\" href=\"https:\/\/radioljubuski.ba\/index.php\/2021\/05\/26\/hoce-li-bh-gradani-dolaziti-na-ljeto-iz-njemacke-zbog-pcr-testa-mnogi-nece-na-odmor\/\" \/>\n<meta property=\"og:locale\" content=\"hr_HR\" \/>\n<meta property=\"og:type\" content=\"article\" \/>\n<meta property=\"og:title\" content=\"Ho\u0107e li bh. gra\u0111ani dolaziti na ljeto iz Njema\u010dke: Zbog PCR testa mnogi ne\u0107e na odmor - RADIO LJUBU\u0160KI\" \/>\n<meta property=\"og:description\" content=\"Nakon mjeseci \u201clockdowna\u201d mnogi stanovnici Njema\u010dke \u017eeljno i\u0161\u010dekuju ljeto i odlazak na godi\u0161nji odmor. No, oni koji \u017eele putovati izvan Njema\u010dke moraju biti spremni na dodatne tro\u0161kove jer mnoge zemlje od turista tra\u017ee PCR negativan test na koronavirus. Kao primjer, njema\u010dki RTL donosi reporta\u017eu o obitelji Holler iz Dresdena koja planira putovanje na Kretu. Putovanje [&hellip;]\" \/>\n<meta property=\"og:url\" content=\"https:\/\/radioljubuski.ba\/index.php\/2021\/05\/26\/hoce-li-bh-gradani-dolaziti-na-ljeto-iz-njemacke-zbog-pcr-testa-mnogi-nece-na-odmor\/\" \/>\n<meta property=\"og:site_name\" content=\"RADIO LJUBU\u0160KI\" \/>\n<meta property=\"article:publisher\" content=\"https:\/\/www.facebook.com\/Radiio-Ljubuski-1490835324566332\" \/>\n<meta property=\"article:published_time\" content=\"2021-05-26T00:16:21+00:00\" \/>\n<meta property=\"og:image\" content=\"https:\/\/radioljubuski.ba\/wp-content\/uploads\/2021\/05\/7-2021-05-25-21-08-56-823882382.jpg\" \/>\n\t<meta property=\"og:image:width\" content=\"1000\" \/>\n\t<meta property=\"og:image:height\" content=\"625\" \/>\n\t<meta property=\"og:image:type\" content=\"image\/jpeg\" \/>\n<meta name=\"author\" content=\"Radio Ljubu\u0161ki\" \/>\n<meta name=\"twitter:card\" content=\"summary_large_image\" \/>\n<meta name=\"twitter:creator\" content=\"@radioljubuski\" \/>\n<meta name=\"twitter:site\" content=\"@radioljubuski\" \/>\n<meta name=\"twitter:label1\" content=\"Napisao\/la\" \/>\n\t<meta name=\"twitter:data1\" content=\"Radio Ljubu\u0161ki\" \/>\n\t<meta name=\"twitter:label2\" content=\"Procijenjeno vrijeme \u010ditanja\" \/>\n\t<meta name=\"twitter:data2\" content=\"2 minute\" \/>\n<script type=\"application\/ld+json\" class=\"yoast-schema-graph\">{\"@context\":\"https:\\\/\\\/schema.org\",\"@graph\":[{\"@type\":\"Article\",\"@id\":\"https:\\\/\\\/radioljubuski.ba\\\/index.php\\\/2021\\\/05\\\/26\\\/hoce-li-bh-gradani-dolaziti-na-ljeto-iz-njemacke-zbog-pcr-testa-mnogi-nece-na-odmor\\\/#article\",\"isPartOf\":{\"@id\":\"https:\\\/\\\/radioljubuski.ba\\\/index.php\\\/2021\\\/05\\\/26\\\/hoce-li-bh-gradani-dolaziti-na-ljeto-iz-njemacke-zbog-pcr-testa-mnogi-nece-na-odmor\\\/\"},\"author\":{\"name\":\"Radio Ljubu\u0161ki\",\"@id\":\"https:\\\/\\\/radioljubuski.ba\\\/#\\\/schema\\\/person\\\/19fc700381a780f69665d7956c469e3b\"},\"headline\":\"Ho\u0107e li bh. gra\u0111ani dolaziti na ljeto iz Njema\u010dke: Zbog PCR testa mnogi ne\u0107e na odmor\",\"datePublished\":\"2021-05-26T00:16:21+00:00\",\"mainEntityOfPage\":{\"@id\":\"https:\\\/\\\/radioljubuski.ba\\\/index.php\\\/2021\\\/05\\\/26\\\/hoce-li-bh-gradani-dolaziti-na-ljeto-iz-njemacke-zbog-pcr-testa-mnogi-nece-na-odmor\\\/\"},\"wordCount\":450,\"publisher\":{\"@id\":\"https:\\\/\\\/radioljubuski.ba\\\/#organization\"},\"image\":{\"@id\":\"https:\\\/\\\/radioljubuski.ba\\\/index.php\\\/2021\\\/05\\\/26\\\/hoce-li-bh-gradani-dolaziti-na-ljeto-iz-njemacke-zbog-pcr-testa-mnogi-nece-na-odmor\\\/#primaryimage\"},\"thumbnailUrl\":\"https:\\\/\\\/radioljubuski.ba\\\/wp-content\\\/uploads\\\/2021\\\/05\\\/7-2021-05-25-21-08-56-823882382.jpg\",\"articleSection\":[\"BIH i regija\"],\"inLanguage\":\"hr\"},{\"@type\":\"WebPage\",\"@id\":\"https:\\\/\\\/radioljubuski.ba\\\/index.php\\\/2021\\\/05\\\/26\\\/hoce-li-bh-gradani-dolaziti-na-ljeto-iz-njemacke-zbog-pcr-testa-mnogi-nece-na-odmor\\\/\",\"url\":\"https:\\\/\\\/radioljubuski.ba\\\/index.php\\\/2021\\\/05\\\/26\\\/hoce-li-bh-gradani-dolaziti-na-ljeto-iz-njemacke-zbog-pcr-testa-mnogi-nece-na-odmor\\\/\",\"name\":\"Ho\u0107e li bh. gra\u0111ani dolaziti na ljeto iz Njema\u010dke: Zbog PCR testa mnogi ne\u0107e na odmor - RADIO LJUBU\u0160KI\",\"isPartOf\":{\"@id\":\"https:\\\/\\\/radioljubuski.ba\\\/#website\"},\"primaryImageOfPage\":{\"@id\":\"https:\\\/\\\/radioljubuski.ba\\\/index.php\\\/2021\\\/05\\\/26\\\/hoce-li-bh-gradani-dolaziti-na-ljeto-iz-njemacke-zbog-pcr-testa-mnogi-nece-na-odmor\\\/#primaryimage\"},\"image\":{\"@id\":\"https:\\\/\\\/radioljubuski.ba\\\/index.php\\\/2021\\\/05\\\/26\\\/hoce-li-bh-gradani-dolaziti-na-ljeto-iz-njemacke-zbog-pcr-testa-mnogi-nece-na-odmor\\\/#primaryimage\"},\"thumbnailUrl\":\"https:\\\/\\\/radioljubuski.ba\\\/wp-content\\\/uploads\\\/2021\\\/05\\\/7-2021-05-25-21-08-56-823882382.jpg\",\"datePublished\":\"2021-05-26T00:16:21+00:00\",\"breadcrumb\":{\"@id\":\"https:\\\/\\\/radioljubuski.ba\\\/index.php\\\/2021\\\/05\\\/26\\\/hoce-li-bh-gradani-dolaziti-na-ljeto-iz-njemacke-zbog-pcr-testa-mnogi-nece-na-odmor\\\/#breadcrumb\"},\"inLanguage\":\"hr\",\"potentialAction\":[{\"@type\":\"ReadAction\",\"target\":[\"https:\\\/\\\/radioljubuski.ba\\\/index.php\\\/2021\\\/05\\\/26\\\/hoce-li-bh-gradani-dolaziti-na-ljeto-iz-njemacke-zbog-pcr-testa-mnogi-nece-na-odmor\\\/\"]}]},{\"@type\":\"ImageObject\",\"inLanguage\":\"hr\",\"@id\":\"https:\\\/\\\/radioljubuski.ba\\\/index.php\\\/2021\\\/05\\\/26\\\/hoce-li-bh-gradani-dolaziti-na-ljeto-iz-njemacke-zbog-pcr-testa-mnogi-nece-na-odmor\\\/#primaryimage\",\"url\":\"https:\\\/\\\/radioljubuski.ba\\\/wp-content\\\/uploads\\\/2021\\\/05\\\/7-2021-05-25-21-08-56-823882382.jpg\",\"contentUrl\":\"https:\\\/\\\/radioljubuski.ba\\\/wp-content\\\/uploads\\\/2021\\\/05\\\/7-2021-05-25-21-08-56-823882382.jpg\",\"width\":1000,\"height\":625},{\"@type\":\"BreadcrumbList\",\"@id\":\"https:\\\/\\\/radioljubuski.ba\\\/index.php\\\/2021\\\/05\\\/26\\\/hoce-li-bh-gradani-dolaziti-na-ljeto-iz-njemacke-zbog-pcr-testa-mnogi-nece-na-odmor\\\/#breadcrumb\",\"itemListElement\":[{\"@type\":\"ListItem\",\"position\":1,\"name\":\"Po\u010detna stranica\",\"item\":\"https:\\\/\\\/radioljubuski.ba\\\/\"},{\"@type\":\"ListItem\",\"position\":2,\"name\":\"Ho\u0107e li bh. gra\u0111ani dolaziti na ljeto iz Njema\u010dke: Zbog PCR testa mnogi ne\u0107e na odmor\"}]},{\"@type\":\"WebSite\",\"@id\":\"https:\\\/\\\/radioljubuski.ba\\\/#website\",\"url\":\"https:\\\/\\\/radioljubuski.ba\\\/\",\"name\":\"Radio Ljubu\u0161ki\",\"description\":\"Sun\u010dana frekvencija Hercegovine\",\"publisher\":{\"@id\":\"https:\\\/\\\/radioljubuski.ba\\\/#organization\"},\"potentialAction\":[{\"@type\":\"SearchAction\",\"target\":{\"@type\":\"EntryPoint\",\"urlTemplate\":\"https:\\\/\\\/radioljubuski.ba\\\/?s={search_term_string}\"},\"query-input\":{\"@type\":\"PropertyValueSpecification\",\"valueRequired\":true,\"valueName\":\"search_term_string\"}}],\"inLanguage\":\"hr\"},{\"@type\":\"Organization\",\"@id\":\"https:\\\/\\\/radioljubuski.ba\\\/#organization\",\"name\":\"Radio Ljubu\u0161ki\",\"url\":\"https:\\\/\\\/radioljubuski.ba\\\/\",\"logo\":{\"@type\":\"ImageObject\",\"inLanguage\":\"hr\",\"@id\":\"https:\\\/\\\/radioljubuski.ba\\\/#\\\/schema\\\/logo\\\/image\\\/\",\"url\":\"https:\\\/\\\/radioljubuski.ba\\\/wp-content\\\/uploads\\\/2021\\\/02\\\/cropped-Radio_Ljubuski_logo1.jpg\",\"contentUrl\":\"https:\\\/\\\/radioljubuski.ba\\\/wp-content\\\/uploads\\\/2021\\\/02\\\/cropped-Radio_Ljubuski_logo1.jpg\",\"width\":512,\"height\":512,\"caption\":\"Radio Ljubu\u0161ki\"},\"image\":{\"@id\":\"https:\\\/\\\/radioljubuski.ba\\\/#\\\/schema\\\/logo\\\/image\\\/\"},\"sameAs\":[\"https:\\\/\\\/www.facebook.com\\\/Radiio-Ljubuski-1490835324566332\",\"https:\\\/\\\/x.com\\\/radioljubuski\",\"https:\\\/\\\/hr.linkedin.com\\\/company\\\/radio-ljubuski\",\"https:\\\/\\\/www.youtube.com\\\/channel\\\/UCHYaeO_n0Db3tjNGudGpXyw\"]},{\"@type\":\"Person\",\"@id\":\"https:\\\/\\\/radioljubuski.ba\\\/#\\\/schema\\\/person\\\/19fc700381a780f69665d7956c469e3b\",\"name\":\"Radio Ljubu\u0161ki\"}]}<\/script>\n<!-- \/ Yoast SEO plugin. -->","yoast_head_json":{"title":"Ho\u0107e li bh. gra\u0111ani dolaziti na ljeto iz Njema\u010dke: Zbog PCR testa mnogi ne\u0107e na odmor - RADIO LJUBU\u0160KI","robots":{"index":"index","follow":"follow","max-snippet":"max-snippet:-1","max-image-preview":"max-image-preview:large","max-video-preview":"max-video-preview:-1"},"canonical":"https:\/\/radioljubuski.ba\/index.php\/2021\/05\/26\/hoce-li-bh-gradani-dolaziti-na-ljeto-iz-njemacke-zbog-pcr-testa-mnogi-nece-na-odmor\/","og_locale":"hr_HR","og_type":"article","og_title":"Ho\u0107e li bh. gra\u0111ani dolaziti na ljeto iz Njema\u010dke: Zbog PCR testa mnogi ne\u0107e na odmor - RADIO LJUBU\u0160KI","og_description":"Nakon mjeseci \u201clockdowna\u201d mnogi stanovnici Njema\u010dke \u017eeljno i\u0161\u010dekuju ljeto i odlazak na godi\u0161nji odmor. No, oni koji \u017eele putovati izvan Njema\u010dke moraju biti spremni na dodatne tro\u0161kove jer mnoge zemlje od turista tra\u017ee PCR negativan test na koronavirus. Kao primjer, njema\u010dki RTL donosi reporta\u017eu o obitelji Holler iz Dresdena koja planira putovanje na Kretu. Putovanje [&hellip;]","og_url":"https:\/\/radioljubuski.ba\/index.php\/2021\/05\/26\/hoce-li-bh-gradani-dolaziti-na-ljeto-iz-njemacke-zbog-pcr-testa-mnogi-nece-na-odmor\/","og_site_name":"RADIO LJUBU\u0160KI","article_publisher":"https:\/\/www.facebook.com\/Radiio-Ljubuski-1490835324566332","article_published_time":"2021-05-26T00:16:21+00:00","og_image":[{"width":1000,"height":625,"url":"https:\/\/radioljubuski.ba\/wp-content\/uploads\/2021\/05\/7-2021-05-25-21-08-56-823882382.jpg","type":"image\/jpeg"}],"author":"Radio Ljubu\u0161ki","twitter_card":"summary_large_image","twitter_creator":"@radioljubuski","twitter_site":"@radioljubuski","twitter_misc":{"Napisao\/la":"Radio Ljubu\u0161ki","Procijenjeno vrijeme \u010ditanja":"2 minute"},"schema":{"@context":"https:\/\/schema.org","@graph":[{"@type":"Article","@id":"https:\/\/radioljubuski.ba\/index.php\/2021\/05\/26\/hoce-li-bh-gradani-dolaziti-na-ljeto-iz-njemacke-zbog-pcr-testa-mnogi-nece-na-odmor\/#article","isPartOf":{"@id":"https:\/\/radioljubuski.ba\/index.php\/2021\/05\/26\/hoce-li-bh-gradani-dolaziti-na-ljeto-iz-njemacke-zbog-pcr-testa-mnogi-nece-na-odmor\/"},"author":{"name":"Radio Ljubu\u0161ki","@id":"https:\/\/radioljubuski.ba\/#\/schema\/person\/19fc700381a780f69665d7956c469e3b"},"headline":"Ho\u0107e li bh. gra\u0111ani dolaziti na ljeto iz Njema\u010dke: Zbog PCR testa mnogi ne\u0107e na odmor","datePublished":"2021-05-26T00:16:21+00:00","mainEntityOfPage":{"@id":"https:\/\/radioljubuski.ba\/index.php\/2021\/05\/26\/hoce-li-bh-gradani-dolaziti-na-ljeto-iz-njemacke-zbog-pcr-testa-mnogi-nece-na-odmor\/"},"wordCount":450,"publisher":{"@id":"https:\/\/radioljubuski.ba\/#organization"},"image":{"@id":"https:\/\/radioljubuski.ba\/index.php\/2021\/05\/26\/hoce-li-bh-gradani-dolaziti-na-ljeto-iz-njemacke-zbog-pcr-testa-mnogi-nece-na-odmor\/#primaryimage"},"thumbnailUrl":"https:\/\/radioljubuski.ba\/wp-content\/uploads\/2021\/05\/7-2021-05-25-21-08-56-823882382.jpg","articleSection":["BIH i regija"],"inLanguage":"hr"},{"@type":"WebPage","@id":"https:\/\/radioljubuski.ba\/index.php\/2021\/05\/26\/hoce-li-bh-gradani-dolaziti-na-ljeto-iz-njemacke-zbog-pcr-testa-mnogi-nece-na-odmor\/","url":"https:\/\/radioljubuski.ba\/index.php\/2021\/05\/26\/hoce-li-bh-gradani-dolaziti-na-ljeto-iz-njemacke-zbog-pcr-testa-mnogi-nece-na-odmor\/","name":"Ho\u0107e li bh. gra\u0111ani dolaziti na ljeto iz Njema\u010dke: Zbog PCR testa mnogi ne\u0107e na odmor - RADIO LJUBU\u0160KI","isPartOf":{"@id":"https:\/\/radioljubuski.ba\/#website"},"primaryImageOfPage":{"@id":"https:\/\/radioljubuski.ba\/index.php\/2021\/05\/26\/hoce-li-bh-gradani-dolaziti-na-ljeto-iz-njemacke-zbog-pcr-testa-mnogi-nece-na-odmor\/#primaryimage"},"image":{"@id":"https:\/\/radioljubuski.ba\/index.php\/2021\/05\/26\/hoce-li-bh-gradani-dolaziti-na-ljeto-iz-njemacke-zbog-pcr-testa-mnogi-nece-na-odmor\/#primaryimage"},"thumbnailUrl":"https:\/\/radioljubuski.ba\/wp-content\/uploads\/2021\/05\/7-2021-05-25-21-08-56-823882382.jpg","datePublished":"2021-05-26T00:16:21+00:00","breadcrumb":{"@id":"https:\/\/radioljubuski.ba\/index.php\/2021\/05\/26\/hoce-li-bh-gradani-dolaziti-na-ljeto-iz-njemacke-zbog-pcr-testa-mnogi-nece-na-odmor\/#breadcrumb"},"inLanguage":"hr","potentialAction":[{"@type":"ReadAction","target":["https:\/\/radioljubuski.ba\/index.php\/2021\/05\/26\/hoce-li-bh-gradani-dolaziti-na-ljeto-iz-njemacke-zbog-pcr-testa-mnogi-nece-na-odmor\/"]}]},{"@type":"ImageObject","inLanguage":"hr","@id":"https:\/\/radioljubuski.ba\/index.php\/2021\/05\/26\/hoce-li-bh-gradani-dolaziti-na-ljeto-iz-njemacke-zbog-pcr-testa-mnogi-nece-na-odmor\/#primaryimage","url":"https:\/\/radioljubuski.ba\/wp-content\/uploads\/2021\/05\/7-2021-05-25-21-08-56-823882382.jpg","contentUrl":"https:\/\/radioljubuski.ba\/wp-content\/uploads\/2021\/05\/7-2021-05-25-21-08-56-823882382.jpg","width":1000,"height":625},{"@type":"BreadcrumbList","@id":"https:\/\/radioljubuski.ba\/index.php\/2021\/05\/26\/hoce-li-bh-gradani-dolaziti-na-ljeto-iz-njemacke-zbog-pcr-testa-mnogi-nece-na-odmor\/#breadcrumb","itemListElement":[{"@type":"ListItem","position":1,"name":"Po\u010detna stranica","item":"https:\/\/radioljubuski.ba\/"},{"@type":"ListItem","position":2,"name":"Ho\u0107e li bh. gra\u0111ani dolaziti na ljeto iz Njema\u010dke: Zbog PCR testa mnogi ne\u0107e na odmor"}]},{"@type":"WebSite","@id":"https:\/\/radioljubuski.ba\/#website","url":"https:\/\/radioljubuski.ba\/","name":"Radio Ljubu\u0161ki","description":"Sun\u010dana frekvencija Hercegovine","publisher":{"@id":"https:\/\/radioljubuski.ba\/#organization"},"potentialAction":[{"@type":"SearchAction","target":{"@type":"EntryPoint","urlTemplate":"https:\/\/radioljubuski.ba\/?s={search_term_string}"},"query-input":{"@type":"PropertyValueSpecification","valueRequired":true,"valueName":"search_term_string"}}],"inLanguage":"hr"},{"@type":"Organization","@id":"https:\/\/radioljubuski.ba\/#organization","name":"Radio Ljubu\u0161ki","url":"https:\/\/radioljubuski.ba\/","logo":{"@type":"ImageObject","inLanguage":"hr","@id":"https:\/\/radioljubuski.ba\/#\/schema\/logo\/image\/","url":"https:\/\/radioljubuski.ba\/wp-content\/uploads\/2021\/02\/cropped-Radio_Ljubuski_logo1.jpg","contentUrl":"https:\/\/radioljubuski.ba\/wp-content\/uploads\/2021\/02\/cropped-Radio_Ljubuski_logo1.jpg","width":512,"height":512,"caption":"Radio Ljubu\u0161ki"},"image":{"@id":"https:\/\/radioljubuski.ba\/#\/schema\/logo\/image\/"},"sameAs":["https:\/\/www.facebook.com\/Radiio-Ljubuski-1490835324566332","https:\/\/x.com\/radioljubuski","https:\/\/hr.linkedin.com\/company\/radio-ljubuski","https:\/\/www.youtube.com\/channel\/UCHYaeO_n0Db3tjNGudGpXyw"]},{"@type":"Person","@id":"https:\/\/radioljubuski.ba\/#\/schema\/person\/19fc700381a780f69665d7956c469e3b","name":"Radio Ljubu\u0161ki"}]}},"_links":{"self":[{"href":"https:\/\/radioljubuski.ba\/index.php\/wp-json\/wp\/v2\/posts\/25227","targetHints":{"allow":["GET"]}}],"collection":[{"href":"https:\/\/radioljubuski.ba\/index.php\/wp-json\/wp\/v2\/posts"}],"about":[{"href":"https:\/\/radioljubuski.ba\/index.php\/wp-json\/wp\/v2\/types\/post"}],"author":[{"embeddable":true,"href":"https:\/\/radioljubuski.ba\/index.php\/wp-json\/wp\/v2\/users\/2"}],"replies":[{"embeddable":true,"href":"https:\/\/radioljubuski.ba\/index.php\/wp-json\/wp\/v2\/comments?post=25227"}],"version-history":[{"count":1,"href":"https:\/\/radioljubuski.ba\/index.php\/wp-json\/wp\/v2\/posts\/25227\/revisions"}],"predecessor-version":[{"id":25229,"href":"https:\/\/radioljubuski.ba\/index.php\/wp-json\/wp\/v2\/posts\/25227\/revisions\/25229"}],"wp:featuredmedia":[{"embeddable":true,"href":"https:\/\/radioljubuski.ba\/index.php\/wp-json\/wp\/v2\/media\/25228"}],"wp:attachment":[{"href":"https:\/\/radioljubuski.ba\/index.php\/wp-json\/wp\/v2\/media?parent=25227"}],"wp:term":[{"taxonomy":"category","embeddable":true,"href":"https:\/\/radioljubuski.ba\/index.php\/wp-json\/wp\/v2\/categories?post=25227"},{"taxonomy":"post_tag","embeddable":true,"href":"https:\/\/radioljubuski.ba\/index.php\/wp-json\/wp\/v2\/tags?post=25227"}],"curies":[{"name":"wp","href":"https:\/\/api.w.org\/{rel}","templated":true}]}}