{"id":25230,"date":"2021-05-26T01:17:47","date_gmt":"2021-05-26T00:17:47","guid":{"rendered":"https:\/\/radioljubuski.ba\/?p=25230"},"modified":"2021-05-26T01:17:48","modified_gmt":"2021-05-26T00:17:48","slug":"moguce-ocekivati-poskupljenje-mesa-pekarskih-proizvoda","status":"publish","type":"post","link":"https:\/\/radioljubuski.ba\/index.php\/2021\/05\/26\/moguce-ocekivati-poskupljenje-mesa-pekarskih-proizvoda\/","title":{"rendered":"Mogu\u0107e o\u010dekivati poskupljenje mesa, pekarskih proizvoda&#8230;"},"content":{"rendered":"\n<p>Cijene hrane od po\u010detka pojave pandemije koronavirusa nezaustavljivo rastu. Poskupljenje \u017eitarica i uljarica, koje \u010dine osnovu za prehranu stoke, zadaje udarce doma\u0107im proizvo\u0111a\u010dima koji \u0107e, ako ovako stvari budu stajale, biti primorani dizati cijene proizvoda, pi\u0161e Ve\u010dernji list BiH. Me\u0111u namirnicama koje \u0107e se vrlo vjerojatno na\u0107i da udaru poskupljenja bit \u0107e pekarski proizvodi i meso. Upozorili su na to i iz UN-ove Organizacije za hranu i poljoprivredu (FAO). Navode kako su cijene osnovnih \u017eivotnih namirnica diljem svijeta proteklih mjeseci znatno rasle, u prosjeku za tre\u0107inu vi\u0161e nego pro\u0161le godine, te kako je cijena kukuruza porasla za 60% u odnosu na prosje\u010dnu u pro\u0161loj godini, dok su za 26% poskupjele ostale \u017eitarice. Tona p\u0161enice, prema njihovu izra\u010dunu, u svibnju pro\u0161le godine na burzi u Frankfurtu stajala je 185 eura, dok je sada dosegnula 251 euro. &#8211; Osim lo\u0161e \u017eetve, jedan od razloga za drasti\u010dan skok cijena osnovnih \u017eivotnih namirnica su i vi\u0161e cijene sirovina, nafte te vi\u0161i tro\u0161kovi prijevoza. Primije\u0107en je i veliki rast cijena \u0161e\u0107era, koji je skuplji za \u010dak 60% &#8211; navode iz FAO-a. Isti\u010du kako \u0107e se skok cijena sirovina osjetiti tijekom svakodnevne kupnje jer \u0107e proizvo\u0111a\u010di keksa, kruha i \u010dipsa zbog skupih sirovina pove\u0107ati cijene, dok \u0107e meso poskupjeti zbog vi\u0161ih cijena kukuruza i soje, koji su osnovne sirovine za prehranu \u017eivotinja.<\/p>\n\n\n\n<p>Predsjednik Udruge poljoprivrednih proizvo\u0111a\u010da i mljekara RS-a Vladimir Usorac kazao nam je kako su poskupljenja na svjetskoj razini doma\u0107im proizvo\u0111a\u010dima zadala jo\u0161 ja\u010di udarac. &#8211; Otkupna cijena mlijeka i kukuruza je izjedna\u010dena. To se nikad nije dogodilo. U skorije vrijeme ili \u0107e do\u0107i do poskupljenja ili do ga\u0161enja poljoprivrednih gospodarstava. Dr\u017eava je od pro\u0161le godine do sada dala 10 mil. KM, no bojim se scenarija kada se prestane pomagati proizvo\u0111a\u010dima. Ne pi\u0161e nam se dobro &#8211; objasnio je Usorac. &#8211; Kad do\u0111e do ga\u0161enja proizvodnje, tada \u0107e se na\u0161i proizvodi izvoziti po deseterostruko vi\u0161im cijenama, a bh. gra\u0111ani s ovakvim prihodima kakve imaju sigurno si ih ne\u0107e mo\u0107i priu\u0161titi. Moramo ne\u0161to rje\u0161avati, buditi sela, modernizirati ih i poticati na poljoprivredu, ina\u010de \u0107emo proizvodnju svesti na minimum. Samo jedan primjer je kako je 1996. u RS-u bilo 17.600 proizvo\u0111a\u010da, danas ih je oko 2000, a za dvije godine ih ne\u0107e biti ni 1500, stoga je nu\u017eno poduzeti ozbiljnije mjere &#8211; zaklju\u010dio je Usorac.<\/p>\n\n\n\n<p>Predsjednik Unije udruga poslodavaca RS-a Sa\u0161a Trivi\u0107 rekao je za Glas Srpske kako je evidentno da cijene osnovnih prehrambenih namirnica rastu, od bra\u0161na, ulja, do \u0161e\u0107era. &#8211; \u017ditarice su poskupjele, tako da se mo\u017ee o\u010dekivati poskupljenje i pekarskih proizvoda. Cijene bra\u0161na sko\u010dile su za oko 10%, pa smo i mi za nekoliko postotaka poskupili neke proizvode, ali \u0107e sigurno do\u0107i do novog skoka cijena &#8211; kazao je Trivi\u0107. Predsjednik Udruge uzgajiva\u010da tovne junadi Goran Mitrovi\u0107 rekao je za Glas Srpske da \u0107e sigurno morati podi\u0107i cijene proizvoda, a pitanje je onda kakva \u0107e biti potra\u017enja i ho\u0107e li uspjeti do\u0107i do bilo kakve zarade.<\/p>\n\n\n\n<p>Izvor:vecernji.ba<\/p>\n","protected":false},"excerpt":{"rendered":"<p>Cijene hrane od po\u010detka pojave pandemije koronavirusa nezaustavljivo rastu. Poskupljenje \u017eitarica i uljarica, koje \u010dine osnovu za prehranu stoke, zadaje udarce doma\u0107im proizvo\u0111a\u010dima koji \u0107e, ako ovako stvari budu stajale, biti primorani dizati cijene proizvoda, pi\u0161e Ve\u010dernji list BiH. Me\u0111u namirnicama koje \u0107e se vrlo vjerojatno na\u0107i da udaru poskupljenja bit \u0107e pekarski proizvodi i [&hellip;]<\/p>\n","protected":false},"author":2,"featured_media":25231,"comment_status":"closed","ping_status":"closed","sticky":false,"template":"","format":"standard","meta":{"h5ap_radio_sources":[],"footnotes":""},"categories":[1],"tags":[],"class_list":["post-25230","post","type-post","status-publish","format-standard","has-post-thumbnail","hentry","category-bihiregija"],"yoast_head":"<!-- This site is optimized with the Yoast SEO plugin v27.4 - https:\/\/yoast.com\/product\/yoast-seo-wordpress\/ -->\n<title>Mogu\u0107e o\u010dekivati poskupljenje mesa, pekarskih proizvoda... - RADIO LJUBU\u0160KI<\/title>\n<meta name=\"robots\" content=\"index, follow, max-snippet:-1, max-image-preview:large, max-video-preview:-1\" \/>\n<link rel=\"canonical\" href=\"https:\/\/radioljubuski.ba\/index.php\/2021\/05\/26\/moguce-ocekivati-poskupljenje-mesa-pekarskih-proizvoda\/\" \/>\n<meta property=\"og:locale\" content=\"hr_HR\" \/>\n<meta property=\"og:type\" content=\"article\" \/>\n<meta property=\"og:title\" content=\"Mogu\u0107e o\u010dekivati poskupljenje mesa, pekarskih proizvoda... - RADIO LJUBU\u0160KI\" \/>\n<meta property=\"og:description\" content=\"Cijene hrane od po\u010detka pojave pandemije koronavirusa nezaustavljivo rastu. Poskupljenje \u017eitarica i uljarica, koje \u010dine osnovu za prehranu stoke, zadaje udarce doma\u0107im proizvo\u0111a\u010dima koji \u0107e, ako ovako stvari budu stajale, biti primorani dizati cijene proizvoda, pi\u0161e Ve\u010dernji list BiH. Me\u0111u namirnicama koje \u0107e se vrlo vjerojatno na\u0107i da udaru poskupljenja bit \u0107e pekarski proizvodi i [&hellip;]\" \/>\n<meta property=\"og:url\" content=\"https:\/\/radioljubuski.ba\/index.php\/2021\/05\/26\/moguce-ocekivati-poskupljenje-mesa-pekarskih-proizvoda\/\" \/>\n<meta property=\"og:site_name\" content=\"RADIO LJUBU\u0160KI\" \/>\n<meta property=\"article:publisher\" content=\"https:\/\/www.facebook.com\/Radiio-Ljubuski-1490835324566332\" \/>\n<meta property=\"article:published_time\" content=\"2021-05-26T00:17:47+00:00\" \/>\n<meta property=\"article:modified_time\" content=\"2021-05-26T00:17:48+00:00\" \/>\n<meta property=\"og:image\" content=\"https:\/\/radioljubuski.ba\/wp-content\/uploads\/2021\/05\/7-2021-05-25-17-48-54-0iju99.jpg\" \/>\n\t<meta property=\"og:image:width\" content=\"1000\" \/>\n\t<meta property=\"og:image:height\" content=\"625\" \/>\n\t<meta property=\"og:image:type\" content=\"image\/jpeg\" \/>\n<meta name=\"author\" content=\"Radio Ljubu\u0161ki\" \/>\n<meta name=\"twitter:card\" content=\"summary_large_image\" \/>\n<meta name=\"twitter:creator\" content=\"@radioljubuski\" \/>\n<meta name=\"twitter:site\" content=\"@radioljubuski\" \/>\n<meta name=\"twitter:label1\" content=\"Napisao\/la\" \/>\n\t<meta name=\"twitter:data1\" content=\"Radio Ljubu\u0161ki\" \/>\n\t<meta name=\"twitter:label2\" content=\"Procijenjeno vrijeme \u010ditanja\" \/>\n\t<meta name=\"twitter:data2\" content=\"3 minute\" \/>\n<script type=\"application\/ld+json\" class=\"yoast-schema-graph\">{\"@context\":\"https:\\\/\\\/schema.org\",\"@graph\":[{\"@type\":\"Article\",\"@id\":\"https:\\\/\\\/radioljubuski.ba\\\/index.php\\\/2021\\\/05\\\/26\\\/moguce-ocekivati-poskupljenje-mesa-pekarskih-proizvoda\\\/#article\",\"isPartOf\":{\"@id\":\"https:\\\/\\\/radioljubuski.ba\\\/index.php\\\/2021\\\/05\\\/26\\\/moguce-ocekivati-poskupljenje-mesa-pekarskih-proizvoda\\\/\"},\"author\":{\"name\":\"Radio Ljubu\u0161ki\",\"@id\":\"https:\\\/\\\/radioljubuski.ba\\\/#\\\/schema\\\/person\\\/19fc700381a780f69665d7956c469e3b\"},\"headline\":\"Mogu\u0107e o\u010dekivati poskupljenje mesa, pekarskih proizvoda&#8230;\",\"datePublished\":\"2021-05-26T00:17:47+00:00\",\"dateModified\":\"2021-05-26T00:17:48+00:00\",\"mainEntityOfPage\":{\"@id\":\"https:\\\/\\\/radioljubuski.ba\\\/index.php\\\/2021\\\/05\\\/26\\\/moguce-ocekivati-poskupljenje-mesa-pekarskih-proizvoda\\\/\"},\"wordCount\":553,\"publisher\":{\"@id\":\"https:\\\/\\\/radioljubuski.ba\\\/#organization\"},\"image\":{\"@id\":\"https:\\\/\\\/radioljubuski.ba\\\/index.php\\\/2021\\\/05\\\/26\\\/moguce-ocekivati-poskupljenje-mesa-pekarskih-proizvoda\\\/#primaryimage\"},\"thumbnailUrl\":\"https:\\\/\\\/radioljubuski.ba\\\/wp-content\\\/uploads\\\/2021\\\/05\\\/7-2021-05-25-17-48-54-0iju99.jpg\",\"articleSection\":[\"BIH i regija\"],\"inLanguage\":\"hr\"},{\"@type\":\"WebPage\",\"@id\":\"https:\\\/\\\/radioljubuski.ba\\\/index.php\\\/2021\\\/05\\\/26\\\/moguce-ocekivati-poskupljenje-mesa-pekarskih-proizvoda\\\/\",\"url\":\"https:\\\/\\\/radioljubuski.ba\\\/index.php\\\/2021\\\/05\\\/26\\\/moguce-ocekivati-poskupljenje-mesa-pekarskih-proizvoda\\\/\",\"name\":\"Mogu\u0107e o\u010dekivati poskupljenje mesa, pekarskih proizvoda... - RADIO LJUBU\u0160KI\",\"isPartOf\":{\"@id\":\"https:\\\/\\\/radioljubuski.ba\\\/#website\"},\"primaryImageOfPage\":{\"@id\":\"https:\\\/\\\/radioljubuski.ba\\\/index.php\\\/2021\\\/05\\\/26\\\/moguce-ocekivati-poskupljenje-mesa-pekarskih-proizvoda\\\/#primaryimage\"},\"image\":{\"@id\":\"https:\\\/\\\/radioljubuski.ba\\\/index.php\\\/2021\\\/05\\\/26\\\/moguce-ocekivati-poskupljenje-mesa-pekarskih-proizvoda\\\/#primaryimage\"},\"thumbnailUrl\":\"https:\\\/\\\/radioljubuski.ba\\\/wp-content\\\/uploads\\\/2021\\\/05\\\/7-2021-05-25-17-48-54-0iju99.jpg\",\"datePublished\":\"2021-05-26T00:17:47+00:00\",\"dateModified\":\"2021-05-26T00:17:48+00:00\",\"breadcrumb\":{\"@id\":\"https:\\\/\\\/radioljubuski.ba\\\/index.php\\\/2021\\\/05\\\/26\\\/moguce-ocekivati-poskupljenje-mesa-pekarskih-proizvoda\\\/#breadcrumb\"},\"inLanguage\":\"hr\",\"potentialAction\":[{\"@type\":\"ReadAction\",\"target\":[\"https:\\\/\\\/radioljubuski.ba\\\/index.php\\\/2021\\\/05\\\/26\\\/moguce-ocekivati-poskupljenje-mesa-pekarskih-proizvoda\\\/\"]}]},{\"@type\":\"ImageObject\",\"inLanguage\":\"hr\",\"@id\":\"https:\\\/\\\/radioljubuski.ba\\\/index.php\\\/2021\\\/05\\\/26\\\/moguce-ocekivati-poskupljenje-mesa-pekarskih-proizvoda\\\/#primaryimage\",\"url\":\"https:\\\/\\\/radioljubuski.ba\\\/wp-content\\\/uploads\\\/2021\\\/05\\\/7-2021-05-25-17-48-54-0iju99.jpg\",\"contentUrl\":\"https:\\\/\\\/radioljubuski.ba\\\/wp-content\\\/uploads\\\/2021\\\/05\\\/7-2021-05-25-17-48-54-0iju99.jpg\",\"width\":1000,\"height\":625},{\"@type\":\"BreadcrumbList\",\"@id\":\"https:\\\/\\\/radioljubuski.ba\\\/index.php\\\/2021\\\/05\\\/26\\\/moguce-ocekivati-poskupljenje-mesa-pekarskih-proizvoda\\\/#breadcrumb\",\"itemListElement\":[{\"@type\":\"ListItem\",\"position\":1,\"name\":\"Po\u010detna stranica\",\"item\":\"https:\\\/\\\/radioljubuski.ba\\\/\"},{\"@type\":\"ListItem\",\"position\":2,\"name\":\"Mogu\u0107e o\u010dekivati poskupljenje mesa, pekarskih proizvoda&#8230;\"}]},{\"@type\":\"WebSite\",\"@id\":\"https:\\\/\\\/radioljubuski.ba\\\/#website\",\"url\":\"https:\\\/\\\/radioljubuski.ba\\\/\",\"name\":\"Radio Ljubu\u0161ki\",\"description\":\"Sun\u010dana frekvencija Hercegovine\",\"publisher\":{\"@id\":\"https:\\\/\\\/radioljubuski.ba\\\/#organization\"},\"potentialAction\":[{\"@type\":\"SearchAction\",\"target\":{\"@type\":\"EntryPoint\",\"urlTemplate\":\"https:\\\/\\\/radioljubuski.ba\\\/?s={search_term_string}\"},\"query-input\":{\"@type\":\"PropertyValueSpecification\",\"valueRequired\":true,\"valueName\":\"search_term_string\"}}],\"inLanguage\":\"hr\"},{\"@type\":\"Organization\",\"@id\":\"https:\\\/\\\/radioljubuski.ba\\\/#organization\",\"name\":\"Radio Ljubu\u0161ki\",\"url\":\"https:\\\/\\\/radioljubuski.ba\\\/\",\"logo\":{\"@type\":\"ImageObject\",\"inLanguage\":\"hr\",\"@id\":\"https:\\\/\\\/radioljubuski.ba\\\/#\\\/schema\\\/logo\\\/image\\\/\",\"url\":\"https:\\\/\\\/radioljubuski.ba\\\/wp-content\\\/uploads\\\/2021\\\/02\\\/cropped-Radio_Ljubuski_logo1.jpg\",\"contentUrl\":\"https:\\\/\\\/radioljubuski.ba\\\/wp-content\\\/uploads\\\/2021\\\/02\\\/cropped-Radio_Ljubuski_logo1.jpg\",\"width\":512,\"height\":512,\"caption\":\"Radio Ljubu\u0161ki\"},\"image\":{\"@id\":\"https:\\\/\\\/radioljubuski.ba\\\/#\\\/schema\\\/logo\\\/image\\\/\"},\"sameAs\":[\"https:\\\/\\\/www.facebook.com\\\/Radiio-Ljubuski-1490835324566332\",\"https:\\\/\\\/x.com\\\/radioljubuski\",\"https:\\\/\\\/hr.linkedin.com\\\/company\\\/radio-ljubuski\",\"https:\\\/\\\/www.youtube.com\\\/channel\\\/UCHYaeO_n0Db3tjNGudGpXyw\"]},{\"@type\":\"Person\",\"@id\":\"https:\\\/\\\/radioljubuski.ba\\\/#\\\/schema\\\/person\\\/19fc700381a780f69665d7956c469e3b\",\"name\":\"Radio Ljubu\u0161ki\"}]}<\/script>\n<!-- \/ Yoast SEO plugin. -->","yoast_head_json":{"title":"Mogu\u0107e o\u010dekivati poskupljenje mesa, pekarskih proizvoda... - RADIO LJUBU\u0160KI","robots":{"index":"index","follow":"follow","max-snippet":"max-snippet:-1","max-image-preview":"max-image-preview:large","max-video-preview":"max-video-preview:-1"},"canonical":"https:\/\/radioljubuski.ba\/index.php\/2021\/05\/26\/moguce-ocekivati-poskupljenje-mesa-pekarskih-proizvoda\/","og_locale":"hr_HR","og_type":"article","og_title":"Mogu\u0107e o\u010dekivati poskupljenje mesa, pekarskih proizvoda... - RADIO LJUBU\u0160KI","og_description":"Cijene hrane od po\u010detka pojave pandemije koronavirusa nezaustavljivo rastu. Poskupljenje \u017eitarica i uljarica, koje \u010dine osnovu za prehranu stoke, zadaje udarce doma\u0107im proizvo\u0111a\u010dima koji \u0107e, ako ovako stvari budu stajale, biti primorani dizati cijene proizvoda, pi\u0161e Ve\u010dernji list BiH. Me\u0111u namirnicama koje \u0107e se vrlo vjerojatno na\u0107i da udaru poskupljenja bit \u0107e pekarski proizvodi i [&hellip;]","og_url":"https:\/\/radioljubuski.ba\/index.php\/2021\/05\/26\/moguce-ocekivati-poskupljenje-mesa-pekarskih-proizvoda\/","og_site_name":"RADIO LJUBU\u0160KI","article_publisher":"https:\/\/www.facebook.com\/Radiio-Ljubuski-1490835324566332","article_published_time":"2021-05-26T00:17:47+00:00","article_modified_time":"2021-05-26T00:17:48+00:00","og_image":[{"width":1000,"height":625,"url":"https:\/\/radioljubuski.ba\/wp-content\/uploads\/2021\/05\/7-2021-05-25-17-48-54-0iju99.jpg","type":"image\/jpeg"}],"author":"Radio Ljubu\u0161ki","twitter_card":"summary_large_image","twitter_creator":"@radioljubuski","twitter_site":"@radioljubuski","twitter_misc":{"Napisao\/la":"Radio Ljubu\u0161ki","Procijenjeno vrijeme \u010ditanja":"3 minute"},"schema":{"@context":"https:\/\/schema.org","@graph":[{"@type":"Article","@id":"https:\/\/radioljubuski.ba\/index.php\/2021\/05\/26\/moguce-ocekivati-poskupljenje-mesa-pekarskih-proizvoda\/#article","isPartOf":{"@id":"https:\/\/radioljubuski.ba\/index.php\/2021\/05\/26\/moguce-ocekivati-poskupljenje-mesa-pekarskih-proizvoda\/"},"author":{"name":"Radio Ljubu\u0161ki","@id":"https:\/\/radioljubuski.ba\/#\/schema\/person\/19fc700381a780f69665d7956c469e3b"},"headline":"Mogu\u0107e o\u010dekivati poskupljenje mesa, pekarskih proizvoda&#8230;","datePublished":"2021-05-26T00:17:47+00:00","dateModified":"2021-05-26T00:17:48+00:00","mainEntityOfPage":{"@id":"https:\/\/radioljubuski.ba\/index.php\/2021\/05\/26\/moguce-ocekivati-poskupljenje-mesa-pekarskih-proizvoda\/"},"wordCount":553,"publisher":{"@id":"https:\/\/radioljubuski.ba\/#organization"},"image":{"@id":"https:\/\/radioljubuski.ba\/index.php\/2021\/05\/26\/moguce-ocekivati-poskupljenje-mesa-pekarskih-proizvoda\/#primaryimage"},"thumbnailUrl":"https:\/\/radioljubuski.ba\/wp-content\/uploads\/2021\/05\/7-2021-05-25-17-48-54-0iju99.jpg","articleSection":["BIH i regija"],"inLanguage":"hr"},{"@type":"WebPage","@id":"https:\/\/radioljubuski.ba\/index.php\/2021\/05\/26\/moguce-ocekivati-poskupljenje-mesa-pekarskih-proizvoda\/","url":"https:\/\/radioljubuski.ba\/index.php\/2021\/05\/26\/moguce-ocekivati-poskupljenje-mesa-pekarskih-proizvoda\/","name":"Mogu\u0107e o\u010dekivati poskupljenje mesa, pekarskih proizvoda... - RADIO LJUBU\u0160KI","isPartOf":{"@id":"https:\/\/radioljubuski.ba\/#website"},"primaryImageOfPage":{"@id":"https:\/\/radioljubuski.ba\/index.php\/2021\/05\/26\/moguce-ocekivati-poskupljenje-mesa-pekarskih-proizvoda\/#primaryimage"},"image":{"@id":"https:\/\/radioljubuski.ba\/index.php\/2021\/05\/26\/moguce-ocekivati-poskupljenje-mesa-pekarskih-proizvoda\/#primaryimage"},"thumbnailUrl":"https:\/\/radioljubuski.ba\/wp-content\/uploads\/2021\/05\/7-2021-05-25-17-48-54-0iju99.jpg","datePublished":"2021-05-26T00:17:47+00:00","dateModified":"2021-05-26T00:17:48+00:00","breadcrumb":{"@id":"https:\/\/radioljubuski.ba\/index.php\/2021\/05\/26\/moguce-ocekivati-poskupljenje-mesa-pekarskih-proizvoda\/#breadcrumb"},"inLanguage":"hr","potentialAction":[{"@type":"ReadAction","target":["https:\/\/radioljubuski.ba\/index.php\/2021\/05\/26\/moguce-ocekivati-poskupljenje-mesa-pekarskih-proizvoda\/"]}]},{"@type":"ImageObject","inLanguage":"hr","@id":"https:\/\/radioljubuski.ba\/index.php\/2021\/05\/26\/moguce-ocekivati-poskupljenje-mesa-pekarskih-proizvoda\/#primaryimage","url":"https:\/\/radioljubuski.ba\/wp-content\/uploads\/2021\/05\/7-2021-05-25-17-48-54-0iju99.jpg","contentUrl":"https:\/\/radioljubuski.ba\/wp-content\/uploads\/2021\/05\/7-2021-05-25-17-48-54-0iju99.jpg","width":1000,"height":625},{"@type":"BreadcrumbList","@id":"https:\/\/radioljubuski.ba\/index.php\/2021\/05\/26\/moguce-ocekivati-poskupljenje-mesa-pekarskih-proizvoda\/#breadcrumb","itemListElement":[{"@type":"ListItem","position":1,"name":"Po\u010detna stranica","item":"https:\/\/radioljubuski.ba\/"},{"@type":"ListItem","position":2,"name":"Mogu\u0107e o\u010dekivati poskupljenje mesa, pekarskih proizvoda&#8230;"}]},{"@type":"WebSite","@id":"https:\/\/radioljubuski.ba\/#website","url":"https:\/\/radioljubuski.ba\/","name":"Radio Ljubu\u0161ki","description":"Sun\u010dana frekvencija Hercegovine","publisher":{"@id":"https:\/\/radioljubuski.ba\/#organization"},"potentialAction":[{"@type":"SearchAction","target":{"@type":"EntryPoint","urlTemplate":"https:\/\/radioljubuski.ba\/?s={search_term_string}"},"query-input":{"@type":"PropertyValueSpecification","valueRequired":true,"valueName":"search_term_string"}}],"inLanguage":"hr"},{"@type":"Organization","@id":"https:\/\/radioljubuski.ba\/#organization","name":"Radio Ljubu\u0161ki","url":"https:\/\/radioljubuski.ba\/","logo":{"@type":"ImageObject","inLanguage":"hr","@id":"https:\/\/radioljubuski.ba\/#\/schema\/logo\/image\/","url":"https:\/\/radioljubuski.ba\/wp-content\/uploads\/2021\/02\/cropped-Radio_Ljubuski_logo1.jpg","contentUrl":"https:\/\/radioljubuski.ba\/wp-content\/uploads\/2021\/02\/cropped-Radio_Ljubuski_logo1.jpg","width":512,"height":512,"caption":"Radio Ljubu\u0161ki"},"image":{"@id":"https:\/\/radioljubuski.ba\/#\/schema\/logo\/image\/"},"sameAs":["https:\/\/www.facebook.com\/Radiio-Ljubuski-1490835324566332","https:\/\/x.com\/radioljubuski","https:\/\/hr.linkedin.com\/company\/radio-ljubuski","https:\/\/www.youtube.com\/channel\/UCHYaeO_n0Db3tjNGudGpXyw"]},{"@type":"Person","@id":"https:\/\/radioljubuski.ba\/#\/schema\/person\/19fc700381a780f69665d7956c469e3b","name":"Radio Ljubu\u0161ki"}]}},"_links":{"self":[{"href":"https:\/\/radioljubuski.ba\/index.php\/wp-json\/wp\/v2\/posts\/25230","targetHints":{"allow":["GET"]}}],"collection":[{"href":"https:\/\/radioljubuski.ba\/index.php\/wp-json\/wp\/v2\/posts"}],"about":[{"href":"https:\/\/radioljubuski.ba\/index.php\/wp-json\/wp\/v2\/types\/post"}],"author":[{"embeddable":true,"href":"https:\/\/radioljubuski.ba\/index.php\/wp-json\/wp\/v2\/users\/2"}],"replies":[{"embeddable":true,"href":"https:\/\/radioljubuski.ba\/index.php\/wp-json\/wp\/v2\/comments?post=25230"}],"version-history":[{"count":1,"href":"https:\/\/radioljubuski.ba\/index.php\/wp-json\/wp\/v2\/posts\/25230\/revisions"}],"predecessor-version":[{"id":25232,"href":"https:\/\/radioljubuski.ba\/index.php\/wp-json\/wp\/v2\/posts\/25230\/revisions\/25232"}],"wp:featuredmedia":[{"embeddable":true,"href":"https:\/\/radioljubuski.ba\/index.php\/wp-json\/wp\/v2\/media\/25231"}],"wp:attachment":[{"href":"https:\/\/radioljubuski.ba\/index.php\/wp-json\/wp\/v2\/media?parent=25230"}],"wp:term":[{"taxonomy":"category","embeddable":true,"href":"https:\/\/radioljubuski.ba\/index.php\/wp-json\/wp\/v2\/categories?post=25230"},{"taxonomy":"post_tag","embeddable":true,"href":"https:\/\/radioljubuski.ba\/index.php\/wp-json\/wp\/v2\/tags?post=25230"}],"curies":[{"name":"wp","href":"https:\/\/api.w.org\/{rel}","templated":true}]}}