{"id":2524,"date":"2021-03-10T14:03:12","date_gmt":"2021-03-10T13:03:12","guid":{"rendered":"https:\/\/radioljubuski.ba\/?p=2524"},"modified":"2021-03-10T14:03:13","modified_gmt":"2021-03-10T13:03:13","slug":"milan-vuksic-reprezentativac-bih-iz-redova-izvidaca-co","status":"publish","type":"post","link":"https:\/\/radioljubuski.ba\/index.php\/2021\/03\/10\/milan-vuksic-reprezentativac-bih-iz-redova-izvidaca-co\/","title":{"rendered":"Milan Vuk\u0161i\u0107 reprezentativac BiH iz redova Izvi\u0111a\u010da CO"},"content":{"rendered":"\n<p><strong>Rukometa\u0161i Izvi\u0111a\u010da CO superiorno su u\u0161li u drugi dio sezone. U Kupu su uvjerljivo savladali Maglaj, a u prvenstvu rutinski zabilje\u017eili tri pobjede: Iskra, Bosna (V) i Slavija.<\/strong><\/p>\n\n\n\n<p>Prvo ime Skauta u nastavku sezone je mladi Milan Vuk\u0161i\u0107. <\/p>\n\n\n\n<p>Odli\u010dan pregled igre, lucidnost, nepredvidivost odlike su koje krase ovog mladog rukometa\u0161a. <\/p>\n\n\n\n<p>Milan je jo\u0161 jedan od izdanaka Rukometne \u0161kole Izvi\u0111a\u010da.<\/p>\n\n\n\n<ul class=\"wp-block-list\"><li><em>Euforija koja je vladala za vrijeme Svjetskog rukometnog prvenstva u Hrvatskoj 2009. godine glavni je razlog \u0161to se moja generacija opredijelila za treniranje rukometa. Prve rukometne korake, kod trenera Darija Mikuli\u0107a, zajedno sa mnom napravili su: Domagoj Alilovi\u0107, Mirko Mi\u0161eti\u0107, Gabrijel Mi\u0161eti\u0107, Zvonimir Lukenda \u2026 Sa 17.godina debitirao sam za prvu mom\u010dad kod Silvija Ivandije.<\/em><\/li><\/ul>\n\n\n\n<p><strong>Va\u0161 talenat nije ostao ne primje\u0107en. Pro\u0161li ste kroz sve mla\u0111e reprezentativne selekcije BiH a nedavno ste dobili poziv i od novog izbornika najbolje BH vrste Ivice Obrvana ?<\/strong><\/p>\n\n\n\n<ul class=\"wp-block-list\"><li><em>U kadetskom uzrastu kod trenera Neboj\u0161e Goli\u0107a bio sam i kapetan reprezentacije. Nalazio sam se i na \u0161irem popisu izbornika Bilala \u0160umana no nisam debitirao. Kod Ivice Obrvana nadam se svojim prvim seniorskim minutama u reprezentaciji.<\/em><\/li><\/ul>\n\n\n\n<p><strong>BH selekciju ve\u0107 u nedjelju (14.o\u017eujka) o\u010dekuje kvalifikacijski susret u Bugojnu protiv Austrije ?<\/strong><\/p>\n\n\n\n<ul class=\"wp-block-list\"><li><em>Start u kvalifikacijama nije bio najbolji. Neo\u010dekivano smo pora\u017eeni od Estonije no pobjedom nad Austrijom mo\u017eemo napraviti veliki iskorak ka Europskom prvenstvu 2022 godine u Slova\u010dkoj i Ma\u0111arskoj.<\/em><\/li><\/ul>\n\n\n\n<p><strong>Pred Izvi\u0111a\u010dem je izazovno prolje\u0107e, nastupi na dva fronta prvenstvu i Kupu BiH. Borba za naslov sa Borcem i Slogom (D) bit \u0107e neizvjesna do samoga kraja ?<\/strong><\/p>\n\n\n\n<ul class=\"wp-block-list\"><li><em>Sa Izvi\u0111a\u010dem sam ve\u0107 osvojio jedan naslov u sezoni 2018\/19 tako da znam koliko nam to zna\u010di. Mislim da imamo povoljniji raspored od Borca i Sloge i da mo\u017eemo do titule. Na doma\u0107em parketu smo superiorni no u gostima nije lako nikoga pobijediti. U Kupu je sve otvoreno.<\/em><\/li><\/ul>\n\n\n\n<p><strong>Ugovor sa Izvi\u0111a\u010dem ve\u017ee Vas do lipnja 2022 godine. Planovi i ambicije ?<\/strong><\/p>\n\n\n\n<ul class=\"wp-block-list\"><li><em>Svi moji planovi za sada su vezani za Izvi\u0111a\u010d. Sigurno da bi se volio oku\u0161ati i u nekom od ja\u010dih europskih klubova no time nisam optere\u0107en.<\/em><\/li><\/ul>\n\n\n\n<p>Vrijeme Milana Vuk\u0161i\u0107a tek dolazi. Jo\u0161 jedan dragulj Izvi\u0111a\u010da uskoro bi mogao krenuti stopama: Bunti\u0107a, Alilovi\u0107a, Peri\u0107a\u2026<\/p>\n\n\n\n<p><strong>Izvor: Iks-portal.info<\/strong><\/p>\n","protected":false},"excerpt":{"rendered":"<p>Rukometa\u0161i Izvi\u0111a\u010da CO superiorno su u\u0161li u drugi dio sezone. U Kupu su uvjerljivo savladali Maglaj, a u prvenstvu rutinski zabilje\u017eili tri pobjede: Iskra, Bosna (V) i Slavija. Prvo ime Skauta u nastavku sezone je mladi Milan Vuk\u0161i\u0107. Odli\u010dan pregled igre, lucidnost, nepredvidivost odlike su koje krase ovog mladog rukometa\u0161a. Milan je jo\u0161 jedan od [&hellip;]<\/p>\n","protected":false},"author":2,"featured_media":2527,"comment_status":"closed","ping_status":"closed","sticky":false,"template":"","format":"standard","meta":{"h5ap_radio_sources":[],"footnotes":""},"categories":[3],"tags":[],"class_list":["post-2524","post","type-post","status-publish","format-standard","has-post-thumbnail","hentry","category-ljubuski"],"yoast_head":"<!-- This site is optimized with the Yoast SEO plugin v27.5 - https:\/\/yoast.com\/product\/yoast-seo-wordpress\/ -->\n<title>Milan Vuk\u0161i\u0107 reprezentativac BiH iz redova Izvi\u0111a\u010da CO - RADIO LJUBU\u0160KI<\/title>\n<meta name=\"robots\" content=\"index, follow, max-snippet:-1, max-image-preview:large, max-video-preview:-1\" \/>\n<link rel=\"canonical\" href=\"https:\/\/radioljubuski.ba\/index.php\/2021\/03\/10\/milan-vuksic-reprezentativac-bih-iz-redova-izvidaca-co\/\" \/>\n<meta property=\"og:locale\" content=\"hr_HR\" \/>\n<meta property=\"og:type\" content=\"article\" \/>\n<meta property=\"og:title\" content=\"Milan Vuk\u0161i\u0107 reprezentativac BiH iz redova Izvi\u0111a\u010da CO - RADIO LJUBU\u0160KI\" \/>\n<meta property=\"og:description\" content=\"Rukometa\u0161i Izvi\u0111a\u010da CO superiorno su u\u0161li u drugi dio sezone. U Kupu su uvjerljivo savladali Maglaj, a u prvenstvu rutinski zabilje\u017eili tri pobjede: Iskra, Bosna (V) i Slavija. Prvo ime Skauta u nastavku sezone je mladi Milan Vuk\u0161i\u0107. Odli\u010dan pregled igre, lucidnost, nepredvidivost odlike su koje krase ovog mladog rukometa\u0161a. Milan je jo\u0161 jedan od [&hellip;]\" \/>\n<meta property=\"og:url\" content=\"https:\/\/radioljubuski.ba\/index.php\/2021\/03\/10\/milan-vuksic-reprezentativac-bih-iz-redova-izvidaca-co\/\" \/>\n<meta property=\"og:site_name\" content=\"RADIO LJUBU\u0160KI\" \/>\n<meta property=\"article:publisher\" content=\"https:\/\/www.facebook.com\/Radiio-Ljubuski-1490835324566332\" \/>\n<meta property=\"article:published_time\" content=\"2021-03-10T13:03:12+00:00\" \/>\n<meta property=\"article:modified_time\" content=\"2021-03-10T13:03:13+00:00\" \/>\n<meta property=\"og:image\" content=\"https:\/\/radioljubuski.ba\/wp-content\/uploads\/2021\/03\/milan-vuksic.jpg\" \/>\n\t<meta property=\"og:image:width\" content=\"1024\" \/>\n\t<meta property=\"og:image:height\" content=\"682\" \/>\n\t<meta property=\"og:image:type\" content=\"image\/jpeg\" \/>\n<meta name=\"author\" content=\"Radio Ljubu\u0161ki\" \/>\n<meta name=\"twitter:card\" content=\"summary_large_image\" \/>\n<meta name=\"twitter:creator\" content=\"@radioljubuski\" \/>\n<meta name=\"twitter:site\" content=\"@radioljubuski\" \/>\n<meta name=\"twitter:label1\" content=\"Napisao\/la\" \/>\n\t<meta name=\"twitter:data1\" content=\"Radio Ljubu\u0161ki\" \/>\n\t<meta name=\"twitter:label2\" content=\"Procijenjeno vrijeme \u010ditanja\" \/>\n\t<meta name=\"twitter:data2\" content=\"2 minute\" \/>\n<script type=\"application\/ld+json\" class=\"yoast-schema-graph\">{\"@context\":\"https:\\\/\\\/schema.org\",\"@graph\":[{\"@type\":\"Article\",\"@id\":\"https:\\\/\\\/radioljubuski.ba\\\/index.php\\\/2021\\\/03\\\/10\\\/milan-vuksic-reprezentativac-bih-iz-redova-izvidaca-co\\\/#article\",\"isPartOf\":{\"@id\":\"https:\\\/\\\/radioljubuski.ba\\\/index.php\\\/2021\\\/03\\\/10\\\/milan-vuksic-reprezentativac-bih-iz-redova-izvidaca-co\\\/\"},\"author\":{\"name\":\"Radio Ljubu\u0161ki\",\"@id\":\"https:\\\/\\\/radioljubuski.ba\\\/#\\\/schema\\\/person\\\/19fc700381a780f69665d7956c469e3b\"},\"headline\":\"Milan Vuk\u0161i\u0107 reprezentativac BiH iz redova Izvi\u0111a\u010da CO\",\"datePublished\":\"2021-03-10T13:03:12+00:00\",\"dateModified\":\"2021-03-10T13:03:13+00:00\",\"mainEntityOfPage\":{\"@id\":\"https:\\\/\\\/radioljubuski.ba\\\/index.php\\\/2021\\\/03\\\/10\\\/milan-vuksic-reprezentativac-bih-iz-redova-izvidaca-co\\\/\"},\"wordCount\":406,\"publisher\":{\"@id\":\"https:\\\/\\\/radioljubuski.ba\\\/#organization\"},\"image\":{\"@id\":\"https:\\\/\\\/radioljubuski.ba\\\/index.php\\\/2021\\\/03\\\/10\\\/milan-vuksic-reprezentativac-bih-iz-redova-izvidaca-co\\\/#primaryimage\"},\"thumbnailUrl\":\"https:\\\/\\\/radioljubuski.ba\\\/wp-content\\\/uploads\\\/2021\\\/03\\\/milan-vuksic.jpg\",\"articleSection\":[\"Ljubu\u0161ki\"],\"inLanguage\":\"hr\"},{\"@type\":\"WebPage\",\"@id\":\"https:\\\/\\\/radioljubuski.ba\\\/index.php\\\/2021\\\/03\\\/10\\\/milan-vuksic-reprezentativac-bih-iz-redova-izvidaca-co\\\/\",\"url\":\"https:\\\/\\\/radioljubuski.ba\\\/index.php\\\/2021\\\/03\\\/10\\\/milan-vuksic-reprezentativac-bih-iz-redova-izvidaca-co\\\/\",\"name\":\"Milan Vuk\u0161i\u0107 reprezentativac BiH iz redova Izvi\u0111a\u010da CO - RADIO LJUBU\u0160KI\",\"isPartOf\":{\"@id\":\"https:\\\/\\\/radioljubuski.ba\\\/#website\"},\"primaryImageOfPage\":{\"@id\":\"https:\\\/\\\/radioljubuski.ba\\\/index.php\\\/2021\\\/03\\\/10\\\/milan-vuksic-reprezentativac-bih-iz-redova-izvidaca-co\\\/#primaryimage\"},\"image\":{\"@id\":\"https:\\\/\\\/radioljubuski.ba\\\/index.php\\\/2021\\\/03\\\/10\\\/milan-vuksic-reprezentativac-bih-iz-redova-izvidaca-co\\\/#primaryimage\"},\"thumbnailUrl\":\"https:\\\/\\\/radioljubuski.ba\\\/wp-content\\\/uploads\\\/2021\\\/03\\\/milan-vuksic.jpg\",\"datePublished\":\"2021-03-10T13:03:12+00:00\",\"dateModified\":\"2021-03-10T13:03:13+00:00\",\"breadcrumb\":{\"@id\":\"https:\\\/\\\/radioljubuski.ba\\\/index.php\\\/2021\\\/03\\\/10\\\/milan-vuksic-reprezentativac-bih-iz-redova-izvidaca-co\\\/#breadcrumb\"},\"inLanguage\":\"hr\",\"potentialAction\":[{\"@type\":\"ReadAction\",\"target\":[\"https:\\\/\\\/radioljubuski.ba\\\/index.php\\\/2021\\\/03\\\/10\\\/milan-vuksic-reprezentativac-bih-iz-redova-izvidaca-co\\\/\"]}]},{\"@type\":\"ImageObject\",\"inLanguage\":\"hr\",\"@id\":\"https:\\\/\\\/radioljubuski.ba\\\/index.php\\\/2021\\\/03\\\/10\\\/milan-vuksic-reprezentativac-bih-iz-redova-izvidaca-co\\\/#primaryimage\",\"url\":\"https:\\\/\\\/radioljubuski.ba\\\/wp-content\\\/uploads\\\/2021\\\/03\\\/milan-vuksic.jpg\",\"contentUrl\":\"https:\\\/\\\/radioljubuski.ba\\\/wp-content\\\/uploads\\\/2021\\\/03\\\/milan-vuksic.jpg\",\"width\":1024,\"height\":682},{\"@type\":\"BreadcrumbList\",\"@id\":\"https:\\\/\\\/radioljubuski.ba\\\/index.php\\\/2021\\\/03\\\/10\\\/milan-vuksic-reprezentativac-bih-iz-redova-izvidaca-co\\\/#breadcrumb\",\"itemListElement\":[{\"@type\":\"ListItem\",\"position\":1,\"name\":\"Po\u010detna stranica\",\"item\":\"https:\\\/\\\/radioljubuski.ba\\\/\"},{\"@type\":\"ListItem\",\"position\":2,\"name\":\"Milan Vuk\u0161i\u0107 reprezentativac BiH iz redova Izvi\u0111a\u010da CO\"}]},{\"@type\":\"WebSite\",\"@id\":\"https:\\\/\\\/radioljubuski.ba\\\/#website\",\"url\":\"https:\\\/\\\/radioljubuski.ba\\\/\",\"name\":\"Radio Ljubu\u0161ki\",\"description\":\"Sun\u010dana frekvencija Hercegovine\",\"publisher\":{\"@id\":\"https:\\\/\\\/radioljubuski.ba\\\/#organization\"},\"potentialAction\":[{\"@type\":\"SearchAction\",\"target\":{\"@type\":\"EntryPoint\",\"urlTemplate\":\"https:\\\/\\\/radioljubuski.ba\\\/?s={search_term_string}\"},\"query-input\":{\"@type\":\"PropertyValueSpecification\",\"valueRequired\":true,\"valueName\":\"search_term_string\"}}],\"inLanguage\":\"hr\"},{\"@type\":\"Organization\",\"@id\":\"https:\\\/\\\/radioljubuski.ba\\\/#organization\",\"name\":\"Radio Ljubu\u0161ki\",\"url\":\"https:\\\/\\\/radioljubuski.ba\\\/\",\"logo\":{\"@type\":\"ImageObject\",\"inLanguage\":\"hr\",\"@id\":\"https:\\\/\\\/radioljubuski.ba\\\/#\\\/schema\\\/logo\\\/image\\\/\",\"url\":\"https:\\\/\\\/radioljubuski.ba\\\/wp-content\\\/uploads\\\/2021\\\/02\\\/cropped-Radio_Ljubuski_logo1.jpg\",\"contentUrl\":\"https:\\\/\\\/radioljubuski.ba\\\/wp-content\\\/uploads\\\/2021\\\/02\\\/cropped-Radio_Ljubuski_logo1.jpg\",\"width\":512,\"height\":512,\"caption\":\"Radio Ljubu\u0161ki\"},\"image\":{\"@id\":\"https:\\\/\\\/radioljubuski.ba\\\/#\\\/schema\\\/logo\\\/image\\\/\"},\"sameAs\":[\"https:\\\/\\\/www.facebook.com\\\/Radiio-Ljubuski-1490835324566332\",\"https:\\\/\\\/x.com\\\/radioljubuski\",\"https:\\\/\\\/hr.linkedin.com\\\/company\\\/radio-ljubuski\",\"https:\\\/\\\/www.youtube.com\\\/channel\\\/UCHYaeO_n0Db3tjNGudGpXyw\"]},{\"@type\":\"Person\",\"@id\":\"https:\\\/\\\/radioljubuski.ba\\\/#\\\/schema\\\/person\\\/19fc700381a780f69665d7956c469e3b\",\"name\":\"Radio Ljubu\u0161ki\"}]}<\/script>\n<!-- \/ Yoast SEO plugin. -->","yoast_head_json":{"title":"Milan Vuk\u0161i\u0107 reprezentativac BiH iz redova Izvi\u0111a\u010da CO - RADIO LJUBU\u0160KI","robots":{"index":"index","follow":"follow","max-snippet":"max-snippet:-1","max-image-preview":"max-image-preview:large","max-video-preview":"max-video-preview:-1"},"canonical":"https:\/\/radioljubuski.ba\/index.php\/2021\/03\/10\/milan-vuksic-reprezentativac-bih-iz-redova-izvidaca-co\/","og_locale":"hr_HR","og_type":"article","og_title":"Milan Vuk\u0161i\u0107 reprezentativac BiH iz redova Izvi\u0111a\u010da CO - RADIO LJUBU\u0160KI","og_description":"Rukometa\u0161i Izvi\u0111a\u010da CO superiorno su u\u0161li u drugi dio sezone. U Kupu su uvjerljivo savladali Maglaj, a u prvenstvu rutinski zabilje\u017eili tri pobjede: Iskra, Bosna (V) i Slavija. Prvo ime Skauta u nastavku sezone je mladi Milan Vuk\u0161i\u0107. Odli\u010dan pregled igre, lucidnost, nepredvidivost odlike su koje krase ovog mladog rukometa\u0161a. Milan je jo\u0161 jedan od [&hellip;]","og_url":"https:\/\/radioljubuski.ba\/index.php\/2021\/03\/10\/milan-vuksic-reprezentativac-bih-iz-redova-izvidaca-co\/","og_site_name":"RADIO LJUBU\u0160KI","article_publisher":"https:\/\/www.facebook.com\/Radiio-Ljubuski-1490835324566332","article_published_time":"2021-03-10T13:03:12+00:00","article_modified_time":"2021-03-10T13:03:13+00:00","og_image":[{"width":1024,"height":682,"url":"https:\/\/radioljubuski.ba\/wp-content\/uploads\/2021\/03\/milan-vuksic.jpg","type":"image\/jpeg"}],"author":"Radio Ljubu\u0161ki","twitter_card":"summary_large_image","twitter_creator":"@radioljubuski","twitter_site":"@radioljubuski","twitter_misc":{"Napisao\/la":"Radio Ljubu\u0161ki","Procijenjeno vrijeme \u010ditanja":"2 minute"},"schema":{"@context":"https:\/\/schema.org","@graph":[{"@type":"Article","@id":"https:\/\/radioljubuski.ba\/index.php\/2021\/03\/10\/milan-vuksic-reprezentativac-bih-iz-redova-izvidaca-co\/#article","isPartOf":{"@id":"https:\/\/radioljubuski.ba\/index.php\/2021\/03\/10\/milan-vuksic-reprezentativac-bih-iz-redova-izvidaca-co\/"},"author":{"name":"Radio Ljubu\u0161ki","@id":"https:\/\/radioljubuski.ba\/#\/schema\/person\/19fc700381a780f69665d7956c469e3b"},"headline":"Milan Vuk\u0161i\u0107 reprezentativac BiH iz redova Izvi\u0111a\u010da CO","datePublished":"2021-03-10T13:03:12+00:00","dateModified":"2021-03-10T13:03:13+00:00","mainEntityOfPage":{"@id":"https:\/\/radioljubuski.ba\/index.php\/2021\/03\/10\/milan-vuksic-reprezentativac-bih-iz-redova-izvidaca-co\/"},"wordCount":406,"publisher":{"@id":"https:\/\/radioljubuski.ba\/#organization"},"image":{"@id":"https:\/\/radioljubuski.ba\/index.php\/2021\/03\/10\/milan-vuksic-reprezentativac-bih-iz-redova-izvidaca-co\/#primaryimage"},"thumbnailUrl":"https:\/\/radioljubuski.ba\/wp-content\/uploads\/2021\/03\/milan-vuksic.jpg","articleSection":["Ljubu\u0161ki"],"inLanguage":"hr"},{"@type":"WebPage","@id":"https:\/\/radioljubuski.ba\/index.php\/2021\/03\/10\/milan-vuksic-reprezentativac-bih-iz-redova-izvidaca-co\/","url":"https:\/\/radioljubuski.ba\/index.php\/2021\/03\/10\/milan-vuksic-reprezentativac-bih-iz-redova-izvidaca-co\/","name":"Milan Vuk\u0161i\u0107 reprezentativac BiH iz redova Izvi\u0111a\u010da CO - RADIO LJUBU\u0160KI","isPartOf":{"@id":"https:\/\/radioljubuski.ba\/#website"},"primaryImageOfPage":{"@id":"https:\/\/radioljubuski.ba\/index.php\/2021\/03\/10\/milan-vuksic-reprezentativac-bih-iz-redova-izvidaca-co\/#primaryimage"},"image":{"@id":"https:\/\/radioljubuski.ba\/index.php\/2021\/03\/10\/milan-vuksic-reprezentativac-bih-iz-redova-izvidaca-co\/#primaryimage"},"thumbnailUrl":"https:\/\/radioljubuski.ba\/wp-content\/uploads\/2021\/03\/milan-vuksic.jpg","datePublished":"2021-03-10T13:03:12+00:00","dateModified":"2021-03-10T13:03:13+00:00","breadcrumb":{"@id":"https:\/\/radioljubuski.ba\/index.php\/2021\/03\/10\/milan-vuksic-reprezentativac-bih-iz-redova-izvidaca-co\/#breadcrumb"},"inLanguage":"hr","potentialAction":[{"@type":"ReadAction","target":["https:\/\/radioljubuski.ba\/index.php\/2021\/03\/10\/milan-vuksic-reprezentativac-bih-iz-redova-izvidaca-co\/"]}]},{"@type":"ImageObject","inLanguage":"hr","@id":"https:\/\/radioljubuski.ba\/index.php\/2021\/03\/10\/milan-vuksic-reprezentativac-bih-iz-redova-izvidaca-co\/#primaryimage","url":"https:\/\/radioljubuski.ba\/wp-content\/uploads\/2021\/03\/milan-vuksic.jpg","contentUrl":"https:\/\/radioljubuski.ba\/wp-content\/uploads\/2021\/03\/milan-vuksic.jpg","width":1024,"height":682},{"@type":"BreadcrumbList","@id":"https:\/\/radioljubuski.ba\/index.php\/2021\/03\/10\/milan-vuksic-reprezentativac-bih-iz-redova-izvidaca-co\/#breadcrumb","itemListElement":[{"@type":"ListItem","position":1,"name":"Po\u010detna stranica","item":"https:\/\/radioljubuski.ba\/"},{"@type":"ListItem","position":2,"name":"Milan Vuk\u0161i\u0107 reprezentativac BiH iz redova Izvi\u0111a\u010da CO"}]},{"@type":"WebSite","@id":"https:\/\/radioljubuski.ba\/#website","url":"https:\/\/radioljubuski.ba\/","name":"Radio Ljubu\u0161ki","description":"Sun\u010dana frekvencija Hercegovine","publisher":{"@id":"https:\/\/radioljubuski.ba\/#organization"},"potentialAction":[{"@type":"SearchAction","target":{"@type":"EntryPoint","urlTemplate":"https:\/\/radioljubuski.ba\/?s={search_term_string}"},"query-input":{"@type":"PropertyValueSpecification","valueRequired":true,"valueName":"search_term_string"}}],"inLanguage":"hr"},{"@type":"Organization","@id":"https:\/\/radioljubuski.ba\/#organization","name":"Radio Ljubu\u0161ki","url":"https:\/\/radioljubuski.ba\/","logo":{"@type":"ImageObject","inLanguage":"hr","@id":"https:\/\/radioljubuski.ba\/#\/schema\/logo\/image\/","url":"https:\/\/radioljubuski.ba\/wp-content\/uploads\/2021\/02\/cropped-Radio_Ljubuski_logo1.jpg","contentUrl":"https:\/\/radioljubuski.ba\/wp-content\/uploads\/2021\/02\/cropped-Radio_Ljubuski_logo1.jpg","width":512,"height":512,"caption":"Radio Ljubu\u0161ki"},"image":{"@id":"https:\/\/radioljubuski.ba\/#\/schema\/logo\/image\/"},"sameAs":["https:\/\/www.facebook.com\/Radiio-Ljubuski-1490835324566332","https:\/\/x.com\/radioljubuski","https:\/\/hr.linkedin.com\/company\/radio-ljubuski","https:\/\/www.youtube.com\/channel\/UCHYaeO_n0Db3tjNGudGpXyw"]},{"@type":"Person","@id":"https:\/\/radioljubuski.ba\/#\/schema\/person\/19fc700381a780f69665d7956c469e3b","name":"Radio Ljubu\u0161ki"}]}},"_links":{"self":[{"href":"https:\/\/radioljubuski.ba\/index.php\/wp-json\/wp\/v2\/posts\/2524","targetHints":{"allow":["GET"]}}],"collection":[{"href":"https:\/\/radioljubuski.ba\/index.php\/wp-json\/wp\/v2\/posts"}],"about":[{"href":"https:\/\/radioljubuski.ba\/index.php\/wp-json\/wp\/v2\/types\/post"}],"author":[{"embeddable":true,"href":"https:\/\/radioljubuski.ba\/index.php\/wp-json\/wp\/v2\/users\/2"}],"replies":[{"embeddable":true,"href":"https:\/\/radioljubuski.ba\/index.php\/wp-json\/wp\/v2\/comments?post=2524"}],"version-history":[{"count":1,"href":"https:\/\/radioljubuski.ba\/index.php\/wp-json\/wp\/v2\/posts\/2524\/revisions"}],"predecessor-version":[{"id":2528,"href":"https:\/\/radioljubuski.ba\/index.php\/wp-json\/wp\/v2\/posts\/2524\/revisions\/2528"}],"wp:featuredmedia":[{"embeddable":true,"href":"https:\/\/radioljubuski.ba\/index.php\/wp-json\/wp\/v2\/media\/2527"}],"wp:attachment":[{"href":"https:\/\/radioljubuski.ba\/index.php\/wp-json\/wp\/v2\/media?parent=2524"}],"wp:term":[{"taxonomy":"category","embeddable":true,"href":"https:\/\/radioljubuski.ba\/index.php\/wp-json\/wp\/v2\/categories?post=2524"},{"taxonomy":"post_tag","embeddable":true,"href":"https:\/\/radioljubuski.ba\/index.php\/wp-json\/wp\/v2\/tags?post=2524"}],"curies":[{"name":"wp","href":"https:\/\/api.w.org\/{rel}","templated":true}]}}