{"id":25302,"date":"2021-05-26T12:20:32","date_gmt":"2021-05-26T11:20:32","guid":{"rendered":"https:\/\/radioljubuski.ba\/?p=25302"},"modified":"2021-05-26T12:20:33","modified_gmt":"2021-05-26T11:20:33","slug":"glazbenica-svaki-tjedan-dolazi-u-dom-svirati-sticenicima-koji-trpe-uzasne-bolove","status":"publish","type":"post","link":"https:\/\/radioljubuski.ba\/index.php\/2021\/05\/26\/glazbenica-svaki-tjedan-dolazi-u-dom-svirati-sticenicima-koji-trpe-uzasne-bolove\/","title":{"rendered":"Glazbenica svaki tjedan dolazi u dom svirati \u0161ti\u0107enicima koji trpe u\u017easne bolove"},"content":{"rendered":"\n<p>Claire Oppert (55), koncertna violon\u010delistica \u0161kolovana na Moskovskome konzervatoriju petkom posje\u0107uje dom te svira za njegove \u0161ti\u0107enike, me\u0111u kojima se mnogi bore s te\u0161kom fizi\u010dkom boli i s neizlje\u010divim bolestima.<\/p>\n\n\n\n<p>&#8211; Stalno osje\u0107am bol, rekla je Micheline Leroux, pacijentica koja boluje od terminalnog oblika karcinoma i jedna je od \u0161ti\u0107enica pari\u0161koga centra za palijativnu skrb, jednog od najve\u0107ih te vrste u Europi.<\/p>\n\n\n\n<p>&#8211; Ipak, \u010dini mi se da mi glazba poma\u017ee u ubla\u017eavanju boli, tiho ka\u017ee Leroux, nakon \u0161to je poslu\u0161ala obradu za violon\u010delo Albinonijeva Adagia, baroknog klasika.<\/p>\n\n\n\n<p>&#8211; Ako slu\u0161ate glazbu koja vam je poznata, poznajete svaku sljede\u0107u notu i fokusirate se na ne\u0161to drugo osim boli, ka\u017ee.<\/p>\n\n\n\n<p>Osim izvedbe recitala jednom tjedno, Oppert je odlu\u010dila sudjelovati u medicinskim studijama \u010dija je svrha ukazati na terapeutski u\u010dinak glazbe na zdravstveno stanje pacijenata.<\/p>\n\n\n\n<p>Osoblje doma je jednoglasno kada je posrijedi u\u010dinak glazbe: &#8220;Nakon \u0161to Claire oti\u0111e, pacijenti su smireniji, ponekad ganuti, a nerijetko i sretni&#8221;, rekla je njegovateljica Margarita Saldana.<\/p>\n\n\n\n<p>Oppert u pari\u0161ki dom za palijativnu skrb dolazi ve\u0107 gotovo deset godina i svira \u010delo njegovim \u0161ti\u0107enicima. Ka\u017ee da je u domu za palijativnu skrb fizi\u010dka bol gotovo neprestano prisutna unato\u010d morfiju i ostalim dostupnim lijekovima, no smatra da glazba na pacijente uistinu mo\u017ee djelovati smiruju\u0107e.<\/p>\n\n\n\n<p>Izvor:pogled.ba<\/p>\n","protected":false},"excerpt":{"rendered":"<p>Claire Oppert (55), koncertna violon\u010delistica \u0161kolovana na Moskovskome konzervatoriju petkom posje\u0107uje dom te svira za njegove \u0161ti\u0107enike, me\u0111u kojima se mnogi bore s te\u0161kom fizi\u010dkom boli i s neizlje\u010divim bolestima. &#8211; Stalno osje\u0107am bol, rekla je Micheline Leroux, pacijentica koja boluje od terminalnog oblika karcinoma i jedna je od \u0161ti\u0107enica pari\u0161koga centra za palijativnu skrb, [&hellip;]<\/p>\n","protected":false},"author":2,"featured_media":25303,"comment_status":"closed","ping_status":"closed","sticky":false,"template":"","format":"standard","meta":{"h5ap_radio_sources":[],"footnotes":""},"categories":[1],"tags":[],"class_list":["post-25302","post","type-post","status-publish","format-standard","has-post-thumbnail","hentry","category-bihiregija"],"yoast_head":"<!-- This site is optimized with the Yoast SEO plugin v27.4 - https:\/\/yoast.com\/product\/yoast-seo-wordpress\/ -->\n<title>Glazbenica svaki tjedan dolazi u dom svirati \u0161ti\u0107enicima koji trpe u\u017easne bolove - RADIO LJUBU\u0160KI<\/title>\n<meta name=\"robots\" content=\"index, follow, max-snippet:-1, max-image-preview:large, max-video-preview:-1\" \/>\n<link rel=\"canonical\" href=\"https:\/\/radioljubuski.ba\/index.php\/2021\/05\/26\/glazbenica-svaki-tjedan-dolazi-u-dom-svirati-sticenicima-koji-trpe-uzasne-bolove\/\" \/>\n<meta property=\"og:locale\" content=\"hr_HR\" \/>\n<meta property=\"og:type\" content=\"article\" \/>\n<meta property=\"og:title\" content=\"Glazbenica svaki tjedan dolazi u dom svirati \u0161ti\u0107enicima koji trpe u\u017easne bolove - RADIO LJUBU\u0160KI\" \/>\n<meta property=\"og:description\" content=\"Claire Oppert (55), koncertna violon\u010delistica \u0161kolovana na Moskovskome konzervatoriju petkom posje\u0107uje dom te svira za njegove \u0161ti\u0107enike, me\u0111u kojima se mnogi bore s te\u0161kom fizi\u010dkom boli i s neizlje\u010divim bolestima. &#8211; Stalno osje\u0107am bol, rekla je Micheline Leroux, pacijentica koja boluje od terminalnog oblika karcinoma i jedna je od \u0161ti\u0107enica pari\u0161koga centra za palijativnu skrb, [&hellip;]\" \/>\n<meta property=\"og:url\" content=\"https:\/\/radioljubuski.ba\/index.php\/2021\/05\/26\/glazbenica-svaki-tjedan-dolazi-u-dom-svirati-sticenicima-koji-trpe-uzasne-bolove\/\" \/>\n<meta property=\"og:site_name\" content=\"RADIO LJUBU\u0160KI\" \/>\n<meta property=\"article:publisher\" content=\"https:\/\/www.facebook.com\/Radiio-Ljubuski-1490835324566332\" \/>\n<meta property=\"article:published_time\" content=\"2021-05-26T11:20:32+00:00\" \/>\n<meta property=\"article:modified_time\" content=\"2021-05-26T11:20:33+00:00\" \/>\n<meta property=\"og:image\" content=\"https:\/\/radioljubuski.ba\/wp-content\/uploads\/2021\/05\/46dd65e9-3b0c-4907-96a2-fb86925f75f6.jpg\" \/>\n\t<meta property=\"og:image:width\" content=\"1200\" \/>\n\t<meta property=\"og:image:height\" content=\"663\" \/>\n\t<meta property=\"og:image:type\" content=\"image\/jpeg\" \/>\n<meta name=\"author\" content=\"Radio Ljubu\u0161ki\" \/>\n<meta name=\"twitter:card\" content=\"summary_large_image\" \/>\n<meta name=\"twitter:creator\" content=\"@radioljubuski\" \/>\n<meta name=\"twitter:site\" content=\"@radioljubuski\" \/>\n<meta name=\"twitter:label1\" content=\"Napisao\/la\" \/>\n\t<meta name=\"twitter:data1\" content=\"Radio Ljubu\u0161ki\" \/>\n\t<meta name=\"twitter:label2\" content=\"Procijenjeno vrijeme \u010ditanja\" \/>\n\t<meta name=\"twitter:data2\" content=\"1 minuta\" \/>\n<script type=\"application\/ld+json\" class=\"yoast-schema-graph\">{\"@context\":\"https:\\\/\\\/schema.org\",\"@graph\":[{\"@type\":\"Article\",\"@id\":\"https:\\\/\\\/radioljubuski.ba\\\/index.php\\\/2021\\\/05\\\/26\\\/glazbenica-svaki-tjedan-dolazi-u-dom-svirati-sticenicima-koji-trpe-uzasne-bolove\\\/#article\",\"isPartOf\":{\"@id\":\"https:\\\/\\\/radioljubuski.ba\\\/index.php\\\/2021\\\/05\\\/26\\\/glazbenica-svaki-tjedan-dolazi-u-dom-svirati-sticenicima-koji-trpe-uzasne-bolove\\\/\"},\"author\":{\"name\":\"Radio Ljubu\u0161ki\",\"@id\":\"https:\\\/\\\/radioljubuski.ba\\\/#\\\/schema\\\/person\\\/19fc700381a780f69665d7956c469e3b\"},\"headline\":\"Glazbenica svaki tjedan dolazi u dom svirati \u0161ti\u0107enicima koji trpe u\u017easne bolove\",\"datePublished\":\"2021-05-26T11:20:32+00:00\",\"dateModified\":\"2021-05-26T11:20:33+00:00\",\"mainEntityOfPage\":{\"@id\":\"https:\\\/\\\/radioljubuski.ba\\\/index.php\\\/2021\\\/05\\\/26\\\/glazbenica-svaki-tjedan-dolazi-u-dom-svirati-sticenicima-koji-trpe-uzasne-bolove\\\/\"},\"wordCount\":252,\"publisher\":{\"@id\":\"https:\\\/\\\/radioljubuski.ba\\\/#organization\"},\"image\":{\"@id\":\"https:\\\/\\\/radioljubuski.ba\\\/index.php\\\/2021\\\/05\\\/26\\\/glazbenica-svaki-tjedan-dolazi-u-dom-svirati-sticenicima-koji-trpe-uzasne-bolove\\\/#primaryimage\"},\"thumbnailUrl\":\"https:\\\/\\\/radioljubuski.ba\\\/wp-content\\\/uploads\\\/2021\\\/05\\\/46dd65e9-3b0c-4907-96a2-fb86925f75f6.jpg\",\"articleSection\":[\"BIH i regija\"],\"inLanguage\":\"hr\"},{\"@type\":\"WebPage\",\"@id\":\"https:\\\/\\\/radioljubuski.ba\\\/index.php\\\/2021\\\/05\\\/26\\\/glazbenica-svaki-tjedan-dolazi-u-dom-svirati-sticenicima-koji-trpe-uzasne-bolove\\\/\",\"url\":\"https:\\\/\\\/radioljubuski.ba\\\/index.php\\\/2021\\\/05\\\/26\\\/glazbenica-svaki-tjedan-dolazi-u-dom-svirati-sticenicima-koji-trpe-uzasne-bolove\\\/\",\"name\":\"Glazbenica svaki tjedan dolazi u dom svirati \u0161ti\u0107enicima koji trpe u\u017easne bolove - RADIO LJUBU\u0160KI\",\"isPartOf\":{\"@id\":\"https:\\\/\\\/radioljubuski.ba\\\/#website\"},\"primaryImageOfPage\":{\"@id\":\"https:\\\/\\\/radioljubuski.ba\\\/index.php\\\/2021\\\/05\\\/26\\\/glazbenica-svaki-tjedan-dolazi-u-dom-svirati-sticenicima-koji-trpe-uzasne-bolove\\\/#primaryimage\"},\"image\":{\"@id\":\"https:\\\/\\\/radioljubuski.ba\\\/index.php\\\/2021\\\/05\\\/26\\\/glazbenica-svaki-tjedan-dolazi-u-dom-svirati-sticenicima-koji-trpe-uzasne-bolove\\\/#primaryimage\"},\"thumbnailUrl\":\"https:\\\/\\\/radioljubuski.ba\\\/wp-content\\\/uploads\\\/2021\\\/05\\\/46dd65e9-3b0c-4907-96a2-fb86925f75f6.jpg\",\"datePublished\":\"2021-05-26T11:20:32+00:00\",\"dateModified\":\"2021-05-26T11:20:33+00:00\",\"breadcrumb\":{\"@id\":\"https:\\\/\\\/radioljubuski.ba\\\/index.php\\\/2021\\\/05\\\/26\\\/glazbenica-svaki-tjedan-dolazi-u-dom-svirati-sticenicima-koji-trpe-uzasne-bolove\\\/#breadcrumb\"},\"inLanguage\":\"hr\",\"potentialAction\":[{\"@type\":\"ReadAction\",\"target\":[\"https:\\\/\\\/radioljubuski.ba\\\/index.php\\\/2021\\\/05\\\/26\\\/glazbenica-svaki-tjedan-dolazi-u-dom-svirati-sticenicima-koji-trpe-uzasne-bolove\\\/\"]}]},{\"@type\":\"ImageObject\",\"inLanguage\":\"hr\",\"@id\":\"https:\\\/\\\/radioljubuski.ba\\\/index.php\\\/2021\\\/05\\\/26\\\/glazbenica-svaki-tjedan-dolazi-u-dom-svirati-sticenicima-koji-trpe-uzasne-bolove\\\/#primaryimage\",\"url\":\"https:\\\/\\\/radioljubuski.ba\\\/wp-content\\\/uploads\\\/2021\\\/05\\\/46dd65e9-3b0c-4907-96a2-fb86925f75f6.jpg\",\"contentUrl\":\"https:\\\/\\\/radioljubuski.ba\\\/wp-content\\\/uploads\\\/2021\\\/05\\\/46dd65e9-3b0c-4907-96a2-fb86925f75f6.jpg\",\"width\":1200,\"height\":663},{\"@type\":\"BreadcrumbList\",\"@id\":\"https:\\\/\\\/radioljubuski.ba\\\/index.php\\\/2021\\\/05\\\/26\\\/glazbenica-svaki-tjedan-dolazi-u-dom-svirati-sticenicima-koji-trpe-uzasne-bolove\\\/#breadcrumb\",\"itemListElement\":[{\"@type\":\"ListItem\",\"position\":1,\"name\":\"Po\u010detna stranica\",\"item\":\"https:\\\/\\\/radioljubuski.ba\\\/\"},{\"@type\":\"ListItem\",\"position\":2,\"name\":\"Glazbenica svaki tjedan dolazi u dom svirati \u0161ti\u0107enicima koji trpe u\u017easne bolove\"}]},{\"@type\":\"WebSite\",\"@id\":\"https:\\\/\\\/radioljubuski.ba\\\/#website\",\"url\":\"https:\\\/\\\/radioljubuski.ba\\\/\",\"name\":\"Radio Ljubu\u0161ki\",\"description\":\"Sun\u010dana frekvencija Hercegovine\",\"publisher\":{\"@id\":\"https:\\\/\\\/radioljubuski.ba\\\/#organization\"},\"potentialAction\":[{\"@type\":\"SearchAction\",\"target\":{\"@type\":\"EntryPoint\",\"urlTemplate\":\"https:\\\/\\\/radioljubuski.ba\\\/?s={search_term_string}\"},\"query-input\":{\"@type\":\"PropertyValueSpecification\",\"valueRequired\":true,\"valueName\":\"search_term_string\"}}],\"inLanguage\":\"hr\"},{\"@type\":\"Organization\",\"@id\":\"https:\\\/\\\/radioljubuski.ba\\\/#organization\",\"name\":\"Radio Ljubu\u0161ki\",\"url\":\"https:\\\/\\\/radioljubuski.ba\\\/\",\"logo\":{\"@type\":\"ImageObject\",\"inLanguage\":\"hr\",\"@id\":\"https:\\\/\\\/radioljubuski.ba\\\/#\\\/schema\\\/logo\\\/image\\\/\",\"url\":\"https:\\\/\\\/radioljubuski.ba\\\/wp-content\\\/uploads\\\/2021\\\/02\\\/cropped-Radio_Ljubuski_logo1.jpg\",\"contentUrl\":\"https:\\\/\\\/radioljubuski.ba\\\/wp-content\\\/uploads\\\/2021\\\/02\\\/cropped-Radio_Ljubuski_logo1.jpg\",\"width\":512,\"height\":512,\"caption\":\"Radio Ljubu\u0161ki\"},\"image\":{\"@id\":\"https:\\\/\\\/radioljubuski.ba\\\/#\\\/schema\\\/logo\\\/image\\\/\"},\"sameAs\":[\"https:\\\/\\\/www.facebook.com\\\/Radiio-Ljubuski-1490835324566332\",\"https:\\\/\\\/x.com\\\/radioljubuski\",\"https:\\\/\\\/hr.linkedin.com\\\/company\\\/radio-ljubuski\",\"https:\\\/\\\/www.youtube.com\\\/channel\\\/UCHYaeO_n0Db3tjNGudGpXyw\"]},{\"@type\":\"Person\",\"@id\":\"https:\\\/\\\/radioljubuski.ba\\\/#\\\/schema\\\/person\\\/19fc700381a780f69665d7956c469e3b\",\"name\":\"Radio Ljubu\u0161ki\"}]}<\/script>\n<!-- \/ Yoast SEO plugin. -->","yoast_head_json":{"title":"Glazbenica svaki tjedan dolazi u dom svirati \u0161ti\u0107enicima koji trpe u\u017easne bolove - RADIO LJUBU\u0160KI","robots":{"index":"index","follow":"follow","max-snippet":"max-snippet:-1","max-image-preview":"max-image-preview:large","max-video-preview":"max-video-preview:-1"},"canonical":"https:\/\/radioljubuski.ba\/index.php\/2021\/05\/26\/glazbenica-svaki-tjedan-dolazi-u-dom-svirati-sticenicima-koji-trpe-uzasne-bolove\/","og_locale":"hr_HR","og_type":"article","og_title":"Glazbenica svaki tjedan dolazi u dom svirati \u0161ti\u0107enicima koji trpe u\u017easne bolove - RADIO LJUBU\u0160KI","og_description":"Claire Oppert (55), koncertna violon\u010delistica \u0161kolovana na Moskovskome konzervatoriju petkom posje\u0107uje dom te svira za njegove \u0161ti\u0107enike, me\u0111u kojima se mnogi bore s te\u0161kom fizi\u010dkom boli i s neizlje\u010divim bolestima. &#8211; Stalno osje\u0107am bol, rekla je Micheline Leroux, pacijentica koja boluje od terminalnog oblika karcinoma i jedna je od \u0161ti\u0107enica pari\u0161koga centra za palijativnu skrb, [&hellip;]","og_url":"https:\/\/radioljubuski.ba\/index.php\/2021\/05\/26\/glazbenica-svaki-tjedan-dolazi-u-dom-svirati-sticenicima-koji-trpe-uzasne-bolove\/","og_site_name":"RADIO LJUBU\u0160KI","article_publisher":"https:\/\/www.facebook.com\/Radiio-Ljubuski-1490835324566332","article_published_time":"2021-05-26T11:20:32+00:00","article_modified_time":"2021-05-26T11:20:33+00:00","og_image":[{"width":1200,"height":663,"url":"https:\/\/radioljubuski.ba\/wp-content\/uploads\/2021\/05\/46dd65e9-3b0c-4907-96a2-fb86925f75f6.jpg","type":"image\/jpeg"}],"author":"Radio Ljubu\u0161ki","twitter_card":"summary_large_image","twitter_creator":"@radioljubuski","twitter_site":"@radioljubuski","twitter_misc":{"Napisao\/la":"Radio Ljubu\u0161ki","Procijenjeno vrijeme \u010ditanja":"1 minuta"},"schema":{"@context":"https:\/\/schema.org","@graph":[{"@type":"Article","@id":"https:\/\/radioljubuski.ba\/index.php\/2021\/05\/26\/glazbenica-svaki-tjedan-dolazi-u-dom-svirati-sticenicima-koji-trpe-uzasne-bolove\/#article","isPartOf":{"@id":"https:\/\/radioljubuski.ba\/index.php\/2021\/05\/26\/glazbenica-svaki-tjedan-dolazi-u-dom-svirati-sticenicima-koji-trpe-uzasne-bolove\/"},"author":{"name":"Radio Ljubu\u0161ki","@id":"https:\/\/radioljubuski.ba\/#\/schema\/person\/19fc700381a780f69665d7956c469e3b"},"headline":"Glazbenica svaki tjedan dolazi u dom svirati \u0161ti\u0107enicima koji trpe u\u017easne bolove","datePublished":"2021-05-26T11:20:32+00:00","dateModified":"2021-05-26T11:20:33+00:00","mainEntityOfPage":{"@id":"https:\/\/radioljubuski.ba\/index.php\/2021\/05\/26\/glazbenica-svaki-tjedan-dolazi-u-dom-svirati-sticenicima-koji-trpe-uzasne-bolove\/"},"wordCount":252,"publisher":{"@id":"https:\/\/radioljubuski.ba\/#organization"},"image":{"@id":"https:\/\/radioljubuski.ba\/index.php\/2021\/05\/26\/glazbenica-svaki-tjedan-dolazi-u-dom-svirati-sticenicima-koji-trpe-uzasne-bolove\/#primaryimage"},"thumbnailUrl":"https:\/\/radioljubuski.ba\/wp-content\/uploads\/2021\/05\/46dd65e9-3b0c-4907-96a2-fb86925f75f6.jpg","articleSection":["BIH i regija"],"inLanguage":"hr"},{"@type":"WebPage","@id":"https:\/\/radioljubuski.ba\/index.php\/2021\/05\/26\/glazbenica-svaki-tjedan-dolazi-u-dom-svirati-sticenicima-koji-trpe-uzasne-bolove\/","url":"https:\/\/radioljubuski.ba\/index.php\/2021\/05\/26\/glazbenica-svaki-tjedan-dolazi-u-dom-svirati-sticenicima-koji-trpe-uzasne-bolove\/","name":"Glazbenica svaki tjedan dolazi u dom svirati \u0161ti\u0107enicima koji trpe u\u017easne bolove - RADIO LJUBU\u0160KI","isPartOf":{"@id":"https:\/\/radioljubuski.ba\/#website"},"primaryImageOfPage":{"@id":"https:\/\/radioljubuski.ba\/index.php\/2021\/05\/26\/glazbenica-svaki-tjedan-dolazi-u-dom-svirati-sticenicima-koji-trpe-uzasne-bolove\/#primaryimage"},"image":{"@id":"https:\/\/radioljubuski.ba\/index.php\/2021\/05\/26\/glazbenica-svaki-tjedan-dolazi-u-dom-svirati-sticenicima-koji-trpe-uzasne-bolove\/#primaryimage"},"thumbnailUrl":"https:\/\/radioljubuski.ba\/wp-content\/uploads\/2021\/05\/46dd65e9-3b0c-4907-96a2-fb86925f75f6.jpg","datePublished":"2021-05-26T11:20:32+00:00","dateModified":"2021-05-26T11:20:33+00:00","breadcrumb":{"@id":"https:\/\/radioljubuski.ba\/index.php\/2021\/05\/26\/glazbenica-svaki-tjedan-dolazi-u-dom-svirati-sticenicima-koji-trpe-uzasne-bolove\/#breadcrumb"},"inLanguage":"hr","potentialAction":[{"@type":"ReadAction","target":["https:\/\/radioljubuski.ba\/index.php\/2021\/05\/26\/glazbenica-svaki-tjedan-dolazi-u-dom-svirati-sticenicima-koji-trpe-uzasne-bolove\/"]}]},{"@type":"ImageObject","inLanguage":"hr","@id":"https:\/\/radioljubuski.ba\/index.php\/2021\/05\/26\/glazbenica-svaki-tjedan-dolazi-u-dom-svirati-sticenicima-koji-trpe-uzasne-bolove\/#primaryimage","url":"https:\/\/radioljubuski.ba\/wp-content\/uploads\/2021\/05\/46dd65e9-3b0c-4907-96a2-fb86925f75f6.jpg","contentUrl":"https:\/\/radioljubuski.ba\/wp-content\/uploads\/2021\/05\/46dd65e9-3b0c-4907-96a2-fb86925f75f6.jpg","width":1200,"height":663},{"@type":"BreadcrumbList","@id":"https:\/\/radioljubuski.ba\/index.php\/2021\/05\/26\/glazbenica-svaki-tjedan-dolazi-u-dom-svirati-sticenicima-koji-trpe-uzasne-bolove\/#breadcrumb","itemListElement":[{"@type":"ListItem","position":1,"name":"Po\u010detna stranica","item":"https:\/\/radioljubuski.ba\/"},{"@type":"ListItem","position":2,"name":"Glazbenica svaki tjedan dolazi u dom svirati \u0161ti\u0107enicima koji trpe u\u017easne bolove"}]},{"@type":"WebSite","@id":"https:\/\/radioljubuski.ba\/#website","url":"https:\/\/radioljubuski.ba\/","name":"Radio Ljubu\u0161ki","description":"Sun\u010dana frekvencija Hercegovine","publisher":{"@id":"https:\/\/radioljubuski.ba\/#organization"},"potentialAction":[{"@type":"SearchAction","target":{"@type":"EntryPoint","urlTemplate":"https:\/\/radioljubuski.ba\/?s={search_term_string}"},"query-input":{"@type":"PropertyValueSpecification","valueRequired":true,"valueName":"search_term_string"}}],"inLanguage":"hr"},{"@type":"Organization","@id":"https:\/\/radioljubuski.ba\/#organization","name":"Radio Ljubu\u0161ki","url":"https:\/\/radioljubuski.ba\/","logo":{"@type":"ImageObject","inLanguage":"hr","@id":"https:\/\/radioljubuski.ba\/#\/schema\/logo\/image\/","url":"https:\/\/radioljubuski.ba\/wp-content\/uploads\/2021\/02\/cropped-Radio_Ljubuski_logo1.jpg","contentUrl":"https:\/\/radioljubuski.ba\/wp-content\/uploads\/2021\/02\/cropped-Radio_Ljubuski_logo1.jpg","width":512,"height":512,"caption":"Radio Ljubu\u0161ki"},"image":{"@id":"https:\/\/radioljubuski.ba\/#\/schema\/logo\/image\/"},"sameAs":["https:\/\/www.facebook.com\/Radiio-Ljubuski-1490835324566332","https:\/\/x.com\/radioljubuski","https:\/\/hr.linkedin.com\/company\/radio-ljubuski","https:\/\/www.youtube.com\/channel\/UCHYaeO_n0Db3tjNGudGpXyw"]},{"@type":"Person","@id":"https:\/\/radioljubuski.ba\/#\/schema\/person\/19fc700381a780f69665d7956c469e3b","name":"Radio Ljubu\u0161ki"}]}},"_links":{"self":[{"href":"https:\/\/radioljubuski.ba\/index.php\/wp-json\/wp\/v2\/posts\/25302","targetHints":{"allow":["GET"]}}],"collection":[{"href":"https:\/\/radioljubuski.ba\/index.php\/wp-json\/wp\/v2\/posts"}],"about":[{"href":"https:\/\/radioljubuski.ba\/index.php\/wp-json\/wp\/v2\/types\/post"}],"author":[{"embeddable":true,"href":"https:\/\/radioljubuski.ba\/index.php\/wp-json\/wp\/v2\/users\/2"}],"replies":[{"embeddable":true,"href":"https:\/\/radioljubuski.ba\/index.php\/wp-json\/wp\/v2\/comments?post=25302"}],"version-history":[{"count":1,"href":"https:\/\/radioljubuski.ba\/index.php\/wp-json\/wp\/v2\/posts\/25302\/revisions"}],"predecessor-version":[{"id":25304,"href":"https:\/\/radioljubuski.ba\/index.php\/wp-json\/wp\/v2\/posts\/25302\/revisions\/25304"}],"wp:featuredmedia":[{"embeddable":true,"href":"https:\/\/radioljubuski.ba\/index.php\/wp-json\/wp\/v2\/media\/25303"}],"wp:attachment":[{"href":"https:\/\/radioljubuski.ba\/index.php\/wp-json\/wp\/v2\/media?parent=25302"}],"wp:term":[{"taxonomy":"category","embeddable":true,"href":"https:\/\/radioljubuski.ba\/index.php\/wp-json\/wp\/v2\/categories?post=25302"},{"taxonomy":"post_tag","embeddable":true,"href":"https:\/\/radioljubuski.ba\/index.php\/wp-json\/wp\/v2\/tags?post=25302"}],"curies":[{"name":"wp","href":"https:\/\/api.w.org\/{rel}","templated":true}]}}