{"id":25310,"date":"2021-05-26T12:28:36","date_gmt":"2021-05-26T11:28:36","guid":{"rendered":"https:\/\/radioljubuski.ba\/?p=25310"},"modified":"2021-05-26T12:30:17","modified_gmt":"2021-05-26T11:30:17","slug":"stozer-predstavio-nove-mjere","status":"publish","type":"post","link":"https:\/\/radioljubuski.ba\/index.php\/2021\/05\/26\/stozer-predstavio-nove-mjere\/","title":{"rendered":"Sto\u017eer predstavio nove mjere"},"content":{"rendered":"\n<p>U posljednja 24 sata zabilje\u017eeno je 538 novih slu\u010dajeva zaraze virusom SARS-CoV-2 te je broj aktivnih slu\u010dajeva u Hrvatskoj danas ukupno 3112. Na bolni\u010dkom su lije\u010denju 1034 pacijenta, od kojih 102 na respiratoru. Preminula je 21 osoba.<\/p>\n\n\n\n<iframe loading=\"lazy\" src=\"https:\/\/www.facebook.com\/plugins\/video.php?height=314&#038;href=https%3A%2F%2Fwww.facebook.com%2FHRTvijesti%2Fvideos%2F303772574565565%2F&#038;show_text=false&#038;width=560\" width=\"560\" height=\"314\" style=\"border:none;overflow:hidden\" scrolling=\"no\" frameborder=\"0\" allowfullscreen=\"true\" allow=\"autoplay; clipboard-write; encrypted-media; picture-in-picture; web-share\" allowFullScreen=\"true\"><\/iframe>\n\n\n\n<p>Ravnatelj Zavoda za javno zdravstvo <strong>Krunoslav Capak<\/strong> rekao je da u prva tri dana ovoga tjedna imamo 41,8 posto manje zara\u017eenih nego u pro\u0161lom tjednu.<br><br>Prosje\u010dna incidencija u Hrvatskoj je 191,5. Najni\u017eu ima Istarska \u017eupanija, a najvi\u0161u Vara\u017edinska \u017eupanija.<br><br>U usporedbi sa zemljama EU-a, RH je na 16. mjestu.<br><br>Istaknuo je da je HALMED zaprimio 3590 prijava nuspojava: 1831 na Pfizer, 305 Moderna, 1430 AstraZenecu, 19 Johnson i Johnson.<\/p>\n\n\n\n<p><strong>Ubla\u017eavanje mjera<\/strong><br><br>Ministar unutarnjih poslova te na\u010delnik Nacionalnog sto\u017eera civilne za\u0161tite <strong>Davor Bo\u017einovi\u0107 <\/strong>predstavio je ubla\u017eavanje mjera koje stupaju na snagu 28. svibnja.<br><br>&#8211; Na javnim okupljanjima bit \u0107e mogu\u0107e 100 osoba, umjesto dosada\u0161njih 25<br><br>&#8211; Ukida se zabrana privatnih okupljanja i sve\u010danosti.&nbsp;<br><br>&#8211; Javna doga\u0111anja, okupljanja i sve\u010danosti svih vrsta mogu trajati do 23 sata, a ne kao do sada do 22 sata.<br><br>&#8211; Pogrebi nemaju vi\u0161e ograni\u010denja broja osoba, ali se su\u0107ut ne smije izra\u017eavati bliskim kontaktom<br><br>&#8211; Dopu\u0161ta se rad restorana i uslu\u017eivanje gostiju u zatvorenim prostorima, dok kafi\u0107i i objekti koji poslu\u017euju samo pi\u0107a i dalje mogu raditi samo na otvorenom. Restorani moraju zadovoljiti stro\u017ee sanitarne uvjete.<br><br>&#8211; Pekarnice mogu raditi do 23 sata, isto vrijedi i&nbsp;za prodaju alkoholnog pi\u0107a<br><br>&#8211; Radno vrijeme ugostiteljskih objekata je od 6 do 23 sata. Ugostiteljskim objektima i obiteljskim gospodarstvima dopu\u0161ta se, uz strogo pridr\u017eavanje mjera uslu\u017eivanje gostiju u zatvorenim prostorima, a ne samo na terasama.<br><br>&#8211; Obustava svadbenih sve\u010danosti bi i dalje bila na snazi, ali bi se iznimno mogla odr\u017eati s najvi\u0161e 120 uzvanika, uz obveze dostave obavijesti s mjestom i vremenom, te okvirnim brojem gostiju nadle\u017enoj civilnoj slu\u017ebi najkasnije pet dana prije po\u010detka. Na svadbi mogu biti osobe koje su vi\u0161e od 14 dana primile drugu dozu cjepiva, ili jednu dozu, ukoliko je rije\u010d o cjepivu u jednoj dozi, ili su preboljele bolest Covid ili su unutar 48 sati dobile negativan test.<br><br>&#8211; Radno vrijeme casina, automat klubova i mjesta za kla\u0111enje je od 8-23 sata.<br><br>&#8211; Ukinula bi se obustava organiziranih plesnih \u0161kola, omogu\u0107ilo bi se odr\u017eavanje dje\u010djih igraonica u zatvorenim prostorima, ali uz strogo pridr\u017eavanje epidemiolo\u0161kih mjera. Zabrana treninga bi ostala za \u0161kolske dvorane, dok bi se u ostalim dopustila.<br><br>&#8211; Za vjerske obrede se vi\u0161e ne primjenjuje ograni\u010denje do 100 osoba, ve\u0107 prema veli\u010dini prostora, minimalno \u010detiri kvadrata po osobi.<br><br>&#8211; Dopu\u0161ta odr\u017eavanje sajmova na otvorenom uz obvezne maske.<br><br>&#8211; Ukida se ograni\u010denje od maksimalno 40 posto popunjenosti mjesta za putnike u javnom prijevozu. Obveza kori\u0161tenja maski i dalje ostaje.<br><br>&#8211; Djeca do 12 godina starosti koji putuju sa roditeljima koji su cijepljeni ili su preboljeli ili imaju negativan test, ne moraju imati negativan test niti i\u0107i u samoizolaciju.<\/p>\n\n\n\n<p>Ministar Bo\u017einovi\u0107 istaknuo je da ostaje odredba da su maske potrebne ako se ne mo\u017ee odr\u017eavati fizi\u010dka distanca.<br><br>&#8211; Ove mjere su na snazi do sredine lipnja. Kao i do sada pratit \u0107emo razvoj epidemiolo\u0161ke situacije. Ohrabruje \u0161to se sve ve\u0107i broj gra\u0111ana cijepi i u svakom sljede\u0107em koraku mo\u0107i \u0107emo i\u0107i s dodatnim popu\u0161tanjima, rekao je.<br><br>Na pitanje ho\u0107e li svadbene sve\u010danosti imati ograni\u010denje radnog vremena Bo\u017einovi\u0107 je rekao da ne\u0107e.<br><br>&#8211; Organizator treba voditi brigu o tome jesu li svi nazo\u010dni, ne samo uzvanici ve\u0107 i osoblje, pjeva\u010di, i svi ostali koji sudjeluju i ispunjavaju li uvjete.&nbsp;<br><br>&#8211; Svi podaci o cijepljenima, testiranima i pozitivnima dostupni su HZJZ-u i \u017eelimo poru\u010diti pogotovo organizatorima, ali i svima, da \u0107e se ti podaci provjeravati i ukoliko do\u0111e do spoznaje da se netko nije pridr\u017eavao, onda \u0107emo biti prisiljeni primjenjivati sankcije koje su propisane u zakonu o sustavu civilne za\u0161tite, a to su, kao \u0161to znate, vrlo visoke sankcije. Moramo u\u010diniti sve da svi koji sudjeluju na takvi doga\u0111anjima se osje\u0107aju maksimalno sigurno i da mogu\u0107nost infekcije svedemo na minimum. Kroz ovo popu\u0161tanje logi\u010dno je da \u0107emo to sve provjeravati kako bi svi shvatili ozbiljno kao mjeru za\u0161tite i sigurnosti u borbi s koronavirusom, rekao je Bo\u017einovi\u0107.<\/p>\n\n\n\n<p><strong>Postupnost &#8211; glavna poruka<\/strong><br><br>&#8211; U ovom trenutku smo odlu\u010dili na one mjere koje su vrijedile ranije, mjere koje je propisao HZJZ glede razmje\u0161taja, razmaka, distance. Razmi\u0161ljamo o svemu. Va\u017eno je da nastavljamo sa svojim pristupom.Mi smo uvijek tom poslu pristupali postupno, pogotovo kad govorimo o popu\u0161tanju. Najgore bi bilo da idemo u popu\u0161tanja preekstenzivno, pa da nas doga\u0111aji natjeraju da se vratimo u neku od restriktivnijih mjera koje smo netom napustili. Sve je to proces u kojem \u0107emo cijelo vrijeme pratiti situaciju. Moramo biti svjesni da nam brojevi moraju padati. Hrvatska je turisti\u010dka zemlja, pa kad se na\u0161i potencijalni gosti budu odlu\u010divali gdje \u0107e oti\u0107i, jedna od glavnih stvari koja \u0107e ih zanimati je kolika je incidencija i koliko je ljudi zara\u017eeno, rekao je Bo\u017einovi\u0107.<br><br>Dodao je da imamo iskustvo od pro\u0161log ljeta, kad su brojevi po\u010deli rasti te je u jednom trenutku, u drugoj polovici osmog mjeseca, sezona prestala.<br><br>&#8211; Neke zemlje svojim gra\u0111anima po\u010dele su davati naputke da pri povratku iz Hrvatske moraju u karantenu na dva tjedna. To su sve elementi o kojima moramo voditi brigu. Zato idemo postupno, to je glavna poruka. Ne mo\u017eemo slati poruku da je epidemiji kraj, jer nije. \u017delimo poticati ljude da borave \u0161to je vi\u0161e na otvorenom jer na otvorenom nema ograni\u010denja osim tamo gdje je vi\u0161e ljudi pa se ne mo\u017ee odr\u017eavati distanca, dodao je.&nbsp;<\/p>\n\n\n\n<p>&#8211; \u0160to se ti\u010de zatvorenih dijelova restorana, ocijenili smo u ovom trenutku da idemo na klasi\u010dne epidemiolo\u0161ke mjere koje su bile na snazi do 27.11. kada smo uveli stro\u017ee mjere. S time da za neke doga\u0111aje koji se mogu odvijati i u restoranima, kao \u0161to su vjen\u010danja stavit \u0107emo ova tri uvjeta, a isto \u0107e biti i za koncerte. A \u0161to se ti\u010de no\u0107nih klubova, odlu\u010dili smo da ne\u0107emo jo\u0161 razmatrali otvaranje no\u0107nih klubova. To su vi\u0161e dinami\u010dna mjesta, nego su restorani. Za njihovo otvaranje na otvorenim prostorima razmatra se da se tako\u0111er postave ova tri uvjeta &#8211; preboljenje, testiranje ili cijepljenje, rekao je Capak.<\/p>\n\n\n\n<p><strong>O cijepljenju<\/strong><br><br>Na pitanje kakav je interes za cijepljenje Capak je rekao da je interes na platformi ne\u0161to pao, ali da to ne zna\u010di da je generalno pao.<br><br>Osvrnuo se i na cijepljenje djece.<br><br>&#8211; Mi preporu\u010dujemo da se cijepe djeca od 16-18, ali vrlo skoro mo\u0107i \u0107emo vjerojatno mo\u0107i cijepiti i djecu od 12 godina. Mislim da \u0107e to biti unutar sljede\u0107ih mjesec dana. Na\u0161i maturanti jo\u0161 nisu do\u0161li na red, osim ako se netko nije ba\u0161 prijavio pa je do\u0161ao na red, istaknuo je.<br><br>Ministar zdravstva <strong>Vili Bero\u0161<\/strong>&nbsp;istaknuo je da je prema podacima od 24. svibnja od 10 sati putem sustava e naru\u010divanja procesuirano 846.645 zapisa.<br><br>&#8211; 347.377 zapisa su budu\u0107i zapisi i odnose se naj\u010de\u0161\u0107e na drugu dozu cijepljenja. Prijavljeno je 262.652 upisa, a ostalo je nerealizirano oko 56.000 \u0161to o\u010dekujemo da \u0107e se do kraja sljede\u0107eg tjedna rije\u0161iti, rekao je.<\/p>\n\n\n\n<p><strong>Zelene digitalne potvrde<\/strong><br><br>Na pitanje kad se uvedu zelene digitalne potvrde, \u0161to \u0107e biti s ljudima koji su se cijepili prije vi\u0161e od \u0161est mjeseci, Capak je rekao da se na razini EU-a razmatra da se taj rok produlji.&nbsp;<br><br>&#8211; \u0160to se ti\u010de roka od \u0161est mjeseci nakon cijepljenja, a tu mogu govoriti i o roku od 180 dana od preboljenja, razmatra se na razini Europe da se taj rok produlji, jer nema potrebe da to bude \u0161est mjeseci. Vrlo je vjerojatno da \u0107e se taj rok produ\u017eiti na 8 do 10 mjeseci za cijepljenje, a \u0161to se ti\u010de preboljenja izgledno je da \u0107e se produ\u017eiti na osam mjeseci, rekao je Capak.<\/p>\n\n\n\n<p>Izvor:hrt.hr<\/p>\n","protected":false},"excerpt":{"rendered":"<p>U posljednja 24 sata zabilje\u017eeno je 538 novih slu\u010dajeva zaraze virusom SARS-CoV-2 te je broj aktivnih slu\u010dajeva u Hrvatskoj danas ukupno 3112. Na bolni\u010dkom su lije\u010denju 1034 pacijenta, od kojih 102 na respiratoru. Preminula je 21 osoba. Ravnatelj Zavoda za javno zdravstvo Krunoslav Capak rekao je da u prva tri dana ovoga tjedna imamo 41,8 [&hellip;]<\/p>\n","protected":false},"author":2,"featured_media":25316,"comment_status":"closed","ping_status":"closed","sticky":false,"template":"","format":"standard","meta":{"h5ap_radio_sources":[],"footnotes":""},"categories":[1],"tags":[],"class_list":["post-25310","post","type-post","status-publish","format-standard","has-post-thumbnail","hentry","category-bihiregija"],"yoast_head":"<!-- This site is optimized with the Yoast SEO plugin v27.4 - https:\/\/yoast.com\/product\/yoast-seo-wordpress\/ -->\n<title>Sto\u017eer predstavio nove mjere - RADIO LJUBU\u0160KI<\/title>\n<meta name=\"robots\" content=\"index, follow, max-snippet:-1, max-image-preview:large, max-video-preview:-1\" \/>\n<link rel=\"canonical\" href=\"https:\/\/radioljubuski.ba\/index.php\/2021\/05\/26\/stozer-predstavio-nove-mjere\/\" \/>\n<meta property=\"og:locale\" content=\"hr_HR\" \/>\n<meta property=\"og:type\" content=\"article\" \/>\n<meta property=\"og:title\" content=\"Sto\u017eer predstavio nove mjere - RADIO LJUBU\u0160KI\" \/>\n<meta property=\"og:description\" content=\"U posljednja 24 sata zabilje\u017eeno je 538 novih slu\u010dajeva zaraze virusom SARS-CoV-2 te je broj aktivnih slu\u010dajeva u Hrvatskoj danas ukupno 3112. Na bolni\u010dkom su lije\u010denju 1034 pacijenta, od kojih 102 na respiratoru. Preminula je 21 osoba. Ravnatelj Zavoda za javno zdravstvo Krunoslav Capak rekao je da u prva tri dana ovoga tjedna imamo 41,8 [&hellip;]\" \/>\n<meta property=\"og:url\" content=\"https:\/\/radioljubuski.ba\/index.php\/2021\/05\/26\/stozer-predstavio-nove-mjere\/\" \/>\n<meta property=\"og:site_name\" content=\"RADIO LJUBU\u0160KI\" \/>\n<meta property=\"article:publisher\" content=\"https:\/\/www.facebook.com\/Radiio-Ljubuski-1490835324566332\" \/>\n<meta property=\"article:published_time\" content=\"2021-05-26T11:28:36+00:00\" \/>\n<meta property=\"article:modified_time\" content=\"2021-05-26T11:30:17+00:00\" \/>\n<meta property=\"og:image\" content=\"https:\/\/radioljubuski.ba\/wp-content\/uploads\/2021\/05\/indeksiraj-19.jpg\" \/>\n\t<meta property=\"og:image:width\" content=\"300\" \/>\n\t<meta property=\"og:image:height\" content=\"168\" \/>\n\t<meta property=\"og:image:type\" content=\"image\/jpeg\" \/>\n<meta name=\"author\" content=\"Radio Ljubu\u0161ki\" \/>\n<meta name=\"twitter:card\" content=\"summary_large_image\" \/>\n<meta name=\"twitter:creator\" content=\"@radioljubuski\" \/>\n<meta name=\"twitter:site\" content=\"@radioljubuski\" \/>\n<meta name=\"twitter:label1\" content=\"Napisao\/la\" \/>\n\t<meta name=\"twitter:data1\" content=\"Radio Ljubu\u0161ki\" \/>\n\t<meta name=\"twitter:label2\" content=\"Procijenjeno vrijeme \u010ditanja\" \/>\n\t<meta name=\"twitter:data2\" content=\"6 minuta\" \/>\n<script type=\"application\/ld+json\" class=\"yoast-schema-graph\">{\"@context\":\"https:\\\/\\\/schema.org\",\"@graph\":[{\"@type\":\"Article\",\"@id\":\"https:\\\/\\\/radioljubuski.ba\\\/index.php\\\/2021\\\/05\\\/26\\\/stozer-predstavio-nove-mjere\\\/#article\",\"isPartOf\":{\"@id\":\"https:\\\/\\\/radioljubuski.ba\\\/index.php\\\/2021\\\/05\\\/26\\\/stozer-predstavio-nove-mjere\\\/\"},\"author\":{\"name\":\"Radio Ljubu\u0161ki\",\"@id\":\"https:\\\/\\\/radioljubuski.ba\\\/#\\\/schema\\\/person\\\/19fc700381a780f69665d7956c469e3b\"},\"headline\":\"Sto\u017eer predstavio nove mjere\",\"datePublished\":\"2021-05-26T11:28:36+00:00\",\"dateModified\":\"2021-05-26T11:30:17+00:00\",\"mainEntityOfPage\":{\"@id\":\"https:\\\/\\\/radioljubuski.ba\\\/index.php\\\/2021\\\/05\\\/26\\\/stozer-predstavio-nove-mjere\\\/\"},\"wordCount\":1387,\"publisher\":{\"@id\":\"https:\\\/\\\/radioljubuski.ba\\\/#organization\"},\"image\":{\"@id\":\"https:\\\/\\\/radioljubuski.ba\\\/index.php\\\/2021\\\/05\\\/26\\\/stozer-predstavio-nove-mjere\\\/#primaryimage\"},\"thumbnailUrl\":\"https:\\\/\\\/radioljubuski.ba\\\/wp-content\\\/uploads\\\/2021\\\/05\\\/indeksiraj-19.jpg\",\"articleSection\":[\"BIH i regija\"],\"inLanguage\":\"hr\"},{\"@type\":\"WebPage\",\"@id\":\"https:\\\/\\\/radioljubuski.ba\\\/index.php\\\/2021\\\/05\\\/26\\\/stozer-predstavio-nove-mjere\\\/\",\"url\":\"https:\\\/\\\/radioljubuski.ba\\\/index.php\\\/2021\\\/05\\\/26\\\/stozer-predstavio-nove-mjere\\\/\",\"name\":\"Sto\u017eer predstavio nove mjere - RADIO LJUBU\u0160KI\",\"isPartOf\":{\"@id\":\"https:\\\/\\\/radioljubuski.ba\\\/#website\"},\"primaryImageOfPage\":{\"@id\":\"https:\\\/\\\/radioljubuski.ba\\\/index.php\\\/2021\\\/05\\\/26\\\/stozer-predstavio-nove-mjere\\\/#primaryimage\"},\"image\":{\"@id\":\"https:\\\/\\\/radioljubuski.ba\\\/index.php\\\/2021\\\/05\\\/26\\\/stozer-predstavio-nove-mjere\\\/#primaryimage\"},\"thumbnailUrl\":\"https:\\\/\\\/radioljubuski.ba\\\/wp-content\\\/uploads\\\/2021\\\/05\\\/indeksiraj-19.jpg\",\"datePublished\":\"2021-05-26T11:28:36+00:00\",\"dateModified\":\"2021-05-26T11:30:17+00:00\",\"breadcrumb\":{\"@id\":\"https:\\\/\\\/radioljubuski.ba\\\/index.php\\\/2021\\\/05\\\/26\\\/stozer-predstavio-nove-mjere\\\/#breadcrumb\"},\"inLanguage\":\"hr\",\"potentialAction\":[{\"@type\":\"ReadAction\",\"target\":[\"https:\\\/\\\/radioljubuski.ba\\\/index.php\\\/2021\\\/05\\\/26\\\/stozer-predstavio-nove-mjere\\\/\"]}]},{\"@type\":\"ImageObject\",\"inLanguage\":\"hr\",\"@id\":\"https:\\\/\\\/radioljubuski.ba\\\/index.php\\\/2021\\\/05\\\/26\\\/stozer-predstavio-nove-mjere\\\/#primaryimage\",\"url\":\"https:\\\/\\\/radioljubuski.ba\\\/wp-content\\\/uploads\\\/2021\\\/05\\\/indeksiraj-19.jpg\",\"contentUrl\":\"https:\\\/\\\/radioljubuski.ba\\\/wp-content\\\/uploads\\\/2021\\\/05\\\/indeksiraj-19.jpg\",\"width\":300,\"height\":168},{\"@type\":\"BreadcrumbList\",\"@id\":\"https:\\\/\\\/radioljubuski.ba\\\/index.php\\\/2021\\\/05\\\/26\\\/stozer-predstavio-nove-mjere\\\/#breadcrumb\",\"itemListElement\":[{\"@type\":\"ListItem\",\"position\":1,\"name\":\"Po\u010detna stranica\",\"item\":\"https:\\\/\\\/radioljubuski.ba\\\/\"},{\"@type\":\"ListItem\",\"position\":2,\"name\":\"Sto\u017eer predstavio nove mjere\"}]},{\"@type\":\"WebSite\",\"@id\":\"https:\\\/\\\/radioljubuski.ba\\\/#website\",\"url\":\"https:\\\/\\\/radioljubuski.ba\\\/\",\"name\":\"Radio Ljubu\u0161ki\",\"description\":\"Sun\u010dana frekvencija Hercegovine\",\"publisher\":{\"@id\":\"https:\\\/\\\/radioljubuski.ba\\\/#organization\"},\"potentialAction\":[{\"@type\":\"SearchAction\",\"target\":{\"@type\":\"EntryPoint\",\"urlTemplate\":\"https:\\\/\\\/radioljubuski.ba\\\/?s={search_term_string}\"},\"query-input\":{\"@type\":\"PropertyValueSpecification\",\"valueRequired\":true,\"valueName\":\"search_term_string\"}}],\"inLanguage\":\"hr\"},{\"@type\":\"Organization\",\"@id\":\"https:\\\/\\\/radioljubuski.ba\\\/#organization\",\"name\":\"Radio Ljubu\u0161ki\",\"url\":\"https:\\\/\\\/radioljubuski.ba\\\/\",\"logo\":{\"@type\":\"ImageObject\",\"inLanguage\":\"hr\",\"@id\":\"https:\\\/\\\/radioljubuski.ba\\\/#\\\/schema\\\/logo\\\/image\\\/\",\"url\":\"https:\\\/\\\/radioljubuski.ba\\\/wp-content\\\/uploads\\\/2021\\\/02\\\/cropped-Radio_Ljubuski_logo1.jpg\",\"contentUrl\":\"https:\\\/\\\/radioljubuski.ba\\\/wp-content\\\/uploads\\\/2021\\\/02\\\/cropped-Radio_Ljubuski_logo1.jpg\",\"width\":512,\"height\":512,\"caption\":\"Radio Ljubu\u0161ki\"},\"image\":{\"@id\":\"https:\\\/\\\/radioljubuski.ba\\\/#\\\/schema\\\/logo\\\/image\\\/\"},\"sameAs\":[\"https:\\\/\\\/www.facebook.com\\\/Radiio-Ljubuski-1490835324566332\",\"https:\\\/\\\/x.com\\\/radioljubuski\",\"https:\\\/\\\/hr.linkedin.com\\\/company\\\/radio-ljubuski\",\"https:\\\/\\\/www.youtube.com\\\/channel\\\/UCHYaeO_n0Db3tjNGudGpXyw\"]},{\"@type\":\"Person\",\"@id\":\"https:\\\/\\\/radioljubuski.ba\\\/#\\\/schema\\\/person\\\/19fc700381a780f69665d7956c469e3b\",\"name\":\"Radio Ljubu\u0161ki\"}]}<\/script>\n<!-- \/ Yoast SEO plugin. -->","yoast_head_json":{"title":"Sto\u017eer predstavio nove mjere - RADIO LJUBU\u0160KI","robots":{"index":"index","follow":"follow","max-snippet":"max-snippet:-1","max-image-preview":"max-image-preview:large","max-video-preview":"max-video-preview:-1"},"canonical":"https:\/\/radioljubuski.ba\/index.php\/2021\/05\/26\/stozer-predstavio-nove-mjere\/","og_locale":"hr_HR","og_type":"article","og_title":"Sto\u017eer predstavio nove mjere - RADIO LJUBU\u0160KI","og_description":"U posljednja 24 sata zabilje\u017eeno je 538 novih slu\u010dajeva zaraze virusom SARS-CoV-2 te je broj aktivnih slu\u010dajeva u Hrvatskoj danas ukupno 3112. Na bolni\u010dkom su lije\u010denju 1034 pacijenta, od kojih 102 na respiratoru. Preminula je 21 osoba. Ravnatelj Zavoda za javno zdravstvo Krunoslav Capak rekao je da u prva tri dana ovoga tjedna imamo 41,8 [&hellip;]","og_url":"https:\/\/radioljubuski.ba\/index.php\/2021\/05\/26\/stozer-predstavio-nove-mjere\/","og_site_name":"RADIO LJUBU\u0160KI","article_publisher":"https:\/\/www.facebook.com\/Radiio-Ljubuski-1490835324566332","article_published_time":"2021-05-26T11:28:36+00:00","article_modified_time":"2021-05-26T11:30:17+00:00","og_image":[{"width":300,"height":168,"url":"https:\/\/radioljubuski.ba\/wp-content\/uploads\/2021\/05\/indeksiraj-19.jpg","type":"image\/jpeg"}],"author":"Radio Ljubu\u0161ki","twitter_card":"summary_large_image","twitter_creator":"@radioljubuski","twitter_site":"@radioljubuski","twitter_misc":{"Napisao\/la":"Radio Ljubu\u0161ki","Procijenjeno vrijeme \u010ditanja":"6 minuta"},"schema":{"@context":"https:\/\/schema.org","@graph":[{"@type":"Article","@id":"https:\/\/radioljubuski.ba\/index.php\/2021\/05\/26\/stozer-predstavio-nove-mjere\/#article","isPartOf":{"@id":"https:\/\/radioljubuski.ba\/index.php\/2021\/05\/26\/stozer-predstavio-nove-mjere\/"},"author":{"name":"Radio Ljubu\u0161ki","@id":"https:\/\/radioljubuski.ba\/#\/schema\/person\/19fc700381a780f69665d7956c469e3b"},"headline":"Sto\u017eer predstavio nove mjere","datePublished":"2021-05-26T11:28:36+00:00","dateModified":"2021-05-26T11:30:17+00:00","mainEntityOfPage":{"@id":"https:\/\/radioljubuski.ba\/index.php\/2021\/05\/26\/stozer-predstavio-nove-mjere\/"},"wordCount":1387,"publisher":{"@id":"https:\/\/radioljubuski.ba\/#organization"},"image":{"@id":"https:\/\/radioljubuski.ba\/index.php\/2021\/05\/26\/stozer-predstavio-nove-mjere\/#primaryimage"},"thumbnailUrl":"https:\/\/radioljubuski.ba\/wp-content\/uploads\/2021\/05\/indeksiraj-19.jpg","articleSection":["BIH i regija"],"inLanguage":"hr"},{"@type":"WebPage","@id":"https:\/\/radioljubuski.ba\/index.php\/2021\/05\/26\/stozer-predstavio-nove-mjere\/","url":"https:\/\/radioljubuski.ba\/index.php\/2021\/05\/26\/stozer-predstavio-nove-mjere\/","name":"Sto\u017eer predstavio nove mjere - RADIO LJUBU\u0160KI","isPartOf":{"@id":"https:\/\/radioljubuski.ba\/#website"},"primaryImageOfPage":{"@id":"https:\/\/radioljubuski.ba\/index.php\/2021\/05\/26\/stozer-predstavio-nove-mjere\/#primaryimage"},"image":{"@id":"https:\/\/radioljubuski.ba\/index.php\/2021\/05\/26\/stozer-predstavio-nove-mjere\/#primaryimage"},"thumbnailUrl":"https:\/\/radioljubuski.ba\/wp-content\/uploads\/2021\/05\/indeksiraj-19.jpg","datePublished":"2021-05-26T11:28:36+00:00","dateModified":"2021-05-26T11:30:17+00:00","breadcrumb":{"@id":"https:\/\/radioljubuski.ba\/index.php\/2021\/05\/26\/stozer-predstavio-nove-mjere\/#breadcrumb"},"inLanguage":"hr","potentialAction":[{"@type":"ReadAction","target":["https:\/\/radioljubuski.ba\/index.php\/2021\/05\/26\/stozer-predstavio-nove-mjere\/"]}]},{"@type":"ImageObject","inLanguage":"hr","@id":"https:\/\/radioljubuski.ba\/index.php\/2021\/05\/26\/stozer-predstavio-nove-mjere\/#primaryimage","url":"https:\/\/radioljubuski.ba\/wp-content\/uploads\/2021\/05\/indeksiraj-19.jpg","contentUrl":"https:\/\/radioljubuski.ba\/wp-content\/uploads\/2021\/05\/indeksiraj-19.jpg","width":300,"height":168},{"@type":"BreadcrumbList","@id":"https:\/\/radioljubuski.ba\/index.php\/2021\/05\/26\/stozer-predstavio-nove-mjere\/#breadcrumb","itemListElement":[{"@type":"ListItem","position":1,"name":"Po\u010detna stranica","item":"https:\/\/radioljubuski.ba\/"},{"@type":"ListItem","position":2,"name":"Sto\u017eer predstavio nove mjere"}]},{"@type":"WebSite","@id":"https:\/\/radioljubuski.ba\/#website","url":"https:\/\/radioljubuski.ba\/","name":"Radio Ljubu\u0161ki","description":"Sun\u010dana frekvencija Hercegovine","publisher":{"@id":"https:\/\/radioljubuski.ba\/#organization"},"potentialAction":[{"@type":"SearchAction","target":{"@type":"EntryPoint","urlTemplate":"https:\/\/radioljubuski.ba\/?s={search_term_string}"},"query-input":{"@type":"PropertyValueSpecification","valueRequired":true,"valueName":"search_term_string"}}],"inLanguage":"hr"},{"@type":"Organization","@id":"https:\/\/radioljubuski.ba\/#organization","name":"Radio Ljubu\u0161ki","url":"https:\/\/radioljubuski.ba\/","logo":{"@type":"ImageObject","inLanguage":"hr","@id":"https:\/\/radioljubuski.ba\/#\/schema\/logo\/image\/","url":"https:\/\/radioljubuski.ba\/wp-content\/uploads\/2021\/02\/cropped-Radio_Ljubuski_logo1.jpg","contentUrl":"https:\/\/radioljubuski.ba\/wp-content\/uploads\/2021\/02\/cropped-Radio_Ljubuski_logo1.jpg","width":512,"height":512,"caption":"Radio Ljubu\u0161ki"},"image":{"@id":"https:\/\/radioljubuski.ba\/#\/schema\/logo\/image\/"},"sameAs":["https:\/\/www.facebook.com\/Radiio-Ljubuski-1490835324566332","https:\/\/x.com\/radioljubuski","https:\/\/hr.linkedin.com\/company\/radio-ljubuski","https:\/\/www.youtube.com\/channel\/UCHYaeO_n0Db3tjNGudGpXyw"]},{"@type":"Person","@id":"https:\/\/radioljubuski.ba\/#\/schema\/person\/19fc700381a780f69665d7956c469e3b","name":"Radio Ljubu\u0161ki"}]}},"_links":{"self":[{"href":"https:\/\/radioljubuski.ba\/index.php\/wp-json\/wp\/v2\/posts\/25310","targetHints":{"allow":["GET"]}}],"collection":[{"href":"https:\/\/radioljubuski.ba\/index.php\/wp-json\/wp\/v2\/posts"}],"about":[{"href":"https:\/\/radioljubuski.ba\/index.php\/wp-json\/wp\/v2\/types\/post"}],"author":[{"embeddable":true,"href":"https:\/\/radioljubuski.ba\/index.php\/wp-json\/wp\/v2\/users\/2"}],"replies":[{"embeddable":true,"href":"https:\/\/radioljubuski.ba\/index.php\/wp-json\/wp\/v2\/comments?post=25310"}],"version-history":[{"count":3,"href":"https:\/\/radioljubuski.ba\/index.php\/wp-json\/wp\/v2\/posts\/25310\/revisions"}],"predecessor-version":[{"id":25317,"href":"https:\/\/radioljubuski.ba\/index.php\/wp-json\/wp\/v2\/posts\/25310\/revisions\/25317"}],"wp:featuredmedia":[{"embeddable":true,"href":"https:\/\/radioljubuski.ba\/index.php\/wp-json\/wp\/v2\/media\/25316"}],"wp:attachment":[{"href":"https:\/\/radioljubuski.ba\/index.php\/wp-json\/wp\/v2\/media?parent=25310"}],"wp:term":[{"taxonomy":"category","embeddable":true,"href":"https:\/\/radioljubuski.ba\/index.php\/wp-json\/wp\/v2\/categories?post=25310"},{"taxonomy":"post_tag","embeddable":true,"href":"https:\/\/radioljubuski.ba\/index.php\/wp-json\/wp\/v2\/tags?post=25310"}],"curies":[{"name":"wp","href":"https:\/\/api.w.org\/{rel}","templated":true}]}}