{"id":25344,"date":"2021-05-26T12:47:44","date_gmt":"2021-05-26T11:47:44","guid":{"rendered":"https:\/\/radioljubuski.ba\/?p=25344"},"modified":"2021-05-26T12:47:45","modified_gmt":"2021-05-26T11:47:45","slug":"juric-preuzima-torino-i-postaje-cetvrti-najplaceniji-trener-serie-a","status":"publish","type":"post","link":"https:\/\/radioljubuski.ba\/index.php\/2021\/05\/26\/juric-preuzima-torino-i-postaje-cetvrti-najplaceniji-trener-serie-a\/","title":{"rendered":"Juri\u0107 preuzima Torino i postaje \u010detvrti najpla\u0107eniji trener Serie A?"},"content":{"rendered":"\n<p>Talijanski mediji javljaju kako je hrvatski stru\u010dnjak Ivan Juri\u0107 sve dogovorio s Torinom te bi ovih dana i slu\u017ebeno trebao biti predstavljen kao novi trener sedmerostrukog talijanskog prvaka.<\/p>\n\n\n\n<p>Juri\u0107, koji je pro\u0161le sezone do 10. mjesta u prvenstvu predvodio Hellas Veronu, \u0107e potpisati trogodi\u0161nji ugovor uz pla\u0107u od oko dva milijuna eura po sezoni, u \u0161to nisu uklju\u010deni bonusi, \u010dime bi u\u0161ao u red najpla\u0107enijih trenera u Italiji.<\/p>\n\n\n\n<p>Biv\u0161i nogometa\u0161 Hajduka je trenersko ima po\u010deo stvarati prije pet godina s malim Crotoneom, kojeg je uveo u Serie A, potom je u tri navrata vodio Genou, a zadnje dvije sezone je na \u010delu Verone, u kojoj nije bio zadovoljan nejasnom politikom klupske uprave, koja nije ulo\u017eila gotovo ni\u0161ta u poja\u010danja.<\/p>\n\n\n\n<p>Izvor:hrt.hr<\/p>\n","protected":false},"excerpt":{"rendered":"<p>Talijanski mediji javljaju kako je hrvatski stru\u010dnjak Ivan Juri\u0107 sve dogovorio s Torinom te bi ovih dana i slu\u017ebeno trebao biti predstavljen kao novi trener sedmerostrukog talijanskog prvaka. Juri\u0107, koji je pro\u0161le sezone do 10. mjesta u prvenstvu predvodio Hellas Veronu, \u0107e potpisati trogodi\u0161nji ugovor uz pla\u0107u od oko dva milijuna eura po sezoni, u [&hellip;]<\/p>\n","protected":false},"author":2,"featured_media":25345,"comment_status":"closed","ping_status":"closed","sticky":false,"template":"","format":"standard","meta":{"h5ap_radio_sources":[],"footnotes":""},"categories":[1],"tags":[],"class_list":["post-25344","post","type-post","status-publish","format-standard","has-post-thumbnail","hentry","category-bihiregija"],"yoast_head":"<!-- This site is optimized with the Yoast SEO plugin v27.4 - https:\/\/yoast.com\/product\/yoast-seo-wordpress\/ -->\n<title>Juri\u0107 preuzima Torino i postaje \u010detvrti najpla\u0107eniji trener Serie A? - RADIO LJUBU\u0160KI<\/title>\n<meta name=\"robots\" content=\"index, follow, max-snippet:-1, max-image-preview:large, max-video-preview:-1\" \/>\n<link rel=\"canonical\" href=\"https:\/\/radioljubuski.ba\/index.php\/2021\/05\/26\/juric-preuzima-torino-i-postaje-cetvrti-najplaceniji-trener-serie-a\/\" \/>\n<meta property=\"og:locale\" content=\"hr_HR\" \/>\n<meta property=\"og:type\" content=\"article\" \/>\n<meta property=\"og:title\" content=\"Juri\u0107 preuzima Torino i postaje \u010detvrti najpla\u0107eniji trener Serie A? - RADIO LJUBU\u0160KI\" \/>\n<meta property=\"og:description\" content=\"Talijanski mediji javljaju kako je hrvatski stru\u010dnjak Ivan Juri\u0107 sve dogovorio s Torinom te bi ovih dana i slu\u017ebeno trebao biti predstavljen kao novi trener sedmerostrukog talijanskog prvaka. Juri\u0107, koji je pro\u0161le sezone do 10. mjesta u prvenstvu predvodio Hellas Veronu, \u0107e potpisati trogodi\u0161nji ugovor uz pla\u0107u od oko dva milijuna eura po sezoni, u [&hellip;]\" \/>\n<meta property=\"og:url\" content=\"https:\/\/radioljubuski.ba\/index.php\/2021\/05\/26\/juric-preuzima-torino-i-postaje-cetvrti-najplaceniji-trener-serie-a\/\" \/>\n<meta property=\"og:site_name\" content=\"RADIO LJUBU\u0160KI\" \/>\n<meta property=\"article:publisher\" content=\"https:\/\/www.facebook.com\/Radiio-Ljubuski-1490835324566332\" \/>\n<meta property=\"article:published_time\" content=\"2021-05-26T11:47:44+00:00\" \/>\n<meta property=\"article:modified_time\" content=\"2021-05-26T11:47:45+00:00\" \/>\n<meta property=\"og:image\" content=\"https:\/\/radioljubuski.ba\/wp-content\/uploads\/2021\/05\/juric-2021-05-23t200425z-238808303-up1eh5n1jrbg8-rtrmadp-3-soccer-italy-nap-hel-report-20210526051257.jpg\" \/>\n\t<meta property=\"og:image:width\" content=\"1077\" \/>\n\t<meta property=\"og:image:height\" content=\"587\" \/>\n\t<meta property=\"og:image:type\" content=\"image\/jpeg\" \/>\n<meta name=\"author\" content=\"Radio Ljubu\u0161ki\" \/>\n<meta name=\"twitter:card\" content=\"summary_large_image\" \/>\n<meta name=\"twitter:creator\" content=\"@radioljubuski\" \/>\n<meta name=\"twitter:site\" content=\"@radioljubuski\" \/>\n<meta name=\"twitter:label1\" content=\"Napisao\/la\" \/>\n\t<meta name=\"twitter:data1\" content=\"Radio Ljubu\u0161ki\" \/>\n\t<meta name=\"twitter:label2\" content=\"Procijenjeno vrijeme \u010ditanja\" \/>\n\t<meta name=\"twitter:data2\" content=\"1 minuta\" \/>\n<script type=\"application\/ld+json\" class=\"yoast-schema-graph\">{\"@context\":\"https:\\\/\\\/schema.org\",\"@graph\":[{\"@type\":\"Article\",\"@id\":\"https:\\\/\\\/radioljubuski.ba\\\/index.php\\\/2021\\\/05\\\/26\\\/juric-preuzima-torino-i-postaje-cetvrti-najplaceniji-trener-serie-a\\\/#article\",\"isPartOf\":{\"@id\":\"https:\\\/\\\/radioljubuski.ba\\\/index.php\\\/2021\\\/05\\\/26\\\/juric-preuzima-torino-i-postaje-cetvrti-najplaceniji-trener-serie-a\\\/\"},\"author\":{\"name\":\"Radio Ljubu\u0161ki\",\"@id\":\"https:\\\/\\\/radioljubuski.ba\\\/#\\\/schema\\\/person\\\/19fc700381a780f69665d7956c469e3b\"},\"headline\":\"Juri\u0107 preuzima Torino i postaje \u010detvrti najpla\u0107eniji trener Serie A?\",\"datePublished\":\"2021-05-26T11:47:44+00:00\",\"dateModified\":\"2021-05-26T11:47:45+00:00\",\"mainEntityOfPage\":{\"@id\":\"https:\\\/\\\/radioljubuski.ba\\\/index.php\\\/2021\\\/05\\\/26\\\/juric-preuzima-torino-i-postaje-cetvrti-najplaceniji-trener-serie-a\\\/\"},\"wordCount\":145,\"publisher\":{\"@id\":\"https:\\\/\\\/radioljubuski.ba\\\/#organization\"},\"image\":{\"@id\":\"https:\\\/\\\/radioljubuski.ba\\\/index.php\\\/2021\\\/05\\\/26\\\/juric-preuzima-torino-i-postaje-cetvrti-najplaceniji-trener-serie-a\\\/#primaryimage\"},\"thumbnailUrl\":\"https:\\\/\\\/radioljubuski.ba\\\/wp-content\\\/uploads\\\/2021\\\/05\\\/juric-2021-05-23t200425z-238808303-up1eh5n1jrbg8-rtrmadp-3-soccer-italy-nap-hel-report-20210526051257.jpg\",\"articleSection\":[\"BIH i regija\"],\"inLanguage\":\"hr\"},{\"@type\":\"WebPage\",\"@id\":\"https:\\\/\\\/radioljubuski.ba\\\/index.php\\\/2021\\\/05\\\/26\\\/juric-preuzima-torino-i-postaje-cetvrti-najplaceniji-trener-serie-a\\\/\",\"url\":\"https:\\\/\\\/radioljubuski.ba\\\/index.php\\\/2021\\\/05\\\/26\\\/juric-preuzima-torino-i-postaje-cetvrti-najplaceniji-trener-serie-a\\\/\",\"name\":\"Juri\u0107 preuzima Torino i postaje \u010detvrti najpla\u0107eniji trener Serie A? - RADIO LJUBU\u0160KI\",\"isPartOf\":{\"@id\":\"https:\\\/\\\/radioljubuski.ba\\\/#website\"},\"primaryImageOfPage\":{\"@id\":\"https:\\\/\\\/radioljubuski.ba\\\/index.php\\\/2021\\\/05\\\/26\\\/juric-preuzima-torino-i-postaje-cetvrti-najplaceniji-trener-serie-a\\\/#primaryimage\"},\"image\":{\"@id\":\"https:\\\/\\\/radioljubuski.ba\\\/index.php\\\/2021\\\/05\\\/26\\\/juric-preuzima-torino-i-postaje-cetvrti-najplaceniji-trener-serie-a\\\/#primaryimage\"},\"thumbnailUrl\":\"https:\\\/\\\/radioljubuski.ba\\\/wp-content\\\/uploads\\\/2021\\\/05\\\/juric-2021-05-23t200425z-238808303-up1eh5n1jrbg8-rtrmadp-3-soccer-italy-nap-hel-report-20210526051257.jpg\",\"datePublished\":\"2021-05-26T11:47:44+00:00\",\"dateModified\":\"2021-05-26T11:47:45+00:00\",\"breadcrumb\":{\"@id\":\"https:\\\/\\\/radioljubuski.ba\\\/index.php\\\/2021\\\/05\\\/26\\\/juric-preuzima-torino-i-postaje-cetvrti-najplaceniji-trener-serie-a\\\/#breadcrumb\"},\"inLanguage\":\"hr\",\"potentialAction\":[{\"@type\":\"ReadAction\",\"target\":[\"https:\\\/\\\/radioljubuski.ba\\\/index.php\\\/2021\\\/05\\\/26\\\/juric-preuzima-torino-i-postaje-cetvrti-najplaceniji-trener-serie-a\\\/\"]}]},{\"@type\":\"ImageObject\",\"inLanguage\":\"hr\",\"@id\":\"https:\\\/\\\/radioljubuski.ba\\\/index.php\\\/2021\\\/05\\\/26\\\/juric-preuzima-torino-i-postaje-cetvrti-najplaceniji-trener-serie-a\\\/#primaryimage\",\"url\":\"https:\\\/\\\/radioljubuski.ba\\\/wp-content\\\/uploads\\\/2021\\\/05\\\/juric-2021-05-23t200425z-238808303-up1eh5n1jrbg8-rtrmadp-3-soccer-italy-nap-hel-report-20210526051257.jpg\",\"contentUrl\":\"https:\\\/\\\/radioljubuski.ba\\\/wp-content\\\/uploads\\\/2021\\\/05\\\/juric-2021-05-23t200425z-238808303-up1eh5n1jrbg8-rtrmadp-3-soccer-italy-nap-hel-report-20210526051257.jpg\",\"width\":1077,\"height\":587},{\"@type\":\"BreadcrumbList\",\"@id\":\"https:\\\/\\\/radioljubuski.ba\\\/index.php\\\/2021\\\/05\\\/26\\\/juric-preuzima-torino-i-postaje-cetvrti-najplaceniji-trener-serie-a\\\/#breadcrumb\",\"itemListElement\":[{\"@type\":\"ListItem\",\"position\":1,\"name\":\"Po\u010detna stranica\",\"item\":\"https:\\\/\\\/radioljubuski.ba\\\/\"},{\"@type\":\"ListItem\",\"position\":2,\"name\":\"Juri\u0107 preuzima Torino i postaje \u010detvrti najpla\u0107eniji trener Serie A?\"}]},{\"@type\":\"WebSite\",\"@id\":\"https:\\\/\\\/radioljubuski.ba\\\/#website\",\"url\":\"https:\\\/\\\/radioljubuski.ba\\\/\",\"name\":\"Radio Ljubu\u0161ki\",\"description\":\"Sun\u010dana frekvencija Hercegovine\",\"publisher\":{\"@id\":\"https:\\\/\\\/radioljubuski.ba\\\/#organization\"},\"potentialAction\":[{\"@type\":\"SearchAction\",\"target\":{\"@type\":\"EntryPoint\",\"urlTemplate\":\"https:\\\/\\\/radioljubuski.ba\\\/?s={search_term_string}\"},\"query-input\":{\"@type\":\"PropertyValueSpecification\",\"valueRequired\":true,\"valueName\":\"search_term_string\"}}],\"inLanguage\":\"hr\"},{\"@type\":\"Organization\",\"@id\":\"https:\\\/\\\/radioljubuski.ba\\\/#organization\",\"name\":\"Radio Ljubu\u0161ki\",\"url\":\"https:\\\/\\\/radioljubuski.ba\\\/\",\"logo\":{\"@type\":\"ImageObject\",\"inLanguage\":\"hr\",\"@id\":\"https:\\\/\\\/radioljubuski.ba\\\/#\\\/schema\\\/logo\\\/image\\\/\",\"url\":\"https:\\\/\\\/radioljubuski.ba\\\/wp-content\\\/uploads\\\/2021\\\/02\\\/cropped-Radio_Ljubuski_logo1.jpg\",\"contentUrl\":\"https:\\\/\\\/radioljubuski.ba\\\/wp-content\\\/uploads\\\/2021\\\/02\\\/cropped-Radio_Ljubuski_logo1.jpg\",\"width\":512,\"height\":512,\"caption\":\"Radio Ljubu\u0161ki\"},\"image\":{\"@id\":\"https:\\\/\\\/radioljubuski.ba\\\/#\\\/schema\\\/logo\\\/image\\\/\"},\"sameAs\":[\"https:\\\/\\\/www.facebook.com\\\/Radiio-Ljubuski-1490835324566332\",\"https:\\\/\\\/x.com\\\/radioljubuski\",\"https:\\\/\\\/hr.linkedin.com\\\/company\\\/radio-ljubuski\",\"https:\\\/\\\/www.youtube.com\\\/channel\\\/UCHYaeO_n0Db3tjNGudGpXyw\"]},{\"@type\":\"Person\",\"@id\":\"https:\\\/\\\/radioljubuski.ba\\\/#\\\/schema\\\/person\\\/19fc700381a780f69665d7956c469e3b\",\"name\":\"Radio Ljubu\u0161ki\"}]}<\/script>\n<!-- \/ Yoast SEO plugin. -->","yoast_head_json":{"title":"Juri\u0107 preuzima Torino i postaje \u010detvrti najpla\u0107eniji trener Serie A? - RADIO LJUBU\u0160KI","robots":{"index":"index","follow":"follow","max-snippet":"max-snippet:-1","max-image-preview":"max-image-preview:large","max-video-preview":"max-video-preview:-1"},"canonical":"https:\/\/radioljubuski.ba\/index.php\/2021\/05\/26\/juric-preuzima-torino-i-postaje-cetvrti-najplaceniji-trener-serie-a\/","og_locale":"hr_HR","og_type":"article","og_title":"Juri\u0107 preuzima Torino i postaje \u010detvrti najpla\u0107eniji trener Serie A? - RADIO LJUBU\u0160KI","og_description":"Talijanski mediji javljaju kako je hrvatski stru\u010dnjak Ivan Juri\u0107 sve dogovorio s Torinom te bi ovih dana i slu\u017ebeno trebao biti predstavljen kao novi trener sedmerostrukog talijanskog prvaka. Juri\u0107, koji je pro\u0161le sezone do 10. mjesta u prvenstvu predvodio Hellas Veronu, \u0107e potpisati trogodi\u0161nji ugovor uz pla\u0107u od oko dva milijuna eura po sezoni, u [&hellip;]","og_url":"https:\/\/radioljubuski.ba\/index.php\/2021\/05\/26\/juric-preuzima-torino-i-postaje-cetvrti-najplaceniji-trener-serie-a\/","og_site_name":"RADIO LJUBU\u0160KI","article_publisher":"https:\/\/www.facebook.com\/Radiio-Ljubuski-1490835324566332","article_published_time":"2021-05-26T11:47:44+00:00","article_modified_time":"2021-05-26T11:47:45+00:00","og_image":[{"width":1077,"height":587,"url":"https:\/\/radioljubuski.ba\/wp-content\/uploads\/2021\/05\/juric-2021-05-23t200425z-238808303-up1eh5n1jrbg8-rtrmadp-3-soccer-italy-nap-hel-report-20210526051257.jpg","type":"image\/jpeg"}],"author":"Radio Ljubu\u0161ki","twitter_card":"summary_large_image","twitter_creator":"@radioljubuski","twitter_site":"@radioljubuski","twitter_misc":{"Napisao\/la":"Radio Ljubu\u0161ki","Procijenjeno vrijeme \u010ditanja":"1 minuta"},"schema":{"@context":"https:\/\/schema.org","@graph":[{"@type":"Article","@id":"https:\/\/radioljubuski.ba\/index.php\/2021\/05\/26\/juric-preuzima-torino-i-postaje-cetvrti-najplaceniji-trener-serie-a\/#article","isPartOf":{"@id":"https:\/\/radioljubuski.ba\/index.php\/2021\/05\/26\/juric-preuzima-torino-i-postaje-cetvrti-najplaceniji-trener-serie-a\/"},"author":{"name":"Radio Ljubu\u0161ki","@id":"https:\/\/radioljubuski.ba\/#\/schema\/person\/19fc700381a780f69665d7956c469e3b"},"headline":"Juri\u0107 preuzima Torino i postaje \u010detvrti najpla\u0107eniji trener Serie A?","datePublished":"2021-05-26T11:47:44+00:00","dateModified":"2021-05-26T11:47:45+00:00","mainEntityOfPage":{"@id":"https:\/\/radioljubuski.ba\/index.php\/2021\/05\/26\/juric-preuzima-torino-i-postaje-cetvrti-najplaceniji-trener-serie-a\/"},"wordCount":145,"publisher":{"@id":"https:\/\/radioljubuski.ba\/#organization"},"image":{"@id":"https:\/\/radioljubuski.ba\/index.php\/2021\/05\/26\/juric-preuzima-torino-i-postaje-cetvrti-najplaceniji-trener-serie-a\/#primaryimage"},"thumbnailUrl":"https:\/\/radioljubuski.ba\/wp-content\/uploads\/2021\/05\/juric-2021-05-23t200425z-238808303-up1eh5n1jrbg8-rtrmadp-3-soccer-italy-nap-hel-report-20210526051257.jpg","articleSection":["BIH i regija"],"inLanguage":"hr"},{"@type":"WebPage","@id":"https:\/\/radioljubuski.ba\/index.php\/2021\/05\/26\/juric-preuzima-torino-i-postaje-cetvrti-najplaceniji-trener-serie-a\/","url":"https:\/\/radioljubuski.ba\/index.php\/2021\/05\/26\/juric-preuzima-torino-i-postaje-cetvrti-najplaceniji-trener-serie-a\/","name":"Juri\u0107 preuzima Torino i postaje \u010detvrti najpla\u0107eniji trener Serie A? - RADIO LJUBU\u0160KI","isPartOf":{"@id":"https:\/\/radioljubuski.ba\/#website"},"primaryImageOfPage":{"@id":"https:\/\/radioljubuski.ba\/index.php\/2021\/05\/26\/juric-preuzima-torino-i-postaje-cetvrti-najplaceniji-trener-serie-a\/#primaryimage"},"image":{"@id":"https:\/\/radioljubuski.ba\/index.php\/2021\/05\/26\/juric-preuzima-torino-i-postaje-cetvrti-najplaceniji-trener-serie-a\/#primaryimage"},"thumbnailUrl":"https:\/\/radioljubuski.ba\/wp-content\/uploads\/2021\/05\/juric-2021-05-23t200425z-238808303-up1eh5n1jrbg8-rtrmadp-3-soccer-italy-nap-hel-report-20210526051257.jpg","datePublished":"2021-05-26T11:47:44+00:00","dateModified":"2021-05-26T11:47:45+00:00","breadcrumb":{"@id":"https:\/\/radioljubuski.ba\/index.php\/2021\/05\/26\/juric-preuzima-torino-i-postaje-cetvrti-najplaceniji-trener-serie-a\/#breadcrumb"},"inLanguage":"hr","potentialAction":[{"@type":"ReadAction","target":["https:\/\/radioljubuski.ba\/index.php\/2021\/05\/26\/juric-preuzima-torino-i-postaje-cetvrti-najplaceniji-trener-serie-a\/"]}]},{"@type":"ImageObject","inLanguage":"hr","@id":"https:\/\/radioljubuski.ba\/index.php\/2021\/05\/26\/juric-preuzima-torino-i-postaje-cetvrti-najplaceniji-trener-serie-a\/#primaryimage","url":"https:\/\/radioljubuski.ba\/wp-content\/uploads\/2021\/05\/juric-2021-05-23t200425z-238808303-up1eh5n1jrbg8-rtrmadp-3-soccer-italy-nap-hel-report-20210526051257.jpg","contentUrl":"https:\/\/radioljubuski.ba\/wp-content\/uploads\/2021\/05\/juric-2021-05-23t200425z-238808303-up1eh5n1jrbg8-rtrmadp-3-soccer-italy-nap-hel-report-20210526051257.jpg","width":1077,"height":587},{"@type":"BreadcrumbList","@id":"https:\/\/radioljubuski.ba\/index.php\/2021\/05\/26\/juric-preuzima-torino-i-postaje-cetvrti-najplaceniji-trener-serie-a\/#breadcrumb","itemListElement":[{"@type":"ListItem","position":1,"name":"Po\u010detna stranica","item":"https:\/\/radioljubuski.ba\/"},{"@type":"ListItem","position":2,"name":"Juri\u0107 preuzima Torino i postaje \u010detvrti najpla\u0107eniji trener Serie A?"}]},{"@type":"WebSite","@id":"https:\/\/radioljubuski.ba\/#website","url":"https:\/\/radioljubuski.ba\/","name":"Radio Ljubu\u0161ki","description":"Sun\u010dana frekvencija Hercegovine","publisher":{"@id":"https:\/\/radioljubuski.ba\/#organization"},"potentialAction":[{"@type":"SearchAction","target":{"@type":"EntryPoint","urlTemplate":"https:\/\/radioljubuski.ba\/?s={search_term_string}"},"query-input":{"@type":"PropertyValueSpecification","valueRequired":true,"valueName":"search_term_string"}}],"inLanguage":"hr"},{"@type":"Organization","@id":"https:\/\/radioljubuski.ba\/#organization","name":"Radio Ljubu\u0161ki","url":"https:\/\/radioljubuski.ba\/","logo":{"@type":"ImageObject","inLanguage":"hr","@id":"https:\/\/radioljubuski.ba\/#\/schema\/logo\/image\/","url":"https:\/\/radioljubuski.ba\/wp-content\/uploads\/2021\/02\/cropped-Radio_Ljubuski_logo1.jpg","contentUrl":"https:\/\/radioljubuski.ba\/wp-content\/uploads\/2021\/02\/cropped-Radio_Ljubuski_logo1.jpg","width":512,"height":512,"caption":"Radio Ljubu\u0161ki"},"image":{"@id":"https:\/\/radioljubuski.ba\/#\/schema\/logo\/image\/"},"sameAs":["https:\/\/www.facebook.com\/Radiio-Ljubuski-1490835324566332","https:\/\/x.com\/radioljubuski","https:\/\/hr.linkedin.com\/company\/radio-ljubuski","https:\/\/www.youtube.com\/channel\/UCHYaeO_n0Db3tjNGudGpXyw"]},{"@type":"Person","@id":"https:\/\/radioljubuski.ba\/#\/schema\/person\/19fc700381a780f69665d7956c469e3b","name":"Radio Ljubu\u0161ki"}]}},"_links":{"self":[{"href":"https:\/\/radioljubuski.ba\/index.php\/wp-json\/wp\/v2\/posts\/25344","targetHints":{"allow":["GET"]}}],"collection":[{"href":"https:\/\/radioljubuski.ba\/index.php\/wp-json\/wp\/v2\/posts"}],"about":[{"href":"https:\/\/radioljubuski.ba\/index.php\/wp-json\/wp\/v2\/types\/post"}],"author":[{"embeddable":true,"href":"https:\/\/radioljubuski.ba\/index.php\/wp-json\/wp\/v2\/users\/2"}],"replies":[{"embeddable":true,"href":"https:\/\/radioljubuski.ba\/index.php\/wp-json\/wp\/v2\/comments?post=25344"}],"version-history":[{"count":1,"href":"https:\/\/radioljubuski.ba\/index.php\/wp-json\/wp\/v2\/posts\/25344\/revisions"}],"predecessor-version":[{"id":25346,"href":"https:\/\/radioljubuski.ba\/index.php\/wp-json\/wp\/v2\/posts\/25344\/revisions\/25346"}],"wp:featuredmedia":[{"embeddable":true,"href":"https:\/\/radioljubuski.ba\/index.php\/wp-json\/wp\/v2\/media\/25345"}],"wp:attachment":[{"href":"https:\/\/radioljubuski.ba\/index.php\/wp-json\/wp\/v2\/media?parent=25344"}],"wp:term":[{"taxonomy":"category","embeddable":true,"href":"https:\/\/radioljubuski.ba\/index.php\/wp-json\/wp\/v2\/categories?post=25344"},{"taxonomy":"post_tag","embeddable":true,"href":"https:\/\/radioljubuski.ba\/index.php\/wp-json\/wp\/v2\/tags?post=25344"}],"curies":[{"name":"wp","href":"https:\/\/api.w.org\/{rel}","templated":true}]}}