{"id":25505,"date":"2021-05-27T11:10:17","date_gmt":"2021-05-27T10:10:17","guid":{"rendered":"https:\/\/radioljubuski.ba\/?p=25505"},"modified":"2021-05-27T11:10:18","modified_gmt":"2021-05-27T10:10:18","slug":"alilovic-na-pocetku-ni-sami-nismo-vjerovali-da-mozemo-dogurati-tako-daleko","status":"publish","type":"post","link":"https:\/\/radioljubuski.ba\/index.php\/2021\/05\/27\/alilovic-na-pocetku-ni-sami-nismo-vjerovali-da-mozemo-dogurati-tako-daleko\/","title":{"rendered":"Alilovi\u0107: Na po\u010detku ni sami nismo vjerovali da mo\u017eemo dogurati tako daleko"},"content":{"rendered":"\n<p>Ljubu\u0161ki Izvi\u0111a\u010d ima iza sebe osam titula prvaka Bosne i Hercegovini po \u010demu je sad najbolji jer je iza njih ostala i sarajevska Bosna (sedam titula), ali su Skauti samo jednom (2002. godine) osvojili duplu krunu.<\/p>\n\n\n\n<p>Sad imaju priliku ponoviti ovaj uspjeh jer za vikend igraju Final Four Kupa BiH u Tuzli.<\/p>\n\n\n\n<p><strong>Pola godine bez poraza<\/strong><\/p>\n\n\n\n<p>Prije toga smo zamolili kapetana ekipe, Domagoja Alilovi\u0107a, za osvrt na veliki uspjeh zaklju\u010den u posljednjem kolu Premijer lige. Izvi\u0111a\u010d je ove sezone u prvenstvu imao skor od 24 pobjede te po tri remija i poraza. Nisu izgubili utakmicu jo\u0161 od 5. prosinca pro\u0161le godine i poraza u Banjaluci protiv Borca (24:23).<\/p>\n\n\n\n<p>&nbsp;\u2013 Imali smo dugu i napornu sezonu, pogotovo uz situaciju da nema gledatelja i da su mjere kakve jesu. Dobro smo bili po\u010deli, ali su se onda dogodili neki porazi. Nakon onog u Banjaluci smo ve\u0107 malo psihi\u010dki pali. Ali trener Toni \u010colina je bio stalno uz nas, nastavili smo i trenirali kako treba. Znali smo da nam slijedi te\u017ei raspored. Bili smo spremni za ritam subota \u2013 srijeda, pobijedili Borac i zaslu\u017eeno osvojili prvo mjesto, prisjetio se Domagoj Alilovi\u0107.<\/p>\n\n\n\n<p>Na osje\u0107aj da je sezona bila posebno duga su utjecale posebne okolnosti u kojima je odigrana.<\/p>\n\n\n\n<p>&nbsp;\u2013 Vjerojatno je utjecao i taj dugi period priprema bez natjecanja. Mi smo \u010dak i u vrijeme lockdowna stali samo dva tjedna. Kad se vidjelo da mo\u017eemo trenirati na otvorenom, krenuli smo. Imali smo samo na ljeto pauzu od mjesec dana. \u010cuo sam se s kolegama koji igraju u inozemstvu, oni nisu imali priliku trenirati, osim individualno. To je sigurno dosta utjecalo. Dok su drugi radili lagano, mi smo stvarno trenirali punim gasom. Spremni smo u\u0161li u prvenstvo, isti\u010de Alilovi\u0107.<\/p>\n\n\n\n<figure class=\"wp-block-image\"><img decoding=\"async\" src=\"https:\/\/dnevni.ba\/wp-content\/uploads\/2021\/05\/alilovic-768x1024.jpg\" alt=\"\" class=\"wp-image-64415\"\/><figcaption>Milan Vuk\u0161i\u0107 i Domagoj Alilovi\u0107<\/figcaption><\/figure>\n\n\n\n<p><strong>Slijedi Kup u Tuzli<\/strong><\/p>\n\n\n\n<p>Nova generacija Izvi\u0111a\u010da je pro\u0161lu sezonu, okon\u010danu u usljed pandemije poslije 18 odigranih kola, zaklju\u010dila na diobi \u010detvrtog mjesta. A onda je u novu sezonu konkurencija u\u0161la dodatno oja\u010dana.<\/p>\n\n\n\n<p>&nbsp;\u2013 Na po\u010detku smo \u010ditali kako je Borac dobio ovo ili ono poja\u010danje, u Slogu dolazi Mario Kelentri\u0107, Sloboda se di\u017ee, a kod nas su ostala djeca Izvi\u0111a\u010da. Kad sa strane gleda\u0161, vidi\u0161 da se di\u017ee liga. Mi sami nismo vjerovali u sebe da mo\u017eemo dogurati tako daleko. Jedino su treneri Toni \u010colina, Adis Jaki\u0107 i Milan Toli\u0107 uvijek govorili da mo\u017eemo. Oni su to vidjeli u nama, a mi smo nekako imali previ\u0161e respekta prema ostalim ekipama. Stvarno je Borac dosta ulagao. Tek poslije prve utakmice s njima smo vidjeli da se mo\u017eemo s njima nadigravati, ka\u017ee Alilovi\u0107.<\/p>\n\n\n\n<p>Nakon slavlja pro\u0161log vikenda Skautima slijedi prilika da ostvare ono \u0161to je samo ljubu\u0161ka generacija rukometa\u0161a iz 2002. godine \u2013 duplu krunu.<\/p>\n\n\n\n<p>&nbsp;\u2013 Svjesni smo da nas o\u010dekuje utakmica kakvu jo\u0161 nismo odigrali. Sloboda se ve\u0107 tjedan dana priprema za nas. Znam da rade video analize i gledaju nas. Mi smo se malo proveselili i onda krenuli u pripremu. Svi smo zdravi i spremni, znamo da je Sloboda jak protivnik, a igraju kod ku\u0107e i bi\u0107e nam dosta te\u0161ko. Ovo je sigurno finale prije finala, zaklju\u010dio je Domagoj Alilovi\u0107.<\/p>\n\n\n\n<p><strong>Odnos snaga<\/strong><\/p>\n\n\n\n<p>Prednost Izvi\u0111a\u010da tijekom \u010ditave sezone je bila mlada, spremna, poletna, brza ekipa, sa \u0161irokim izborom igra\u010da. To je njihov najja\u010di adut i na F4 turniru u Tuzli. Me\u0111utim dobili su najte\u017eeg protivnika ve\u0107 za polufinalni ogled. Sloboda igra ku\u0107i, a po u\u010dinku u prvenstvu, to je uz Izvi\u0111a\u010d najbolja ekipa proljetnog dijela.<\/p>\n\n\n\n<p>&nbsp;\u2013 Sloboda ima prvu jaku postavu, popunjeni su odli\u010dno na svim pozicijama. Ali se kod njih ve\u0107 osjeti razlika kad u\u0111e netko s klupe. Ipak i oni su jako dobro spremni i dobra su ekipa, kazao je Alilovi\u0107.<\/p>\n\n\n\n<p>Tuzlaci su jesenas bili bolji od Izvi\u0111a\u010da u (radi pandemije) odgo\u0111enom finalu Kupa sa 29:28. Taj me\u010d je igran u Doboju, a kasnije su u Tuzli dvije ekipe u okviru premijerliga\u0161kog susreta odigrale 26:26. U Ljubu\u0161kom je Izvi\u0111a\u010d pobijedio sa 30:23.<\/p>\n\n\n\n<p><strong>POLUFINALE<\/strong><\/p>\n\n\n\n<p>Gra\u010danica \u2013 Vogo\u0161\u0107a sub., 15.00<\/p>\n\n\n\n<p>Sloboda \u2013 Izvi\u0111a\u010d&nbsp;&nbsp;&nbsp;&nbsp;&nbsp; sub., 18.00<\/p>\n\n\n\n<p><strong>FINALE<\/strong><\/p>\n\n\n\n<p>Nedjelja&nbsp;&nbsp;&nbsp;&nbsp;&nbsp;&nbsp;&nbsp;&nbsp;&nbsp; 16.30<\/p>\n\n\n\n<p>Pi\u0161e: Ersan Bijedi\u0107 \/ Dnevni.ba<\/p>\n","protected":false},"excerpt":{"rendered":"<p>Ljubu\u0161ki Izvi\u0111a\u010d ima iza sebe osam titula prvaka Bosne i Hercegovini po \u010demu je sad najbolji jer je iza njih ostala i sarajevska Bosna (sedam titula), ali su Skauti samo jednom (2002. godine) osvojili duplu krunu. Sad imaju priliku ponoviti ovaj uspjeh jer za vikend igraju Final Four Kupa BiH u Tuzli. Pola godine bez [&hellip;]<\/p>\n","protected":false},"author":2,"featured_media":11443,"comment_status":"closed","ping_status":"closed","sticky":false,"template":"","format":"standard","meta":{"h5ap_radio_sources":[],"footnotes":""},"categories":[3],"tags":[],"class_list":["post-25505","post","type-post","status-publish","format-standard","has-post-thumbnail","hentry","category-ljubuski"],"yoast_head":"<!-- This site is optimized with the Yoast SEO plugin v27.4 - https:\/\/yoast.com\/product\/yoast-seo-wordpress\/ -->\n<title>Alilovi\u0107: Na po\u010detku ni sami nismo vjerovali da mo\u017eemo dogurati tako daleko - RADIO LJUBU\u0160KI<\/title>\n<meta name=\"robots\" content=\"index, follow, max-snippet:-1, max-image-preview:large, max-video-preview:-1\" \/>\n<link rel=\"canonical\" href=\"https:\/\/radioljubuski.ba\/index.php\/2021\/05\/27\/alilovic-na-pocetku-ni-sami-nismo-vjerovali-da-mozemo-dogurati-tako-daleko\/\" \/>\n<meta property=\"og:locale\" content=\"hr_HR\" \/>\n<meta property=\"og:type\" content=\"article\" \/>\n<meta property=\"og:title\" content=\"Alilovi\u0107: Na po\u010detku ni sami nismo vjerovali da mo\u017eemo dogurati tako daleko - RADIO LJUBU\u0160KI\" \/>\n<meta property=\"og:description\" content=\"Ljubu\u0161ki Izvi\u0111a\u010d ima iza sebe osam titula prvaka Bosne i Hercegovini po \u010demu je sad najbolji jer je iza njih ostala i sarajevska Bosna (sedam titula), ali su Skauti samo jednom (2002. godine) osvojili duplu krunu. Sad imaju priliku ponoviti ovaj uspjeh jer za vikend igraju Final Four Kupa BiH u Tuzli. Pola godine bez [&hellip;]\" \/>\n<meta property=\"og:url\" content=\"https:\/\/radioljubuski.ba\/index.php\/2021\/05\/27\/alilovic-na-pocetku-ni-sami-nismo-vjerovali-da-mozemo-dogurati-tako-daleko\/\" \/>\n<meta property=\"og:site_name\" content=\"RADIO LJUBU\u0160KI\" \/>\n<meta property=\"article:publisher\" content=\"https:\/\/www.facebook.com\/Radiio-Ljubuski-1490835324566332\" \/>\n<meta property=\"article:published_time\" content=\"2021-05-27T10:10:17+00:00\" \/>\n<meta property=\"article:modified_time\" content=\"2021-05-27T10:10:18+00:00\" \/>\n<meta property=\"og:image\" content=\"https:\/\/radioljubuski.ba\/wp-content\/uploads\/2021\/04\/Domagoj-Alilovic-1600-150x150-1.jpg\" \/>\n\t<meta property=\"og:image:width\" content=\"150\" \/>\n\t<meta property=\"og:image:height\" content=\"150\" \/>\n\t<meta property=\"og:image:type\" content=\"image\/jpeg\" \/>\n<meta name=\"author\" content=\"Radio Ljubu\u0161ki\" \/>\n<meta name=\"twitter:card\" content=\"summary_large_image\" \/>\n<meta name=\"twitter:creator\" content=\"@radioljubuski\" \/>\n<meta name=\"twitter:site\" content=\"@radioljubuski\" \/>\n<meta name=\"twitter:label1\" content=\"Napisao\/la\" \/>\n\t<meta name=\"twitter:data1\" content=\"Radio Ljubu\u0161ki\" \/>\n\t<meta name=\"twitter:label2\" content=\"Procijenjeno vrijeme \u010ditanja\" \/>\n\t<meta name=\"twitter:data2\" content=\"4 minute\" \/>\n<script type=\"application\/ld+json\" class=\"yoast-schema-graph\">{\"@context\":\"https:\\\/\\\/schema.org\",\"@graph\":[{\"@type\":\"Article\",\"@id\":\"https:\\\/\\\/radioljubuski.ba\\\/index.php\\\/2021\\\/05\\\/27\\\/alilovic-na-pocetku-ni-sami-nismo-vjerovali-da-mozemo-dogurati-tako-daleko\\\/#article\",\"isPartOf\":{\"@id\":\"https:\\\/\\\/radioljubuski.ba\\\/index.php\\\/2021\\\/05\\\/27\\\/alilovic-na-pocetku-ni-sami-nismo-vjerovali-da-mozemo-dogurati-tako-daleko\\\/\"},\"author\":{\"name\":\"Radio Ljubu\u0161ki\",\"@id\":\"https:\\\/\\\/radioljubuski.ba\\\/#\\\/schema\\\/person\\\/19fc700381a780f69665d7956c469e3b\"},\"headline\":\"Alilovi\u0107: Na po\u010detku ni sami nismo vjerovali da mo\u017eemo dogurati tako daleko\",\"datePublished\":\"2021-05-27T10:10:17+00:00\",\"dateModified\":\"2021-05-27T10:10:18+00:00\",\"mainEntityOfPage\":{\"@id\":\"https:\\\/\\\/radioljubuski.ba\\\/index.php\\\/2021\\\/05\\\/27\\\/alilovic-na-pocetku-ni-sami-nismo-vjerovali-da-mozemo-dogurati-tako-daleko\\\/\"},\"wordCount\":736,\"publisher\":{\"@id\":\"https:\\\/\\\/radioljubuski.ba\\\/#organization\"},\"image\":{\"@id\":\"https:\\\/\\\/radioljubuski.ba\\\/index.php\\\/2021\\\/05\\\/27\\\/alilovic-na-pocetku-ni-sami-nismo-vjerovali-da-mozemo-dogurati-tako-daleko\\\/#primaryimage\"},\"thumbnailUrl\":\"https:\\\/\\\/radioljubuski.ba\\\/wp-content\\\/uploads\\\/2021\\\/04\\\/Domagoj-Alilovic-1600-150x150-1.jpg\",\"articleSection\":[\"Ljubu\u0161ki\"],\"inLanguage\":\"hr\"},{\"@type\":\"WebPage\",\"@id\":\"https:\\\/\\\/radioljubuski.ba\\\/index.php\\\/2021\\\/05\\\/27\\\/alilovic-na-pocetku-ni-sami-nismo-vjerovali-da-mozemo-dogurati-tako-daleko\\\/\",\"url\":\"https:\\\/\\\/radioljubuski.ba\\\/index.php\\\/2021\\\/05\\\/27\\\/alilovic-na-pocetku-ni-sami-nismo-vjerovali-da-mozemo-dogurati-tako-daleko\\\/\",\"name\":\"Alilovi\u0107: Na po\u010detku ni sami nismo vjerovali da mo\u017eemo dogurati tako daleko - RADIO LJUBU\u0160KI\",\"isPartOf\":{\"@id\":\"https:\\\/\\\/radioljubuski.ba\\\/#website\"},\"primaryImageOfPage\":{\"@id\":\"https:\\\/\\\/radioljubuski.ba\\\/index.php\\\/2021\\\/05\\\/27\\\/alilovic-na-pocetku-ni-sami-nismo-vjerovali-da-mozemo-dogurati-tako-daleko\\\/#primaryimage\"},\"image\":{\"@id\":\"https:\\\/\\\/radioljubuski.ba\\\/index.php\\\/2021\\\/05\\\/27\\\/alilovic-na-pocetku-ni-sami-nismo-vjerovali-da-mozemo-dogurati-tako-daleko\\\/#primaryimage\"},\"thumbnailUrl\":\"https:\\\/\\\/radioljubuski.ba\\\/wp-content\\\/uploads\\\/2021\\\/04\\\/Domagoj-Alilovic-1600-150x150-1.jpg\",\"datePublished\":\"2021-05-27T10:10:17+00:00\",\"dateModified\":\"2021-05-27T10:10:18+00:00\",\"breadcrumb\":{\"@id\":\"https:\\\/\\\/radioljubuski.ba\\\/index.php\\\/2021\\\/05\\\/27\\\/alilovic-na-pocetku-ni-sami-nismo-vjerovali-da-mozemo-dogurati-tako-daleko\\\/#breadcrumb\"},\"inLanguage\":\"hr\",\"potentialAction\":[{\"@type\":\"ReadAction\",\"target\":[\"https:\\\/\\\/radioljubuski.ba\\\/index.php\\\/2021\\\/05\\\/27\\\/alilovic-na-pocetku-ni-sami-nismo-vjerovali-da-mozemo-dogurati-tako-daleko\\\/\"]}]},{\"@type\":\"ImageObject\",\"inLanguage\":\"hr\",\"@id\":\"https:\\\/\\\/radioljubuski.ba\\\/index.php\\\/2021\\\/05\\\/27\\\/alilovic-na-pocetku-ni-sami-nismo-vjerovali-da-mozemo-dogurati-tako-daleko\\\/#primaryimage\",\"url\":\"https:\\\/\\\/radioljubuski.ba\\\/wp-content\\\/uploads\\\/2021\\\/04\\\/Domagoj-Alilovic-1600-150x150-1.jpg\",\"contentUrl\":\"https:\\\/\\\/radioljubuski.ba\\\/wp-content\\\/uploads\\\/2021\\\/04\\\/Domagoj-Alilovic-1600-150x150-1.jpg\",\"width\":150,\"height\":150},{\"@type\":\"BreadcrumbList\",\"@id\":\"https:\\\/\\\/radioljubuski.ba\\\/index.php\\\/2021\\\/05\\\/27\\\/alilovic-na-pocetku-ni-sami-nismo-vjerovali-da-mozemo-dogurati-tako-daleko\\\/#breadcrumb\",\"itemListElement\":[{\"@type\":\"ListItem\",\"position\":1,\"name\":\"Po\u010detna stranica\",\"item\":\"https:\\\/\\\/radioljubuski.ba\\\/\"},{\"@type\":\"ListItem\",\"position\":2,\"name\":\"Alilovi\u0107: Na po\u010detku ni sami nismo vjerovali da mo\u017eemo dogurati tako daleko\"}]},{\"@type\":\"WebSite\",\"@id\":\"https:\\\/\\\/radioljubuski.ba\\\/#website\",\"url\":\"https:\\\/\\\/radioljubuski.ba\\\/\",\"name\":\"Radio Ljubu\u0161ki\",\"description\":\"Sun\u010dana frekvencija Hercegovine\",\"publisher\":{\"@id\":\"https:\\\/\\\/radioljubuski.ba\\\/#organization\"},\"potentialAction\":[{\"@type\":\"SearchAction\",\"target\":{\"@type\":\"EntryPoint\",\"urlTemplate\":\"https:\\\/\\\/radioljubuski.ba\\\/?s={search_term_string}\"},\"query-input\":{\"@type\":\"PropertyValueSpecification\",\"valueRequired\":true,\"valueName\":\"search_term_string\"}}],\"inLanguage\":\"hr\"},{\"@type\":\"Organization\",\"@id\":\"https:\\\/\\\/radioljubuski.ba\\\/#organization\",\"name\":\"Radio Ljubu\u0161ki\",\"url\":\"https:\\\/\\\/radioljubuski.ba\\\/\",\"logo\":{\"@type\":\"ImageObject\",\"inLanguage\":\"hr\",\"@id\":\"https:\\\/\\\/radioljubuski.ba\\\/#\\\/schema\\\/logo\\\/image\\\/\",\"url\":\"https:\\\/\\\/radioljubuski.ba\\\/wp-content\\\/uploads\\\/2021\\\/02\\\/cropped-Radio_Ljubuski_logo1.jpg\",\"contentUrl\":\"https:\\\/\\\/radioljubuski.ba\\\/wp-content\\\/uploads\\\/2021\\\/02\\\/cropped-Radio_Ljubuski_logo1.jpg\",\"width\":512,\"height\":512,\"caption\":\"Radio Ljubu\u0161ki\"},\"image\":{\"@id\":\"https:\\\/\\\/radioljubuski.ba\\\/#\\\/schema\\\/logo\\\/image\\\/\"},\"sameAs\":[\"https:\\\/\\\/www.facebook.com\\\/Radiio-Ljubuski-1490835324566332\",\"https:\\\/\\\/x.com\\\/radioljubuski\",\"https:\\\/\\\/hr.linkedin.com\\\/company\\\/radio-ljubuski\",\"https:\\\/\\\/www.youtube.com\\\/channel\\\/UCHYaeO_n0Db3tjNGudGpXyw\"]},{\"@type\":\"Person\",\"@id\":\"https:\\\/\\\/radioljubuski.ba\\\/#\\\/schema\\\/person\\\/19fc700381a780f69665d7956c469e3b\",\"name\":\"Radio Ljubu\u0161ki\"}]}<\/script>\n<!-- \/ Yoast SEO plugin. -->","yoast_head_json":{"title":"Alilovi\u0107: Na po\u010detku ni sami nismo vjerovali da mo\u017eemo dogurati tako daleko - RADIO LJUBU\u0160KI","robots":{"index":"index","follow":"follow","max-snippet":"max-snippet:-1","max-image-preview":"max-image-preview:large","max-video-preview":"max-video-preview:-1"},"canonical":"https:\/\/radioljubuski.ba\/index.php\/2021\/05\/27\/alilovic-na-pocetku-ni-sami-nismo-vjerovali-da-mozemo-dogurati-tako-daleko\/","og_locale":"hr_HR","og_type":"article","og_title":"Alilovi\u0107: Na po\u010detku ni sami nismo vjerovali da mo\u017eemo dogurati tako daleko - RADIO LJUBU\u0160KI","og_description":"Ljubu\u0161ki Izvi\u0111a\u010d ima iza sebe osam titula prvaka Bosne i Hercegovini po \u010demu je sad najbolji jer je iza njih ostala i sarajevska Bosna (sedam titula), ali su Skauti samo jednom (2002. godine) osvojili duplu krunu. Sad imaju priliku ponoviti ovaj uspjeh jer za vikend igraju Final Four Kupa BiH u Tuzli. Pola godine bez [&hellip;]","og_url":"https:\/\/radioljubuski.ba\/index.php\/2021\/05\/27\/alilovic-na-pocetku-ni-sami-nismo-vjerovali-da-mozemo-dogurati-tako-daleko\/","og_site_name":"RADIO LJUBU\u0160KI","article_publisher":"https:\/\/www.facebook.com\/Radiio-Ljubuski-1490835324566332","article_published_time":"2021-05-27T10:10:17+00:00","article_modified_time":"2021-05-27T10:10:18+00:00","og_image":[{"width":150,"height":150,"url":"https:\/\/radioljubuski.ba\/wp-content\/uploads\/2021\/04\/Domagoj-Alilovic-1600-150x150-1.jpg","type":"image\/jpeg"}],"author":"Radio Ljubu\u0161ki","twitter_card":"summary_large_image","twitter_creator":"@radioljubuski","twitter_site":"@radioljubuski","twitter_misc":{"Napisao\/la":"Radio Ljubu\u0161ki","Procijenjeno vrijeme \u010ditanja":"4 minute"},"schema":{"@context":"https:\/\/schema.org","@graph":[{"@type":"Article","@id":"https:\/\/radioljubuski.ba\/index.php\/2021\/05\/27\/alilovic-na-pocetku-ni-sami-nismo-vjerovali-da-mozemo-dogurati-tako-daleko\/#article","isPartOf":{"@id":"https:\/\/radioljubuski.ba\/index.php\/2021\/05\/27\/alilovic-na-pocetku-ni-sami-nismo-vjerovali-da-mozemo-dogurati-tako-daleko\/"},"author":{"name":"Radio Ljubu\u0161ki","@id":"https:\/\/radioljubuski.ba\/#\/schema\/person\/19fc700381a780f69665d7956c469e3b"},"headline":"Alilovi\u0107: Na po\u010detku ni sami nismo vjerovali da mo\u017eemo dogurati tako daleko","datePublished":"2021-05-27T10:10:17+00:00","dateModified":"2021-05-27T10:10:18+00:00","mainEntityOfPage":{"@id":"https:\/\/radioljubuski.ba\/index.php\/2021\/05\/27\/alilovic-na-pocetku-ni-sami-nismo-vjerovali-da-mozemo-dogurati-tako-daleko\/"},"wordCount":736,"publisher":{"@id":"https:\/\/radioljubuski.ba\/#organization"},"image":{"@id":"https:\/\/radioljubuski.ba\/index.php\/2021\/05\/27\/alilovic-na-pocetku-ni-sami-nismo-vjerovali-da-mozemo-dogurati-tako-daleko\/#primaryimage"},"thumbnailUrl":"https:\/\/radioljubuski.ba\/wp-content\/uploads\/2021\/04\/Domagoj-Alilovic-1600-150x150-1.jpg","articleSection":["Ljubu\u0161ki"],"inLanguage":"hr"},{"@type":"WebPage","@id":"https:\/\/radioljubuski.ba\/index.php\/2021\/05\/27\/alilovic-na-pocetku-ni-sami-nismo-vjerovali-da-mozemo-dogurati-tako-daleko\/","url":"https:\/\/radioljubuski.ba\/index.php\/2021\/05\/27\/alilovic-na-pocetku-ni-sami-nismo-vjerovali-da-mozemo-dogurati-tako-daleko\/","name":"Alilovi\u0107: Na po\u010detku ni sami nismo vjerovali da mo\u017eemo dogurati tako daleko - RADIO LJUBU\u0160KI","isPartOf":{"@id":"https:\/\/radioljubuski.ba\/#website"},"primaryImageOfPage":{"@id":"https:\/\/radioljubuski.ba\/index.php\/2021\/05\/27\/alilovic-na-pocetku-ni-sami-nismo-vjerovali-da-mozemo-dogurati-tako-daleko\/#primaryimage"},"image":{"@id":"https:\/\/radioljubuski.ba\/index.php\/2021\/05\/27\/alilovic-na-pocetku-ni-sami-nismo-vjerovali-da-mozemo-dogurati-tako-daleko\/#primaryimage"},"thumbnailUrl":"https:\/\/radioljubuski.ba\/wp-content\/uploads\/2021\/04\/Domagoj-Alilovic-1600-150x150-1.jpg","datePublished":"2021-05-27T10:10:17+00:00","dateModified":"2021-05-27T10:10:18+00:00","breadcrumb":{"@id":"https:\/\/radioljubuski.ba\/index.php\/2021\/05\/27\/alilovic-na-pocetku-ni-sami-nismo-vjerovali-da-mozemo-dogurati-tako-daleko\/#breadcrumb"},"inLanguage":"hr","potentialAction":[{"@type":"ReadAction","target":["https:\/\/radioljubuski.ba\/index.php\/2021\/05\/27\/alilovic-na-pocetku-ni-sami-nismo-vjerovali-da-mozemo-dogurati-tako-daleko\/"]}]},{"@type":"ImageObject","inLanguage":"hr","@id":"https:\/\/radioljubuski.ba\/index.php\/2021\/05\/27\/alilovic-na-pocetku-ni-sami-nismo-vjerovali-da-mozemo-dogurati-tako-daleko\/#primaryimage","url":"https:\/\/radioljubuski.ba\/wp-content\/uploads\/2021\/04\/Domagoj-Alilovic-1600-150x150-1.jpg","contentUrl":"https:\/\/radioljubuski.ba\/wp-content\/uploads\/2021\/04\/Domagoj-Alilovic-1600-150x150-1.jpg","width":150,"height":150},{"@type":"BreadcrumbList","@id":"https:\/\/radioljubuski.ba\/index.php\/2021\/05\/27\/alilovic-na-pocetku-ni-sami-nismo-vjerovali-da-mozemo-dogurati-tako-daleko\/#breadcrumb","itemListElement":[{"@type":"ListItem","position":1,"name":"Po\u010detna stranica","item":"https:\/\/radioljubuski.ba\/"},{"@type":"ListItem","position":2,"name":"Alilovi\u0107: Na po\u010detku ni sami nismo vjerovali da mo\u017eemo dogurati tako daleko"}]},{"@type":"WebSite","@id":"https:\/\/radioljubuski.ba\/#website","url":"https:\/\/radioljubuski.ba\/","name":"Radio Ljubu\u0161ki","description":"Sun\u010dana frekvencija Hercegovine","publisher":{"@id":"https:\/\/radioljubuski.ba\/#organization"},"potentialAction":[{"@type":"SearchAction","target":{"@type":"EntryPoint","urlTemplate":"https:\/\/radioljubuski.ba\/?s={search_term_string}"},"query-input":{"@type":"PropertyValueSpecification","valueRequired":true,"valueName":"search_term_string"}}],"inLanguage":"hr"},{"@type":"Organization","@id":"https:\/\/radioljubuski.ba\/#organization","name":"Radio Ljubu\u0161ki","url":"https:\/\/radioljubuski.ba\/","logo":{"@type":"ImageObject","inLanguage":"hr","@id":"https:\/\/radioljubuski.ba\/#\/schema\/logo\/image\/","url":"https:\/\/radioljubuski.ba\/wp-content\/uploads\/2021\/02\/cropped-Radio_Ljubuski_logo1.jpg","contentUrl":"https:\/\/radioljubuski.ba\/wp-content\/uploads\/2021\/02\/cropped-Radio_Ljubuski_logo1.jpg","width":512,"height":512,"caption":"Radio Ljubu\u0161ki"},"image":{"@id":"https:\/\/radioljubuski.ba\/#\/schema\/logo\/image\/"},"sameAs":["https:\/\/www.facebook.com\/Radiio-Ljubuski-1490835324566332","https:\/\/x.com\/radioljubuski","https:\/\/hr.linkedin.com\/company\/radio-ljubuski","https:\/\/www.youtube.com\/channel\/UCHYaeO_n0Db3tjNGudGpXyw"]},{"@type":"Person","@id":"https:\/\/radioljubuski.ba\/#\/schema\/person\/19fc700381a780f69665d7956c469e3b","name":"Radio Ljubu\u0161ki"}]}},"_links":{"self":[{"href":"https:\/\/radioljubuski.ba\/index.php\/wp-json\/wp\/v2\/posts\/25505","targetHints":{"allow":["GET"]}}],"collection":[{"href":"https:\/\/radioljubuski.ba\/index.php\/wp-json\/wp\/v2\/posts"}],"about":[{"href":"https:\/\/radioljubuski.ba\/index.php\/wp-json\/wp\/v2\/types\/post"}],"author":[{"embeddable":true,"href":"https:\/\/radioljubuski.ba\/index.php\/wp-json\/wp\/v2\/users\/2"}],"replies":[{"embeddable":true,"href":"https:\/\/radioljubuski.ba\/index.php\/wp-json\/wp\/v2\/comments?post=25505"}],"version-history":[{"count":1,"href":"https:\/\/radioljubuski.ba\/index.php\/wp-json\/wp\/v2\/posts\/25505\/revisions"}],"predecessor-version":[{"id":25506,"href":"https:\/\/radioljubuski.ba\/index.php\/wp-json\/wp\/v2\/posts\/25505\/revisions\/25506"}],"wp:featuredmedia":[{"embeddable":true,"href":"https:\/\/radioljubuski.ba\/index.php\/wp-json\/wp\/v2\/media\/11443"}],"wp:attachment":[{"href":"https:\/\/radioljubuski.ba\/index.php\/wp-json\/wp\/v2\/media?parent=25505"}],"wp:term":[{"taxonomy":"category","embeddable":true,"href":"https:\/\/radioljubuski.ba\/index.php\/wp-json\/wp\/v2\/categories?post=25505"},{"taxonomy":"post_tag","embeddable":true,"href":"https:\/\/radioljubuski.ba\/index.php\/wp-json\/wp\/v2\/tags?post=25505"}],"curies":[{"name":"wp","href":"https:\/\/api.w.org\/{rel}","templated":true}]}}