{"id":25513,"date":"2021-05-27T11:48:54","date_gmt":"2021-05-27T10:48:54","guid":{"rendered":"https:\/\/radioljubuski.ba\/?p=25513"},"modified":"2021-05-27T11:48:55","modified_gmt":"2021-05-27T10:48:55","slug":"helenisticki-grad-u-osanicima-kod-stoca-daorson-je-jos-nepoznanica-vrijeme-gradi-a-zaborav-razgraduje","status":"publish","type":"post","link":"https:\/\/radioljubuski.ba\/index.php\/2021\/05\/27\/helenisticki-grad-u-osanicima-kod-stoca-daorson-je-jos-nepoznanica-vrijeme-gradi-a-zaborav-razgraduje\/","title":{"rendered":"Helenisti\u010dki grad u O\u0161ani\u0107ima kod Stoca: Daorson je jo\u0161 nepoznanica, vrijeme gradi a zaborav razgra\u0111uje"},"content":{"rendered":"\n<p>Svaki posjet Daorsonu, helenisti\u010dkom gradu kojeg je gradilo ilirsko pleme Daorsi, nova je potvrda o znanju i mo\u0107i naroda koji su \u017eivjeli na podru\u010dju Hercegovine prije vi\u0161e od 2.000 godina.<\/p>\n\n\n\n<p>Zdravko Mari\u0107 jedan od istra\u017eiva\u010da ovoga lokaliteta u prilogu \u201eTeritorija plemena Daorsa\u201c (Slovo Gor\u010dina 1988\/89., str. 47-48.), navodi da je: \u201eGrad do\u017eivio najve\u0107i procvat u tre\u0107em i drugom stolje\u0107u stare ere, a oko sredine 1. stolje\u0107a st. e. bio je spaljen.<\/p>\n\n\n\n<p>Tvr\u0111ava s kiklopskim zidovima bila je sagra\u0111ena oko 300. g. st. e. Kako nigdje u bli\u017eoj i daljoj okolini ne postoje ostaci tako velikog grada niti utvr\u0111enja, prirodno je da ovaj grad smatramo centrom plemena Daorsa, bar od vremena kada je bila sagra\u0111ena tvr\u0111ava\u201c. Naziv Daorson potvr\u0111uju i prona\u0111eni nov\u010di\u0107i.<\/p>\n\n\n\n<figure class=\"wp-block-image\"><img decoding=\"async\" src=\"https:\/\/caportal.net\/wp-content\/uploads\/2021\/05\/Daorson-2.jpg\" alt=\"\"\/><\/figure>\n\n\n\n<p>Zavirili smo malo i u akte vezane za progla\u0161enje Daorsona nacionalnim spomenikom Bosne i Hercegovine. Odluka o progla\u0161enju objavljena je u \u201eSlu\u017ebenom glasniku BiH\u201c, broj 15\/03., a donesena je na sjednici Povjerenstva za o\u010duvanje nacionalnih spomenika odr\u017eanoj od 21. do 27. Sije\u010dnja 2003. godine, pi\u0161e&nbsp;<a href=\"http:\/\/www.radio-capljina.com\/kultura\/item\/2631-svaki-posjet-daorsonu-helenistickom-gradu-kojeg-je-gradilo-ilirsko-pleme-daorsi-nova-je-potvrda-o-znanju-i-moci-naroda-koji-su-zivjeli-na-podrucju-hercegovine-prije-vise-od-2-000-godina.html\" target=\"_blank\" rel=\"noreferrer noopener\">Radio \u010capljina<\/a>. Odluka glasi: \u201eArheolo\u0161ko podru\u010dje \u2013 helenisti\u010dki grad Daorson u O\u0161ani\u0107ima kod Stoca progla\u0161ava se nacionalnim spomenikom Bosne i Hercegovine. Nacionalni spomenik se nalazi na k. \u010d. br. 361\/1., k. o. O\u0161ani\u0107i, op\u0107ina Stolac\u2026 Prvi stupanj za\u0161tite obuhva\u0107a k. \u010d. 361\/1 pa\u0161njak Banje, zatim pa\u0161njak Gorica, a na zapadnoj strani zahva\u0107a podru\u010dje \u0161irine 50 m desne obale rijeke Radimlje\u201c.<\/p>\n\n\n\n<p><strong>O\u0161ani\u0107i ili O\u0161anji\u0107i<\/strong><\/p>\n\n\n\n<p>U stavku I. jo\u0161 stoji da se \u201ena nacionalni spomenik primjenjuje mjera za\u0161tite i rehabilitacije utvr\u0111ena Zakonom o provedbi odluka Povjerenstva za za\u0161titu nacionalnih spomenika, dok se u stavku II. adresira tko bi trebao brinuti o \u201eza\u0161titi i rehabilitaciji\u201c: \u201eVlada Federacije BiH du\u017ena je osigurati pravne, znanstvene, tehni\u010dke, administrativne i financijske mjere za za\u0161titu konzervaciju, prezentaciju i rehabilitaciju nacionalnog spomenika\u201c.<\/p>\n\n\n\n<p>U \u010dlanku dalje stoji: \u201eVlada Federacije BiH du\u017ena je osigurati financijske i tehni\u010dke uvjete za izradbu i provedbu programa trajne za\u0161tite nacionalnog spomenika\u201c.<\/p>\n\n\n\n<p>Tako to pi\u0161e, a prema onome \u0161to se zna za sada, interes prema lokalitetu pokazala je jedino Udruga gra\u0111ana \u201eDaorson\u201c O\u0161anji\u0107i (lokalni naziv o\u010dito nije O\u0161ani\u0107i nego O\u0161anji\u0107i). Koncem pro\u0161log stolje\u0107a do Daorsona se dolazilo pje\u0161ice, kroz ograde.<\/p>\n\n\n\n<figure class=\"wp-block-image\"><img decoding=\"async\" src=\"https:\/\/caportal.net\/wp-content\/uploads\/2021\/05\/Daorson-3.jpg\" alt=\"\"\/><\/figure>\n\n\n\n<p>U me\u0111uvremenu je napravljen prilazni makadamski put, opremljen vidikovac, ulazna kapija na lokalitet, ku\u0107ica za osiguranje u perspektivni za davanje podataka posjetiteljima koji bi pla\u0107ali karte i sli\u010dno.<\/p>\n\n\n\n<p>Danas su od svega toga ostali samo tragovi. Ku\u0107ica je zapaljena, kapija nestala kao i klupe na odmori\u0161tu, tako da se jo\u0161 jednom potvrdila ru\u0161ila\u010dka mo\u0107 ovda\u0161njih naroda. Tako je bilo i prije pet, \u0161est godina kada smo predlagali da se prilaz lokalitetu blokira pjesmom ili betonskim blokovima, kako bi se manje vr\u0161ljalo s detektorima metala, uzimalo obra\u0111eno kamenje i sli\u010dno.<\/p>\n\n\n\n<p><strong>Prekograni\u010dna suradnja<\/strong><\/p>\n\n\n\n<p>Nakon svakog novog ushita pogledom na megalitske zidove Daorsona, slijedi razo\u010daranje stanjem u kojem se nalazi. Obi\u0161li smo \u0161ire podru\u010dje koje je navedeno u odluci o progla\u0161enju nacionalnim spomenikom, i nakon svega lai\u010dki zaklju\u010dili da je Daorson jo\u0161 uvijek nepoznanica. Primjerice, za Daorse o\u010dito va\u017eni objekti mogu\u0107e i hram, nalaze se sjeveroisto\u010dno od samog grada.<\/p>\n\n\n\n<p>Cijelo podru\u010dje ispresijecano je zidovima, a veliko iznena\u0111enje su gra\u0111evine u podno\u017eju uz rijeku Radimlju, koja ima vode kada padaju ki\u0161e. Nejasno je kome i \u010demu su pripadale \u2013 Ilirima, Rimljanima\u2026, tek djeluju zagonetno, a i sama \u010dinjenica da je i desna strana Radimlje, pedeset metara uz korito, progla\u0161ena nacionalnim spomenikom daje puno vi\u0161e pitanja nego odgovora.<\/p>\n\n\n\n<p>I na kraju, \u0161to re\u0107i, u Odluci o progla\u0161enju nacionalnim spomenikom odgovornost za o\u010duvanje i konzervaciju ovoga unikata Hercegovine&nbsp;stavljena je na Vladu Federacije, me\u0111utim kako nam vlada poslovi\u010dno nije brza, mo\u017eemo samo konstatirati da bi kao na primjeru tvr\u0111ave hercega Stjepana u Ljubu\u0161kom, spas za Daorson bili projekti prekograni\u010dne suradnje.<\/p>\n\n\n\n<p>Cijenimo da bi se na taj na\u010din bez ve\u0107ih problema, ali uz studioznu i opse\u017enu pripremu, bez problema mogla dobiti sredstva, dodaje&nbsp;<a href=\"http:\/\/www.radio-capljina.com\/kultura\/item\/2631-svaki-posjet-daorsonu-helenistickom-gradu-kojeg-je-gradilo-ilirsko-pleme-daorsi-nova-je-potvrda-o-znanju-i-moci-naroda-koji-su-zivjeli-na-podrucju-hercegovine-prije-vise-od-2-000-godina.html\" target=\"_blank\" rel=\"noreferrer noopener\">Radio \u010capljina<\/a>.<\/p>\n\n\n\n<p>Izvor: Dnevnik.ba<\/p>\n","protected":false},"excerpt":{"rendered":"<p>Svaki posjet Daorsonu, helenisti\u010dkom gradu kojeg je gradilo ilirsko pleme Daorsi, nova je potvrda o znanju i mo\u0107i naroda koji su \u017eivjeli na podru\u010dju Hercegovine prije vi\u0161e od 2.000 godina. Zdravko Mari\u0107 jedan od istra\u017eiva\u010da ovoga lokaliteta u prilogu \u201eTeritorija plemena Daorsa\u201c (Slovo Gor\u010dina 1988\/89., str. 47-48.), navodi da je: \u201eGrad do\u017eivio najve\u0107i procvat u [&hellip;]<\/p>\n","protected":false},"author":2,"featured_media":25514,"comment_status":"closed","ping_status":"closed","sticky":false,"template":"","format":"standard","meta":{"h5ap_radio_sources":[],"footnotes":""},"categories":[1],"tags":[],"class_list":["post-25513","post","type-post","status-publish","format-standard","has-post-thumbnail","hentry","category-bihiregija"],"yoast_head":"<!-- This site is optimized with the Yoast SEO plugin v27.4 - https:\/\/yoast.com\/product\/yoast-seo-wordpress\/ -->\n<title>Helenisti\u010dki grad u O\u0161ani\u0107ima kod Stoca: Daorson je jo\u0161 nepoznanica, vrijeme gradi a zaborav razgra\u0111uje - RADIO LJUBU\u0160KI<\/title>\n<meta name=\"robots\" content=\"index, follow, max-snippet:-1, max-image-preview:large, max-video-preview:-1\" \/>\n<link rel=\"canonical\" href=\"https:\/\/radioljubuski.ba\/index.php\/2021\/05\/27\/helenisticki-grad-u-osanicima-kod-stoca-daorson-je-jos-nepoznanica-vrijeme-gradi-a-zaborav-razgraduje\/\" \/>\n<meta property=\"og:locale\" content=\"hr_HR\" \/>\n<meta property=\"og:type\" content=\"article\" \/>\n<meta property=\"og:title\" content=\"Helenisti\u010dki grad u O\u0161ani\u0107ima kod Stoca: Daorson je jo\u0161 nepoznanica, vrijeme gradi a zaborav razgra\u0111uje - RADIO LJUBU\u0160KI\" \/>\n<meta property=\"og:description\" content=\"Svaki posjet Daorsonu, helenisti\u010dkom gradu kojeg je gradilo ilirsko pleme Daorsi, nova je potvrda o znanju i mo\u0107i naroda koji su \u017eivjeli na podru\u010dju Hercegovine prije vi\u0161e od 2.000 godina. Zdravko Mari\u0107 jedan od istra\u017eiva\u010da ovoga lokaliteta u prilogu \u201eTeritorija plemena Daorsa\u201c (Slovo Gor\u010dina 1988\/89., str. 47-48.), navodi da je: \u201eGrad do\u017eivio najve\u0107i procvat u [&hellip;]\" \/>\n<meta property=\"og:url\" content=\"https:\/\/radioljubuski.ba\/index.php\/2021\/05\/27\/helenisticki-grad-u-osanicima-kod-stoca-daorson-je-jos-nepoznanica-vrijeme-gradi-a-zaborav-razgraduje\/\" \/>\n<meta property=\"og:site_name\" content=\"RADIO LJUBU\u0160KI\" \/>\n<meta property=\"article:publisher\" content=\"https:\/\/www.facebook.com\/Radiio-Ljubuski-1490835324566332\" \/>\n<meta property=\"article:published_time\" content=\"2021-05-27T10:48:54+00:00\" \/>\n<meta property=\"article:modified_time\" content=\"2021-05-27T10:48:55+00:00\" \/>\n<meta property=\"og:image\" content=\"https:\/\/radioljubuski.ba\/wp-content\/uploads\/2021\/05\/daorson-1-696x463-1.jpg\" \/>\n\t<meta property=\"og:image:width\" content=\"840\" \/>\n\t<meta property=\"og:image:height\" content=\"470\" \/>\n\t<meta property=\"og:image:type\" content=\"image\/jpeg\" \/>\n<meta name=\"author\" content=\"Radio Ljubu\u0161ki\" \/>\n<meta name=\"twitter:card\" content=\"summary_large_image\" \/>\n<meta name=\"twitter:creator\" content=\"@radioljubuski\" \/>\n<meta name=\"twitter:site\" content=\"@radioljubuski\" \/>\n<meta name=\"twitter:label1\" content=\"Napisao\/la\" \/>\n\t<meta name=\"twitter:data1\" content=\"Radio Ljubu\u0161ki\" \/>\n\t<meta name=\"twitter:label2\" content=\"Procijenjeno vrijeme \u010ditanja\" \/>\n\t<meta name=\"twitter:data2\" content=\"4 minute\" \/>\n<script type=\"application\/ld+json\" class=\"yoast-schema-graph\">{\"@context\":\"https:\\\/\\\/schema.org\",\"@graph\":[{\"@type\":\"Article\",\"@id\":\"https:\\\/\\\/radioljubuski.ba\\\/index.php\\\/2021\\\/05\\\/27\\\/helenisticki-grad-u-osanicima-kod-stoca-daorson-je-jos-nepoznanica-vrijeme-gradi-a-zaborav-razgraduje\\\/#article\",\"isPartOf\":{\"@id\":\"https:\\\/\\\/radioljubuski.ba\\\/index.php\\\/2021\\\/05\\\/27\\\/helenisticki-grad-u-osanicima-kod-stoca-daorson-je-jos-nepoznanica-vrijeme-gradi-a-zaborav-razgraduje\\\/\"},\"author\":{\"name\":\"Radio Ljubu\u0161ki\",\"@id\":\"https:\\\/\\\/radioljubuski.ba\\\/#\\\/schema\\\/person\\\/19fc700381a780f69665d7956c469e3b\"},\"headline\":\"Helenisti\u010dki grad u O\u0161ani\u0107ima kod Stoca: Daorson je jo\u0161 nepoznanica, vrijeme gradi a zaborav razgra\u0111uje\",\"datePublished\":\"2021-05-27T10:48:54+00:00\",\"dateModified\":\"2021-05-27T10:48:55+00:00\",\"mainEntityOfPage\":{\"@id\":\"https:\\\/\\\/radioljubuski.ba\\\/index.php\\\/2021\\\/05\\\/27\\\/helenisticki-grad-u-osanicima-kod-stoca-daorson-je-jos-nepoznanica-vrijeme-gradi-a-zaborav-razgraduje\\\/\"},\"wordCount\":750,\"publisher\":{\"@id\":\"https:\\\/\\\/radioljubuski.ba\\\/#organization\"},\"image\":{\"@id\":\"https:\\\/\\\/radioljubuski.ba\\\/index.php\\\/2021\\\/05\\\/27\\\/helenisticki-grad-u-osanicima-kod-stoca-daorson-je-jos-nepoznanica-vrijeme-gradi-a-zaborav-razgraduje\\\/#primaryimage\"},\"thumbnailUrl\":\"https:\\\/\\\/radioljubuski.ba\\\/wp-content\\\/uploads\\\/2021\\\/05\\\/daorson-1-696x463-1.jpg\",\"articleSection\":[\"BIH i regija\"],\"inLanguage\":\"hr\"},{\"@type\":\"WebPage\",\"@id\":\"https:\\\/\\\/radioljubuski.ba\\\/index.php\\\/2021\\\/05\\\/27\\\/helenisticki-grad-u-osanicima-kod-stoca-daorson-je-jos-nepoznanica-vrijeme-gradi-a-zaborav-razgraduje\\\/\",\"url\":\"https:\\\/\\\/radioljubuski.ba\\\/index.php\\\/2021\\\/05\\\/27\\\/helenisticki-grad-u-osanicima-kod-stoca-daorson-je-jos-nepoznanica-vrijeme-gradi-a-zaborav-razgraduje\\\/\",\"name\":\"Helenisti\u010dki grad u O\u0161ani\u0107ima kod Stoca: Daorson je jo\u0161 nepoznanica, vrijeme gradi a zaborav razgra\u0111uje - RADIO LJUBU\u0160KI\",\"isPartOf\":{\"@id\":\"https:\\\/\\\/radioljubuski.ba\\\/#website\"},\"primaryImageOfPage\":{\"@id\":\"https:\\\/\\\/radioljubuski.ba\\\/index.php\\\/2021\\\/05\\\/27\\\/helenisticki-grad-u-osanicima-kod-stoca-daorson-je-jos-nepoznanica-vrijeme-gradi-a-zaborav-razgraduje\\\/#primaryimage\"},\"image\":{\"@id\":\"https:\\\/\\\/radioljubuski.ba\\\/index.php\\\/2021\\\/05\\\/27\\\/helenisticki-grad-u-osanicima-kod-stoca-daorson-je-jos-nepoznanica-vrijeme-gradi-a-zaborav-razgraduje\\\/#primaryimage\"},\"thumbnailUrl\":\"https:\\\/\\\/radioljubuski.ba\\\/wp-content\\\/uploads\\\/2021\\\/05\\\/daorson-1-696x463-1.jpg\",\"datePublished\":\"2021-05-27T10:48:54+00:00\",\"dateModified\":\"2021-05-27T10:48:55+00:00\",\"breadcrumb\":{\"@id\":\"https:\\\/\\\/radioljubuski.ba\\\/index.php\\\/2021\\\/05\\\/27\\\/helenisticki-grad-u-osanicima-kod-stoca-daorson-je-jos-nepoznanica-vrijeme-gradi-a-zaborav-razgraduje\\\/#breadcrumb\"},\"inLanguage\":\"hr\",\"potentialAction\":[{\"@type\":\"ReadAction\",\"target\":[\"https:\\\/\\\/radioljubuski.ba\\\/index.php\\\/2021\\\/05\\\/27\\\/helenisticki-grad-u-osanicima-kod-stoca-daorson-je-jos-nepoznanica-vrijeme-gradi-a-zaborav-razgraduje\\\/\"]}]},{\"@type\":\"ImageObject\",\"inLanguage\":\"hr\",\"@id\":\"https:\\\/\\\/radioljubuski.ba\\\/index.php\\\/2021\\\/05\\\/27\\\/helenisticki-grad-u-osanicima-kod-stoca-daorson-je-jos-nepoznanica-vrijeme-gradi-a-zaborav-razgraduje\\\/#primaryimage\",\"url\":\"https:\\\/\\\/radioljubuski.ba\\\/wp-content\\\/uploads\\\/2021\\\/05\\\/daorson-1-696x463-1.jpg\",\"contentUrl\":\"https:\\\/\\\/radioljubuski.ba\\\/wp-content\\\/uploads\\\/2021\\\/05\\\/daorson-1-696x463-1.jpg\",\"width\":840,\"height\":470},{\"@type\":\"BreadcrumbList\",\"@id\":\"https:\\\/\\\/radioljubuski.ba\\\/index.php\\\/2021\\\/05\\\/27\\\/helenisticki-grad-u-osanicima-kod-stoca-daorson-je-jos-nepoznanica-vrijeme-gradi-a-zaborav-razgraduje\\\/#breadcrumb\",\"itemListElement\":[{\"@type\":\"ListItem\",\"position\":1,\"name\":\"Po\u010detna stranica\",\"item\":\"https:\\\/\\\/radioljubuski.ba\\\/\"},{\"@type\":\"ListItem\",\"position\":2,\"name\":\"Helenisti\u010dki grad u O\u0161ani\u0107ima kod Stoca: Daorson je jo\u0161 nepoznanica, vrijeme gradi a zaborav razgra\u0111uje\"}]},{\"@type\":\"WebSite\",\"@id\":\"https:\\\/\\\/radioljubuski.ba\\\/#website\",\"url\":\"https:\\\/\\\/radioljubuski.ba\\\/\",\"name\":\"Radio Ljubu\u0161ki\",\"description\":\"Sun\u010dana frekvencija Hercegovine\",\"publisher\":{\"@id\":\"https:\\\/\\\/radioljubuski.ba\\\/#organization\"},\"potentialAction\":[{\"@type\":\"SearchAction\",\"target\":{\"@type\":\"EntryPoint\",\"urlTemplate\":\"https:\\\/\\\/radioljubuski.ba\\\/?s={search_term_string}\"},\"query-input\":{\"@type\":\"PropertyValueSpecification\",\"valueRequired\":true,\"valueName\":\"search_term_string\"}}],\"inLanguage\":\"hr\"},{\"@type\":\"Organization\",\"@id\":\"https:\\\/\\\/radioljubuski.ba\\\/#organization\",\"name\":\"Radio Ljubu\u0161ki\",\"url\":\"https:\\\/\\\/radioljubuski.ba\\\/\",\"logo\":{\"@type\":\"ImageObject\",\"inLanguage\":\"hr\",\"@id\":\"https:\\\/\\\/radioljubuski.ba\\\/#\\\/schema\\\/logo\\\/image\\\/\",\"url\":\"https:\\\/\\\/radioljubuski.ba\\\/wp-content\\\/uploads\\\/2021\\\/02\\\/cropped-Radio_Ljubuski_logo1.jpg\",\"contentUrl\":\"https:\\\/\\\/radioljubuski.ba\\\/wp-content\\\/uploads\\\/2021\\\/02\\\/cropped-Radio_Ljubuski_logo1.jpg\",\"width\":512,\"height\":512,\"caption\":\"Radio Ljubu\u0161ki\"},\"image\":{\"@id\":\"https:\\\/\\\/radioljubuski.ba\\\/#\\\/schema\\\/logo\\\/image\\\/\"},\"sameAs\":[\"https:\\\/\\\/www.facebook.com\\\/Radiio-Ljubuski-1490835324566332\",\"https:\\\/\\\/x.com\\\/radioljubuski\",\"https:\\\/\\\/hr.linkedin.com\\\/company\\\/radio-ljubuski\",\"https:\\\/\\\/www.youtube.com\\\/channel\\\/UCHYaeO_n0Db3tjNGudGpXyw\"]},{\"@type\":\"Person\",\"@id\":\"https:\\\/\\\/radioljubuski.ba\\\/#\\\/schema\\\/person\\\/19fc700381a780f69665d7956c469e3b\",\"name\":\"Radio Ljubu\u0161ki\"}]}<\/script>\n<!-- \/ Yoast SEO plugin. -->","yoast_head_json":{"title":"Helenisti\u010dki grad u O\u0161ani\u0107ima kod Stoca: Daorson je jo\u0161 nepoznanica, vrijeme gradi a zaborav razgra\u0111uje - RADIO LJUBU\u0160KI","robots":{"index":"index","follow":"follow","max-snippet":"max-snippet:-1","max-image-preview":"max-image-preview:large","max-video-preview":"max-video-preview:-1"},"canonical":"https:\/\/radioljubuski.ba\/index.php\/2021\/05\/27\/helenisticki-grad-u-osanicima-kod-stoca-daorson-je-jos-nepoznanica-vrijeme-gradi-a-zaborav-razgraduje\/","og_locale":"hr_HR","og_type":"article","og_title":"Helenisti\u010dki grad u O\u0161ani\u0107ima kod Stoca: Daorson je jo\u0161 nepoznanica, vrijeme gradi a zaborav razgra\u0111uje - RADIO LJUBU\u0160KI","og_description":"Svaki posjet Daorsonu, helenisti\u010dkom gradu kojeg je gradilo ilirsko pleme Daorsi, nova je potvrda o znanju i mo\u0107i naroda koji su \u017eivjeli na podru\u010dju Hercegovine prije vi\u0161e od 2.000 godina. Zdravko Mari\u0107 jedan od istra\u017eiva\u010da ovoga lokaliteta u prilogu \u201eTeritorija plemena Daorsa\u201c (Slovo Gor\u010dina 1988\/89., str. 47-48.), navodi da je: \u201eGrad do\u017eivio najve\u0107i procvat u [&hellip;]","og_url":"https:\/\/radioljubuski.ba\/index.php\/2021\/05\/27\/helenisticki-grad-u-osanicima-kod-stoca-daorson-je-jos-nepoznanica-vrijeme-gradi-a-zaborav-razgraduje\/","og_site_name":"RADIO LJUBU\u0160KI","article_publisher":"https:\/\/www.facebook.com\/Radiio-Ljubuski-1490835324566332","article_published_time":"2021-05-27T10:48:54+00:00","article_modified_time":"2021-05-27T10:48:55+00:00","og_image":[{"width":840,"height":470,"url":"https:\/\/radioljubuski.ba\/wp-content\/uploads\/2021\/05\/daorson-1-696x463-1.jpg","type":"image\/jpeg"}],"author":"Radio Ljubu\u0161ki","twitter_card":"summary_large_image","twitter_creator":"@radioljubuski","twitter_site":"@radioljubuski","twitter_misc":{"Napisao\/la":"Radio Ljubu\u0161ki","Procijenjeno vrijeme \u010ditanja":"4 minute"},"schema":{"@context":"https:\/\/schema.org","@graph":[{"@type":"Article","@id":"https:\/\/radioljubuski.ba\/index.php\/2021\/05\/27\/helenisticki-grad-u-osanicima-kod-stoca-daorson-je-jos-nepoznanica-vrijeme-gradi-a-zaborav-razgraduje\/#article","isPartOf":{"@id":"https:\/\/radioljubuski.ba\/index.php\/2021\/05\/27\/helenisticki-grad-u-osanicima-kod-stoca-daorson-je-jos-nepoznanica-vrijeme-gradi-a-zaborav-razgraduje\/"},"author":{"name":"Radio Ljubu\u0161ki","@id":"https:\/\/radioljubuski.ba\/#\/schema\/person\/19fc700381a780f69665d7956c469e3b"},"headline":"Helenisti\u010dki grad u O\u0161ani\u0107ima kod Stoca: Daorson je jo\u0161 nepoznanica, vrijeme gradi a zaborav razgra\u0111uje","datePublished":"2021-05-27T10:48:54+00:00","dateModified":"2021-05-27T10:48:55+00:00","mainEntityOfPage":{"@id":"https:\/\/radioljubuski.ba\/index.php\/2021\/05\/27\/helenisticki-grad-u-osanicima-kod-stoca-daorson-je-jos-nepoznanica-vrijeme-gradi-a-zaborav-razgraduje\/"},"wordCount":750,"publisher":{"@id":"https:\/\/radioljubuski.ba\/#organization"},"image":{"@id":"https:\/\/radioljubuski.ba\/index.php\/2021\/05\/27\/helenisticki-grad-u-osanicima-kod-stoca-daorson-je-jos-nepoznanica-vrijeme-gradi-a-zaborav-razgraduje\/#primaryimage"},"thumbnailUrl":"https:\/\/radioljubuski.ba\/wp-content\/uploads\/2021\/05\/daorson-1-696x463-1.jpg","articleSection":["BIH i regija"],"inLanguage":"hr"},{"@type":"WebPage","@id":"https:\/\/radioljubuski.ba\/index.php\/2021\/05\/27\/helenisticki-grad-u-osanicima-kod-stoca-daorson-je-jos-nepoznanica-vrijeme-gradi-a-zaborav-razgraduje\/","url":"https:\/\/radioljubuski.ba\/index.php\/2021\/05\/27\/helenisticki-grad-u-osanicima-kod-stoca-daorson-je-jos-nepoznanica-vrijeme-gradi-a-zaborav-razgraduje\/","name":"Helenisti\u010dki grad u O\u0161ani\u0107ima kod Stoca: Daorson je jo\u0161 nepoznanica, vrijeme gradi a zaborav razgra\u0111uje - RADIO LJUBU\u0160KI","isPartOf":{"@id":"https:\/\/radioljubuski.ba\/#website"},"primaryImageOfPage":{"@id":"https:\/\/radioljubuski.ba\/index.php\/2021\/05\/27\/helenisticki-grad-u-osanicima-kod-stoca-daorson-je-jos-nepoznanica-vrijeme-gradi-a-zaborav-razgraduje\/#primaryimage"},"image":{"@id":"https:\/\/radioljubuski.ba\/index.php\/2021\/05\/27\/helenisticki-grad-u-osanicima-kod-stoca-daorson-je-jos-nepoznanica-vrijeme-gradi-a-zaborav-razgraduje\/#primaryimage"},"thumbnailUrl":"https:\/\/radioljubuski.ba\/wp-content\/uploads\/2021\/05\/daorson-1-696x463-1.jpg","datePublished":"2021-05-27T10:48:54+00:00","dateModified":"2021-05-27T10:48:55+00:00","breadcrumb":{"@id":"https:\/\/radioljubuski.ba\/index.php\/2021\/05\/27\/helenisticki-grad-u-osanicima-kod-stoca-daorson-je-jos-nepoznanica-vrijeme-gradi-a-zaborav-razgraduje\/#breadcrumb"},"inLanguage":"hr","potentialAction":[{"@type":"ReadAction","target":["https:\/\/radioljubuski.ba\/index.php\/2021\/05\/27\/helenisticki-grad-u-osanicima-kod-stoca-daorson-je-jos-nepoznanica-vrijeme-gradi-a-zaborav-razgraduje\/"]}]},{"@type":"ImageObject","inLanguage":"hr","@id":"https:\/\/radioljubuski.ba\/index.php\/2021\/05\/27\/helenisticki-grad-u-osanicima-kod-stoca-daorson-je-jos-nepoznanica-vrijeme-gradi-a-zaborav-razgraduje\/#primaryimage","url":"https:\/\/radioljubuski.ba\/wp-content\/uploads\/2021\/05\/daorson-1-696x463-1.jpg","contentUrl":"https:\/\/radioljubuski.ba\/wp-content\/uploads\/2021\/05\/daorson-1-696x463-1.jpg","width":840,"height":470},{"@type":"BreadcrumbList","@id":"https:\/\/radioljubuski.ba\/index.php\/2021\/05\/27\/helenisticki-grad-u-osanicima-kod-stoca-daorson-je-jos-nepoznanica-vrijeme-gradi-a-zaborav-razgraduje\/#breadcrumb","itemListElement":[{"@type":"ListItem","position":1,"name":"Po\u010detna stranica","item":"https:\/\/radioljubuski.ba\/"},{"@type":"ListItem","position":2,"name":"Helenisti\u010dki grad u O\u0161ani\u0107ima kod Stoca: Daorson je jo\u0161 nepoznanica, vrijeme gradi a zaborav razgra\u0111uje"}]},{"@type":"WebSite","@id":"https:\/\/radioljubuski.ba\/#website","url":"https:\/\/radioljubuski.ba\/","name":"Radio Ljubu\u0161ki","description":"Sun\u010dana frekvencija Hercegovine","publisher":{"@id":"https:\/\/radioljubuski.ba\/#organization"},"potentialAction":[{"@type":"SearchAction","target":{"@type":"EntryPoint","urlTemplate":"https:\/\/radioljubuski.ba\/?s={search_term_string}"},"query-input":{"@type":"PropertyValueSpecification","valueRequired":true,"valueName":"search_term_string"}}],"inLanguage":"hr"},{"@type":"Organization","@id":"https:\/\/radioljubuski.ba\/#organization","name":"Radio Ljubu\u0161ki","url":"https:\/\/radioljubuski.ba\/","logo":{"@type":"ImageObject","inLanguage":"hr","@id":"https:\/\/radioljubuski.ba\/#\/schema\/logo\/image\/","url":"https:\/\/radioljubuski.ba\/wp-content\/uploads\/2021\/02\/cropped-Radio_Ljubuski_logo1.jpg","contentUrl":"https:\/\/radioljubuski.ba\/wp-content\/uploads\/2021\/02\/cropped-Radio_Ljubuski_logo1.jpg","width":512,"height":512,"caption":"Radio Ljubu\u0161ki"},"image":{"@id":"https:\/\/radioljubuski.ba\/#\/schema\/logo\/image\/"},"sameAs":["https:\/\/www.facebook.com\/Radiio-Ljubuski-1490835324566332","https:\/\/x.com\/radioljubuski","https:\/\/hr.linkedin.com\/company\/radio-ljubuski","https:\/\/www.youtube.com\/channel\/UCHYaeO_n0Db3tjNGudGpXyw"]},{"@type":"Person","@id":"https:\/\/radioljubuski.ba\/#\/schema\/person\/19fc700381a780f69665d7956c469e3b","name":"Radio Ljubu\u0161ki"}]}},"_links":{"self":[{"href":"https:\/\/radioljubuski.ba\/index.php\/wp-json\/wp\/v2\/posts\/25513","targetHints":{"allow":["GET"]}}],"collection":[{"href":"https:\/\/radioljubuski.ba\/index.php\/wp-json\/wp\/v2\/posts"}],"about":[{"href":"https:\/\/radioljubuski.ba\/index.php\/wp-json\/wp\/v2\/types\/post"}],"author":[{"embeddable":true,"href":"https:\/\/radioljubuski.ba\/index.php\/wp-json\/wp\/v2\/users\/2"}],"replies":[{"embeddable":true,"href":"https:\/\/radioljubuski.ba\/index.php\/wp-json\/wp\/v2\/comments?post=25513"}],"version-history":[{"count":1,"href":"https:\/\/radioljubuski.ba\/index.php\/wp-json\/wp\/v2\/posts\/25513\/revisions"}],"predecessor-version":[{"id":25515,"href":"https:\/\/radioljubuski.ba\/index.php\/wp-json\/wp\/v2\/posts\/25513\/revisions\/25515"}],"wp:featuredmedia":[{"embeddable":true,"href":"https:\/\/radioljubuski.ba\/index.php\/wp-json\/wp\/v2\/media\/25514"}],"wp:attachment":[{"href":"https:\/\/radioljubuski.ba\/index.php\/wp-json\/wp\/v2\/media?parent=25513"}],"wp:term":[{"taxonomy":"category","embeddable":true,"href":"https:\/\/radioljubuski.ba\/index.php\/wp-json\/wp\/v2\/categories?post=25513"},{"taxonomy":"post_tag","embeddable":true,"href":"https:\/\/radioljubuski.ba\/index.php\/wp-json\/wp\/v2\/tags?post=25513"}],"curies":[{"name":"wp","href":"https:\/\/api.w.org\/{rel}","templated":true}]}}